{"id":171067,"date":"2026-06-21T10:06:26","date_gmt":"2026-06-21T08:06:26","guid":{"rendered":"https:\/\/www.bellunopress.it\/?p=171067"},"modified":"2026-06-21T19:05:33","modified_gmt":"2026-06-21T17:05:33","slug":"valmorel-sotto-le-stelle-unestate-di-traguardi-tra-memoria-musica-e-comunita","status":"publish","type":"post","link":"https:\/\/www.bellunopress.it\/fr\/2026\/06\/21\/valmorel-sotto-le-stelle-unestate-di-traguardi-tra-memoria-musica-e-comunita\/","title":{"rendered":"Valmorel sotto le stelle: un\u2019estate di traguardi tra memoria, musica e comunit\u00e0"},"content":{"rendered":"<p data-path-to-node=\"3\"><b data-path-to-node=\"3\" data-index-in-node=\"0\">Dal 5 luglio al 3 ottobre, la frazione che ispir\u00f2 Dino Buzzati torna protagonista con un cartellone di eventi straordinario per longevit\u00e0 e partecipazione. Si celebrano i 30 anni dalla fondazione dell&#8217;associazione.<\/b><\/p>\n<p data-path-to-node=\"4\">Valmorel (Limana) \u2013 C\u2019\u00e8 un luogo, tra le montagne bellunesi, dove i &#8220;Miracoli&#8221; descritti da Dino Buzzati sembrano rivivere ogni anno, non per magia, ma grazie a una comunit\u00e0 instancabile. \u00c8 Valmorel, che si appresta a vivere un\u2019estate da record: la rassegna &#8220;Valmorel sotto le stelle&#8221; taglia quest&#8217;anno un traguardo fondamentale, festeggiando i 30 anni dalla nascita del gruppo che ha fondato l\u2019associazione.<\/p>\n<p data-path-to-node=\"5\">Un obiettivo tutt\u2019altro che scontato per una realt\u00e0 di montagna, dove mantenere vivo un cartellone cos\u00ec ricco e longevo richiede una dedizione fuori dal comune. <i data-path-to-node=\"5\" data-index-in-node=\"161\">&#8220;Costruire un programma del genere significa mettere insieme un sacco di energie e persone&#8221;<\/i>, sottolinea Paolo Tormen, evidenziando come il cuore pulsante di tutto sia lo spirito di coesione che anima il comitato frazionale.<\/p>\n<h3 data-path-to-node=\"6\">Un avvio intenso tra sport e memoria<\/h3>\n<p data-path-to-node=\"7\">La rassegna, che si snoder\u00e0 fino al 3 ottobre, si apre con due fine settimana carichi di significato. Il sipario si alza il 4 e 5 luglio con la 21\u00aa edizione del torneo di calcio frazionale, dedicato al &#8220;4\u00b0 memorial Billy Sommacal&#8221;.<\/p>\n<p data-path-to-node=\"8\">Il momento clou \u00e8 previsto per sabato 4 luglio:<\/p>\n<ul data-path-to-node=\"9\">\n<li>\n<p data-path-to-node=\"9,0,0\">Ore 15:00: Inaugurazione del nuovo punto informativo accanto alla Locanda di Valmorel, realizzato grazie al sostegno della Fondazione &#8220;Elserino Piol&#8221;.<\/p>\n<\/li>\n<li>\n<p data-path-to-node=\"9,1,0\">Ore 15:30: Inaugurazione della mostra fotografica &#8220;Quando c&#8217;era la neve&#8221;, organizzata in collaborazione con il comitato di Giaon e lo Sci Club Limana. Allestita lungo il suggestivo percorso delle Malghe, l\u2019esposizione conta una trentina di gigantografie. Non si tratta solo di nostalgia per le nevicate di un tempo, ma di un tributo allo spirito di unione di centinaia di volontari che, a partire dagli anni &#8217;80, hanno saputo trasformare un territorio in un laboratorio di sport invernali.<\/p>\n<\/li>\n<li>\n<p data-path-to-node=\"9,2,0\">Ore 20:30 (Cortivo Ottaviani): Spettacolo &#8220;CANTASTORIE (prove di&#8230;)&#8221;. Max Solinas (voce narrante) e Nicola Spina Pilat (chitarra e voce) porteranno il pubblico in un viaggio intimo tra musica e parole, esplorando temi come il silenzio, la guerra e la libert\u00e0.<\/p>\n<\/li>\n<\/ul>\n<h3 data-path-to-node=\"10\">Verso il cuore dell&#8217;estate: il valore del &#8220;Prendersi cura&#8221;<\/h3>\n<p data-path-to-node=\"11\">Il secondo weekend di luglio sar\u00e0 dedicato al tema del &#8220;Prendersi cura&#8221;:<\/p>\n<ul data-path-to-node=\"12\">\n<li>\n<p data-path-to-node=\"12,0,0\">Venerd\u00ec 10 luglio (Centro Culturale Vej\u00f2): Simona Poli e Matteo Piva racconteranno l&#8217;esperienza vissuta nel loro viaggio di 11 mesi in Sud America, zaino in spalla.<\/p>\n<\/li>\n<li>\n<p data-path-to-node=\"12,1,0\">Sabato 11 luglio (Cortivo Ottaviani): La serata clou per celebrare i &#8220;30 anni insieme&#8230; sotto le stelle&#8221; con l&#8217;amica speciale di Valmorel, Erica Boschiero, che presenter\u00e0 il concerto &#8220;Un posto sulla terra&#8221;. Un evento che intreccia musica, natura e responsabilit\u00e0 collettiva, confermando l&#8217;artista come una delle voci pi\u00f9 profonde del panorama italiano.<\/p>\n<\/li>\n<\/ul>\n<h3 data-path-to-node=\"13\">Un impegno gratuito e consapevole<\/h3>\n<p data-path-to-node=\"14\">Tutti gli appuntamenti della rassegna sono, come da tradizione, a ingresso gratuito con offerta libera e consapevole. Un gesto che ribadisce la volont\u00e0 di rendere la cultura e la convivialit\u00e0 accessibili a tutti.<\/p>\n<p data-path-to-node=\"15\">Dopo questo avvio scoppiettante, il calendario di &#8220;Valmorel sotto le stelle&#8221; proseguir\u00e0 con numerosi appuntamenti durante i mesi di agosto, settembre e ottobre. La comunit\u00e0 di Valmorel vi aspetta: per celebrare la storia, ma soprattutto per continuare a scriverne insieme una nuova pagina.<\/p>\n<p data-path-to-node=\"17\"><i data-path-to-node=\"17\" data-index-in-node=\"0\">Per rimanere aggiornati sui prossimi appuntamenti e sui dettagli del programma, continuate a seguire i canali ufficiali del Comitato Frazionale di Valmorel.<\/i><\/p>","protected":false},"excerpt":{"rendered":"<p>Dal 5 luglio al 3 ottobre, la frazione che ispir\u00f2 Dino Buzzati torna protagonista con un cartellone di eventi straordinario per longevit\u00e0 e partecipazione. Si celebrano i 30 anni dalla fondazione dell&#8217;associazione. Valmorel (Limana) \u2013 C\u2019\u00e8 un luogo, tra le montagne bellunesi, dove i &#8220;Miracoli&#8221; descritti da Dino Buzzati sembrano rivivere ogni anno, non per [&hellip;]<\/p>\n","protected":false},"author":2,"featured_media":171068,"comment_status":"closed","ping_status":"open","sticky":false,"template":"","format":"standard","meta":{"footnotes":""},"categories":[25,8,4],"tags":[],"class_list":["post-171067","post","type-post","status-publish","format-standard","has-post-thumbnail","category-pausa-caffe","category-societa-istituzioni","category-sport"],"yoast_head":"<!-- This site is optimized with the Yoast SEO plugin v28.4 - https:\/\/yoast.com\/product\/yoast-seo-wordpress\/ -->\n<title>Valmorel sotto le stelle: un\u2019estate di traguardi tra memoria, musica e comunit\u00e0 - Bellunopress - Dolomiti<\/title>\n<meta name=\"robots\" content=\"index, follow, max-snippet:-1, max-image-preview:large, max-video-preview:-1\" \/>\n<link rel=\"canonical\" href=\"https:\/\/www.bellunopress.it\/fr\/2026\/06\/21\/valmorel-sotto-le-stelle-unestate-di-traguardi-tra-memoria-musica-e-comunita\/\" \/>\n<meta property=\"og:locale\" content=\"fr_FR\" \/>\n<meta property=\"og:type\" content=\"article\" \/>\n<meta property=\"og:title\" content=\"Valmorel sotto le stelle: un\u2019estate di traguardi tra memoria, musica e comunit\u00e0 - Bellunopress - Dolomiti\" \/>\n<meta property=\"og:description\" content=\"Dal 5 luglio al 3 ottobre, la frazione che ispir\u00f2 Dino Buzzati torna protagonista con un cartellone di eventi straordinario per longevit\u00e0 e partecipazione. Si celebrano i 30 anni dalla fondazione dell&#8217;associazione. Valmorel (Limana) \u2013 C\u2019\u00e8 un luogo, tra le montagne bellunesi, dove i &#8220;Miracoli&#8221; descritti da Dino Buzzati sembrano rivivere ogni anno, non per [&hellip;]\" \/>\n<meta property=\"og:url\" content=\"https:\/\/www.bellunopress.it\/fr\/2026\/06\/21\/valmorel-sotto-le-stelle-unestate-di-traguardi-tra-memoria-musica-e-comunita\/\" \/>\n<meta property=\"og:site_name\" content=\"Bellunopress - Dolomiti\" \/>\n<meta property=\"article:publisher\" content=\"https:\/\/www.facebook.com\/profile.php?id=100008943462799\" \/>\n<meta property=\"article:published_time\" content=\"2026-06-21T08:06:26+00:00\" \/>\n<meta property=\"article:modified_time\" content=\"2026-06-21T17:05:33+00:00\" \/>\n<meta property=\"og:image\" content=\"https:\/\/www.bellunopress.it\/wp-content\/uploads\/2026\/06\/valmorel-sotto-le-stelle.jpg\" \/>\n\t<meta property=\"og:image:width\" content=\"360\" \/>\n\t<meta property=\"og:image:height\" content=\"600\" \/>\n\t<meta property=\"og:image:type\" content=\"image\/jpeg\" \/>\n<meta name=\"author\" content=\"redazione\" \/>\n<meta name=\"twitter:card\" content=\"summary_large_image\" \/>\n<meta name=\"twitter:creator\" content=\"@bellunopress\" \/>\n<meta name=\"twitter:site\" content=\"@bellunopress\" \/>\n<meta name=\"twitter:label1\" content=\"Written by\" \/>\n\t<meta name=\"twitter:data1\" content=\"redazione\" \/>\n\t<meta name=\"twitter:label2\" content=\"Est. reading time\" \/>\n\t<meta name=\"twitter:data2\" content=\"4 minutes\" \/>\n<script type=\"application\/ld+json\" class=\"yoast-schema-graph\">{\"@context\":\"https:\\\/\\\/schema.org\",\"@graph\":[{\"@type\":\"Article\",\"@id\":\"https:\\\/\\\/www.bellunopress.it\\\/2026\\\/06\\\/21\\\/valmorel-sotto-le-stelle-unestate-di-traguardi-tra-memoria-musica-e-comunita\\\/#article\",\"isPartOf\":{\"@id\":\"https:\\\/\\\/www.bellunopress.it\\\/2026\\\/06\\\/21\\\/valmorel-sotto-le-stelle-unestate-di-traguardi-tra-memoria-musica-e-comunita\\\/\"},\"author\":{\"name\":\"redazione\",\"@id\":\"https:\\\/\\\/www.bellunopress.it\\\/#\\\/schema\\\/person\\\/79bb06722b37ece1c03d3e94beb30d73\"},\"headline\":\"Valmorel sotto le stelle: un\u2019estate di traguardi tra memoria, musica e comunit\u00e0\",\"datePublished\":\"2026-06-21T08:06:26+00:00\",\"dateModified\":\"2026-06-21T17:05:33+00:00\",\"mainEntityOfPage\":{\"@id\":\"https:\\\/\\\/www.bellunopress.it\\\/2026\\\/06\\\/21\\\/valmorel-sotto-le-stelle-unestate-di-traguardi-tra-memoria-musica-e-comunita\\\/\"},\"wordCount\":554,\"publisher\":{\"@id\":\"https:\\\/\\\/www.bellunopress.it\\\/#organization\"},\"image\":{\"@id\":\"https:\\\/\\\/www.bellunopress.it\\\/2026\\\/06\\\/21\\\/valmorel-sotto-le-stelle-unestate-di-traguardi-tra-memoria-musica-e-comunita\\\/#primaryimage\"},\"thumbnailUrl\":\"https:\\\/\\\/www.bellunopress.it\\\/wp-content\\\/uploads\\\/2026\\\/06\\\/valmorel-sotto-le-stelle.jpg\",\"articleSection\":[\"Pausa Caff\u00e8\",\"Societ\u00e0, Associazioni, Istituzioni\",\"Sport, tempo libero\"],\"inLanguage\":\"fr-FR\"},{\"@type\":\"WebPage\",\"@id\":\"https:\\\/\\\/www.bellunopress.it\\\/2026\\\/06\\\/21\\\/valmorel-sotto-le-stelle-unestate-di-traguardi-tra-memoria-musica-e-comunita\\\/\",\"url\":\"https:\\\/\\\/www.bellunopress.it\\\/2026\\\/06\\\/21\\\/valmorel-sotto-le-stelle-unestate-di-traguardi-tra-memoria-musica-e-comunita\\\/\",\"name\":\"Valmorel sotto le stelle: un\u2019estate di traguardi tra memoria, musica e comunit\u00e0 - Bellunopress - Dolomiti\",\"isPartOf\":{\"@id\":\"https:\\\/\\\/www.bellunopress.it\\\/#website\"},\"primaryImageOfPage\":{\"@id\":\"https:\\\/\\\/www.bellunopress.it\\\/2026\\\/06\\\/21\\\/valmorel-sotto-le-stelle-unestate-di-traguardi-tra-memoria-musica-e-comunita\\\/#primaryimage\"},\"image\":{\"@id\":\"https:\\\/\\\/www.bellunopress.it\\\/2026\\\/06\\\/21\\\/valmorel-sotto-le-stelle-unestate-di-traguardi-tra-memoria-musica-e-comunita\\\/#primaryimage\"},\"thumbnailUrl\":\"https:\\\/\\\/www.bellunopress.it\\\/wp-content\\\/uploads\\\/2026\\\/06\\\/valmorel-sotto-le-stelle.jpg\",\"datePublished\":\"2026-06-21T08:06:26+00:00\",\"dateModified\":\"2026-06-21T17:05:33+00:00\",\"breadcrumb\":{\"@id\":\"https:\\\/\\\/www.bellunopress.it\\\/2026\\\/06\\\/21\\\/valmorel-sotto-le-stelle-unestate-di-traguardi-tra-memoria-musica-e-comunita\\\/#breadcrumb\"},\"inLanguage\":\"fr-FR\",\"potentialAction\":[{\"@type\":\"ReadAction\",\"target\":[\"https:\\\/\\\/www.bellunopress.it\\\/2026\\\/06\\\/21\\\/valmorel-sotto-le-stelle-unestate-di-traguardi-tra-memoria-musica-e-comunita\\\/\"]}]},{\"@type\":\"ImageObject\",\"inLanguage\":\"fr-FR\",\"@id\":\"https:\\\/\\\/www.bellunopress.it\\\/2026\\\/06\\\/21\\\/valmorel-sotto-le-stelle-unestate-di-traguardi-tra-memoria-musica-e-comunita\\\/#primaryimage\",\"url\":\"https:\\\/\\\/www.bellunopress.it\\\/wp-content\\\/uploads\\\/2026\\\/06\\\/valmorel-sotto-le-stelle.jpg\",\"contentUrl\":\"https:\\\/\\\/www.bellunopress.it\\\/wp-content\\\/uploads\\\/2026\\\/06\\\/valmorel-sotto-le-stelle.jpg\",\"width\":360,\"height\":600},{\"@type\":\"BreadcrumbList\",\"@id\":\"https:\\\/\\\/www.bellunopress.it\\\/2026\\\/06\\\/21\\\/valmorel-sotto-le-stelle-unestate-di-traguardi-tra-memoria-musica-e-comunita\\\/#breadcrumb\",\"itemListElement\":[{\"@type\":\"ListItem\",\"position\":1,\"name\":\"Home\",\"item\":\"https:\\\/\\\/www.bellunopress.it\\\/\"},{\"@type\":\"ListItem\",\"position\":2,\"name\":\"Valmorel sotto le stelle: un\u2019estate di traguardi tra memoria, musica e comunit\u00e0\"}]},{\"@type\":\"WebSite\",\"@id\":\"https:\\\/\\\/www.bellunopress.it\\\/#website\",\"url\":\"https:\\\/\\\/www.bellunopress.it\\\/\",\"name\":\"Bellunopress - Dolomiti\",\"description\":\"e-mail: redazione@bellunopress.it\",\"publisher\":{\"@id\":\"https:\\\/\\\/www.bellunopress.it\\\/#organization\"},\"potentialAction\":[{\"@type\":\"SearchAction\",\"target\":{\"@type\":\"EntryPoint\",\"urlTemplate\":\"https:\\\/\\\/www.bellunopress.it\\\/?s={search_term_string}\"},\"query-input\":{\"@type\":\"PropertyValueSpecification\",\"valueRequired\":true,\"valueName\":\"search_term_string\"}}],\"inLanguage\":\"fr-FR\"},{\"@type\":\"Organization\",\"@id\":\"https:\\\/\\\/www.bellunopress.it\\\/#organization\",\"name\":\"Bellunopress\",\"url\":\"https:\\\/\\\/www.bellunopress.it\\\/\",\"logo\":{\"@type\":\"ImageObject\",\"inLanguage\":\"fr-FR\",\"@id\":\"https:\\\/\\\/www.bellunopress.it\\\/#\\\/schema\\\/logo\\\/image\\\/\",\"url\":\"https:\\\/\\\/www.bellunopress.it\\\/wp-content\\\/uploads\\\/2011\\\/05\\\/cropped-logo-bellunopress-.jpg\",\"contentUrl\":\"https:\\\/\\\/www.bellunopress.it\\\/wp-content\\\/uploads\\\/2011\\\/05\\\/cropped-logo-bellunopress-.jpg\",\"width\":512,\"height\":512,\"caption\":\"Bellunopress\"},\"image\":{\"@id\":\"https:\\\/\\\/www.bellunopress.it\\\/#\\\/schema\\\/logo\\\/image\\\/\"},\"sameAs\":[\"https:\\\/\\\/www.facebook.com\\\/profile.php?id=100008943462799\",\"https:\\\/\\\/x.com\\\/bellunopress\",\"https:\\\/\\\/www.linkedin.com\\\/hp\\\/?dnr=JBzUWaJfMUw8vbXJJ2tVW5-I3jZKvC4wsoxE&amp;amp;amp;amp;amp;amp;trk=nav_responsive_tab_home\",\"https:\\\/\\\/www.youtube.com\\\/channel\\\/UCxL0wu1uN0_3_7hGG0306cw\"]},{\"@type\":\"Person\",\"@id\":\"https:\\\/\\\/www.bellunopress.it\\\/#\\\/schema\\\/person\\\/79bb06722b37ece1c03d3e94beb30d73\",\"name\":\"redazione\",\"image\":{\"@type\":\"ImageObject\",\"inLanguage\":\"fr-FR\",\"@id\":\"https:\\\/\\\/secure.gravatar.com\\\/avatar\\\/37d968a2e67a6fd04c169c4bdef102d0bc5d31b2546345219e348575eb80e9a0?s=96&d=mm&r=g\",\"url\":\"https:\\\/\\\/secure.gravatar.com\\\/avatar\\\/37d968a2e67a6fd04c169c4bdef102d0bc5d31b2546345219e348575eb80e9a0?s=96&d=mm&r=g\",\"contentUrl\":\"https:\\\/\\\/secure.gravatar.com\\\/avatar\\\/37d968a2e67a6fd04c169c4bdef102d0bc5d31b2546345219e348575eb80e9a0?s=96&d=mm&r=g\",\"caption\":\"redazione\"},\"sameAs\":[\"http:\\\/\\\/www.bellunopress.it\",\"https:\\\/\\\/x.com\\\/bellunopress\"],\"url\":\"https:\\\/\\\/www.bellunopress.it\\\/fr\\\/author\\\/redazione\\\/\"}]}<\/script>\n<!-- \/ Yoast SEO plugin. -->","yoast_head_json":{"title":"Valmorel sotto le stelle: un\u2019estate di traguardi tra memoria, musica e comunit\u00e0 - Bellunopress - Dolomiti","robots":{"index":"index","follow":"follow","max-snippet":"max-snippet:-1","max-image-preview":"max-image-preview:large","max-video-preview":"max-video-preview:-1"},"canonical":"https:\/\/www.bellunopress.it\/fr\/2026\/06\/21\/valmorel-sotto-le-stelle-unestate-di-traguardi-tra-memoria-musica-e-comunita\/","og_locale":"fr_FR","og_type":"article","og_title":"Valmorel sotto le stelle: un\u2019estate di traguardi tra memoria, musica e comunit\u00e0 - Bellunopress - Dolomiti","og_description":"Dal 5 luglio al 3 ottobre, la frazione che ispir\u00f2 Dino Buzzati torna protagonista con un cartellone di eventi straordinario per longevit\u00e0 e partecipazione. Si celebrano i 30 anni dalla fondazione dell&#8217;associazione. Valmorel (Limana) \u2013 C\u2019\u00e8 un luogo, tra le montagne bellunesi, dove i &#8220;Miracoli&#8221; descritti da Dino Buzzati sembrano rivivere ogni anno, non per [&hellip;]","og_url":"https:\/\/www.bellunopress.it\/fr\/2026\/06\/21\/valmorel-sotto-le-stelle-unestate-di-traguardi-tra-memoria-musica-e-comunita\/","og_site_name":"Bellunopress - Dolomiti","article_publisher":"https:\/\/www.facebook.com\/profile.php?id=100008943462799","article_published_time":"2026-06-21T08:06:26+00:00","article_modified_time":"2026-06-21T17:05:33+00:00","og_image":[{"width":360,"height":600,"url":"https:\/\/www.bellunopress.it\/wp-content\/uploads\/2026\/06\/valmorel-sotto-le-stelle.jpg","type":"image\/jpeg"}],"author":"redazione","twitter_card":"summary_large_image","twitter_creator":"@bellunopress","twitter_site":"@bellunopress","twitter_misc":{"Written by":"redazione","Est. reading time":"4 minutes"},"schema":{"@context":"https:\/\/schema.org","@graph":[{"@type":"Article","@id":"https:\/\/www.bellunopress.it\/2026\/06\/21\/valmorel-sotto-le-stelle-unestate-di-traguardi-tra-memoria-musica-e-comunita\/#article","isPartOf":{"@id":"https:\/\/www.bellunopress.it\/2026\/06\/21\/valmorel-sotto-le-stelle-unestate-di-traguardi-tra-memoria-musica-e-comunita\/"},"author":{"name":"redazione","@id":"https:\/\/www.bellunopress.it\/#\/schema\/person\/79bb06722b37ece1c03d3e94beb30d73"},"headline":"Valmorel sotto le stelle: un\u2019estate di traguardi tra memoria, musica e comunit\u00e0","datePublished":"2026-06-21T08:06:26+00:00","dateModified":"2026-06-21T17:05:33+00:00","mainEntityOfPage":{"@id":"https:\/\/www.bellunopress.it\/2026\/06\/21\/valmorel-sotto-le-stelle-unestate-di-traguardi-tra-memoria-musica-e-comunita\/"},"wordCount":554,"publisher":{"@id":"https:\/\/www.bellunopress.it\/#organization"},"image":{"@id":"https:\/\/www.bellunopress.it\/2026\/06\/21\/valmorel-sotto-le-stelle-unestate-di-traguardi-tra-memoria-musica-e-comunita\/#primaryimage"},"thumbnailUrl":"https:\/\/www.bellunopress.it\/wp-content\/uploads\/2026\/06\/valmorel-sotto-le-stelle.jpg","articleSection":["Pausa Caff\u00e8","Societ\u00e0, Associazioni, Istituzioni","Sport, tempo libero"],"inLanguage":"fr-FR"},{"@type":"WebPage","@id":"https:\/\/www.bellunopress.it\/2026\/06\/21\/valmorel-sotto-le-stelle-unestate-di-traguardi-tra-memoria-musica-e-comunita\/","url":"https:\/\/www.bellunopress.it\/2026\/06\/21\/valmorel-sotto-le-stelle-unestate-di-traguardi-tra-memoria-musica-e-comunita\/","name":"Valmorel sotto le stelle: un\u2019estate di traguardi tra memoria, musica e comunit\u00e0 - Bellunopress - Dolomiti","isPartOf":{"@id":"https:\/\/www.bellunopress.it\/#website"},"primaryImageOfPage":{"@id":"https:\/\/www.bellunopress.it\/2026\/06\/21\/valmorel-sotto-le-stelle-unestate-di-traguardi-tra-memoria-musica-e-comunita\/#primaryimage"},"image":{"@id":"https:\/\/www.bellunopress.it\/2026\/06\/21\/valmorel-sotto-le-stelle-unestate-di-traguardi-tra-memoria-musica-e-comunita\/#primaryimage"},"thumbnailUrl":"https:\/\/www.bellunopress.it\/wp-content\/uploads\/2026\/06\/valmorel-sotto-le-stelle.jpg","datePublished":"2026-06-21T08:06:26+00:00","dateModified":"2026-06-21T17:05:33+00:00","breadcrumb":{"@id":"https:\/\/www.bellunopress.it\/2026\/06\/21\/valmorel-sotto-le-stelle-unestate-di-traguardi-tra-memoria-musica-e-comunita\/#breadcrumb"},"inLanguage":"fr-FR","potentialAction":[{"@type":"ReadAction","target":["https:\/\/www.bellunopress.it\/2026\/06\/21\/valmorel-sotto-le-stelle-unestate-di-traguardi-tra-memoria-musica-e-comunita\/"]}]},{"@type":"ImageObject","inLanguage":"fr-FR","@id":"https:\/\/www.bellunopress.it\/2026\/06\/21\/valmorel-sotto-le-stelle-unestate-di-traguardi-tra-memoria-musica-e-comunita\/#primaryimage","url":"https:\/\/www.bellunopress.it\/wp-content\/uploads\/2026\/06\/valmorel-sotto-le-stelle.jpg","contentUrl":"https:\/\/www.bellunopress.it\/wp-content\/uploads\/2026\/06\/valmorel-sotto-le-stelle.jpg","width":360,"height":600},{"@type":"BreadcrumbList","@id":"https:\/\/www.bellunopress.it\/2026\/06\/21\/valmorel-sotto-le-stelle-unestate-di-traguardi-tra-memoria-musica-e-comunita\/#breadcrumb","itemListElement":[{"@type":"ListItem","position":1,"name":"Home","item":"https:\/\/www.bellunopress.it\/"},{"@type":"ListItem","position":2,"name":"Valmorel sotto le stelle: un\u2019estate di traguardi tra memoria, musica e comunit\u00e0"}]},{"@type":"WebSite","@id":"https:\/\/www.bellunopress.it\/#website","url":"https:\/\/www.bellunopress.it\/","name":"Bellunopress - Dolomiti","description":"e-mail: redazione@bellunopress.it","publisher":{"@id":"https:\/\/www.bellunopress.it\/#organization"},"potentialAction":[{"@type":"SearchAction","target":{"@type":"EntryPoint","urlTemplate":"https:\/\/www.bellunopress.it\/?s={search_term_string}"},"query-input":{"@type":"PropertyValueSpecification","valueRequired":true,"valueName":"search_term_string"}}],"inLanguage":"fr-FR"},{"@type":"Organization","@id":"https:\/\/www.bellunopress.it\/#organization","name":"Bellunopress","url":"https:\/\/www.bellunopress.it\/","logo":{"@type":"ImageObject","inLanguage":"fr-FR","@id":"https:\/\/www.bellunopress.it\/#\/schema\/logo\/image\/","url":"https:\/\/www.bellunopress.it\/wp-content\/uploads\/2011\/05\/cropped-logo-bellunopress-.jpg","contentUrl":"https:\/\/www.bellunopress.it\/wp-content\/uploads\/2011\/05\/cropped-logo-bellunopress-.jpg","width":512,"height":512,"caption":"Bellunopress"},"image":{"@id":"https:\/\/www.bellunopress.it\/#\/schema\/logo\/image\/"},"sameAs":["https:\/\/www.facebook.com\/profile.php?id=100008943462799","https:\/\/x.com\/bellunopress","https:\/\/www.linkedin.com\/hp\/?dnr=JBzUWaJfMUw8vbXJJ2tVW5-I3jZKvC4wsoxE&amp;amp;amp;amp;amp;amp;trk=nav_responsive_tab_home","https:\/\/www.youtube.com\/channel\/UCxL0wu1uN0_3_7hGG0306cw"]},{"@type":"Person","@id":"https:\/\/www.bellunopress.it\/#\/schema\/person\/79bb06722b37ece1c03d3e94beb30d73","name":"r\u00e9daction","image":{"@type":"ImageObject","inLanguage":"fr-FR","@id":"https:\/\/secure.gravatar.com\/avatar\/37d968a2e67a6fd04c169c4bdef102d0bc5d31b2546345219e348575eb80e9a0?s=96&d=mm&r=g","url":"https:\/\/secure.gravatar.com\/avatar\/37d968a2e67a6fd04c169c4bdef102d0bc5d31b2546345219e348575eb80e9a0?s=96&d=mm&r=g","contentUrl":"https:\/\/secure.gravatar.com\/avatar\/37d968a2e67a6fd04c169c4bdef102d0bc5d31b2546345219e348575eb80e9a0?s=96&d=mm&r=g","caption":"redazione"},"sameAs":["http:\/\/www.bellunopress.it","https:\/\/x.com\/bellunopress"],"url":"https:\/\/www.bellunopress.it\/fr\/author\/redazione\/"}]}},"_links":{"self":[{"href":"https:\/\/www.bellunopress.it\/fr\/wp-json\/wp\/v2\/posts\/171067","targetHints":{"allow":["GET"]}}],"collection":[{"href":"https:\/\/www.bellunopress.it\/fr\/wp-json\/wp\/v2\/posts"}],"about":[{"href":"https:\/\/www.bellunopress.it\/fr\/wp-json\/wp\/v2\/types\/post"}],"author":[{"embeddable":true,"href":"https:\/\/www.bellunopress.it\/fr\/wp-json\/wp\/v2\/users\/2"}],"replies":[{"embeddable":true,"href":"https:\/\/www.bellunopress.it\/fr\/wp-json\/wp\/v2\/comments?post=171067"}],"version-history":[{"count":1,"href":"https:\/\/www.bellunopress.it\/fr\/wp-json\/wp\/v2\/posts\/171067\/revisions"}],"predecessor-version":[{"id":171069,"href":"https:\/\/www.bellunopress.it\/fr\/wp-json\/wp\/v2\/posts\/171067\/revisions\/171069"}],"wp:featuredmedia":[{"embeddable":true,"href":"https:\/\/www.bellunopress.it\/fr\/wp-json\/wp\/v2\/media\/171068"}],"wp:attachment":[{"href":"https:\/\/www.bellunopress.it\/fr\/wp-json\/wp\/v2\/media?parent=171067"}],"wp:term":[{"taxonomy":"category","embeddable":true,"href":"https:\/\/www.bellunopress.it\/fr\/wp-json\/wp\/v2\/categories?post=171067"},{"taxonomy":"post_tag","embeddable":true,"href":"https:\/\/www.bellunopress.it\/fr\/wp-json\/wp\/v2\/tags?post=171067"}],"curies":[{"name":"wp","href":"https:\/\/api.w.org\/{rel}","templated":true}]}}