{"id":171065,"date":"2026-06-18T20:46:13","date_gmt":"2026-06-18T18:46:13","guid":{"rendered":"https:\/\/www.bellunopress.it\/?p=171065"},"modified":"2026-06-18T20:46:13","modified_gmt":"2026-06-18T18:46:13","slug":"sanita-bellunese-silvia-calligaro-promuove-loperato-di-dal-ben-risposta-positiva-a-una-fase-complessa","status":"publish","type":"post","link":"https:\/\/www.bellunopress.it\/fr\/2026\/06\/18\/sanita-bellunese-silvia-calligaro-promuove-loperato-di-dal-ben-risposta-positiva-a-una-fase-complessa\/","title":{"rendered":"Sanit\u00e0 bellunese, Silvia Calligaro promuove l\u2019operato di Dal Ben: \u00abRisposta positiva a una fase complessa\u00bb"},"content":{"rendered":"<p data-path-to-node=\"3\">Belluno, 18\/06\/2026\u00a0\u2013 Si chiude con una nota di apprezzamento l\u2019analisi sull\u2019operato del Direttore Generale dell\u2019Ulss 1 Dolomiti, Giuseppe Dal Ben. A esprimersi in tal senso \u00e8 la consigliera regionale bellunese Silvia Calligaro, Segretario della Quinta Commissione consiliare, che ha commentato con favore l&#8217;esito della recente votazione espressa dai sindaci del territorio.<\/p>\n<p data-path-to-node=\"5\">La votazione, svoltasi su richiesta di alcuni primi cittadini attraverso lo scrutinio segreto, ha sancito di fatto un giudizio positivo sull&#8217;attivit\u00e0 portata avanti dai vertici dell&#8217;azienda sanitaria. Per la consigliera Calligaro, questo risultato non \u00e8 solo un atto formale, ma il riflesso di una \u00abpiena soddisfazione\u00bb condivisa da buona parte degli amministratori locali verso la gestione attuale.<\/p>\n<p data-path-to-node=\"7\">Secondo Calligaro, l&#8217;operato di Dal Ben va contestualizzato all&#8217;interno di uno scenario particolarmente turbolento per la sanit\u00e0 regionale e provinciale. \u00abIl territorio si \u00e8 trovato ad affrontare una fase straordinaria \u2013 sottolinea la segretaria della Quinta Commissione \u2013 segnata non solo dalle problematiche strutturali che interessano l&#8217;intero comparto sanitario e socio-sanitario, ma anche dalle sfide connesse all\u2019appuntamento olimpico, che richiede sforzi organizzativi e logistici di primo piano\u00bb.<\/p>\n<p data-path-to-node=\"9\">La consigliera ha voluto sottolineare come, in questo contesto di oggettiva difficolt\u00e0, la dirigenza abbia saputo rispondere con \u00abattenzione, presenza e impegno concreto per il bene del territorio\u00bb. Un riconoscimento che si traduce, nelle parole di Calligaro, in un doveroso ringraziamento pubblico per il servizio reso alla comunit\u00e0 bellunese.<\/p>\n<p data-path-to-node=\"11\">In chiusura del suo intervento, Silvia Calligaro traccia la rotta per i prossimi mesi, ribadendo quali debbano essere le priorit\u00e0 per chi amministra la salute in provincia di Belluno. \u00abLa sanit\u00e0 di montagna richiede metodo, ascolto e una specifica capacit\u00e0 di mediare tra esigenze molto diverse tra loro\u00bb, conclude l\u2019esponente regionale. \u00abSu questa linea \u00e8 fondamentale continuare a lavorare con seriet\u00e0, responsabilit\u00e0 e, soprattutto, attraverso una costante collaborazione istituzionale\u00bb.<\/p>","protected":false},"excerpt":{"rendered":"<p>Belluno, 18\/06\/2026\u00a0\u2013 Si chiude con una nota di apprezzamento l\u2019analisi sull\u2019operato del Direttore Generale dell\u2019Ulss 1 Dolomiti, Giuseppe Dal Ben. A esprimersi in tal senso \u00e8 la consigliera regionale bellunese Silvia Calligaro, Segretario della Quinta Commissione consiliare, che ha commentato con favore l&#8217;esito della recente votazione espressa dai sindaci del territorio. La votazione, svoltasi su [&hellip;]<\/p>\n","protected":false},"author":2,"featured_media":169409,"comment_status":"closed","ping_status":"open","sticky":false,"template":"","format":"standard","meta":{"footnotes":""},"categories":[5,26],"tags":[],"class_list":["post-171065","post","type-post","status-publish","format-standard","has-post-thumbnail","category-cronaca","category-prima-pagina"],"yoast_head":"<!-- This site is optimized with the Yoast SEO plugin v28.4 - https:\/\/yoast.com\/product\/yoast-seo-wordpress\/ -->\n<title>Sanit\u00e0 bellunese, Silvia Calligaro promuove l\u2019operato di Dal Ben: \u00abRisposta positiva a una fase complessa\u00bb - Bellunopress - Dolomiti<\/title>\n<meta name=\"robots\" content=\"index, follow, max-snippet:-1, max-image-preview:large, max-video-preview:-1\" \/>\n<link rel=\"canonical\" href=\"https:\/\/www.bellunopress.it\/fr\/2026\/06\/18\/sanita-bellunese-silvia-calligaro-promuove-loperato-di-dal-ben-risposta-positiva-a-una-fase-complessa\/\" \/>\n<meta property=\"og:locale\" content=\"fr_FR\" \/>\n<meta property=\"og:type\" content=\"article\" \/>\n<meta property=\"og:title\" content=\"Sanit\u00e0 bellunese, Silvia Calligaro promuove l\u2019operato di Dal Ben: \u00abRisposta positiva a una fase complessa\u00bb - Bellunopress - Dolomiti\" \/>\n<meta property=\"og:description\" content=\"Belluno, 18\/06\/2026\u00a0\u2013 Si chiude con una nota di apprezzamento l\u2019analisi sull\u2019operato del Direttore Generale dell\u2019Ulss 1 Dolomiti, Giuseppe Dal Ben. A esprimersi in tal senso \u00e8 la consigliera regionale bellunese Silvia Calligaro, Segretario della Quinta Commissione consiliare, che ha commentato con favore l&#8217;esito della recente votazione espressa dai sindaci del territorio. La votazione, svoltasi su [&hellip;]\" \/>\n<meta property=\"og:url\" content=\"https:\/\/www.bellunopress.it\/fr\/2026\/06\/18\/sanita-bellunese-silvia-calligaro-promuove-loperato-di-dal-ben-risposta-positiva-a-una-fase-complessa\/\" \/>\n<meta property=\"og:site_name\" content=\"Bellunopress - Dolomiti\" \/>\n<meta property=\"article:publisher\" content=\"https:\/\/www.facebook.com\/profile.php?id=100008943462799\" \/>\n<meta property=\"article:published_time\" content=\"2026-06-18T18:46:13+00:00\" \/>\n<meta property=\"og:image\" content=\"https:\/\/www.bellunopress.it\/wp-content\/uploads\/2026\/04\/Silvia-Calligaro-consigliere-regionale.jpg\" \/>\n\t<meta property=\"og:image:width\" content=\"450\" \/>\n\t<meta property=\"og:image:height\" content=\"361\" \/>\n\t<meta property=\"og:image:type\" content=\"image\/jpeg\" \/>\n<meta name=\"author\" content=\"redazione\" \/>\n<meta name=\"twitter:card\" content=\"summary_large_image\" \/>\n<meta name=\"twitter:creator\" content=\"@bellunopress\" \/>\n<meta name=\"twitter:site\" content=\"@bellunopress\" \/>\n<meta name=\"twitter:label1\" content=\"\u00c9crit par\" \/>\n\t<meta name=\"twitter:data1\" content=\"redazione\" \/>\n\t<meta name=\"twitter:label2\" content=\"Dur\u00e9e de lecture estim\u00e9e\" \/>\n\t<meta name=\"twitter:data2\" content=\"2 minutes\" \/>\n<script type=\"application\/ld+json\" class=\"yoast-schema-graph\">{\"@context\":\"https:\\\/\\\/schema.org\",\"@graph\":[{\"@type\":\"Article\",\"@id\":\"https:\\\/\\\/www.bellunopress.it\\\/2026\\\/06\\\/18\\\/sanita-bellunese-silvia-calligaro-promuove-loperato-di-dal-ben-risposta-positiva-a-una-fase-complessa\\\/#article\",\"isPartOf\":{\"@id\":\"https:\\\/\\\/www.bellunopress.it\\\/2026\\\/06\\\/18\\\/sanita-bellunese-silvia-calligaro-promuove-loperato-di-dal-ben-risposta-positiva-a-una-fase-complessa\\\/\"},\"author\":{\"name\":\"redazione\",\"@id\":\"https:\\\/\\\/www.bellunopress.it\\\/#\\\/schema\\\/person\\\/79bb06722b37ece1c03d3e94beb30d73\"},\"headline\":\"Sanit\u00e0 bellunese, Silvia Calligaro promuove l\u2019operato di Dal Ben: \u00abRisposta positiva a una fase complessa\u00bb\",\"datePublished\":\"2026-06-18T18:46:13+00:00\",\"mainEntityOfPage\":{\"@id\":\"https:\\\/\\\/www.bellunopress.it\\\/2026\\\/06\\\/18\\\/sanita-bellunese-silvia-calligaro-promuove-loperato-di-dal-ben-risposta-positiva-a-una-fase-complessa\\\/\"},\"wordCount\":312,\"publisher\":{\"@id\":\"https:\\\/\\\/www.bellunopress.it\\\/#organization\"},\"image\":{\"@id\":\"https:\\\/\\\/www.bellunopress.it\\\/2026\\\/06\\\/18\\\/sanita-bellunese-silvia-calligaro-promuove-loperato-di-dal-ben-risposta-positiva-a-una-fase-complessa\\\/#primaryimage\"},\"thumbnailUrl\":\"https:\\\/\\\/www.bellunopress.it\\\/wp-content\\\/uploads\\\/2026\\\/04\\\/Silvia-Calligaro-consigliere-regionale.jpg\",\"articleSection\":[\"Cronaca\\\/Politica\",\"Prima Pagina\"],\"inLanguage\":\"fr-FR\"},{\"@type\":\"WebPage\",\"@id\":\"https:\\\/\\\/www.bellunopress.it\\\/2026\\\/06\\\/18\\\/sanita-bellunese-silvia-calligaro-promuove-loperato-di-dal-ben-risposta-positiva-a-una-fase-complessa\\\/\",\"url\":\"https:\\\/\\\/www.bellunopress.it\\\/2026\\\/06\\\/18\\\/sanita-bellunese-silvia-calligaro-promuove-loperato-di-dal-ben-risposta-positiva-a-una-fase-complessa\\\/\",\"name\":\"Sanit\u00e0 bellunese, Silvia Calligaro promuove l\u2019operato di Dal Ben: \u00abRisposta positiva a una fase complessa\u00bb - Bellunopress - Dolomiti\",\"isPartOf\":{\"@id\":\"https:\\\/\\\/www.bellunopress.it\\\/#website\"},\"primaryImageOfPage\":{\"@id\":\"https:\\\/\\\/www.bellunopress.it\\\/2026\\\/06\\\/18\\\/sanita-bellunese-silvia-calligaro-promuove-loperato-di-dal-ben-risposta-positiva-a-una-fase-complessa\\\/#primaryimage\"},\"image\":{\"@id\":\"https:\\\/\\\/www.bellunopress.it\\\/2026\\\/06\\\/18\\\/sanita-bellunese-silvia-calligaro-promuove-loperato-di-dal-ben-risposta-positiva-a-una-fase-complessa\\\/#primaryimage\"},\"thumbnailUrl\":\"https:\\\/\\\/www.bellunopress.it\\\/wp-content\\\/uploads\\\/2026\\\/04\\\/Silvia-Calligaro-consigliere-regionale.jpg\",\"datePublished\":\"2026-06-18T18:46:13+00:00\",\"breadcrumb\":{\"@id\":\"https:\\\/\\\/www.bellunopress.it\\\/2026\\\/06\\\/18\\\/sanita-bellunese-silvia-calligaro-promuove-loperato-di-dal-ben-risposta-positiva-a-una-fase-complessa\\\/#breadcrumb\"},\"inLanguage\":\"fr-FR\",\"potentialAction\":[{\"@type\":\"ReadAction\",\"target\":[\"https:\\\/\\\/www.bellunopress.it\\\/2026\\\/06\\\/18\\\/sanita-bellunese-silvia-calligaro-promuove-loperato-di-dal-ben-risposta-positiva-a-una-fase-complessa\\\/\"]}]},{\"@type\":\"ImageObject\",\"inLanguage\":\"fr-FR\",\"@id\":\"https:\\\/\\\/www.bellunopress.it\\\/2026\\\/06\\\/18\\\/sanita-bellunese-silvia-calligaro-promuove-loperato-di-dal-ben-risposta-positiva-a-una-fase-complessa\\\/#primaryimage\",\"url\":\"https:\\\/\\\/www.bellunopress.it\\\/wp-content\\\/uploads\\\/2026\\\/04\\\/Silvia-Calligaro-consigliere-regionale.jpg\",\"contentUrl\":\"https:\\\/\\\/www.bellunopress.it\\\/wp-content\\\/uploads\\\/2026\\\/04\\\/Silvia-Calligaro-consigliere-regionale.jpg\",\"width\":450,\"height\":361,\"caption\":\"Silvia Calligaro, consigliere regionale\"},{\"@type\":\"BreadcrumbList\",\"@id\":\"https:\\\/\\\/www.bellunopress.it\\\/2026\\\/06\\\/18\\\/sanita-bellunese-silvia-calligaro-promuove-loperato-di-dal-ben-risposta-positiva-a-una-fase-complessa\\\/#breadcrumb\",\"itemListElement\":[{\"@type\":\"ListItem\",\"position\":1,\"name\":\"Home\",\"item\":\"https:\\\/\\\/www.bellunopress.it\\\/\"},{\"@type\":\"ListItem\",\"position\":2,\"name\":\"Sanit\u00e0 bellunese, Silvia Calligaro promuove l\u2019operato di Dal Ben: \u00abRisposta positiva a una fase complessa\u00bb\"}]},{\"@type\":\"WebSite\",\"@id\":\"https:\\\/\\\/www.bellunopress.it\\\/#website\",\"url\":\"https:\\\/\\\/www.bellunopress.it\\\/\",\"name\":\"Bellunopress - Dolomiti\",\"description\":\"e-mail: redazione@bellunopress.it\",\"publisher\":{\"@id\":\"https:\\\/\\\/www.bellunopress.it\\\/#organization\"},\"potentialAction\":[{\"@type\":\"SearchAction\",\"target\":{\"@type\":\"EntryPoint\",\"urlTemplate\":\"https:\\\/\\\/www.bellunopress.it\\\/?s={search_term_string}\"},\"query-input\":{\"@type\":\"PropertyValueSpecification\",\"valueRequired\":true,\"valueName\":\"search_term_string\"}}],\"inLanguage\":\"fr-FR\"},{\"@type\":\"Organization\",\"@id\":\"https:\\\/\\\/www.bellunopress.it\\\/#organization\",\"name\":\"Bellunopress\",\"url\":\"https:\\\/\\\/www.bellunopress.it\\\/\",\"logo\":{\"@type\":\"ImageObject\",\"inLanguage\":\"fr-FR\",\"@id\":\"https:\\\/\\\/www.bellunopress.it\\\/#\\\/schema\\\/logo\\\/image\\\/\",\"url\":\"https:\\\/\\\/www.bellunopress.it\\\/wp-content\\\/uploads\\\/2011\\\/05\\\/cropped-logo-bellunopress-.jpg\",\"contentUrl\":\"https:\\\/\\\/www.bellunopress.it\\\/wp-content\\\/uploads\\\/2011\\\/05\\\/cropped-logo-bellunopress-.jpg\",\"width\":512,\"height\":512,\"caption\":\"Bellunopress\"},\"image\":{\"@id\":\"https:\\\/\\\/www.bellunopress.it\\\/#\\\/schema\\\/logo\\\/image\\\/\"},\"sameAs\":[\"https:\\\/\\\/www.facebook.com\\\/profile.php?id=100008943462799\",\"https:\\\/\\\/x.com\\\/bellunopress\",\"https:\\\/\\\/www.linkedin.com\\\/hp\\\/?dnr=JBzUWaJfMUw8vbXJJ2tVW5-I3jZKvC4wsoxE&amp;amp;amp;amp;amp;amp;trk=nav_responsive_tab_home\",\"https:\\\/\\\/www.youtube.com\\\/channel\\\/UCxL0wu1uN0_3_7hGG0306cw\"]},{\"@type\":\"Person\",\"@id\":\"https:\\\/\\\/www.bellunopress.it\\\/#\\\/schema\\\/person\\\/79bb06722b37ece1c03d3e94beb30d73\",\"name\":\"redazione\",\"image\":{\"@type\":\"ImageObject\",\"inLanguage\":\"fr-FR\",\"@id\":\"https:\\\/\\\/secure.gravatar.com\\\/avatar\\\/37d968a2e67a6fd04c169c4bdef102d0bc5d31b2546345219e348575eb80e9a0?s=96&d=mm&r=g\",\"url\":\"https:\\\/\\\/secure.gravatar.com\\\/avatar\\\/37d968a2e67a6fd04c169c4bdef102d0bc5d31b2546345219e348575eb80e9a0?s=96&d=mm&r=g\",\"contentUrl\":\"https:\\\/\\\/secure.gravatar.com\\\/avatar\\\/37d968a2e67a6fd04c169c4bdef102d0bc5d31b2546345219e348575eb80e9a0?s=96&d=mm&r=g\",\"caption\":\"redazione\"},\"sameAs\":[\"http:\\\/\\\/www.bellunopress.it\",\"https:\\\/\\\/x.com\\\/bellunopress\"],\"url\":\"https:\\\/\\\/www.bellunopress.it\\\/fr\\\/author\\\/redazione\\\/\"}]}<\/script>\n<!-- \/ Yoast SEO plugin. -->","yoast_head_json":{"title":"Sanit\u00e0 bellunese, Silvia Calligaro promuove l\u2019operato di Dal Ben: \u00abRisposta positiva a una fase complessa\u00bb - Bellunopress - Dolomiti","robots":{"index":"index","follow":"follow","max-snippet":"max-snippet:-1","max-image-preview":"max-image-preview:large","max-video-preview":"max-video-preview:-1"},"canonical":"https:\/\/www.bellunopress.it\/fr\/2026\/06\/18\/sanita-bellunese-silvia-calligaro-promuove-loperato-di-dal-ben-risposta-positiva-a-una-fase-complessa\/","og_locale":"fr_FR","og_type":"article","og_title":"Sanit\u00e0 bellunese, Silvia Calligaro promuove l\u2019operato di Dal Ben: \u00abRisposta positiva a una fase complessa\u00bb - Bellunopress - Dolomiti","og_description":"Belluno, 18\/06\/2026\u00a0\u2013 Si chiude con una nota di apprezzamento l\u2019analisi sull\u2019operato del Direttore Generale dell\u2019Ulss 1 Dolomiti, Giuseppe Dal Ben. A esprimersi in tal senso \u00e8 la consigliera regionale bellunese Silvia Calligaro, Segretario della Quinta Commissione consiliare, che ha commentato con favore l&#8217;esito della recente votazione espressa dai sindaci del territorio. La votazione, svoltasi su [&hellip;]","og_url":"https:\/\/www.bellunopress.it\/fr\/2026\/06\/18\/sanita-bellunese-silvia-calligaro-promuove-loperato-di-dal-ben-risposta-positiva-a-una-fase-complessa\/","og_site_name":"Bellunopress - Dolomiti","article_publisher":"https:\/\/www.facebook.com\/profile.php?id=100008943462799","article_published_time":"2026-06-18T18:46:13+00:00","og_image":[{"width":450,"height":361,"url":"https:\/\/www.bellunopress.it\/wp-content\/uploads\/2026\/04\/Silvia-Calligaro-consigliere-regionale.jpg","type":"image\/jpeg"}],"author":"redazione","twitter_card":"summary_large_image","twitter_creator":"@bellunopress","twitter_site":"@bellunopress","twitter_misc":{"\u00c9crit par":"redazione","Dur\u00e9e de lecture estim\u00e9e":"2 minutes"},"schema":{"@context":"https:\/\/schema.org","@graph":[{"@type":"Article","@id":"https:\/\/www.bellunopress.it\/2026\/06\/18\/sanita-bellunese-silvia-calligaro-promuove-loperato-di-dal-ben-risposta-positiva-a-una-fase-complessa\/#article","isPartOf":{"@id":"https:\/\/www.bellunopress.it\/2026\/06\/18\/sanita-bellunese-silvia-calligaro-promuove-loperato-di-dal-ben-risposta-positiva-a-una-fase-complessa\/"},"author":{"name":"redazione","@id":"https:\/\/www.bellunopress.it\/#\/schema\/person\/79bb06722b37ece1c03d3e94beb30d73"},"headline":"Sanit\u00e0 bellunese, Silvia Calligaro promuove l\u2019operato di Dal Ben: \u00abRisposta positiva a una fase complessa\u00bb","datePublished":"2026-06-18T18:46:13+00:00","mainEntityOfPage":{"@id":"https:\/\/www.bellunopress.it\/2026\/06\/18\/sanita-bellunese-silvia-calligaro-promuove-loperato-di-dal-ben-risposta-positiva-a-una-fase-complessa\/"},"wordCount":312,"publisher":{"@id":"https:\/\/www.bellunopress.it\/#organization"},"image":{"@id":"https:\/\/www.bellunopress.it\/2026\/06\/18\/sanita-bellunese-silvia-calligaro-promuove-loperato-di-dal-ben-risposta-positiva-a-una-fase-complessa\/#primaryimage"},"thumbnailUrl":"https:\/\/www.bellunopress.it\/wp-content\/uploads\/2026\/04\/Silvia-Calligaro-consigliere-regionale.jpg","articleSection":["Cronaca\/Politica","Prima Pagina"],"inLanguage":"fr-FR"},{"@type":"WebPage","@id":"https:\/\/www.bellunopress.it\/2026\/06\/18\/sanita-bellunese-silvia-calligaro-promuove-loperato-di-dal-ben-risposta-positiva-a-una-fase-complessa\/","url":"https:\/\/www.bellunopress.it\/2026\/06\/18\/sanita-bellunese-silvia-calligaro-promuove-loperato-di-dal-ben-risposta-positiva-a-una-fase-complessa\/","name":"Sanit\u00e0 bellunese, Silvia Calligaro promuove l\u2019operato di Dal Ben: \u00abRisposta positiva a una fase complessa\u00bb - Bellunopress - Dolomiti","isPartOf":{"@id":"https:\/\/www.bellunopress.it\/#website"},"primaryImageOfPage":{"@id":"https:\/\/www.bellunopress.it\/2026\/06\/18\/sanita-bellunese-silvia-calligaro-promuove-loperato-di-dal-ben-risposta-positiva-a-una-fase-complessa\/#primaryimage"},"image":{"@id":"https:\/\/www.bellunopress.it\/2026\/06\/18\/sanita-bellunese-silvia-calligaro-promuove-loperato-di-dal-ben-risposta-positiva-a-una-fase-complessa\/#primaryimage"},"thumbnailUrl":"https:\/\/www.bellunopress.it\/wp-content\/uploads\/2026\/04\/Silvia-Calligaro-consigliere-regionale.jpg","datePublished":"2026-06-18T18:46:13+00:00","breadcrumb":{"@id":"https:\/\/www.bellunopress.it\/2026\/06\/18\/sanita-bellunese-silvia-calligaro-promuove-loperato-di-dal-ben-risposta-positiva-a-una-fase-complessa\/#breadcrumb"},"inLanguage":"fr-FR","potentialAction":[{"@type":"ReadAction","target":["https:\/\/www.bellunopress.it\/2026\/06\/18\/sanita-bellunese-silvia-calligaro-promuove-loperato-di-dal-ben-risposta-positiva-a-una-fase-complessa\/"]}]},{"@type":"ImageObject","inLanguage":"fr-FR","@id":"https:\/\/www.bellunopress.it\/2026\/06\/18\/sanita-bellunese-silvia-calligaro-promuove-loperato-di-dal-ben-risposta-positiva-a-una-fase-complessa\/#primaryimage","url":"https:\/\/www.bellunopress.it\/wp-content\/uploads\/2026\/04\/Silvia-Calligaro-consigliere-regionale.jpg","contentUrl":"https:\/\/www.bellunopress.it\/wp-content\/uploads\/2026\/04\/Silvia-Calligaro-consigliere-regionale.jpg","width":450,"height":361,"caption":"Silvia Calligaro, consigliere regionale"},{"@type":"BreadcrumbList","@id":"https:\/\/www.bellunopress.it\/2026\/06\/18\/sanita-bellunese-silvia-calligaro-promuove-loperato-di-dal-ben-risposta-positiva-a-una-fase-complessa\/#breadcrumb","itemListElement":[{"@type":"ListItem","position":1,"name":"Home","item":"https:\/\/www.bellunopress.it\/"},{"@type":"ListItem","position":2,"name":"Sanit\u00e0 bellunese, Silvia Calligaro promuove l\u2019operato di Dal Ben: \u00abRisposta positiva a una fase complessa\u00bb"}]},{"@type":"WebSite","@id":"https:\/\/www.bellunopress.it\/#website","url":"https:\/\/www.bellunopress.it\/","name":"Bellunopress - Dolomiti","description":"e-mail: redazione@bellunopress.it","publisher":{"@id":"https:\/\/www.bellunopress.it\/#organization"},"potentialAction":[{"@type":"SearchAction","target":{"@type":"EntryPoint","urlTemplate":"https:\/\/www.bellunopress.it\/?s={search_term_string}"},"query-input":{"@type":"PropertyValueSpecification","valueRequired":true,"valueName":"search_term_string"}}],"inLanguage":"fr-FR"},{"@type":"Organization","@id":"https:\/\/www.bellunopress.it\/#organization","name":"Bellunopress","url":"https:\/\/www.bellunopress.it\/","logo":{"@type":"ImageObject","inLanguage":"fr-FR","@id":"https:\/\/www.bellunopress.it\/#\/schema\/logo\/image\/","url":"https:\/\/www.bellunopress.it\/wp-content\/uploads\/2011\/05\/cropped-logo-bellunopress-.jpg","contentUrl":"https:\/\/www.bellunopress.it\/wp-content\/uploads\/2011\/05\/cropped-logo-bellunopress-.jpg","width":512,"height":512,"caption":"Bellunopress"},"image":{"@id":"https:\/\/www.bellunopress.it\/#\/schema\/logo\/image\/"},"sameAs":["https:\/\/www.facebook.com\/profile.php?id=100008943462799","https:\/\/x.com\/bellunopress","https:\/\/www.linkedin.com\/hp\/?dnr=JBzUWaJfMUw8vbXJJ2tVW5-I3jZKvC4wsoxE&amp;amp;amp;amp;amp;amp;trk=nav_responsive_tab_home","https:\/\/www.youtube.com\/channel\/UCxL0wu1uN0_3_7hGG0306cw"]},{"@type":"Person","@id":"https:\/\/www.bellunopress.it\/#\/schema\/person\/79bb06722b37ece1c03d3e94beb30d73","name":"r\u00e9daction","image":{"@type":"ImageObject","inLanguage":"fr-FR","@id":"https:\/\/secure.gravatar.com\/avatar\/37d968a2e67a6fd04c169c4bdef102d0bc5d31b2546345219e348575eb80e9a0?s=96&d=mm&r=g","url":"https:\/\/secure.gravatar.com\/avatar\/37d968a2e67a6fd04c169c4bdef102d0bc5d31b2546345219e348575eb80e9a0?s=96&d=mm&r=g","contentUrl":"https:\/\/secure.gravatar.com\/avatar\/37d968a2e67a6fd04c169c4bdef102d0bc5d31b2546345219e348575eb80e9a0?s=96&d=mm&r=g","caption":"redazione"},"sameAs":["http:\/\/www.bellunopress.it","https:\/\/x.com\/bellunopress"],"url":"https:\/\/www.bellunopress.it\/fr\/author\/redazione\/"}]}},"_links":{"self":[{"href":"https:\/\/www.bellunopress.it\/fr\/wp-json\/wp\/v2\/posts\/171065","targetHints":{"allow":["GET"]}}],"collection":[{"href":"https:\/\/www.bellunopress.it\/fr\/wp-json\/wp\/v2\/posts"}],"about":[{"href":"https:\/\/www.bellunopress.it\/fr\/wp-json\/wp\/v2\/types\/post"}],"author":[{"embeddable":true,"href":"https:\/\/www.bellunopress.it\/fr\/wp-json\/wp\/v2\/users\/2"}],"replies":[{"embeddable":true,"href":"https:\/\/www.bellunopress.it\/fr\/wp-json\/wp\/v2\/comments?post=171065"}],"version-history":[{"count":1,"href":"https:\/\/www.bellunopress.it\/fr\/wp-json\/wp\/v2\/posts\/171065\/revisions"}],"predecessor-version":[{"id":171066,"href":"https:\/\/www.bellunopress.it\/fr\/wp-json\/wp\/v2\/posts\/171065\/revisions\/171066"}],"wp:featuredmedia":[{"embeddable":true,"href":"https:\/\/www.bellunopress.it\/fr\/wp-json\/wp\/v2\/media\/169409"}],"wp:attachment":[{"href":"https:\/\/www.bellunopress.it\/fr\/wp-json\/wp\/v2\/media?parent=171065"}],"wp:term":[{"taxonomy":"category","embeddable":true,"href":"https:\/\/www.bellunopress.it\/fr\/wp-json\/wp\/v2\/categories?post=171065"},{"taxonomy":"post_tag","embeddable":true,"href":"https:\/\/www.bellunopress.it\/fr\/wp-json\/wp\/v2\/tags?post=171065"}],"curies":[{"name":"wp","href":"https:\/\/api.w.org\/{rel}","templated":true}]}}