{"id":171063,"date":"2026-06-18T20:39:38","date_gmt":"2026-06-18T18:39:38","guid":{"rendered":"https:\/\/www.bellunopress.it\/?p=171063"},"modified":"2026-06-18T20:39:38","modified_gmt":"2026-06-18T18:39:38","slug":"emozioni-lassessore-le-rondini-i-tigli-abbattuti-la-riforma-della-caccia-e-i-20-ettari-di-vigneti-a-bes","status":"publish","type":"post","link":"https:\/\/www.bellunopress.it\/fr\/2026\/06\/18\/emozioni-lassessore-le-rondini-i-tigli-abbattuti-la-riforma-della-caccia-e-i-20-ettari-di-vigneti-a-bes\/","title":{"rendered":"Emozioni. L&#8217;assessore, le rondini, i tigli abbattuti, la riforma della caccia e i 20 ettari di vigneti a Bes"},"content":{"rendered":"<p>E\u2019 umanamente comprensibile l\u2019emozione vissuta dall\u2019Assessore De Kunovich nell\u2019apprendere che in citt\u00e0 sono planate due nuove coppie di rondini. Con i nuovi arrivi, infatti, si sono quasi raggiunti i numeri che nonno Fioretto ammirava sorridente svolazzare sul suo vecchio tabi\u00e0 occupato abusivamente, mentre sotto la pergola era seduto comodo sul dondolo di vimini intento a fumare trinciato forte, sputare tabacco e bere vin bac\u00f2.<\/p>\n<p>Un successone, non c\u2019\u00e8 che dire.<\/p>\n<p>Peccato che l\u2019Assessore all\u2019ambiente del Comune di Belluno non abbia riservato altrettanta attenzione e sensibilit\u00e0 verso i volatili quando, poche settimane fa, venivano abbattuti decine di tigli alle porte della citt\u00e0, radendo al suolo, modello Gaza, l\u2019habitat naturale per la nidificazione di centinaia di uccellini. Evidentemente di serie B al cospetto dei nobili pennuti vestiti in smoking che volteggiano elegantemente sul Liston.<\/p>\n<p>Diventa anche difficile credere alla buona fede e ad autentico interesse della sig.ra De Kunovich, visto che rappresenta sul territorio una di quelle forze politiche che promuovono e sostengono quella bestemmia chiamata riforma della caccia che \u00e8 un insulto alla biologia e alla media intelligenza. Sostenere, infatti, che la caccia concorre alla tutela della biodiversit\u00e0 e dell\u2019ecosistema equivale a dire che uno stupro \u00e8 una lezione alternativa di educazione sessuale.<\/p>\n<p>Tralasciando i dettagli delle inutili, quando non deleterie, politiche in termini ambientali che questa Amministrazione ha (o non ha) messo in campo rimane la pi\u00f9 recente vicenda che evidenzia in maniera cristallina l\u2019ipocrisia della sig.ra De Kunovich il cui unico ambiente che interessa \u00e8 quello di Palazzo Rosso. In quel di Bes, infatti, \u00e8 in fase di realizzazione un vigneto di 20 ettari (l\u2019equivalente di una quarantina di campi di calcio) sotto le finestre degli abitanti e nel silenzio assordante dell\u2019Amministrazione comunale, De Kunovich compresa. Un progetto che assieme alle inevitabili polemiche porta con se alcune certezze. Come, ad esempio, il fatto che l\u2019area sar\u00e0 soggetta a trattamenti con pesticidi che nella neolingua sono chiamati prodotti fitosanitari e che hanno l\u2019obiettivo di eliminare, o comunque rendere incompatibile la vita degli insetti e, conseguentemente, dell\u2019avifauna che se ne nutre e che sar\u00e0 destinata a migrare.<\/p>\n<p>Anche volendo sorvolare sul falso interesse dell\u2019Assessore per gli uccelli che rimane a solo scopo di foto pubblicitaria sugli organi di stampa, rimane il problema non secondario di una nuova, e al momento sconosciuta, convivenza dei cittadini di Bes con la realt\u00e0 produttiva che si andr\u00e0 ad insediare. Anche una semplice navigazione su internet nel tempo libero avrebbe dovuto portare ad una qualche azione di tipo precauzionale, come ad esempio, un regolamento comunale che vieti nuovi impianti soggetti a trattamenti chimici a meno di 100 mt. da abitazioni, luoghi di pubblico interesse come strade, scuole e parchi, zone umide come acquitrini e ruscelli particolarmente sensibili alle irrorazioni che verranno effettuate. Ma forse si chiede troppo e in fondo si sa che davanti al calice di un buon Prosecco a km0 si chiude sempre un occhio e, nel caso specifico, entrambi.<\/p>\n<p>Max Fiabane<br \/>\nCristiano Fant<\/p>","protected":false},"excerpt":{"rendered":"<p>E\u2019 umanamente comprensibile l\u2019emozione vissuta dall\u2019Assessore De Kunovich nell\u2019apprendere che in citt\u00e0 sono planate due nuove coppie di rondini. Con i nuovi arrivi, infatti, si sono quasi raggiunti i numeri che nonno Fioretto ammirava sorridente svolazzare sul suo vecchio tabi\u00e0 occupato abusivamente, mentre sotto la pergola era seduto comodo sul dondolo di vimini intento a [&hellip;]<\/p>\n","protected":false},"author":2,"featured_media":112601,"comment_status":"closed","ping_status":"open","sticky":false,"template":"","format":"standard","meta":{"footnotes":""},"categories":[1],"tags":[],"class_list":["post-171063","post","type-post","status-publish","format-standard","has-post-thumbnail","category-leo"],"yoast_head":"<!-- This site is optimized with the Yoast SEO plugin v28.4 - https:\/\/yoast.com\/product\/yoast-seo-wordpress\/ -->\n<title>Emozioni. L&#039;assessore, le rondini, i tigli abbattuti, la riforma della caccia e i 20 ettari di vigneti a Bes - Bellunopress - Dolomiti<\/title>\n<meta name=\"robots\" content=\"index, follow, max-snippet:-1, max-image-preview:large, max-video-preview:-1\" \/>\n<link rel=\"canonical\" href=\"https:\/\/www.bellunopress.it\/fr\/2026\/06\/18\/emozioni-lassessore-le-rondini-i-tigli-abbattuti-la-riforma-della-caccia-e-i-20-ettari-di-vigneti-a-bes\/\" \/>\n<meta property=\"og:locale\" content=\"fr_FR\" \/>\n<meta property=\"og:type\" content=\"article\" \/>\n<meta property=\"og:title\" content=\"Emozioni. L&#039;assessore, le rondini, i tigli abbattuti, la riforma della caccia e i 20 ettari di vigneti a Bes - Bellunopress - Dolomiti\" \/>\n<meta property=\"og:description\" content=\"E\u2019 umanamente comprensibile l\u2019emozione vissuta dall\u2019Assessore De Kunovich nell\u2019apprendere che in citt\u00e0 sono planate due nuove coppie di rondini. Con i nuovi arrivi, infatti, si sono quasi raggiunti i numeri che nonno Fioretto ammirava sorridente svolazzare sul suo vecchio tabi\u00e0 occupato abusivamente, mentre sotto la pergola era seduto comodo sul dondolo di vimini intento a [&hellip;]\" \/>\n<meta property=\"og:url\" content=\"https:\/\/www.bellunopress.it\/fr\/2026\/06\/18\/emozioni-lassessore-le-rondini-i-tigli-abbattuti-la-riforma-della-caccia-e-i-20-ettari-di-vigneti-a-bes\/\" \/>\n<meta property=\"og:site_name\" content=\"Bellunopress - Dolomiti\" \/>\n<meta property=\"article:publisher\" content=\"https:\/\/www.facebook.com\/profile.php?id=100008943462799\" \/>\n<meta property=\"article:published_time\" content=\"2026-06-18T18:39:38+00:00\" \/>\n<meta property=\"og:image\" content=\"https:\/\/www.bellunopress.it\/wp-content\/uploads\/2020\/03\/lettere-al-direttore-bellunopress.jpg\" \/>\n\t<meta property=\"og:image:width\" content=\"677\" \/>\n\t<meta property=\"og:image:height\" content=\"454\" \/>\n\t<meta property=\"og:image:type\" content=\"image\/jpeg\" \/>\n<meta name=\"author\" content=\"redazione\" \/>\n<meta name=\"twitter:card\" content=\"summary_large_image\" \/>\n<meta name=\"twitter:creator\" content=\"@bellunopress\" \/>\n<meta name=\"twitter:site\" content=\"@bellunopress\" \/>\n<meta name=\"twitter:label1\" content=\"\u00c9crit par\" \/>\n\t<meta name=\"twitter:data1\" content=\"redazione\" \/>\n\t<meta name=\"twitter:label2\" content=\"Dur\u00e9e de lecture estim\u00e9e\" \/>\n\t<meta name=\"twitter:data2\" content=\"3 minutes\" \/>\n<script type=\"application\/ld+json\" class=\"yoast-schema-graph\">{\"@context\":\"https:\\\/\\\/schema.org\",\"@graph\":[{\"@type\":\"Article\",\"@id\":\"https:\\\/\\\/www.bellunopress.it\\\/2026\\\/06\\\/18\\\/emozioni-lassessore-le-rondini-i-tigli-abbattuti-la-riforma-della-caccia-e-i-20-ettari-di-vigneti-a-bes\\\/#article\",\"isPartOf\":{\"@id\":\"https:\\\/\\\/www.bellunopress.it\\\/2026\\\/06\\\/18\\\/emozioni-lassessore-le-rondini-i-tigli-abbattuti-la-riforma-della-caccia-e-i-20-ettari-di-vigneti-a-bes\\\/\"},\"author\":{\"name\":\"redazione\",\"@id\":\"https:\\\/\\\/www.bellunopress.it\\\/#\\\/schema\\\/person\\\/79bb06722b37ece1c03d3e94beb30d73\"},\"headline\":\"Emozioni. L&#8217;assessore, le rondini, i tigli abbattuti, la riforma della caccia e i 20 ettari di vigneti a Bes\",\"datePublished\":\"2026-06-18T18:39:38+00:00\",\"mainEntityOfPage\":{\"@id\":\"https:\\\/\\\/www.bellunopress.it\\\/2026\\\/06\\\/18\\\/emozioni-lassessore-le-rondini-i-tigli-abbattuti-la-riforma-della-caccia-e-i-20-ettari-di-vigneti-a-bes\\\/\"},\"wordCount\":519,\"publisher\":{\"@id\":\"https:\\\/\\\/www.bellunopress.it\\\/#organization\"},\"image\":{\"@id\":\"https:\\\/\\\/www.bellunopress.it\\\/2026\\\/06\\\/18\\\/emozioni-lassessore-le-rondini-i-tigli-abbattuti-la-riforma-della-caccia-e-i-20-ettari-di-vigneti-a-bes\\\/#primaryimage\"},\"thumbnailUrl\":\"https:\\\/\\\/www.bellunopress.it\\\/wp-content\\\/uploads\\\/2020\\\/03\\\/lettere-al-direttore-bellunopress.jpg\",\"articleSection\":[\"Lettere Opinioni\"],\"inLanguage\":\"fr-FR\"},{\"@type\":\"WebPage\",\"@id\":\"https:\\\/\\\/www.bellunopress.it\\\/2026\\\/06\\\/18\\\/emozioni-lassessore-le-rondini-i-tigli-abbattuti-la-riforma-della-caccia-e-i-20-ettari-di-vigneti-a-bes\\\/\",\"url\":\"https:\\\/\\\/www.bellunopress.it\\\/2026\\\/06\\\/18\\\/emozioni-lassessore-le-rondini-i-tigli-abbattuti-la-riforma-della-caccia-e-i-20-ettari-di-vigneti-a-bes\\\/\",\"name\":\"Emozioni. L'assessore, le rondini, i tigli abbattuti, la riforma della caccia e i 20 ettari di vigneti a Bes - Bellunopress - Dolomiti\",\"isPartOf\":{\"@id\":\"https:\\\/\\\/www.bellunopress.it\\\/#website\"},\"primaryImageOfPage\":{\"@id\":\"https:\\\/\\\/www.bellunopress.it\\\/2026\\\/06\\\/18\\\/emozioni-lassessore-le-rondini-i-tigli-abbattuti-la-riforma-della-caccia-e-i-20-ettari-di-vigneti-a-bes\\\/#primaryimage\"},\"image\":{\"@id\":\"https:\\\/\\\/www.bellunopress.it\\\/2026\\\/06\\\/18\\\/emozioni-lassessore-le-rondini-i-tigli-abbattuti-la-riforma-della-caccia-e-i-20-ettari-di-vigneti-a-bes\\\/#primaryimage\"},\"thumbnailUrl\":\"https:\\\/\\\/www.bellunopress.it\\\/wp-content\\\/uploads\\\/2020\\\/03\\\/lettere-al-direttore-bellunopress.jpg\",\"datePublished\":\"2026-06-18T18:39:38+00:00\",\"breadcrumb\":{\"@id\":\"https:\\\/\\\/www.bellunopress.it\\\/2026\\\/06\\\/18\\\/emozioni-lassessore-le-rondini-i-tigli-abbattuti-la-riforma-della-caccia-e-i-20-ettari-di-vigneti-a-bes\\\/#breadcrumb\"},\"inLanguage\":\"fr-FR\",\"potentialAction\":[{\"@type\":\"ReadAction\",\"target\":[\"https:\\\/\\\/www.bellunopress.it\\\/2026\\\/06\\\/18\\\/emozioni-lassessore-le-rondini-i-tigli-abbattuti-la-riforma-della-caccia-e-i-20-ettari-di-vigneti-a-bes\\\/\"]}]},{\"@type\":\"ImageObject\",\"inLanguage\":\"fr-FR\",\"@id\":\"https:\\\/\\\/www.bellunopress.it\\\/2026\\\/06\\\/18\\\/emozioni-lassessore-le-rondini-i-tigli-abbattuti-la-riforma-della-caccia-e-i-20-ettari-di-vigneti-a-bes\\\/#primaryimage\",\"url\":\"https:\\\/\\\/www.bellunopress.it\\\/wp-content\\\/uploads\\\/2020\\\/03\\\/lettere-al-direttore-bellunopress.jpg\",\"contentUrl\":\"https:\\\/\\\/www.bellunopress.it\\\/wp-content\\\/uploads\\\/2020\\\/03\\\/lettere-al-direttore-bellunopress.jpg\",\"width\":677,\"height\":454,\"caption\":\"lettera al direttore\"},{\"@type\":\"BreadcrumbList\",\"@id\":\"https:\\\/\\\/www.bellunopress.it\\\/2026\\\/06\\\/18\\\/emozioni-lassessore-le-rondini-i-tigli-abbattuti-la-riforma-della-caccia-e-i-20-ettari-di-vigneti-a-bes\\\/#breadcrumb\",\"itemListElement\":[{\"@type\":\"ListItem\",\"position\":1,\"name\":\"Home\",\"item\":\"https:\\\/\\\/www.bellunopress.it\\\/\"},{\"@type\":\"ListItem\",\"position\":2,\"name\":\"Emozioni. L&#8217;assessore, le rondini, i tigli abbattuti, la riforma della caccia e i 20 ettari di vigneti a Bes\"}]},{\"@type\":\"WebSite\",\"@id\":\"https:\\\/\\\/www.bellunopress.it\\\/#website\",\"url\":\"https:\\\/\\\/www.bellunopress.it\\\/\",\"name\":\"Bellunopress - Dolomiti\",\"description\":\"e-mail: redazione@bellunopress.it\",\"publisher\":{\"@id\":\"https:\\\/\\\/www.bellunopress.it\\\/#organization\"},\"potentialAction\":[{\"@type\":\"SearchAction\",\"target\":{\"@type\":\"EntryPoint\",\"urlTemplate\":\"https:\\\/\\\/www.bellunopress.it\\\/?s={search_term_string}\"},\"query-input\":{\"@type\":\"PropertyValueSpecification\",\"valueRequired\":true,\"valueName\":\"search_term_string\"}}],\"inLanguage\":\"fr-FR\"},{\"@type\":\"Organization\",\"@id\":\"https:\\\/\\\/www.bellunopress.it\\\/#organization\",\"name\":\"Bellunopress\",\"url\":\"https:\\\/\\\/www.bellunopress.it\\\/\",\"logo\":{\"@type\":\"ImageObject\",\"inLanguage\":\"fr-FR\",\"@id\":\"https:\\\/\\\/www.bellunopress.it\\\/#\\\/schema\\\/logo\\\/image\\\/\",\"url\":\"https:\\\/\\\/www.bellunopress.it\\\/wp-content\\\/uploads\\\/2011\\\/05\\\/cropped-logo-bellunopress-.jpg\",\"contentUrl\":\"https:\\\/\\\/www.bellunopress.it\\\/wp-content\\\/uploads\\\/2011\\\/05\\\/cropped-logo-bellunopress-.jpg\",\"width\":512,\"height\":512,\"caption\":\"Bellunopress\"},\"image\":{\"@id\":\"https:\\\/\\\/www.bellunopress.it\\\/#\\\/schema\\\/logo\\\/image\\\/\"},\"sameAs\":[\"https:\\\/\\\/www.facebook.com\\\/profile.php?id=100008943462799\",\"https:\\\/\\\/x.com\\\/bellunopress\",\"https:\\\/\\\/www.linkedin.com\\\/hp\\\/?dnr=JBzUWaJfMUw8vbXJJ2tVW5-I3jZKvC4wsoxE&amp;amp;amp;amp;amp;amp;trk=nav_responsive_tab_home\",\"https:\\\/\\\/www.youtube.com\\\/channel\\\/UCxL0wu1uN0_3_7hGG0306cw\"]},{\"@type\":\"Person\",\"@id\":\"https:\\\/\\\/www.bellunopress.it\\\/#\\\/schema\\\/person\\\/79bb06722b37ece1c03d3e94beb30d73\",\"name\":\"redazione\",\"image\":{\"@type\":\"ImageObject\",\"inLanguage\":\"fr-FR\",\"@id\":\"https:\\\/\\\/secure.gravatar.com\\\/avatar\\\/37d968a2e67a6fd04c169c4bdef102d0bc5d31b2546345219e348575eb80e9a0?s=96&d=mm&r=g\",\"url\":\"https:\\\/\\\/secure.gravatar.com\\\/avatar\\\/37d968a2e67a6fd04c169c4bdef102d0bc5d31b2546345219e348575eb80e9a0?s=96&d=mm&r=g\",\"contentUrl\":\"https:\\\/\\\/secure.gravatar.com\\\/avatar\\\/37d968a2e67a6fd04c169c4bdef102d0bc5d31b2546345219e348575eb80e9a0?s=96&d=mm&r=g\",\"caption\":\"redazione\"},\"sameAs\":[\"http:\\\/\\\/www.bellunopress.it\",\"https:\\\/\\\/x.com\\\/bellunopress\"],\"url\":\"https:\\\/\\\/www.bellunopress.it\\\/fr\\\/author\\\/redazione\\\/\"}]}<\/script>\n<!-- \/ Yoast SEO plugin. -->","yoast_head_json":{"title":"Emozioni. L'assessore, le rondini, i tigli abbattuti, la riforma della caccia e i 20 ettari di vigneti a Bes - Bellunopress - Dolomiti","robots":{"index":"index","follow":"follow","max-snippet":"max-snippet:-1","max-image-preview":"max-image-preview:large","max-video-preview":"max-video-preview:-1"},"canonical":"https:\/\/www.bellunopress.it\/fr\/2026\/06\/18\/emozioni-lassessore-le-rondini-i-tigli-abbattuti-la-riforma-della-caccia-e-i-20-ettari-di-vigneti-a-bes\/","og_locale":"fr_FR","og_type":"article","og_title":"Emozioni. L'assessore, le rondini, i tigli abbattuti, la riforma della caccia e i 20 ettari di vigneti a Bes - Bellunopress - Dolomiti","og_description":"E\u2019 umanamente comprensibile l\u2019emozione vissuta dall\u2019Assessore De Kunovich nell\u2019apprendere che in citt\u00e0 sono planate due nuove coppie di rondini. Con i nuovi arrivi, infatti, si sono quasi raggiunti i numeri che nonno Fioretto ammirava sorridente svolazzare sul suo vecchio tabi\u00e0 occupato abusivamente, mentre sotto la pergola era seduto comodo sul dondolo di vimini intento a [&hellip;]","og_url":"https:\/\/www.bellunopress.it\/fr\/2026\/06\/18\/emozioni-lassessore-le-rondini-i-tigli-abbattuti-la-riforma-della-caccia-e-i-20-ettari-di-vigneti-a-bes\/","og_site_name":"Bellunopress - Dolomiti","article_publisher":"https:\/\/www.facebook.com\/profile.php?id=100008943462799","article_published_time":"2026-06-18T18:39:38+00:00","og_image":[{"width":677,"height":454,"url":"https:\/\/www.bellunopress.it\/wp-content\/uploads\/2020\/03\/lettere-al-direttore-bellunopress.jpg","type":"image\/jpeg"}],"author":"redazione","twitter_card":"summary_large_image","twitter_creator":"@bellunopress","twitter_site":"@bellunopress","twitter_misc":{"\u00c9crit par":"redazione","Dur\u00e9e de lecture estim\u00e9e":"3 minutes"},"schema":{"@context":"https:\/\/schema.org","@graph":[{"@type":"Article","@id":"https:\/\/www.bellunopress.it\/2026\/06\/18\/emozioni-lassessore-le-rondini-i-tigli-abbattuti-la-riforma-della-caccia-e-i-20-ettari-di-vigneti-a-bes\/#article","isPartOf":{"@id":"https:\/\/www.bellunopress.it\/2026\/06\/18\/emozioni-lassessore-le-rondini-i-tigli-abbattuti-la-riforma-della-caccia-e-i-20-ettari-di-vigneti-a-bes\/"},"author":{"name":"redazione","@id":"https:\/\/www.bellunopress.it\/#\/schema\/person\/79bb06722b37ece1c03d3e94beb30d73"},"headline":"Emozioni. L&#8217;assessore, le rondini, i tigli abbattuti, la riforma della caccia e i 20 ettari di vigneti a Bes","datePublished":"2026-06-18T18:39:38+00:00","mainEntityOfPage":{"@id":"https:\/\/www.bellunopress.it\/2026\/06\/18\/emozioni-lassessore-le-rondini-i-tigli-abbattuti-la-riforma-della-caccia-e-i-20-ettari-di-vigneti-a-bes\/"},"wordCount":519,"publisher":{"@id":"https:\/\/www.bellunopress.it\/#organization"},"image":{"@id":"https:\/\/www.bellunopress.it\/2026\/06\/18\/emozioni-lassessore-le-rondini-i-tigli-abbattuti-la-riforma-della-caccia-e-i-20-ettari-di-vigneti-a-bes\/#primaryimage"},"thumbnailUrl":"https:\/\/www.bellunopress.it\/wp-content\/uploads\/2020\/03\/lettere-al-direttore-bellunopress.jpg","articleSection":["Lettere Opinioni"],"inLanguage":"fr-FR"},{"@type":"WebPage","@id":"https:\/\/www.bellunopress.it\/2026\/06\/18\/emozioni-lassessore-le-rondini-i-tigli-abbattuti-la-riforma-della-caccia-e-i-20-ettari-di-vigneti-a-bes\/","url":"https:\/\/www.bellunopress.it\/2026\/06\/18\/emozioni-lassessore-le-rondini-i-tigli-abbattuti-la-riforma-della-caccia-e-i-20-ettari-di-vigneti-a-bes\/","name":"Emozioni. L'assessore, le rondini, i tigli abbattuti, la riforma della caccia e i 20 ettari di vigneti a Bes - Bellunopress - Dolomiti","isPartOf":{"@id":"https:\/\/www.bellunopress.it\/#website"},"primaryImageOfPage":{"@id":"https:\/\/www.bellunopress.it\/2026\/06\/18\/emozioni-lassessore-le-rondini-i-tigli-abbattuti-la-riforma-della-caccia-e-i-20-ettari-di-vigneti-a-bes\/#primaryimage"},"image":{"@id":"https:\/\/www.bellunopress.it\/2026\/06\/18\/emozioni-lassessore-le-rondini-i-tigli-abbattuti-la-riforma-della-caccia-e-i-20-ettari-di-vigneti-a-bes\/#primaryimage"},"thumbnailUrl":"https:\/\/www.bellunopress.it\/wp-content\/uploads\/2020\/03\/lettere-al-direttore-bellunopress.jpg","datePublished":"2026-06-18T18:39:38+00:00","breadcrumb":{"@id":"https:\/\/www.bellunopress.it\/2026\/06\/18\/emozioni-lassessore-le-rondini-i-tigli-abbattuti-la-riforma-della-caccia-e-i-20-ettari-di-vigneti-a-bes\/#breadcrumb"},"inLanguage":"fr-FR","potentialAction":[{"@type":"ReadAction","target":["https:\/\/www.bellunopress.it\/2026\/06\/18\/emozioni-lassessore-le-rondini-i-tigli-abbattuti-la-riforma-della-caccia-e-i-20-ettari-di-vigneti-a-bes\/"]}]},{"@type":"ImageObject","inLanguage":"fr-FR","@id":"https:\/\/www.bellunopress.it\/2026\/06\/18\/emozioni-lassessore-le-rondini-i-tigli-abbattuti-la-riforma-della-caccia-e-i-20-ettari-di-vigneti-a-bes\/#primaryimage","url":"https:\/\/www.bellunopress.it\/wp-content\/uploads\/2020\/03\/lettere-al-direttore-bellunopress.jpg","contentUrl":"https:\/\/www.bellunopress.it\/wp-content\/uploads\/2020\/03\/lettere-al-direttore-bellunopress.jpg","width":677,"height":454,"caption":"lettera al direttore"},{"@type":"BreadcrumbList","@id":"https:\/\/www.bellunopress.it\/2026\/06\/18\/emozioni-lassessore-le-rondini-i-tigli-abbattuti-la-riforma-della-caccia-e-i-20-ettari-di-vigneti-a-bes\/#breadcrumb","itemListElement":[{"@type":"ListItem","position":1,"name":"Home","item":"https:\/\/www.bellunopress.it\/"},{"@type":"ListItem","position":2,"name":"Emozioni. L&#8217;assessore, le rondini, i tigli abbattuti, la riforma della caccia e i 20 ettari di vigneti a Bes"}]},{"@type":"WebSite","@id":"https:\/\/www.bellunopress.it\/#website","url":"https:\/\/www.bellunopress.it\/","name":"Bellunopress - Dolomiti","description":"e-mail: redazione@bellunopress.it","publisher":{"@id":"https:\/\/www.bellunopress.it\/#organization"},"potentialAction":[{"@type":"SearchAction","target":{"@type":"EntryPoint","urlTemplate":"https:\/\/www.bellunopress.it\/?s={search_term_string}"},"query-input":{"@type":"PropertyValueSpecification","valueRequired":true,"valueName":"search_term_string"}}],"inLanguage":"fr-FR"},{"@type":"Organization","@id":"https:\/\/www.bellunopress.it\/#organization","name":"Bellunopress","url":"https:\/\/www.bellunopress.it\/","logo":{"@type":"ImageObject","inLanguage":"fr-FR","@id":"https:\/\/www.bellunopress.it\/#\/schema\/logo\/image\/","url":"https:\/\/www.bellunopress.it\/wp-content\/uploads\/2011\/05\/cropped-logo-bellunopress-.jpg","contentUrl":"https:\/\/www.bellunopress.it\/wp-content\/uploads\/2011\/05\/cropped-logo-bellunopress-.jpg","width":512,"height":512,"caption":"Bellunopress"},"image":{"@id":"https:\/\/www.bellunopress.it\/#\/schema\/logo\/image\/"},"sameAs":["https:\/\/www.facebook.com\/profile.php?id=100008943462799","https:\/\/x.com\/bellunopress","https:\/\/www.linkedin.com\/hp\/?dnr=JBzUWaJfMUw8vbXJJ2tVW5-I3jZKvC4wsoxE&amp;amp;amp;amp;amp;amp;trk=nav_responsive_tab_home","https:\/\/www.youtube.com\/channel\/UCxL0wu1uN0_3_7hGG0306cw"]},{"@type":"Person","@id":"https:\/\/www.bellunopress.it\/#\/schema\/person\/79bb06722b37ece1c03d3e94beb30d73","name":"r\u00e9daction","image":{"@type":"ImageObject","inLanguage":"fr-FR","@id":"https:\/\/secure.gravatar.com\/avatar\/37d968a2e67a6fd04c169c4bdef102d0bc5d31b2546345219e348575eb80e9a0?s=96&d=mm&r=g","url":"https:\/\/secure.gravatar.com\/avatar\/37d968a2e67a6fd04c169c4bdef102d0bc5d31b2546345219e348575eb80e9a0?s=96&d=mm&r=g","contentUrl":"https:\/\/secure.gravatar.com\/avatar\/37d968a2e67a6fd04c169c4bdef102d0bc5d31b2546345219e348575eb80e9a0?s=96&d=mm&r=g","caption":"redazione"},"sameAs":["http:\/\/www.bellunopress.it","https:\/\/x.com\/bellunopress"],"url":"https:\/\/www.bellunopress.it\/fr\/author\/redazione\/"}]}},"_links":{"self":[{"href":"https:\/\/www.bellunopress.it\/fr\/wp-json\/wp\/v2\/posts\/171063","targetHints":{"allow":["GET"]}}],"collection":[{"href":"https:\/\/www.bellunopress.it\/fr\/wp-json\/wp\/v2\/posts"}],"about":[{"href":"https:\/\/www.bellunopress.it\/fr\/wp-json\/wp\/v2\/types\/post"}],"author":[{"embeddable":true,"href":"https:\/\/www.bellunopress.it\/fr\/wp-json\/wp\/v2\/users\/2"}],"replies":[{"embeddable":true,"href":"https:\/\/www.bellunopress.it\/fr\/wp-json\/wp\/v2\/comments?post=171063"}],"version-history":[{"count":1,"href":"https:\/\/www.bellunopress.it\/fr\/wp-json\/wp\/v2\/posts\/171063\/revisions"}],"predecessor-version":[{"id":171064,"href":"https:\/\/www.bellunopress.it\/fr\/wp-json\/wp\/v2\/posts\/171063\/revisions\/171064"}],"wp:featuredmedia":[{"embeddable":true,"href":"https:\/\/www.bellunopress.it\/fr\/wp-json\/wp\/v2\/media\/112601"}],"wp:attachment":[{"href":"https:\/\/www.bellunopress.it\/fr\/wp-json\/wp\/v2\/media?parent=171063"}],"wp:term":[{"taxonomy":"category","embeddable":true,"href":"https:\/\/www.bellunopress.it\/fr\/wp-json\/wp\/v2\/categories?post=171063"},{"taxonomy":"post_tag","embeddable":true,"href":"https:\/\/www.bellunopress.it\/fr\/wp-json\/wp\/v2\/tags?post=171063"}],"curies":[{"name":"wp","href":"https:\/\/api.w.org\/{rel}","templated":true}]}}