{"id":171061,"date":"2026-06-18T20:21:19","date_gmt":"2026-06-18T18:21:19","guid":{"rendered":"https:\/\/www.bellunopress.it\/?p=171061"},"modified":"2026-06-18T20:21:19","modified_gmt":"2026-06-18T18:21:19","slug":"sanita-bellunese-bufera-sulla-conferenza-dei-sindaci-giovanifuturo-contesta-il-massimo-dei-voti","status":"publish","type":"post","link":"https:\/\/www.bellunopress.it\/fr\/2026\/06\/18\/sanita-bellunese-bufera-sulla-conferenza-dei-sindaci-giovanifuturo-contesta-il-massimo-dei-voti\/","title":{"rendered":"Sanit\u00e0 bellunese, bufera sulla Conferenza dei Sindaci: Giovani&#038;Futuro contesta il \u201cmassimo dei voti\u201d"},"content":{"rendered":"<p data-path-to-node=\"3\"><b data-path-to-node=\"3\" data-index-in-node=\"0\">Il movimento contesta duramente l\u2019esito della votazione sull\u2019operato del Commissario Dal Ben, definendola una \u201cscelta politica fuori dalla realt\u00e0\u201d. Annunciata la richiesta di annullamento in autotutela: \u201cL\u2019esito va ricalcolato sulla media dei voti\u201d.<\/b><\/p>\n<p data-path-to-node=\"4\">Belluno, 18\/06\/2026 &#8211; \u00c8 scontro aperto sulla gestione della sanit\u00e0 bellunese. L\u2019esito della recente Conferenza dei Sindaci dell\u2019ULSS 1 Dolomiti, che ha espresso una valutazione positiva sul lavoro del Commissario Giuseppe Dal Ben, ha sollevato un polverone politico. A scatenare la polemica \u00e8 il movimento Giovani&amp;Futuro, che giudica la decisione di assegnare il \u201cmassimo dei voti\u201d alla sanit\u00e0 locale come una scelta \u201cfuori dalla realt\u00e0\u201d, distante dai problemi quotidiani vissuti dai cittadini e dagli operatori sanitari.<\/p>\n<h3 data-path-to-node=\"5\">\u201cUn messaggio sbagliato ai cittadini\u201d<\/h3>\n<p data-path-to-node=\"6\">Il Presidente di Giovani&amp;Futuro, Luca Frescura, non usa mezzi termini per descrivere lo scenario emerso dall\u2019incontro: \u201c\u00c8 un messaggio sbagliato ai cittadini, alle famiglie e agli operatori sanitari\u201d. Per Frescura, la convergenza tra destra e sinistra nel conferire il massimo punteggio alla gestione dell\u2019ULSS nasconde una realt\u00e0 ben pi\u00f9 complessa: quella di persone che lottano per accedere alle cure pubbliche e di un personale sanitario che opera in condizioni di costante difficolt\u00e0. \u201cA loro qualcuno dovr\u00e0 spiegare perch\u00e9 questa sanit\u00e0 meriterebbe il massimo\u201d, incalza il Presidente del movimento.<\/p>\n<h3 data-path-to-node=\"7\">La battaglia sul metodo: \u201cVoti sterilizzati\u201d<\/h3>\n<p data-path-to-node=\"8\">Ma la protesta di Giovani&amp;Futuro non si ferma al merito politico; entra nel vivo di una questione procedurale che il movimento considera un\u2019anomalia. Secondo Frescura, la votazione non doveva essere trattata come una semplice mozione da approvare a maggioranza: \u201cNon si stava votando una proposta politica, si stava esprimendo un giudizio sull\u2019operato della direzione sanitaria. Se i Sindaci esprimono voti diversi, quei voti devono pesare tutti. Non possono essere cancellati solo perch\u00e9 una maggioranza ha scelto il punteggio massimo\u201d.<\/p>\n<p data-path-to-node=\"9\">Per il movimento, la soluzione corretta e trasparente sarebbe stata calcolare la media dei voti espressi, evitando cos\u00ec che il voto segreto diventasse uno strumento per mascherare le divergenze e proclamare un risultato artificialmente uniforme.<\/p>\n<h3 data-path-to-node=\"10\">Richiesta di annullamento in autotutela<\/h3>\n<p data-path-to-node=\"11\">La faccenda si sposta ora sul piano istituzionale. Thomas Menia Corbanese, sindaco di Danta di Cadore e Vicepresidente nazionale di Giovani&amp;Futuro, e Luca Olivotto, sindaco di Borca di Cadore e Presidente provinciale, hanno annunciato l\u2019invio di una richiesta formale alla Conferenza dei Sindaci per ottenere l\u2019annullamento e la rettifica dell\u2019esito in autotutela.<\/p>\n<p data-path-to-node=\"12\">I due primi cittadini richiamano il Regolamento della Conferenza, sottolineando la distinzione tra le proposte politiche, soggette a maggioranza, e i giudizi sulle persone, che richiedono un procedimento diverso. \u201cNon vogliamo impedire a nessuno di esprimere la propria opinione\u201d, chiariscono Menia Corbanese e Olivotto, \u201cma se una parte dei Sindaci ha espresso un punteggio inferiore, quel voto non pu\u00f2 essere sterilizzato. Deve concorrere alla valutazione finale. La Conferenza deve rappresentare la volont\u00e0 complessiva dell\u2019organo, non solo quella della maggioranza\u201d.<\/p>\n<p data-path-to-node=\"13\">La palla passa ora alla Conferenza dei Sindaci, chiamata a decidere se mantenere la linea fin qui tracciata o accogliere le istanze di revisione sollevate dai rappresentanti di Giovani&amp;Futuro.<\/p>","protected":false},"excerpt":{"rendered":"<p>Il movimento contesta duramente l\u2019esito della votazione sull\u2019operato del Commissario Dal Ben, definendola una \u201cscelta politica fuori dalla realt\u00e0\u201d. Annunciata la richiesta di annullamento in autotutela: \u201cL\u2019esito va ricalcolato sulla media dei voti\u201d. Belluno, 18\/06\/2026 &#8211; \u00c8 scontro aperto sulla gestione della sanit\u00e0 bellunese. L\u2019esito della recente Conferenza dei Sindaci dell\u2019ULSS 1 Dolomiti, che ha [&hellip;]<\/p>\n","protected":false},"author":2,"featured_media":170493,"comment_status":"closed","ping_status":"open","sticky":false,"template":"","format":"standard","meta":{"footnotes":""},"categories":[5,26,17],"tags":[],"class_list":["post-171061","post","type-post","status-publish","format-standard","has-post-thumbnail","category-cronaca","category-prima-pagina","category-sanita"],"yoast_head":"<!-- This site is optimized with the Yoast SEO plugin v28.4 - https:\/\/yoast.com\/product\/yoast-seo-wordpress\/ -->\n<title>Sanit\u00e0 bellunese, bufera sulla Conferenza dei Sindaci: Giovani&amp;Futuro contesta il \u201cmassimo dei voti\u201d - Bellunopress - Dolomiti<\/title>\n<meta name=\"robots\" content=\"index, follow, max-snippet:-1, max-image-preview:large, max-video-preview:-1\" \/>\n<link rel=\"canonical\" href=\"https:\/\/www.bellunopress.it\/fr\/2026\/06\/18\/sanita-bellunese-bufera-sulla-conferenza-dei-sindaci-giovanifuturo-contesta-il-massimo-dei-voti\/\" \/>\n<meta property=\"og:locale\" content=\"fr_FR\" \/>\n<meta property=\"og:type\" content=\"article\" \/>\n<meta property=\"og:title\" content=\"Sanit\u00e0 bellunese, bufera sulla Conferenza dei Sindaci: Giovani&amp;Futuro contesta il \u201cmassimo dei voti\u201d - Bellunopress - Dolomiti\" \/>\n<meta property=\"og:description\" content=\"Il movimento contesta duramente l\u2019esito della votazione sull\u2019operato del Commissario Dal Ben, definendola una \u201cscelta politica fuori dalla realt\u00e0\u201d. Annunciata la richiesta di annullamento in autotutela: \u201cL\u2019esito va ricalcolato sulla media dei voti\u201d. Belluno, 18\/06\/2026 &#8211; \u00c8 scontro aperto sulla gestione della sanit\u00e0 bellunese. L\u2019esito della recente Conferenza dei Sindaci dell\u2019ULSS 1 Dolomiti, che ha [&hellip;]\" \/>\n<meta property=\"og:url\" content=\"https:\/\/www.bellunopress.it\/fr\/2026\/06\/18\/sanita-bellunese-bufera-sulla-conferenza-dei-sindaci-giovanifuturo-contesta-il-massimo-dei-voti\/\" \/>\n<meta property=\"og:site_name\" content=\"Bellunopress - Dolomiti\" \/>\n<meta property=\"article:publisher\" content=\"https:\/\/www.facebook.com\/profile.php?id=100008943462799\" \/>\n<meta property=\"article:published_time\" content=\"2026-06-18T18:21:19+00:00\" \/>\n<meta property=\"og:image\" content=\"https:\/\/www.bellunopress.it\/wp-content\/uploads\/2026\/05\/Luca-Frescura-GiovaniFuturo.jpg\" \/>\n\t<meta property=\"og:image:width\" content=\"500\" \/>\n\t<meta property=\"og:image:height\" content=\"445\" \/>\n\t<meta property=\"og:image:type\" content=\"image\/jpeg\" \/>\n<meta name=\"author\" content=\"redazione\" \/>\n<meta name=\"twitter:card\" content=\"summary_large_image\" \/>\n<meta name=\"twitter:creator\" content=\"@bellunopress\" \/>\n<meta name=\"twitter:site\" content=\"@bellunopress\" \/>\n<meta name=\"twitter:label1\" content=\"\u00c9crit par\" \/>\n\t<meta name=\"twitter:data1\" content=\"redazione\" \/>\n\t<meta name=\"twitter:label2\" content=\"Dur\u00e9e de lecture estim\u00e9e\" \/>\n\t<meta name=\"twitter:data2\" content=\"3 minutes\" \/>\n<script type=\"application\/ld+json\" class=\"yoast-schema-graph\">{\"@context\":\"https:\\\/\\\/schema.org\",\"@graph\":[{\"@type\":\"Article\",\"@id\":\"https:\\\/\\\/www.bellunopress.it\\\/2026\\\/06\\\/18\\\/sanita-bellunese-bufera-sulla-conferenza-dei-sindaci-giovanifuturo-contesta-il-massimo-dei-voti\\\/#article\",\"isPartOf\":{\"@id\":\"https:\\\/\\\/www.bellunopress.it\\\/2026\\\/06\\\/18\\\/sanita-bellunese-bufera-sulla-conferenza-dei-sindaci-giovanifuturo-contesta-il-massimo-dei-voti\\\/\"},\"author\":{\"name\":\"redazione\",\"@id\":\"https:\\\/\\\/www.bellunopress.it\\\/#\\\/schema\\\/person\\\/79bb06722b37ece1c03d3e94beb30d73\"},\"headline\":\"Sanit\u00e0 bellunese, bufera sulla Conferenza dei Sindaci: Giovani&#038;Futuro contesta il \u201cmassimo dei voti\u201d\",\"datePublished\":\"2026-06-18T18:21:19+00:00\",\"mainEntityOfPage\":{\"@id\":\"https:\\\/\\\/www.bellunopress.it\\\/2026\\\/06\\\/18\\\/sanita-bellunese-bufera-sulla-conferenza-dei-sindaci-giovanifuturo-contesta-il-massimo-dei-voti\\\/\"},\"wordCount\":519,\"publisher\":{\"@id\":\"https:\\\/\\\/www.bellunopress.it\\\/#organization\"},\"image\":{\"@id\":\"https:\\\/\\\/www.bellunopress.it\\\/2026\\\/06\\\/18\\\/sanita-bellunese-bufera-sulla-conferenza-dei-sindaci-giovanifuturo-contesta-il-massimo-dei-voti\\\/#primaryimage\"},\"thumbnailUrl\":\"https:\\\/\\\/www.bellunopress.it\\\/wp-content\\\/uploads\\\/2026\\\/05\\\/Luca-Frescura-GiovaniFuturo.jpg\",\"articleSection\":[\"Cronaca\\\/Politica\",\"Prima Pagina\",\"Sanit\u00e0 Medicina\"],\"inLanguage\":\"fr-FR\"},{\"@type\":\"WebPage\",\"@id\":\"https:\\\/\\\/www.bellunopress.it\\\/2026\\\/06\\\/18\\\/sanita-bellunese-bufera-sulla-conferenza-dei-sindaci-giovanifuturo-contesta-il-massimo-dei-voti\\\/\",\"url\":\"https:\\\/\\\/www.bellunopress.it\\\/2026\\\/06\\\/18\\\/sanita-bellunese-bufera-sulla-conferenza-dei-sindaci-giovanifuturo-contesta-il-massimo-dei-voti\\\/\",\"name\":\"Sanit\u00e0 bellunese, bufera sulla Conferenza dei Sindaci: Giovani&Futuro contesta il \u201cmassimo dei voti\u201d - Bellunopress - Dolomiti\",\"isPartOf\":{\"@id\":\"https:\\\/\\\/www.bellunopress.it\\\/#website\"},\"primaryImageOfPage\":{\"@id\":\"https:\\\/\\\/www.bellunopress.it\\\/2026\\\/06\\\/18\\\/sanita-bellunese-bufera-sulla-conferenza-dei-sindaci-giovanifuturo-contesta-il-massimo-dei-voti\\\/#primaryimage\"},\"image\":{\"@id\":\"https:\\\/\\\/www.bellunopress.it\\\/2026\\\/06\\\/18\\\/sanita-bellunese-bufera-sulla-conferenza-dei-sindaci-giovanifuturo-contesta-il-massimo-dei-voti\\\/#primaryimage\"},\"thumbnailUrl\":\"https:\\\/\\\/www.bellunopress.it\\\/wp-content\\\/uploads\\\/2026\\\/05\\\/Luca-Frescura-GiovaniFuturo.jpg\",\"datePublished\":\"2026-06-18T18:21:19+00:00\",\"breadcrumb\":{\"@id\":\"https:\\\/\\\/www.bellunopress.it\\\/2026\\\/06\\\/18\\\/sanita-bellunese-bufera-sulla-conferenza-dei-sindaci-giovanifuturo-contesta-il-massimo-dei-voti\\\/#breadcrumb\"},\"inLanguage\":\"fr-FR\",\"potentialAction\":[{\"@type\":\"ReadAction\",\"target\":[\"https:\\\/\\\/www.bellunopress.it\\\/2026\\\/06\\\/18\\\/sanita-bellunese-bufera-sulla-conferenza-dei-sindaci-giovanifuturo-contesta-il-massimo-dei-voti\\\/\"]}]},{\"@type\":\"ImageObject\",\"inLanguage\":\"fr-FR\",\"@id\":\"https:\\\/\\\/www.bellunopress.it\\\/2026\\\/06\\\/18\\\/sanita-bellunese-bufera-sulla-conferenza-dei-sindaci-giovanifuturo-contesta-il-massimo-dei-voti\\\/#primaryimage\",\"url\":\"https:\\\/\\\/www.bellunopress.it\\\/wp-content\\\/uploads\\\/2026\\\/05\\\/Luca-Frescura-GiovaniFuturo.jpg\",\"contentUrl\":\"https:\\\/\\\/www.bellunopress.it\\\/wp-content\\\/uploads\\\/2026\\\/05\\\/Luca-Frescura-GiovaniFuturo.jpg\",\"width\":500,\"height\":445,\"caption\":\"Luca Frescura, presidente di Giovani&Futuro\"},{\"@type\":\"BreadcrumbList\",\"@id\":\"https:\\\/\\\/www.bellunopress.it\\\/2026\\\/06\\\/18\\\/sanita-bellunese-bufera-sulla-conferenza-dei-sindaci-giovanifuturo-contesta-il-massimo-dei-voti\\\/#breadcrumb\",\"itemListElement\":[{\"@type\":\"ListItem\",\"position\":1,\"name\":\"Home\",\"item\":\"https:\\\/\\\/www.bellunopress.it\\\/\"},{\"@type\":\"ListItem\",\"position\":2,\"name\":\"Sanit\u00e0 bellunese, bufera sulla Conferenza dei Sindaci: Giovani&#038;Futuro contesta il \u201cmassimo dei voti\u201d\"}]},{\"@type\":\"WebSite\",\"@id\":\"https:\\\/\\\/www.bellunopress.it\\\/#website\",\"url\":\"https:\\\/\\\/www.bellunopress.it\\\/\",\"name\":\"Bellunopress - Dolomiti\",\"description\":\"e-mail: redazione@bellunopress.it\",\"publisher\":{\"@id\":\"https:\\\/\\\/www.bellunopress.it\\\/#organization\"},\"potentialAction\":[{\"@type\":\"SearchAction\",\"target\":{\"@type\":\"EntryPoint\",\"urlTemplate\":\"https:\\\/\\\/www.bellunopress.it\\\/?s={search_term_string}\"},\"query-input\":{\"@type\":\"PropertyValueSpecification\",\"valueRequired\":true,\"valueName\":\"search_term_string\"}}],\"inLanguage\":\"fr-FR\"},{\"@type\":\"Organization\",\"@id\":\"https:\\\/\\\/www.bellunopress.it\\\/#organization\",\"name\":\"Bellunopress\",\"url\":\"https:\\\/\\\/www.bellunopress.it\\\/\",\"logo\":{\"@type\":\"ImageObject\",\"inLanguage\":\"fr-FR\",\"@id\":\"https:\\\/\\\/www.bellunopress.it\\\/#\\\/schema\\\/logo\\\/image\\\/\",\"url\":\"https:\\\/\\\/www.bellunopress.it\\\/wp-content\\\/uploads\\\/2011\\\/05\\\/cropped-logo-bellunopress-.jpg\",\"contentUrl\":\"https:\\\/\\\/www.bellunopress.it\\\/wp-content\\\/uploads\\\/2011\\\/05\\\/cropped-logo-bellunopress-.jpg\",\"width\":512,\"height\":512,\"caption\":\"Bellunopress\"},\"image\":{\"@id\":\"https:\\\/\\\/www.bellunopress.it\\\/#\\\/schema\\\/logo\\\/image\\\/\"},\"sameAs\":[\"https:\\\/\\\/www.facebook.com\\\/profile.php?id=100008943462799\",\"https:\\\/\\\/x.com\\\/bellunopress\",\"https:\\\/\\\/www.linkedin.com\\\/hp\\\/?dnr=JBzUWaJfMUw8vbXJJ2tVW5-I3jZKvC4wsoxE&amp;amp;amp;amp;amp;amp;trk=nav_responsive_tab_home\",\"https:\\\/\\\/www.youtube.com\\\/channel\\\/UCxL0wu1uN0_3_7hGG0306cw\"]},{\"@type\":\"Person\",\"@id\":\"https:\\\/\\\/www.bellunopress.it\\\/#\\\/schema\\\/person\\\/79bb06722b37ece1c03d3e94beb30d73\",\"name\":\"redazione\",\"image\":{\"@type\":\"ImageObject\",\"inLanguage\":\"fr-FR\",\"@id\":\"https:\\\/\\\/secure.gravatar.com\\\/avatar\\\/37d968a2e67a6fd04c169c4bdef102d0bc5d31b2546345219e348575eb80e9a0?s=96&d=mm&r=g\",\"url\":\"https:\\\/\\\/secure.gravatar.com\\\/avatar\\\/37d968a2e67a6fd04c169c4bdef102d0bc5d31b2546345219e348575eb80e9a0?s=96&d=mm&r=g\",\"contentUrl\":\"https:\\\/\\\/secure.gravatar.com\\\/avatar\\\/37d968a2e67a6fd04c169c4bdef102d0bc5d31b2546345219e348575eb80e9a0?s=96&d=mm&r=g\",\"caption\":\"redazione\"},\"sameAs\":[\"http:\\\/\\\/www.bellunopress.it\",\"https:\\\/\\\/x.com\\\/bellunopress\"],\"url\":\"https:\\\/\\\/www.bellunopress.it\\\/fr\\\/author\\\/redazione\\\/\"}]}<\/script>\n<!-- \/ Yoast SEO plugin. -->","yoast_head_json":{"title":"Sanit\u00e0 bellunese, bufera sulla Conferenza dei Sindaci: Giovani&Futuro contesta il \u201cmassimo dei voti\u201d - Bellunopress - Dolomiti","robots":{"index":"index","follow":"follow","max-snippet":"max-snippet:-1","max-image-preview":"max-image-preview:large","max-video-preview":"max-video-preview:-1"},"canonical":"https:\/\/www.bellunopress.it\/fr\/2026\/06\/18\/sanita-bellunese-bufera-sulla-conferenza-dei-sindaci-giovanifuturo-contesta-il-massimo-dei-voti\/","og_locale":"fr_FR","og_type":"article","og_title":"Sanit\u00e0 bellunese, bufera sulla Conferenza dei Sindaci: Giovani&Futuro contesta il \u201cmassimo dei voti\u201d - Bellunopress - Dolomiti","og_description":"Il movimento contesta duramente l\u2019esito della votazione sull\u2019operato del Commissario Dal Ben, definendola una \u201cscelta politica fuori dalla realt\u00e0\u201d. Annunciata la richiesta di annullamento in autotutela: \u201cL\u2019esito va ricalcolato sulla media dei voti\u201d. Belluno, 18\/06\/2026 &#8211; \u00c8 scontro aperto sulla gestione della sanit\u00e0 bellunese. L\u2019esito della recente Conferenza dei Sindaci dell\u2019ULSS 1 Dolomiti, che ha [&hellip;]","og_url":"https:\/\/www.bellunopress.it\/fr\/2026\/06\/18\/sanita-bellunese-bufera-sulla-conferenza-dei-sindaci-giovanifuturo-contesta-il-massimo-dei-voti\/","og_site_name":"Bellunopress - Dolomiti","article_publisher":"https:\/\/www.facebook.com\/profile.php?id=100008943462799","article_published_time":"2026-06-18T18:21:19+00:00","og_image":[{"width":500,"height":445,"url":"https:\/\/www.bellunopress.it\/wp-content\/uploads\/2026\/05\/Luca-Frescura-GiovaniFuturo.jpg","type":"image\/jpeg"}],"author":"redazione","twitter_card":"summary_large_image","twitter_creator":"@bellunopress","twitter_site":"@bellunopress","twitter_misc":{"\u00c9crit par":"redazione","Dur\u00e9e de lecture estim\u00e9e":"3 minutes"},"schema":{"@context":"https:\/\/schema.org","@graph":[{"@type":"Article","@id":"https:\/\/www.bellunopress.it\/2026\/06\/18\/sanita-bellunese-bufera-sulla-conferenza-dei-sindaci-giovanifuturo-contesta-il-massimo-dei-voti\/#article","isPartOf":{"@id":"https:\/\/www.bellunopress.it\/2026\/06\/18\/sanita-bellunese-bufera-sulla-conferenza-dei-sindaci-giovanifuturo-contesta-il-massimo-dei-voti\/"},"author":{"name":"redazione","@id":"https:\/\/www.bellunopress.it\/#\/schema\/person\/79bb06722b37ece1c03d3e94beb30d73"},"headline":"Sanit\u00e0 bellunese, bufera sulla Conferenza dei Sindaci: Giovani&#038;Futuro contesta il \u201cmassimo dei voti\u201d","datePublished":"2026-06-18T18:21:19+00:00","mainEntityOfPage":{"@id":"https:\/\/www.bellunopress.it\/2026\/06\/18\/sanita-bellunese-bufera-sulla-conferenza-dei-sindaci-giovanifuturo-contesta-il-massimo-dei-voti\/"},"wordCount":519,"publisher":{"@id":"https:\/\/www.bellunopress.it\/#organization"},"image":{"@id":"https:\/\/www.bellunopress.it\/2026\/06\/18\/sanita-bellunese-bufera-sulla-conferenza-dei-sindaci-giovanifuturo-contesta-il-massimo-dei-voti\/#primaryimage"},"thumbnailUrl":"https:\/\/www.bellunopress.it\/wp-content\/uploads\/2026\/05\/Luca-Frescura-GiovaniFuturo.jpg","articleSection":["Cronaca\/Politica","Prima Pagina","Sanit\u00e0 Medicina"],"inLanguage":"fr-FR"},{"@type":"WebPage","@id":"https:\/\/www.bellunopress.it\/2026\/06\/18\/sanita-bellunese-bufera-sulla-conferenza-dei-sindaci-giovanifuturo-contesta-il-massimo-dei-voti\/","url":"https:\/\/www.bellunopress.it\/2026\/06\/18\/sanita-bellunese-bufera-sulla-conferenza-dei-sindaci-giovanifuturo-contesta-il-massimo-dei-voti\/","name":"Sanit\u00e0 bellunese, bufera sulla Conferenza dei Sindaci: Giovani&Futuro contesta il \u201cmassimo dei voti\u201d - Bellunopress - Dolomiti","isPartOf":{"@id":"https:\/\/www.bellunopress.it\/#website"},"primaryImageOfPage":{"@id":"https:\/\/www.bellunopress.it\/2026\/06\/18\/sanita-bellunese-bufera-sulla-conferenza-dei-sindaci-giovanifuturo-contesta-il-massimo-dei-voti\/#primaryimage"},"image":{"@id":"https:\/\/www.bellunopress.it\/2026\/06\/18\/sanita-bellunese-bufera-sulla-conferenza-dei-sindaci-giovanifuturo-contesta-il-massimo-dei-voti\/#primaryimage"},"thumbnailUrl":"https:\/\/www.bellunopress.it\/wp-content\/uploads\/2026\/05\/Luca-Frescura-GiovaniFuturo.jpg","datePublished":"2026-06-18T18:21:19+00:00","breadcrumb":{"@id":"https:\/\/www.bellunopress.it\/2026\/06\/18\/sanita-bellunese-bufera-sulla-conferenza-dei-sindaci-giovanifuturo-contesta-il-massimo-dei-voti\/#breadcrumb"},"inLanguage":"fr-FR","potentialAction":[{"@type":"ReadAction","target":["https:\/\/www.bellunopress.it\/2026\/06\/18\/sanita-bellunese-bufera-sulla-conferenza-dei-sindaci-giovanifuturo-contesta-il-massimo-dei-voti\/"]}]},{"@type":"ImageObject","inLanguage":"fr-FR","@id":"https:\/\/www.bellunopress.it\/2026\/06\/18\/sanita-bellunese-bufera-sulla-conferenza-dei-sindaci-giovanifuturo-contesta-il-massimo-dei-voti\/#primaryimage","url":"https:\/\/www.bellunopress.it\/wp-content\/uploads\/2026\/05\/Luca-Frescura-GiovaniFuturo.jpg","contentUrl":"https:\/\/www.bellunopress.it\/wp-content\/uploads\/2026\/05\/Luca-Frescura-GiovaniFuturo.jpg","width":500,"height":445,"caption":"Luca Frescura, presidente di Giovani&Futuro"},{"@type":"BreadcrumbList","@id":"https:\/\/www.bellunopress.it\/2026\/06\/18\/sanita-bellunese-bufera-sulla-conferenza-dei-sindaci-giovanifuturo-contesta-il-massimo-dei-voti\/#breadcrumb","itemListElement":[{"@type":"ListItem","position":1,"name":"Home","item":"https:\/\/www.bellunopress.it\/"},{"@type":"ListItem","position":2,"name":"Sanit\u00e0 bellunese, bufera sulla Conferenza dei Sindaci: Giovani&#038;Futuro contesta il \u201cmassimo dei voti\u201d"}]},{"@type":"WebSite","@id":"https:\/\/www.bellunopress.it\/#website","url":"https:\/\/www.bellunopress.it\/","name":"Bellunopress - Dolomiti","description":"e-mail: redazione@bellunopress.it","publisher":{"@id":"https:\/\/www.bellunopress.it\/#organization"},"potentialAction":[{"@type":"SearchAction","target":{"@type":"EntryPoint","urlTemplate":"https:\/\/www.bellunopress.it\/?s={search_term_string}"},"query-input":{"@type":"PropertyValueSpecification","valueRequired":true,"valueName":"search_term_string"}}],"inLanguage":"fr-FR"},{"@type":"Organization","@id":"https:\/\/www.bellunopress.it\/#organization","name":"Bellunopress","url":"https:\/\/www.bellunopress.it\/","logo":{"@type":"ImageObject","inLanguage":"fr-FR","@id":"https:\/\/www.bellunopress.it\/#\/schema\/logo\/image\/","url":"https:\/\/www.bellunopress.it\/wp-content\/uploads\/2011\/05\/cropped-logo-bellunopress-.jpg","contentUrl":"https:\/\/www.bellunopress.it\/wp-content\/uploads\/2011\/05\/cropped-logo-bellunopress-.jpg","width":512,"height":512,"caption":"Bellunopress"},"image":{"@id":"https:\/\/www.bellunopress.it\/#\/schema\/logo\/image\/"},"sameAs":["https:\/\/www.facebook.com\/profile.php?id=100008943462799","https:\/\/x.com\/bellunopress","https:\/\/www.linkedin.com\/hp\/?dnr=JBzUWaJfMUw8vbXJJ2tVW5-I3jZKvC4wsoxE&amp;amp;amp;amp;amp;amp;trk=nav_responsive_tab_home","https:\/\/www.youtube.com\/channel\/UCxL0wu1uN0_3_7hGG0306cw"]},{"@type":"Person","@id":"https:\/\/www.bellunopress.it\/#\/schema\/person\/79bb06722b37ece1c03d3e94beb30d73","name":"r\u00e9daction","image":{"@type":"ImageObject","inLanguage":"fr-FR","@id":"https:\/\/secure.gravatar.com\/avatar\/37d968a2e67a6fd04c169c4bdef102d0bc5d31b2546345219e348575eb80e9a0?s=96&d=mm&r=g","url":"https:\/\/secure.gravatar.com\/avatar\/37d968a2e67a6fd04c169c4bdef102d0bc5d31b2546345219e348575eb80e9a0?s=96&d=mm&r=g","contentUrl":"https:\/\/secure.gravatar.com\/avatar\/37d968a2e67a6fd04c169c4bdef102d0bc5d31b2546345219e348575eb80e9a0?s=96&d=mm&r=g","caption":"redazione"},"sameAs":["http:\/\/www.bellunopress.it","https:\/\/x.com\/bellunopress"],"url":"https:\/\/www.bellunopress.it\/fr\/author\/redazione\/"}]}},"_links":{"self":[{"href":"https:\/\/www.bellunopress.it\/fr\/wp-json\/wp\/v2\/posts\/171061","targetHints":{"allow":["GET"]}}],"collection":[{"href":"https:\/\/www.bellunopress.it\/fr\/wp-json\/wp\/v2\/posts"}],"about":[{"href":"https:\/\/www.bellunopress.it\/fr\/wp-json\/wp\/v2\/types\/post"}],"author":[{"embeddable":true,"href":"https:\/\/www.bellunopress.it\/fr\/wp-json\/wp\/v2\/users\/2"}],"replies":[{"embeddable":true,"href":"https:\/\/www.bellunopress.it\/fr\/wp-json\/wp\/v2\/comments?post=171061"}],"version-history":[{"count":1,"href":"https:\/\/www.bellunopress.it\/fr\/wp-json\/wp\/v2\/posts\/171061\/revisions"}],"predecessor-version":[{"id":171062,"href":"https:\/\/www.bellunopress.it\/fr\/wp-json\/wp\/v2\/posts\/171061\/revisions\/171062"}],"wp:featuredmedia":[{"embeddable":true,"href":"https:\/\/www.bellunopress.it\/fr\/wp-json\/wp\/v2\/media\/170493"}],"wp:attachment":[{"href":"https:\/\/www.bellunopress.it\/fr\/wp-json\/wp\/v2\/media?parent=171061"}],"wp:term":[{"taxonomy":"category","embeddable":true,"href":"https:\/\/www.bellunopress.it\/fr\/wp-json\/wp\/v2\/categories?post=171061"},{"taxonomy":"post_tag","embeddable":true,"href":"https:\/\/www.bellunopress.it\/fr\/wp-json\/wp\/v2\/tags?post=171061"}],"curies":[{"name":"wp","href":"https:\/\/api.w.org\/{rel}","templated":true}]}}