{"id":171055,"date":"2026-06-18T18:57:44","date_gmt":"2026-06-18T16:57:44","guid":{"rendered":"https:\/\/www.bellunopress.it\/?p=171055"},"modified":"2026-06-18T18:57:57","modified_gmt":"2026-06-18T16:57:57","slug":"belluno-aderisce-alla-carta-di-venezia-sottoscritto-il-documento-promosso-dalla-region","status":"publish","type":"post","link":"https:\/\/www.bellunopress.it\/fr\/2026\/06\/18\/belluno-aderisce-alla-carta-di-venezia-sottoscritto-il-documento-promosso-dalla-region\/","title":{"rendered":"Belluno aderisce alla Carta di Venezia. Sottoscritto il documento promosso dalla Regione"},"content":{"rendered":"<p>Belluno entra nella rete europea delle citt\u00e0 impegnate a costruire comunit\u00e0 pi\u00f9 inclusive, accessibili e attente ai bisogni delle famiglie: nei giorni scorsi l&#8217;Amministrazione ha infatti sottoscritto la Carta di Venezia, documento promosso dalla Regione del Veneto insieme alla rete ELISAN \u2013 European Local Inclusion and Social Action Network \u2013 e alla International Federation for Family Development, con l&#8217;obiettivo di accompagnare enti locali e territori nello sviluppo di politiche sociali capaci di rispondere alle sfide poste dai cambiamenti demografici, economici e culturali.<\/p>\n<p>\u201cE\u2019 fondamentale per le citt\u00e0 di montagna guardare fuori dai propri confini per trovare strumenti, idee e occasioni di crescita che possano essere riportate sul territorio &#8211; commenta il sindaco Oscar De Pellegrin -. Belluno sta scegliendo di essere presente nei luoghi in cui si discutono e si costruiscono le politiche del futuro, soprattutto quando riguardano temi che per noi sono prioritari: l&#8217;inclusione, l&#8217;accessibilit\u00e0, il sostegno alle famiglie e la qualit\u00e0 della vita delle persone. La Carta di Venezia e la rete ELISAN rappresentano un&#8217;opportunit\u00e0 preziosa per confrontarci con realt\u00e0 europee che condividono sfide simili alle nostre e per valorizzare, allo stesso tempo, il percorso che stiamo portando avanti come Amministrazione. Credo che una citt\u00e0 capoluogo debba saper fare anche questo: intercettare esperienze, creare connessioni e trasformare il confronto internazionale in progetti e azioni che producano benefici concreti per chi vive Belluno ogni giorno\u201d.<\/p>\n<p>La Carta di Venezia nasce nel solco dell&#8217;Agenda 2030 delle Nazioni Unite e dell&#8217;Agenda Urbana ONU-Habitat e invita amministrazioni ed enti pubblici a progettare citt\u00e0 e servizi sempre pi\u00f9 vicini alle persone, valorizzando il ruolo delle famiglie, la qualit\u00e0 delle relazioni di comunit\u00e0, l&#8217;accessibilit\u00e0 degli spazi e la possibilit\u00e0 per tutti di partecipare pienamente alla vita sociale.<br \/>\nOltre alla sottoscrizione della Carta, avvenuta nei giorni scorsi a Valencia da parte del vicesindaco Paolo Gamba e alla presenza tra gli altri dell\u2019assessore regionale al sociale Paola Roma, Belluno nei mesi scorsi ha aderito anche a ELISAN, rete europea con status partecipativo presso il Consiglio d&#8217;Europa che riunisce enti locali e regionali impegnati a confrontarsi e condividere esperienze, strumenti e buone pratiche per rafforzare le politiche di inclusione sociale e di prossimit\u00e0.<\/p>\n<p>Tra gli impegni richiesti agli enti aderenti vi \u00e8 anche quello di presentare un progetto ritenuto significativo quale buona pratica del territorio. Belluno ha scelto la Casa delle Abilit\u00e0, progetto fortemente voluto dall&#8217;Amministrazione e pensato come un luogo dedicato a bambini, ragazzi e adulti con fragilit\u00e0, capace di valorizzarne le abilit\u00e0 e le potenzialit\u00e0, favorendo percorsi di autonomia e mettendo in rete servizi sociali, sociosanitari ed educativi a supporto delle persone e delle loro famiglie. Un&#8217;iniziativa che ben rappresenta l&#8217;attenzione che Belluno sta riservando ai temi dell&#8217;inclusione e della qualit\u00e0 della vita.<\/p>\n<p>\u201cL&#8217;adesione alla rete ELISAN consentir\u00e0 al Comune di partecipare a momenti di approfondimento, scambio e progettazione con amministrazioni di diversi Paesi europei \u2013 spiega il vice sindaco Gamba \u2013, rafforzando ulteriormente il percorso intrapreso negli ultimi anni per costruire relazioni istituzionali stabili e dare a Belluno un ruolo sempre pi\u00f9 attivo nei contesti internazionali dedicati alla sostenibilit\u00e0 sociale. \u00c8 significativo che Belluno possa presentarsi in questo contesto non soltanto per apprendere esperienze e modelli sviluppati altrove, ma anche per portare un progetto nel quale crediamo profondamente come la Casa delle Abilit\u00e0, che interpreta pienamente i valori della Carta di Venezia mettendo al centro la persona, le sue potenzialit\u00e0 e il sostegno alle famiglie\u201d.<\/p>\n<p>&nbsp;<\/p>","protected":false},"excerpt":{"rendered":"<p>Belluno entra nella rete europea delle citt\u00e0 impegnate a costruire comunit\u00e0 pi\u00f9 inclusive, accessibili e attente ai bisogni delle famiglie: nei giorni scorsi l&#8217;Amministrazione ha infatti sottoscritto la Carta di Venezia, documento promosso dalla Regione del Veneto insieme alla rete ELISAN \u2013 European Local Inclusion and Social Action Network \u2013 e alla International Federation for [&hellip;]<\/p>\n","protected":false},"author":2,"featured_media":171057,"comment_status":"closed","ping_status":"open","sticky":false,"template":"","format":"standard","meta":{"footnotes":""},"categories":[26,8],"tags":[],"class_list":["post-171055","post","type-post","status-publish","format-standard","has-post-thumbnail","category-prima-pagina","category-societa-istituzioni"],"yoast_head":"<!-- This site is optimized with the Yoast SEO plugin v28.4 - https:\/\/yoast.com\/product\/yoast-seo-wordpress\/ -->\n<title>Belluno aderisce alla Carta di Venezia. Sottoscritto il documento promosso dalla Regione - Bellunopress - Dolomiti<\/title>\n<meta name=\"robots\" content=\"index, follow, max-snippet:-1, max-image-preview:large, max-video-preview:-1\" \/>\n<link rel=\"canonical\" href=\"https:\/\/www.bellunopress.it\/fr\/2026\/06\/18\/belluno-aderisce-alla-carta-di-venezia-sottoscritto-il-documento-promosso-dalla-region\/\" \/>\n<meta property=\"og:locale\" content=\"fr_FR\" \/>\n<meta property=\"og:type\" content=\"article\" \/>\n<meta property=\"og:title\" content=\"Belluno aderisce alla Carta di Venezia. Sottoscritto il documento promosso dalla Regione - Bellunopress - Dolomiti\" \/>\n<meta property=\"og:description\" content=\"Belluno entra nella rete europea delle citt\u00e0 impegnate a costruire comunit\u00e0 pi\u00f9 inclusive, accessibili e attente ai bisogni delle famiglie: nei giorni scorsi l&#8217;Amministrazione ha infatti sottoscritto la Carta di Venezia, documento promosso dalla Regione del Veneto insieme alla rete ELISAN \u2013 European Local Inclusion and Social Action Network \u2013 e alla International Federation for [&hellip;]\" \/>\n<meta property=\"og:url\" content=\"https:\/\/www.bellunopress.it\/fr\/2026\/06\/18\/belluno-aderisce-alla-carta-di-venezia-sottoscritto-il-documento-promosso-dalla-region\/\" \/>\n<meta property=\"og:site_name\" content=\"Bellunopress - Dolomiti\" \/>\n<meta property=\"article:publisher\" content=\"https:\/\/www.facebook.com\/profile.php?id=100008943462799\" \/>\n<meta property=\"article:published_time\" content=\"2026-06-18T16:57:44+00:00\" \/>\n<meta property=\"article:modified_time\" content=\"2026-06-18T16:57:57+00:00\" \/>\n<meta property=\"og:image\" content=\"https:\/\/www.bellunopress.it\/wp-content\/uploads\/2026\/06\/Carta-di-Venezia.jpeg\" \/>\n\t<meta property=\"og:image:width\" content=\"500\" \/>\n\t<meta property=\"og:image:height\" content=\"375\" \/>\n\t<meta property=\"og:image:type\" content=\"image\/jpeg\" \/>\n<meta name=\"author\" content=\"redazione\" \/>\n<meta name=\"twitter:card\" content=\"summary_large_image\" \/>\n<meta name=\"twitter:creator\" content=\"@bellunopress\" \/>\n<meta name=\"twitter:site\" content=\"@bellunopress\" \/>\n<meta name=\"twitter:label1\" content=\"Written by\" \/>\n\t<meta name=\"twitter:data1\" content=\"redazione\" \/>\n\t<meta name=\"twitter:label2\" content=\"Est. reading time\" \/>\n\t<meta name=\"twitter:data2\" content=\"4 minutes\" \/>\n<script type=\"application\/ld+json\" class=\"yoast-schema-graph\">{\"@context\":\"https:\\\/\\\/schema.org\",\"@graph\":[{\"@type\":\"Article\",\"@id\":\"https:\\\/\\\/www.bellunopress.it\\\/2026\\\/06\\\/18\\\/belluno-aderisce-alla-carta-di-venezia-sottoscritto-il-documento-promosso-dalla-region\\\/#article\",\"isPartOf\":{\"@id\":\"https:\\\/\\\/www.bellunopress.it\\\/2026\\\/06\\\/18\\\/belluno-aderisce-alla-carta-di-venezia-sottoscritto-il-documento-promosso-dalla-region\\\/\"},\"author\":{\"name\":\"redazione\",\"@id\":\"https:\\\/\\\/www.bellunopress.it\\\/#\\\/schema\\\/person\\\/79bb06722b37ece1c03d3e94beb30d73\"},\"headline\":\"Belluno aderisce alla Carta di Venezia. Sottoscritto il documento promosso dalla Regione\",\"datePublished\":\"2026-06-18T16:57:44+00:00\",\"dateModified\":\"2026-06-18T16:57:57+00:00\",\"mainEntityOfPage\":{\"@id\":\"https:\\\/\\\/www.bellunopress.it\\\/2026\\\/06\\\/18\\\/belluno-aderisce-alla-carta-di-venezia-sottoscritto-il-documento-promosso-dalla-region\\\/\"},\"wordCount\":582,\"publisher\":{\"@id\":\"https:\\\/\\\/www.bellunopress.it\\\/#organization\"},\"image\":{\"@id\":\"https:\\\/\\\/www.bellunopress.it\\\/2026\\\/06\\\/18\\\/belluno-aderisce-alla-carta-di-venezia-sottoscritto-il-documento-promosso-dalla-region\\\/#primaryimage\"},\"thumbnailUrl\":\"https:\\\/\\\/www.bellunopress.it\\\/wp-content\\\/uploads\\\/2026\\\/06\\\/Carta-di-Venezia.jpeg\",\"articleSection\":[\"Prima Pagina\",\"Societ\u00e0, Associazioni, Istituzioni\"],\"inLanguage\":\"fr-FR\"},{\"@type\":\"WebPage\",\"@id\":\"https:\\\/\\\/www.bellunopress.it\\\/2026\\\/06\\\/18\\\/belluno-aderisce-alla-carta-di-venezia-sottoscritto-il-documento-promosso-dalla-region\\\/\",\"url\":\"https:\\\/\\\/www.bellunopress.it\\\/2026\\\/06\\\/18\\\/belluno-aderisce-alla-carta-di-venezia-sottoscritto-il-documento-promosso-dalla-region\\\/\",\"name\":\"Belluno aderisce alla Carta di Venezia. Sottoscritto il documento promosso dalla Regione - Bellunopress - Dolomiti\",\"isPartOf\":{\"@id\":\"https:\\\/\\\/www.bellunopress.it\\\/#website\"},\"primaryImageOfPage\":{\"@id\":\"https:\\\/\\\/www.bellunopress.it\\\/2026\\\/06\\\/18\\\/belluno-aderisce-alla-carta-di-venezia-sottoscritto-il-documento-promosso-dalla-region\\\/#primaryimage\"},\"image\":{\"@id\":\"https:\\\/\\\/www.bellunopress.it\\\/2026\\\/06\\\/18\\\/belluno-aderisce-alla-carta-di-venezia-sottoscritto-il-documento-promosso-dalla-region\\\/#primaryimage\"},\"thumbnailUrl\":\"https:\\\/\\\/www.bellunopress.it\\\/wp-content\\\/uploads\\\/2026\\\/06\\\/Carta-di-Venezia.jpeg\",\"datePublished\":\"2026-06-18T16:57:44+00:00\",\"dateModified\":\"2026-06-18T16:57:57+00:00\",\"breadcrumb\":{\"@id\":\"https:\\\/\\\/www.bellunopress.it\\\/2026\\\/06\\\/18\\\/belluno-aderisce-alla-carta-di-venezia-sottoscritto-il-documento-promosso-dalla-region\\\/#breadcrumb\"},\"inLanguage\":\"fr-FR\",\"potentialAction\":[{\"@type\":\"ReadAction\",\"target\":[\"https:\\\/\\\/www.bellunopress.it\\\/2026\\\/06\\\/18\\\/belluno-aderisce-alla-carta-di-venezia-sottoscritto-il-documento-promosso-dalla-region\\\/\"]}]},{\"@type\":\"ImageObject\",\"inLanguage\":\"fr-FR\",\"@id\":\"https:\\\/\\\/www.bellunopress.it\\\/2026\\\/06\\\/18\\\/belluno-aderisce-alla-carta-di-venezia-sottoscritto-il-documento-promosso-dalla-region\\\/#primaryimage\",\"url\":\"https:\\\/\\\/www.bellunopress.it\\\/wp-content\\\/uploads\\\/2026\\\/06\\\/Carta-di-Venezia.jpeg\",\"contentUrl\":\"https:\\\/\\\/www.bellunopress.it\\\/wp-content\\\/uploads\\\/2026\\\/06\\\/Carta-di-Venezia.jpeg\",\"width\":500,\"height\":375},{\"@type\":\"BreadcrumbList\",\"@id\":\"https:\\\/\\\/www.bellunopress.it\\\/2026\\\/06\\\/18\\\/belluno-aderisce-alla-carta-di-venezia-sottoscritto-il-documento-promosso-dalla-region\\\/#breadcrumb\",\"itemListElement\":[{\"@type\":\"ListItem\",\"position\":1,\"name\":\"Home\",\"item\":\"https:\\\/\\\/www.bellunopress.it\\\/\"},{\"@type\":\"ListItem\",\"position\":2,\"name\":\"Belluno aderisce alla Carta di Venezia. Sottoscritto il documento promosso dalla Regione\"}]},{\"@type\":\"WebSite\",\"@id\":\"https:\\\/\\\/www.bellunopress.it\\\/#website\",\"url\":\"https:\\\/\\\/www.bellunopress.it\\\/\",\"name\":\"Bellunopress - Dolomiti\",\"description\":\"e-mail: redazione@bellunopress.it\",\"publisher\":{\"@id\":\"https:\\\/\\\/www.bellunopress.it\\\/#organization\"},\"potentialAction\":[{\"@type\":\"SearchAction\",\"target\":{\"@type\":\"EntryPoint\",\"urlTemplate\":\"https:\\\/\\\/www.bellunopress.it\\\/?s={search_term_string}\"},\"query-input\":{\"@type\":\"PropertyValueSpecification\",\"valueRequired\":true,\"valueName\":\"search_term_string\"}}],\"inLanguage\":\"fr-FR\"},{\"@type\":\"Organization\",\"@id\":\"https:\\\/\\\/www.bellunopress.it\\\/#organization\",\"name\":\"Bellunopress\",\"url\":\"https:\\\/\\\/www.bellunopress.it\\\/\",\"logo\":{\"@type\":\"ImageObject\",\"inLanguage\":\"fr-FR\",\"@id\":\"https:\\\/\\\/www.bellunopress.it\\\/#\\\/schema\\\/logo\\\/image\\\/\",\"url\":\"https:\\\/\\\/www.bellunopress.it\\\/wp-content\\\/uploads\\\/2011\\\/05\\\/cropped-logo-bellunopress-.jpg\",\"contentUrl\":\"https:\\\/\\\/www.bellunopress.it\\\/wp-content\\\/uploads\\\/2011\\\/05\\\/cropped-logo-bellunopress-.jpg\",\"width\":512,\"height\":512,\"caption\":\"Bellunopress\"},\"image\":{\"@id\":\"https:\\\/\\\/www.bellunopress.it\\\/#\\\/schema\\\/logo\\\/image\\\/\"},\"sameAs\":[\"https:\\\/\\\/www.facebook.com\\\/profile.php?id=100008943462799\",\"https:\\\/\\\/x.com\\\/bellunopress\",\"https:\\\/\\\/www.linkedin.com\\\/hp\\\/?dnr=JBzUWaJfMUw8vbXJJ2tVW5-I3jZKvC4wsoxE&amp;amp;amp;amp;amp;amp;trk=nav_responsive_tab_home\",\"https:\\\/\\\/www.youtube.com\\\/channel\\\/UCxL0wu1uN0_3_7hGG0306cw\"]},{\"@type\":\"Person\",\"@id\":\"https:\\\/\\\/www.bellunopress.it\\\/#\\\/schema\\\/person\\\/79bb06722b37ece1c03d3e94beb30d73\",\"name\":\"redazione\",\"image\":{\"@type\":\"ImageObject\",\"inLanguage\":\"fr-FR\",\"@id\":\"https:\\\/\\\/secure.gravatar.com\\\/avatar\\\/37d968a2e67a6fd04c169c4bdef102d0bc5d31b2546345219e348575eb80e9a0?s=96&d=mm&r=g\",\"url\":\"https:\\\/\\\/secure.gravatar.com\\\/avatar\\\/37d968a2e67a6fd04c169c4bdef102d0bc5d31b2546345219e348575eb80e9a0?s=96&d=mm&r=g\",\"contentUrl\":\"https:\\\/\\\/secure.gravatar.com\\\/avatar\\\/37d968a2e67a6fd04c169c4bdef102d0bc5d31b2546345219e348575eb80e9a0?s=96&d=mm&r=g\",\"caption\":\"redazione\"},\"sameAs\":[\"http:\\\/\\\/www.bellunopress.it\",\"https:\\\/\\\/x.com\\\/bellunopress\"],\"url\":\"https:\\\/\\\/www.bellunopress.it\\\/fr\\\/author\\\/redazione\\\/\"}]}<\/script>\n<!-- \/ Yoast SEO plugin. -->","yoast_head_json":{"title":"Belluno aderisce alla Carta di Venezia. Sottoscritto il documento promosso dalla Regione - Bellunopress - Dolomiti","robots":{"index":"index","follow":"follow","max-snippet":"max-snippet:-1","max-image-preview":"max-image-preview:large","max-video-preview":"max-video-preview:-1"},"canonical":"https:\/\/www.bellunopress.it\/fr\/2026\/06\/18\/belluno-aderisce-alla-carta-di-venezia-sottoscritto-il-documento-promosso-dalla-region\/","og_locale":"fr_FR","og_type":"article","og_title":"Belluno aderisce alla Carta di Venezia. Sottoscritto il documento promosso dalla Regione - Bellunopress - Dolomiti","og_description":"Belluno entra nella rete europea delle citt\u00e0 impegnate a costruire comunit\u00e0 pi\u00f9 inclusive, accessibili e attente ai bisogni delle famiglie: nei giorni scorsi l&#8217;Amministrazione ha infatti sottoscritto la Carta di Venezia, documento promosso dalla Regione del Veneto insieme alla rete ELISAN \u2013 European Local Inclusion and Social Action Network \u2013 e alla International Federation for [&hellip;]","og_url":"https:\/\/www.bellunopress.it\/fr\/2026\/06\/18\/belluno-aderisce-alla-carta-di-venezia-sottoscritto-il-documento-promosso-dalla-region\/","og_site_name":"Bellunopress - Dolomiti","article_publisher":"https:\/\/www.facebook.com\/profile.php?id=100008943462799","article_published_time":"2026-06-18T16:57:44+00:00","article_modified_time":"2026-06-18T16:57:57+00:00","og_image":[{"width":500,"height":375,"url":"https:\/\/www.bellunopress.it\/wp-content\/uploads\/2026\/06\/Carta-di-Venezia.jpeg","type":"image\/jpeg"}],"author":"redazione","twitter_card":"summary_large_image","twitter_creator":"@bellunopress","twitter_site":"@bellunopress","twitter_misc":{"Written by":"redazione","Est. reading time":"4 minutes"},"schema":{"@context":"https:\/\/schema.org","@graph":[{"@type":"Article","@id":"https:\/\/www.bellunopress.it\/2026\/06\/18\/belluno-aderisce-alla-carta-di-venezia-sottoscritto-il-documento-promosso-dalla-region\/#article","isPartOf":{"@id":"https:\/\/www.bellunopress.it\/2026\/06\/18\/belluno-aderisce-alla-carta-di-venezia-sottoscritto-il-documento-promosso-dalla-region\/"},"author":{"name":"redazione","@id":"https:\/\/www.bellunopress.it\/#\/schema\/person\/79bb06722b37ece1c03d3e94beb30d73"},"headline":"Belluno aderisce alla Carta di Venezia. Sottoscritto il documento promosso dalla Regione","datePublished":"2026-06-18T16:57:44+00:00","dateModified":"2026-06-18T16:57:57+00:00","mainEntityOfPage":{"@id":"https:\/\/www.bellunopress.it\/2026\/06\/18\/belluno-aderisce-alla-carta-di-venezia-sottoscritto-il-documento-promosso-dalla-region\/"},"wordCount":582,"publisher":{"@id":"https:\/\/www.bellunopress.it\/#organization"},"image":{"@id":"https:\/\/www.bellunopress.it\/2026\/06\/18\/belluno-aderisce-alla-carta-di-venezia-sottoscritto-il-documento-promosso-dalla-region\/#primaryimage"},"thumbnailUrl":"https:\/\/www.bellunopress.it\/wp-content\/uploads\/2026\/06\/Carta-di-Venezia.jpeg","articleSection":["Prima Pagina","Societ\u00e0, Associazioni, Istituzioni"],"inLanguage":"fr-FR"},{"@type":"WebPage","@id":"https:\/\/www.bellunopress.it\/2026\/06\/18\/belluno-aderisce-alla-carta-di-venezia-sottoscritto-il-documento-promosso-dalla-region\/","url":"https:\/\/www.bellunopress.it\/2026\/06\/18\/belluno-aderisce-alla-carta-di-venezia-sottoscritto-il-documento-promosso-dalla-region\/","name":"Belluno aderisce alla Carta di Venezia. Sottoscritto il documento promosso dalla Regione - Bellunopress - Dolomiti","isPartOf":{"@id":"https:\/\/www.bellunopress.it\/#website"},"primaryImageOfPage":{"@id":"https:\/\/www.bellunopress.it\/2026\/06\/18\/belluno-aderisce-alla-carta-di-venezia-sottoscritto-il-documento-promosso-dalla-region\/#primaryimage"},"image":{"@id":"https:\/\/www.bellunopress.it\/2026\/06\/18\/belluno-aderisce-alla-carta-di-venezia-sottoscritto-il-documento-promosso-dalla-region\/#primaryimage"},"thumbnailUrl":"https:\/\/www.bellunopress.it\/wp-content\/uploads\/2026\/06\/Carta-di-Venezia.jpeg","datePublished":"2026-06-18T16:57:44+00:00","dateModified":"2026-06-18T16:57:57+00:00","breadcrumb":{"@id":"https:\/\/www.bellunopress.it\/2026\/06\/18\/belluno-aderisce-alla-carta-di-venezia-sottoscritto-il-documento-promosso-dalla-region\/#breadcrumb"},"inLanguage":"fr-FR","potentialAction":[{"@type":"ReadAction","target":["https:\/\/www.bellunopress.it\/2026\/06\/18\/belluno-aderisce-alla-carta-di-venezia-sottoscritto-il-documento-promosso-dalla-region\/"]}]},{"@type":"ImageObject","inLanguage":"fr-FR","@id":"https:\/\/www.bellunopress.it\/2026\/06\/18\/belluno-aderisce-alla-carta-di-venezia-sottoscritto-il-documento-promosso-dalla-region\/#primaryimage","url":"https:\/\/www.bellunopress.it\/wp-content\/uploads\/2026\/06\/Carta-di-Venezia.jpeg","contentUrl":"https:\/\/www.bellunopress.it\/wp-content\/uploads\/2026\/06\/Carta-di-Venezia.jpeg","width":500,"height":375},{"@type":"BreadcrumbList","@id":"https:\/\/www.bellunopress.it\/2026\/06\/18\/belluno-aderisce-alla-carta-di-venezia-sottoscritto-il-documento-promosso-dalla-region\/#breadcrumb","itemListElement":[{"@type":"ListItem","position":1,"name":"Home","item":"https:\/\/www.bellunopress.it\/"},{"@type":"ListItem","position":2,"name":"Belluno aderisce alla Carta di Venezia. Sottoscritto il documento promosso dalla Regione"}]},{"@type":"WebSite","@id":"https:\/\/www.bellunopress.it\/#website","url":"https:\/\/www.bellunopress.it\/","name":"Bellunopress - Dolomiti","description":"e-mail: redazione@bellunopress.it","publisher":{"@id":"https:\/\/www.bellunopress.it\/#organization"},"potentialAction":[{"@type":"SearchAction","target":{"@type":"EntryPoint","urlTemplate":"https:\/\/www.bellunopress.it\/?s={search_term_string}"},"query-input":{"@type":"PropertyValueSpecification","valueRequired":true,"valueName":"search_term_string"}}],"inLanguage":"fr-FR"},{"@type":"Organization","@id":"https:\/\/www.bellunopress.it\/#organization","name":"Bellunopress","url":"https:\/\/www.bellunopress.it\/","logo":{"@type":"ImageObject","inLanguage":"fr-FR","@id":"https:\/\/www.bellunopress.it\/#\/schema\/logo\/image\/","url":"https:\/\/www.bellunopress.it\/wp-content\/uploads\/2011\/05\/cropped-logo-bellunopress-.jpg","contentUrl":"https:\/\/www.bellunopress.it\/wp-content\/uploads\/2011\/05\/cropped-logo-bellunopress-.jpg","width":512,"height":512,"caption":"Bellunopress"},"image":{"@id":"https:\/\/www.bellunopress.it\/#\/schema\/logo\/image\/"},"sameAs":["https:\/\/www.facebook.com\/profile.php?id=100008943462799","https:\/\/x.com\/bellunopress","https:\/\/www.linkedin.com\/hp\/?dnr=JBzUWaJfMUw8vbXJJ2tVW5-I3jZKvC4wsoxE&amp;amp;amp;amp;amp;amp;trk=nav_responsive_tab_home","https:\/\/www.youtube.com\/channel\/UCxL0wu1uN0_3_7hGG0306cw"]},{"@type":"Person","@id":"https:\/\/www.bellunopress.it\/#\/schema\/person\/79bb06722b37ece1c03d3e94beb30d73","name":"r\u00e9daction","image":{"@type":"ImageObject","inLanguage":"fr-FR","@id":"https:\/\/secure.gravatar.com\/avatar\/37d968a2e67a6fd04c169c4bdef102d0bc5d31b2546345219e348575eb80e9a0?s=96&d=mm&r=g","url":"https:\/\/secure.gravatar.com\/avatar\/37d968a2e67a6fd04c169c4bdef102d0bc5d31b2546345219e348575eb80e9a0?s=96&d=mm&r=g","contentUrl":"https:\/\/secure.gravatar.com\/avatar\/37d968a2e67a6fd04c169c4bdef102d0bc5d31b2546345219e348575eb80e9a0?s=96&d=mm&r=g","caption":"redazione"},"sameAs":["http:\/\/www.bellunopress.it","https:\/\/x.com\/bellunopress"],"url":"https:\/\/www.bellunopress.it\/fr\/author\/redazione\/"}]}},"_links":{"self":[{"href":"https:\/\/www.bellunopress.it\/fr\/wp-json\/wp\/v2\/posts\/171055","targetHints":{"allow":["GET"]}}],"collection":[{"href":"https:\/\/www.bellunopress.it\/fr\/wp-json\/wp\/v2\/posts"}],"about":[{"href":"https:\/\/www.bellunopress.it\/fr\/wp-json\/wp\/v2\/types\/post"}],"author":[{"embeddable":true,"href":"https:\/\/www.bellunopress.it\/fr\/wp-json\/wp\/v2\/users\/2"}],"replies":[{"embeddable":true,"href":"https:\/\/www.bellunopress.it\/fr\/wp-json\/wp\/v2\/comments?post=171055"}],"version-history":[{"count":2,"href":"https:\/\/www.bellunopress.it\/fr\/wp-json\/wp\/v2\/posts\/171055\/revisions"}],"predecessor-version":[{"id":171059,"href":"https:\/\/www.bellunopress.it\/fr\/wp-json\/wp\/v2\/posts\/171055\/revisions\/171059"}],"wp:featuredmedia":[{"embeddable":true,"href":"https:\/\/www.bellunopress.it\/fr\/wp-json\/wp\/v2\/media\/171057"}],"wp:attachment":[{"href":"https:\/\/www.bellunopress.it\/fr\/wp-json\/wp\/v2\/media?parent=171055"}],"wp:term":[{"taxonomy":"category","embeddable":true,"href":"https:\/\/www.bellunopress.it\/fr\/wp-json\/wp\/v2\/categories?post=171055"},{"taxonomy":"post_tag","embeddable":true,"href":"https:\/\/www.bellunopress.it\/fr\/wp-json\/wp\/v2\/tags?post=171055"}],"curies":[{"name":"wp","href":"https:\/\/api.w.org\/{rel}","templated":true}]}}