{"id":171048,"date":"2026-06-18T14:59:45","date_gmt":"2026-06-18T12:59:45","guid":{"rendered":"https:\/\/www.bellunopress.it\/?p=171048"},"modified":"2026-06-18T14:59:45","modified_gmt":"2026-06-18T12:59:45","slug":"il-pd-citta-di-belluno-apre-la-nuova-sede-in-piazza-castello-sabato-20-giugno-linaugurazione-ufficiale","status":"publish","type":"post","link":"https:\/\/www.bellunopress.it\/fr\/2026\/06\/18\/il-pd-citta-di-belluno-apre-la-nuova-sede-in-piazza-castello-sabato-20-giugno-linaugurazione-ufficiale\/","title":{"rendered":"Il PD Citt\u00e0 di Belluno apre la nuova sede in Piazza Castello: sabato 20 giugno l&#8217;inaugurazione ufficiale"},"content":{"rendered":"<p>Belluno, 18\/06\/2026 &#8211;\u00a0Il PD Citt\u00e0 di Belluno \u00e8 pronto a inaugurare il suo nuovo spazio in pieno centro storico. L&#8217;appuntamento \u00e8 fissato per sabato 20 giugno, alle ore 11:00, in Piazza Castello 23.<\/p>\n<p>La nuova sede non vuole essere un semplice presidio politico, ma un vero e proprio luogo di confronto e partecipazione, aperto a tutti i cittadini.<\/p>\n<p>L&#8217;inaugurazione segna ufficialmente l&#8217;avvio del percorso di avvicinamento alle elezioni comunali del 2027.<\/p>\n<p>Davide Noro, segretario dell&#8217;Unione comunale del PD, dichiara: &#8220;Si parla sempre di disaffezione e rifiuto della politica. Con l&#8217;apertura della nuova sede, nel centro cittadino, vogliamo dimostrare che \u00e8 possibile invertire la rotta. Il nostro obiettivo \u00e8 quello di costruire un progetto per la citt\u00e0 presentandoci ai bellunesi con delle priorit\u00e0 chiare, coerentemente con il percorso che abbiamo tracciato in questi anni. Vogliamo una citt\u00e0 che sia pi\u00f9 attenta alle crescenti fragilit\u00e0 in ambito sociale; un capoluogo che torni ad essere protagonista del territorio provinciale e non solo spettatore; una citt\u00e0 orientata alla sostenibilit\u00e0, valorizzando la mobilit\u00e0 alternativa e il trasporto pubblico, e che sappia offrire servizi adeguati. Insomma, una citt\u00e0 molto diversa da quella che abbiamo visto negli ultimi anni.&#8221;<\/p>\n<p>La cittadinanza \u00e8 invitata a partecipare.<\/p>","protected":false},"excerpt":{"rendered":"<p>Belluno, 18\/06\/2026 &#8211;\u00a0Il PD Citt\u00e0 di Belluno \u00e8 pronto a inaugurare il suo nuovo spazio in pieno centro storico. L&#8217;appuntamento \u00e8 fissato per sabato 20 giugno, alle ore 11:00, in Piazza Castello 23. La nuova sede non vuole essere un semplice presidio politico, ma un vero e proprio luogo di confronto e partecipazione, aperto a [&hellip;]<\/p>\n","protected":false},"author":2,"featured_media":141968,"comment_status":"closed","ping_status":"open","sticky":false,"template":"","format":"standard","meta":{"footnotes":""},"categories":[5],"tags":[],"class_list":["post-171048","post","type-post","status-publish","format-standard","has-post-thumbnail","category-cronaca"],"yoast_head":"<!-- This site is optimized with the Yoast SEO plugin v28.4 - https:\/\/yoast.com\/product\/yoast-seo-wordpress\/ -->\n<title>Il PD Citt\u00e0 di Belluno apre la nuova sede in Piazza Castello: sabato 20 giugno l&#039;inaugurazione ufficiale - Bellunopress - Dolomiti<\/title>\n<meta name=\"robots\" content=\"index, follow, max-snippet:-1, max-image-preview:large, max-video-preview:-1\" \/>\n<link rel=\"canonical\" href=\"https:\/\/www.bellunopress.it\/fr\/2026\/06\/18\/il-pd-citta-di-belluno-apre-la-nuova-sede-in-piazza-castello-sabato-20-giugno-linaugurazione-ufficiale\/\" \/>\n<meta property=\"og:locale\" content=\"fr_FR\" \/>\n<meta property=\"og:type\" content=\"article\" \/>\n<meta property=\"og:title\" content=\"Il PD Citt\u00e0 di Belluno apre la nuova sede in Piazza Castello: sabato 20 giugno l&#039;inaugurazione ufficiale - Bellunopress - Dolomiti\" \/>\n<meta property=\"og:description\" content=\"Belluno, 18\/06\/2026 &#8211;\u00a0Il PD Citt\u00e0 di Belluno \u00e8 pronto a inaugurare il suo nuovo spazio in pieno centro storico. L&#8217;appuntamento \u00e8 fissato per sabato 20 giugno, alle ore 11:00, in Piazza Castello 23. La nuova sede non vuole essere un semplice presidio politico, ma un vero e proprio luogo di confronto e partecipazione, aperto a [&hellip;]\" \/>\n<meta property=\"og:url\" content=\"https:\/\/www.bellunopress.it\/fr\/2026\/06\/18\/il-pd-citta-di-belluno-apre-la-nuova-sede-in-piazza-castello-sabato-20-giugno-linaugurazione-ufficiale\/\" \/>\n<meta property=\"og:site_name\" content=\"Bellunopress - Dolomiti\" \/>\n<meta property=\"article:publisher\" content=\"https:\/\/www.facebook.com\/profile.php?id=100008943462799\" \/>\n<meta property=\"article:published_time\" content=\"2026-06-18T12:59:45+00:00\" \/>\n<meta property=\"og:image\" content=\"https:\/\/www.bellunopress.it\/wp-content\/uploads\/2023\/06\/Davide-Noro-segretario-Pd-Belluno.jpg\" \/>\n\t<meta property=\"og:image:width\" content=\"847\" \/>\n\t<meta property=\"og:image:height\" content=\"1000\" \/>\n\t<meta property=\"og:image:type\" content=\"image\/jpeg\" \/>\n<meta name=\"author\" content=\"redazione\" \/>\n<meta name=\"twitter:card\" content=\"summary_large_image\" \/>\n<meta name=\"twitter:creator\" content=\"@bellunopress\" \/>\n<meta name=\"twitter:site\" content=\"@bellunopress\" \/>\n<meta name=\"twitter:label1\" content=\"\u00c9crit par\" \/>\n\t<meta name=\"twitter:data1\" content=\"redazione\" \/>\n\t<meta name=\"twitter:label2\" content=\"Dur\u00e9e de lecture estim\u00e9e\" \/>\n\t<meta name=\"twitter:data2\" content=\"2 minutes\" \/>\n<script type=\"application\/ld+json\" class=\"yoast-schema-graph\">{\"@context\":\"https:\\\/\\\/schema.org\",\"@graph\":[{\"@type\":\"Article\",\"@id\":\"https:\\\/\\\/www.bellunopress.it\\\/2026\\\/06\\\/18\\\/il-pd-citta-di-belluno-apre-la-nuova-sede-in-piazza-castello-sabato-20-giugno-linaugurazione-ufficiale\\\/#article\",\"isPartOf\":{\"@id\":\"https:\\\/\\\/www.bellunopress.it\\\/2026\\\/06\\\/18\\\/il-pd-citta-di-belluno-apre-la-nuova-sede-in-piazza-castello-sabato-20-giugno-linaugurazione-ufficiale\\\/\"},\"author\":{\"name\":\"redazione\",\"@id\":\"https:\\\/\\\/www.bellunopress.it\\\/#\\\/schema\\\/person\\\/79bb06722b37ece1c03d3e94beb30d73\"},\"headline\":\"Il PD Citt\u00e0 di Belluno apre la nuova sede in Piazza Castello: sabato 20 giugno l&#8217;inaugurazione ufficiale\",\"datePublished\":\"2026-06-18T12:59:45+00:00\",\"mainEntityOfPage\":{\"@id\":\"https:\\\/\\\/www.bellunopress.it\\\/2026\\\/06\\\/18\\\/il-pd-citta-di-belluno-apre-la-nuova-sede-in-piazza-castello-sabato-20-giugno-linaugurazione-ufficiale\\\/\"},\"wordCount\":211,\"publisher\":{\"@id\":\"https:\\\/\\\/www.bellunopress.it\\\/#organization\"},\"image\":{\"@id\":\"https:\\\/\\\/www.bellunopress.it\\\/2026\\\/06\\\/18\\\/il-pd-citta-di-belluno-apre-la-nuova-sede-in-piazza-castello-sabato-20-giugno-linaugurazione-ufficiale\\\/#primaryimage\"},\"thumbnailUrl\":\"https:\\\/\\\/www.bellunopress.it\\\/wp-content\\\/uploads\\\/2023\\\/06\\\/Davide-Noro-segretario-Pd-Belluno.jpg\",\"articleSection\":[\"Cronaca\\\/Politica\"],\"inLanguage\":\"fr-FR\"},{\"@type\":\"WebPage\",\"@id\":\"https:\\\/\\\/www.bellunopress.it\\\/2026\\\/06\\\/18\\\/il-pd-citta-di-belluno-apre-la-nuova-sede-in-piazza-castello-sabato-20-giugno-linaugurazione-ufficiale\\\/\",\"url\":\"https:\\\/\\\/www.bellunopress.it\\\/2026\\\/06\\\/18\\\/il-pd-citta-di-belluno-apre-la-nuova-sede-in-piazza-castello-sabato-20-giugno-linaugurazione-ufficiale\\\/\",\"name\":\"Il PD Citt\u00e0 di Belluno apre la nuova sede in Piazza Castello: sabato 20 giugno l'inaugurazione ufficiale - Bellunopress - Dolomiti\",\"isPartOf\":{\"@id\":\"https:\\\/\\\/www.bellunopress.it\\\/#website\"},\"primaryImageOfPage\":{\"@id\":\"https:\\\/\\\/www.bellunopress.it\\\/2026\\\/06\\\/18\\\/il-pd-citta-di-belluno-apre-la-nuova-sede-in-piazza-castello-sabato-20-giugno-linaugurazione-ufficiale\\\/#primaryimage\"},\"image\":{\"@id\":\"https:\\\/\\\/www.bellunopress.it\\\/2026\\\/06\\\/18\\\/il-pd-citta-di-belluno-apre-la-nuova-sede-in-piazza-castello-sabato-20-giugno-linaugurazione-ufficiale\\\/#primaryimage\"},\"thumbnailUrl\":\"https:\\\/\\\/www.bellunopress.it\\\/wp-content\\\/uploads\\\/2023\\\/06\\\/Davide-Noro-segretario-Pd-Belluno.jpg\",\"datePublished\":\"2026-06-18T12:59:45+00:00\",\"breadcrumb\":{\"@id\":\"https:\\\/\\\/www.bellunopress.it\\\/2026\\\/06\\\/18\\\/il-pd-citta-di-belluno-apre-la-nuova-sede-in-piazza-castello-sabato-20-giugno-linaugurazione-ufficiale\\\/#breadcrumb\"},\"inLanguage\":\"fr-FR\",\"potentialAction\":[{\"@type\":\"ReadAction\",\"target\":[\"https:\\\/\\\/www.bellunopress.it\\\/2026\\\/06\\\/18\\\/il-pd-citta-di-belluno-apre-la-nuova-sede-in-piazza-castello-sabato-20-giugno-linaugurazione-ufficiale\\\/\"]}]},{\"@type\":\"ImageObject\",\"inLanguage\":\"fr-FR\",\"@id\":\"https:\\\/\\\/www.bellunopress.it\\\/2026\\\/06\\\/18\\\/il-pd-citta-di-belluno-apre-la-nuova-sede-in-piazza-castello-sabato-20-giugno-linaugurazione-ufficiale\\\/#primaryimage\",\"url\":\"https:\\\/\\\/www.bellunopress.it\\\/wp-content\\\/uploads\\\/2023\\\/06\\\/Davide-Noro-segretario-Pd-Belluno.jpg\",\"contentUrl\":\"https:\\\/\\\/www.bellunopress.it\\\/wp-content\\\/uploads\\\/2023\\\/06\\\/Davide-Noro-segretario-Pd-Belluno.jpg\",\"width\":847,\"height\":1000,\"caption\":\"Davide Noro, segretario Unione comunale Partito Democratico Belluno\"},{\"@type\":\"BreadcrumbList\",\"@id\":\"https:\\\/\\\/www.bellunopress.it\\\/2026\\\/06\\\/18\\\/il-pd-citta-di-belluno-apre-la-nuova-sede-in-piazza-castello-sabato-20-giugno-linaugurazione-ufficiale\\\/#breadcrumb\",\"itemListElement\":[{\"@type\":\"ListItem\",\"position\":1,\"name\":\"Home\",\"item\":\"https:\\\/\\\/www.bellunopress.it\\\/\"},{\"@type\":\"ListItem\",\"position\":2,\"name\":\"Il PD Citt\u00e0 di Belluno apre la nuova sede in Piazza Castello: sabato 20 giugno l&#8217;inaugurazione ufficiale\"}]},{\"@type\":\"WebSite\",\"@id\":\"https:\\\/\\\/www.bellunopress.it\\\/#website\",\"url\":\"https:\\\/\\\/www.bellunopress.it\\\/\",\"name\":\"Bellunopress - Dolomiti\",\"description\":\"e-mail: redazione@bellunopress.it\",\"publisher\":{\"@id\":\"https:\\\/\\\/www.bellunopress.it\\\/#organization\"},\"potentialAction\":[{\"@type\":\"SearchAction\",\"target\":{\"@type\":\"EntryPoint\",\"urlTemplate\":\"https:\\\/\\\/www.bellunopress.it\\\/?s={search_term_string}\"},\"query-input\":{\"@type\":\"PropertyValueSpecification\",\"valueRequired\":true,\"valueName\":\"search_term_string\"}}],\"inLanguage\":\"fr-FR\"},{\"@type\":\"Organization\",\"@id\":\"https:\\\/\\\/www.bellunopress.it\\\/#organization\",\"name\":\"Bellunopress\",\"url\":\"https:\\\/\\\/www.bellunopress.it\\\/\",\"logo\":{\"@type\":\"ImageObject\",\"inLanguage\":\"fr-FR\",\"@id\":\"https:\\\/\\\/www.bellunopress.it\\\/#\\\/schema\\\/logo\\\/image\\\/\",\"url\":\"https:\\\/\\\/www.bellunopress.it\\\/wp-content\\\/uploads\\\/2011\\\/05\\\/cropped-logo-bellunopress-.jpg\",\"contentUrl\":\"https:\\\/\\\/www.bellunopress.it\\\/wp-content\\\/uploads\\\/2011\\\/05\\\/cropped-logo-bellunopress-.jpg\",\"width\":512,\"height\":512,\"caption\":\"Bellunopress\"},\"image\":{\"@id\":\"https:\\\/\\\/www.bellunopress.it\\\/#\\\/schema\\\/logo\\\/image\\\/\"},\"sameAs\":[\"https:\\\/\\\/www.facebook.com\\\/profile.php?id=100008943462799\",\"https:\\\/\\\/x.com\\\/bellunopress\",\"https:\\\/\\\/www.linkedin.com\\\/hp\\\/?dnr=JBzUWaJfMUw8vbXJJ2tVW5-I3jZKvC4wsoxE&amp;amp;amp;amp;amp;amp;trk=nav_responsive_tab_home\",\"https:\\\/\\\/www.youtube.com\\\/channel\\\/UCxL0wu1uN0_3_7hGG0306cw\"]},{\"@type\":\"Person\",\"@id\":\"https:\\\/\\\/www.bellunopress.it\\\/#\\\/schema\\\/person\\\/79bb06722b37ece1c03d3e94beb30d73\",\"name\":\"redazione\",\"image\":{\"@type\":\"ImageObject\",\"inLanguage\":\"fr-FR\",\"@id\":\"https:\\\/\\\/secure.gravatar.com\\\/avatar\\\/37d968a2e67a6fd04c169c4bdef102d0bc5d31b2546345219e348575eb80e9a0?s=96&d=mm&r=g\",\"url\":\"https:\\\/\\\/secure.gravatar.com\\\/avatar\\\/37d968a2e67a6fd04c169c4bdef102d0bc5d31b2546345219e348575eb80e9a0?s=96&d=mm&r=g\",\"contentUrl\":\"https:\\\/\\\/secure.gravatar.com\\\/avatar\\\/37d968a2e67a6fd04c169c4bdef102d0bc5d31b2546345219e348575eb80e9a0?s=96&d=mm&r=g\",\"caption\":\"redazione\"},\"sameAs\":[\"http:\\\/\\\/www.bellunopress.it\",\"https:\\\/\\\/x.com\\\/bellunopress\"],\"url\":\"https:\\\/\\\/www.bellunopress.it\\\/fr\\\/author\\\/redazione\\\/\"}]}<\/script>\n<!-- \/ Yoast SEO plugin. -->","yoast_head_json":{"title":"Il PD Citt\u00e0 di Belluno apre la nuova sede in Piazza Castello: sabato 20 giugno l'inaugurazione ufficiale - Bellunopress - Dolomiti","robots":{"index":"index","follow":"follow","max-snippet":"max-snippet:-1","max-image-preview":"max-image-preview:large","max-video-preview":"max-video-preview:-1"},"canonical":"https:\/\/www.bellunopress.it\/fr\/2026\/06\/18\/il-pd-citta-di-belluno-apre-la-nuova-sede-in-piazza-castello-sabato-20-giugno-linaugurazione-ufficiale\/","og_locale":"fr_FR","og_type":"article","og_title":"Il PD Citt\u00e0 di Belluno apre la nuova sede in Piazza Castello: sabato 20 giugno l'inaugurazione ufficiale - Bellunopress - Dolomiti","og_description":"Belluno, 18\/06\/2026 &#8211;\u00a0Il PD Citt\u00e0 di Belluno \u00e8 pronto a inaugurare il suo nuovo spazio in pieno centro storico. L&#8217;appuntamento \u00e8 fissato per sabato 20 giugno, alle ore 11:00, in Piazza Castello 23. La nuova sede non vuole essere un semplice presidio politico, ma un vero e proprio luogo di confronto e partecipazione, aperto a [&hellip;]","og_url":"https:\/\/www.bellunopress.it\/fr\/2026\/06\/18\/il-pd-citta-di-belluno-apre-la-nuova-sede-in-piazza-castello-sabato-20-giugno-linaugurazione-ufficiale\/","og_site_name":"Bellunopress - Dolomiti","article_publisher":"https:\/\/www.facebook.com\/profile.php?id=100008943462799","article_published_time":"2026-06-18T12:59:45+00:00","og_image":[{"width":847,"height":1000,"url":"https:\/\/www.bellunopress.it\/wp-content\/uploads\/2023\/06\/Davide-Noro-segretario-Pd-Belluno.jpg","type":"image\/jpeg"}],"author":"redazione","twitter_card":"summary_large_image","twitter_creator":"@bellunopress","twitter_site":"@bellunopress","twitter_misc":{"\u00c9crit par":"redazione","Dur\u00e9e de lecture estim\u00e9e":"2 minutes"},"schema":{"@context":"https:\/\/schema.org","@graph":[{"@type":"Article","@id":"https:\/\/www.bellunopress.it\/2026\/06\/18\/il-pd-citta-di-belluno-apre-la-nuova-sede-in-piazza-castello-sabato-20-giugno-linaugurazione-ufficiale\/#article","isPartOf":{"@id":"https:\/\/www.bellunopress.it\/2026\/06\/18\/il-pd-citta-di-belluno-apre-la-nuova-sede-in-piazza-castello-sabato-20-giugno-linaugurazione-ufficiale\/"},"author":{"name":"redazione","@id":"https:\/\/www.bellunopress.it\/#\/schema\/person\/79bb06722b37ece1c03d3e94beb30d73"},"headline":"Il PD Citt\u00e0 di Belluno apre la nuova sede in Piazza Castello: sabato 20 giugno l&#8217;inaugurazione ufficiale","datePublished":"2026-06-18T12:59:45+00:00","mainEntityOfPage":{"@id":"https:\/\/www.bellunopress.it\/2026\/06\/18\/il-pd-citta-di-belluno-apre-la-nuova-sede-in-piazza-castello-sabato-20-giugno-linaugurazione-ufficiale\/"},"wordCount":211,"publisher":{"@id":"https:\/\/www.bellunopress.it\/#organization"},"image":{"@id":"https:\/\/www.bellunopress.it\/2026\/06\/18\/il-pd-citta-di-belluno-apre-la-nuova-sede-in-piazza-castello-sabato-20-giugno-linaugurazione-ufficiale\/#primaryimage"},"thumbnailUrl":"https:\/\/www.bellunopress.it\/wp-content\/uploads\/2023\/06\/Davide-Noro-segretario-Pd-Belluno.jpg","articleSection":["Cronaca\/Politica"],"inLanguage":"fr-FR"},{"@type":"WebPage","@id":"https:\/\/www.bellunopress.it\/2026\/06\/18\/il-pd-citta-di-belluno-apre-la-nuova-sede-in-piazza-castello-sabato-20-giugno-linaugurazione-ufficiale\/","url":"https:\/\/www.bellunopress.it\/2026\/06\/18\/il-pd-citta-di-belluno-apre-la-nuova-sede-in-piazza-castello-sabato-20-giugno-linaugurazione-ufficiale\/","name":"Il PD Citt\u00e0 di Belluno apre la nuova sede in Piazza Castello: sabato 20 giugno l'inaugurazione ufficiale - Bellunopress - Dolomiti","isPartOf":{"@id":"https:\/\/www.bellunopress.it\/#website"},"primaryImageOfPage":{"@id":"https:\/\/www.bellunopress.it\/2026\/06\/18\/il-pd-citta-di-belluno-apre-la-nuova-sede-in-piazza-castello-sabato-20-giugno-linaugurazione-ufficiale\/#primaryimage"},"image":{"@id":"https:\/\/www.bellunopress.it\/2026\/06\/18\/il-pd-citta-di-belluno-apre-la-nuova-sede-in-piazza-castello-sabato-20-giugno-linaugurazione-ufficiale\/#primaryimage"},"thumbnailUrl":"https:\/\/www.bellunopress.it\/wp-content\/uploads\/2023\/06\/Davide-Noro-segretario-Pd-Belluno.jpg","datePublished":"2026-06-18T12:59:45+00:00","breadcrumb":{"@id":"https:\/\/www.bellunopress.it\/2026\/06\/18\/il-pd-citta-di-belluno-apre-la-nuova-sede-in-piazza-castello-sabato-20-giugno-linaugurazione-ufficiale\/#breadcrumb"},"inLanguage":"fr-FR","potentialAction":[{"@type":"ReadAction","target":["https:\/\/www.bellunopress.it\/2026\/06\/18\/il-pd-citta-di-belluno-apre-la-nuova-sede-in-piazza-castello-sabato-20-giugno-linaugurazione-ufficiale\/"]}]},{"@type":"ImageObject","inLanguage":"fr-FR","@id":"https:\/\/www.bellunopress.it\/2026\/06\/18\/il-pd-citta-di-belluno-apre-la-nuova-sede-in-piazza-castello-sabato-20-giugno-linaugurazione-ufficiale\/#primaryimage","url":"https:\/\/www.bellunopress.it\/wp-content\/uploads\/2023\/06\/Davide-Noro-segretario-Pd-Belluno.jpg","contentUrl":"https:\/\/www.bellunopress.it\/wp-content\/uploads\/2023\/06\/Davide-Noro-segretario-Pd-Belluno.jpg","width":847,"height":1000,"caption":"Davide Noro, segretario Unione comunale Partito Democratico Belluno"},{"@type":"BreadcrumbList","@id":"https:\/\/www.bellunopress.it\/2026\/06\/18\/il-pd-citta-di-belluno-apre-la-nuova-sede-in-piazza-castello-sabato-20-giugno-linaugurazione-ufficiale\/#breadcrumb","itemListElement":[{"@type":"ListItem","position":1,"name":"Home","item":"https:\/\/www.bellunopress.it\/"},{"@type":"ListItem","position":2,"name":"Il PD Citt\u00e0 di Belluno apre la nuova sede in Piazza Castello: sabato 20 giugno l&#8217;inaugurazione ufficiale"}]},{"@type":"WebSite","@id":"https:\/\/www.bellunopress.it\/#website","url":"https:\/\/www.bellunopress.it\/","name":"Bellunopress - Dolomiti","description":"e-mail: redazione@bellunopress.it","publisher":{"@id":"https:\/\/www.bellunopress.it\/#organization"},"potentialAction":[{"@type":"SearchAction","target":{"@type":"EntryPoint","urlTemplate":"https:\/\/www.bellunopress.it\/?s={search_term_string}"},"query-input":{"@type":"PropertyValueSpecification","valueRequired":true,"valueName":"search_term_string"}}],"inLanguage":"fr-FR"},{"@type":"Organization","@id":"https:\/\/www.bellunopress.it\/#organization","name":"Bellunopress","url":"https:\/\/www.bellunopress.it\/","logo":{"@type":"ImageObject","inLanguage":"fr-FR","@id":"https:\/\/www.bellunopress.it\/#\/schema\/logo\/image\/","url":"https:\/\/www.bellunopress.it\/wp-content\/uploads\/2011\/05\/cropped-logo-bellunopress-.jpg","contentUrl":"https:\/\/www.bellunopress.it\/wp-content\/uploads\/2011\/05\/cropped-logo-bellunopress-.jpg","width":512,"height":512,"caption":"Bellunopress"},"image":{"@id":"https:\/\/www.bellunopress.it\/#\/schema\/logo\/image\/"},"sameAs":["https:\/\/www.facebook.com\/profile.php?id=100008943462799","https:\/\/x.com\/bellunopress","https:\/\/www.linkedin.com\/hp\/?dnr=JBzUWaJfMUw8vbXJJ2tVW5-I3jZKvC4wsoxE&amp;amp;amp;amp;amp;amp;trk=nav_responsive_tab_home","https:\/\/www.youtube.com\/channel\/UCxL0wu1uN0_3_7hGG0306cw"]},{"@type":"Person","@id":"https:\/\/www.bellunopress.it\/#\/schema\/person\/79bb06722b37ece1c03d3e94beb30d73","name":"r\u00e9daction","image":{"@type":"ImageObject","inLanguage":"fr-FR","@id":"https:\/\/secure.gravatar.com\/avatar\/37d968a2e67a6fd04c169c4bdef102d0bc5d31b2546345219e348575eb80e9a0?s=96&d=mm&r=g","url":"https:\/\/secure.gravatar.com\/avatar\/37d968a2e67a6fd04c169c4bdef102d0bc5d31b2546345219e348575eb80e9a0?s=96&d=mm&r=g","contentUrl":"https:\/\/secure.gravatar.com\/avatar\/37d968a2e67a6fd04c169c4bdef102d0bc5d31b2546345219e348575eb80e9a0?s=96&d=mm&r=g","caption":"redazione"},"sameAs":["http:\/\/www.bellunopress.it","https:\/\/x.com\/bellunopress"],"url":"https:\/\/www.bellunopress.it\/fr\/author\/redazione\/"}]}},"_links":{"self":[{"href":"https:\/\/www.bellunopress.it\/fr\/wp-json\/wp\/v2\/posts\/171048","targetHints":{"allow":["GET"]}}],"collection":[{"href":"https:\/\/www.bellunopress.it\/fr\/wp-json\/wp\/v2\/posts"}],"about":[{"href":"https:\/\/www.bellunopress.it\/fr\/wp-json\/wp\/v2\/types\/post"}],"author":[{"embeddable":true,"href":"https:\/\/www.bellunopress.it\/fr\/wp-json\/wp\/v2\/users\/2"}],"replies":[{"embeddable":true,"href":"https:\/\/www.bellunopress.it\/fr\/wp-json\/wp\/v2\/comments?post=171048"}],"version-history":[{"count":1,"href":"https:\/\/www.bellunopress.it\/fr\/wp-json\/wp\/v2\/posts\/171048\/revisions"}],"predecessor-version":[{"id":171051,"href":"https:\/\/www.bellunopress.it\/fr\/wp-json\/wp\/v2\/posts\/171048\/revisions\/171051"}],"wp:featuredmedia":[{"embeddable":true,"href":"https:\/\/www.bellunopress.it\/fr\/wp-json\/wp\/v2\/media\/141968"}],"wp:attachment":[{"href":"https:\/\/www.bellunopress.it\/fr\/wp-json\/wp\/v2\/media?parent=171048"}],"wp:term":[{"taxonomy":"category","embeddable":true,"href":"https:\/\/www.bellunopress.it\/fr\/wp-json\/wp\/v2\/categories?post=171048"},{"taxonomy":"post_tag","embeddable":true,"href":"https:\/\/www.bellunopress.it\/fr\/wp-json\/wp\/v2\/tags?post=171048"}],"curies":[{"name":"wp","href":"https:\/\/api.w.org\/{rel}","templated":true}]}}