{"id":171045,"date":"2026-06-18T08:48:45","date_gmt":"2026-06-18T06:48:45","guid":{"rendered":"https:\/\/www.bellunopress.it\/?p=171045"},"modified":"2026-06-18T08:48:45","modified_gmt":"2026-06-18T06:48:45","slug":"baldenich24-il-futuro-passa-dallintelligenza-artificiale-sabato-il-settimo-incontro-del-ciclo-partecipativo","status":"publish","type":"post","link":"https:\/\/www.bellunopress.it\/fr\/2026\/06\/18\/baldenich24-il-futuro-passa-dallintelligenza-artificiale-sabato-il-settimo-incontro-del-ciclo-partecipativo\/","title":{"rendered":"Baldenich24, il futuro passa dall\u2019intelligenza artificiale: sabato il settimo incontro del ciclo partecipativo"},"content":{"rendered":"<p><strong>Sabato 20 giugno ore 18.00 <\/strong><strong>Sala Meeting Hotel Europa Via Vittorio Veneto 158, Belluno<\/strong><br \/>\n<strong>L&#8217;intelligenza artificiale: sviluppi e opportunit\u00e0<\/strong><br \/>\n<strong>Relatore: Giacomo Bocchese\u00a0<\/strong><\/p>\n<p><strong>Ingresso libero e aperto a tutta la cittadinanza.<\/strong><\/p>\n<p>Belluno, 18 giugno 2026 &#8211; Prosegue il percorso di confronto e partecipazione promosso dal Comitato di Quartiere Baldenich24. Sabato 20 giugno, alle ore 18, nella Sala Meeting dell&#8217;Hotel Europa di via Vittorio Veneto, si terr\u00e0 il settimo appuntamento del ciclo &#8220;Spazi di dialogo, spazi di incontro, luoghi di partecipazione&#8221;, un&#8217;iniziativa nata per favorire il coinvolgimento dei cittadini sui temi che stanno trasformando la societ\u00e0 contemporanea.<\/p>\n<p>Al centro dell&#8217;incontro ci sar\u00e0 uno degli argomenti pi\u00f9 dibattuti e strategici del nostro tempo: l&#8217;intelligenza artificiale. Il titolo della serata, &#8220;L&#8217;intelligenza artificiale: sviluppi e opportunit\u00e0&#8221;, vuole offrire al pubblico una panoramica accessibile ma approfondita sulle tecnologie che stanno rivoluzionando il mondo del lavoro, dell&#8217;impresa, della ricerca e della vita quotidiana.<\/p>\n<p>Ospite dell&#8217;incontro sar\u00e0 Giacomo Bocchese, ricercatore e divulgatore impegnato nello studio delle nuove frontiere dell&#8217;intelligenza artificiale. Attraverso i suoi interventi e le sue pubblicazioni online, Bocchese si occupa in particolare di modelli innovativi per l&#8217;AI, esplorando approcci alternativi alle tradizionali reti neurali e approfondendo il tema dell&#8217;intelligenza artificiale generale (AGI), considerata da molti il prossimo grande traguardo della ricerca tecnologica. Negli ultimi mesi ha partecipato e moderato eventi dedicati all&#8217;innovazione e alle startup, contribuendo alla diffusione della cultura scientifica e tecnologica sul territorio.<\/p>\n<p>L&#8217;appuntamento rappresenta un&#8217;occasione per comprendere meglio come l&#8217;intelligenza artificiale stia gi\u00e0 influenzando numerosi settori produttivi e professionali, ma anche per riflettere sulle implicazioni etiche, sociali ed economiche che accompagneranno il suo sviluppo nei prossimi anni. Dai sistemi generativi come ChatGPT alle applicazioni industriali, dalla sanit\u00e0 all&#8217;istruzione, il dibattito si concentrer\u00e0 sulle opportunit\u00e0 che queste tecnologie possono offrire a cittadini ed imprese.<br \/>\nSar\u00e0 un&#8217;occasione per comprendere le basi di come funziona e i suoi limiti.<\/p>\n<p>Come nelle precedenti edizioni del ciclo, l&#8217;incontro sar\u00e0 caratterizzato da un approccio partecipativo, con spazio dedicato alle domande e al confronto diretto tra relatore e pubblico. Un momento di dialogo aperto che conferma la volont\u00e0 del Comitato Baldenich24 di trasformare il quartiere in un laboratorio civico permanente, capace di affrontare le grandi sfide del presente attraverso informazione, confronto e partecipazione.<\/p>\n<p>&nbsp;<\/p>\n<p>&nbsp;<\/p>\n<p>&nbsp;<\/p>","protected":false},"excerpt":{"rendered":"<p>Sabato 20 giugno ore 18.00 Sala Meeting Hotel Europa Via Vittorio Veneto 158, Belluno L&#8217;intelligenza artificiale: sviluppi e opportunit\u00e0 Relatore: Giacomo Bocchese\u00a0 Ingresso libero e aperto a tutta la cittadinanza. Belluno, 18 giugno 2026 &#8211; Prosegue il percorso di confronto e partecipazione promosso dal Comitato di Quartiere Baldenich24. Sabato 20 giugno, alle ore 18, nella [&hellip;]<\/p>\n","protected":false},"author":2,"featured_media":171046,"comment_status":"closed","ping_status":"open","sticky":false,"template":"","format":"standard","meta":{"footnotes":""},"categories":[27,25],"tags":[],"class_list":["post-171045","post","type-post","status-publish","format-standard","has-post-thumbnail","category-appuntamenti","category-pausa-caffe"],"yoast_head":"<!-- This site is optimized with the Yoast SEO plugin v28.4 - https:\/\/yoast.com\/product\/yoast-seo-wordpress\/ -->\n<title>Baldenich24, il futuro passa dall\u2019intelligenza artificiale: sabato il settimo incontro del ciclo partecipativo - Bellunopress - Dolomiti<\/title>\n<meta name=\"robots\" content=\"index, follow, max-snippet:-1, max-image-preview:large, max-video-preview:-1\" \/>\n<link rel=\"canonical\" href=\"https:\/\/www.bellunopress.it\/fr\/2026\/06\/18\/baldenich24-il-futuro-passa-dallintelligenza-artificiale-sabato-il-settimo-incontro-del-ciclo-partecipativo\/\" \/>\n<meta property=\"og:locale\" content=\"fr_FR\" \/>\n<meta property=\"og:type\" content=\"article\" \/>\n<meta property=\"og:title\" content=\"Baldenich24, il futuro passa dall\u2019intelligenza artificiale: sabato il settimo incontro del ciclo partecipativo - Bellunopress - Dolomiti\" \/>\n<meta property=\"og:description\" content=\"Sabato 20 giugno ore 18.00 Sala Meeting Hotel Europa Via Vittorio Veneto 158, Belluno L&#8217;intelligenza artificiale: sviluppi e opportunit\u00e0 Relatore: Giacomo Bocchese\u00a0 Ingresso libero e aperto a tutta la cittadinanza. Belluno, 18 giugno 2026 &#8211; Prosegue il percorso di confronto e partecipazione promosso dal Comitato di Quartiere Baldenich24. Sabato 20 giugno, alle ore 18, nella [&hellip;]\" \/>\n<meta property=\"og:url\" content=\"https:\/\/www.bellunopress.it\/fr\/2026\/06\/18\/baldenich24-il-futuro-passa-dallintelligenza-artificiale-sabato-il-settimo-incontro-del-ciclo-partecipativo\/\" \/>\n<meta property=\"og:site_name\" content=\"Bellunopress - Dolomiti\" \/>\n<meta property=\"article:publisher\" content=\"https:\/\/www.facebook.com\/profile.php?id=100008943462799\" \/>\n<meta property=\"article:published_time\" content=\"2026-06-18T06:48:45+00:00\" \/>\n<meta property=\"og:image\" content=\"https:\/\/www.bellunopress.it\/wp-content\/uploads\/2026\/06\/conferenxa-comitato-baldenich.jpg\" \/>\n\t<meta property=\"og:image:width\" content=\"353\" \/>\n\t<meta property=\"og:image:height\" content=\"500\" \/>\n\t<meta property=\"og:image:type\" content=\"image\/jpeg\" \/>\n<meta name=\"author\" content=\"redazione\" \/>\n<meta name=\"twitter:card\" content=\"summary_large_image\" \/>\n<meta name=\"twitter:creator\" content=\"@bellunopress\" \/>\n<meta name=\"twitter:site\" content=\"@bellunopress\" \/>\n<meta name=\"twitter:label1\" content=\"\u00c9crit par\" \/>\n\t<meta name=\"twitter:data1\" content=\"redazione\" \/>\n\t<meta name=\"twitter:label2\" content=\"Dur\u00e9e de lecture estim\u00e9e\" \/>\n\t<meta name=\"twitter:data2\" content=\"3 minutes\" \/>\n<script type=\"application\/ld+json\" class=\"yoast-schema-graph\">{\"@context\":\"https:\\\/\\\/schema.org\",\"@graph\":[{\"@type\":\"Article\",\"@id\":\"https:\\\/\\\/www.bellunopress.it\\\/2026\\\/06\\\/18\\\/baldenich24-il-futuro-passa-dallintelligenza-artificiale-sabato-il-settimo-incontro-del-ciclo-partecipativo\\\/#article\",\"isPartOf\":{\"@id\":\"https:\\\/\\\/www.bellunopress.it\\\/2026\\\/06\\\/18\\\/baldenich24-il-futuro-passa-dallintelligenza-artificiale-sabato-il-settimo-incontro-del-ciclo-partecipativo\\\/\"},\"author\":{\"name\":\"redazione\",\"@id\":\"https:\\\/\\\/www.bellunopress.it\\\/#\\\/schema\\\/person\\\/79bb06722b37ece1c03d3e94beb30d73\"},\"headline\":\"Baldenich24, il futuro passa dall\u2019intelligenza artificiale: sabato il settimo incontro del ciclo partecipativo\",\"datePublished\":\"2026-06-18T06:48:45+00:00\",\"mainEntityOfPage\":{\"@id\":\"https:\\\/\\\/www.bellunopress.it\\\/2026\\\/06\\\/18\\\/baldenich24-il-futuro-passa-dallintelligenza-artificiale-sabato-il-settimo-incontro-del-ciclo-partecipativo\\\/\"},\"wordCount\":391,\"publisher\":{\"@id\":\"https:\\\/\\\/www.bellunopress.it\\\/#organization\"},\"image\":{\"@id\":\"https:\\\/\\\/www.bellunopress.it\\\/2026\\\/06\\\/18\\\/baldenich24-il-futuro-passa-dallintelligenza-artificiale-sabato-il-settimo-incontro-del-ciclo-partecipativo\\\/#primaryimage\"},\"thumbnailUrl\":\"https:\\\/\\\/www.bellunopress.it\\\/wp-content\\\/uploads\\\/2026\\\/06\\\/conferenxa-comitato-baldenich.jpg\",\"articleSection\":[\"Appuntamenti, Eventi\",\"Pausa Caff\u00e8\"],\"inLanguage\":\"fr-FR\"},{\"@type\":\"WebPage\",\"@id\":\"https:\\\/\\\/www.bellunopress.it\\\/2026\\\/06\\\/18\\\/baldenich24-il-futuro-passa-dallintelligenza-artificiale-sabato-il-settimo-incontro-del-ciclo-partecipativo\\\/\",\"url\":\"https:\\\/\\\/www.bellunopress.it\\\/2026\\\/06\\\/18\\\/baldenich24-il-futuro-passa-dallintelligenza-artificiale-sabato-il-settimo-incontro-del-ciclo-partecipativo\\\/\",\"name\":\"Baldenich24, il futuro passa dall\u2019intelligenza artificiale: sabato il settimo incontro del ciclo partecipativo - Bellunopress - Dolomiti\",\"isPartOf\":{\"@id\":\"https:\\\/\\\/www.bellunopress.it\\\/#website\"},\"primaryImageOfPage\":{\"@id\":\"https:\\\/\\\/www.bellunopress.it\\\/2026\\\/06\\\/18\\\/baldenich24-il-futuro-passa-dallintelligenza-artificiale-sabato-il-settimo-incontro-del-ciclo-partecipativo\\\/#primaryimage\"},\"image\":{\"@id\":\"https:\\\/\\\/www.bellunopress.it\\\/2026\\\/06\\\/18\\\/baldenich24-il-futuro-passa-dallintelligenza-artificiale-sabato-il-settimo-incontro-del-ciclo-partecipativo\\\/#primaryimage\"},\"thumbnailUrl\":\"https:\\\/\\\/www.bellunopress.it\\\/wp-content\\\/uploads\\\/2026\\\/06\\\/conferenxa-comitato-baldenich.jpg\",\"datePublished\":\"2026-06-18T06:48:45+00:00\",\"breadcrumb\":{\"@id\":\"https:\\\/\\\/www.bellunopress.it\\\/2026\\\/06\\\/18\\\/baldenich24-il-futuro-passa-dallintelligenza-artificiale-sabato-il-settimo-incontro-del-ciclo-partecipativo\\\/#breadcrumb\"},\"inLanguage\":\"fr-FR\",\"potentialAction\":[{\"@type\":\"ReadAction\",\"target\":[\"https:\\\/\\\/www.bellunopress.it\\\/2026\\\/06\\\/18\\\/baldenich24-il-futuro-passa-dallintelligenza-artificiale-sabato-il-settimo-incontro-del-ciclo-partecipativo\\\/\"]}]},{\"@type\":\"ImageObject\",\"inLanguage\":\"fr-FR\",\"@id\":\"https:\\\/\\\/www.bellunopress.it\\\/2026\\\/06\\\/18\\\/baldenich24-il-futuro-passa-dallintelligenza-artificiale-sabato-il-settimo-incontro-del-ciclo-partecipativo\\\/#primaryimage\",\"url\":\"https:\\\/\\\/www.bellunopress.it\\\/wp-content\\\/uploads\\\/2026\\\/06\\\/conferenxa-comitato-baldenich.jpg\",\"contentUrl\":\"https:\\\/\\\/www.bellunopress.it\\\/wp-content\\\/uploads\\\/2026\\\/06\\\/conferenxa-comitato-baldenich.jpg\",\"width\":353,\"height\":500},{\"@type\":\"BreadcrumbList\",\"@id\":\"https:\\\/\\\/www.bellunopress.it\\\/2026\\\/06\\\/18\\\/baldenich24-il-futuro-passa-dallintelligenza-artificiale-sabato-il-settimo-incontro-del-ciclo-partecipativo\\\/#breadcrumb\",\"itemListElement\":[{\"@type\":\"ListItem\",\"position\":1,\"name\":\"Home\",\"item\":\"https:\\\/\\\/www.bellunopress.it\\\/\"},{\"@type\":\"ListItem\",\"position\":2,\"name\":\"Baldenich24, il futuro passa dall\u2019intelligenza artificiale: sabato il settimo incontro del ciclo partecipativo\"}]},{\"@type\":\"WebSite\",\"@id\":\"https:\\\/\\\/www.bellunopress.it\\\/#website\",\"url\":\"https:\\\/\\\/www.bellunopress.it\\\/\",\"name\":\"Bellunopress - Dolomiti\",\"description\":\"e-mail: redazione@bellunopress.it\",\"publisher\":{\"@id\":\"https:\\\/\\\/www.bellunopress.it\\\/#organization\"},\"potentialAction\":[{\"@type\":\"SearchAction\",\"target\":{\"@type\":\"EntryPoint\",\"urlTemplate\":\"https:\\\/\\\/www.bellunopress.it\\\/?s={search_term_string}\"},\"query-input\":{\"@type\":\"PropertyValueSpecification\",\"valueRequired\":true,\"valueName\":\"search_term_string\"}}],\"inLanguage\":\"fr-FR\"},{\"@type\":\"Organization\",\"@id\":\"https:\\\/\\\/www.bellunopress.it\\\/#organization\",\"name\":\"Bellunopress\",\"url\":\"https:\\\/\\\/www.bellunopress.it\\\/\",\"logo\":{\"@type\":\"ImageObject\",\"inLanguage\":\"fr-FR\",\"@id\":\"https:\\\/\\\/www.bellunopress.it\\\/#\\\/schema\\\/logo\\\/image\\\/\",\"url\":\"https:\\\/\\\/www.bellunopress.it\\\/wp-content\\\/uploads\\\/2011\\\/05\\\/cropped-logo-bellunopress-.jpg\",\"contentUrl\":\"https:\\\/\\\/www.bellunopress.it\\\/wp-content\\\/uploads\\\/2011\\\/05\\\/cropped-logo-bellunopress-.jpg\",\"width\":512,\"height\":512,\"caption\":\"Bellunopress\"},\"image\":{\"@id\":\"https:\\\/\\\/www.bellunopress.it\\\/#\\\/schema\\\/logo\\\/image\\\/\"},\"sameAs\":[\"https:\\\/\\\/www.facebook.com\\\/profile.php?id=100008943462799\",\"https:\\\/\\\/x.com\\\/bellunopress\",\"https:\\\/\\\/www.linkedin.com\\\/hp\\\/?dnr=JBzUWaJfMUw8vbXJJ2tVW5-I3jZKvC4wsoxE&amp;amp;amp;amp;amp;amp;trk=nav_responsive_tab_home\",\"https:\\\/\\\/www.youtube.com\\\/channel\\\/UCxL0wu1uN0_3_7hGG0306cw\"]},{\"@type\":\"Person\",\"@id\":\"https:\\\/\\\/www.bellunopress.it\\\/#\\\/schema\\\/person\\\/79bb06722b37ece1c03d3e94beb30d73\",\"name\":\"redazione\",\"image\":{\"@type\":\"ImageObject\",\"inLanguage\":\"fr-FR\",\"@id\":\"https:\\\/\\\/secure.gravatar.com\\\/avatar\\\/37d968a2e67a6fd04c169c4bdef102d0bc5d31b2546345219e348575eb80e9a0?s=96&d=mm&r=g\",\"url\":\"https:\\\/\\\/secure.gravatar.com\\\/avatar\\\/37d968a2e67a6fd04c169c4bdef102d0bc5d31b2546345219e348575eb80e9a0?s=96&d=mm&r=g\",\"contentUrl\":\"https:\\\/\\\/secure.gravatar.com\\\/avatar\\\/37d968a2e67a6fd04c169c4bdef102d0bc5d31b2546345219e348575eb80e9a0?s=96&d=mm&r=g\",\"caption\":\"redazione\"},\"sameAs\":[\"http:\\\/\\\/www.bellunopress.it\",\"https:\\\/\\\/x.com\\\/bellunopress\"],\"url\":\"https:\\\/\\\/www.bellunopress.it\\\/fr\\\/author\\\/redazione\\\/\"}]}<\/script>\n<!-- \/ Yoast SEO plugin. -->","yoast_head_json":{"title":"Baldenich24, il futuro passa dall\u2019intelligenza artificiale: sabato il settimo incontro del ciclo partecipativo - Bellunopress - Dolomiti","robots":{"index":"index","follow":"follow","max-snippet":"max-snippet:-1","max-image-preview":"max-image-preview:large","max-video-preview":"max-video-preview:-1"},"canonical":"https:\/\/www.bellunopress.it\/fr\/2026\/06\/18\/baldenich24-il-futuro-passa-dallintelligenza-artificiale-sabato-il-settimo-incontro-del-ciclo-partecipativo\/","og_locale":"fr_FR","og_type":"article","og_title":"Baldenich24, il futuro passa dall\u2019intelligenza artificiale: sabato il settimo incontro del ciclo partecipativo - Bellunopress - Dolomiti","og_description":"Sabato 20 giugno ore 18.00 Sala Meeting Hotel Europa Via Vittorio Veneto 158, Belluno L&#8217;intelligenza artificiale: sviluppi e opportunit\u00e0 Relatore: Giacomo Bocchese\u00a0 Ingresso libero e aperto a tutta la cittadinanza. Belluno, 18 giugno 2026 &#8211; Prosegue il percorso di confronto e partecipazione promosso dal Comitato di Quartiere Baldenich24. Sabato 20 giugno, alle ore 18, nella [&hellip;]","og_url":"https:\/\/www.bellunopress.it\/fr\/2026\/06\/18\/baldenich24-il-futuro-passa-dallintelligenza-artificiale-sabato-il-settimo-incontro-del-ciclo-partecipativo\/","og_site_name":"Bellunopress - Dolomiti","article_publisher":"https:\/\/www.facebook.com\/profile.php?id=100008943462799","article_published_time":"2026-06-18T06:48:45+00:00","og_image":[{"width":353,"height":500,"url":"https:\/\/www.bellunopress.it\/wp-content\/uploads\/2026\/06\/conferenxa-comitato-baldenich.jpg","type":"image\/jpeg"}],"author":"redazione","twitter_card":"summary_large_image","twitter_creator":"@bellunopress","twitter_site":"@bellunopress","twitter_misc":{"\u00c9crit par":"redazione","Dur\u00e9e de lecture estim\u00e9e":"3 minutes"},"schema":{"@context":"https:\/\/schema.org","@graph":[{"@type":"Article","@id":"https:\/\/www.bellunopress.it\/2026\/06\/18\/baldenich24-il-futuro-passa-dallintelligenza-artificiale-sabato-il-settimo-incontro-del-ciclo-partecipativo\/#article","isPartOf":{"@id":"https:\/\/www.bellunopress.it\/2026\/06\/18\/baldenich24-il-futuro-passa-dallintelligenza-artificiale-sabato-il-settimo-incontro-del-ciclo-partecipativo\/"},"author":{"name":"redazione","@id":"https:\/\/www.bellunopress.it\/#\/schema\/person\/79bb06722b37ece1c03d3e94beb30d73"},"headline":"Baldenich24, il futuro passa dall\u2019intelligenza artificiale: sabato il settimo incontro del ciclo partecipativo","datePublished":"2026-06-18T06:48:45+00:00","mainEntityOfPage":{"@id":"https:\/\/www.bellunopress.it\/2026\/06\/18\/baldenich24-il-futuro-passa-dallintelligenza-artificiale-sabato-il-settimo-incontro-del-ciclo-partecipativo\/"},"wordCount":391,"publisher":{"@id":"https:\/\/www.bellunopress.it\/#organization"},"image":{"@id":"https:\/\/www.bellunopress.it\/2026\/06\/18\/baldenich24-il-futuro-passa-dallintelligenza-artificiale-sabato-il-settimo-incontro-del-ciclo-partecipativo\/#primaryimage"},"thumbnailUrl":"https:\/\/www.bellunopress.it\/wp-content\/uploads\/2026\/06\/conferenxa-comitato-baldenich.jpg","articleSection":["Appuntamenti, Eventi","Pausa Caff\u00e8"],"inLanguage":"fr-FR"},{"@type":"WebPage","@id":"https:\/\/www.bellunopress.it\/2026\/06\/18\/baldenich24-il-futuro-passa-dallintelligenza-artificiale-sabato-il-settimo-incontro-del-ciclo-partecipativo\/","url":"https:\/\/www.bellunopress.it\/2026\/06\/18\/baldenich24-il-futuro-passa-dallintelligenza-artificiale-sabato-il-settimo-incontro-del-ciclo-partecipativo\/","name":"Baldenich24, il futuro passa dall\u2019intelligenza artificiale: sabato il settimo incontro del ciclo partecipativo - Bellunopress - Dolomiti","isPartOf":{"@id":"https:\/\/www.bellunopress.it\/#website"},"primaryImageOfPage":{"@id":"https:\/\/www.bellunopress.it\/2026\/06\/18\/baldenich24-il-futuro-passa-dallintelligenza-artificiale-sabato-il-settimo-incontro-del-ciclo-partecipativo\/#primaryimage"},"image":{"@id":"https:\/\/www.bellunopress.it\/2026\/06\/18\/baldenich24-il-futuro-passa-dallintelligenza-artificiale-sabato-il-settimo-incontro-del-ciclo-partecipativo\/#primaryimage"},"thumbnailUrl":"https:\/\/www.bellunopress.it\/wp-content\/uploads\/2026\/06\/conferenxa-comitato-baldenich.jpg","datePublished":"2026-06-18T06:48:45+00:00","breadcrumb":{"@id":"https:\/\/www.bellunopress.it\/2026\/06\/18\/baldenich24-il-futuro-passa-dallintelligenza-artificiale-sabato-il-settimo-incontro-del-ciclo-partecipativo\/#breadcrumb"},"inLanguage":"fr-FR","potentialAction":[{"@type":"ReadAction","target":["https:\/\/www.bellunopress.it\/2026\/06\/18\/baldenich24-il-futuro-passa-dallintelligenza-artificiale-sabato-il-settimo-incontro-del-ciclo-partecipativo\/"]}]},{"@type":"ImageObject","inLanguage":"fr-FR","@id":"https:\/\/www.bellunopress.it\/2026\/06\/18\/baldenich24-il-futuro-passa-dallintelligenza-artificiale-sabato-il-settimo-incontro-del-ciclo-partecipativo\/#primaryimage","url":"https:\/\/www.bellunopress.it\/wp-content\/uploads\/2026\/06\/conferenxa-comitato-baldenich.jpg","contentUrl":"https:\/\/www.bellunopress.it\/wp-content\/uploads\/2026\/06\/conferenxa-comitato-baldenich.jpg","width":353,"height":500},{"@type":"BreadcrumbList","@id":"https:\/\/www.bellunopress.it\/2026\/06\/18\/baldenich24-il-futuro-passa-dallintelligenza-artificiale-sabato-il-settimo-incontro-del-ciclo-partecipativo\/#breadcrumb","itemListElement":[{"@type":"ListItem","position":1,"name":"Home","item":"https:\/\/www.bellunopress.it\/"},{"@type":"ListItem","position":2,"name":"Baldenich24, il futuro passa dall\u2019intelligenza artificiale: sabato il settimo incontro del ciclo partecipativo"}]},{"@type":"WebSite","@id":"https:\/\/www.bellunopress.it\/#website","url":"https:\/\/www.bellunopress.it\/","name":"Bellunopress - Dolomiti","description":"e-mail: redazione@bellunopress.it","publisher":{"@id":"https:\/\/www.bellunopress.it\/#organization"},"potentialAction":[{"@type":"SearchAction","target":{"@type":"EntryPoint","urlTemplate":"https:\/\/www.bellunopress.it\/?s={search_term_string}"},"query-input":{"@type":"PropertyValueSpecification","valueRequired":true,"valueName":"search_term_string"}}],"inLanguage":"fr-FR"},{"@type":"Organization","@id":"https:\/\/www.bellunopress.it\/#organization","name":"Bellunopress","url":"https:\/\/www.bellunopress.it\/","logo":{"@type":"ImageObject","inLanguage":"fr-FR","@id":"https:\/\/www.bellunopress.it\/#\/schema\/logo\/image\/","url":"https:\/\/www.bellunopress.it\/wp-content\/uploads\/2011\/05\/cropped-logo-bellunopress-.jpg","contentUrl":"https:\/\/www.bellunopress.it\/wp-content\/uploads\/2011\/05\/cropped-logo-bellunopress-.jpg","width":512,"height":512,"caption":"Bellunopress"},"image":{"@id":"https:\/\/www.bellunopress.it\/#\/schema\/logo\/image\/"},"sameAs":["https:\/\/www.facebook.com\/profile.php?id=100008943462799","https:\/\/x.com\/bellunopress","https:\/\/www.linkedin.com\/hp\/?dnr=JBzUWaJfMUw8vbXJJ2tVW5-I3jZKvC4wsoxE&amp;amp;amp;amp;amp;amp;trk=nav_responsive_tab_home","https:\/\/www.youtube.com\/channel\/UCxL0wu1uN0_3_7hGG0306cw"]},{"@type":"Person","@id":"https:\/\/www.bellunopress.it\/#\/schema\/person\/79bb06722b37ece1c03d3e94beb30d73","name":"r\u00e9daction","image":{"@type":"ImageObject","inLanguage":"fr-FR","@id":"https:\/\/secure.gravatar.com\/avatar\/37d968a2e67a6fd04c169c4bdef102d0bc5d31b2546345219e348575eb80e9a0?s=96&d=mm&r=g","url":"https:\/\/secure.gravatar.com\/avatar\/37d968a2e67a6fd04c169c4bdef102d0bc5d31b2546345219e348575eb80e9a0?s=96&d=mm&r=g","contentUrl":"https:\/\/secure.gravatar.com\/avatar\/37d968a2e67a6fd04c169c4bdef102d0bc5d31b2546345219e348575eb80e9a0?s=96&d=mm&r=g","caption":"redazione"},"sameAs":["http:\/\/www.bellunopress.it","https:\/\/x.com\/bellunopress"],"url":"https:\/\/www.bellunopress.it\/fr\/author\/redazione\/"}]}},"_links":{"self":[{"href":"https:\/\/www.bellunopress.it\/fr\/wp-json\/wp\/v2\/posts\/171045","targetHints":{"allow":["GET"]}}],"collection":[{"href":"https:\/\/www.bellunopress.it\/fr\/wp-json\/wp\/v2\/posts"}],"about":[{"href":"https:\/\/www.bellunopress.it\/fr\/wp-json\/wp\/v2\/types\/post"}],"author":[{"embeddable":true,"href":"https:\/\/www.bellunopress.it\/fr\/wp-json\/wp\/v2\/users\/2"}],"replies":[{"embeddable":true,"href":"https:\/\/www.bellunopress.it\/fr\/wp-json\/wp\/v2\/comments?post=171045"}],"version-history":[{"count":1,"href":"https:\/\/www.bellunopress.it\/fr\/wp-json\/wp\/v2\/posts\/171045\/revisions"}],"predecessor-version":[{"id":171047,"href":"https:\/\/www.bellunopress.it\/fr\/wp-json\/wp\/v2\/posts\/171045\/revisions\/171047"}],"wp:featuredmedia":[{"embeddable":true,"href":"https:\/\/www.bellunopress.it\/fr\/wp-json\/wp\/v2\/media\/171046"}],"wp:attachment":[{"href":"https:\/\/www.bellunopress.it\/fr\/wp-json\/wp\/v2\/media?parent=171045"}],"wp:term":[{"taxonomy":"category","embeddable":true,"href":"https:\/\/www.bellunopress.it\/fr\/wp-json\/wp\/v2\/categories?post=171045"},{"taxonomy":"post_tag","embeddable":true,"href":"https:\/\/www.bellunopress.it\/fr\/wp-json\/wp\/v2\/tags?post=171045"}],"curies":[{"name":"wp","href":"https:\/\/api.w.org\/{rel}","templated":true}]}}