{"id":171038,"date":"2026-06-17T23:02:55","date_gmt":"2026-06-17T21:02:55","guid":{"rendered":"https:\/\/www.bellunopress.it\/?p=171038"},"modified":"2026-06-17T23:02:55","modified_gmt":"2026-06-17T21:02:55","slug":"il-ddl-caccia-selvaggia-al-centro-della-protesta-nazionale","status":"publish","type":"post","link":"https:\/\/www.bellunopress.it\/fr\/2026\/06\/17\/il-ddl-caccia-selvaggia-al-centro-della-protesta-nazionale\/","title":{"rendered":"Il DDL &#8220;Caccia Selvaggia&#8221; al centro della protesta nazionale"},"content":{"rendered":"<p data-path-to-node=\"3\">Il Disegno di Legge n. 1552, presentato al Senato nella XIX Legislatura, ha scatenato una mobilitazione nazionale senza precedenti. Ribattezzato dalle opposizioni e da un ampio fronte di associazioni ambientaliste come il DDL &#8220;Caccia Selvaggia&#8221;, il provvedimento \u00e8 al centro di uno scontro politico e morale che ha visto, proprio oggi 17 giugno 2026, una partecipata manifestazione di protesta davanti al Pantheon a Roma.<\/p>\n<p data-path-to-node=\"5\">Andrea Zanoni, coordinatore nazionale dell&#8217;Osservatorio Diritti Animali di Europa Verde, ha espresso una netta condanna, definendo il DDL come il &#8220;pi\u00f9 grande attacco alla biodiversit\u00e0 degli ultimi decenni&#8221;. Secondo i critici, le norme contenute nel testo non rappresentano un ammodernamento della gestione faunistica, bens\u00ec un pericoloso passo indietro di trent&#8217;anni.<\/p>\n<p data-path-to-node=\"6\">Tra i punti pi\u00f9 controversi emersi dal dibattito pubblico e dalla protesta odierna, figurano:<\/p>\n<ul data-path-to-node=\"7\">\n<li>\n<p data-path-to-node=\"7,0,0\">Estensione indiscriminata dei luoghi di caccia: Il provvedimento mirerebbe a legalizzare l&#8217;attivit\u00e0 venatoria in contesti finora tutelati, tra cui foreste demaniali, spiagge, valichi montani e persino terreni innevati, sollevando seri dubbi anche in termini di pubblica sicurezza.<\/p>\n<\/li>\n<li>\n<p data-path-to-node=\"7,1,0\">Aumento delle specie cacciabili e declassamento tutele: Il testo amplierebbe l&#8217;elenco delle specie soggette a caccia, includendo animali come l&#8217;oca selvatica e il piccione, e ridurrebbe drasticamente il livello di protezione del lupo, una specie protetta di fondamentale importanza ecologica.<\/p>\n<\/li>\n<li>\n<p data-path-to-node=\"7,2,0\">Lobby venatorie: L&#8217;accusa mossa dagli esponenti di Alleanza Verdi e Sinistra (presenti al presidio con figure come Angelo Bonelli, Luana Zanella e Francesco Emilio Borrelli) \u00e8 che il DDL sia stato scritto sotto la &#8220;dettatura delle lobby venatorie pi\u00f9 estremiste&#8221;, ignorando il parere della comunit\u00e0 scientifica.<\/p>\n<\/li>\n<\/ul>\n<p data-path-to-node=\"9\">A dare un peso ulteriore alla protesta \u00e8 giunto un intervento di alto valore etico: una lettera di Papa Leone XIV indirizzata alla Lipu. Il Pontefice ha definito la tutela della natura &#8220;una questione di grande rilevanza sociale e morale&#8221;, esprimendo il proprio sostegno agli sforzi per fermare l&#8217;aumento della pressione venatoria.<\/p>\n<p data-path-to-node=\"10\">Le parole del Papa, giunte in occasione dell&#8217;ottocentesimo anniversario della morte di San Francesco d&#8217;Assisi, sono state interpretate dal fronte ambientalista come un appello diretto alle coscienze dei parlamentari della maggioranza. &#8220;Il Santo Padre ha espresso una posizione di altissimo valore etico&#8221;, ha sottolineato Zanoni, auspicando che la parte pi\u00f9 responsabile del centrodestra trovi il coraggio di dissociarsi da un provvedimento definito &#8220;scellerato&#8221;.<\/p>\n<p data-path-to-node=\"12\">La giornata di mobilitazione, che ha visto unite sigle come WWF, Lipu, Legambiente, Lac, Lav e Oipa, conferma come il DDL 1552 non sia percepito solo come una disputa normativa, ma come una ferita aperta nel rapporto tra il Paese e il suo patrimonio naturale. Mentre la politica continua a discutere nelle aule del Senato, la societ\u00e0 civile e il mondo ambientalista promettono di continuare &#8220;a fare le barricate dentro e fuori il Parlamento&#8221; per impedire che una visione predatoria dell&#8217;ambiente prevalga sulla tutela della biodiversit\u00e0 e dell&#8217;ecosistema, nell&#8217;interesse delle generazioni presenti e future.<\/p>","protected":false},"excerpt":{"rendered":"<p>Il Disegno di Legge n. 1552, presentato al Senato nella XIX Legislatura, ha scatenato una mobilitazione nazionale senza precedenti. Ribattezzato dalle opposizioni e da un ampio fronte di associazioni ambientaliste come il DDL &#8220;Caccia Selvaggia&#8221;, il provvedimento \u00e8 al centro di uno scontro politico e morale che ha visto, proprio oggi 17 giugno 2026, una [&hellip;]<\/p>\n","protected":false},"author":2,"featured_media":171039,"comment_status":"closed","ping_status":"open","sticky":false,"template":"","format":"standard","meta":{"footnotes":""},"categories":[5,38],"tags":[],"class_list":["post-171038","post","type-post","status-publish","format-standard","has-post-thumbnail","category-cronaca","category-natura-ambiente"],"yoast_head":"<!-- This site is optimized with the Yoast SEO plugin v28.4 - https:\/\/yoast.com\/product\/yoast-seo-wordpress\/ -->\n<title>Il DDL &quot;Caccia Selvaggia&quot; al centro della protesta nazionale - Bellunopress - Dolomiti<\/title>\n<meta name=\"robots\" content=\"index, follow, max-snippet:-1, max-image-preview:large, max-video-preview:-1\" \/>\n<link rel=\"canonical\" href=\"https:\/\/www.bellunopress.it\/fr\/2026\/06\/17\/il-ddl-caccia-selvaggia-al-centro-della-protesta-nazionale\/\" \/>\n<meta property=\"og:locale\" content=\"fr_FR\" \/>\n<meta property=\"og:type\" content=\"article\" \/>\n<meta property=\"og:title\" content=\"Il DDL &quot;Caccia Selvaggia&quot; al centro della protesta nazionale - Bellunopress - Dolomiti\" \/>\n<meta property=\"og:description\" content=\"Il Disegno di Legge n. 1552, presentato al Senato nella XIX Legislatura, ha scatenato una mobilitazione nazionale senza precedenti. Ribattezzato dalle opposizioni e da un ampio fronte di associazioni ambientaliste come il DDL &#8220;Caccia Selvaggia&#8221;, il provvedimento \u00e8 al centro di uno scontro politico e morale che ha visto, proprio oggi 17 giugno 2026, una [&hellip;]\" \/>\n<meta property=\"og:url\" content=\"https:\/\/www.bellunopress.it\/fr\/2026\/06\/17\/il-ddl-caccia-selvaggia-al-centro-della-protesta-nazionale\/\" \/>\n<meta property=\"og:site_name\" content=\"Bellunopress - Dolomiti\" \/>\n<meta property=\"article:publisher\" content=\"https:\/\/www.facebook.com\/profile.php?id=100008943462799\" \/>\n<meta property=\"article:published_time\" content=\"2026-06-17T21:02:55+00:00\" \/>\n<meta property=\"og:image\" content=\"https:\/\/www.bellunopress.it\/wp-content\/uploads\/2026\/06\/Protesta-contro-il-ddl-caccia-selvaggia.jpeg\" \/>\n\t<meta property=\"og:image:width\" content=\"497\" \/>\n\t<meta property=\"og:image:height\" content=\"307\" \/>\n\t<meta property=\"og:image:type\" content=\"image\/jpeg\" \/>\n<meta name=\"author\" content=\"redazione\" \/>\n<meta name=\"twitter:card\" content=\"summary_large_image\" \/>\n<meta name=\"twitter:creator\" content=\"@bellunopress\" \/>\n<meta name=\"twitter:site\" content=\"@bellunopress\" \/>\n<meta name=\"twitter:label1\" content=\"\u00c9crit par\" \/>\n\t<meta name=\"twitter:data1\" content=\"redazione\" \/>\n\t<meta name=\"twitter:label2\" content=\"Dur\u00e9e de lecture estim\u00e9e\" \/>\n\t<meta name=\"twitter:data2\" content=\"3 minutes\" \/>\n<script type=\"application\/ld+json\" class=\"yoast-schema-graph\">{\"@context\":\"https:\\\/\\\/schema.org\",\"@graph\":[{\"@type\":\"Article\",\"@id\":\"https:\\\/\\\/www.bellunopress.it\\\/2026\\\/06\\\/17\\\/il-ddl-caccia-selvaggia-al-centro-della-protesta-nazionale\\\/#article\",\"isPartOf\":{\"@id\":\"https:\\\/\\\/www.bellunopress.it\\\/2026\\\/06\\\/17\\\/il-ddl-caccia-selvaggia-al-centro-della-protesta-nazionale\\\/\"},\"author\":{\"name\":\"redazione\",\"@id\":\"https:\\\/\\\/www.bellunopress.it\\\/#\\\/schema\\\/person\\\/79bb06722b37ece1c03d3e94beb30d73\"},\"headline\":\"Il DDL &#8220;Caccia Selvaggia&#8221; al centro della protesta nazionale\",\"datePublished\":\"2026-06-17T21:02:55+00:00\",\"mainEntityOfPage\":{\"@id\":\"https:\\\/\\\/www.bellunopress.it\\\/2026\\\/06\\\/17\\\/il-ddl-caccia-selvaggia-al-centro-della-protesta-nazionale\\\/\"},\"wordCount\":474,\"publisher\":{\"@id\":\"https:\\\/\\\/www.bellunopress.it\\\/#organization\"},\"image\":{\"@id\":\"https:\\\/\\\/www.bellunopress.it\\\/2026\\\/06\\\/17\\\/il-ddl-caccia-selvaggia-al-centro-della-protesta-nazionale\\\/#primaryimage\"},\"thumbnailUrl\":\"https:\\\/\\\/www.bellunopress.it\\\/wp-content\\\/uploads\\\/2026\\\/06\\\/Protesta-contro-il-ddl-caccia-selvaggia.jpeg\",\"articleSection\":[\"Cronaca\\\/Politica\",\"Meteo, natura, ambiente, animali\"],\"inLanguage\":\"fr-FR\"},{\"@type\":\"WebPage\",\"@id\":\"https:\\\/\\\/www.bellunopress.it\\\/2026\\\/06\\\/17\\\/il-ddl-caccia-selvaggia-al-centro-della-protesta-nazionale\\\/\",\"url\":\"https:\\\/\\\/www.bellunopress.it\\\/2026\\\/06\\\/17\\\/il-ddl-caccia-selvaggia-al-centro-della-protesta-nazionale\\\/\",\"name\":\"Il DDL \\\"Caccia Selvaggia\\\" al centro della protesta nazionale - Bellunopress - Dolomiti\",\"isPartOf\":{\"@id\":\"https:\\\/\\\/www.bellunopress.it\\\/#website\"},\"primaryImageOfPage\":{\"@id\":\"https:\\\/\\\/www.bellunopress.it\\\/2026\\\/06\\\/17\\\/il-ddl-caccia-selvaggia-al-centro-della-protesta-nazionale\\\/#primaryimage\"},\"image\":{\"@id\":\"https:\\\/\\\/www.bellunopress.it\\\/2026\\\/06\\\/17\\\/il-ddl-caccia-selvaggia-al-centro-della-protesta-nazionale\\\/#primaryimage\"},\"thumbnailUrl\":\"https:\\\/\\\/www.bellunopress.it\\\/wp-content\\\/uploads\\\/2026\\\/06\\\/Protesta-contro-il-ddl-caccia-selvaggia.jpeg\",\"datePublished\":\"2026-06-17T21:02:55+00:00\",\"breadcrumb\":{\"@id\":\"https:\\\/\\\/www.bellunopress.it\\\/2026\\\/06\\\/17\\\/il-ddl-caccia-selvaggia-al-centro-della-protesta-nazionale\\\/#breadcrumb\"},\"inLanguage\":\"fr-FR\",\"potentialAction\":[{\"@type\":\"ReadAction\",\"target\":[\"https:\\\/\\\/www.bellunopress.it\\\/2026\\\/06\\\/17\\\/il-ddl-caccia-selvaggia-al-centro-della-protesta-nazionale\\\/\"]}]},{\"@type\":\"ImageObject\",\"inLanguage\":\"fr-FR\",\"@id\":\"https:\\\/\\\/www.bellunopress.it\\\/2026\\\/06\\\/17\\\/il-ddl-caccia-selvaggia-al-centro-della-protesta-nazionale\\\/#primaryimage\",\"url\":\"https:\\\/\\\/www.bellunopress.it\\\/wp-content\\\/uploads\\\/2026\\\/06\\\/Protesta-contro-il-ddl-caccia-selvaggia.jpeg\",\"contentUrl\":\"https:\\\/\\\/www.bellunopress.it\\\/wp-content\\\/uploads\\\/2026\\\/06\\\/Protesta-contro-il-ddl-caccia-selvaggia.jpeg\",\"width\":497,\"height\":307},{\"@type\":\"BreadcrumbList\",\"@id\":\"https:\\\/\\\/www.bellunopress.it\\\/2026\\\/06\\\/17\\\/il-ddl-caccia-selvaggia-al-centro-della-protesta-nazionale\\\/#breadcrumb\",\"itemListElement\":[{\"@type\":\"ListItem\",\"position\":1,\"name\":\"Home\",\"item\":\"https:\\\/\\\/www.bellunopress.it\\\/\"},{\"@type\":\"ListItem\",\"position\":2,\"name\":\"Il DDL &#8220;Caccia Selvaggia&#8221; al centro della protesta nazionale\"}]},{\"@type\":\"WebSite\",\"@id\":\"https:\\\/\\\/www.bellunopress.it\\\/#website\",\"url\":\"https:\\\/\\\/www.bellunopress.it\\\/\",\"name\":\"Bellunopress - Dolomiti\",\"description\":\"e-mail: redazione@bellunopress.it\",\"publisher\":{\"@id\":\"https:\\\/\\\/www.bellunopress.it\\\/#organization\"},\"potentialAction\":[{\"@type\":\"SearchAction\",\"target\":{\"@type\":\"EntryPoint\",\"urlTemplate\":\"https:\\\/\\\/www.bellunopress.it\\\/?s={search_term_string}\"},\"query-input\":{\"@type\":\"PropertyValueSpecification\",\"valueRequired\":true,\"valueName\":\"search_term_string\"}}],\"inLanguage\":\"fr-FR\"},{\"@type\":\"Organization\",\"@id\":\"https:\\\/\\\/www.bellunopress.it\\\/#organization\",\"name\":\"Bellunopress\",\"url\":\"https:\\\/\\\/www.bellunopress.it\\\/\",\"logo\":{\"@type\":\"ImageObject\",\"inLanguage\":\"fr-FR\",\"@id\":\"https:\\\/\\\/www.bellunopress.it\\\/#\\\/schema\\\/logo\\\/image\\\/\",\"url\":\"https:\\\/\\\/www.bellunopress.it\\\/wp-content\\\/uploads\\\/2011\\\/05\\\/cropped-logo-bellunopress-.jpg\",\"contentUrl\":\"https:\\\/\\\/www.bellunopress.it\\\/wp-content\\\/uploads\\\/2011\\\/05\\\/cropped-logo-bellunopress-.jpg\",\"width\":512,\"height\":512,\"caption\":\"Bellunopress\"},\"image\":{\"@id\":\"https:\\\/\\\/www.bellunopress.it\\\/#\\\/schema\\\/logo\\\/image\\\/\"},\"sameAs\":[\"https:\\\/\\\/www.facebook.com\\\/profile.php?id=100008943462799\",\"https:\\\/\\\/x.com\\\/bellunopress\",\"https:\\\/\\\/www.linkedin.com\\\/hp\\\/?dnr=JBzUWaJfMUw8vbXJJ2tVW5-I3jZKvC4wsoxE&amp;amp;amp;amp;amp;amp;trk=nav_responsive_tab_home\",\"https:\\\/\\\/www.youtube.com\\\/channel\\\/UCxL0wu1uN0_3_7hGG0306cw\"]},{\"@type\":\"Person\",\"@id\":\"https:\\\/\\\/www.bellunopress.it\\\/#\\\/schema\\\/person\\\/79bb06722b37ece1c03d3e94beb30d73\",\"name\":\"redazione\",\"image\":{\"@type\":\"ImageObject\",\"inLanguage\":\"fr-FR\",\"@id\":\"https:\\\/\\\/secure.gravatar.com\\\/avatar\\\/37d968a2e67a6fd04c169c4bdef102d0bc5d31b2546345219e348575eb80e9a0?s=96&d=mm&r=g\",\"url\":\"https:\\\/\\\/secure.gravatar.com\\\/avatar\\\/37d968a2e67a6fd04c169c4bdef102d0bc5d31b2546345219e348575eb80e9a0?s=96&d=mm&r=g\",\"contentUrl\":\"https:\\\/\\\/secure.gravatar.com\\\/avatar\\\/37d968a2e67a6fd04c169c4bdef102d0bc5d31b2546345219e348575eb80e9a0?s=96&d=mm&r=g\",\"caption\":\"redazione\"},\"sameAs\":[\"http:\\\/\\\/www.bellunopress.it\",\"https:\\\/\\\/x.com\\\/bellunopress\"],\"url\":\"https:\\\/\\\/www.bellunopress.it\\\/fr\\\/author\\\/redazione\\\/\"}]}<\/script>\n<!-- \/ Yoast SEO plugin. -->","yoast_head_json":{"title":"Il DDL \"Caccia Selvaggia\" al centro della protesta nazionale - Bellunopress - Dolomiti","robots":{"index":"index","follow":"follow","max-snippet":"max-snippet:-1","max-image-preview":"max-image-preview:large","max-video-preview":"max-video-preview:-1"},"canonical":"https:\/\/www.bellunopress.it\/fr\/2026\/06\/17\/il-ddl-caccia-selvaggia-al-centro-della-protesta-nazionale\/","og_locale":"fr_FR","og_type":"article","og_title":"Il DDL \"Caccia Selvaggia\" al centro della protesta nazionale - Bellunopress - Dolomiti","og_description":"Il Disegno di Legge n. 1552, presentato al Senato nella XIX Legislatura, ha scatenato una mobilitazione nazionale senza precedenti. Ribattezzato dalle opposizioni e da un ampio fronte di associazioni ambientaliste come il DDL &#8220;Caccia Selvaggia&#8221;, il provvedimento \u00e8 al centro di uno scontro politico e morale che ha visto, proprio oggi 17 giugno 2026, una [&hellip;]","og_url":"https:\/\/www.bellunopress.it\/fr\/2026\/06\/17\/il-ddl-caccia-selvaggia-al-centro-della-protesta-nazionale\/","og_site_name":"Bellunopress - Dolomiti","article_publisher":"https:\/\/www.facebook.com\/profile.php?id=100008943462799","article_published_time":"2026-06-17T21:02:55+00:00","og_image":[{"width":497,"height":307,"url":"https:\/\/www.bellunopress.it\/wp-content\/uploads\/2026\/06\/Protesta-contro-il-ddl-caccia-selvaggia.jpeg","type":"image\/jpeg"}],"author":"redazione","twitter_card":"summary_large_image","twitter_creator":"@bellunopress","twitter_site":"@bellunopress","twitter_misc":{"\u00c9crit par":"redazione","Dur\u00e9e de lecture estim\u00e9e":"3 minutes"},"schema":{"@context":"https:\/\/schema.org","@graph":[{"@type":"Article","@id":"https:\/\/www.bellunopress.it\/2026\/06\/17\/il-ddl-caccia-selvaggia-al-centro-della-protesta-nazionale\/#article","isPartOf":{"@id":"https:\/\/www.bellunopress.it\/2026\/06\/17\/il-ddl-caccia-selvaggia-al-centro-della-protesta-nazionale\/"},"author":{"name":"redazione","@id":"https:\/\/www.bellunopress.it\/#\/schema\/person\/79bb06722b37ece1c03d3e94beb30d73"},"headline":"Il DDL &#8220;Caccia Selvaggia&#8221; al centro della protesta nazionale","datePublished":"2026-06-17T21:02:55+00:00","mainEntityOfPage":{"@id":"https:\/\/www.bellunopress.it\/2026\/06\/17\/il-ddl-caccia-selvaggia-al-centro-della-protesta-nazionale\/"},"wordCount":474,"publisher":{"@id":"https:\/\/www.bellunopress.it\/#organization"},"image":{"@id":"https:\/\/www.bellunopress.it\/2026\/06\/17\/il-ddl-caccia-selvaggia-al-centro-della-protesta-nazionale\/#primaryimage"},"thumbnailUrl":"https:\/\/www.bellunopress.it\/wp-content\/uploads\/2026\/06\/Protesta-contro-il-ddl-caccia-selvaggia.jpeg","articleSection":["Cronaca\/Politica","Meteo, natura, ambiente, animali"],"inLanguage":"fr-FR"},{"@type":"WebPage","@id":"https:\/\/www.bellunopress.it\/2026\/06\/17\/il-ddl-caccia-selvaggia-al-centro-della-protesta-nazionale\/","url":"https:\/\/www.bellunopress.it\/2026\/06\/17\/il-ddl-caccia-selvaggia-al-centro-della-protesta-nazionale\/","name":"Il DDL \"Caccia Selvaggia\" al centro della protesta nazionale - Bellunopress - Dolomiti","isPartOf":{"@id":"https:\/\/www.bellunopress.it\/#website"},"primaryImageOfPage":{"@id":"https:\/\/www.bellunopress.it\/2026\/06\/17\/il-ddl-caccia-selvaggia-al-centro-della-protesta-nazionale\/#primaryimage"},"image":{"@id":"https:\/\/www.bellunopress.it\/2026\/06\/17\/il-ddl-caccia-selvaggia-al-centro-della-protesta-nazionale\/#primaryimage"},"thumbnailUrl":"https:\/\/www.bellunopress.it\/wp-content\/uploads\/2026\/06\/Protesta-contro-il-ddl-caccia-selvaggia.jpeg","datePublished":"2026-06-17T21:02:55+00:00","breadcrumb":{"@id":"https:\/\/www.bellunopress.it\/2026\/06\/17\/il-ddl-caccia-selvaggia-al-centro-della-protesta-nazionale\/#breadcrumb"},"inLanguage":"fr-FR","potentialAction":[{"@type":"ReadAction","target":["https:\/\/www.bellunopress.it\/2026\/06\/17\/il-ddl-caccia-selvaggia-al-centro-della-protesta-nazionale\/"]}]},{"@type":"ImageObject","inLanguage":"fr-FR","@id":"https:\/\/www.bellunopress.it\/2026\/06\/17\/il-ddl-caccia-selvaggia-al-centro-della-protesta-nazionale\/#primaryimage","url":"https:\/\/www.bellunopress.it\/wp-content\/uploads\/2026\/06\/Protesta-contro-il-ddl-caccia-selvaggia.jpeg","contentUrl":"https:\/\/www.bellunopress.it\/wp-content\/uploads\/2026\/06\/Protesta-contro-il-ddl-caccia-selvaggia.jpeg","width":497,"height":307},{"@type":"BreadcrumbList","@id":"https:\/\/www.bellunopress.it\/2026\/06\/17\/il-ddl-caccia-selvaggia-al-centro-della-protesta-nazionale\/#breadcrumb","itemListElement":[{"@type":"ListItem","position":1,"name":"Home","item":"https:\/\/www.bellunopress.it\/"},{"@type":"ListItem","position":2,"name":"Il DDL &#8220;Caccia Selvaggia&#8221; al centro della protesta nazionale"}]},{"@type":"WebSite","@id":"https:\/\/www.bellunopress.it\/#website","url":"https:\/\/www.bellunopress.it\/","name":"Bellunopress - Dolomiti","description":"e-mail: redazione@bellunopress.it","publisher":{"@id":"https:\/\/www.bellunopress.it\/#organization"},"potentialAction":[{"@type":"SearchAction","target":{"@type":"EntryPoint","urlTemplate":"https:\/\/www.bellunopress.it\/?s={search_term_string}"},"query-input":{"@type":"PropertyValueSpecification","valueRequired":true,"valueName":"search_term_string"}}],"inLanguage":"fr-FR"},{"@type":"Organization","@id":"https:\/\/www.bellunopress.it\/#organization","name":"Bellunopress","url":"https:\/\/www.bellunopress.it\/","logo":{"@type":"ImageObject","inLanguage":"fr-FR","@id":"https:\/\/www.bellunopress.it\/#\/schema\/logo\/image\/","url":"https:\/\/www.bellunopress.it\/wp-content\/uploads\/2011\/05\/cropped-logo-bellunopress-.jpg","contentUrl":"https:\/\/www.bellunopress.it\/wp-content\/uploads\/2011\/05\/cropped-logo-bellunopress-.jpg","width":512,"height":512,"caption":"Bellunopress"},"image":{"@id":"https:\/\/www.bellunopress.it\/#\/schema\/logo\/image\/"},"sameAs":["https:\/\/www.facebook.com\/profile.php?id=100008943462799","https:\/\/x.com\/bellunopress","https:\/\/www.linkedin.com\/hp\/?dnr=JBzUWaJfMUw8vbXJJ2tVW5-I3jZKvC4wsoxE&amp;amp;amp;amp;amp;amp;trk=nav_responsive_tab_home","https:\/\/www.youtube.com\/channel\/UCxL0wu1uN0_3_7hGG0306cw"]},{"@type":"Person","@id":"https:\/\/www.bellunopress.it\/#\/schema\/person\/79bb06722b37ece1c03d3e94beb30d73","name":"r\u00e9daction","image":{"@type":"ImageObject","inLanguage":"fr-FR","@id":"https:\/\/secure.gravatar.com\/avatar\/37d968a2e67a6fd04c169c4bdef102d0bc5d31b2546345219e348575eb80e9a0?s=96&d=mm&r=g","url":"https:\/\/secure.gravatar.com\/avatar\/37d968a2e67a6fd04c169c4bdef102d0bc5d31b2546345219e348575eb80e9a0?s=96&d=mm&r=g","contentUrl":"https:\/\/secure.gravatar.com\/avatar\/37d968a2e67a6fd04c169c4bdef102d0bc5d31b2546345219e348575eb80e9a0?s=96&d=mm&r=g","caption":"redazione"},"sameAs":["http:\/\/www.bellunopress.it","https:\/\/x.com\/bellunopress"],"url":"https:\/\/www.bellunopress.it\/fr\/author\/redazione\/"}]}},"_links":{"self":[{"href":"https:\/\/www.bellunopress.it\/fr\/wp-json\/wp\/v2\/posts\/171038","targetHints":{"allow":["GET"]}}],"collection":[{"href":"https:\/\/www.bellunopress.it\/fr\/wp-json\/wp\/v2\/posts"}],"about":[{"href":"https:\/\/www.bellunopress.it\/fr\/wp-json\/wp\/v2\/types\/post"}],"author":[{"embeddable":true,"href":"https:\/\/www.bellunopress.it\/fr\/wp-json\/wp\/v2\/users\/2"}],"replies":[{"embeddable":true,"href":"https:\/\/www.bellunopress.it\/fr\/wp-json\/wp\/v2\/comments?post=171038"}],"version-history":[{"count":1,"href":"https:\/\/www.bellunopress.it\/fr\/wp-json\/wp\/v2\/posts\/171038\/revisions"}],"predecessor-version":[{"id":171040,"href":"https:\/\/www.bellunopress.it\/fr\/wp-json\/wp\/v2\/posts\/171038\/revisions\/171040"}],"wp:featuredmedia":[{"embeddable":true,"href":"https:\/\/www.bellunopress.it\/fr\/wp-json\/wp\/v2\/media\/171039"}],"wp:attachment":[{"href":"https:\/\/www.bellunopress.it\/fr\/wp-json\/wp\/v2\/media?parent=171038"}],"wp:term":[{"taxonomy":"category","embeddable":true,"href":"https:\/\/www.bellunopress.it\/fr\/wp-json\/wp\/v2\/categories?post=171038"},{"taxonomy":"post_tag","embeddable":true,"href":"https:\/\/www.bellunopress.it\/fr\/wp-json\/wp\/v2\/tags?post=171038"}],"curies":[{"name":"wp","href":"https:\/\/api.w.org\/{rel}","templated":true}]}}