{"id":171036,"date":"2026-06-17T19:01:28","date_gmt":"2026-06-17T17:01:28","guid":{"rendered":"https:\/\/www.bellunopress.it\/?p=171036"},"modified":"2026-06-17T19:01:28","modified_gmt":"2026-06-17T17:01:28","slug":"conflitto-in-medio-oriente-analisi-del-costo-sociale-ed-economico-del-caro-carburanti-nellautotrasporto-di-enrico-natalino-di-benko","status":"publish","type":"post","link":"https:\/\/www.bellunopress.it\/fr\/2026\/06\/17\/conflitto-in-medio-oriente-analisi-del-costo-sociale-ed-economico-del-caro-carburanti-nellautotrasporto-di-enrico-natalino-di-benko\/","title":{"rendered":"Conflitto in Medio Oriente. Analisi del costo sociale ed economico del caro carburanti nell&#8217;autotrasporto  * di Enrico Natalino di Benko"},"content":{"rendered":"<p>Il recente pacchetto di misure previste dal Governo per un alleggerimento della incidenza dei lievitati costi di carburante per autotrazione sembrebbe aver trovato giusta attenzione da parte delle associazioni di categoria evitando il fermo fisico del settore e quella che era gi\u00e0 stata definita una situazione ad alto impatto sociale, con pesanti effetti sulla distribuzione delle materie prime e merci in tutto il sistema paese.<\/p>\n<p>Il computo dei maggiori oneri derivanti dal caro carburante dall&#8217;inizio del conflitto in medio oriente \u00e8 stato stimato in oltre 2 mld di euro su base Italia con un aumento di circa il 19% rispetto al prezzo ante conflitto.<\/p>\n<p>Cosa sarebbe potuto accadere in mancanza di interventi governativi? Se non fosse stata presa in giusta considerazione la mole delle problematiche gestionali lamentate dal settore, oltre 740.000 veicoli pesanti avrebbero sostato in protesta, praticamente bloccando il sistema di forniture ad aziende ed al commercio, con effetti reali sulla disponibilit\u00e0 di beni.<br \/>\nPer comprendere il fenomeno \u00e8 necessario esaminare in sintesi le criticit\u00e0 presenti nel settore dell&#8217;autotrasporto.<br \/>\nIl trasporto merci \u00e8 caratterizzato da un fabbisogno monetario immediato nella fase di approvvigionamento del carburante (che come detto ha fortissima incidenza sul costo di gestione aziendale), mentre la fase di liquidazione del servizio di trasporto \u00e8 molto differita tra i 60 e i 120 giorni dalla prestazione. Ci\u00f2 comporta quindi per le aziende un fabbisogno di cassa elevato ed una situazione di esposizione con tempi molto lunghi (con conseguente ricorso al credito bancario e conseguente riduzione ulteriore dei margini aziendali), sempre se tutto va a buon fine.<\/p>\n<p>Tale situazione alimenta ulteriori problematiche legate alla contrattualizzazione dei servizi di trasposto, infatti le tariffe praticate dalle societ\u00e0 di trasporto ed anche dei piccoli trasportatori vengono solitamente fissate con riferimento ai parametri di costo medio del carburante, e le aziende committenti accettano con difficolt\u00e0 incrementi tariffari o gli eventuali adeguamenti, sempre sofferti, vengono negoziati con tempi molto differiti, aumentando la esposizione finanziaria dei trasportatori, situazione che si rivela spesso non sostenibile da molti.<br \/>\nOltre a ci\u00f2 vi \u00e8 da considerare il fenomeno non diffuso, ma presente, di societ\u00e0 di trasporto merci che utilizzano personale autista di provenienza estera (a basso costo) creando fortissime turbolenze nel mercato, con accentuati fenomeni di destabilizzazione dell&#8217;offerta.<\/p>\n<p>Il settore ha caratteristiche di particolare struttura, con una offerta molto varia e con alti livelli di competitivit\u00e0 dovuta alla presenza di grandi e micro operatori, dove spesso, per lavorare prevale la strategia di abbassare le tariffe applicate; per effetti del caro carburante questa competitivit\u00e0 porta come effetto la riduzione dei margini di utile sino talvolta al pareggio di bilancio o ad una situazione di gestione antieconomica, da qui la crisi.<\/p>\n<p>A fronte di questa situazione strutturale gi\u00e0 con la circolare n. 4505 del 19 novembre 2025, il Ministero delle Infrastrutture e dei Trasporti era intervenuto per precisare la disciplina dei tempi di pagamento nel settore dell&#8217;autotrasporto delle merci su strada, con riferimento alla Legge 18 luglio 2025, n. 105. (attuazione del disposto dell&#8217;art. 4 comma 2, decreto-legge 21 maggio 2025, n. 73 e dell&#8217;art. 83-bis comma 15-bis, decreto-legge 25 giugno 2008, n. 112); la normativa in esame prevede che la committenza, qualora non corrisponda entro il termine di 60 giorni dalla data di emissione della fattura da parte del vettore, e tale comportamento si manifesti reiterato, l&#8217;Autorit\u00e0 Garante della Concorrenza e del Mercato, accertato il fenomeno, potr\u00e0 disporre sanzioni pecuniarie sino al 10% del fatturato annuo dell&#8217;impresa committente (peraltro gi\u00e0 previste dalla Legge n.287\/1990).<\/p>\n<p>Il provvedimento del 2025 \u00e8 quindi anteriore alla situazione evoluzione dei prezzi del carburante degli ultimi tempi, segno che il problema sussisteva ed era latente nel mondo dell&#8217;autotrasporto.<br \/>\nGli effetti sullentit\u00e0 numerica delle aziende operanti in Italia si sono sentiti e continueranno ad amplificare le criticit\u00e0 in conseguenza di questa prolungata situazione di incremento dei costi di gestione; a titolo indicativo, il numero degli operatori nel settore dellautotrasporto negli ultimi 10 anni ha avuto un decremento di circa il 22% attestandosi su quota 76.086 aziende (maggio 2026) e le condizioni attuali del mercato lasciano presagire effetti molto impattanti sul settore che da ultimi dati rappresenta il 9 % del PIL nazionale. E stato rilevato inoltre un significativo fenomeno di accorpamenti di imprese minori in aziende pi\u00f9 grande dimensione e strutturate. (fonte: Il Sole 24 Ore), condizione che consentirebbe un maggior grado di sostenibilit\u00e0 economica.<\/p>\n<p>Per quanto riguarda lintervento governativo sulle accise praticate sui derivati del petrolio, tali iniziative, gi\u00e0 reiterate, potranno avere solo effetti temporanei per gli operatori, in quanto la tempistica stimata dagli analisti economici per un ritorno a regime pre-conflitto (ovvero il ritorno alle preesistenti condizioni di costo e tempi di approvvigionamento dei derivati del petrolio) considerate le sospensioni, lo stop e la ripresa dei cicli produttivi interrotti dalla guerra, viene stimato in 18\/24 mesi, un tempo molto lungo che potr\u00e0 essere fatale per molte aziende se non saranno previsti interventi di adeguamento strutturale.<\/p>\n<p>dott. Enrico Natalino di Benko<\/p>","protected":false},"excerpt":{"rendered":"<p>Il recente pacchetto di misure previste dal Governo per un alleggerimento della incidenza dei lievitati costi di carburante per autotrazione sembrebbe aver trovato giusta attenzione da parte delle associazioni di categoria evitando il fermo fisico del settore e quella che era gi\u00e0 stata definita una situazione ad alto impatto sociale, con pesanti effetti sulla distribuzione [&hellip;]<\/p>\n","protected":false},"author":2,"featured_media":168892,"comment_status":"closed","ping_status":"open","sticky":false,"template":"","format":"standard","meta":{"footnotes":""},"categories":[36],"tags":[],"class_list":["post-171036","post","type-post","status-publish","format-standard","has-post-thumbnail","category-lavoro-economia"],"yoast_head":"<!-- This site is optimized with the Yoast SEO plugin v28.4 - https:\/\/yoast.com\/product\/yoast-seo-wordpress\/ -->\n<title>Conflitto in Medio Oriente. Analisi del costo sociale ed economico del caro carburanti nell&#039;autotrasporto * di Enrico Natalino di Benko - Bellunopress - Dolomiti<\/title>\n<meta name=\"robots\" content=\"index, follow, max-snippet:-1, max-image-preview:large, max-video-preview:-1\" \/>\n<link rel=\"canonical\" href=\"https:\/\/www.bellunopress.it\/fr\/2026\/06\/17\/conflitto-in-medio-oriente-analisi-del-costo-sociale-ed-economico-del-caro-carburanti-nellautotrasporto-di-enrico-natalino-di-benko\/\" \/>\n<meta property=\"og:locale\" content=\"fr_FR\" \/>\n<meta property=\"og:type\" content=\"article\" \/>\n<meta property=\"og:title\" content=\"Conflitto in Medio Oriente. Analisi del costo sociale ed economico del caro carburanti nell&#039;autotrasporto * di Enrico Natalino di Benko - Bellunopress - Dolomiti\" \/>\n<meta property=\"og:description\" content=\"Il recente pacchetto di misure previste dal Governo per un alleggerimento della incidenza dei lievitati costi di carburante per autotrazione sembrebbe aver trovato giusta attenzione da parte delle associazioni di categoria evitando il fermo fisico del settore e quella che era gi\u00e0 stata definita una situazione ad alto impatto sociale, con pesanti effetti sulla distribuzione [&hellip;]\" \/>\n<meta property=\"og:url\" content=\"https:\/\/www.bellunopress.it\/fr\/2026\/06\/17\/conflitto-in-medio-oriente-analisi-del-costo-sociale-ed-economico-del-caro-carburanti-nellautotrasporto-di-enrico-natalino-di-benko\/\" \/>\n<meta property=\"og:site_name\" content=\"Bellunopress - Dolomiti\" \/>\n<meta property=\"article:publisher\" content=\"https:\/\/www.facebook.com\/profile.php?id=100008943462799\" \/>\n<meta property=\"article:published_time\" content=\"2026-06-17T17:01:28+00:00\" \/>\n<meta property=\"og:image\" content=\"https:\/\/www.bellunopress.it\/wp-content\/uploads\/2026\/04\/Dott.-Enrico-Natalino-di-Benko-Giurista-di-Impresa.jpg\" \/>\n\t<meta property=\"og:image:width\" content=\"467\" \/>\n\t<meta property=\"og:image:height\" content=\"500\" \/>\n\t<meta property=\"og:image:type\" content=\"image\/jpeg\" \/>\n<meta name=\"author\" content=\"redazione\" \/>\n<meta name=\"twitter:card\" content=\"summary_large_image\" \/>\n<meta name=\"twitter:creator\" content=\"@bellunopress\" \/>\n<meta name=\"twitter:site\" content=\"@bellunopress\" \/>\n<meta name=\"twitter:label1\" content=\"\u00c9crit par\" \/>\n\t<meta name=\"twitter:data1\" content=\"redazione\" \/>\n\t<meta name=\"twitter:label2\" content=\"Dur\u00e9e de lecture estim\u00e9e\" \/>\n\t<meta name=\"twitter:data2\" content=\"5 minutes\" \/>\n<script type=\"application\/ld+json\" class=\"yoast-schema-graph\">{\"@context\":\"https:\\\/\\\/schema.org\",\"@graph\":[{\"@type\":\"Article\",\"@id\":\"https:\\\/\\\/www.bellunopress.it\\\/2026\\\/06\\\/17\\\/conflitto-in-medio-oriente-analisi-del-costo-sociale-ed-economico-del-caro-carburanti-nellautotrasporto-di-enrico-natalino-di-benko\\\/#article\",\"isPartOf\":{\"@id\":\"https:\\\/\\\/www.bellunopress.it\\\/2026\\\/06\\\/17\\\/conflitto-in-medio-oriente-analisi-del-costo-sociale-ed-economico-del-caro-carburanti-nellautotrasporto-di-enrico-natalino-di-benko\\\/\"},\"author\":{\"name\":\"redazione\",\"@id\":\"https:\\\/\\\/www.bellunopress.it\\\/#\\\/schema\\\/person\\\/79bb06722b37ece1c03d3e94beb30d73\"},\"headline\":\"Conflitto in Medio Oriente. Analisi del costo sociale ed economico del caro carburanti nell&#8217;autotrasporto * di Enrico Natalino di Benko\",\"datePublished\":\"2026-06-17T17:01:28+00:00\",\"mainEntityOfPage\":{\"@id\":\"https:\\\/\\\/www.bellunopress.it\\\/2026\\\/06\\\/17\\\/conflitto-in-medio-oriente-analisi-del-costo-sociale-ed-economico-del-caro-carburanti-nellautotrasporto-di-enrico-natalino-di-benko\\\/\"},\"wordCount\":809,\"publisher\":{\"@id\":\"https:\\\/\\\/www.bellunopress.it\\\/#organization\"},\"image\":{\"@id\":\"https:\\\/\\\/www.bellunopress.it\\\/2026\\\/06\\\/17\\\/conflitto-in-medio-oriente-analisi-del-costo-sociale-ed-economico-del-caro-carburanti-nellautotrasporto-di-enrico-natalino-di-benko\\\/#primaryimage\"},\"thumbnailUrl\":\"https:\\\/\\\/www.bellunopress.it\\\/wp-content\\\/uploads\\\/2026\\\/04\\\/Dott.-Enrico-Natalino-di-Benko-Giurista-di-Impresa.jpg\",\"articleSection\":[\"Lavoro, Economia, Turismo\"],\"inLanguage\":\"fr-FR\"},{\"@type\":\"WebPage\",\"@id\":\"https:\\\/\\\/www.bellunopress.it\\\/2026\\\/06\\\/17\\\/conflitto-in-medio-oriente-analisi-del-costo-sociale-ed-economico-del-caro-carburanti-nellautotrasporto-di-enrico-natalino-di-benko\\\/\",\"url\":\"https:\\\/\\\/www.bellunopress.it\\\/2026\\\/06\\\/17\\\/conflitto-in-medio-oriente-analisi-del-costo-sociale-ed-economico-del-caro-carburanti-nellautotrasporto-di-enrico-natalino-di-benko\\\/\",\"name\":\"Conflitto in Medio Oriente. Analisi del costo sociale ed economico del caro carburanti nell'autotrasporto * di Enrico Natalino di Benko - Bellunopress - Dolomiti\",\"isPartOf\":{\"@id\":\"https:\\\/\\\/www.bellunopress.it\\\/#website\"},\"primaryImageOfPage\":{\"@id\":\"https:\\\/\\\/www.bellunopress.it\\\/2026\\\/06\\\/17\\\/conflitto-in-medio-oriente-analisi-del-costo-sociale-ed-economico-del-caro-carburanti-nellautotrasporto-di-enrico-natalino-di-benko\\\/#primaryimage\"},\"image\":{\"@id\":\"https:\\\/\\\/www.bellunopress.it\\\/2026\\\/06\\\/17\\\/conflitto-in-medio-oriente-analisi-del-costo-sociale-ed-economico-del-caro-carburanti-nellautotrasporto-di-enrico-natalino-di-benko\\\/#primaryimage\"},\"thumbnailUrl\":\"https:\\\/\\\/www.bellunopress.it\\\/wp-content\\\/uploads\\\/2026\\\/04\\\/Dott.-Enrico-Natalino-di-Benko-Giurista-di-Impresa.jpg\",\"datePublished\":\"2026-06-17T17:01:28+00:00\",\"breadcrumb\":{\"@id\":\"https:\\\/\\\/www.bellunopress.it\\\/2026\\\/06\\\/17\\\/conflitto-in-medio-oriente-analisi-del-costo-sociale-ed-economico-del-caro-carburanti-nellautotrasporto-di-enrico-natalino-di-benko\\\/#breadcrumb\"},\"inLanguage\":\"fr-FR\",\"potentialAction\":[{\"@type\":\"ReadAction\",\"target\":[\"https:\\\/\\\/www.bellunopress.it\\\/2026\\\/06\\\/17\\\/conflitto-in-medio-oriente-analisi-del-costo-sociale-ed-economico-del-caro-carburanti-nellautotrasporto-di-enrico-natalino-di-benko\\\/\"]}]},{\"@type\":\"ImageObject\",\"inLanguage\":\"fr-FR\",\"@id\":\"https:\\\/\\\/www.bellunopress.it\\\/2026\\\/06\\\/17\\\/conflitto-in-medio-oriente-analisi-del-costo-sociale-ed-economico-del-caro-carburanti-nellautotrasporto-di-enrico-natalino-di-benko\\\/#primaryimage\",\"url\":\"https:\\\/\\\/www.bellunopress.it\\\/wp-content\\\/uploads\\\/2026\\\/04\\\/Dott.-Enrico-Natalino-di-Benko-Giurista-di-Impresa.jpg\",\"contentUrl\":\"https:\\\/\\\/www.bellunopress.it\\\/wp-content\\\/uploads\\\/2026\\\/04\\\/Dott.-Enrico-Natalino-di-Benko-Giurista-di-Impresa.jpg\",\"width\":467,\"height\":500,\"caption\":\"Dott. Enrico Natalino di Benko -\u00a0Giurista di Impresa\"},{\"@type\":\"BreadcrumbList\",\"@id\":\"https:\\\/\\\/www.bellunopress.it\\\/2026\\\/06\\\/17\\\/conflitto-in-medio-oriente-analisi-del-costo-sociale-ed-economico-del-caro-carburanti-nellautotrasporto-di-enrico-natalino-di-benko\\\/#breadcrumb\",\"itemListElement\":[{\"@type\":\"ListItem\",\"position\":1,\"name\":\"Home\",\"item\":\"https:\\\/\\\/www.bellunopress.it\\\/\"},{\"@type\":\"ListItem\",\"position\":2,\"name\":\"Conflitto in Medio Oriente. Analisi del costo sociale ed economico del caro carburanti nell&#8217;autotrasporto * di Enrico Natalino di Benko\"}]},{\"@type\":\"WebSite\",\"@id\":\"https:\\\/\\\/www.bellunopress.it\\\/#website\",\"url\":\"https:\\\/\\\/www.bellunopress.it\\\/\",\"name\":\"Bellunopress - Dolomiti\",\"description\":\"e-mail: redazione@bellunopress.it\",\"publisher\":{\"@id\":\"https:\\\/\\\/www.bellunopress.it\\\/#organization\"},\"potentialAction\":[{\"@type\":\"SearchAction\",\"target\":{\"@type\":\"EntryPoint\",\"urlTemplate\":\"https:\\\/\\\/www.bellunopress.it\\\/?s={search_term_string}\"},\"query-input\":{\"@type\":\"PropertyValueSpecification\",\"valueRequired\":true,\"valueName\":\"search_term_string\"}}],\"inLanguage\":\"fr-FR\"},{\"@type\":\"Organization\",\"@id\":\"https:\\\/\\\/www.bellunopress.it\\\/#organization\",\"name\":\"Bellunopress\",\"url\":\"https:\\\/\\\/www.bellunopress.it\\\/\",\"logo\":{\"@type\":\"ImageObject\",\"inLanguage\":\"fr-FR\",\"@id\":\"https:\\\/\\\/www.bellunopress.it\\\/#\\\/schema\\\/logo\\\/image\\\/\",\"url\":\"https:\\\/\\\/www.bellunopress.it\\\/wp-content\\\/uploads\\\/2011\\\/05\\\/cropped-logo-bellunopress-.jpg\",\"contentUrl\":\"https:\\\/\\\/www.bellunopress.it\\\/wp-content\\\/uploads\\\/2011\\\/05\\\/cropped-logo-bellunopress-.jpg\",\"width\":512,\"height\":512,\"caption\":\"Bellunopress\"},\"image\":{\"@id\":\"https:\\\/\\\/www.bellunopress.it\\\/#\\\/schema\\\/logo\\\/image\\\/\"},\"sameAs\":[\"https:\\\/\\\/www.facebook.com\\\/profile.php?id=100008943462799\",\"https:\\\/\\\/x.com\\\/bellunopress\",\"https:\\\/\\\/www.linkedin.com\\\/hp\\\/?dnr=JBzUWaJfMUw8vbXJJ2tVW5-I3jZKvC4wsoxE&amp;amp;amp;amp;amp;amp;trk=nav_responsive_tab_home\",\"https:\\\/\\\/www.youtube.com\\\/channel\\\/UCxL0wu1uN0_3_7hGG0306cw\"]},{\"@type\":\"Person\",\"@id\":\"https:\\\/\\\/www.bellunopress.it\\\/#\\\/schema\\\/person\\\/79bb06722b37ece1c03d3e94beb30d73\",\"name\":\"redazione\",\"image\":{\"@type\":\"ImageObject\",\"inLanguage\":\"fr-FR\",\"@id\":\"https:\\\/\\\/secure.gravatar.com\\\/avatar\\\/37d968a2e67a6fd04c169c4bdef102d0bc5d31b2546345219e348575eb80e9a0?s=96&d=mm&r=g\",\"url\":\"https:\\\/\\\/secure.gravatar.com\\\/avatar\\\/37d968a2e67a6fd04c169c4bdef102d0bc5d31b2546345219e348575eb80e9a0?s=96&d=mm&r=g\",\"contentUrl\":\"https:\\\/\\\/secure.gravatar.com\\\/avatar\\\/37d968a2e67a6fd04c169c4bdef102d0bc5d31b2546345219e348575eb80e9a0?s=96&d=mm&r=g\",\"caption\":\"redazione\"},\"sameAs\":[\"http:\\\/\\\/www.bellunopress.it\",\"https:\\\/\\\/x.com\\\/bellunopress\"],\"url\":\"https:\\\/\\\/www.bellunopress.it\\\/fr\\\/author\\\/redazione\\\/\"}]}<\/script>\n<!-- \/ Yoast SEO plugin. -->","yoast_head_json":{"title":"Conflitto in Medio Oriente. Analisi del costo sociale ed economico del caro carburanti nell'autotrasporto * di Enrico Natalino di Benko - Bellunopress - Dolomiti","robots":{"index":"index","follow":"follow","max-snippet":"max-snippet:-1","max-image-preview":"max-image-preview:large","max-video-preview":"max-video-preview:-1"},"canonical":"https:\/\/www.bellunopress.it\/fr\/2026\/06\/17\/conflitto-in-medio-oriente-analisi-del-costo-sociale-ed-economico-del-caro-carburanti-nellautotrasporto-di-enrico-natalino-di-benko\/","og_locale":"fr_FR","og_type":"article","og_title":"Conflitto in Medio Oriente. Analisi del costo sociale ed economico del caro carburanti nell'autotrasporto * di Enrico Natalino di Benko - Bellunopress - Dolomiti","og_description":"Il recente pacchetto di misure previste dal Governo per un alleggerimento della incidenza dei lievitati costi di carburante per autotrazione sembrebbe aver trovato giusta attenzione da parte delle associazioni di categoria evitando il fermo fisico del settore e quella che era gi\u00e0 stata definita una situazione ad alto impatto sociale, con pesanti effetti sulla distribuzione [&hellip;]","og_url":"https:\/\/www.bellunopress.it\/fr\/2026\/06\/17\/conflitto-in-medio-oriente-analisi-del-costo-sociale-ed-economico-del-caro-carburanti-nellautotrasporto-di-enrico-natalino-di-benko\/","og_site_name":"Bellunopress - Dolomiti","article_publisher":"https:\/\/www.facebook.com\/profile.php?id=100008943462799","article_published_time":"2026-06-17T17:01:28+00:00","og_image":[{"width":467,"height":500,"url":"https:\/\/www.bellunopress.it\/wp-content\/uploads\/2026\/04\/Dott.-Enrico-Natalino-di-Benko-Giurista-di-Impresa.jpg","type":"image\/jpeg"}],"author":"redazione","twitter_card":"summary_large_image","twitter_creator":"@bellunopress","twitter_site":"@bellunopress","twitter_misc":{"\u00c9crit par":"redazione","Dur\u00e9e de lecture estim\u00e9e":"5 minutes"},"schema":{"@context":"https:\/\/schema.org","@graph":[{"@type":"Article","@id":"https:\/\/www.bellunopress.it\/2026\/06\/17\/conflitto-in-medio-oriente-analisi-del-costo-sociale-ed-economico-del-caro-carburanti-nellautotrasporto-di-enrico-natalino-di-benko\/#article","isPartOf":{"@id":"https:\/\/www.bellunopress.it\/2026\/06\/17\/conflitto-in-medio-oriente-analisi-del-costo-sociale-ed-economico-del-caro-carburanti-nellautotrasporto-di-enrico-natalino-di-benko\/"},"author":{"name":"redazione","@id":"https:\/\/www.bellunopress.it\/#\/schema\/person\/79bb06722b37ece1c03d3e94beb30d73"},"headline":"Conflitto in Medio Oriente. Analisi del costo sociale ed economico del caro carburanti nell&#8217;autotrasporto * di Enrico Natalino di Benko","datePublished":"2026-06-17T17:01:28+00:00","mainEntityOfPage":{"@id":"https:\/\/www.bellunopress.it\/2026\/06\/17\/conflitto-in-medio-oriente-analisi-del-costo-sociale-ed-economico-del-caro-carburanti-nellautotrasporto-di-enrico-natalino-di-benko\/"},"wordCount":809,"publisher":{"@id":"https:\/\/www.bellunopress.it\/#organization"},"image":{"@id":"https:\/\/www.bellunopress.it\/2026\/06\/17\/conflitto-in-medio-oriente-analisi-del-costo-sociale-ed-economico-del-caro-carburanti-nellautotrasporto-di-enrico-natalino-di-benko\/#primaryimage"},"thumbnailUrl":"https:\/\/www.bellunopress.it\/wp-content\/uploads\/2026\/04\/Dott.-Enrico-Natalino-di-Benko-Giurista-di-Impresa.jpg","articleSection":["Lavoro, Economia, Turismo"],"inLanguage":"fr-FR"},{"@type":"WebPage","@id":"https:\/\/www.bellunopress.it\/2026\/06\/17\/conflitto-in-medio-oriente-analisi-del-costo-sociale-ed-economico-del-caro-carburanti-nellautotrasporto-di-enrico-natalino-di-benko\/","url":"https:\/\/www.bellunopress.it\/2026\/06\/17\/conflitto-in-medio-oriente-analisi-del-costo-sociale-ed-economico-del-caro-carburanti-nellautotrasporto-di-enrico-natalino-di-benko\/","name":"Conflitto in Medio Oriente. Analisi del costo sociale ed economico del caro carburanti nell'autotrasporto * di Enrico Natalino di Benko - Bellunopress - Dolomiti","isPartOf":{"@id":"https:\/\/www.bellunopress.it\/#website"},"primaryImageOfPage":{"@id":"https:\/\/www.bellunopress.it\/2026\/06\/17\/conflitto-in-medio-oriente-analisi-del-costo-sociale-ed-economico-del-caro-carburanti-nellautotrasporto-di-enrico-natalino-di-benko\/#primaryimage"},"image":{"@id":"https:\/\/www.bellunopress.it\/2026\/06\/17\/conflitto-in-medio-oriente-analisi-del-costo-sociale-ed-economico-del-caro-carburanti-nellautotrasporto-di-enrico-natalino-di-benko\/#primaryimage"},"thumbnailUrl":"https:\/\/www.bellunopress.it\/wp-content\/uploads\/2026\/04\/Dott.-Enrico-Natalino-di-Benko-Giurista-di-Impresa.jpg","datePublished":"2026-06-17T17:01:28+00:00","breadcrumb":{"@id":"https:\/\/www.bellunopress.it\/2026\/06\/17\/conflitto-in-medio-oriente-analisi-del-costo-sociale-ed-economico-del-caro-carburanti-nellautotrasporto-di-enrico-natalino-di-benko\/#breadcrumb"},"inLanguage":"fr-FR","potentialAction":[{"@type":"ReadAction","target":["https:\/\/www.bellunopress.it\/2026\/06\/17\/conflitto-in-medio-oriente-analisi-del-costo-sociale-ed-economico-del-caro-carburanti-nellautotrasporto-di-enrico-natalino-di-benko\/"]}]},{"@type":"ImageObject","inLanguage":"fr-FR","@id":"https:\/\/www.bellunopress.it\/2026\/06\/17\/conflitto-in-medio-oriente-analisi-del-costo-sociale-ed-economico-del-caro-carburanti-nellautotrasporto-di-enrico-natalino-di-benko\/#primaryimage","url":"https:\/\/www.bellunopress.it\/wp-content\/uploads\/2026\/04\/Dott.-Enrico-Natalino-di-Benko-Giurista-di-Impresa.jpg","contentUrl":"https:\/\/www.bellunopress.it\/wp-content\/uploads\/2026\/04\/Dott.-Enrico-Natalino-di-Benko-Giurista-di-Impresa.jpg","width":467,"height":500,"caption":"Dott. Enrico Natalino di Benko -\u00a0Giurista di Impresa"},{"@type":"BreadcrumbList","@id":"https:\/\/www.bellunopress.it\/2026\/06\/17\/conflitto-in-medio-oriente-analisi-del-costo-sociale-ed-economico-del-caro-carburanti-nellautotrasporto-di-enrico-natalino-di-benko\/#breadcrumb","itemListElement":[{"@type":"ListItem","position":1,"name":"Home","item":"https:\/\/www.bellunopress.it\/"},{"@type":"ListItem","position":2,"name":"Conflitto in Medio Oriente. Analisi del costo sociale ed economico del caro carburanti nell&#8217;autotrasporto * di Enrico Natalino di Benko"}]},{"@type":"WebSite","@id":"https:\/\/www.bellunopress.it\/#website","url":"https:\/\/www.bellunopress.it\/","name":"Bellunopress - Dolomiti","description":"e-mail: redazione@bellunopress.it","publisher":{"@id":"https:\/\/www.bellunopress.it\/#organization"},"potentialAction":[{"@type":"SearchAction","target":{"@type":"EntryPoint","urlTemplate":"https:\/\/www.bellunopress.it\/?s={search_term_string}"},"query-input":{"@type":"PropertyValueSpecification","valueRequired":true,"valueName":"search_term_string"}}],"inLanguage":"fr-FR"},{"@type":"Organization","@id":"https:\/\/www.bellunopress.it\/#organization","name":"Bellunopress","url":"https:\/\/www.bellunopress.it\/","logo":{"@type":"ImageObject","inLanguage":"fr-FR","@id":"https:\/\/www.bellunopress.it\/#\/schema\/logo\/image\/","url":"https:\/\/www.bellunopress.it\/wp-content\/uploads\/2011\/05\/cropped-logo-bellunopress-.jpg","contentUrl":"https:\/\/www.bellunopress.it\/wp-content\/uploads\/2011\/05\/cropped-logo-bellunopress-.jpg","width":512,"height":512,"caption":"Bellunopress"},"image":{"@id":"https:\/\/www.bellunopress.it\/#\/schema\/logo\/image\/"},"sameAs":["https:\/\/www.facebook.com\/profile.php?id=100008943462799","https:\/\/x.com\/bellunopress","https:\/\/www.linkedin.com\/hp\/?dnr=JBzUWaJfMUw8vbXJJ2tVW5-I3jZKvC4wsoxE&amp;amp;amp;amp;amp;amp;trk=nav_responsive_tab_home","https:\/\/www.youtube.com\/channel\/UCxL0wu1uN0_3_7hGG0306cw"]},{"@type":"Person","@id":"https:\/\/www.bellunopress.it\/#\/schema\/person\/79bb06722b37ece1c03d3e94beb30d73","name":"r\u00e9daction","image":{"@type":"ImageObject","inLanguage":"fr-FR","@id":"https:\/\/secure.gravatar.com\/avatar\/37d968a2e67a6fd04c169c4bdef102d0bc5d31b2546345219e348575eb80e9a0?s=96&d=mm&r=g","url":"https:\/\/secure.gravatar.com\/avatar\/37d968a2e67a6fd04c169c4bdef102d0bc5d31b2546345219e348575eb80e9a0?s=96&d=mm&r=g","contentUrl":"https:\/\/secure.gravatar.com\/avatar\/37d968a2e67a6fd04c169c4bdef102d0bc5d31b2546345219e348575eb80e9a0?s=96&d=mm&r=g","caption":"redazione"},"sameAs":["http:\/\/www.bellunopress.it","https:\/\/x.com\/bellunopress"],"url":"https:\/\/www.bellunopress.it\/fr\/author\/redazione\/"}]}},"_links":{"self":[{"href":"https:\/\/www.bellunopress.it\/fr\/wp-json\/wp\/v2\/posts\/171036","targetHints":{"allow":["GET"]}}],"collection":[{"href":"https:\/\/www.bellunopress.it\/fr\/wp-json\/wp\/v2\/posts"}],"about":[{"href":"https:\/\/www.bellunopress.it\/fr\/wp-json\/wp\/v2\/types\/post"}],"author":[{"embeddable":true,"href":"https:\/\/www.bellunopress.it\/fr\/wp-json\/wp\/v2\/users\/2"}],"replies":[{"embeddable":true,"href":"https:\/\/www.bellunopress.it\/fr\/wp-json\/wp\/v2\/comments?post=171036"}],"version-history":[{"count":1,"href":"https:\/\/www.bellunopress.it\/fr\/wp-json\/wp\/v2\/posts\/171036\/revisions"}],"predecessor-version":[{"id":171037,"href":"https:\/\/www.bellunopress.it\/fr\/wp-json\/wp\/v2\/posts\/171036\/revisions\/171037"}],"wp:featuredmedia":[{"embeddable":true,"href":"https:\/\/www.bellunopress.it\/fr\/wp-json\/wp\/v2\/media\/168892"}],"wp:attachment":[{"href":"https:\/\/www.bellunopress.it\/fr\/wp-json\/wp\/v2\/media?parent=171036"}],"wp:term":[{"taxonomy":"category","embeddable":true,"href":"https:\/\/www.bellunopress.it\/fr\/wp-json\/wp\/v2\/categories?post=171036"},{"taxonomy":"post_tag","embeddable":true,"href":"https:\/\/www.bellunopress.it\/fr\/wp-json\/wp\/v2\/tags?post=171036"}],"curies":[{"name":"wp","href":"https:\/\/api.w.org\/{rel}","templated":true}]}}