{"id":171033,"date":"2026-06-17T18:30:02","date_gmt":"2026-06-17T16:30:02","guid":{"rendered":"https:\/\/www.bellunopress.it\/?p=171033"},"modified":"2026-06-17T18:30:02","modified_gmt":"2026-06-17T16:30:02","slug":"feltre-celebra-i-25-anni-di-gemellaggio-con-braunfels","status":"publish","type":"post","link":"https:\/\/www.bellunopress.it\/fr\/2026\/06\/17\/feltre-celebra-i-25-anni-di-gemellaggio-con-braunfels\/","title":{"rendered":"Feltre celebra i 25 anni di gemellaggio con Braunfels"},"content":{"rendered":"<p><strong>Un\u2019amicizia che guarda al futuro<\/strong><br \/>\nUn anniversario importante, ma soprattutto l&#8217;occasione per ribadire che i gemellaggi possono continuare a essere luoghi di incontro, di progettazione e di crescita condivisa. Con questo spirito, nei giorni scorsi il vicesindaco Claudio Dalla Palma e la presidente del Comitato comunale Gemellaggi Katia Girardini hanno rappresentato la Citt\u00e0 di Feltre a Braunfels, dove dall&#8217;11 al 15 giugno si sono svolte le celebrazioni per il venticinquesimo anniversario del gemellaggio ufficiale tra le due comunit\u00e0.<\/p>\n<p>Una ricorrenza che arriva al termine di un percorso celebrativo iniziato lo scorso settembre a Feltre e proseguito a novembre a Eeklo, ma che soprattutto testimonia la vitalit\u00e0 di un rapporto che affonda le sue radici ben prima della sottoscrizione del patto del 1999. I primi contatti tra le due Citt\u00e0 risalgono infatti agli anni Sessanta e, nel tempo, hanno dato vita a una fitta<br \/>\nrete di relazioni fatta di scambi culturali, incontri tra associazioni, esperienze formative e amicizie personali, alimentata dall&#8217;impegno di tanti cittadini che hanno creduto nel valore della conoscenza reciproca e della collaborazione<br \/>\ntra comunit\u00e0 europee.<br \/>\nIl programma delle giornate di Braunfels ha intrecciato memoria e prospettive future. Accanto ai momenti dedicati al venticinquennale, le delegazioni hanno infatti preso parte alle attivit\u00e0 legate a un progetto europeo incentrato sui temi<br \/>\ndella sostenibilit\u00e0 e dell&#8217;economia circolare, che coinvolger\u00e0 anche Feltre nel 2027. Tra gli appuntamenti pi\u00f9 significativi, la visita al villaggio eolico di Ulrichstein e una giornata di approfondimento con amministratori, esperti e giovani partecipanti, dedicata alle opportunit\u00e0 offerte dalle energie rinnovabili e dalle politiche di transizione ecologica.<\/p>\n<p>Nel suo intervento, il vicesindaco Dalla Palma ha ricordato come il valore di un gemellaggio \u201cnon si misuri soltanto negli atti ufficiali, ma soprattutto nelle relazioni umane che riesce a costruire\u201d, sottolineando come in questi decenni sia nata una rete di amicizie, collaborazioni e scambi che continua a rendere concreto il legame tra Feltre e Braunfels.<\/p>\n<p>\u201cCelebrare questo anniversario a Braunfels \u2013 le parole del Vice sindaco \u2013 ha significato ritrovare persone, storie e percorsi condivisi che hanno accompagnato la crescita di intere generazioni. Ma ha voluto dire anche guardare avanti, confrontandoci su temi oggi centrali per le nostre comunit\u00e0, come la sostenibilit\u00e0 ambientale e l&#8217;economia circolare. \u00c8 la dimostrazione<br \/>\nche un gemellaggio non \u00e8 un patrimonio da custodire soltanto nella memoria, ma uno strumento vivo, capace di creare occasioni di incontro e nuove progettualit\u00e0\u201d.<br \/>\nIl vicesindaco ha inoltre voluto esprimere gratitudine a quanti hanno contribuito, nel corso degli anni, a costruire e mantenere saldo il legame tra le due citt\u00e0, ricordando in particolare figure come don Giulio Perotto, Gabriele Gabrielli, Bianca De Boni e Ivan Perotto, insieme a tutte le persone che con passione e dedizione hanno reso possibile la crescita di un&#8217;amicizia che, a<br \/>\nventicinque anni dalla sua formalizzazione, continua a rappresentare un tassello significativo di quell&#8217;Europa costruita dal basso, attraverso l&#8217;incontro, il dialogo e la collaborazione tra comunit\u00e0.<\/p>\n<p>La giornata \u00e8 stata caratterizzata anche da un simbolico passaggio di testimone tra chi ha gettato le basi di questo lungo percorso e chi oggi \u00e8 chiamato a raccoglierne l&#8217;eredit\u00e0, reinterpretandolo alla luce delle esigenze delle nuove generazioni. Emblematica, in questo senso, la presenza della presidente onoraria del Comitato Gemellaggi, Bianca De Boni, memoria<br \/>\nstorica di un&#8217;amicizia costruita e alimentata nel corso dei decenni grazie all&#8217;impegno di tanti volontari e amministratori. A suggellare il momento, lo scambio di doni tra i rappresentanti delle citt\u00e0 gemellate e il pranzo sociale offerto dalla Citt\u00e0 di Braunfels, preziosa occasione di incontro e condivisione tra le delegazioni.<br \/>\n\u201cPortare avanti il Comitato Gemellaggi oggi significa custodire un patrimonio di relazioni costruito con passione da chi ci ha preceduto, ma anche avere il coraggio di immaginarne il futuro \u2013 sottolinea la presidente Katia Girardini \u2013. Siamo profondamente riconoscenti a coloro che hanno reso possibile questa amicizia e continuiamo a guardare al loro esempio con grande rispetto. Allo stesso tempo crediamo che i gemellaggi possano rappresentare un&#8217;opportunit\u00e0 concreta per i giovani, per far conoscere loro altre realt\u00e0 europee, creare nuove amicizie e sviluppare esperienze capaci di lasciare un<br \/>\nsegno. Per questo abbiamo scelto di coinvolgere anche una delegazione pi\u00f9 giovane, nella convinzione che questi rapporti debbano continuare a evolversi e a offrire occasioni di crescita e confronto alle nuove generazioni\u201d.<\/p>","protected":false},"excerpt":{"rendered":"<p>Un\u2019amicizia che guarda al futuro Un anniversario importante, ma soprattutto l&#8217;occasione per ribadire che i gemellaggi possono continuare a essere luoghi di incontro, di progettazione e di crescita condivisa. Con questo spirito, nei giorni scorsi il vicesindaco Claudio Dalla Palma e la presidente del Comitato comunale Gemellaggi Katia Girardini hanno rappresentato la Citt\u00e0 di Feltre [&hellip;]<\/p>\n","protected":false},"author":2,"featured_media":171034,"comment_status":"closed","ping_status":"open","sticky":false,"template":"","format":"standard","meta":{"footnotes":""},"categories":[8],"tags":[],"class_list":["post-171033","post","type-post","status-publish","format-standard","has-post-thumbnail","category-societa-istituzioni"],"yoast_head":"<!-- This site is optimized with the Yoast SEO plugin v28.4 - https:\/\/yoast.com\/product\/yoast-seo-wordpress\/ -->\n<title>Feltre celebra i 25 anni di gemellaggio con Braunfels - Bellunopress - Dolomiti<\/title>\n<meta name=\"robots\" content=\"index, follow, max-snippet:-1, max-image-preview:large, max-video-preview:-1\" \/>\n<link rel=\"canonical\" href=\"https:\/\/www.bellunopress.it\/fr\/2026\/06\/17\/feltre-celebra-i-25-anni-di-gemellaggio-con-braunfels\/\" \/>\n<meta property=\"og:locale\" content=\"fr_FR\" \/>\n<meta property=\"og:type\" content=\"article\" \/>\n<meta property=\"og:title\" content=\"Feltre celebra i 25 anni di gemellaggio con Braunfels - Bellunopress - Dolomiti\" \/>\n<meta property=\"og:description\" content=\"Un\u2019amicizia che guarda al futuro Un anniversario importante, ma soprattutto l&#8217;occasione per ribadire che i gemellaggi possono continuare a essere luoghi di incontro, di progettazione e di crescita condivisa. Con questo spirito, nei giorni scorsi il vicesindaco Claudio Dalla Palma e la presidente del Comitato comunale Gemellaggi Katia Girardini hanno rappresentato la Citt\u00e0 di Feltre [&hellip;]\" \/>\n<meta property=\"og:url\" content=\"https:\/\/www.bellunopress.it\/fr\/2026\/06\/17\/feltre-celebra-i-25-anni-di-gemellaggio-con-braunfels\/\" \/>\n<meta property=\"og:site_name\" content=\"Bellunopress - Dolomiti\" \/>\n<meta property=\"article:publisher\" content=\"https:\/\/www.facebook.com\/profile.php?id=100008943462799\" \/>\n<meta property=\"article:published_time\" content=\"2026-06-17T16:30:02+00:00\" \/>\n<meta property=\"og:image\" content=\"https:\/\/www.bellunopress.it\/wp-content\/uploads\/2026\/06\/Rinnovo-gemellaggio-Feltre-Braunfels.jpeg\" \/>\n\t<meta property=\"og:image:width\" content=\"600\" \/>\n\t<meta property=\"og:image:height\" content=\"355\" \/>\n\t<meta property=\"og:image:type\" content=\"image\/jpeg\" \/>\n<meta name=\"author\" content=\"redazione\" \/>\n<meta name=\"twitter:card\" content=\"summary_large_image\" \/>\n<meta name=\"twitter:creator\" content=\"@bellunopress\" \/>\n<meta name=\"twitter:site\" content=\"@bellunopress\" \/>\n<meta name=\"twitter:label1\" content=\"Written by\" \/>\n\t<meta name=\"twitter:data1\" content=\"redazione\" \/>\n\t<meta name=\"twitter:label2\" content=\"Est. reading time\" \/>\n\t<meta name=\"twitter:data2\" content=\"4 minutes\" \/>\n<script type=\"application\/ld+json\" class=\"yoast-schema-graph\">{\"@context\":\"https:\\\/\\\/schema.org\",\"@graph\":[{\"@type\":\"Article\",\"@id\":\"https:\\\/\\\/www.bellunopress.it\\\/2026\\\/06\\\/17\\\/feltre-celebra-i-25-anni-di-gemellaggio-con-braunfels\\\/#article\",\"isPartOf\":{\"@id\":\"https:\\\/\\\/www.bellunopress.it\\\/2026\\\/06\\\/17\\\/feltre-celebra-i-25-anni-di-gemellaggio-con-braunfels\\\/\"},\"author\":{\"name\":\"redazione\",\"@id\":\"https:\\\/\\\/www.bellunopress.it\\\/#\\\/schema\\\/person\\\/79bb06722b37ece1c03d3e94beb30d73\"},\"headline\":\"Feltre celebra i 25 anni di gemellaggio con Braunfels\",\"datePublished\":\"2026-06-17T16:30:02+00:00\",\"mainEntityOfPage\":{\"@id\":\"https:\\\/\\\/www.bellunopress.it\\\/2026\\\/06\\\/17\\\/feltre-celebra-i-25-anni-di-gemellaggio-con-braunfels\\\/\"},\"wordCount\":711,\"publisher\":{\"@id\":\"https:\\\/\\\/www.bellunopress.it\\\/#organization\"},\"image\":{\"@id\":\"https:\\\/\\\/www.bellunopress.it\\\/2026\\\/06\\\/17\\\/feltre-celebra-i-25-anni-di-gemellaggio-con-braunfels\\\/#primaryimage\"},\"thumbnailUrl\":\"https:\\\/\\\/www.bellunopress.it\\\/wp-content\\\/uploads\\\/2026\\\/06\\\/Rinnovo-gemellaggio-Feltre-Braunfels.jpeg\",\"articleSection\":[\"Societ\u00e0, Associazioni, Istituzioni\"],\"inLanguage\":\"fr-FR\"},{\"@type\":\"WebPage\",\"@id\":\"https:\\\/\\\/www.bellunopress.it\\\/2026\\\/06\\\/17\\\/feltre-celebra-i-25-anni-di-gemellaggio-con-braunfels\\\/\",\"url\":\"https:\\\/\\\/www.bellunopress.it\\\/2026\\\/06\\\/17\\\/feltre-celebra-i-25-anni-di-gemellaggio-con-braunfels\\\/\",\"name\":\"Feltre celebra i 25 anni di gemellaggio con Braunfels - Bellunopress - Dolomiti\",\"isPartOf\":{\"@id\":\"https:\\\/\\\/www.bellunopress.it\\\/#website\"},\"primaryImageOfPage\":{\"@id\":\"https:\\\/\\\/www.bellunopress.it\\\/2026\\\/06\\\/17\\\/feltre-celebra-i-25-anni-di-gemellaggio-con-braunfels\\\/#primaryimage\"},\"image\":{\"@id\":\"https:\\\/\\\/www.bellunopress.it\\\/2026\\\/06\\\/17\\\/feltre-celebra-i-25-anni-di-gemellaggio-con-braunfels\\\/#primaryimage\"},\"thumbnailUrl\":\"https:\\\/\\\/www.bellunopress.it\\\/wp-content\\\/uploads\\\/2026\\\/06\\\/Rinnovo-gemellaggio-Feltre-Braunfels.jpeg\",\"datePublished\":\"2026-06-17T16:30:02+00:00\",\"breadcrumb\":{\"@id\":\"https:\\\/\\\/www.bellunopress.it\\\/2026\\\/06\\\/17\\\/feltre-celebra-i-25-anni-di-gemellaggio-con-braunfels\\\/#breadcrumb\"},\"inLanguage\":\"fr-FR\",\"potentialAction\":[{\"@type\":\"ReadAction\",\"target\":[\"https:\\\/\\\/www.bellunopress.it\\\/2026\\\/06\\\/17\\\/feltre-celebra-i-25-anni-di-gemellaggio-con-braunfels\\\/\"]}]},{\"@type\":\"ImageObject\",\"inLanguage\":\"fr-FR\",\"@id\":\"https:\\\/\\\/www.bellunopress.it\\\/2026\\\/06\\\/17\\\/feltre-celebra-i-25-anni-di-gemellaggio-con-braunfels\\\/#primaryimage\",\"url\":\"https:\\\/\\\/www.bellunopress.it\\\/wp-content\\\/uploads\\\/2026\\\/06\\\/Rinnovo-gemellaggio-Feltre-Braunfels.jpeg\",\"contentUrl\":\"https:\\\/\\\/www.bellunopress.it\\\/wp-content\\\/uploads\\\/2026\\\/06\\\/Rinnovo-gemellaggio-Feltre-Braunfels.jpeg\",\"width\":600,\"height\":355},{\"@type\":\"BreadcrumbList\",\"@id\":\"https:\\\/\\\/www.bellunopress.it\\\/2026\\\/06\\\/17\\\/feltre-celebra-i-25-anni-di-gemellaggio-con-braunfels\\\/#breadcrumb\",\"itemListElement\":[{\"@type\":\"ListItem\",\"position\":1,\"name\":\"Home\",\"item\":\"https:\\\/\\\/www.bellunopress.it\\\/\"},{\"@type\":\"ListItem\",\"position\":2,\"name\":\"Feltre celebra i 25 anni di gemellaggio con Braunfels\"}]},{\"@type\":\"WebSite\",\"@id\":\"https:\\\/\\\/www.bellunopress.it\\\/#website\",\"url\":\"https:\\\/\\\/www.bellunopress.it\\\/\",\"name\":\"Bellunopress - Dolomiti\",\"description\":\"e-mail: redazione@bellunopress.it\",\"publisher\":{\"@id\":\"https:\\\/\\\/www.bellunopress.it\\\/#organization\"},\"potentialAction\":[{\"@type\":\"SearchAction\",\"target\":{\"@type\":\"EntryPoint\",\"urlTemplate\":\"https:\\\/\\\/www.bellunopress.it\\\/?s={search_term_string}\"},\"query-input\":{\"@type\":\"PropertyValueSpecification\",\"valueRequired\":true,\"valueName\":\"search_term_string\"}}],\"inLanguage\":\"fr-FR\"},{\"@type\":\"Organization\",\"@id\":\"https:\\\/\\\/www.bellunopress.it\\\/#organization\",\"name\":\"Bellunopress\",\"url\":\"https:\\\/\\\/www.bellunopress.it\\\/\",\"logo\":{\"@type\":\"ImageObject\",\"inLanguage\":\"fr-FR\",\"@id\":\"https:\\\/\\\/www.bellunopress.it\\\/#\\\/schema\\\/logo\\\/image\\\/\",\"url\":\"https:\\\/\\\/www.bellunopress.it\\\/wp-content\\\/uploads\\\/2011\\\/05\\\/cropped-logo-bellunopress-.jpg\",\"contentUrl\":\"https:\\\/\\\/www.bellunopress.it\\\/wp-content\\\/uploads\\\/2011\\\/05\\\/cropped-logo-bellunopress-.jpg\",\"width\":512,\"height\":512,\"caption\":\"Bellunopress\"},\"image\":{\"@id\":\"https:\\\/\\\/www.bellunopress.it\\\/#\\\/schema\\\/logo\\\/image\\\/\"},\"sameAs\":[\"https:\\\/\\\/www.facebook.com\\\/profile.php?id=100008943462799\",\"https:\\\/\\\/x.com\\\/bellunopress\",\"https:\\\/\\\/www.linkedin.com\\\/hp\\\/?dnr=JBzUWaJfMUw8vbXJJ2tVW5-I3jZKvC4wsoxE&amp;amp;amp;amp;amp;amp;trk=nav_responsive_tab_home\",\"https:\\\/\\\/www.youtube.com\\\/channel\\\/UCxL0wu1uN0_3_7hGG0306cw\"]},{\"@type\":\"Person\",\"@id\":\"https:\\\/\\\/www.bellunopress.it\\\/#\\\/schema\\\/person\\\/79bb06722b37ece1c03d3e94beb30d73\",\"name\":\"redazione\",\"image\":{\"@type\":\"ImageObject\",\"inLanguage\":\"fr-FR\",\"@id\":\"https:\\\/\\\/secure.gravatar.com\\\/avatar\\\/37d968a2e67a6fd04c169c4bdef102d0bc5d31b2546345219e348575eb80e9a0?s=96&d=mm&r=g\",\"url\":\"https:\\\/\\\/secure.gravatar.com\\\/avatar\\\/37d968a2e67a6fd04c169c4bdef102d0bc5d31b2546345219e348575eb80e9a0?s=96&d=mm&r=g\",\"contentUrl\":\"https:\\\/\\\/secure.gravatar.com\\\/avatar\\\/37d968a2e67a6fd04c169c4bdef102d0bc5d31b2546345219e348575eb80e9a0?s=96&d=mm&r=g\",\"caption\":\"redazione\"},\"sameAs\":[\"http:\\\/\\\/www.bellunopress.it\",\"https:\\\/\\\/x.com\\\/bellunopress\"],\"url\":\"https:\\\/\\\/www.bellunopress.it\\\/fr\\\/author\\\/redazione\\\/\"}]}<\/script>\n<!-- \/ Yoast SEO plugin. -->","yoast_head_json":{"title":"Feltre celebra i 25 anni di gemellaggio con Braunfels - Bellunopress - Dolomiti","robots":{"index":"index","follow":"follow","max-snippet":"max-snippet:-1","max-image-preview":"max-image-preview:large","max-video-preview":"max-video-preview:-1"},"canonical":"https:\/\/www.bellunopress.it\/fr\/2026\/06\/17\/feltre-celebra-i-25-anni-di-gemellaggio-con-braunfels\/","og_locale":"fr_FR","og_type":"article","og_title":"Feltre celebra i 25 anni di gemellaggio con Braunfels - Bellunopress - Dolomiti","og_description":"Un\u2019amicizia che guarda al futuro Un anniversario importante, ma soprattutto l&#8217;occasione per ribadire che i gemellaggi possono continuare a essere luoghi di incontro, di progettazione e di crescita condivisa. Con questo spirito, nei giorni scorsi il vicesindaco Claudio Dalla Palma e la presidente del Comitato comunale Gemellaggi Katia Girardini hanno rappresentato la Citt\u00e0 di Feltre [&hellip;]","og_url":"https:\/\/www.bellunopress.it\/fr\/2026\/06\/17\/feltre-celebra-i-25-anni-di-gemellaggio-con-braunfels\/","og_site_name":"Bellunopress - Dolomiti","article_publisher":"https:\/\/www.facebook.com\/profile.php?id=100008943462799","article_published_time":"2026-06-17T16:30:02+00:00","og_image":[{"width":600,"height":355,"url":"https:\/\/www.bellunopress.it\/wp-content\/uploads\/2026\/06\/Rinnovo-gemellaggio-Feltre-Braunfels.jpeg","type":"image\/jpeg"}],"author":"redazione","twitter_card":"summary_large_image","twitter_creator":"@bellunopress","twitter_site":"@bellunopress","twitter_misc":{"Written by":"redazione","Est. reading time":"4 minutes"},"schema":{"@context":"https:\/\/schema.org","@graph":[{"@type":"Article","@id":"https:\/\/www.bellunopress.it\/2026\/06\/17\/feltre-celebra-i-25-anni-di-gemellaggio-con-braunfels\/#article","isPartOf":{"@id":"https:\/\/www.bellunopress.it\/2026\/06\/17\/feltre-celebra-i-25-anni-di-gemellaggio-con-braunfels\/"},"author":{"name":"redazione","@id":"https:\/\/www.bellunopress.it\/#\/schema\/person\/79bb06722b37ece1c03d3e94beb30d73"},"headline":"Feltre celebra i 25 anni di gemellaggio con Braunfels","datePublished":"2026-06-17T16:30:02+00:00","mainEntityOfPage":{"@id":"https:\/\/www.bellunopress.it\/2026\/06\/17\/feltre-celebra-i-25-anni-di-gemellaggio-con-braunfels\/"},"wordCount":711,"publisher":{"@id":"https:\/\/www.bellunopress.it\/#organization"},"image":{"@id":"https:\/\/www.bellunopress.it\/2026\/06\/17\/feltre-celebra-i-25-anni-di-gemellaggio-con-braunfels\/#primaryimage"},"thumbnailUrl":"https:\/\/www.bellunopress.it\/wp-content\/uploads\/2026\/06\/Rinnovo-gemellaggio-Feltre-Braunfels.jpeg","articleSection":["Societ\u00e0, Associazioni, Istituzioni"],"inLanguage":"fr-FR"},{"@type":"WebPage","@id":"https:\/\/www.bellunopress.it\/2026\/06\/17\/feltre-celebra-i-25-anni-di-gemellaggio-con-braunfels\/","url":"https:\/\/www.bellunopress.it\/2026\/06\/17\/feltre-celebra-i-25-anni-di-gemellaggio-con-braunfels\/","name":"Feltre celebra i 25 anni di gemellaggio con Braunfels - Bellunopress - Dolomiti","isPartOf":{"@id":"https:\/\/www.bellunopress.it\/#website"},"primaryImageOfPage":{"@id":"https:\/\/www.bellunopress.it\/2026\/06\/17\/feltre-celebra-i-25-anni-di-gemellaggio-con-braunfels\/#primaryimage"},"image":{"@id":"https:\/\/www.bellunopress.it\/2026\/06\/17\/feltre-celebra-i-25-anni-di-gemellaggio-con-braunfels\/#primaryimage"},"thumbnailUrl":"https:\/\/www.bellunopress.it\/wp-content\/uploads\/2026\/06\/Rinnovo-gemellaggio-Feltre-Braunfels.jpeg","datePublished":"2026-06-17T16:30:02+00:00","breadcrumb":{"@id":"https:\/\/www.bellunopress.it\/2026\/06\/17\/feltre-celebra-i-25-anni-di-gemellaggio-con-braunfels\/#breadcrumb"},"inLanguage":"fr-FR","potentialAction":[{"@type":"ReadAction","target":["https:\/\/www.bellunopress.it\/2026\/06\/17\/feltre-celebra-i-25-anni-di-gemellaggio-con-braunfels\/"]}]},{"@type":"ImageObject","inLanguage":"fr-FR","@id":"https:\/\/www.bellunopress.it\/2026\/06\/17\/feltre-celebra-i-25-anni-di-gemellaggio-con-braunfels\/#primaryimage","url":"https:\/\/www.bellunopress.it\/wp-content\/uploads\/2026\/06\/Rinnovo-gemellaggio-Feltre-Braunfels.jpeg","contentUrl":"https:\/\/www.bellunopress.it\/wp-content\/uploads\/2026\/06\/Rinnovo-gemellaggio-Feltre-Braunfels.jpeg","width":600,"height":355},{"@type":"BreadcrumbList","@id":"https:\/\/www.bellunopress.it\/2026\/06\/17\/feltre-celebra-i-25-anni-di-gemellaggio-con-braunfels\/#breadcrumb","itemListElement":[{"@type":"ListItem","position":1,"name":"Home","item":"https:\/\/www.bellunopress.it\/"},{"@type":"ListItem","position":2,"name":"Feltre celebra i 25 anni di gemellaggio con Braunfels"}]},{"@type":"WebSite","@id":"https:\/\/www.bellunopress.it\/#website","url":"https:\/\/www.bellunopress.it\/","name":"Bellunopress - Dolomiti","description":"e-mail: redazione@bellunopress.it","publisher":{"@id":"https:\/\/www.bellunopress.it\/#organization"},"potentialAction":[{"@type":"SearchAction","target":{"@type":"EntryPoint","urlTemplate":"https:\/\/www.bellunopress.it\/?s={search_term_string}"},"query-input":{"@type":"PropertyValueSpecification","valueRequired":true,"valueName":"search_term_string"}}],"inLanguage":"fr-FR"},{"@type":"Organization","@id":"https:\/\/www.bellunopress.it\/#organization","name":"Bellunopress","url":"https:\/\/www.bellunopress.it\/","logo":{"@type":"ImageObject","inLanguage":"fr-FR","@id":"https:\/\/www.bellunopress.it\/#\/schema\/logo\/image\/","url":"https:\/\/www.bellunopress.it\/wp-content\/uploads\/2011\/05\/cropped-logo-bellunopress-.jpg","contentUrl":"https:\/\/www.bellunopress.it\/wp-content\/uploads\/2011\/05\/cropped-logo-bellunopress-.jpg","width":512,"height":512,"caption":"Bellunopress"},"image":{"@id":"https:\/\/www.bellunopress.it\/#\/schema\/logo\/image\/"},"sameAs":["https:\/\/www.facebook.com\/profile.php?id=100008943462799","https:\/\/x.com\/bellunopress","https:\/\/www.linkedin.com\/hp\/?dnr=JBzUWaJfMUw8vbXJJ2tVW5-I3jZKvC4wsoxE&amp;amp;amp;amp;amp;amp;trk=nav_responsive_tab_home","https:\/\/www.youtube.com\/channel\/UCxL0wu1uN0_3_7hGG0306cw"]},{"@type":"Person","@id":"https:\/\/www.bellunopress.it\/#\/schema\/person\/79bb06722b37ece1c03d3e94beb30d73","name":"r\u00e9daction","image":{"@type":"ImageObject","inLanguage":"fr-FR","@id":"https:\/\/secure.gravatar.com\/avatar\/37d968a2e67a6fd04c169c4bdef102d0bc5d31b2546345219e348575eb80e9a0?s=96&d=mm&r=g","url":"https:\/\/secure.gravatar.com\/avatar\/37d968a2e67a6fd04c169c4bdef102d0bc5d31b2546345219e348575eb80e9a0?s=96&d=mm&r=g","contentUrl":"https:\/\/secure.gravatar.com\/avatar\/37d968a2e67a6fd04c169c4bdef102d0bc5d31b2546345219e348575eb80e9a0?s=96&d=mm&r=g","caption":"redazione"},"sameAs":["http:\/\/www.bellunopress.it","https:\/\/x.com\/bellunopress"],"url":"https:\/\/www.bellunopress.it\/fr\/author\/redazione\/"}]}},"_links":{"self":[{"href":"https:\/\/www.bellunopress.it\/fr\/wp-json\/wp\/v2\/posts\/171033","targetHints":{"allow":["GET"]}}],"collection":[{"href":"https:\/\/www.bellunopress.it\/fr\/wp-json\/wp\/v2\/posts"}],"about":[{"href":"https:\/\/www.bellunopress.it\/fr\/wp-json\/wp\/v2\/types\/post"}],"author":[{"embeddable":true,"href":"https:\/\/www.bellunopress.it\/fr\/wp-json\/wp\/v2\/users\/2"}],"replies":[{"embeddable":true,"href":"https:\/\/www.bellunopress.it\/fr\/wp-json\/wp\/v2\/comments?post=171033"}],"version-history":[{"count":1,"href":"https:\/\/www.bellunopress.it\/fr\/wp-json\/wp\/v2\/posts\/171033\/revisions"}],"predecessor-version":[{"id":171035,"href":"https:\/\/www.bellunopress.it\/fr\/wp-json\/wp\/v2\/posts\/171033\/revisions\/171035"}],"wp:featuredmedia":[{"embeddable":true,"href":"https:\/\/www.bellunopress.it\/fr\/wp-json\/wp\/v2\/media\/171034"}],"wp:attachment":[{"href":"https:\/\/www.bellunopress.it\/fr\/wp-json\/wp\/v2\/media?parent=171033"}],"wp:term":[{"taxonomy":"category","embeddable":true,"href":"https:\/\/www.bellunopress.it\/fr\/wp-json\/wp\/v2\/categories?post=171033"},{"taxonomy":"post_tag","embeddable":true,"href":"https:\/\/www.bellunopress.it\/fr\/wp-json\/wp\/v2\/tags?post=171033"}],"curies":[{"name":"wp","href":"https:\/\/api.w.org\/{rel}","templated":true}]}}