{"id":171026,"date":"2026-06-17T16:43:41","date_gmt":"2026-06-17T14:43:41","guid":{"rendered":"https:\/\/www.bellunopress.it\/?p=171026"},"modified":"2026-06-17T16:43:41","modified_gmt":"2026-06-17T14:43:41","slug":"feltre-successo-al-concerto-dellindirizzo-musicale-della-scuola-rocca-e-la-primaria-vittorino-da-feltre","status":"publish","type":"post","link":"https:\/\/www.bellunopress.it\/fr\/2026\/06\/17\/feltre-successo-al-concerto-dellindirizzo-musicale-della-scuola-rocca-e-la-primaria-vittorino-da-feltre\/","title":{"rendered":"Feltre. Successo al concerto dell&#8217;Indirizzo musicale della Scuola &#8220;Rocca&#8221; e la Primaria &#8220;Vittorino da Feltre&#8221;"},"content":{"rendered":"<p>Feltre, 17\/06\/2026 &#8211; Grande partecipazione per l&#8217;esibizione delle classi terze. Un ponte tra la storia di Feltre e il rock<br \/>\ndei Queen, con una straordinaria sinergia tra la scuola &#8220;Rocca&#8221; e la primaria &#8220;Vittorino da Feltre&#8221;.<br \/>\nUna serata indimenticabile, di quelle che lasciano il segno e fanno vibrare il cuore.<br \/>\nIl concerto di fine anno delle classi terze dell\u2019Indirizzo Musicale si \u00e8 rivelato un autentico successone, confermando lo straordinario talento dei giovani musicisti che hanno suonato divinamente, dimostrando una maturit\u00e0 e una precisione<br \/>\ndavvero sorprendenti.<br \/>\nL&#8217;evento non \u00e8 stato solo un saggio di bravura, ma un vero e proprio connubio tra la tradizione feltrina e la musica moderna, capace di unire la comunit\u00e0 in un unico grande abbraccio sonoro.<\/p>\n<p>Dal Classicismo al rock dei Queen<br \/>\nIl programma della serata \u00e8 stato un viaggio temporale perfettamente orchestrato. La prima parte ha reso un elegante omaggio al Classicismo e al Barocco: gli studenti si sono misurati con i giganti della storia della musica, eseguendo brani di Bach, Vivaldi, Handel e Mozart con un rigore tecnico impeccabile.<br \/>\nNella seconda parte, l\u2019atmosfera si \u00e8 fatta pi\u00f9 intima e contemporanea grazie alle celebri e suggestive melodie di Ludovico Einaudi, prima dell&#8217;esplosione finale dedicata ai Queen.<br \/>\nIl Palio sul palco: tamburini e sbandieratori per &#8220;We Will Rock You&#8221; Il vero e proprio &#8220;terremoto&#8221; di energia \u00e8 arrivato con l&#8217;omaggio alla band britannica, arricchito da un eccezionale tocco di colore locale. Quando l&#8217;orchestra ha attaccato le prime note del brano\u00a0il coinvolgimento del pubblico \u00e8 stato totale.<br \/>\nA dettare il ritmo travolgente, insieme alla batteria, sono stati alcuni ragazzi della scuola media &#8220;Rocca&#8221; che si sono esibiti in veste di tamburini, provenienti dai vari quartieri feltrini del Palio. Il pubblico ha accompagnato l\u2019intero brano a suon di mani, trascinato da un ritmo millimetrico e potente.<\/p>\n<p>Il progetto verticale e il gran finale<br \/>\nIl momento pi\u00f9 emozionante e significativo \u00e8 stato riservato alla conclusione. Sulle note del leggendario inno We Are The Champions, il palco si \u00e8 riempito ulteriormente grazie alla partecipazione dei bambini delle classi quinte A e B della scuola primaria &#8220;Vittorino da Feltre&#8221;.<br \/>\nQuesta collaborazione ha rappresentato la splendida e concreta realizzazione del progetto verticale d&#8217;istituto, unendo i diversi ordini di scuola in un percorso educativo e artistico condiviso.<br \/>\nA rendere il finale ancora pi\u00f9 spettacolare, i ragazzi della &#8220;Rocca&#8221; hanno fatto volteggiare le loro bandiere, regalando una splendida sbandierata sul gran finale che ha fuso l&#8217;orgoglio della tradizione storica di Feltre con l&#8217;epicit\u00e0 del rock.<\/p>\n<p>L&#8217;orgoglio dei docenti<br \/>\nAl termine della serata, il prof. Egidio Pulli insegnante di violino, parlando a nome dei colleghi maestri preparatori Baldo, Perugini, Morosillo e dei colleghi del dipartimento musicale Pinna, Perenzin e Longo, ha espresso tutta la sua profonda commozione e gratitudine:<br \/>\n&#8220;Siamo davvero soddisfatti del risultato ottenuto. Vedere i ragazzi suonare con questa sicurezza e armonia \u00e8 la ricompensa pi\u00f9 grande per i mesi di duro lavoro in aula. La musica ha il potere di unire, e stasera lo abbiamo dimostrato: i ragazzi delle terze, i pi\u00f9 piccoli della primaria, tutto il corpo docente del dipartimento e la tradizione del nostro Palio si sono fusi in un&#8217;unica grande voce. Questi giovani hanno dimostrato che quando si lavora con passione e spirito di squadra, non ci sono traguardi impossibili. Siamo fieri di ognuno di loro.&#8221;<\/p>","protected":false},"excerpt":{"rendered":"<p>Feltre, 17\/06\/2026 &#8211; Grande partecipazione per l&#8217;esibizione delle classi terze. Un ponte tra la storia di Feltre e il rock dei Queen, con una straordinaria sinergia tra la scuola &#8220;Rocca&#8221; e la primaria &#8220;Vittorino da Feltre&#8221;. Una serata indimenticabile, di quelle che lasciano il segno e fanno vibrare il cuore. Il concerto di fine anno [&hellip;]<\/p>\n","protected":false},"author":2,"featured_media":171027,"comment_status":"closed","ping_status":"open","sticky":false,"template":"","format":"standard","meta":{"footnotes":""},"categories":[15],"tags":[],"class_list":["post-171026","post","type-post","status-publish","format-standard","has-post-thumbnail","category-scuola"],"yoast_head":"<!-- This site is optimized with the Yoast SEO plugin v28.4 - https:\/\/yoast.com\/product\/yoast-seo-wordpress\/ -->\n<title>Feltre. Successo al concerto dell&#039;Indirizzo musicale della Scuola &quot;Rocca&quot; e la Primaria &quot;Vittorino da Feltre&quot; - Bellunopress - Dolomiti<\/title>\n<meta name=\"robots\" content=\"index, follow, max-snippet:-1, max-image-preview:large, max-video-preview:-1\" \/>\n<link rel=\"canonical\" href=\"https:\/\/www.bellunopress.it\/fr\/2026\/06\/17\/feltre-successo-al-concerto-dellindirizzo-musicale-della-scuola-rocca-e-la-primaria-vittorino-da-feltre\/\" \/>\n<meta property=\"og:locale\" content=\"fr_FR\" \/>\n<meta property=\"og:type\" content=\"article\" \/>\n<meta property=\"og:title\" content=\"Feltre. Successo al concerto dell&#039;Indirizzo musicale della Scuola &quot;Rocca&quot; e la Primaria &quot;Vittorino da Feltre&quot; - Bellunopress - Dolomiti\" \/>\n<meta property=\"og:description\" content=\"Feltre, 17\/06\/2026 &#8211; Grande partecipazione per l&#8217;esibizione delle classi terze. Un ponte tra la storia di Feltre e il rock dei Queen, con una straordinaria sinergia tra la scuola &#8220;Rocca&#8221; e la primaria &#8220;Vittorino da Feltre&#8221;. Una serata indimenticabile, di quelle che lasciano il segno e fanno vibrare il cuore. Il concerto di fine anno [&hellip;]\" \/>\n<meta property=\"og:url\" content=\"https:\/\/www.bellunopress.it\/fr\/2026\/06\/17\/feltre-successo-al-concerto-dellindirizzo-musicale-della-scuola-rocca-e-la-primaria-vittorino-da-feltre\/\" \/>\n<meta property=\"og:site_name\" content=\"Bellunopress - Dolomiti\" \/>\n<meta property=\"article:publisher\" content=\"https:\/\/www.facebook.com\/profile.php?id=100008943462799\" \/>\n<meta property=\"article:published_time\" content=\"2026-06-17T14:43:41+00:00\" \/>\n<meta property=\"og:image\" content=\"https:\/\/www.bellunopress.it\/wp-content\/uploads\/2026\/06\/Feltre-indirizzo-musicale-della-Scuola-Rocca-e-la-Primaria-Vittorino-da-Feltre.jpg\" \/>\n\t<meta property=\"og:image:width\" content=\"523\" \/>\n\t<meta property=\"og:image:height\" content=\"284\" \/>\n\t<meta property=\"og:image:type\" content=\"image\/jpeg\" \/>\n<meta name=\"author\" content=\"redazione\" \/>\n<meta name=\"twitter:card\" content=\"summary_large_image\" \/>\n<meta name=\"twitter:creator\" content=\"@bellunopress\" \/>\n<meta name=\"twitter:site\" content=\"@bellunopress\" \/>\n<meta name=\"twitter:label1\" content=\"\u00c9crit par\" \/>\n\t<meta name=\"twitter:data1\" content=\"redazione\" \/>\n\t<meta name=\"twitter:label2\" content=\"Dur\u00e9e de lecture estim\u00e9e\" \/>\n\t<meta name=\"twitter:data2\" content=\"4 minutes\" \/>\n<script type=\"application\/ld+json\" class=\"yoast-schema-graph\">{\"@context\":\"https:\\\/\\\/schema.org\",\"@graph\":[{\"@type\":\"Article\",\"@id\":\"https:\\\/\\\/www.bellunopress.it\\\/2026\\\/06\\\/17\\\/feltre-successo-al-concerto-dellindirizzo-musicale-della-scuola-rocca-e-la-primaria-vittorino-da-feltre\\\/#article\",\"isPartOf\":{\"@id\":\"https:\\\/\\\/www.bellunopress.it\\\/2026\\\/06\\\/17\\\/feltre-successo-al-concerto-dellindirizzo-musicale-della-scuola-rocca-e-la-primaria-vittorino-da-feltre\\\/\"},\"author\":{\"name\":\"redazione\",\"@id\":\"https:\\\/\\\/www.bellunopress.it\\\/#\\\/schema\\\/person\\\/79bb06722b37ece1c03d3e94beb30d73\"},\"headline\":\"Feltre. Successo al concerto dell&#8217;Indirizzo musicale della Scuola &#8220;Rocca&#8221; e la Primaria &#8220;Vittorino da Feltre&#8221;\",\"datePublished\":\"2026-06-17T14:43:41+00:00\",\"mainEntityOfPage\":{\"@id\":\"https:\\\/\\\/www.bellunopress.it\\\/2026\\\/06\\\/17\\\/feltre-successo-al-concerto-dellindirizzo-musicale-della-scuola-rocca-e-la-primaria-vittorino-da-feltre\\\/\"},\"wordCount\":566,\"publisher\":{\"@id\":\"https:\\\/\\\/www.bellunopress.it\\\/#organization\"},\"image\":{\"@id\":\"https:\\\/\\\/www.bellunopress.it\\\/2026\\\/06\\\/17\\\/feltre-successo-al-concerto-dellindirizzo-musicale-della-scuola-rocca-e-la-primaria-vittorino-da-feltre\\\/#primaryimage\"},\"thumbnailUrl\":\"https:\\\/\\\/www.bellunopress.it\\\/wp-content\\\/uploads\\\/2026\\\/06\\\/Feltre-indirizzo-musicale-della-Scuola-Rocca-e-la-Primaria-Vittorino-da-Feltre.jpg\",\"articleSection\":[\"Scuola\"],\"inLanguage\":\"fr-FR\"},{\"@type\":\"WebPage\",\"@id\":\"https:\\\/\\\/www.bellunopress.it\\\/2026\\\/06\\\/17\\\/feltre-successo-al-concerto-dellindirizzo-musicale-della-scuola-rocca-e-la-primaria-vittorino-da-feltre\\\/\",\"url\":\"https:\\\/\\\/www.bellunopress.it\\\/2026\\\/06\\\/17\\\/feltre-successo-al-concerto-dellindirizzo-musicale-della-scuola-rocca-e-la-primaria-vittorino-da-feltre\\\/\",\"name\":\"Feltre. Successo al concerto dell'Indirizzo musicale della Scuola \\\"Rocca\\\" e la Primaria \\\"Vittorino da Feltre\\\" - Bellunopress - Dolomiti\",\"isPartOf\":{\"@id\":\"https:\\\/\\\/www.bellunopress.it\\\/#website\"},\"primaryImageOfPage\":{\"@id\":\"https:\\\/\\\/www.bellunopress.it\\\/2026\\\/06\\\/17\\\/feltre-successo-al-concerto-dellindirizzo-musicale-della-scuola-rocca-e-la-primaria-vittorino-da-feltre\\\/#primaryimage\"},\"image\":{\"@id\":\"https:\\\/\\\/www.bellunopress.it\\\/2026\\\/06\\\/17\\\/feltre-successo-al-concerto-dellindirizzo-musicale-della-scuola-rocca-e-la-primaria-vittorino-da-feltre\\\/#primaryimage\"},\"thumbnailUrl\":\"https:\\\/\\\/www.bellunopress.it\\\/wp-content\\\/uploads\\\/2026\\\/06\\\/Feltre-indirizzo-musicale-della-Scuola-Rocca-e-la-Primaria-Vittorino-da-Feltre.jpg\",\"datePublished\":\"2026-06-17T14:43:41+00:00\",\"breadcrumb\":{\"@id\":\"https:\\\/\\\/www.bellunopress.it\\\/2026\\\/06\\\/17\\\/feltre-successo-al-concerto-dellindirizzo-musicale-della-scuola-rocca-e-la-primaria-vittorino-da-feltre\\\/#breadcrumb\"},\"inLanguage\":\"fr-FR\",\"potentialAction\":[{\"@type\":\"ReadAction\",\"target\":[\"https:\\\/\\\/www.bellunopress.it\\\/2026\\\/06\\\/17\\\/feltre-successo-al-concerto-dellindirizzo-musicale-della-scuola-rocca-e-la-primaria-vittorino-da-feltre\\\/\"]}]},{\"@type\":\"ImageObject\",\"inLanguage\":\"fr-FR\",\"@id\":\"https:\\\/\\\/www.bellunopress.it\\\/2026\\\/06\\\/17\\\/feltre-successo-al-concerto-dellindirizzo-musicale-della-scuola-rocca-e-la-primaria-vittorino-da-feltre\\\/#primaryimage\",\"url\":\"https:\\\/\\\/www.bellunopress.it\\\/wp-content\\\/uploads\\\/2026\\\/06\\\/Feltre-indirizzo-musicale-della-Scuola-Rocca-e-la-Primaria-Vittorino-da-Feltre.jpg\",\"contentUrl\":\"https:\\\/\\\/www.bellunopress.it\\\/wp-content\\\/uploads\\\/2026\\\/06\\\/Feltre-indirizzo-musicale-della-Scuola-Rocca-e-la-Primaria-Vittorino-da-Feltre.jpg\",\"width\":523,\"height\":284},{\"@type\":\"BreadcrumbList\",\"@id\":\"https:\\\/\\\/www.bellunopress.it\\\/2026\\\/06\\\/17\\\/feltre-successo-al-concerto-dellindirizzo-musicale-della-scuola-rocca-e-la-primaria-vittorino-da-feltre\\\/#breadcrumb\",\"itemListElement\":[{\"@type\":\"ListItem\",\"position\":1,\"name\":\"Home\",\"item\":\"https:\\\/\\\/www.bellunopress.it\\\/\"},{\"@type\":\"ListItem\",\"position\":2,\"name\":\"Feltre. Successo al concerto dell&#8217;Indirizzo musicale della Scuola &#8220;Rocca&#8221; e la Primaria &#8220;Vittorino da Feltre&#8221;\"}]},{\"@type\":\"WebSite\",\"@id\":\"https:\\\/\\\/www.bellunopress.it\\\/#website\",\"url\":\"https:\\\/\\\/www.bellunopress.it\\\/\",\"name\":\"Bellunopress - Dolomiti\",\"description\":\"e-mail: redazione@bellunopress.it\",\"publisher\":{\"@id\":\"https:\\\/\\\/www.bellunopress.it\\\/#organization\"},\"potentialAction\":[{\"@type\":\"SearchAction\",\"target\":{\"@type\":\"EntryPoint\",\"urlTemplate\":\"https:\\\/\\\/www.bellunopress.it\\\/?s={search_term_string}\"},\"query-input\":{\"@type\":\"PropertyValueSpecification\",\"valueRequired\":true,\"valueName\":\"search_term_string\"}}],\"inLanguage\":\"fr-FR\"},{\"@type\":\"Organization\",\"@id\":\"https:\\\/\\\/www.bellunopress.it\\\/#organization\",\"name\":\"Bellunopress\",\"url\":\"https:\\\/\\\/www.bellunopress.it\\\/\",\"logo\":{\"@type\":\"ImageObject\",\"inLanguage\":\"fr-FR\",\"@id\":\"https:\\\/\\\/www.bellunopress.it\\\/#\\\/schema\\\/logo\\\/image\\\/\",\"url\":\"https:\\\/\\\/www.bellunopress.it\\\/wp-content\\\/uploads\\\/2011\\\/05\\\/cropped-logo-bellunopress-.jpg\",\"contentUrl\":\"https:\\\/\\\/www.bellunopress.it\\\/wp-content\\\/uploads\\\/2011\\\/05\\\/cropped-logo-bellunopress-.jpg\",\"width\":512,\"height\":512,\"caption\":\"Bellunopress\"},\"image\":{\"@id\":\"https:\\\/\\\/www.bellunopress.it\\\/#\\\/schema\\\/logo\\\/image\\\/\"},\"sameAs\":[\"https:\\\/\\\/www.facebook.com\\\/profile.php?id=100008943462799\",\"https:\\\/\\\/x.com\\\/bellunopress\",\"https:\\\/\\\/www.linkedin.com\\\/hp\\\/?dnr=JBzUWaJfMUw8vbXJJ2tVW5-I3jZKvC4wsoxE&amp;amp;amp;amp;amp;amp;trk=nav_responsive_tab_home\",\"https:\\\/\\\/www.youtube.com\\\/channel\\\/UCxL0wu1uN0_3_7hGG0306cw\"]},{\"@type\":\"Person\",\"@id\":\"https:\\\/\\\/www.bellunopress.it\\\/#\\\/schema\\\/person\\\/79bb06722b37ece1c03d3e94beb30d73\",\"name\":\"redazione\",\"image\":{\"@type\":\"ImageObject\",\"inLanguage\":\"fr-FR\",\"@id\":\"https:\\\/\\\/secure.gravatar.com\\\/avatar\\\/37d968a2e67a6fd04c169c4bdef102d0bc5d31b2546345219e348575eb80e9a0?s=96&d=mm&r=g\",\"url\":\"https:\\\/\\\/secure.gravatar.com\\\/avatar\\\/37d968a2e67a6fd04c169c4bdef102d0bc5d31b2546345219e348575eb80e9a0?s=96&d=mm&r=g\",\"contentUrl\":\"https:\\\/\\\/secure.gravatar.com\\\/avatar\\\/37d968a2e67a6fd04c169c4bdef102d0bc5d31b2546345219e348575eb80e9a0?s=96&d=mm&r=g\",\"caption\":\"redazione\"},\"sameAs\":[\"http:\\\/\\\/www.bellunopress.it\",\"https:\\\/\\\/x.com\\\/bellunopress\"],\"url\":\"https:\\\/\\\/www.bellunopress.it\\\/fr\\\/author\\\/redazione\\\/\"}]}<\/script>\n<!-- \/ Yoast SEO plugin. -->","yoast_head_json":{"title":"Feltre. Successo al concerto dell'Indirizzo musicale della Scuola \"Rocca\" e la Primaria \"Vittorino da Feltre\" - Bellunopress - Dolomiti","robots":{"index":"index","follow":"follow","max-snippet":"max-snippet:-1","max-image-preview":"max-image-preview:large","max-video-preview":"max-video-preview:-1"},"canonical":"https:\/\/www.bellunopress.it\/fr\/2026\/06\/17\/feltre-successo-al-concerto-dellindirizzo-musicale-della-scuola-rocca-e-la-primaria-vittorino-da-feltre\/","og_locale":"fr_FR","og_type":"article","og_title":"Feltre. Successo al concerto dell'Indirizzo musicale della Scuola \"Rocca\" e la Primaria \"Vittorino da Feltre\" - Bellunopress - Dolomiti","og_description":"Feltre, 17\/06\/2026 &#8211; Grande partecipazione per l&#8217;esibizione delle classi terze. Un ponte tra la storia di Feltre e il rock dei Queen, con una straordinaria sinergia tra la scuola &#8220;Rocca&#8221; e la primaria &#8220;Vittorino da Feltre&#8221;. Una serata indimenticabile, di quelle che lasciano il segno e fanno vibrare il cuore. Il concerto di fine anno [&hellip;]","og_url":"https:\/\/www.bellunopress.it\/fr\/2026\/06\/17\/feltre-successo-al-concerto-dellindirizzo-musicale-della-scuola-rocca-e-la-primaria-vittorino-da-feltre\/","og_site_name":"Bellunopress - Dolomiti","article_publisher":"https:\/\/www.facebook.com\/profile.php?id=100008943462799","article_published_time":"2026-06-17T14:43:41+00:00","og_image":[{"width":523,"height":284,"url":"https:\/\/www.bellunopress.it\/wp-content\/uploads\/2026\/06\/Feltre-indirizzo-musicale-della-Scuola-Rocca-e-la-Primaria-Vittorino-da-Feltre.jpg","type":"image\/jpeg"}],"author":"redazione","twitter_card":"summary_large_image","twitter_creator":"@bellunopress","twitter_site":"@bellunopress","twitter_misc":{"\u00c9crit par":"redazione","Dur\u00e9e de lecture estim\u00e9e":"4 minutes"},"schema":{"@context":"https:\/\/schema.org","@graph":[{"@type":"Article","@id":"https:\/\/www.bellunopress.it\/2026\/06\/17\/feltre-successo-al-concerto-dellindirizzo-musicale-della-scuola-rocca-e-la-primaria-vittorino-da-feltre\/#article","isPartOf":{"@id":"https:\/\/www.bellunopress.it\/2026\/06\/17\/feltre-successo-al-concerto-dellindirizzo-musicale-della-scuola-rocca-e-la-primaria-vittorino-da-feltre\/"},"author":{"name":"redazione","@id":"https:\/\/www.bellunopress.it\/#\/schema\/person\/79bb06722b37ece1c03d3e94beb30d73"},"headline":"Feltre. Successo al concerto dell&#8217;Indirizzo musicale della Scuola &#8220;Rocca&#8221; e la Primaria &#8220;Vittorino da Feltre&#8221;","datePublished":"2026-06-17T14:43:41+00:00","mainEntityOfPage":{"@id":"https:\/\/www.bellunopress.it\/2026\/06\/17\/feltre-successo-al-concerto-dellindirizzo-musicale-della-scuola-rocca-e-la-primaria-vittorino-da-feltre\/"},"wordCount":566,"publisher":{"@id":"https:\/\/www.bellunopress.it\/#organization"},"image":{"@id":"https:\/\/www.bellunopress.it\/2026\/06\/17\/feltre-successo-al-concerto-dellindirizzo-musicale-della-scuola-rocca-e-la-primaria-vittorino-da-feltre\/#primaryimage"},"thumbnailUrl":"https:\/\/www.bellunopress.it\/wp-content\/uploads\/2026\/06\/Feltre-indirizzo-musicale-della-Scuola-Rocca-e-la-Primaria-Vittorino-da-Feltre.jpg","articleSection":["Scuola"],"inLanguage":"fr-FR"},{"@type":"WebPage","@id":"https:\/\/www.bellunopress.it\/2026\/06\/17\/feltre-successo-al-concerto-dellindirizzo-musicale-della-scuola-rocca-e-la-primaria-vittorino-da-feltre\/","url":"https:\/\/www.bellunopress.it\/2026\/06\/17\/feltre-successo-al-concerto-dellindirizzo-musicale-della-scuola-rocca-e-la-primaria-vittorino-da-feltre\/","name":"Feltre. Successo al concerto dell'Indirizzo musicale della Scuola \"Rocca\" e la Primaria \"Vittorino da Feltre\" - Bellunopress - Dolomiti","isPartOf":{"@id":"https:\/\/www.bellunopress.it\/#website"},"primaryImageOfPage":{"@id":"https:\/\/www.bellunopress.it\/2026\/06\/17\/feltre-successo-al-concerto-dellindirizzo-musicale-della-scuola-rocca-e-la-primaria-vittorino-da-feltre\/#primaryimage"},"image":{"@id":"https:\/\/www.bellunopress.it\/2026\/06\/17\/feltre-successo-al-concerto-dellindirizzo-musicale-della-scuola-rocca-e-la-primaria-vittorino-da-feltre\/#primaryimage"},"thumbnailUrl":"https:\/\/www.bellunopress.it\/wp-content\/uploads\/2026\/06\/Feltre-indirizzo-musicale-della-Scuola-Rocca-e-la-Primaria-Vittorino-da-Feltre.jpg","datePublished":"2026-06-17T14:43:41+00:00","breadcrumb":{"@id":"https:\/\/www.bellunopress.it\/2026\/06\/17\/feltre-successo-al-concerto-dellindirizzo-musicale-della-scuola-rocca-e-la-primaria-vittorino-da-feltre\/#breadcrumb"},"inLanguage":"fr-FR","potentialAction":[{"@type":"ReadAction","target":["https:\/\/www.bellunopress.it\/2026\/06\/17\/feltre-successo-al-concerto-dellindirizzo-musicale-della-scuola-rocca-e-la-primaria-vittorino-da-feltre\/"]}]},{"@type":"ImageObject","inLanguage":"fr-FR","@id":"https:\/\/www.bellunopress.it\/2026\/06\/17\/feltre-successo-al-concerto-dellindirizzo-musicale-della-scuola-rocca-e-la-primaria-vittorino-da-feltre\/#primaryimage","url":"https:\/\/www.bellunopress.it\/wp-content\/uploads\/2026\/06\/Feltre-indirizzo-musicale-della-Scuola-Rocca-e-la-Primaria-Vittorino-da-Feltre.jpg","contentUrl":"https:\/\/www.bellunopress.it\/wp-content\/uploads\/2026\/06\/Feltre-indirizzo-musicale-della-Scuola-Rocca-e-la-Primaria-Vittorino-da-Feltre.jpg","width":523,"height":284},{"@type":"BreadcrumbList","@id":"https:\/\/www.bellunopress.it\/2026\/06\/17\/feltre-successo-al-concerto-dellindirizzo-musicale-della-scuola-rocca-e-la-primaria-vittorino-da-feltre\/#breadcrumb","itemListElement":[{"@type":"ListItem","position":1,"name":"Home","item":"https:\/\/www.bellunopress.it\/"},{"@type":"ListItem","position":2,"name":"Feltre. Successo al concerto dell&#8217;Indirizzo musicale della Scuola &#8220;Rocca&#8221; e la Primaria &#8220;Vittorino da Feltre&#8221;"}]},{"@type":"WebSite","@id":"https:\/\/www.bellunopress.it\/#website","url":"https:\/\/www.bellunopress.it\/","name":"Bellunopress - Dolomiti","description":"e-mail: redazione@bellunopress.it","publisher":{"@id":"https:\/\/www.bellunopress.it\/#organization"},"potentialAction":[{"@type":"SearchAction","target":{"@type":"EntryPoint","urlTemplate":"https:\/\/www.bellunopress.it\/?s={search_term_string}"},"query-input":{"@type":"PropertyValueSpecification","valueRequired":true,"valueName":"search_term_string"}}],"inLanguage":"fr-FR"},{"@type":"Organization","@id":"https:\/\/www.bellunopress.it\/#organization","name":"Bellunopress","url":"https:\/\/www.bellunopress.it\/","logo":{"@type":"ImageObject","inLanguage":"fr-FR","@id":"https:\/\/www.bellunopress.it\/#\/schema\/logo\/image\/","url":"https:\/\/www.bellunopress.it\/wp-content\/uploads\/2011\/05\/cropped-logo-bellunopress-.jpg","contentUrl":"https:\/\/www.bellunopress.it\/wp-content\/uploads\/2011\/05\/cropped-logo-bellunopress-.jpg","width":512,"height":512,"caption":"Bellunopress"},"image":{"@id":"https:\/\/www.bellunopress.it\/#\/schema\/logo\/image\/"},"sameAs":["https:\/\/www.facebook.com\/profile.php?id=100008943462799","https:\/\/x.com\/bellunopress","https:\/\/www.linkedin.com\/hp\/?dnr=JBzUWaJfMUw8vbXJJ2tVW5-I3jZKvC4wsoxE&amp;amp;amp;amp;amp;amp;trk=nav_responsive_tab_home","https:\/\/www.youtube.com\/channel\/UCxL0wu1uN0_3_7hGG0306cw"]},{"@type":"Person","@id":"https:\/\/www.bellunopress.it\/#\/schema\/person\/79bb06722b37ece1c03d3e94beb30d73","name":"r\u00e9daction","image":{"@type":"ImageObject","inLanguage":"fr-FR","@id":"https:\/\/secure.gravatar.com\/avatar\/37d968a2e67a6fd04c169c4bdef102d0bc5d31b2546345219e348575eb80e9a0?s=96&d=mm&r=g","url":"https:\/\/secure.gravatar.com\/avatar\/37d968a2e67a6fd04c169c4bdef102d0bc5d31b2546345219e348575eb80e9a0?s=96&d=mm&r=g","contentUrl":"https:\/\/secure.gravatar.com\/avatar\/37d968a2e67a6fd04c169c4bdef102d0bc5d31b2546345219e348575eb80e9a0?s=96&d=mm&r=g","caption":"redazione"},"sameAs":["http:\/\/www.bellunopress.it","https:\/\/x.com\/bellunopress"],"url":"https:\/\/www.bellunopress.it\/fr\/author\/redazione\/"}]}},"_links":{"self":[{"href":"https:\/\/www.bellunopress.it\/fr\/wp-json\/wp\/v2\/posts\/171026","targetHints":{"allow":["GET"]}}],"collection":[{"href":"https:\/\/www.bellunopress.it\/fr\/wp-json\/wp\/v2\/posts"}],"about":[{"href":"https:\/\/www.bellunopress.it\/fr\/wp-json\/wp\/v2\/types\/post"}],"author":[{"embeddable":true,"href":"https:\/\/www.bellunopress.it\/fr\/wp-json\/wp\/v2\/users\/2"}],"replies":[{"embeddable":true,"href":"https:\/\/www.bellunopress.it\/fr\/wp-json\/wp\/v2\/comments?post=171026"}],"version-history":[{"count":1,"href":"https:\/\/www.bellunopress.it\/fr\/wp-json\/wp\/v2\/posts\/171026\/revisions"}],"predecessor-version":[{"id":171028,"href":"https:\/\/www.bellunopress.it\/fr\/wp-json\/wp\/v2\/posts\/171026\/revisions\/171028"}],"wp:featuredmedia":[{"embeddable":true,"href":"https:\/\/www.bellunopress.it\/fr\/wp-json\/wp\/v2\/media\/171027"}],"wp:attachment":[{"href":"https:\/\/www.bellunopress.it\/fr\/wp-json\/wp\/v2\/media?parent=171026"}],"wp:term":[{"taxonomy":"category","embeddable":true,"href":"https:\/\/www.bellunopress.it\/fr\/wp-json\/wp\/v2\/categories?post=171026"},{"taxonomy":"post_tag","embeddable":true,"href":"https:\/\/www.bellunopress.it\/fr\/wp-json\/wp\/v2\/tags?post=171026"}],"curies":[{"name":"wp","href":"https:\/\/api.w.org\/{rel}","templated":true}]}}