{"id":171023,"date":"2026-06-17T14:32:12","date_gmt":"2026-06-17T12:32:12","guid":{"rendered":"https:\/\/www.bellunopress.it\/?p=171023"},"modified":"2026-06-17T14:32:12","modified_gmt":"2026-06-17T12:32:12","slug":"vinovip-cortina-celebra-la-sua-15a-edizione-il-summit-di-civilta-del-bere-torna-sulle-dolomiti-il-12-e-il-13-luglio","status":"publish","type":"post","link":"https:\/\/www.bellunopress.it\/fr\/2026\/06\/17\/vinovip-cortina-celebra-la-sua-15a-edizione-il-summit-di-civilta-del-bere-torna-sulle-dolomiti-il-12-e-il-13-luglio\/","title":{"rendered":"VinoVip Cortina celebra la sua 15a edizione.\u00a0Il summit di Civilt\u00e0 del bere torna sulle Dolomiti il 12 e il 13 luglio"},"content":{"rendered":"<p><strong>Ad aprire la 15\u00aa edizione sar\u00e0 il talk show con Piero Antinori, Sandro Boscaini, Angelo Gaja e Fausto Maculan<\/strong><\/p>\n<p><strong>In programma anche i focus su Prosecco Docg, le anime del Pinot e il Grand Tasting con 54 Cantine leader<\/strong><\/p>\n<p>Cortina d&#8217;Ampezzo, giugno 2026 _ Quindici edizioni (l&#8217;anno prossimo si festeggiano i 30 anni) e un ruolo consolidato tra gli appuntamenti pi\u00f9 autorevoli del vino italiano. VinoVip Cortina celebra nel 2026 il suo grande anniversario sulle Dolomiti ampezzane con due giornate dedicate al meglio dell&#8217;enologia. Pochi mesi dopo i Giochi Olimpici Invernali, Cortina d&#8217;Ampezzo torna infatti al centro della scena, questa volta come capitale del vino italiano.<\/p>\n<p>Domenica 12 e luned\u00ec 13 luglio la perla delle Dolomiti ospiter\u00e0 la 15\u00aa edizione del summit biennale organizzato da Civilt\u00e0 del bere, che riunisce alcune tra le Cantine pi\u00f9 prestigiose e rappresentative del panorama enoico nazionale. Ideato nel 1997, VinoVip Cortina \u00e8 cresciuto fino a diventare un punto di riferimento per produttori, giornalisti, buyer, distributori, sommelier e appassionati, grazie a una formula che combina approfondimento, degustazioni di alto livello e networking qualificato. Anche quest&#8217;anno il programma alterner\u00e0 momenti di confronto e assaggio con uno sguardo rivolto alle sfide e alle opportunit\u00e0 che attendono il vino italiano.<\/p>\n<p>Il momento inaugurale della manifestazione sar\u00e0 il talk show &#8220;I tenori del vino italiano&#8221;, in programma domenica 12 luglio alle ore 15.00 presso l&#8217;Alexander Girardi Hall di Cortina d&#8217;Ampezzo. Condotto dal direttore di Civilt\u00e0 del bere Alessandro Torcoli, l&#8217;incontro vedr\u00e0 protagonisti quattro figure leggendarie che hanno scritto la storia del vino per un dibattito che offrir\u00e0 un&#8217;analisi lucida sulle tappe del successo del vino italiano, sull&#8217;evoluzione dei mercati globali e sulle sfide future, distinguendo tra i punti fermi della qualit\u00e0 e le mode passeggere.<\/p>\n<p>Veri e propri pionieri che hanno trasformato il settore: Angelo Gaja, il rivoluzionario del Piemonte che, entrato giovanissimo nell&#8217;azienda di famiglia fondata nel 1859, ha introdotto tecniche di vinificazione innovative che lo hanno consacrato come re indiscusso del Barbaresco, espandendo poi il successo anche a Montalcino e Bolgheri; Piero Antinori, guida storica della Marchesi Antinori, che rappresenta una dinastia unita da oltre seicento anni di storia, a cui si deve la celebre &#8220;revisione del Chianti&#8221; e l&#8217;intuizione che port\u00f2 alla nascita del Tignanello nel 1971, posizionando l&#8217;azienda come riferimento mondiale della qualit\u00e0; Sandro Boscaini, noto come &#8220;Mister Amarone&#8221;, alla guida di Masi Agricola dal 1978, che ha saputo internazionalizzare la Valpolicella unendo una visione commerciale strategica alla valorizzazione culturale del territorio delle Venezie; Fausto Maculan, il pioniere istrionico di Breganze che fin dagli anni &#8217;80 ha guidato una rivoluzione nella propria Cantina studiando i modelli esteri e sperimentando senza sosta, la cui personalit\u00e0 trascinante e i vini d&#8217;eccellenza lo hanno portato a confrontarsi con i pi\u00f9 grandi nomi della critica e della ristorazione, rendendo la sua vita un affascinante spaccato della storia del gusto degli ultimi cinquant&#8217;anni.<\/p>\n<p>Durante il talk show con i &#8220;tenori&#8221; ci sar\u00e0 spazio anche per parlare dell&#8217;evoluzione del comparto e dei mercati, dei punti fermi e delle mode destinate a passare. Al termine sar\u00e0 consegnato il Premio Khail 2026, il riconoscimento intitolato al fondatore di Civilt\u00e0 del bere e destinato a una personalit\u00e0 che si \u00e8 distinta nella valorizzazione del vino italiano a livello internazionale. Nelle precedenti edizioni il premio \u00e8 stato assegnato a figure di riferimento del settore come Marina Cvetic, Attilio Scienza e Luigi Moio.<\/p>\n<p>La manifestazione proseguir\u00e0 poi dalle 17.00 alle 19.00 con un focus sul Conegliano Valdobbiadene Prosecco Superiore Docg: sul palco dell&#8217;Alexander Hall il direttore di Civilt\u00e0 del bere e il direttore del Consorzio di tutela Diego Tomasi faranno il punto sulle ultime novit\u00e0 della denominazione. A seguire, una degustazione nel foyer permetter\u00e0 di apprezzare un&#8217;ampia selezione di etichette Docg.<\/p>\n<p>Luned\u00ec 13 luglio la scena si sposter\u00e0 all&#8217;Hotel de la Poste alle ore 9.30 per l&#8217;approfondimento &#8220;I tre volti del Pinot e le loro espressioni&#8221;, con un walk-around tasting dedicato a Pinot bianco, grigio e nero che offrir\u00e0 lo spunto per ricordare come da una stessa famiglia di vitigni si siano sviluppati filoni stilistici diversi e di straordinario successo. Con particolare attenzione per il Pinot bianco, protagonista della pi\u00f9 recente monografia di Civilt\u00e0 del bere, che raggiunger\u00e0 nel tempo lo standing dei cugini specialmente ora che la tendenza del gusto \u00e8 rivolta all&#8217;eleganza, alla delicatezza e alla mineralit\u00e0.<\/p>\n<p>Nel pomeriggio, il summit vivr\u00e0, infine, il suo momento pi\u00f9 atteso con il Grand Tasting presso Chalet Tofane, dove 54 aziende, selezionate come leader di territorio, presenteranno le loro etichette pi\u00f9 rappresentative in un grande banco d&#8217;assaggio panoramico, offrendo un&#8217;opportunit\u00e0 unica di confronto diretto con i produttori e confermando VinoVip Cortina come un osservatorio privilegiato sul meglio dell&#8217;enologia nazionale.<\/p>\n<p>&nbsp;<\/p>\n<p><strong>VinoVip 2026: i Protagonisti<\/strong><\/p>\n<p>Marilisa Allegrini \u2022 Andreola \u2022 Marchesi Antinori \u2022 Argiolas \u2022 Banfi \u2022 Berlucchi Franciacorta \u2022 Bortolomiol \u2022 Le Caniette \u2022 Castello di Querceto \u2022 Cesarini Sforza \u2022 Cleto Chiarli \u2022 Colli Ripani \u2022 Il Colombaio di Santa Chiara \u2022 Costa Ar\u00e8nte \u2022 Marco Felluga &#8211; Russiz Superiore \u2022 F\u00e8lsina \u2022 Tenute Folonari \u2022 Fontanafredda \u2022 Fonzone \u2022 Nino Franco \u2022 Gabe Tenute \u2022 Isole e Olena \u2022 Kettmeir \u2022 Lamole di Lamole \u2022 Cantine Lvnae \u2022 Maculan \u2022 Le Manzane \u2022 Masciarelli \u2022 Masi Agricola \u2022 Mezzacorona \u2022 Monte Zovo \u2022 Pasqua Vini \u2022 Pio Cesare \u2022 Planeta \u2022 PuntoZero \u2022 Rottensteiner \u2022 Ruggeri \u2022 Tenuta San Guido \u2022 Tenuta Sant&#8217;Antonio \u2022 Sartori di Verona \u2022 Tedeschi \u2022 Cantina Terlano \u2022 Terra Moretti \u2022 Tinazzi \u2022 Tommasi \u2022 Cantina Tramin \u2022 Umani Ronchi \u2022 Varvaglione 1921 \u2022 Velenosi \u2022 Villa Bogdano 1880 \u2022 Villa Sandi \u2022 Vite Colte \u2022 Zorzettig \u2022 spirits: Castagner<\/p>","protected":false},"excerpt":{"rendered":"<p>Ad aprire la 15\u00aa edizione sar\u00e0 il talk show con Piero Antinori, Sandro Boscaini, Angelo Gaja e Fausto Maculan In programma anche i focus su Prosecco Docg, le anime del Pinot e il Grand Tasting con 54 Cantine leader Cortina d&#8217;Ampezzo, giugno 2026 _ Quindici edizioni (l&#8217;anno prossimo si festeggiano i 30 anni) e un [&hellip;]<\/p>\n","protected":false},"author":2,"featured_media":171024,"comment_status":"closed","ping_status":"open","sticky":false,"template":"","format":"standard","meta":{"footnotes":""},"categories":[3393,25],"tags":[],"class_list":["post-171023","post","type-post","status-publish","format-standard","has-post-thumbnail","category-eventi-enogastronomici","category-pausa-caffe"],"yoast_head":"<!-- This site is optimized with the Yoast SEO plugin v28.4 - https:\/\/yoast.com\/product\/yoast-seo-wordpress\/ -->\n<title>VinoVip Cortina celebra la sua 15a edizione.\u00a0Il summit di Civilt\u00e0 del bere torna sulle Dolomiti il 12 e il 13 luglio - Bellunopress - Dolomiti<\/title>\n<meta name=\"robots\" content=\"index, follow, max-snippet:-1, max-image-preview:large, max-video-preview:-1\" \/>\n<link rel=\"canonical\" href=\"https:\/\/www.bellunopress.it\/fr\/2026\/06\/17\/vinovip-cortina-celebra-la-sua-15a-edizione-il-summit-di-civilta-del-bere-torna-sulle-dolomiti-il-12-e-il-13-luglio\/\" \/>\n<meta property=\"og:locale\" content=\"fr_FR\" \/>\n<meta property=\"og:type\" content=\"article\" \/>\n<meta property=\"og:title\" content=\"VinoVip Cortina celebra la sua 15a edizione.\u00a0Il summit di Civilt\u00e0 del bere torna sulle Dolomiti il 12 e il 13 luglio - Bellunopress - Dolomiti\" \/>\n<meta property=\"og:description\" content=\"Ad aprire la 15\u00aa edizione sar\u00e0 il talk show con Piero Antinori, Sandro Boscaini, Angelo Gaja e Fausto Maculan In programma anche i focus su Prosecco Docg, le anime del Pinot e il Grand Tasting con 54 Cantine leader Cortina d&#8217;Ampezzo, giugno 2026 _ Quindici edizioni (l&#8217;anno prossimo si festeggiano i 30 anni) e un [&hellip;]\" \/>\n<meta property=\"og:url\" content=\"https:\/\/www.bellunopress.it\/fr\/2026\/06\/17\/vinovip-cortina-celebra-la-sua-15a-edizione-il-summit-di-civilta-del-bere-torna-sulle-dolomiti-il-12-e-il-13-luglio\/\" \/>\n<meta property=\"og:site_name\" content=\"Bellunopress - Dolomiti\" \/>\n<meta property=\"article:publisher\" content=\"https:\/\/www.facebook.com\/profile.php?id=100008943462799\" \/>\n<meta property=\"article:published_time\" content=\"2026-06-17T12:32:12+00:00\" \/>\n<meta property=\"og:image\" content=\"https:\/\/www.bellunopress.it\/wp-content\/uploads\/2026\/06\/vinovip-cortina.jpg\" \/>\n\t<meta property=\"og:image:width\" content=\"500\" \/>\n\t<meta property=\"og:image:height\" content=\"333\" \/>\n\t<meta property=\"og:image:type\" content=\"image\/jpeg\" \/>\n<meta name=\"author\" content=\"redazione\" \/>\n<meta name=\"twitter:card\" content=\"summary_large_image\" \/>\n<meta name=\"twitter:creator\" content=\"@bellunopress\" \/>\n<meta name=\"twitter:site\" content=\"@bellunopress\" \/>\n<meta name=\"twitter:label1\" content=\"Written by\" \/>\n\t<meta name=\"twitter:data1\" content=\"redazione\" \/>\n\t<meta name=\"twitter:label2\" content=\"Est. reading time\" \/>\n\t<meta name=\"twitter:data2\" content=\"6 minutes\" \/>\n<script type=\"application\/ld+json\" class=\"yoast-schema-graph\">{\"@context\":\"https:\\\/\\\/schema.org\",\"@graph\":[{\"@type\":\"Article\",\"@id\":\"https:\\\/\\\/www.bellunopress.it\\\/2026\\\/06\\\/17\\\/vinovip-cortina-celebra-la-sua-15a-edizione-il-summit-di-civilta-del-bere-torna-sulle-dolomiti-il-12-e-il-13-luglio\\\/#article\",\"isPartOf\":{\"@id\":\"https:\\\/\\\/www.bellunopress.it\\\/2026\\\/06\\\/17\\\/vinovip-cortina-celebra-la-sua-15a-edizione-il-summit-di-civilta-del-bere-torna-sulle-dolomiti-il-12-e-il-13-luglio\\\/\"},\"author\":{\"name\":\"redazione\",\"@id\":\"https:\\\/\\\/www.bellunopress.it\\\/#\\\/schema\\\/person\\\/79bb06722b37ece1c03d3e94beb30d73\"},\"headline\":\"VinoVip Cortina celebra la sua 15a edizione.\u00a0Il summit di Civilt\u00e0 del bere torna sulle Dolomiti il 12 e il 13 luglio\",\"datePublished\":\"2026-06-17T12:32:12+00:00\",\"mainEntityOfPage\":{\"@id\":\"https:\\\/\\\/www.bellunopress.it\\\/2026\\\/06\\\/17\\\/vinovip-cortina-celebra-la-sua-15a-edizione-il-summit-di-civilta-del-bere-torna-sulle-dolomiti-il-12-e-il-13-luglio\\\/\"},\"wordCount\":895,\"publisher\":{\"@id\":\"https:\\\/\\\/www.bellunopress.it\\\/#organization\"},\"image\":{\"@id\":\"https:\\\/\\\/www.bellunopress.it\\\/2026\\\/06\\\/17\\\/vinovip-cortina-celebra-la-sua-15a-edizione-il-summit-di-civilta-del-bere-torna-sulle-dolomiti-il-12-e-il-13-luglio\\\/#primaryimage\"},\"thumbnailUrl\":\"https:\\\/\\\/www.bellunopress.it\\\/wp-content\\\/uploads\\\/2026\\\/06\\\/vinovip-cortina.jpg\",\"articleSection\":[\"Eventi enogastronomici\",\"Pausa Caff\u00e8\"],\"inLanguage\":\"fr-FR\"},{\"@type\":\"WebPage\",\"@id\":\"https:\\\/\\\/www.bellunopress.it\\\/2026\\\/06\\\/17\\\/vinovip-cortina-celebra-la-sua-15a-edizione-il-summit-di-civilta-del-bere-torna-sulle-dolomiti-il-12-e-il-13-luglio\\\/\",\"url\":\"https:\\\/\\\/www.bellunopress.it\\\/2026\\\/06\\\/17\\\/vinovip-cortina-celebra-la-sua-15a-edizione-il-summit-di-civilta-del-bere-torna-sulle-dolomiti-il-12-e-il-13-luglio\\\/\",\"name\":\"VinoVip Cortina celebra la sua 15a edizione.\u00a0Il summit di Civilt\u00e0 del bere torna sulle Dolomiti il 12 e il 13 luglio - Bellunopress - Dolomiti\",\"isPartOf\":{\"@id\":\"https:\\\/\\\/www.bellunopress.it\\\/#website\"},\"primaryImageOfPage\":{\"@id\":\"https:\\\/\\\/www.bellunopress.it\\\/2026\\\/06\\\/17\\\/vinovip-cortina-celebra-la-sua-15a-edizione-il-summit-di-civilta-del-bere-torna-sulle-dolomiti-il-12-e-il-13-luglio\\\/#primaryimage\"},\"image\":{\"@id\":\"https:\\\/\\\/www.bellunopress.it\\\/2026\\\/06\\\/17\\\/vinovip-cortina-celebra-la-sua-15a-edizione-il-summit-di-civilta-del-bere-torna-sulle-dolomiti-il-12-e-il-13-luglio\\\/#primaryimage\"},\"thumbnailUrl\":\"https:\\\/\\\/www.bellunopress.it\\\/wp-content\\\/uploads\\\/2026\\\/06\\\/vinovip-cortina.jpg\",\"datePublished\":\"2026-06-17T12:32:12+00:00\",\"breadcrumb\":{\"@id\":\"https:\\\/\\\/www.bellunopress.it\\\/2026\\\/06\\\/17\\\/vinovip-cortina-celebra-la-sua-15a-edizione-il-summit-di-civilta-del-bere-torna-sulle-dolomiti-il-12-e-il-13-luglio\\\/#breadcrumb\"},\"inLanguage\":\"fr-FR\",\"potentialAction\":[{\"@type\":\"ReadAction\",\"target\":[\"https:\\\/\\\/www.bellunopress.it\\\/2026\\\/06\\\/17\\\/vinovip-cortina-celebra-la-sua-15a-edizione-il-summit-di-civilta-del-bere-torna-sulle-dolomiti-il-12-e-il-13-luglio\\\/\"]}]},{\"@type\":\"ImageObject\",\"inLanguage\":\"fr-FR\",\"@id\":\"https:\\\/\\\/www.bellunopress.it\\\/2026\\\/06\\\/17\\\/vinovip-cortina-celebra-la-sua-15a-edizione-il-summit-di-civilta-del-bere-torna-sulle-dolomiti-il-12-e-il-13-luglio\\\/#primaryimage\",\"url\":\"https:\\\/\\\/www.bellunopress.it\\\/wp-content\\\/uploads\\\/2026\\\/06\\\/vinovip-cortina.jpg\",\"contentUrl\":\"https:\\\/\\\/www.bellunopress.it\\\/wp-content\\\/uploads\\\/2026\\\/06\\\/vinovip-cortina.jpg\",\"width\":500,\"height\":333},{\"@type\":\"BreadcrumbList\",\"@id\":\"https:\\\/\\\/www.bellunopress.it\\\/2026\\\/06\\\/17\\\/vinovip-cortina-celebra-la-sua-15a-edizione-il-summit-di-civilta-del-bere-torna-sulle-dolomiti-il-12-e-il-13-luglio\\\/#breadcrumb\",\"itemListElement\":[{\"@type\":\"ListItem\",\"position\":1,\"name\":\"Home\",\"item\":\"https:\\\/\\\/www.bellunopress.it\\\/\"},{\"@type\":\"ListItem\",\"position\":2,\"name\":\"VinoVip Cortina celebra la sua 15a edizione.\u00a0Il summit di Civilt\u00e0 del bere torna sulle Dolomiti il 12 e il 13 luglio\"}]},{\"@type\":\"WebSite\",\"@id\":\"https:\\\/\\\/www.bellunopress.it\\\/#website\",\"url\":\"https:\\\/\\\/www.bellunopress.it\\\/\",\"name\":\"Bellunopress - Dolomiti\",\"description\":\"e-mail: redazione@bellunopress.it\",\"publisher\":{\"@id\":\"https:\\\/\\\/www.bellunopress.it\\\/#organization\"},\"potentialAction\":[{\"@type\":\"SearchAction\",\"target\":{\"@type\":\"EntryPoint\",\"urlTemplate\":\"https:\\\/\\\/www.bellunopress.it\\\/?s={search_term_string}\"},\"query-input\":{\"@type\":\"PropertyValueSpecification\",\"valueRequired\":true,\"valueName\":\"search_term_string\"}}],\"inLanguage\":\"fr-FR\"},{\"@type\":\"Organization\",\"@id\":\"https:\\\/\\\/www.bellunopress.it\\\/#organization\",\"name\":\"Bellunopress\",\"url\":\"https:\\\/\\\/www.bellunopress.it\\\/\",\"logo\":{\"@type\":\"ImageObject\",\"inLanguage\":\"fr-FR\",\"@id\":\"https:\\\/\\\/www.bellunopress.it\\\/#\\\/schema\\\/logo\\\/image\\\/\",\"url\":\"https:\\\/\\\/www.bellunopress.it\\\/wp-content\\\/uploads\\\/2011\\\/05\\\/cropped-logo-bellunopress-.jpg\",\"contentUrl\":\"https:\\\/\\\/www.bellunopress.it\\\/wp-content\\\/uploads\\\/2011\\\/05\\\/cropped-logo-bellunopress-.jpg\",\"width\":512,\"height\":512,\"caption\":\"Bellunopress\"},\"image\":{\"@id\":\"https:\\\/\\\/www.bellunopress.it\\\/#\\\/schema\\\/logo\\\/image\\\/\"},\"sameAs\":[\"https:\\\/\\\/www.facebook.com\\\/profile.php?id=100008943462799\",\"https:\\\/\\\/x.com\\\/bellunopress\",\"https:\\\/\\\/www.linkedin.com\\\/hp\\\/?dnr=JBzUWaJfMUw8vbXJJ2tVW5-I3jZKvC4wsoxE&amp;amp;amp;amp;amp;amp;trk=nav_responsive_tab_home\",\"https:\\\/\\\/www.youtube.com\\\/channel\\\/UCxL0wu1uN0_3_7hGG0306cw\"]},{\"@type\":\"Person\",\"@id\":\"https:\\\/\\\/www.bellunopress.it\\\/#\\\/schema\\\/person\\\/79bb06722b37ece1c03d3e94beb30d73\",\"name\":\"redazione\",\"image\":{\"@type\":\"ImageObject\",\"inLanguage\":\"fr-FR\",\"@id\":\"https:\\\/\\\/secure.gravatar.com\\\/avatar\\\/37d968a2e67a6fd04c169c4bdef102d0bc5d31b2546345219e348575eb80e9a0?s=96&d=mm&r=g\",\"url\":\"https:\\\/\\\/secure.gravatar.com\\\/avatar\\\/37d968a2e67a6fd04c169c4bdef102d0bc5d31b2546345219e348575eb80e9a0?s=96&d=mm&r=g\",\"contentUrl\":\"https:\\\/\\\/secure.gravatar.com\\\/avatar\\\/37d968a2e67a6fd04c169c4bdef102d0bc5d31b2546345219e348575eb80e9a0?s=96&d=mm&r=g\",\"caption\":\"redazione\"},\"sameAs\":[\"http:\\\/\\\/www.bellunopress.it\",\"https:\\\/\\\/x.com\\\/bellunopress\"],\"url\":\"https:\\\/\\\/www.bellunopress.it\\\/fr\\\/author\\\/redazione\\\/\"}]}<\/script>\n<!-- \/ Yoast SEO plugin. -->","yoast_head_json":{"title":"VinoVip Cortina celebra la sua 15a edizione.\u00a0Il summit di Civilt\u00e0 del bere torna sulle Dolomiti il 12 e il 13 luglio - Bellunopress - Dolomiti","robots":{"index":"index","follow":"follow","max-snippet":"max-snippet:-1","max-image-preview":"max-image-preview:large","max-video-preview":"max-video-preview:-1"},"canonical":"https:\/\/www.bellunopress.it\/fr\/2026\/06\/17\/vinovip-cortina-celebra-la-sua-15a-edizione-il-summit-di-civilta-del-bere-torna-sulle-dolomiti-il-12-e-il-13-luglio\/","og_locale":"fr_FR","og_type":"article","og_title":"VinoVip Cortina celebra la sua 15a edizione.\u00a0Il summit di Civilt\u00e0 del bere torna sulle Dolomiti il 12 e il 13 luglio - Bellunopress - Dolomiti","og_description":"Ad aprire la 15\u00aa edizione sar\u00e0 il talk show con Piero Antinori, Sandro Boscaini, Angelo Gaja e Fausto Maculan In programma anche i focus su Prosecco Docg, le anime del Pinot e il Grand Tasting con 54 Cantine leader Cortina d&#8217;Ampezzo, giugno 2026 _ Quindici edizioni (l&#8217;anno prossimo si festeggiano i 30 anni) e un [&hellip;]","og_url":"https:\/\/www.bellunopress.it\/fr\/2026\/06\/17\/vinovip-cortina-celebra-la-sua-15a-edizione-il-summit-di-civilta-del-bere-torna-sulle-dolomiti-il-12-e-il-13-luglio\/","og_site_name":"Bellunopress - Dolomiti","article_publisher":"https:\/\/www.facebook.com\/profile.php?id=100008943462799","article_published_time":"2026-06-17T12:32:12+00:00","og_image":[{"width":500,"height":333,"url":"https:\/\/www.bellunopress.it\/wp-content\/uploads\/2026\/06\/vinovip-cortina.jpg","type":"image\/jpeg"}],"author":"redazione","twitter_card":"summary_large_image","twitter_creator":"@bellunopress","twitter_site":"@bellunopress","twitter_misc":{"Written by":"redazione","Est. reading time":"6 minutes"},"schema":{"@context":"https:\/\/schema.org","@graph":[{"@type":"Article","@id":"https:\/\/www.bellunopress.it\/2026\/06\/17\/vinovip-cortina-celebra-la-sua-15a-edizione-il-summit-di-civilta-del-bere-torna-sulle-dolomiti-il-12-e-il-13-luglio\/#article","isPartOf":{"@id":"https:\/\/www.bellunopress.it\/2026\/06\/17\/vinovip-cortina-celebra-la-sua-15a-edizione-il-summit-di-civilta-del-bere-torna-sulle-dolomiti-il-12-e-il-13-luglio\/"},"author":{"name":"redazione","@id":"https:\/\/www.bellunopress.it\/#\/schema\/person\/79bb06722b37ece1c03d3e94beb30d73"},"headline":"VinoVip Cortina celebra la sua 15a edizione.\u00a0Il summit di Civilt\u00e0 del bere torna sulle Dolomiti il 12 e il 13 luglio","datePublished":"2026-06-17T12:32:12+00:00","mainEntityOfPage":{"@id":"https:\/\/www.bellunopress.it\/2026\/06\/17\/vinovip-cortina-celebra-la-sua-15a-edizione-il-summit-di-civilta-del-bere-torna-sulle-dolomiti-il-12-e-il-13-luglio\/"},"wordCount":895,"publisher":{"@id":"https:\/\/www.bellunopress.it\/#organization"},"image":{"@id":"https:\/\/www.bellunopress.it\/2026\/06\/17\/vinovip-cortina-celebra-la-sua-15a-edizione-il-summit-di-civilta-del-bere-torna-sulle-dolomiti-il-12-e-il-13-luglio\/#primaryimage"},"thumbnailUrl":"https:\/\/www.bellunopress.it\/wp-content\/uploads\/2026\/06\/vinovip-cortina.jpg","articleSection":["Eventi enogastronomici","Pausa Caff\u00e8"],"inLanguage":"fr-FR"},{"@type":"WebPage","@id":"https:\/\/www.bellunopress.it\/2026\/06\/17\/vinovip-cortina-celebra-la-sua-15a-edizione-il-summit-di-civilta-del-bere-torna-sulle-dolomiti-il-12-e-il-13-luglio\/","url":"https:\/\/www.bellunopress.it\/2026\/06\/17\/vinovip-cortina-celebra-la-sua-15a-edizione-il-summit-di-civilta-del-bere-torna-sulle-dolomiti-il-12-e-il-13-luglio\/","name":"VinoVip Cortina celebra la sua 15a edizione.\u00a0Il summit di Civilt\u00e0 del bere torna sulle Dolomiti il 12 e il 13 luglio - Bellunopress - Dolomiti","isPartOf":{"@id":"https:\/\/www.bellunopress.it\/#website"},"primaryImageOfPage":{"@id":"https:\/\/www.bellunopress.it\/2026\/06\/17\/vinovip-cortina-celebra-la-sua-15a-edizione-il-summit-di-civilta-del-bere-torna-sulle-dolomiti-il-12-e-il-13-luglio\/#primaryimage"},"image":{"@id":"https:\/\/www.bellunopress.it\/2026\/06\/17\/vinovip-cortina-celebra-la-sua-15a-edizione-il-summit-di-civilta-del-bere-torna-sulle-dolomiti-il-12-e-il-13-luglio\/#primaryimage"},"thumbnailUrl":"https:\/\/www.bellunopress.it\/wp-content\/uploads\/2026\/06\/vinovip-cortina.jpg","datePublished":"2026-06-17T12:32:12+00:00","breadcrumb":{"@id":"https:\/\/www.bellunopress.it\/2026\/06\/17\/vinovip-cortina-celebra-la-sua-15a-edizione-il-summit-di-civilta-del-bere-torna-sulle-dolomiti-il-12-e-il-13-luglio\/#breadcrumb"},"inLanguage":"fr-FR","potentialAction":[{"@type":"ReadAction","target":["https:\/\/www.bellunopress.it\/2026\/06\/17\/vinovip-cortina-celebra-la-sua-15a-edizione-il-summit-di-civilta-del-bere-torna-sulle-dolomiti-il-12-e-il-13-luglio\/"]}]},{"@type":"ImageObject","inLanguage":"fr-FR","@id":"https:\/\/www.bellunopress.it\/2026\/06\/17\/vinovip-cortina-celebra-la-sua-15a-edizione-il-summit-di-civilta-del-bere-torna-sulle-dolomiti-il-12-e-il-13-luglio\/#primaryimage","url":"https:\/\/www.bellunopress.it\/wp-content\/uploads\/2026\/06\/vinovip-cortina.jpg","contentUrl":"https:\/\/www.bellunopress.it\/wp-content\/uploads\/2026\/06\/vinovip-cortina.jpg","width":500,"height":333},{"@type":"BreadcrumbList","@id":"https:\/\/www.bellunopress.it\/2026\/06\/17\/vinovip-cortina-celebra-la-sua-15a-edizione-il-summit-di-civilta-del-bere-torna-sulle-dolomiti-il-12-e-il-13-luglio\/#breadcrumb","itemListElement":[{"@type":"ListItem","position":1,"name":"Home","item":"https:\/\/www.bellunopress.it\/"},{"@type":"ListItem","position":2,"name":"VinoVip Cortina celebra la sua 15a edizione.\u00a0Il summit di Civilt\u00e0 del bere torna sulle Dolomiti il 12 e il 13 luglio"}]},{"@type":"WebSite","@id":"https:\/\/www.bellunopress.it\/#website","url":"https:\/\/www.bellunopress.it\/","name":"Bellunopress - Dolomiti","description":"e-mail: redazione@bellunopress.it","publisher":{"@id":"https:\/\/www.bellunopress.it\/#organization"},"potentialAction":[{"@type":"SearchAction","target":{"@type":"EntryPoint","urlTemplate":"https:\/\/www.bellunopress.it\/?s={search_term_string}"},"query-input":{"@type":"PropertyValueSpecification","valueRequired":true,"valueName":"search_term_string"}}],"inLanguage":"fr-FR"},{"@type":"Organization","@id":"https:\/\/www.bellunopress.it\/#organization","name":"Bellunopress","url":"https:\/\/www.bellunopress.it\/","logo":{"@type":"ImageObject","inLanguage":"fr-FR","@id":"https:\/\/www.bellunopress.it\/#\/schema\/logo\/image\/","url":"https:\/\/www.bellunopress.it\/wp-content\/uploads\/2011\/05\/cropped-logo-bellunopress-.jpg","contentUrl":"https:\/\/www.bellunopress.it\/wp-content\/uploads\/2011\/05\/cropped-logo-bellunopress-.jpg","width":512,"height":512,"caption":"Bellunopress"},"image":{"@id":"https:\/\/www.bellunopress.it\/#\/schema\/logo\/image\/"},"sameAs":["https:\/\/www.facebook.com\/profile.php?id=100008943462799","https:\/\/x.com\/bellunopress","https:\/\/www.linkedin.com\/hp\/?dnr=JBzUWaJfMUw8vbXJJ2tVW5-I3jZKvC4wsoxE&amp;amp;amp;amp;amp;amp;trk=nav_responsive_tab_home","https:\/\/www.youtube.com\/channel\/UCxL0wu1uN0_3_7hGG0306cw"]},{"@type":"Person","@id":"https:\/\/www.bellunopress.it\/#\/schema\/person\/79bb06722b37ece1c03d3e94beb30d73","name":"r\u00e9daction","image":{"@type":"ImageObject","inLanguage":"fr-FR","@id":"https:\/\/secure.gravatar.com\/avatar\/37d968a2e67a6fd04c169c4bdef102d0bc5d31b2546345219e348575eb80e9a0?s=96&d=mm&r=g","url":"https:\/\/secure.gravatar.com\/avatar\/37d968a2e67a6fd04c169c4bdef102d0bc5d31b2546345219e348575eb80e9a0?s=96&d=mm&r=g","contentUrl":"https:\/\/secure.gravatar.com\/avatar\/37d968a2e67a6fd04c169c4bdef102d0bc5d31b2546345219e348575eb80e9a0?s=96&d=mm&r=g","caption":"redazione"},"sameAs":["http:\/\/www.bellunopress.it","https:\/\/x.com\/bellunopress"],"url":"https:\/\/www.bellunopress.it\/fr\/author\/redazione\/"}]}},"_links":{"self":[{"href":"https:\/\/www.bellunopress.it\/fr\/wp-json\/wp\/v2\/posts\/171023","targetHints":{"allow":["GET"]}}],"collection":[{"href":"https:\/\/www.bellunopress.it\/fr\/wp-json\/wp\/v2\/posts"}],"about":[{"href":"https:\/\/www.bellunopress.it\/fr\/wp-json\/wp\/v2\/types\/post"}],"author":[{"embeddable":true,"href":"https:\/\/www.bellunopress.it\/fr\/wp-json\/wp\/v2\/users\/2"}],"replies":[{"embeddable":true,"href":"https:\/\/www.bellunopress.it\/fr\/wp-json\/wp\/v2\/comments?post=171023"}],"version-history":[{"count":1,"href":"https:\/\/www.bellunopress.it\/fr\/wp-json\/wp\/v2\/posts\/171023\/revisions"}],"predecessor-version":[{"id":171025,"href":"https:\/\/www.bellunopress.it\/fr\/wp-json\/wp\/v2\/posts\/171023\/revisions\/171025"}],"wp:featuredmedia":[{"embeddable":true,"href":"https:\/\/www.bellunopress.it\/fr\/wp-json\/wp\/v2\/media\/171024"}],"wp:attachment":[{"href":"https:\/\/www.bellunopress.it\/fr\/wp-json\/wp\/v2\/media?parent=171023"}],"wp:term":[{"taxonomy":"category","embeddable":true,"href":"https:\/\/www.bellunopress.it\/fr\/wp-json\/wp\/v2\/categories?post=171023"},{"taxonomy":"post_tag","embeddable":true,"href":"https:\/\/www.bellunopress.it\/fr\/wp-json\/wp\/v2\/tags?post=171023"}],"curies":[{"name":"wp","href":"https:\/\/api.w.org\/{rel}","templated":true}]}}