{"id":171017,"date":"2026-06-17T13:28:01","date_gmt":"2026-06-17T11:28:01","guid":{"rendered":"https:\/\/www.bellunopress.it\/?p=171017"},"modified":"2026-06-17T13:28:46","modified_gmt":"2026-06-17T11:28:46","slug":"riforma-elettorale-laffondo-di-sforzini-basta-nominati-il-parlamento-torni-a-scegliere-il-popolo","status":"publish","type":"post","link":"https:\/\/www.bellunopress.it\/fr\/2026\/06\/17\/riforma-elettorale-laffondo-di-sforzini-basta-nominati-il-parlamento-torni-a-scegliere-il-popolo\/","title":{"rendered":"Riforma elettorale, l\u2019affondo di Sforzini: basta nominati, il Parlamento torni ad essere scelto dal popolo"},"content":{"rendered":"<p data-path-to-node=\"3\"><b data-path-to-node=\"3\" data-index-in-node=\"0\">Il presidente del Centro Studi Rinascimento Nazionale lancia la sfida: \u201cProporzionale puro, preferenze e premier in scheda per fermare i burattinai di partito\u201d<\/b><\/p>\n<p data-path-to-node=\"4\">Tortona, 17\/06\/2026 &#8211; Un sistema elettorale che restituisca piena sovranit\u00e0 agli elettori, smantellando il meccanismo delle \u201cliste bloccate\u201d che ha trasformato le aule parlamentari nel feudo delle segreterie di partito. \u00c8 questa la richiesta che arriva dal Centro Studi Rinascimento Nazionale, think tank legato a Futuro Nazionale, per voce del suo presidente, Luca Sforzini.<\/p>\n<p data-path-to-node=\"5\">La proposta si muove su tre direttrici ben precise, presentate come la cura necessaria per guarire un Parlamento accusato di essere ormai distante dai cittadini: l\u2019adozione di un sistema proporzionale senza sbarramenti, il ritorno al voto di preferenza e l\u2019inserimento in scheda del candidato Premier.<\/p>\n<figure id=\"attachment_165487\" aria-describedby=\"caption-attachment-165487\" style=\"width: 800px\" class=\"wp-caption aligncenter\"><img loading=\"lazy\" decoding=\"async\" class=\"size-full wp-image-165487\" src=\"https:\/\/www.bellunopress.it\/wp-content\/uploads\/2025\/12\/Castello-Sforzini-Tortona.jpg\" alt=\"\" width=\"800\" height=\"600\" srcset=\"https:\/\/www.bellunopress.it\/wp-content\/uploads\/2025\/12\/Castello-Sforzini-Tortona.jpg 800w, https:\/\/www.bellunopress.it\/wp-content\/uploads\/2025\/12\/Castello-Sforzini-Tortona-500x375.jpg 500w, https:\/\/www.bellunopress.it\/wp-content\/uploads\/2025\/12\/Castello-Sforzini-Tortona-560x420.jpg 560w, https:\/\/www.bellunopress.it\/wp-content\/uploads\/2025\/12\/Castello-Sforzini-Tortona-80x60.jpg 80w, https:\/\/www.bellunopress.it\/wp-content\/uploads\/2025\/12\/Castello-Sforzini-Tortona-696x522.jpg 696w\" sizes=\"auto, (max-width: 800px) 100vw, 800px\" \/><figcaption id=\"caption-attachment-165487\" class=\"wp-caption-text\">Castello Sforzini &#8211; Tortona<\/figcaption><\/figure>\n<p data-path-to-node=\"7\">L\u2019attacco di Sforzini \u00e8 diretto e non usa giri di parole. Secondo il Presidente del Centro Studi, l\u2019attuale composizione del Parlamento \u00e8 il frutto di \u00abingegnerie elettorali\u00bb studiate a tavolino per sottrarre potere al corpo elettorale. \u00abIl Parlamento \u2013 sostiene Sforzini \u2013 deve somigliare al voto degli italiani, non ai calcoli delle segreterie\u00bb.<\/p>\n<p data-path-to-node=\"8\">Il cuore della critica risiede nella gestione delle candidature. Con l\u2019attuale sistema, molti parlamentari vengono definiti \u00abimpiegati della politica\u00bb o \u00abtelecomandati\u00bb, figure scelte dai vertici di partito \u2013 definiti senza mezzi termini \u00abburattinai\u00bb \u2013 pi\u00f9 che dalla libera espressione del voto popolare. \u00abLe liste bloccate hanno prodotto un Parlamento troppo spesso ridotto a luogo di nominati, fedeli alle segreterie pi\u00f9 che agli elettori\u00bb, ha dichiarato Sforzini.<\/p>\n<p data-path-to-node=\"10\">La ricetta proposta dal think tank, braccio destro dell&#8217;eurodeputato Vannacci, mira a un ritorno alle origini della rappresentanza:<\/p>\n<ul data-path-to-node=\"11\">\n<li>\n<p data-path-to-node=\"11,0,0\">Proporzionale senza sbarramento: per garantire che il Parlamento sia una vera fotografia delle forze politiche presenti nel Paese, senza esclusioni dettate da soglie artificiali.<\/p>\n<\/li>\n<li>\n<p data-path-to-node=\"11,1,0\">Preferenze: per permettere agli italiani di scegliere effettivamente il proprio rappresentante, eliminando i candidati \u00abcalati dall\u2019alto\u00bb.<\/p>\n<\/li>\n<li>\n<p data-path-to-node=\"11,2,0\">Indicazione del Premier in scheda: una mossa che mira a far sapere agli elettori, gi\u00e0 al momento del voto, quale governo viene proposto dalla coalizione o dalla forza politica. Una proposta che Sforzini tiene a precisare avvenga \u00abnel rispetto dell\u2019articolo 92 della Costituzione\u00bb, che mantiene salda la prerogativa di nomina in capo al Presidente della Repubblica, pur rendendo trasparente il mandato politico ricevuto dagli elettori.<\/p>\n<\/li>\n<\/ul>\n<p data-path-to-node=\"13\">La riflessione si chiude con un monito severo. Per il Centro Studi Rinascimento Nazionale, la democrazia italiana attraversa una crisi di legittimit\u00e0 che pu\u00f2 essere superata solo tagliando i legami tra le poltrone parlamentari e le dinamiche di apparato.<\/p>\n<p data-path-to-node=\"14\">\u00abBasta trucchi, basta liste bloccate\u00bb, conclude Sforzini, ribadendo che l\u2019obiettivo finale rimane quello di sottrarre la gestione del potere alle logiche delle \u00ablobby\u00bb per restituire il timone al popolo italiano. Una presa di posizione che si inserisce nel pi\u00f9 ampio dibattito sulle riforme istituzionali e che promette di riaccendere la discussione su come debbano essere scelti coloro che siedono tra i banchi di Montecitorio e Palazzo Madama.<\/p>","protected":false},"excerpt":{"rendered":"<p>Il presidente del Centro Studi Rinascimento Nazionale lancia la sfida: \u201cProporzionale puro, preferenze e premier in scheda per fermare i burattinai di partito\u201d Tortona, 17\/06\/2026 &#8211; Un sistema elettorale che restituisca piena sovranit\u00e0 agli elettori, smantellando il meccanismo delle \u201cliste bloccate\u201d che ha trasformato le aule parlamentari nel feudo delle segreterie di partito. \u00c8 questa [&hellip;]<\/p>\n","protected":false},"author":2,"featured_media":168486,"comment_status":"closed","ping_status":"open","sticky":false,"template":"","format":"standard","meta":{"footnotes":""},"categories":[5],"tags":[],"class_list":["post-171017","post","type-post","status-publish","format-standard","has-post-thumbnail","category-cronaca"],"yoast_head":"<!-- This site is optimized with the Yoast SEO plugin v28.4 - https:\/\/yoast.com\/product\/yoast-seo-wordpress\/ -->\n<title>Riforma elettorale, l\u2019affondo di Sforzini: basta nominati, il Parlamento torni ad essere scelto dal popolo - Bellunopress - Dolomiti<\/title>\n<meta name=\"robots\" content=\"index, follow, max-snippet:-1, max-image-preview:large, max-video-preview:-1\" \/>\n<link rel=\"canonical\" href=\"https:\/\/www.bellunopress.it\/fr\/2026\/06\/17\/riforma-elettorale-laffondo-di-sforzini-basta-nominati-il-parlamento-torni-a-scegliere-il-popolo\/\" \/>\n<meta property=\"og:locale\" content=\"fr_FR\" \/>\n<meta property=\"og:type\" content=\"article\" \/>\n<meta property=\"og:title\" content=\"Riforma elettorale, l\u2019affondo di Sforzini: basta nominati, il Parlamento torni ad essere scelto dal popolo - Bellunopress - Dolomiti\" \/>\n<meta property=\"og:description\" content=\"Il presidente del Centro Studi Rinascimento Nazionale lancia la sfida: \u201cProporzionale puro, preferenze e premier in scheda per fermare i burattinai di partito\u201d Tortona, 17\/06\/2026 &#8211; Un sistema elettorale che restituisca piena sovranit\u00e0 agli elettori, smantellando il meccanismo delle \u201cliste bloccate\u201d che ha trasformato le aule parlamentari nel feudo delle segreterie di partito. \u00c8 questa [&hellip;]\" \/>\n<meta property=\"og:url\" content=\"https:\/\/www.bellunopress.it\/fr\/2026\/06\/17\/riforma-elettorale-laffondo-di-sforzini-basta-nominati-il-parlamento-torni-a-scegliere-il-popolo\/\" \/>\n<meta property=\"og:site_name\" content=\"Bellunopress - Dolomiti\" \/>\n<meta property=\"article:publisher\" content=\"https:\/\/www.facebook.com\/profile.php?id=100008943462799\" \/>\n<meta property=\"article:published_time\" content=\"2026-06-17T11:28:01+00:00\" \/>\n<meta property=\"article:modified_time\" content=\"2026-06-17T11:28:46+00:00\" \/>\n<meta property=\"og:image\" content=\"https:\/\/www.bellunopress.it\/wp-content\/uploads\/2026\/03\/Luca-Sforzini.jpg\" \/>\n\t<meta property=\"og:image:width\" content=\"348\" \/>\n\t<meta property=\"og:image:height\" content=\"348\" \/>\n\t<meta property=\"og:image:type\" content=\"image\/jpeg\" \/>\n<meta name=\"author\" content=\"redazione\" \/>\n<meta name=\"twitter:card\" content=\"summary_large_image\" \/>\n<meta name=\"twitter:creator\" content=\"@bellunopress\" \/>\n<meta name=\"twitter:site\" content=\"@bellunopress\" \/>\n<meta name=\"twitter:label1\" content=\"\u00c9crit par\" \/>\n\t<meta name=\"twitter:data1\" content=\"redazione\" \/>\n\t<meta name=\"twitter:label2\" content=\"Dur\u00e9e de lecture estim\u00e9e\" \/>\n\t<meta name=\"twitter:data2\" content=\"3 minutes\" \/>\n<script type=\"application\/ld+json\" class=\"yoast-schema-graph\">{\"@context\":\"https:\\\/\\\/schema.org\",\"@graph\":[{\"@type\":\"Article\",\"@id\":\"https:\\\/\\\/www.bellunopress.it\\\/2026\\\/06\\\/17\\\/riforma-elettorale-laffondo-di-sforzini-basta-nominati-il-parlamento-torni-a-scegliere-il-popolo\\\/#article\",\"isPartOf\":{\"@id\":\"https:\\\/\\\/www.bellunopress.it\\\/2026\\\/06\\\/17\\\/riforma-elettorale-laffondo-di-sforzini-basta-nominati-il-parlamento-torni-a-scegliere-il-popolo\\\/\"},\"author\":{\"name\":\"redazione\",\"@id\":\"https:\\\/\\\/www.bellunopress.it\\\/#\\\/schema\\\/person\\\/79bb06722b37ece1c03d3e94beb30d73\"},\"headline\":\"Riforma elettorale, l\u2019affondo di Sforzini: basta nominati, il Parlamento torni ad essere scelto dal popolo\",\"datePublished\":\"2026-06-17T11:28:01+00:00\",\"dateModified\":\"2026-06-17T11:28:46+00:00\",\"mainEntityOfPage\":{\"@id\":\"https:\\\/\\\/www.bellunopress.it\\\/2026\\\/06\\\/17\\\/riforma-elettorale-laffondo-di-sforzini-basta-nominati-il-parlamento-torni-a-scegliere-il-popolo\\\/\"},\"wordCount\":497,\"publisher\":{\"@id\":\"https:\\\/\\\/www.bellunopress.it\\\/#organization\"},\"image\":{\"@id\":\"https:\\\/\\\/www.bellunopress.it\\\/2026\\\/06\\\/17\\\/riforma-elettorale-laffondo-di-sforzini-basta-nominati-il-parlamento-torni-a-scegliere-il-popolo\\\/#primaryimage\"},\"thumbnailUrl\":\"https:\\\/\\\/www.bellunopress.it\\\/wp-content\\\/uploads\\\/2026\\\/03\\\/Luca-Sforzini.jpg\",\"articleSection\":[\"Cronaca\\\/Politica\"],\"inLanguage\":\"fr-FR\"},{\"@type\":\"WebPage\",\"@id\":\"https:\\\/\\\/www.bellunopress.it\\\/2026\\\/06\\\/17\\\/riforma-elettorale-laffondo-di-sforzini-basta-nominati-il-parlamento-torni-a-scegliere-il-popolo\\\/\",\"url\":\"https:\\\/\\\/www.bellunopress.it\\\/2026\\\/06\\\/17\\\/riforma-elettorale-laffondo-di-sforzini-basta-nominati-il-parlamento-torni-a-scegliere-il-popolo\\\/\",\"name\":\"Riforma elettorale, l\u2019affondo di Sforzini: basta nominati, il Parlamento torni ad essere scelto dal popolo - Bellunopress - Dolomiti\",\"isPartOf\":{\"@id\":\"https:\\\/\\\/www.bellunopress.it\\\/#website\"},\"primaryImageOfPage\":{\"@id\":\"https:\\\/\\\/www.bellunopress.it\\\/2026\\\/06\\\/17\\\/riforma-elettorale-laffondo-di-sforzini-basta-nominati-il-parlamento-torni-a-scegliere-il-popolo\\\/#primaryimage\"},\"image\":{\"@id\":\"https:\\\/\\\/www.bellunopress.it\\\/2026\\\/06\\\/17\\\/riforma-elettorale-laffondo-di-sforzini-basta-nominati-il-parlamento-torni-a-scegliere-il-popolo\\\/#primaryimage\"},\"thumbnailUrl\":\"https:\\\/\\\/www.bellunopress.it\\\/wp-content\\\/uploads\\\/2026\\\/03\\\/Luca-Sforzini.jpg\",\"datePublished\":\"2026-06-17T11:28:01+00:00\",\"dateModified\":\"2026-06-17T11:28:46+00:00\",\"breadcrumb\":{\"@id\":\"https:\\\/\\\/www.bellunopress.it\\\/2026\\\/06\\\/17\\\/riforma-elettorale-laffondo-di-sforzini-basta-nominati-il-parlamento-torni-a-scegliere-il-popolo\\\/#breadcrumb\"},\"inLanguage\":\"fr-FR\",\"potentialAction\":[{\"@type\":\"ReadAction\",\"target\":[\"https:\\\/\\\/www.bellunopress.it\\\/2026\\\/06\\\/17\\\/riforma-elettorale-laffondo-di-sforzini-basta-nominati-il-parlamento-torni-a-scegliere-il-popolo\\\/\"]}]},{\"@type\":\"ImageObject\",\"inLanguage\":\"fr-FR\",\"@id\":\"https:\\\/\\\/www.bellunopress.it\\\/2026\\\/06\\\/17\\\/riforma-elettorale-laffondo-di-sforzini-basta-nominati-il-parlamento-torni-a-scegliere-il-popolo\\\/#primaryimage\",\"url\":\"https:\\\/\\\/www.bellunopress.it\\\/wp-content\\\/uploads\\\/2026\\\/03\\\/Luca-Sforzini.jpg\",\"contentUrl\":\"https:\\\/\\\/www.bellunopress.it\\\/wp-content\\\/uploads\\\/2026\\\/03\\\/Luca-Sforzini.jpg\",\"width\":348,\"height\":348,\"caption\":\"Luca Sforzini - Centro Studi Rinascimento Nazionale\"},{\"@type\":\"BreadcrumbList\",\"@id\":\"https:\\\/\\\/www.bellunopress.it\\\/2026\\\/06\\\/17\\\/riforma-elettorale-laffondo-di-sforzini-basta-nominati-il-parlamento-torni-a-scegliere-il-popolo\\\/#breadcrumb\",\"itemListElement\":[{\"@type\":\"ListItem\",\"position\":1,\"name\":\"Home\",\"item\":\"https:\\\/\\\/www.bellunopress.it\\\/\"},{\"@type\":\"ListItem\",\"position\":2,\"name\":\"Riforma elettorale, l\u2019affondo di Sforzini: basta nominati, il Parlamento torni ad essere scelto dal popolo\"}]},{\"@type\":\"WebSite\",\"@id\":\"https:\\\/\\\/www.bellunopress.it\\\/#website\",\"url\":\"https:\\\/\\\/www.bellunopress.it\\\/\",\"name\":\"Bellunopress - Dolomiti\",\"description\":\"e-mail: redazione@bellunopress.it\",\"publisher\":{\"@id\":\"https:\\\/\\\/www.bellunopress.it\\\/#organization\"},\"potentialAction\":[{\"@type\":\"SearchAction\",\"target\":{\"@type\":\"EntryPoint\",\"urlTemplate\":\"https:\\\/\\\/www.bellunopress.it\\\/?s={search_term_string}\"},\"query-input\":{\"@type\":\"PropertyValueSpecification\",\"valueRequired\":true,\"valueName\":\"search_term_string\"}}],\"inLanguage\":\"fr-FR\"},{\"@type\":\"Organization\",\"@id\":\"https:\\\/\\\/www.bellunopress.it\\\/#organization\",\"name\":\"Bellunopress\",\"url\":\"https:\\\/\\\/www.bellunopress.it\\\/\",\"logo\":{\"@type\":\"ImageObject\",\"inLanguage\":\"fr-FR\",\"@id\":\"https:\\\/\\\/www.bellunopress.it\\\/#\\\/schema\\\/logo\\\/image\\\/\",\"url\":\"https:\\\/\\\/www.bellunopress.it\\\/wp-content\\\/uploads\\\/2011\\\/05\\\/cropped-logo-bellunopress-.jpg\",\"contentUrl\":\"https:\\\/\\\/www.bellunopress.it\\\/wp-content\\\/uploads\\\/2011\\\/05\\\/cropped-logo-bellunopress-.jpg\",\"width\":512,\"height\":512,\"caption\":\"Bellunopress\"},\"image\":{\"@id\":\"https:\\\/\\\/www.bellunopress.it\\\/#\\\/schema\\\/logo\\\/image\\\/\"},\"sameAs\":[\"https:\\\/\\\/www.facebook.com\\\/profile.php?id=100008943462799\",\"https:\\\/\\\/x.com\\\/bellunopress\",\"https:\\\/\\\/www.linkedin.com\\\/hp\\\/?dnr=JBzUWaJfMUw8vbXJJ2tVW5-I3jZKvC4wsoxE&amp;amp;amp;amp;amp;amp;trk=nav_responsive_tab_home\",\"https:\\\/\\\/www.youtube.com\\\/channel\\\/UCxL0wu1uN0_3_7hGG0306cw\"]},{\"@type\":\"Person\",\"@id\":\"https:\\\/\\\/www.bellunopress.it\\\/#\\\/schema\\\/person\\\/79bb06722b37ece1c03d3e94beb30d73\",\"name\":\"redazione\",\"image\":{\"@type\":\"ImageObject\",\"inLanguage\":\"fr-FR\",\"@id\":\"https:\\\/\\\/secure.gravatar.com\\\/avatar\\\/37d968a2e67a6fd04c169c4bdef102d0bc5d31b2546345219e348575eb80e9a0?s=96&d=mm&r=g\",\"url\":\"https:\\\/\\\/secure.gravatar.com\\\/avatar\\\/37d968a2e67a6fd04c169c4bdef102d0bc5d31b2546345219e348575eb80e9a0?s=96&d=mm&r=g\",\"contentUrl\":\"https:\\\/\\\/secure.gravatar.com\\\/avatar\\\/37d968a2e67a6fd04c169c4bdef102d0bc5d31b2546345219e348575eb80e9a0?s=96&d=mm&r=g\",\"caption\":\"redazione\"},\"sameAs\":[\"http:\\\/\\\/www.bellunopress.it\",\"https:\\\/\\\/x.com\\\/bellunopress\"],\"url\":\"https:\\\/\\\/www.bellunopress.it\\\/fr\\\/author\\\/redazione\\\/\"}]}<\/script>\n<!-- \/ Yoast SEO plugin. -->","yoast_head_json":{"title":"Riforma elettorale, l\u2019affondo di Sforzini: basta nominati, il Parlamento torni ad essere scelto dal popolo - Bellunopress - Dolomiti","robots":{"index":"index","follow":"follow","max-snippet":"max-snippet:-1","max-image-preview":"max-image-preview:large","max-video-preview":"max-video-preview:-1"},"canonical":"https:\/\/www.bellunopress.it\/fr\/2026\/06\/17\/riforma-elettorale-laffondo-di-sforzini-basta-nominati-il-parlamento-torni-a-scegliere-il-popolo\/","og_locale":"fr_FR","og_type":"article","og_title":"Riforma elettorale, l\u2019affondo di Sforzini: basta nominati, il Parlamento torni ad essere scelto dal popolo - Bellunopress - Dolomiti","og_description":"Il presidente del Centro Studi Rinascimento Nazionale lancia la sfida: \u201cProporzionale puro, preferenze e premier in scheda per fermare i burattinai di partito\u201d Tortona, 17\/06\/2026 &#8211; Un sistema elettorale che restituisca piena sovranit\u00e0 agli elettori, smantellando il meccanismo delle \u201cliste bloccate\u201d che ha trasformato le aule parlamentari nel feudo delle segreterie di partito. \u00c8 questa [&hellip;]","og_url":"https:\/\/www.bellunopress.it\/fr\/2026\/06\/17\/riforma-elettorale-laffondo-di-sforzini-basta-nominati-il-parlamento-torni-a-scegliere-il-popolo\/","og_site_name":"Bellunopress - Dolomiti","article_publisher":"https:\/\/www.facebook.com\/profile.php?id=100008943462799","article_published_time":"2026-06-17T11:28:01+00:00","article_modified_time":"2026-06-17T11:28:46+00:00","og_image":[{"width":348,"height":348,"url":"https:\/\/www.bellunopress.it\/wp-content\/uploads\/2026\/03\/Luca-Sforzini.jpg","type":"image\/jpeg"}],"author":"redazione","twitter_card":"summary_large_image","twitter_creator":"@bellunopress","twitter_site":"@bellunopress","twitter_misc":{"\u00c9crit par":"redazione","Dur\u00e9e de lecture estim\u00e9e":"3 minutes"},"schema":{"@context":"https:\/\/schema.org","@graph":[{"@type":"Article","@id":"https:\/\/www.bellunopress.it\/2026\/06\/17\/riforma-elettorale-laffondo-di-sforzini-basta-nominati-il-parlamento-torni-a-scegliere-il-popolo\/#article","isPartOf":{"@id":"https:\/\/www.bellunopress.it\/2026\/06\/17\/riforma-elettorale-laffondo-di-sforzini-basta-nominati-il-parlamento-torni-a-scegliere-il-popolo\/"},"author":{"name":"redazione","@id":"https:\/\/www.bellunopress.it\/#\/schema\/person\/79bb06722b37ece1c03d3e94beb30d73"},"headline":"Riforma elettorale, l\u2019affondo di Sforzini: basta nominati, il Parlamento torni ad essere scelto dal popolo","datePublished":"2026-06-17T11:28:01+00:00","dateModified":"2026-06-17T11:28:46+00:00","mainEntityOfPage":{"@id":"https:\/\/www.bellunopress.it\/2026\/06\/17\/riforma-elettorale-laffondo-di-sforzini-basta-nominati-il-parlamento-torni-a-scegliere-il-popolo\/"},"wordCount":497,"publisher":{"@id":"https:\/\/www.bellunopress.it\/#organization"},"image":{"@id":"https:\/\/www.bellunopress.it\/2026\/06\/17\/riforma-elettorale-laffondo-di-sforzini-basta-nominati-il-parlamento-torni-a-scegliere-il-popolo\/#primaryimage"},"thumbnailUrl":"https:\/\/www.bellunopress.it\/wp-content\/uploads\/2026\/03\/Luca-Sforzini.jpg","articleSection":["Cronaca\/Politica"],"inLanguage":"fr-FR"},{"@type":"WebPage","@id":"https:\/\/www.bellunopress.it\/2026\/06\/17\/riforma-elettorale-laffondo-di-sforzini-basta-nominati-il-parlamento-torni-a-scegliere-il-popolo\/","url":"https:\/\/www.bellunopress.it\/2026\/06\/17\/riforma-elettorale-laffondo-di-sforzini-basta-nominati-il-parlamento-torni-a-scegliere-il-popolo\/","name":"Riforma elettorale, l\u2019affondo di Sforzini: basta nominati, il Parlamento torni ad essere scelto dal popolo - Bellunopress - Dolomiti","isPartOf":{"@id":"https:\/\/www.bellunopress.it\/#website"},"primaryImageOfPage":{"@id":"https:\/\/www.bellunopress.it\/2026\/06\/17\/riforma-elettorale-laffondo-di-sforzini-basta-nominati-il-parlamento-torni-a-scegliere-il-popolo\/#primaryimage"},"image":{"@id":"https:\/\/www.bellunopress.it\/2026\/06\/17\/riforma-elettorale-laffondo-di-sforzini-basta-nominati-il-parlamento-torni-a-scegliere-il-popolo\/#primaryimage"},"thumbnailUrl":"https:\/\/www.bellunopress.it\/wp-content\/uploads\/2026\/03\/Luca-Sforzini.jpg","datePublished":"2026-06-17T11:28:01+00:00","dateModified":"2026-06-17T11:28:46+00:00","breadcrumb":{"@id":"https:\/\/www.bellunopress.it\/2026\/06\/17\/riforma-elettorale-laffondo-di-sforzini-basta-nominati-il-parlamento-torni-a-scegliere-il-popolo\/#breadcrumb"},"inLanguage":"fr-FR","potentialAction":[{"@type":"ReadAction","target":["https:\/\/www.bellunopress.it\/2026\/06\/17\/riforma-elettorale-laffondo-di-sforzini-basta-nominati-il-parlamento-torni-a-scegliere-il-popolo\/"]}]},{"@type":"ImageObject","inLanguage":"fr-FR","@id":"https:\/\/www.bellunopress.it\/2026\/06\/17\/riforma-elettorale-laffondo-di-sforzini-basta-nominati-il-parlamento-torni-a-scegliere-il-popolo\/#primaryimage","url":"https:\/\/www.bellunopress.it\/wp-content\/uploads\/2026\/03\/Luca-Sforzini.jpg","contentUrl":"https:\/\/www.bellunopress.it\/wp-content\/uploads\/2026\/03\/Luca-Sforzini.jpg","width":348,"height":348,"caption":"Luca Sforzini - Centro Studi Rinascimento Nazionale"},{"@type":"BreadcrumbList","@id":"https:\/\/www.bellunopress.it\/2026\/06\/17\/riforma-elettorale-laffondo-di-sforzini-basta-nominati-il-parlamento-torni-a-scegliere-il-popolo\/#breadcrumb","itemListElement":[{"@type":"ListItem","position":1,"name":"Home","item":"https:\/\/www.bellunopress.it\/"},{"@type":"ListItem","position":2,"name":"Riforma elettorale, l\u2019affondo di Sforzini: basta nominati, il Parlamento torni ad essere scelto dal popolo"}]},{"@type":"WebSite","@id":"https:\/\/www.bellunopress.it\/#website","url":"https:\/\/www.bellunopress.it\/","name":"Bellunopress - Dolomiti","description":"e-mail: redazione@bellunopress.it","publisher":{"@id":"https:\/\/www.bellunopress.it\/#organization"},"potentialAction":[{"@type":"SearchAction","target":{"@type":"EntryPoint","urlTemplate":"https:\/\/www.bellunopress.it\/?s={search_term_string}"},"query-input":{"@type":"PropertyValueSpecification","valueRequired":true,"valueName":"search_term_string"}}],"inLanguage":"fr-FR"},{"@type":"Organization","@id":"https:\/\/www.bellunopress.it\/#organization","name":"Bellunopress","url":"https:\/\/www.bellunopress.it\/","logo":{"@type":"ImageObject","inLanguage":"fr-FR","@id":"https:\/\/www.bellunopress.it\/#\/schema\/logo\/image\/","url":"https:\/\/www.bellunopress.it\/wp-content\/uploads\/2011\/05\/cropped-logo-bellunopress-.jpg","contentUrl":"https:\/\/www.bellunopress.it\/wp-content\/uploads\/2011\/05\/cropped-logo-bellunopress-.jpg","width":512,"height":512,"caption":"Bellunopress"},"image":{"@id":"https:\/\/www.bellunopress.it\/#\/schema\/logo\/image\/"},"sameAs":["https:\/\/www.facebook.com\/profile.php?id=100008943462799","https:\/\/x.com\/bellunopress","https:\/\/www.linkedin.com\/hp\/?dnr=JBzUWaJfMUw8vbXJJ2tVW5-I3jZKvC4wsoxE&amp;amp;amp;amp;amp;amp;trk=nav_responsive_tab_home","https:\/\/www.youtube.com\/channel\/UCxL0wu1uN0_3_7hGG0306cw"]},{"@type":"Person","@id":"https:\/\/www.bellunopress.it\/#\/schema\/person\/79bb06722b37ece1c03d3e94beb30d73","name":"r\u00e9daction","image":{"@type":"ImageObject","inLanguage":"fr-FR","@id":"https:\/\/secure.gravatar.com\/avatar\/37d968a2e67a6fd04c169c4bdef102d0bc5d31b2546345219e348575eb80e9a0?s=96&d=mm&r=g","url":"https:\/\/secure.gravatar.com\/avatar\/37d968a2e67a6fd04c169c4bdef102d0bc5d31b2546345219e348575eb80e9a0?s=96&d=mm&r=g","contentUrl":"https:\/\/secure.gravatar.com\/avatar\/37d968a2e67a6fd04c169c4bdef102d0bc5d31b2546345219e348575eb80e9a0?s=96&d=mm&r=g","caption":"redazione"},"sameAs":["http:\/\/www.bellunopress.it","https:\/\/x.com\/bellunopress"],"url":"https:\/\/www.bellunopress.it\/fr\/author\/redazione\/"}]}},"_links":{"self":[{"href":"https:\/\/www.bellunopress.it\/fr\/wp-json\/wp\/v2\/posts\/171017","targetHints":{"allow":["GET"]}}],"collection":[{"href":"https:\/\/www.bellunopress.it\/fr\/wp-json\/wp\/v2\/posts"}],"about":[{"href":"https:\/\/www.bellunopress.it\/fr\/wp-json\/wp\/v2\/types\/post"}],"author":[{"embeddable":true,"href":"https:\/\/www.bellunopress.it\/fr\/wp-json\/wp\/v2\/users\/2"}],"replies":[{"embeddable":true,"href":"https:\/\/www.bellunopress.it\/fr\/wp-json\/wp\/v2\/comments?post=171017"}],"version-history":[{"count":2,"href":"https:\/\/www.bellunopress.it\/fr\/wp-json\/wp\/v2\/posts\/171017\/revisions"}],"predecessor-version":[{"id":171019,"href":"https:\/\/www.bellunopress.it\/fr\/wp-json\/wp\/v2\/posts\/171017\/revisions\/171019"}],"wp:featuredmedia":[{"embeddable":true,"href":"https:\/\/www.bellunopress.it\/fr\/wp-json\/wp\/v2\/media\/168486"}],"wp:attachment":[{"href":"https:\/\/www.bellunopress.it\/fr\/wp-json\/wp\/v2\/media?parent=171017"}],"wp:term":[{"taxonomy":"category","embeddable":true,"href":"https:\/\/www.bellunopress.it\/fr\/wp-json\/wp\/v2\/categories?post=171017"},{"taxonomy":"post_tag","embeddable":true,"href":"https:\/\/www.bellunopress.it\/fr\/wp-json\/wp\/v2\/tags?post=171017"}],"curies":[{"name":"wp","href":"https:\/\/api.w.org\/{rel}","templated":true}]}}