{"id":171014,"date":"2026-06-17T11:18:46","date_gmt":"2026-06-17T09:18:46","guid":{"rendered":"https:\/\/www.bellunopress.it\/?p=171014"},"modified":"2026-06-17T11:18:46","modified_gmt":"2026-06-17T09:18:46","slug":"welfare-aziendale-e-di-comunita-nel-bellunese-al-via-il-progetto-be-well-uno","status":"publish","type":"post","link":"https:\/\/www.bellunopress.it\/fr\/2026\/06\/17\/welfare-aziendale-e-di-comunita-nel-bellunese-al-via-il-progetto-be-well-uno\/","title":{"rendered":"Welfare aziendale e di comunit\u00e0 nel Bellunese: al via il progetto \u201cBE-WELL-UNO\u201d"},"content":{"rendered":"<p data-path-to-node=\"3\">Belluno, 17\/06\/2026 &#8211; Il welfare aziendale supera il concetto tradizionale di semplice pacchetto di benefit per diventare un motore strategico di sviluppo economico e coesione sociale. \u00c8 questa la visione alla base di \u201cBE-WELL-UNO \u2013 Belluno in rete per il welfare e il benessere\u201d, il nuovo progetto promosso dal Centro Consorzi che mira a creare una rete sinergica tra imprese, istituzioni, Terzo Settore e comunit\u00e0 locali.<\/p>\n<p data-path-to-node=\"4\">L\u2019iniziativa, realizzata nell\u2019ambito della DGR n. 1102\/2025 e finanziata dal PR Veneto FSE+ 2021-2027, punta a diffondere una cultura del benessere condiviso, superando la frammentazione degli interventi per generare valore diffuso su tutto il territorio bellunese.<\/p>\n<p data-path-to-node=\"6\">Cuore operativo del progetto \u00e8 il festival <b data-path-to-node=\"6\" data-index-in-node=\"43\">&#8220;<\/b>Welfare in Quota&#8221;, un ciclo di incontri partecipativi aperto a lavoratori, imprenditori, amministratori e cittadini. Dopo il successo dell&#8217;evento inaugurale, il percorso prosegue con un fitto calendario di appuntamenti:<\/p>\n<ul data-path-to-node=\"7\">\n<li>\n<p data-path-to-node=\"7,0,0\">24 e 25 giugno: Seminario <i data-path-to-node=\"7,0,0\" data-index-in-node=\"26\">\u201cComunit\u00e0 che cura: il ruolo dei cittadini nel welfare\u201d<\/i> (a Pieve di Cadore e Belluno). Si discuter\u00e0 di welfare di comunit\u00e0 e partecipazione attiva, con gli interventi di Sara Miante e Matteo Reolon.<\/p>\n<\/li>\n<li>\n<p data-path-to-node=\"7,1,0\">27 giugno: Focus group <i data-path-to-node=\"7,1,0\" data-index-in-node=\"23\">\u201cSfide e opportunit\u00e0 del welfare aziendale nei territori montani\u201d<\/i> (presso UrbanHub Belluno). L&#8217;incontro, condotto da Fabio Streliotto e Diego Cason, analizzer\u00e0 le specificit\u00e0 della montagna, inclusi i servizi di prossimit\u00e0 e l&#8217;attrattivit\u00e0 del territorio.<\/p>\n<\/li>\n<li>\n<p data-path-to-node=\"7,2,0\">4 luglio: Tavolo partecipativo <i data-path-to-node=\"7,2,0\" data-index-in-node=\"31\">\u201cBisogni e priorit\u00e0 dei cittadini lavoratori\u201d<\/i> (presso UrbanHub Belluno), con Mariam Aidi Guidara e Sabrina Stefanella.<\/p>\n<\/li>\n<li>\n<p data-path-to-node=\"7,3,0\">11 luglio: Workshop conclusivo <i data-path-to-node=\"7,3,0\" data-index-in-node=\"31\">\u201cBisogni del territorio: idee e proposte per affrontare le sfide sociali del welfare\u201d<\/i> (presso sala \u201cBianchi-Dal Pont\u201d di Belluno). Un laboratorio operativo per trasformare le istanze emerse in proposte concrete, guidato da Valentino Santoni e Sabrina Stefanella.<\/p>\n<\/li>\n<\/ul>\n<p data-path-to-node=\"9\">L&#8217;obiettivo, come spiega il direttore del Centro Consorzi Michele Talo, \u00e8 integrare i benefit aziendali in un sistema territoriale che coinvolga l&#8217;intero indotto locale, dai fornitori alle realt\u00e0 sociali, generando un indotto positivo per l&#8217;economia del Bellunese.<\/p>\n<p data-path-to-node=\"10\">Sebbene il Veneto sia tra le regioni leader per le pratiche di welfare (secondo il Welfare Index PMI), nella provincia di Belluno la consapevolezza su questo tema \u00e8 ancora limitata. Come sottolineato dal sociologo Diego Cason, il welfare aziendale rappresenta una leva fondamentale per affrontare sfide cruciali del territorio: la difficolt\u00e0 di reperire personale qualificato e la gestione del ricambio generazionale.<\/p>\n<p data-path-to-node=\"11\">L\u2019invito del Centro Consorzi \u00e8 quello di guardare oltre i comuni buoni pasto, esplorando ambiti come l&#8217;assistenza familiare, la formazione, la cultura e il supporto al tempo libero.<\/p>\n<p data-path-to-node=\"12\">\u00a0Gli incontri sono a ingresso libero, ma \u00e8 vivamente consigliata l\u2019iscrizione tramite la pagina dedicata sul sito del Centro Consorzi.<\/p>","protected":false},"excerpt":{"rendered":"<p>Belluno, 17\/06\/2026 &#8211; Il welfare aziendale supera il concetto tradizionale di semplice pacchetto di benefit per diventare un motore strategico di sviluppo economico e coesione sociale. \u00c8 questa la visione alla base di \u201cBE-WELL-UNO \u2013 Belluno in rete per il welfare e il benessere\u201d, il nuovo progetto promosso dal Centro Consorzi che mira a creare [&hellip;]<\/p>\n","protected":false},"author":2,"featured_media":171015,"comment_status":"closed","ping_status":"open","sticky":false,"template":"","format":"standard","meta":{"footnotes":""},"categories":[36],"tags":[],"class_list":["post-171014","post","type-post","status-publish","format-standard","has-post-thumbnail","category-lavoro-economia"],"yoast_head":"<!-- This site is optimized with the Yoast SEO plugin v28.4 - https:\/\/yoast.com\/product\/yoast-seo-wordpress\/ -->\n<title>Welfare aziendale e di comunit\u00e0 nel Bellunese: al via il progetto \u201cBE-WELL-UNO\u201d - Bellunopress - Dolomiti<\/title>\n<meta name=\"robots\" content=\"index, follow, max-snippet:-1, max-image-preview:large, max-video-preview:-1\" \/>\n<link rel=\"canonical\" href=\"https:\/\/www.bellunopress.it\/fr\/2026\/06\/17\/welfare-aziendale-e-di-comunita-nel-bellunese-al-via-il-progetto-be-well-uno\/\" \/>\n<meta property=\"og:locale\" content=\"fr_FR\" \/>\n<meta property=\"og:type\" content=\"article\" \/>\n<meta property=\"og:title\" content=\"Welfare aziendale e di comunit\u00e0 nel Bellunese: al via il progetto \u201cBE-WELL-UNO\u201d - Bellunopress - Dolomiti\" \/>\n<meta property=\"og:description\" content=\"Belluno, 17\/06\/2026 &#8211; Il welfare aziendale supera il concetto tradizionale di semplice pacchetto di benefit per diventare un motore strategico di sviluppo economico e coesione sociale. \u00c8 questa la visione alla base di \u201cBE-WELL-UNO \u2013 Belluno in rete per il welfare e il benessere\u201d, il nuovo progetto promosso dal Centro Consorzi che mira a creare [&hellip;]\" \/>\n<meta property=\"og:url\" content=\"https:\/\/www.bellunopress.it\/fr\/2026\/06\/17\/welfare-aziendale-e-di-comunita-nel-bellunese-al-via-il-progetto-be-well-uno\/\" \/>\n<meta property=\"og:site_name\" content=\"Bellunopress - Dolomiti\" \/>\n<meta property=\"article:publisher\" content=\"https:\/\/www.facebook.com\/profile.php?id=100008943462799\" \/>\n<meta property=\"article:published_time\" content=\"2026-06-17T09:18:46+00:00\" \/>\n<meta property=\"og:image\" content=\"https:\/\/www.bellunopress.it\/wp-content\/uploads\/2026\/06\/Promotori-e-organizzatori-progetto-BE-WELL-UNO-Centro-Consorzi.jpg\" \/>\n\t<meta property=\"og:image:width\" content=\"600\" \/>\n\t<meta property=\"og:image:height\" content=\"354\" \/>\n\t<meta property=\"og:image:type\" content=\"image\/jpeg\" \/>\n<meta name=\"author\" content=\"redazione\" \/>\n<meta name=\"twitter:card\" content=\"summary_large_image\" \/>\n<meta name=\"twitter:creator\" content=\"@bellunopress\" \/>\n<meta name=\"twitter:site\" content=\"@bellunopress\" \/>\n<meta name=\"twitter:label1\" content=\"\u00c9crit par\" \/>\n\t<meta name=\"twitter:data1\" content=\"redazione\" \/>\n\t<meta name=\"twitter:label2\" content=\"Dur\u00e9e de lecture estim\u00e9e\" \/>\n\t<meta name=\"twitter:data2\" content=\"3 minutes\" \/>\n<script type=\"application\/ld+json\" class=\"yoast-schema-graph\">{\"@context\":\"https:\\\/\\\/schema.org\",\"@graph\":[{\"@type\":\"Article\",\"@id\":\"https:\\\/\\\/www.bellunopress.it\\\/2026\\\/06\\\/17\\\/welfare-aziendale-e-di-comunita-nel-bellunese-al-via-il-progetto-be-well-uno\\\/#article\",\"isPartOf\":{\"@id\":\"https:\\\/\\\/www.bellunopress.it\\\/2026\\\/06\\\/17\\\/welfare-aziendale-e-di-comunita-nel-bellunese-al-via-il-progetto-be-well-uno\\\/\"},\"author\":{\"name\":\"redazione\",\"@id\":\"https:\\\/\\\/www.bellunopress.it\\\/#\\\/schema\\\/person\\\/79bb06722b37ece1c03d3e94beb30d73\"},\"headline\":\"Welfare aziendale e di comunit\u00e0 nel Bellunese: al via il progetto \u201cBE-WELL-UNO\u201d\",\"datePublished\":\"2026-06-17T09:18:46+00:00\",\"mainEntityOfPage\":{\"@id\":\"https:\\\/\\\/www.bellunopress.it\\\/2026\\\/06\\\/17\\\/welfare-aziendale-e-di-comunita-nel-bellunese-al-via-il-progetto-be-well-uno\\\/\"},\"wordCount\":430,\"publisher\":{\"@id\":\"https:\\\/\\\/www.bellunopress.it\\\/#organization\"},\"image\":{\"@id\":\"https:\\\/\\\/www.bellunopress.it\\\/2026\\\/06\\\/17\\\/welfare-aziendale-e-di-comunita-nel-bellunese-al-via-il-progetto-be-well-uno\\\/#primaryimage\"},\"thumbnailUrl\":\"https:\\\/\\\/www.bellunopress.it\\\/wp-content\\\/uploads\\\/2026\\\/06\\\/Promotori-e-organizzatori-progetto-BE-WELL-UNO-Centro-Consorzi.jpg\",\"articleSection\":[\"Lavoro, Economia, Turismo\"],\"inLanguage\":\"fr-FR\"},{\"@type\":\"WebPage\",\"@id\":\"https:\\\/\\\/www.bellunopress.it\\\/2026\\\/06\\\/17\\\/welfare-aziendale-e-di-comunita-nel-bellunese-al-via-il-progetto-be-well-uno\\\/\",\"url\":\"https:\\\/\\\/www.bellunopress.it\\\/2026\\\/06\\\/17\\\/welfare-aziendale-e-di-comunita-nel-bellunese-al-via-il-progetto-be-well-uno\\\/\",\"name\":\"Welfare aziendale e di comunit\u00e0 nel Bellunese: al via il progetto \u201cBE-WELL-UNO\u201d - Bellunopress - Dolomiti\",\"isPartOf\":{\"@id\":\"https:\\\/\\\/www.bellunopress.it\\\/#website\"},\"primaryImageOfPage\":{\"@id\":\"https:\\\/\\\/www.bellunopress.it\\\/2026\\\/06\\\/17\\\/welfare-aziendale-e-di-comunita-nel-bellunese-al-via-il-progetto-be-well-uno\\\/#primaryimage\"},\"image\":{\"@id\":\"https:\\\/\\\/www.bellunopress.it\\\/2026\\\/06\\\/17\\\/welfare-aziendale-e-di-comunita-nel-bellunese-al-via-il-progetto-be-well-uno\\\/#primaryimage\"},\"thumbnailUrl\":\"https:\\\/\\\/www.bellunopress.it\\\/wp-content\\\/uploads\\\/2026\\\/06\\\/Promotori-e-organizzatori-progetto-BE-WELL-UNO-Centro-Consorzi.jpg\",\"datePublished\":\"2026-06-17T09:18:46+00:00\",\"breadcrumb\":{\"@id\":\"https:\\\/\\\/www.bellunopress.it\\\/2026\\\/06\\\/17\\\/welfare-aziendale-e-di-comunita-nel-bellunese-al-via-il-progetto-be-well-uno\\\/#breadcrumb\"},\"inLanguage\":\"fr-FR\",\"potentialAction\":[{\"@type\":\"ReadAction\",\"target\":[\"https:\\\/\\\/www.bellunopress.it\\\/2026\\\/06\\\/17\\\/welfare-aziendale-e-di-comunita-nel-bellunese-al-via-il-progetto-be-well-uno\\\/\"]}]},{\"@type\":\"ImageObject\",\"inLanguage\":\"fr-FR\",\"@id\":\"https:\\\/\\\/www.bellunopress.it\\\/2026\\\/06\\\/17\\\/welfare-aziendale-e-di-comunita-nel-bellunese-al-via-il-progetto-be-well-uno\\\/#primaryimage\",\"url\":\"https:\\\/\\\/www.bellunopress.it\\\/wp-content\\\/uploads\\\/2026\\\/06\\\/Promotori-e-organizzatori-progetto-BE-WELL-UNO-Centro-Consorzi.jpg\",\"contentUrl\":\"https:\\\/\\\/www.bellunopress.it\\\/wp-content\\\/uploads\\\/2026\\\/06\\\/Promotori-e-organizzatori-progetto-BE-WELL-UNO-Centro-Consorzi.jpg\",\"width\":600,\"height\":354,\"caption\":\"Promotori e organizzatori del progetto BE-WELL-UNO del Centro Consorzi\"},{\"@type\":\"BreadcrumbList\",\"@id\":\"https:\\\/\\\/www.bellunopress.it\\\/2026\\\/06\\\/17\\\/welfare-aziendale-e-di-comunita-nel-bellunese-al-via-il-progetto-be-well-uno\\\/#breadcrumb\",\"itemListElement\":[{\"@type\":\"ListItem\",\"position\":1,\"name\":\"Home\",\"item\":\"https:\\\/\\\/www.bellunopress.it\\\/\"},{\"@type\":\"ListItem\",\"position\":2,\"name\":\"Welfare aziendale e di comunit\u00e0 nel Bellunese: al via il progetto \u201cBE-WELL-UNO\u201d\"}]},{\"@type\":\"WebSite\",\"@id\":\"https:\\\/\\\/www.bellunopress.it\\\/#website\",\"url\":\"https:\\\/\\\/www.bellunopress.it\\\/\",\"name\":\"Bellunopress - Dolomiti\",\"description\":\"e-mail: redazione@bellunopress.it\",\"publisher\":{\"@id\":\"https:\\\/\\\/www.bellunopress.it\\\/#organization\"},\"potentialAction\":[{\"@type\":\"SearchAction\",\"target\":{\"@type\":\"EntryPoint\",\"urlTemplate\":\"https:\\\/\\\/www.bellunopress.it\\\/?s={search_term_string}\"},\"query-input\":{\"@type\":\"PropertyValueSpecification\",\"valueRequired\":true,\"valueName\":\"search_term_string\"}}],\"inLanguage\":\"fr-FR\"},{\"@type\":\"Organization\",\"@id\":\"https:\\\/\\\/www.bellunopress.it\\\/#organization\",\"name\":\"Bellunopress\",\"url\":\"https:\\\/\\\/www.bellunopress.it\\\/\",\"logo\":{\"@type\":\"ImageObject\",\"inLanguage\":\"fr-FR\",\"@id\":\"https:\\\/\\\/www.bellunopress.it\\\/#\\\/schema\\\/logo\\\/image\\\/\",\"url\":\"https:\\\/\\\/www.bellunopress.it\\\/wp-content\\\/uploads\\\/2011\\\/05\\\/cropped-logo-bellunopress-.jpg\",\"contentUrl\":\"https:\\\/\\\/www.bellunopress.it\\\/wp-content\\\/uploads\\\/2011\\\/05\\\/cropped-logo-bellunopress-.jpg\",\"width\":512,\"height\":512,\"caption\":\"Bellunopress\"},\"image\":{\"@id\":\"https:\\\/\\\/www.bellunopress.it\\\/#\\\/schema\\\/logo\\\/image\\\/\"},\"sameAs\":[\"https:\\\/\\\/www.facebook.com\\\/profile.php?id=100008943462799\",\"https:\\\/\\\/x.com\\\/bellunopress\",\"https:\\\/\\\/www.linkedin.com\\\/hp\\\/?dnr=JBzUWaJfMUw8vbXJJ2tVW5-I3jZKvC4wsoxE&amp;amp;amp;amp;amp;amp;trk=nav_responsive_tab_home\",\"https:\\\/\\\/www.youtube.com\\\/channel\\\/UCxL0wu1uN0_3_7hGG0306cw\"]},{\"@type\":\"Person\",\"@id\":\"https:\\\/\\\/www.bellunopress.it\\\/#\\\/schema\\\/person\\\/79bb06722b37ece1c03d3e94beb30d73\",\"name\":\"redazione\",\"image\":{\"@type\":\"ImageObject\",\"inLanguage\":\"fr-FR\",\"@id\":\"https:\\\/\\\/secure.gravatar.com\\\/avatar\\\/37d968a2e67a6fd04c169c4bdef102d0bc5d31b2546345219e348575eb80e9a0?s=96&d=mm&r=g\",\"url\":\"https:\\\/\\\/secure.gravatar.com\\\/avatar\\\/37d968a2e67a6fd04c169c4bdef102d0bc5d31b2546345219e348575eb80e9a0?s=96&d=mm&r=g\",\"contentUrl\":\"https:\\\/\\\/secure.gravatar.com\\\/avatar\\\/37d968a2e67a6fd04c169c4bdef102d0bc5d31b2546345219e348575eb80e9a0?s=96&d=mm&r=g\",\"caption\":\"redazione\"},\"sameAs\":[\"http:\\\/\\\/www.bellunopress.it\",\"https:\\\/\\\/x.com\\\/bellunopress\"],\"url\":\"https:\\\/\\\/www.bellunopress.it\\\/fr\\\/author\\\/redazione\\\/\"}]}<\/script>\n<!-- \/ Yoast SEO plugin. -->","yoast_head_json":{"title":"Welfare aziendale e di comunit\u00e0 nel Bellunese: al via il progetto \u201cBE-WELL-UNO\u201d - Bellunopress - Dolomiti","robots":{"index":"index","follow":"follow","max-snippet":"max-snippet:-1","max-image-preview":"max-image-preview:large","max-video-preview":"max-video-preview:-1"},"canonical":"https:\/\/www.bellunopress.it\/fr\/2026\/06\/17\/welfare-aziendale-e-di-comunita-nel-bellunese-al-via-il-progetto-be-well-uno\/","og_locale":"fr_FR","og_type":"article","og_title":"Welfare aziendale e di comunit\u00e0 nel Bellunese: al via il progetto \u201cBE-WELL-UNO\u201d - Bellunopress - Dolomiti","og_description":"Belluno, 17\/06\/2026 &#8211; Il welfare aziendale supera il concetto tradizionale di semplice pacchetto di benefit per diventare un motore strategico di sviluppo economico e coesione sociale. \u00c8 questa la visione alla base di \u201cBE-WELL-UNO \u2013 Belluno in rete per il welfare e il benessere\u201d, il nuovo progetto promosso dal Centro Consorzi che mira a creare [&hellip;]","og_url":"https:\/\/www.bellunopress.it\/fr\/2026\/06\/17\/welfare-aziendale-e-di-comunita-nel-bellunese-al-via-il-progetto-be-well-uno\/","og_site_name":"Bellunopress - Dolomiti","article_publisher":"https:\/\/www.facebook.com\/profile.php?id=100008943462799","article_published_time":"2026-06-17T09:18:46+00:00","og_image":[{"width":600,"height":354,"url":"https:\/\/www.bellunopress.it\/wp-content\/uploads\/2026\/06\/Promotori-e-organizzatori-progetto-BE-WELL-UNO-Centro-Consorzi.jpg","type":"image\/jpeg"}],"author":"redazione","twitter_card":"summary_large_image","twitter_creator":"@bellunopress","twitter_site":"@bellunopress","twitter_misc":{"\u00c9crit par":"redazione","Dur\u00e9e de lecture estim\u00e9e":"3 minutes"},"schema":{"@context":"https:\/\/schema.org","@graph":[{"@type":"Article","@id":"https:\/\/www.bellunopress.it\/2026\/06\/17\/welfare-aziendale-e-di-comunita-nel-bellunese-al-via-il-progetto-be-well-uno\/#article","isPartOf":{"@id":"https:\/\/www.bellunopress.it\/2026\/06\/17\/welfare-aziendale-e-di-comunita-nel-bellunese-al-via-il-progetto-be-well-uno\/"},"author":{"name":"redazione","@id":"https:\/\/www.bellunopress.it\/#\/schema\/person\/79bb06722b37ece1c03d3e94beb30d73"},"headline":"Welfare aziendale e di comunit\u00e0 nel Bellunese: al via il progetto \u201cBE-WELL-UNO\u201d","datePublished":"2026-06-17T09:18:46+00:00","mainEntityOfPage":{"@id":"https:\/\/www.bellunopress.it\/2026\/06\/17\/welfare-aziendale-e-di-comunita-nel-bellunese-al-via-il-progetto-be-well-uno\/"},"wordCount":430,"publisher":{"@id":"https:\/\/www.bellunopress.it\/#organization"},"image":{"@id":"https:\/\/www.bellunopress.it\/2026\/06\/17\/welfare-aziendale-e-di-comunita-nel-bellunese-al-via-il-progetto-be-well-uno\/#primaryimage"},"thumbnailUrl":"https:\/\/www.bellunopress.it\/wp-content\/uploads\/2026\/06\/Promotori-e-organizzatori-progetto-BE-WELL-UNO-Centro-Consorzi.jpg","articleSection":["Lavoro, Economia, Turismo"],"inLanguage":"fr-FR"},{"@type":"WebPage","@id":"https:\/\/www.bellunopress.it\/2026\/06\/17\/welfare-aziendale-e-di-comunita-nel-bellunese-al-via-il-progetto-be-well-uno\/","url":"https:\/\/www.bellunopress.it\/2026\/06\/17\/welfare-aziendale-e-di-comunita-nel-bellunese-al-via-il-progetto-be-well-uno\/","name":"Welfare aziendale e di comunit\u00e0 nel Bellunese: al via il progetto \u201cBE-WELL-UNO\u201d - Bellunopress - Dolomiti","isPartOf":{"@id":"https:\/\/www.bellunopress.it\/#website"},"primaryImageOfPage":{"@id":"https:\/\/www.bellunopress.it\/2026\/06\/17\/welfare-aziendale-e-di-comunita-nel-bellunese-al-via-il-progetto-be-well-uno\/#primaryimage"},"image":{"@id":"https:\/\/www.bellunopress.it\/2026\/06\/17\/welfare-aziendale-e-di-comunita-nel-bellunese-al-via-il-progetto-be-well-uno\/#primaryimage"},"thumbnailUrl":"https:\/\/www.bellunopress.it\/wp-content\/uploads\/2026\/06\/Promotori-e-organizzatori-progetto-BE-WELL-UNO-Centro-Consorzi.jpg","datePublished":"2026-06-17T09:18:46+00:00","breadcrumb":{"@id":"https:\/\/www.bellunopress.it\/2026\/06\/17\/welfare-aziendale-e-di-comunita-nel-bellunese-al-via-il-progetto-be-well-uno\/#breadcrumb"},"inLanguage":"fr-FR","potentialAction":[{"@type":"ReadAction","target":["https:\/\/www.bellunopress.it\/2026\/06\/17\/welfare-aziendale-e-di-comunita-nel-bellunese-al-via-il-progetto-be-well-uno\/"]}]},{"@type":"ImageObject","inLanguage":"fr-FR","@id":"https:\/\/www.bellunopress.it\/2026\/06\/17\/welfare-aziendale-e-di-comunita-nel-bellunese-al-via-il-progetto-be-well-uno\/#primaryimage","url":"https:\/\/www.bellunopress.it\/wp-content\/uploads\/2026\/06\/Promotori-e-organizzatori-progetto-BE-WELL-UNO-Centro-Consorzi.jpg","contentUrl":"https:\/\/www.bellunopress.it\/wp-content\/uploads\/2026\/06\/Promotori-e-organizzatori-progetto-BE-WELL-UNO-Centro-Consorzi.jpg","width":600,"height":354,"caption":"Promotori e organizzatori del progetto BE-WELL-UNO del Centro Consorzi"},{"@type":"BreadcrumbList","@id":"https:\/\/www.bellunopress.it\/2026\/06\/17\/welfare-aziendale-e-di-comunita-nel-bellunese-al-via-il-progetto-be-well-uno\/#breadcrumb","itemListElement":[{"@type":"ListItem","position":1,"name":"Home","item":"https:\/\/www.bellunopress.it\/"},{"@type":"ListItem","position":2,"name":"Welfare aziendale e di comunit\u00e0 nel Bellunese: al via il progetto \u201cBE-WELL-UNO\u201d"}]},{"@type":"WebSite","@id":"https:\/\/www.bellunopress.it\/#website","url":"https:\/\/www.bellunopress.it\/","name":"Bellunopress - Dolomiti","description":"e-mail: redazione@bellunopress.it","publisher":{"@id":"https:\/\/www.bellunopress.it\/#organization"},"potentialAction":[{"@type":"SearchAction","target":{"@type":"EntryPoint","urlTemplate":"https:\/\/www.bellunopress.it\/?s={search_term_string}"},"query-input":{"@type":"PropertyValueSpecification","valueRequired":true,"valueName":"search_term_string"}}],"inLanguage":"fr-FR"},{"@type":"Organization","@id":"https:\/\/www.bellunopress.it\/#organization","name":"Bellunopress","url":"https:\/\/www.bellunopress.it\/","logo":{"@type":"ImageObject","inLanguage":"fr-FR","@id":"https:\/\/www.bellunopress.it\/#\/schema\/logo\/image\/","url":"https:\/\/www.bellunopress.it\/wp-content\/uploads\/2011\/05\/cropped-logo-bellunopress-.jpg","contentUrl":"https:\/\/www.bellunopress.it\/wp-content\/uploads\/2011\/05\/cropped-logo-bellunopress-.jpg","width":512,"height":512,"caption":"Bellunopress"},"image":{"@id":"https:\/\/www.bellunopress.it\/#\/schema\/logo\/image\/"},"sameAs":["https:\/\/www.facebook.com\/profile.php?id=100008943462799","https:\/\/x.com\/bellunopress","https:\/\/www.linkedin.com\/hp\/?dnr=JBzUWaJfMUw8vbXJJ2tVW5-I3jZKvC4wsoxE&amp;amp;amp;amp;amp;amp;trk=nav_responsive_tab_home","https:\/\/www.youtube.com\/channel\/UCxL0wu1uN0_3_7hGG0306cw"]},{"@type":"Person","@id":"https:\/\/www.bellunopress.it\/#\/schema\/person\/79bb06722b37ece1c03d3e94beb30d73","name":"r\u00e9daction","image":{"@type":"ImageObject","inLanguage":"fr-FR","@id":"https:\/\/secure.gravatar.com\/avatar\/37d968a2e67a6fd04c169c4bdef102d0bc5d31b2546345219e348575eb80e9a0?s=96&d=mm&r=g","url":"https:\/\/secure.gravatar.com\/avatar\/37d968a2e67a6fd04c169c4bdef102d0bc5d31b2546345219e348575eb80e9a0?s=96&d=mm&r=g","contentUrl":"https:\/\/secure.gravatar.com\/avatar\/37d968a2e67a6fd04c169c4bdef102d0bc5d31b2546345219e348575eb80e9a0?s=96&d=mm&r=g","caption":"redazione"},"sameAs":["http:\/\/www.bellunopress.it","https:\/\/x.com\/bellunopress"],"url":"https:\/\/www.bellunopress.it\/fr\/author\/redazione\/"}]}},"_links":{"self":[{"href":"https:\/\/www.bellunopress.it\/fr\/wp-json\/wp\/v2\/posts\/171014","targetHints":{"allow":["GET"]}}],"collection":[{"href":"https:\/\/www.bellunopress.it\/fr\/wp-json\/wp\/v2\/posts"}],"about":[{"href":"https:\/\/www.bellunopress.it\/fr\/wp-json\/wp\/v2\/types\/post"}],"author":[{"embeddable":true,"href":"https:\/\/www.bellunopress.it\/fr\/wp-json\/wp\/v2\/users\/2"}],"replies":[{"embeddable":true,"href":"https:\/\/www.bellunopress.it\/fr\/wp-json\/wp\/v2\/comments?post=171014"}],"version-history":[{"count":1,"href":"https:\/\/www.bellunopress.it\/fr\/wp-json\/wp\/v2\/posts\/171014\/revisions"}],"predecessor-version":[{"id":171016,"href":"https:\/\/www.bellunopress.it\/fr\/wp-json\/wp\/v2\/posts\/171014\/revisions\/171016"}],"wp:featuredmedia":[{"embeddable":true,"href":"https:\/\/www.bellunopress.it\/fr\/wp-json\/wp\/v2\/media\/171015"}],"wp:attachment":[{"href":"https:\/\/www.bellunopress.it\/fr\/wp-json\/wp\/v2\/media?parent=171014"}],"wp:term":[{"taxonomy":"category","embeddable":true,"href":"https:\/\/www.bellunopress.it\/fr\/wp-json\/wp\/v2\/categories?post=171014"},{"taxonomy":"post_tag","embeddable":true,"href":"https:\/\/www.bellunopress.it\/fr\/wp-json\/wp\/v2\/tags?post=171014"}],"curies":[{"name":"wp","href":"https:\/\/api.w.org\/{rel}","templated":true}]}}