{"id":171009,"date":"2026-06-17T10:04:07","date_gmt":"2026-06-17T08:04:07","guid":{"rendered":"https:\/\/www.bellunopress.it\/?p=171009"},"modified":"2026-06-17T10:04:07","modified_gmt":"2026-06-17T08:04:07","slug":"sedico-centri-estivi-2026-la-proposta-del-comune-per-la-comunita","status":"publish","type":"post","link":"https:\/\/www.bellunopress.it\/fr\/2026\/06\/17\/sedico-centri-estivi-2026-la-proposta-del-comune-per-la-comunita\/","title":{"rendered":"Sedico, centri estivi 2026. La proposta del Comune per la comunit\u00e0"},"content":{"rendered":"<p>Sedico, 17 giugno 2026 \u2013 L&#8217;Amministrazione Comunale di Sedico rinnova con forza il proprio impegno a sostegno delle famiglie e dei pi\u00f9 giovani per la stagione estiva 2026. Con una nuova proposta di deliberazione della Giunta Comunale, l&#8217;ente ha definito la quantificazione delle agevolazioni economiche destinate ad associazioni, parrocchie e realt\u00e0 del territorio per l&#8217;assegnazione e l&#8217;utilizzo gratuito di spazi, impianti e strutture di propriet\u00e0 comunale.\u00a0I centri estivi rappresentano da anni una risorsa fondamentale per la comunit\u00e0 di Sedico. Offrono a bambini e ragazzi preziose occasioni di aggregazione, animazione, sostegno didattico e impiego costruttivo del tempo libero, costituendo contemporaneamente un aiuto concreto e un pilastro di conciliazione tra tempi di vita e di lavoro per i genitori.<\/p>\n<p>&#8220;Il supporto alle attivit\u00e0 ludico-ricreative estive \u00e8 per noi una priorit\u00e0 consolidata. &#8211; dichiara il sindaco di Sedico Christian Roldo &#8211; Siamo consapevoli che l&#8217;organizzazione di questi servizi richieda spazi idonei e sicuri che spesso le associazioni non possiedono. Per questo motivo la collaborazione sinergica tra l&#8217;Amministrazione e il tessuto sociale locale fatto di associazioni, genitori e parrocchie, diventa la chiave per garantire un&#8217;offerta educativa e di svago di altissimo livello.&#8221;<\/p>\n<p>A seguito della conclusione dell&#8217;istruttoria del bando pubblico , l&#8217;Amministrazione ha concesso l&#8217;uso gratuito di diverse strutture comunali, facendosi carico del controvalore economico delle tariffe. Gli interventi e le relative agevolazioni deliberate sono cos\u00ec suddivisi:<\/p>\n<p>\u2022 Polisportiva Mondo Sport SSD: assegnazione della Palestra di Mas per una stima massima di 455 ore.<\/p>\n<p>\u2022 Associazione G. Conz: assegnazione di 2 locali e della palestrina della Scuola dell&#8217;Infanzia di Sedico per un totale stimato di 192,50 ore<\/p>\n<p>\u2022 Parrocchia di Santa Maria Annunziata di Sedico: assegnazione di 5 locali e della palestra della Scuola Secondaria di primo grado per un totale di 14 giorni.<\/p>\n<p>Tutte le realt\u00e0 assegnatarie provvederanno direttamente, a proprie spese, alle operazioni di pulizia e sanificazione dei locali occupati, a garanzia della massima tutela della salute dei partecipanti.<br \/>\nIn linea con la storica azione di supporto dell&#8217;ente e nel pieno rispetto del regolamento comunale vigente per la concessione di aiuti finanziari, l&#8217;azione del Comune non si fermer\u00e0 alla sola concessione degli spazi gratuiti. Seguir\u00e0 infatti la pubblicazione di un ulteriore e specifico bando pubblico finalizzato all&#8217;assegnazione di contributi economici diretti a favore dei soggetti gestori, volti a cofinanziare le spese vive di gestione delle attivit\u00e0. Questo successivo intervento mira ad alleggerire ulteriormente i costi organizzativi e, di conseguenza, a contenere le rette a carico delle famiglie di Sedico, garantendo la massima accessibilit\u00e0 ai servizi.<br \/>\nGrazie a questa rete collaborativa, il Comune di Sedico conferma la propria visione programmatico-sociale, valorizzando il lavoro delle associazioni locali e investendo concretamente sul benessere e sulla crescita delle nuove generazioni.<\/p>","protected":false},"excerpt":{"rendered":"<p>Sedico, 17 giugno 2026 \u2013 L&#8217;Amministrazione Comunale di Sedico rinnova con forza il proprio impegno a sostegno delle famiglie e dei pi\u00f9 giovani per la stagione estiva 2026. Con una nuova proposta di deliberazione della Giunta Comunale, l&#8217;ente ha definito la quantificazione delle agevolazioni economiche destinate ad associazioni, parrocchie e realt\u00e0 del territorio per l&#8217;assegnazione [&hellip;]<\/p>\n","protected":false},"author":2,"featured_media":169761,"comment_status":"closed","ping_status":"open","sticky":false,"template":"","format":"standard","meta":{"footnotes":""},"categories":[26,8],"tags":[],"class_list":["post-171009","post","type-post","status-publish","format-standard","has-post-thumbnail","category-prima-pagina","category-societa-istituzioni"],"yoast_head":"<!-- This site is optimized with the Yoast SEO plugin v28.4 - https:\/\/yoast.com\/product\/yoast-seo-wordpress\/ -->\n<title>Sedico, centri estivi 2026. La proposta del Comune per la comunit\u00e0 - Bellunopress - Dolomiti<\/title>\n<meta name=\"robots\" content=\"index, follow, max-snippet:-1, max-image-preview:large, max-video-preview:-1\" \/>\n<link rel=\"canonical\" href=\"https:\/\/www.bellunopress.it\/fr\/2026\/06\/17\/sedico-centri-estivi-2026-la-proposta-del-comune-per-la-comunita\/\" \/>\n<meta property=\"og:locale\" content=\"fr_FR\" \/>\n<meta property=\"og:type\" content=\"article\" \/>\n<meta property=\"og:title\" content=\"Sedico, centri estivi 2026. La proposta del Comune per la comunit\u00e0 - Bellunopress - Dolomiti\" \/>\n<meta property=\"og:description\" content=\"Sedico, 17 giugno 2026 \u2013 L&#8217;Amministrazione Comunale di Sedico rinnova con forza il proprio impegno a sostegno delle famiglie e dei pi\u00f9 giovani per la stagione estiva 2026. Con una nuova proposta di deliberazione della Giunta Comunale, l&#8217;ente ha definito la quantificazione delle agevolazioni economiche destinate ad associazioni, parrocchie e realt\u00e0 del territorio per l&#8217;assegnazione [&hellip;]\" \/>\n<meta property=\"og:url\" content=\"https:\/\/www.bellunopress.it\/fr\/2026\/06\/17\/sedico-centri-estivi-2026-la-proposta-del-comune-per-la-comunita\/\" \/>\n<meta property=\"og:site_name\" content=\"Bellunopress - Dolomiti\" \/>\n<meta property=\"article:publisher\" content=\"https:\/\/www.facebook.com\/profile.php?id=100008943462799\" \/>\n<meta property=\"article:published_time\" content=\"2026-06-17T08:04:07+00:00\" \/>\n<meta property=\"og:image\" content=\"https:\/\/www.bellunopress.it\/wp-content\/uploads\/2026\/05\/Christian-Roldo-sindaco-di-Sedico.jpg\" \/>\n\t<meta property=\"og:image:width\" content=\"500\" \/>\n\t<meta property=\"og:image:height\" content=\"382\" \/>\n\t<meta property=\"og:image:type\" content=\"image\/jpeg\" \/>\n<meta name=\"author\" content=\"redazione\" \/>\n<meta name=\"twitter:card\" content=\"summary_large_image\" \/>\n<meta name=\"twitter:creator\" content=\"@bellunopress\" \/>\n<meta name=\"twitter:site\" content=\"@bellunopress\" \/>\n<meta name=\"twitter:label1\" content=\"Written by\" \/>\n\t<meta name=\"twitter:data1\" content=\"redazione\" \/>\n\t<meta name=\"twitter:label2\" content=\"Est. reading time\" \/>\n\t<meta name=\"twitter:data2\" content=\"3 minutes\" \/>\n<script type=\"application\/ld+json\" class=\"yoast-schema-graph\">{\"@context\":\"https:\\\/\\\/schema.org\",\"@graph\":[{\"@type\":\"Article\",\"@id\":\"https:\\\/\\\/www.bellunopress.it\\\/2026\\\/06\\\/17\\\/sedico-centri-estivi-2026-la-proposta-del-comune-per-la-comunita\\\/#article\",\"isPartOf\":{\"@id\":\"https:\\\/\\\/www.bellunopress.it\\\/2026\\\/06\\\/17\\\/sedico-centri-estivi-2026-la-proposta-del-comune-per-la-comunita\\\/\"},\"author\":{\"name\":\"redazione\",\"@id\":\"https:\\\/\\\/www.bellunopress.it\\\/#\\\/schema\\\/person\\\/79bb06722b37ece1c03d3e94beb30d73\"},\"headline\":\"Sedico, centri estivi 2026. La proposta del Comune per la comunit\u00e0\",\"datePublished\":\"2026-06-17T08:04:07+00:00\",\"mainEntityOfPage\":{\"@id\":\"https:\\\/\\\/www.bellunopress.it\\\/2026\\\/06\\\/17\\\/sedico-centri-estivi-2026-la-proposta-del-comune-per-la-comunita\\\/\"},\"wordCount\":455,\"publisher\":{\"@id\":\"https:\\\/\\\/www.bellunopress.it\\\/#organization\"},\"image\":{\"@id\":\"https:\\\/\\\/www.bellunopress.it\\\/2026\\\/06\\\/17\\\/sedico-centri-estivi-2026-la-proposta-del-comune-per-la-comunita\\\/#primaryimage\"},\"thumbnailUrl\":\"https:\\\/\\\/www.bellunopress.it\\\/wp-content\\\/uploads\\\/2026\\\/05\\\/Christian-Roldo-sindaco-di-Sedico.jpg\",\"articleSection\":[\"Prima Pagina\",\"Societ\u00e0, Associazioni, Istituzioni\"],\"inLanguage\":\"fr-FR\"},{\"@type\":\"WebPage\",\"@id\":\"https:\\\/\\\/www.bellunopress.it\\\/2026\\\/06\\\/17\\\/sedico-centri-estivi-2026-la-proposta-del-comune-per-la-comunita\\\/\",\"url\":\"https:\\\/\\\/www.bellunopress.it\\\/2026\\\/06\\\/17\\\/sedico-centri-estivi-2026-la-proposta-del-comune-per-la-comunita\\\/\",\"name\":\"Sedico, centri estivi 2026. La proposta del Comune per la comunit\u00e0 - Bellunopress - Dolomiti\",\"isPartOf\":{\"@id\":\"https:\\\/\\\/www.bellunopress.it\\\/#website\"},\"primaryImageOfPage\":{\"@id\":\"https:\\\/\\\/www.bellunopress.it\\\/2026\\\/06\\\/17\\\/sedico-centri-estivi-2026-la-proposta-del-comune-per-la-comunita\\\/#primaryimage\"},\"image\":{\"@id\":\"https:\\\/\\\/www.bellunopress.it\\\/2026\\\/06\\\/17\\\/sedico-centri-estivi-2026-la-proposta-del-comune-per-la-comunita\\\/#primaryimage\"},\"thumbnailUrl\":\"https:\\\/\\\/www.bellunopress.it\\\/wp-content\\\/uploads\\\/2026\\\/05\\\/Christian-Roldo-sindaco-di-Sedico.jpg\",\"datePublished\":\"2026-06-17T08:04:07+00:00\",\"breadcrumb\":{\"@id\":\"https:\\\/\\\/www.bellunopress.it\\\/2026\\\/06\\\/17\\\/sedico-centri-estivi-2026-la-proposta-del-comune-per-la-comunita\\\/#breadcrumb\"},\"inLanguage\":\"fr-FR\",\"potentialAction\":[{\"@type\":\"ReadAction\",\"target\":[\"https:\\\/\\\/www.bellunopress.it\\\/2026\\\/06\\\/17\\\/sedico-centri-estivi-2026-la-proposta-del-comune-per-la-comunita\\\/\"]}]},{\"@type\":\"ImageObject\",\"inLanguage\":\"fr-FR\",\"@id\":\"https:\\\/\\\/www.bellunopress.it\\\/2026\\\/06\\\/17\\\/sedico-centri-estivi-2026-la-proposta-del-comune-per-la-comunita\\\/#primaryimage\",\"url\":\"https:\\\/\\\/www.bellunopress.it\\\/wp-content\\\/uploads\\\/2026\\\/05\\\/Christian-Roldo-sindaco-di-Sedico.jpg\",\"contentUrl\":\"https:\\\/\\\/www.bellunopress.it\\\/wp-content\\\/uploads\\\/2026\\\/05\\\/Christian-Roldo-sindaco-di-Sedico.jpg\",\"width\":500,\"height\":382,\"caption\":\"Christian Roldo - Sindaco di Sedico\"},{\"@type\":\"BreadcrumbList\",\"@id\":\"https:\\\/\\\/www.bellunopress.it\\\/2026\\\/06\\\/17\\\/sedico-centri-estivi-2026-la-proposta-del-comune-per-la-comunita\\\/#breadcrumb\",\"itemListElement\":[{\"@type\":\"ListItem\",\"position\":1,\"name\":\"Home\",\"item\":\"https:\\\/\\\/www.bellunopress.it\\\/\"},{\"@type\":\"ListItem\",\"position\":2,\"name\":\"Sedico, centri estivi 2026. La proposta del Comune per la comunit\u00e0\"}]},{\"@type\":\"WebSite\",\"@id\":\"https:\\\/\\\/www.bellunopress.it\\\/#website\",\"url\":\"https:\\\/\\\/www.bellunopress.it\\\/\",\"name\":\"Bellunopress - Dolomiti\",\"description\":\"e-mail: redazione@bellunopress.it\",\"publisher\":{\"@id\":\"https:\\\/\\\/www.bellunopress.it\\\/#organization\"},\"potentialAction\":[{\"@type\":\"SearchAction\",\"target\":{\"@type\":\"EntryPoint\",\"urlTemplate\":\"https:\\\/\\\/www.bellunopress.it\\\/?s={search_term_string}\"},\"query-input\":{\"@type\":\"PropertyValueSpecification\",\"valueRequired\":true,\"valueName\":\"search_term_string\"}}],\"inLanguage\":\"fr-FR\"},{\"@type\":\"Organization\",\"@id\":\"https:\\\/\\\/www.bellunopress.it\\\/#organization\",\"name\":\"Bellunopress\",\"url\":\"https:\\\/\\\/www.bellunopress.it\\\/\",\"logo\":{\"@type\":\"ImageObject\",\"inLanguage\":\"fr-FR\",\"@id\":\"https:\\\/\\\/www.bellunopress.it\\\/#\\\/schema\\\/logo\\\/image\\\/\",\"url\":\"https:\\\/\\\/www.bellunopress.it\\\/wp-content\\\/uploads\\\/2011\\\/05\\\/cropped-logo-bellunopress-.jpg\",\"contentUrl\":\"https:\\\/\\\/www.bellunopress.it\\\/wp-content\\\/uploads\\\/2011\\\/05\\\/cropped-logo-bellunopress-.jpg\",\"width\":512,\"height\":512,\"caption\":\"Bellunopress\"},\"image\":{\"@id\":\"https:\\\/\\\/www.bellunopress.it\\\/#\\\/schema\\\/logo\\\/image\\\/\"},\"sameAs\":[\"https:\\\/\\\/www.facebook.com\\\/profile.php?id=100008943462799\",\"https:\\\/\\\/x.com\\\/bellunopress\",\"https:\\\/\\\/www.linkedin.com\\\/hp\\\/?dnr=JBzUWaJfMUw8vbXJJ2tVW5-I3jZKvC4wsoxE&amp;amp;amp;amp;amp;amp;trk=nav_responsive_tab_home\",\"https:\\\/\\\/www.youtube.com\\\/channel\\\/UCxL0wu1uN0_3_7hGG0306cw\"]},{\"@type\":\"Person\",\"@id\":\"https:\\\/\\\/www.bellunopress.it\\\/#\\\/schema\\\/person\\\/79bb06722b37ece1c03d3e94beb30d73\",\"name\":\"redazione\",\"image\":{\"@type\":\"ImageObject\",\"inLanguage\":\"fr-FR\",\"@id\":\"https:\\\/\\\/secure.gravatar.com\\\/avatar\\\/37d968a2e67a6fd04c169c4bdef102d0bc5d31b2546345219e348575eb80e9a0?s=96&d=mm&r=g\",\"url\":\"https:\\\/\\\/secure.gravatar.com\\\/avatar\\\/37d968a2e67a6fd04c169c4bdef102d0bc5d31b2546345219e348575eb80e9a0?s=96&d=mm&r=g\",\"contentUrl\":\"https:\\\/\\\/secure.gravatar.com\\\/avatar\\\/37d968a2e67a6fd04c169c4bdef102d0bc5d31b2546345219e348575eb80e9a0?s=96&d=mm&r=g\",\"caption\":\"redazione\"},\"sameAs\":[\"http:\\\/\\\/www.bellunopress.it\",\"https:\\\/\\\/x.com\\\/bellunopress\"],\"url\":\"https:\\\/\\\/www.bellunopress.it\\\/fr\\\/author\\\/redazione\\\/\"}]}<\/script>\n<!-- \/ Yoast SEO plugin. -->","yoast_head_json":{"title":"Sedico, centri estivi 2026. La proposta del Comune per la comunit\u00e0 - Bellunopress - Dolomiti","robots":{"index":"index","follow":"follow","max-snippet":"max-snippet:-1","max-image-preview":"max-image-preview:large","max-video-preview":"max-video-preview:-1"},"canonical":"https:\/\/www.bellunopress.it\/fr\/2026\/06\/17\/sedico-centri-estivi-2026-la-proposta-del-comune-per-la-comunita\/","og_locale":"fr_FR","og_type":"article","og_title":"Sedico, centri estivi 2026. La proposta del Comune per la comunit\u00e0 - Bellunopress - Dolomiti","og_description":"Sedico, 17 giugno 2026 \u2013 L&#8217;Amministrazione Comunale di Sedico rinnova con forza il proprio impegno a sostegno delle famiglie e dei pi\u00f9 giovani per la stagione estiva 2026. Con una nuova proposta di deliberazione della Giunta Comunale, l&#8217;ente ha definito la quantificazione delle agevolazioni economiche destinate ad associazioni, parrocchie e realt\u00e0 del territorio per l&#8217;assegnazione [&hellip;]","og_url":"https:\/\/www.bellunopress.it\/fr\/2026\/06\/17\/sedico-centri-estivi-2026-la-proposta-del-comune-per-la-comunita\/","og_site_name":"Bellunopress - Dolomiti","article_publisher":"https:\/\/www.facebook.com\/profile.php?id=100008943462799","article_published_time":"2026-06-17T08:04:07+00:00","og_image":[{"width":500,"height":382,"url":"https:\/\/www.bellunopress.it\/wp-content\/uploads\/2026\/05\/Christian-Roldo-sindaco-di-Sedico.jpg","type":"image\/jpeg"}],"author":"redazione","twitter_card":"summary_large_image","twitter_creator":"@bellunopress","twitter_site":"@bellunopress","twitter_misc":{"Written by":"redazione","Est. reading time":"3 minutes"},"schema":{"@context":"https:\/\/schema.org","@graph":[{"@type":"Article","@id":"https:\/\/www.bellunopress.it\/2026\/06\/17\/sedico-centri-estivi-2026-la-proposta-del-comune-per-la-comunita\/#article","isPartOf":{"@id":"https:\/\/www.bellunopress.it\/2026\/06\/17\/sedico-centri-estivi-2026-la-proposta-del-comune-per-la-comunita\/"},"author":{"name":"redazione","@id":"https:\/\/www.bellunopress.it\/#\/schema\/person\/79bb06722b37ece1c03d3e94beb30d73"},"headline":"Sedico, centri estivi 2026. La proposta del Comune per la comunit\u00e0","datePublished":"2026-06-17T08:04:07+00:00","mainEntityOfPage":{"@id":"https:\/\/www.bellunopress.it\/2026\/06\/17\/sedico-centri-estivi-2026-la-proposta-del-comune-per-la-comunita\/"},"wordCount":455,"publisher":{"@id":"https:\/\/www.bellunopress.it\/#organization"},"image":{"@id":"https:\/\/www.bellunopress.it\/2026\/06\/17\/sedico-centri-estivi-2026-la-proposta-del-comune-per-la-comunita\/#primaryimage"},"thumbnailUrl":"https:\/\/www.bellunopress.it\/wp-content\/uploads\/2026\/05\/Christian-Roldo-sindaco-di-Sedico.jpg","articleSection":["Prima Pagina","Societ\u00e0, Associazioni, Istituzioni"],"inLanguage":"fr-FR"},{"@type":"WebPage","@id":"https:\/\/www.bellunopress.it\/2026\/06\/17\/sedico-centri-estivi-2026-la-proposta-del-comune-per-la-comunita\/","url":"https:\/\/www.bellunopress.it\/2026\/06\/17\/sedico-centri-estivi-2026-la-proposta-del-comune-per-la-comunita\/","name":"Sedico, centri estivi 2026. La proposta del Comune per la comunit\u00e0 - Bellunopress - Dolomiti","isPartOf":{"@id":"https:\/\/www.bellunopress.it\/#website"},"primaryImageOfPage":{"@id":"https:\/\/www.bellunopress.it\/2026\/06\/17\/sedico-centri-estivi-2026-la-proposta-del-comune-per-la-comunita\/#primaryimage"},"image":{"@id":"https:\/\/www.bellunopress.it\/2026\/06\/17\/sedico-centri-estivi-2026-la-proposta-del-comune-per-la-comunita\/#primaryimage"},"thumbnailUrl":"https:\/\/www.bellunopress.it\/wp-content\/uploads\/2026\/05\/Christian-Roldo-sindaco-di-Sedico.jpg","datePublished":"2026-06-17T08:04:07+00:00","breadcrumb":{"@id":"https:\/\/www.bellunopress.it\/2026\/06\/17\/sedico-centri-estivi-2026-la-proposta-del-comune-per-la-comunita\/#breadcrumb"},"inLanguage":"fr-FR","potentialAction":[{"@type":"ReadAction","target":["https:\/\/www.bellunopress.it\/2026\/06\/17\/sedico-centri-estivi-2026-la-proposta-del-comune-per-la-comunita\/"]}]},{"@type":"ImageObject","inLanguage":"fr-FR","@id":"https:\/\/www.bellunopress.it\/2026\/06\/17\/sedico-centri-estivi-2026-la-proposta-del-comune-per-la-comunita\/#primaryimage","url":"https:\/\/www.bellunopress.it\/wp-content\/uploads\/2026\/05\/Christian-Roldo-sindaco-di-Sedico.jpg","contentUrl":"https:\/\/www.bellunopress.it\/wp-content\/uploads\/2026\/05\/Christian-Roldo-sindaco-di-Sedico.jpg","width":500,"height":382,"caption":"Christian Roldo - Sindaco di Sedico"},{"@type":"BreadcrumbList","@id":"https:\/\/www.bellunopress.it\/2026\/06\/17\/sedico-centri-estivi-2026-la-proposta-del-comune-per-la-comunita\/#breadcrumb","itemListElement":[{"@type":"ListItem","position":1,"name":"Home","item":"https:\/\/www.bellunopress.it\/"},{"@type":"ListItem","position":2,"name":"Sedico, centri estivi 2026. La proposta del Comune per la comunit\u00e0"}]},{"@type":"WebSite","@id":"https:\/\/www.bellunopress.it\/#website","url":"https:\/\/www.bellunopress.it\/","name":"Bellunopress - Dolomiti","description":"e-mail: redazione@bellunopress.it","publisher":{"@id":"https:\/\/www.bellunopress.it\/#organization"},"potentialAction":[{"@type":"SearchAction","target":{"@type":"EntryPoint","urlTemplate":"https:\/\/www.bellunopress.it\/?s={search_term_string}"},"query-input":{"@type":"PropertyValueSpecification","valueRequired":true,"valueName":"search_term_string"}}],"inLanguage":"fr-FR"},{"@type":"Organization","@id":"https:\/\/www.bellunopress.it\/#organization","name":"Bellunopress","url":"https:\/\/www.bellunopress.it\/","logo":{"@type":"ImageObject","inLanguage":"fr-FR","@id":"https:\/\/www.bellunopress.it\/#\/schema\/logo\/image\/","url":"https:\/\/www.bellunopress.it\/wp-content\/uploads\/2011\/05\/cropped-logo-bellunopress-.jpg","contentUrl":"https:\/\/www.bellunopress.it\/wp-content\/uploads\/2011\/05\/cropped-logo-bellunopress-.jpg","width":512,"height":512,"caption":"Bellunopress"},"image":{"@id":"https:\/\/www.bellunopress.it\/#\/schema\/logo\/image\/"},"sameAs":["https:\/\/www.facebook.com\/profile.php?id=100008943462799","https:\/\/x.com\/bellunopress","https:\/\/www.linkedin.com\/hp\/?dnr=JBzUWaJfMUw8vbXJJ2tVW5-I3jZKvC4wsoxE&amp;amp;amp;amp;amp;amp;trk=nav_responsive_tab_home","https:\/\/www.youtube.com\/channel\/UCxL0wu1uN0_3_7hGG0306cw"]},{"@type":"Person","@id":"https:\/\/www.bellunopress.it\/#\/schema\/person\/79bb06722b37ece1c03d3e94beb30d73","name":"r\u00e9daction","image":{"@type":"ImageObject","inLanguage":"fr-FR","@id":"https:\/\/secure.gravatar.com\/avatar\/37d968a2e67a6fd04c169c4bdef102d0bc5d31b2546345219e348575eb80e9a0?s=96&d=mm&r=g","url":"https:\/\/secure.gravatar.com\/avatar\/37d968a2e67a6fd04c169c4bdef102d0bc5d31b2546345219e348575eb80e9a0?s=96&d=mm&r=g","contentUrl":"https:\/\/secure.gravatar.com\/avatar\/37d968a2e67a6fd04c169c4bdef102d0bc5d31b2546345219e348575eb80e9a0?s=96&d=mm&r=g","caption":"redazione"},"sameAs":["http:\/\/www.bellunopress.it","https:\/\/x.com\/bellunopress"],"url":"https:\/\/www.bellunopress.it\/fr\/author\/redazione\/"}]}},"_links":{"self":[{"href":"https:\/\/www.bellunopress.it\/fr\/wp-json\/wp\/v2\/posts\/171009","targetHints":{"allow":["GET"]}}],"collection":[{"href":"https:\/\/www.bellunopress.it\/fr\/wp-json\/wp\/v2\/posts"}],"about":[{"href":"https:\/\/www.bellunopress.it\/fr\/wp-json\/wp\/v2\/types\/post"}],"author":[{"embeddable":true,"href":"https:\/\/www.bellunopress.it\/fr\/wp-json\/wp\/v2\/users\/2"}],"replies":[{"embeddable":true,"href":"https:\/\/www.bellunopress.it\/fr\/wp-json\/wp\/v2\/comments?post=171009"}],"version-history":[{"count":1,"href":"https:\/\/www.bellunopress.it\/fr\/wp-json\/wp\/v2\/posts\/171009\/revisions"}],"predecessor-version":[{"id":171010,"href":"https:\/\/www.bellunopress.it\/fr\/wp-json\/wp\/v2\/posts\/171009\/revisions\/171010"}],"wp:featuredmedia":[{"embeddable":true,"href":"https:\/\/www.bellunopress.it\/fr\/wp-json\/wp\/v2\/media\/169761"}],"wp:attachment":[{"href":"https:\/\/www.bellunopress.it\/fr\/wp-json\/wp\/v2\/media?parent=171009"}],"wp:term":[{"taxonomy":"category","embeddable":true,"href":"https:\/\/www.bellunopress.it\/fr\/wp-json\/wp\/v2\/categories?post=171009"},{"taxonomy":"post_tag","embeddable":true,"href":"https:\/\/www.bellunopress.it\/fr\/wp-json\/wp\/v2\/tags?post=171009"}],"curies":[{"name":"wp","href":"https:\/\/api.w.org\/{rel}","templated":true}]}}