{"id":171006,"date":"2026-06-17T06:09:14","date_gmt":"2026-06-17T04:09:14","guid":{"rendered":"https:\/\/www.bellunopress.it\/?p=171006"},"modified":"2026-06-17T06:09:14","modified_gmt":"2026-06-17T04:09:14","slug":"a-busche-la-2a-edizione-di-sanita-incontri-due-giorni-di-confronto-tra-diritti-e-attualita","status":"publish","type":"post","link":"https:\/\/www.bellunopress.it\/fr\/2026\/06\/17\/a-busche-la-2a-edizione-di-sanita-incontri-due-giorni-di-confronto-tra-diritti-e-attualita\/","title":{"rendered":"A Busche la 2a edizione di &#8220;Sanit\u00e0 Incontri&#8221;: due giorni di confronto tra diritti e attualit\u00e0"},"content":{"rendered":"<p data-path-to-node=\"3\"><b data-path-to-node=\"3\" data-index-in-node=\"0\">Il Comitato Feltrino per il Diritto alla Salute torna a mobilitarsi dal 20 al 21 giugno nella suggestiva area verde della Pro Loco di Busche per analizzare lo stato del sistema sanitario, tra criticit\u00e0 locali e scenari internazionali.<\/b><\/p>\n<p data-path-to-node=\"4\">Cesiomaggiore, 17\/06\/2026 \u2013 &#8220;Normalizzazione&#8221;. \u00c8 questa la parola chiave scelta per la seconda edizione di Sanit\u00e0 Incontri, l\u2019evento promosso dal Comitato Feltrino per il Diritto alla Salute che si terr\u00e0 il 20 e 21 giugno nell&#8217;area verde della Pro Loco di Busche, a Cesiomaggiore.<\/p>\n<p data-path-to-node=\"5\">Dopo il successo dello scorso anno, il Comitato torna a proporre un momento di riflessione profonda, lontano dalle sterili polemiche e dalle promesse mancate, puntando invece al confronto tecnico, normativo e umano. L\u2019obiettivo \u00e8 chiaro: fare chiarezza su ci\u00f2 che sta accadendo alla sanit\u00e0 pubblica, sia a livello locale che globale.<\/p>\n<h3 data-path-to-node=\"6\">Tra geopolitica e sanit\u00e0: il caso palestinese<\/h3>\n<p data-path-to-node=\"7\">Il concetto di &#8220;normalizzazione&#8221; scelto dagli organizzatori fa riferimento a un presente dove il conflitto e la distruzione delle strutture sanitarie sembrano diventati accettabili. La giornata di apertura, sabato 20 giugno dalle 17.30, sar\u00e0 dedicata proprio a questo: Benedetto Calderone e Luca Cuzzato porteranno le loro testimonianze dirette dalla Cisgiordania e dalla <i data-path-to-node=\"7\" data-index-in-node=\"372\">Global Sumud Flotilla<\/i>. A loro si unir\u00e0 Khaled Al Zeer, rappresentante della Comunit\u00e0 palestinese del nord-est, per discutere di progetti di riabilitazione per i bambini di Gaza. A corredo, una mostra fotografica ricorder\u00e0 i medici e gli operatori sanitari prigionieri, colpevoli solo di aver prestato soccorso senza distinzioni.<\/p>\n<h3 data-path-to-node=\"8\">Il malessere della sanit\u00e0 bellunese<\/h3>\n<p data-path-to-node=\"9\">Domenica 21 giugno, il focus si sposter\u00e0 sulle sfide strutturali del Sistema Sanitario Nazionale e locale. Dalle ore 9.30, illustri relatori \u2014 tra cui il Consigliere Regionale Carlo Cunegato, i dottori Franco Toniolo e Ubaldo Scardellato, e la neo-segretaria provinciale della FIMMG, Diletta Dazzi \u2014 analizzeranno le criticit\u00e0 che i cittadini vivono quotidianamente: liste d\u2019attesa infinite, la carenza dei medici di base, l\u2019isolamento degli anziani e la crescente esternalizzazione dei servizi.<\/p>\n<p data-path-to-node=\"10\">Il Comitato punta il dito contro riforme &#8220;calate dall\u2019alto&#8221; che, anzich\u00e9 risolvere i problemi, rischiano di frammentare ulteriormente l\u2019assistenza, scaricando inefficienze su utenti e amministratori locali.<\/p>\n<h3 data-path-to-node=\"11\">Salute mentale, yoga e creativit\u00e0<\/h3>\n<p data-path-to-node=\"12\">Il programma riserva spazio anche al benessere e alla salute mentale. Si inizia domenica mattina alle 8.00 con una lezione di yoga, per proseguire alle 14.30 con un approfondimento sulla salute mentale nelle giovani generazioni, che vedr\u00e0 la partecipazione di Francesca Zanini, autrice de <i data-path-to-node=\"12\" data-index-in-node=\"289\">\u201cIl volo di Francesca\u201d<\/i>, e di Sara Rizzotti, presidentessa della Consulta provinciale degli studenti.<\/p>\n<p data-path-to-node=\"13\">La chiusura, prevista domenica alle 17.00, sar\u00e0 affidata al gruppo &#8220;Il Gabbiano&#8221; dell&#8217;AITsaM di Belluno. Per tutta la durata della &#8220;due giorni&#8221;, sar\u00e0 possibile visitare i banchetti informativi e le esposizioni artistiche dell&#8217;associazione <i data-path-to-node=\"13\" data-index-in-node=\"239\">Tuttincampo<\/i> e del giovane Kodio Adjei.<\/p>\n<h3 data-path-to-node=\"14\">Partecipazione libera<\/h3>\n<p data-path-to-node=\"15\">Tutti gli incontri sono aperti e gratuiti. Per chi desidera sostenere l\u2019attivit\u00e0 del Comitato \u2014 impegnato costantemente nello &#8220;Sportello diritto alle cure&#8221; \u2014 sar\u00e0 possibile prenotare il pranzo vegetariano di domenica 21 giugno contattando il numero 320 7661251 (Benedetto).<\/p>\n<p data-path-to-node=\"16\">Il Comitato Feltrino rinnova dunque l\u2019invito a tutta la cittadinanza: non solo per cercare sostegno, ma per costruire insieme, attraverso l\u2019informazione e il confronto, un argine concreto alla deriva dei servizi pubblici territoriali.<\/p>","protected":false},"excerpt":{"rendered":"<p>Il Comitato Feltrino per il Diritto alla Salute torna a mobilitarsi dal 20 al 21 giugno nella suggestiva area verde della Pro Loco di Busche per analizzare lo stato del sistema sanitario, tra criticit\u00e0 locali e scenari internazionali. Cesiomaggiore, 17\/06\/2026 \u2013 &#8220;Normalizzazione&#8221;. \u00c8 questa la parola chiave scelta per la seconda edizione di Sanit\u00e0 Incontri, [&hellip;]<\/p>\n","protected":false},"author":2,"featured_media":171007,"comment_status":"closed","ping_status":"open","sticky":false,"template":"","format":"standard","meta":{"footnotes":""},"categories":[27,17],"tags":[],"class_list":["post-171006","post","type-post","status-publish","format-standard","has-post-thumbnail","category-appuntamenti","category-sanita"],"yoast_head":"<!-- This site is optimized with the Yoast SEO plugin v28.4 - https:\/\/yoast.com\/product\/yoast-seo-wordpress\/ -->\n<title>A Busche la 2a edizione di &quot;Sanit\u00e0 Incontri&quot;: due giorni di confronto tra diritti e attualit\u00e0 - Bellunopress - Dolomiti<\/title>\n<meta name=\"robots\" content=\"index, follow, max-snippet:-1, max-image-preview:large, max-video-preview:-1\" \/>\n<link rel=\"canonical\" href=\"https:\/\/www.bellunopress.it\/fr\/2026\/06\/17\/a-busche-la-2a-edizione-di-sanita-incontri-due-giorni-di-confronto-tra-diritti-e-attualita\/\" \/>\n<meta property=\"og:locale\" content=\"fr_FR\" \/>\n<meta property=\"og:type\" content=\"article\" \/>\n<meta property=\"og:title\" content=\"A Busche la 2a edizione di &quot;Sanit\u00e0 Incontri&quot;: due giorni di confronto tra diritti e attualit\u00e0 - Bellunopress - Dolomiti\" \/>\n<meta property=\"og:description\" content=\"Il Comitato Feltrino per il Diritto alla Salute torna a mobilitarsi dal 20 al 21 giugno nella suggestiva area verde della Pro Loco di Busche per analizzare lo stato del sistema sanitario, tra criticit\u00e0 locali e scenari internazionali. Cesiomaggiore, 17\/06\/2026 \u2013 &#8220;Normalizzazione&#8221;. \u00c8 questa la parola chiave scelta per la seconda edizione di Sanit\u00e0 Incontri, [&hellip;]\" \/>\n<meta property=\"og:url\" content=\"https:\/\/www.bellunopress.it\/fr\/2026\/06\/17\/a-busche-la-2a-edizione-di-sanita-incontri-due-giorni-di-confronto-tra-diritti-e-attualita\/\" \/>\n<meta property=\"og:site_name\" content=\"Bellunopress - Dolomiti\" \/>\n<meta property=\"article:publisher\" content=\"https:\/\/www.facebook.com\/profile.php?id=100008943462799\" \/>\n<meta property=\"article:published_time\" content=\"2026-06-17T04:09:14+00:00\" \/>\n<meta property=\"og:image\" content=\"https:\/\/www.bellunopress.it\/wp-content\/uploads\/2026\/06\/Sanita-incontri-Cesiomaggiore.jpg\" \/>\n\t<meta property=\"og:image:width\" content=\"353\" \/>\n\t<meta property=\"og:image:height\" content=\"500\" \/>\n\t<meta property=\"og:image:type\" content=\"image\/jpeg\" \/>\n<meta name=\"author\" content=\"redazione\" \/>\n<meta name=\"twitter:card\" content=\"summary_large_image\" \/>\n<meta name=\"twitter:creator\" content=\"@bellunopress\" \/>\n<meta name=\"twitter:site\" content=\"@bellunopress\" \/>\n<meta name=\"twitter:label1\" content=\"\u00c9crit par\" \/>\n\t<meta name=\"twitter:data1\" content=\"redazione\" \/>\n\t<meta name=\"twitter:label2\" content=\"Dur\u00e9e de lecture estim\u00e9e\" \/>\n\t<meta name=\"twitter:data2\" content=\"3 minutes\" \/>\n<script type=\"application\/ld+json\" class=\"yoast-schema-graph\">{\"@context\":\"https:\\\/\\\/schema.org\",\"@graph\":[{\"@type\":\"Article\",\"@id\":\"https:\\\/\\\/www.bellunopress.it\\\/2026\\\/06\\\/17\\\/a-busche-la-2a-edizione-di-sanita-incontri-due-giorni-di-confronto-tra-diritti-e-attualita\\\/#article\",\"isPartOf\":{\"@id\":\"https:\\\/\\\/www.bellunopress.it\\\/2026\\\/06\\\/17\\\/a-busche-la-2a-edizione-di-sanita-incontri-due-giorni-di-confronto-tra-diritti-e-attualita\\\/\"},\"author\":{\"name\":\"redazione\",\"@id\":\"https:\\\/\\\/www.bellunopress.it\\\/#\\\/schema\\\/person\\\/79bb06722b37ece1c03d3e94beb30d73\"},\"headline\":\"A Busche la 2a edizione di &#8220;Sanit\u00e0 Incontri&#8221;: due giorni di confronto tra diritti e attualit\u00e0\",\"datePublished\":\"2026-06-17T04:09:14+00:00\",\"mainEntityOfPage\":{\"@id\":\"https:\\\/\\\/www.bellunopress.it\\\/2026\\\/06\\\/17\\\/a-busche-la-2a-edizione-di-sanita-incontri-due-giorni-di-confronto-tra-diritti-e-attualita\\\/\"},\"wordCount\":524,\"publisher\":{\"@id\":\"https:\\\/\\\/www.bellunopress.it\\\/#organization\"},\"image\":{\"@id\":\"https:\\\/\\\/www.bellunopress.it\\\/2026\\\/06\\\/17\\\/a-busche-la-2a-edizione-di-sanita-incontri-due-giorni-di-confronto-tra-diritti-e-attualita\\\/#primaryimage\"},\"thumbnailUrl\":\"https:\\\/\\\/www.bellunopress.it\\\/wp-content\\\/uploads\\\/2026\\\/06\\\/Sanita-incontri-Cesiomaggiore.jpg\",\"articleSection\":[\"Appuntamenti, Eventi\",\"Sanit\u00e0 Medicina\"],\"inLanguage\":\"fr-FR\"},{\"@type\":\"WebPage\",\"@id\":\"https:\\\/\\\/www.bellunopress.it\\\/2026\\\/06\\\/17\\\/a-busche-la-2a-edizione-di-sanita-incontri-due-giorni-di-confronto-tra-diritti-e-attualita\\\/\",\"url\":\"https:\\\/\\\/www.bellunopress.it\\\/2026\\\/06\\\/17\\\/a-busche-la-2a-edizione-di-sanita-incontri-due-giorni-di-confronto-tra-diritti-e-attualita\\\/\",\"name\":\"A Busche la 2a edizione di \\\"Sanit\u00e0 Incontri\\\": due giorni di confronto tra diritti e attualit\u00e0 - Bellunopress - Dolomiti\",\"isPartOf\":{\"@id\":\"https:\\\/\\\/www.bellunopress.it\\\/#website\"},\"primaryImageOfPage\":{\"@id\":\"https:\\\/\\\/www.bellunopress.it\\\/2026\\\/06\\\/17\\\/a-busche-la-2a-edizione-di-sanita-incontri-due-giorni-di-confronto-tra-diritti-e-attualita\\\/#primaryimage\"},\"image\":{\"@id\":\"https:\\\/\\\/www.bellunopress.it\\\/2026\\\/06\\\/17\\\/a-busche-la-2a-edizione-di-sanita-incontri-due-giorni-di-confronto-tra-diritti-e-attualita\\\/#primaryimage\"},\"thumbnailUrl\":\"https:\\\/\\\/www.bellunopress.it\\\/wp-content\\\/uploads\\\/2026\\\/06\\\/Sanita-incontri-Cesiomaggiore.jpg\",\"datePublished\":\"2026-06-17T04:09:14+00:00\",\"breadcrumb\":{\"@id\":\"https:\\\/\\\/www.bellunopress.it\\\/2026\\\/06\\\/17\\\/a-busche-la-2a-edizione-di-sanita-incontri-due-giorni-di-confronto-tra-diritti-e-attualita\\\/#breadcrumb\"},\"inLanguage\":\"fr-FR\",\"potentialAction\":[{\"@type\":\"ReadAction\",\"target\":[\"https:\\\/\\\/www.bellunopress.it\\\/2026\\\/06\\\/17\\\/a-busche-la-2a-edizione-di-sanita-incontri-due-giorni-di-confronto-tra-diritti-e-attualita\\\/\"]}]},{\"@type\":\"ImageObject\",\"inLanguage\":\"fr-FR\",\"@id\":\"https:\\\/\\\/www.bellunopress.it\\\/2026\\\/06\\\/17\\\/a-busche-la-2a-edizione-di-sanita-incontri-due-giorni-di-confronto-tra-diritti-e-attualita\\\/#primaryimage\",\"url\":\"https:\\\/\\\/www.bellunopress.it\\\/wp-content\\\/uploads\\\/2026\\\/06\\\/Sanita-incontri-Cesiomaggiore.jpg\",\"contentUrl\":\"https:\\\/\\\/www.bellunopress.it\\\/wp-content\\\/uploads\\\/2026\\\/06\\\/Sanita-incontri-Cesiomaggiore.jpg\",\"width\":353,\"height\":500},{\"@type\":\"BreadcrumbList\",\"@id\":\"https:\\\/\\\/www.bellunopress.it\\\/2026\\\/06\\\/17\\\/a-busche-la-2a-edizione-di-sanita-incontri-due-giorni-di-confronto-tra-diritti-e-attualita\\\/#breadcrumb\",\"itemListElement\":[{\"@type\":\"ListItem\",\"position\":1,\"name\":\"Home\",\"item\":\"https:\\\/\\\/www.bellunopress.it\\\/\"},{\"@type\":\"ListItem\",\"position\":2,\"name\":\"A Busche la 2a edizione di &#8220;Sanit\u00e0 Incontri&#8221;: due giorni di confronto tra diritti e attualit\u00e0\"}]},{\"@type\":\"WebSite\",\"@id\":\"https:\\\/\\\/www.bellunopress.it\\\/#website\",\"url\":\"https:\\\/\\\/www.bellunopress.it\\\/\",\"name\":\"Bellunopress - Dolomiti\",\"description\":\"e-mail: redazione@bellunopress.it\",\"publisher\":{\"@id\":\"https:\\\/\\\/www.bellunopress.it\\\/#organization\"},\"potentialAction\":[{\"@type\":\"SearchAction\",\"target\":{\"@type\":\"EntryPoint\",\"urlTemplate\":\"https:\\\/\\\/www.bellunopress.it\\\/?s={search_term_string}\"},\"query-input\":{\"@type\":\"PropertyValueSpecification\",\"valueRequired\":true,\"valueName\":\"search_term_string\"}}],\"inLanguage\":\"fr-FR\"},{\"@type\":\"Organization\",\"@id\":\"https:\\\/\\\/www.bellunopress.it\\\/#organization\",\"name\":\"Bellunopress\",\"url\":\"https:\\\/\\\/www.bellunopress.it\\\/\",\"logo\":{\"@type\":\"ImageObject\",\"inLanguage\":\"fr-FR\",\"@id\":\"https:\\\/\\\/www.bellunopress.it\\\/#\\\/schema\\\/logo\\\/image\\\/\",\"url\":\"https:\\\/\\\/www.bellunopress.it\\\/wp-content\\\/uploads\\\/2011\\\/05\\\/cropped-logo-bellunopress-.jpg\",\"contentUrl\":\"https:\\\/\\\/www.bellunopress.it\\\/wp-content\\\/uploads\\\/2011\\\/05\\\/cropped-logo-bellunopress-.jpg\",\"width\":512,\"height\":512,\"caption\":\"Bellunopress\"},\"image\":{\"@id\":\"https:\\\/\\\/www.bellunopress.it\\\/#\\\/schema\\\/logo\\\/image\\\/\"},\"sameAs\":[\"https:\\\/\\\/www.facebook.com\\\/profile.php?id=100008943462799\",\"https:\\\/\\\/x.com\\\/bellunopress\",\"https:\\\/\\\/www.linkedin.com\\\/hp\\\/?dnr=JBzUWaJfMUw8vbXJJ2tVW5-I3jZKvC4wsoxE&amp;amp;amp;amp;amp;amp;trk=nav_responsive_tab_home\",\"https:\\\/\\\/www.youtube.com\\\/channel\\\/UCxL0wu1uN0_3_7hGG0306cw\"]},{\"@type\":\"Person\",\"@id\":\"https:\\\/\\\/www.bellunopress.it\\\/#\\\/schema\\\/person\\\/79bb06722b37ece1c03d3e94beb30d73\",\"name\":\"redazione\",\"image\":{\"@type\":\"ImageObject\",\"inLanguage\":\"fr-FR\",\"@id\":\"https:\\\/\\\/secure.gravatar.com\\\/avatar\\\/37d968a2e67a6fd04c169c4bdef102d0bc5d31b2546345219e348575eb80e9a0?s=96&d=mm&r=g\",\"url\":\"https:\\\/\\\/secure.gravatar.com\\\/avatar\\\/37d968a2e67a6fd04c169c4bdef102d0bc5d31b2546345219e348575eb80e9a0?s=96&d=mm&r=g\",\"contentUrl\":\"https:\\\/\\\/secure.gravatar.com\\\/avatar\\\/37d968a2e67a6fd04c169c4bdef102d0bc5d31b2546345219e348575eb80e9a0?s=96&d=mm&r=g\",\"caption\":\"redazione\"},\"sameAs\":[\"http:\\\/\\\/www.bellunopress.it\",\"https:\\\/\\\/x.com\\\/bellunopress\"],\"url\":\"https:\\\/\\\/www.bellunopress.it\\\/fr\\\/author\\\/redazione\\\/\"}]}<\/script>\n<!-- \/ Yoast SEO plugin. -->","yoast_head_json":{"title":"A Busche la 2a edizione di \"Sanit\u00e0 Incontri\": due giorni di confronto tra diritti e attualit\u00e0 - Bellunopress - Dolomiti","robots":{"index":"index","follow":"follow","max-snippet":"max-snippet:-1","max-image-preview":"max-image-preview:large","max-video-preview":"max-video-preview:-1"},"canonical":"https:\/\/www.bellunopress.it\/fr\/2026\/06\/17\/a-busche-la-2a-edizione-di-sanita-incontri-due-giorni-di-confronto-tra-diritti-e-attualita\/","og_locale":"fr_FR","og_type":"article","og_title":"A Busche la 2a edizione di \"Sanit\u00e0 Incontri\": due giorni di confronto tra diritti e attualit\u00e0 - Bellunopress - Dolomiti","og_description":"Il Comitato Feltrino per il Diritto alla Salute torna a mobilitarsi dal 20 al 21 giugno nella suggestiva area verde della Pro Loco di Busche per analizzare lo stato del sistema sanitario, tra criticit\u00e0 locali e scenari internazionali. Cesiomaggiore, 17\/06\/2026 \u2013 &#8220;Normalizzazione&#8221;. \u00c8 questa la parola chiave scelta per la seconda edizione di Sanit\u00e0 Incontri, [&hellip;]","og_url":"https:\/\/www.bellunopress.it\/fr\/2026\/06\/17\/a-busche-la-2a-edizione-di-sanita-incontri-due-giorni-di-confronto-tra-diritti-e-attualita\/","og_site_name":"Bellunopress - Dolomiti","article_publisher":"https:\/\/www.facebook.com\/profile.php?id=100008943462799","article_published_time":"2026-06-17T04:09:14+00:00","og_image":[{"width":353,"height":500,"url":"https:\/\/www.bellunopress.it\/wp-content\/uploads\/2026\/06\/Sanita-incontri-Cesiomaggiore.jpg","type":"image\/jpeg"}],"author":"redazione","twitter_card":"summary_large_image","twitter_creator":"@bellunopress","twitter_site":"@bellunopress","twitter_misc":{"\u00c9crit par":"redazione","Dur\u00e9e de lecture estim\u00e9e":"3 minutes"},"schema":{"@context":"https:\/\/schema.org","@graph":[{"@type":"Article","@id":"https:\/\/www.bellunopress.it\/2026\/06\/17\/a-busche-la-2a-edizione-di-sanita-incontri-due-giorni-di-confronto-tra-diritti-e-attualita\/#article","isPartOf":{"@id":"https:\/\/www.bellunopress.it\/2026\/06\/17\/a-busche-la-2a-edizione-di-sanita-incontri-due-giorni-di-confronto-tra-diritti-e-attualita\/"},"author":{"name":"redazione","@id":"https:\/\/www.bellunopress.it\/#\/schema\/person\/79bb06722b37ece1c03d3e94beb30d73"},"headline":"A Busche la 2a edizione di &#8220;Sanit\u00e0 Incontri&#8221;: due giorni di confronto tra diritti e attualit\u00e0","datePublished":"2026-06-17T04:09:14+00:00","mainEntityOfPage":{"@id":"https:\/\/www.bellunopress.it\/2026\/06\/17\/a-busche-la-2a-edizione-di-sanita-incontri-due-giorni-di-confronto-tra-diritti-e-attualita\/"},"wordCount":524,"publisher":{"@id":"https:\/\/www.bellunopress.it\/#organization"},"image":{"@id":"https:\/\/www.bellunopress.it\/2026\/06\/17\/a-busche-la-2a-edizione-di-sanita-incontri-due-giorni-di-confronto-tra-diritti-e-attualita\/#primaryimage"},"thumbnailUrl":"https:\/\/www.bellunopress.it\/wp-content\/uploads\/2026\/06\/Sanita-incontri-Cesiomaggiore.jpg","articleSection":["Appuntamenti, Eventi","Sanit\u00e0 Medicina"],"inLanguage":"fr-FR"},{"@type":"WebPage","@id":"https:\/\/www.bellunopress.it\/2026\/06\/17\/a-busche-la-2a-edizione-di-sanita-incontri-due-giorni-di-confronto-tra-diritti-e-attualita\/","url":"https:\/\/www.bellunopress.it\/2026\/06\/17\/a-busche-la-2a-edizione-di-sanita-incontri-due-giorni-di-confronto-tra-diritti-e-attualita\/","name":"A Busche la 2a edizione di \"Sanit\u00e0 Incontri\": due giorni di confronto tra diritti e attualit\u00e0 - Bellunopress - Dolomiti","isPartOf":{"@id":"https:\/\/www.bellunopress.it\/#website"},"primaryImageOfPage":{"@id":"https:\/\/www.bellunopress.it\/2026\/06\/17\/a-busche-la-2a-edizione-di-sanita-incontri-due-giorni-di-confronto-tra-diritti-e-attualita\/#primaryimage"},"image":{"@id":"https:\/\/www.bellunopress.it\/2026\/06\/17\/a-busche-la-2a-edizione-di-sanita-incontri-due-giorni-di-confronto-tra-diritti-e-attualita\/#primaryimage"},"thumbnailUrl":"https:\/\/www.bellunopress.it\/wp-content\/uploads\/2026\/06\/Sanita-incontri-Cesiomaggiore.jpg","datePublished":"2026-06-17T04:09:14+00:00","breadcrumb":{"@id":"https:\/\/www.bellunopress.it\/2026\/06\/17\/a-busche-la-2a-edizione-di-sanita-incontri-due-giorni-di-confronto-tra-diritti-e-attualita\/#breadcrumb"},"inLanguage":"fr-FR","potentialAction":[{"@type":"ReadAction","target":["https:\/\/www.bellunopress.it\/2026\/06\/17\/a-busche-la-2a-edizione-di-sanita-incontri-due-giorni-di-confronto-tra-diritti-e-attualita\/"]}]},{"@type":"ImageObject","inLanguage":"fr-FR","@id":"https:\/\/www.bellunopress.it\/2026\/06\/17\/a-busche-la-2a-edizione-di-sanita-incontri-due-giorni-di-confronto-tra-diritti-e-attualita\/#primaryimage","url":"https:\/\/www.bellunopress.it\/wp-content\/uploads\/2026\/06\/Sanita-incontri-Cesiomaggiore.jpg","contentUrl":"https:\/\/www.bellunopress.it\/wp-content\/uploads\/2026\/06\/Sanita-incontri-Cesiomaggiore.jpg","width":353,"height":500},{"@type":"BreadcrumbList","@id":"https:\/\/www.bellunopress.it\/2026\/06\/17\/a-busche-la-2a-edizione-di-sanita-incontri-due-giorni-di-confronto-tra-diritti-e-attualita\/#breadcrumb","itemListElement":[{"@type":"ListItem","position":1,"name":"Home","item":"https:\/\/www.bellunopress.it\/"},{"@type":"ListItem","position":2,"name":"A Busche la 2a edizione di &#8220;Sanit\u00e0 Incontri&#8221;: due giorni di confronto tra diritti e attualit\u00e0"}]},{"@type":"WebSite","@id":"https:\/\/www.bellunopress.it\/#website","url":"https:\/\/www.bellunopress.it\/","name":"Bellunopress - Dolomiti","description":"e-mail: redazione@bellunopress.it","publisher":{"@id":"https:\/\/www.bellunopress.it\/#organization"},"potentialAction":[{"@type":"SearchAction","target":{"@type":"EntryPoint","urlTemplate":"https:\/\/www.bellunopress.it\/?s={search_term_string}"},"query-input":{"@type":"PropertyValueSpecification","valueRequired":true,"valueName":"search_term_string"}}],"inLanguage":"fr-FR"},{"@type":"Organization","@id":"https:\/\/www.bellunopress.it\/#organization","name":"Bellunopress","url":"https:\/\/www.bellunopress.it\/","logo":{"@type":"ImageObject","inLanguage":"fr-FR","@id":"https:\/\/www.bellunopress.it\/#\/schema\/logo\/image\/","url":"https:\/\/www.bellunopress.it\/wp-content\/uploads\/2011\/05\/cropped-logo-bellunopress-.jpg","contentUrl":"https:\/\/www.bellunopress.it\/wp-content\/uploads\/2011\/05\/cropped-logo-bellunopress-.jpg","width":512,"height":512,"caption":"Bellunopress"},"image":{"@id":"https:\/\/www.bellunopress.it\/#\/schema\/logo\/image\/"},"sameAs":["https:\/\/www.facebook.com\/profile.php?id=100008943462799","https:\/\/x.com\/bellunopress","https:\/\/www.linkedin.com\/hp\/?dnr=JBzUWaJfMUw8vbXJJ2tVW5-I3jZKvC4wsoxE&amp;amp;amp;amp;amp;amp;trk=nav_responsive_tab_home","https:\/\/www.youtube.com\/channel\/UCxL0wu1uN0_3_7hGG0306cw"]},{"@type":"Person","@id":"https:\/\/www.bellunopress.it\/#\/schema\/person\/79bb06722b37ece1c03d3e94beb30d73","name":"r\u00e9daction","image":{"@type":"ImageObject","inLanguage":"fr-FR","@id":"https:\/\/secure.gravatar.com\/avatar\/37d968a2e67a6fd04c169c4bdef102d0bc5d31b2546345219e348575eb80e9a0?s=96&d=mm&r=g","url":"https:\/\/secure.gravatar.com\/avatar\/37d968a2e67a6fd04c169c4bdef102d0bc5d31b2546345219e348575eb80e9a0?s=96&d=mm&r=g","contentUrl":"https:\/\/secure.gravatar.com\/avatar\/37d968a2e67a6fd04c169c4bdef102d0bc5d31b2546345219e348575eb80e9a0?s=96&d=mm&r=g","caption":"redazione"},"sameAs":["http:\/\/www.bellunopress.it","https:\/\/x.com\/bellunopress"],"url":"https:\/\/www.bellunopress.it\/fr\/author\/redazione\/"}]}},"_links":{"self":[{"href":"https:\/\/www.bellunopress.it\/fr\/wp-json\/wp\/v2\/posts\/171006","targetHints":{"allow":["GET"]}}],"collection":[{"href":"https:\/\/www.bellunopress.it\/fr\/wp-json\/wp\/v2\/posts"}],"about":[{"href":"https:\/\/www.bellunopress.it\/fr\/wp-json\/wp\/v2\/types\/post"}],"author":[{"embeddable":true,"href":"https:\/\/www.bellunopress.it\/fr\/wp-json\/wp\/v2\/users\/2"}],"replies":[{"embeddable":true,"href":"https:\/\/www.bellunopress.it\/fr\/wp-json\/wp\/v2\/comments?post=171006"}],"version-history":[{"count":1,"href":"https:\/\/www.bellunopress.it\/fr\/wp-json\/wp\/v2\/posts\/171006\/revisions"}],"predecessor-version":[{"id":171008,"href":"https:\/\/www.bellunopress.it\/fr\/wp-json\/wp\/v2\/posts\/171006\/revisions\/171008"}],"wp:featuredmedia":[{"embeddable":true,"href":"https:\/\/www.bellunopress.it\/fr\/wp-json\/wp\/v2\/media\/171007"}],"wp:attachment":[{"href":"https:\/\/www.bellunopress.it\/fr\/wp-json\/wp\/v2\/media?parent=171006"}],"wp:term":[{"taxonomy":"category","embeddable":true,"href":"https:\/\/www.bellunopress.it\/fr\/wp-json\/wp\/v2\/categories?post=171006"},{"taxonomy":"post_tag","embeddable":true,"href":"https:\/\/www.bellunopress.it\/fr\/wp-json\/wp\/v2\/tags?post=171006"}],"curies":[{"name":"wp","href":"https:\/\/api.w.org\/{rel}","templated":true}]}}