{"id":171003,"date":"2026-06-16T21:43:32","date_gmt":"2026-06-16T19:43:32","guid":{"rendered":"https:\/\/www.bellunopress.it\/?p=171003"},"modified":"2026-06-16T21:43:32","modified_gmt":"2026-06-16T19:43:32","slug":"giada-micheluzzi-il-talento-bellunese-vola-al-conservatorio-di-vicenza","status":"publish","type":"post","link":"https:\/\/www.bellunopress.it\/fr\/2026\/06\/16\/giada-micheluzzi-il-talento-bellunese-vola-al-conservatorio-di-vicenza\/","title":{"rendered":"Giada Micheluzzi: il talento bellunese vola al Conservatorio di Vicenza"},"content":{"rendered":"<p>Belluno, 16 giugno 2026 &#8211; Dalle prime melodie intonate con i nonni alle prestigiose aule del Conservatorio &#8220;Arrigo Pedrollo&#8221; di Vicenza: \u00e8 un percorso fatto di dedizione, sensibilit\u00e0 e rara musicalit\u00e0 quello di Giada Micheluzzi, 19enne bellunese che sta muovendo passi decisi verso il mondo del canto lirico.<\/p>\n<p><strong>Un talento sbocciato nel cuore di Belluno<\/strong><\/p>\n<p>La passione di Giada non nasce tra i banchi di scuola, ma in famiglia, dove il canto \u00e8 sempre stato un linguaggio naturale. \u00abCanto da quando sono nata \u2013 racconta \u2013. I miei nonni hanno sempre cantato e io ho iniziato proprio con loro e per loro\u00bb. Un talento naturale che non \u00e8 passato inosservato. E\u2019 stato il tenore bellunese Adriano Faustini a intuire le potenzialit\u00e0 della ragazzina, suggerendo ai genitori di farle intraprendere un percorso di studi serio.<\/p>\n<p>Il viaggio formativo \u00e8 proseguito poi al Liceo Statale &#8220;Renier&#8221; di Belluno, dove Giada ha perfezionato la tecnica sotto la guida della docente Roberta Majoni. \u00c8 proprio la professoressa Majoni a essere stata, per Giada, una guida fondamentale: \u00abHa creduto in me pi\u00f9 di quanto lo facessi io\u00bb, confessa la giovane artista.<\/p>\n<p><strong>Il trionfo al Concorso Citt\u00e0 di Belluno<\/strong><\/p>\n<p>Il talento di Giada si \u00e8 consolidato con il tempo, portandola a brillare in contesti competitivi. Un anno fa, la partecipazione al Concorso &#8220;Citt\u00e0 di Belluno&#8221; nella sezione Licei Musicali si \u00e8 trasformata in un successo: ha conquistato il primo premio assoluto, impreziosito da una menzione di merito per la spiccata musicalit\u00e0 e la profondit\u00e0 dell&#8217;interpretazione.<\/p>\n<p>Pi\u00f9 recentemente, lo scorso dicembre, si \u00e8 fatta notare in Prefettura, dove ha incantato il pubblico proponendo tre celebri ariette di Vincenzo Bellini: <em>Vaga luna che inargenti<\/em>, <em>Malinconia ninfa gentile<\/em> e <em>Bella nice che d&#8217;amore<\/em>.<\/p>\n<p><strong>Verso il futuro: obiettivo emozionare<\/strong><\/p>\n<p>Il culmine di questo primo capitolo di studi \u00e8 arrivato lo scorso maggio, con il brillante superamento dell&#8217;esame di ammissione al Conservatorio di Vicenza, dove Giada si \u00e8 classificata prima nella sua categoria.<\/p>\n<p>Nonostante i successi, Giada conserva un approccio umile e autentico alla musica. \u00abNon punto alla perfezione n\u00e9 desidero stare al centro dell&#8217;attenzione \u2013 spiega \u2013. Quello che conta per me \u00e8 arrivare alle persone, vedere che si emozionano. Il mio obiettivo \u00e8 trasmettere loro la passione che provo quando canto\u00bb.<\/p>\n<p>Con questo spirito, la giovane promessa bellunese si prepara ora ad affrontare le sfide del percorso accademico, pronta a trasformare quella passione coltivata tra le mura di casa in una carriera artistica capace di regalare profonde emozioni.<\/p>","protected":false},"excerpt":{"rendered":"<p>Belluno, 16 giugno 2026 &#8211; Dalle prime melodie intonate con i nonni alle prestigiose aule del Conservatorio &#8220;Arrigo Pedrollo&#8221; di Vicenza: \u00e8 un percorso fatto di dedizione, sensibilit\u00e0 e rara musicalit\u00e0 quello di Giada Micheluzzi, 19enne bellunese che sta muovendo passi decisi verso il mondo del canto lirico. Un talento sbocciato nel cuore di Belluno [&hellip;]<\/p>\n","protected":false},"author":2,"featured_media":171004,"comment_status":"closed","ping_status":"open","sticky":false,"template":"","format":"standard","meta":{"footnotes":""},"categories":[3,25,8],"tags":[],"class_list":["post-171003","post","type-post","status-publish","format-standard","has-post-thumbnail","category-arte-cultura-spettacoli-scienza-archivi","category-pausa-caffe","category-societa-istituzioni"],"yoast_head":"<!-- This site is optimized with the Yoast SEO plugin v28.4 - https:\/\/yoast.com\/product\/yoast-seo-wordpress\/ -->\n<title>Giada Micheluzzi: il talento bellunese vola al Conservatorio di Vicenza - Bellunopress - Dolomiti<\/title>\n<meta name=\"robots\" content=\"index, follow, max-snippet:-1, max-image-preview:large, max-video-preview:-1\" \/>\n<link rel=\"canonical\" href=\"https:\/\/www.bellunopress.it\/fr\/2026\/06\/16\/giada-micheluzzi-il-talento-bellunese-vola-al-conservatorio-di-vicenza\/\" \/>\n<meta property=\"og:locale\" content=\"fr_FR\" \/>\n<meta property=\"og:type\" content=\"article\" \/>\n<meta property=\"og:title\" content=\"Giada Micheluzzi: il talento bellunese vola al Conservatorio di Vicenza - Bellunopress - Dolomiti\" \/>\n<meta property=\"og:description\" content=\"Belluno, 16 giugno 2026 &#8211; Dalle prime melodie intonate con i nonni alle prestigiose aule del Conservatorio &#8220;Arrigo Pedrollo&#8221; di Vicenza: \u00e8 un percorso fatto di dedizione, sensibilit\u00e0 e rara musicalit\u00e0 quello di Giada Micheluzzi, 19enne bellunese che sta muovendo passi decisi verso il mondo del canto lirico. Un talento sbocciato nel cuore di Belluno [&hellip;]\" \/>\n<meta property=\"og:url\" content=\"https:\/\/www.bellunopress.it\/fr\/2026\/06\/16\/giada-micheluzzi-il-talento-bellunese-vola-al-conservatorio-di-vicenza\/\" \/>\n<meta property=\"og:site_name\" content=\"Bellunopress - Dolomiti\" \/>\n<meta property=\"article:publisher\" content=\"https:\/\/www.facebook.com\/profile.php?id=100008943462799\" \/>\n<meta property=\"article:published_time\" content=\"2026-06-16T19:43:32+00:00\" \/>\n<meta property=\"og:image\" content=\"https:\/\/www.bellunopress.it\/wp-content\/uploads\/2026\/06\/Giada-Micheluzzi.jpeg\" \/>\n\t<meta property=\"og:image:width\" content=\"463\" \/>\n\t<meta property=\"og:image:height\" content=\"500\" \/>\n\t<meta property=\"og:image:type\" content=\"image\/jpeg\" \/>\n<meta name=\"author\" content=\"redazione\" \/>\n<meta name=\"twitter:card\" content=\"summary_large_image\" \/>\n<meta name=\"twitter:creator\" content=\"@bellunopress\" \/>\n<meta name=\"twitter:site\" content=\"@bellunopress\" \/>\n<meta name=\"twitter:label1\" content=\"Written by\" \/>\n\t<meta name=\"twitter:data1\" content=\"redazione\" \/>\n\t<meta name=\"twitter:label2\" content=\"Est. reading time\" \/>\n\t<meta name=\"twitter:data2\" content=\"3 minutes\" \/>\n<script type=\"application\/ld+json\" class=\"yoast-schema-graph\">{\"@context\":\"https:\\\/\\\/schema.org\",\"@graph\":[{\"@type\":\"Article\",\"@id\":\"https:\\\/\\\/www.bellunopress.it\\\/2026\\\/06\\\/16\\\/giada-micheluzzi-il-talento-bellunese-vola-al-conservatorio-di-vicenza\\\/#article\",\"isPartOf\":{\"@id\":\"https:\\\/\\\/www.bellunopress.it\\\/2026\\\/06\\\/16\\\/giada-micheluzzi-il-talento-bellunese-vola-al-conservatorio-di-vicenza\\\/\"},\"author\":{\"name\":\"redazione\",\"@id\":\"https:\\\/\\\/www.bellunopress.it\\\/#\\\/schema\\\/person\\\/79bb06722b37ece1c03d3e94beb30d73\"},\"headline\":\"Giada Micheluzzi: il talento bellunese vola al Conservatorio di Vicenza\",\"datePublished\":\"2026-06-16T19:43:32+00:00\",\"mainEntityOfPage\":{\"@id\":\"https:\\\/\\\/www.bellunopress.it\\\/2026\\\/06\\\/16\\\/giada-micheluzzi-il-talento-bellunese-vola-al-conservatorio-di-vicenza\\\/\"},\"wordCount\":405,\"publisher\":{\"@id\":\"https:\\\/\\\/www.bellunopress.it\\\/#organization\"},\"image\":{\"@id\":\"https:\\\/\\\/www.bellunopress.it\\\/2026\\\/06\\\/16\\\/giada-micheluzzi-il-talento-bellunese-vola-al-conservatorio-di-vicenza\\\/#primaryimage\"},\"thumbnailUrl\":\"https:\\\/\\\/www.bellunopress.it\\\/wp-content\\\/uploads\\\/2026\\\/06\\\/Giada-Micheluzzi.jpeg\",\"articleSection\":[\"Arte, Cultura, Spettacoli, Scienza\",\"Pausa Caff\u00e8\",\"Societ\u00e0, Associazioni, Istituzioni\"],\"inLanguage\":\"fr-FR\"},{\"@type\":\"WebPage\",\"@id\":\"https:\\\/\\\/www.bellunopress.it\\\/2026\\\/06\\\/16\\\/giada-micheluzzi-il-talento-bellunese-vola-al-conservatorio-di-vicenza\\\/\",\"url\":\"https:\\\/\\\/www.bellunopress.it\\\/2026\\\/06\\\/16\\\/giada-micheluzzi-il-talento-bellunese-vola-al-conservatorio-di-vicenza\\\/\",\"name\":\"Giada Micheluzzi: il talento bellunese vola al Conservatorio di Vicenza - Bellunopress - Dolomiti\",\"isPartOf\":{\"@id\":\"https:\\\/\\\/www.bellunopress.it\\\/#website\"},\"primaryImageOfPage\":{\"@id\":\"https:\\\/\\\/www.bellunopress.it\\\/2026\\\/06\\\/16\\\/giada-micheluzzi-il-talento-bellunese-vola-al-conservatorio-di-vicenza\\\/#primaryimage\"},\"image\":{\"@id\":\"https:\\\/\\\/www.bellunopress.it\\\/2026\\\/06\\\/16\\\/giada-micheluzzi-il-talento-bellunese-vola-al-conservatorio-di-vicenza\\\/#primaryimage\"},\"thumbnailUrl\":\"https:\\\/\\\/www.bellunopress.it\\\/wp-content\\\/uploads\\\/2026\\\/06\\\/Giada-Micheluzzi.jpeg\",\"datePublished\":\"2026-06-16T19:43:32+00:00\",\"breadcrumb\":{\"@id\":\"https:\\\/\\\/www.bellunopress.it\\\/2026\\\/06\\\/16\\\/giada-micheluzzi-il-talento-bellunese-vola-al-conservatorio-di-vicenza\\\/#breadcrumb\"},\"inLanguage\":\"fr-FR\",\"potentialAction\":[{\"@type\":\"ReadAction\",\"target\":[\"https:\\\/\\\/www.bellunopress.it\\\/2026\\\/06\\\/16\\\/giada-micheluzzi-il-talento-bellunese-vola-al-conservatorio-di-vicenza\\\/\"]}]},{\"@type\":\"ImageObject\",\"inLanguage\":\"fr-FR\",\"@id\":\"https:\\\/\\\/www.bellunopress.it\\\/2026\\\/06\\\/16\\\/giada-micheluzzi-il-talento-bellunese-vola-al-conservatorio-di-vicenza\\\/#primaryimage\",\"url\":\"https:\\\/\\\/www.bellunopress.it\\\/wp-content\\\/uploads\\\/2026\\\/06\\\/Giada-Micheluzzi.jpeg\",\"contentUrl\":\"https:\\\/\\\/www.bellunopress.it\\\/wp-content\\\/uploads\\\/2026\\\/06\\\/Giada-Micheluzzi.jpeg\",\"width\":463,\"height\":500,\"caption\":\"Giada Micheluzzi (foto: Edi Balcon)\"},{\"@type\":\"BreadcrumbList\",\"@id\":\"https:\\\/\\\/www.bellunopress.it\\\/2026\\\/06\\\/16\\\/giada-micheluzzi-il-talento-bellunese-vola-al-conservatorio-di-vicenza\\\/#breadcrumb\",\"itemListElement\":[{\"@type\":\"ListItem\",\"position\":1,\"name\":\"Home\",\"item\":\"https:\\\/\\\/www.bellunopress.it\\\/\"},{\"@type\":\"ListItem\",\"position\":2,\"name\":\"Giada Micheluzzi: il talento bellunese vola al Conservatorio di Vicenza\"}]},{\"@type\":\"WebSite\",\"@id\":\"https:\\\/\\\/www.bellunopress.it\\\/#website\",\"url\":\"https:\\\/\\\/www.bellunopress.it\\\/\",\"name\":\"Bellunopress - Dolomiti\",\"description\":\"e-mail: redazione@bellunopress.it\",\"publisher\":{\"@id\":\"https:\\\/\\\/www.bellunopress.it\\\/#organization\"},\"potentialAction\":[{\"@type\":\"SearchAction\",\"target\":{\"@type\":\"EntryPoint\",\"urlTemplate\":\"https:\\\/\\\/www.bellunopress.it\\\/?s={search_term_string}\"},\"query-input\":{\"@type\":\"PropertyValueSpecification\",\"valueRequired\":true,\"valueName\":\"search_term_string\"}}],\"inLanguage\":\"fr-FR\"},{\"@type\":\"Organization\",\"@id\":\"https:\\\/\\\/www.bellunopress.it\\\/#organization\",\"name\":\"Bellunopress\",\"url\":\"https:\\\/\\\/www.bellunopress.it\\\/\",\"logo\":{\"@type\":\"ImageObject\",\"inLanguage\":\"fr-FR\",\"@id\":\"https:\\\/\\\/www.bellunopress.it\\\/#\\\/schema\\\/logo\\\/image\\\/\",\"url\":\"https:\\\/\\\/www.bellunopress.it\\\/wp-content\\\/uploads\\\/2011\\\/05\\\/cropped-logo-bellunopress-.jpg\",\"contentUrl\":\"https:\\\/\\\/www.bellunopress.it\\\/wp-content\\\/uploads\\\/2011\\\/05\\\/cropped-logo-bellunopress-.jpg\",\"width\":512,\"height\":512,\"caption\":\"Bellunopress\"},\"image\":{\"@id\":\"https:\\\/\\\/www.bellunopress.it\\\/#\\\/schema\\\/logo\\\/image\\\/\"},\"sameAs\":[\"https:\\\/\\\/www.facebook.com\\\/profile.php?id=100008943462799\",\"https:\\\/\\\/x.com\\\/bellunopress\",\"https:\\\/\\\/www.linkedin.com\\\/hp\\\/?dnr=JBzUWaJfMUw8vbXJJ2tVW5-I3jZKvC4wsoxE&amp;amp;amp;amp;amp;amp;trk=nav_responsive_tab_home\",\"https:\\\/\\\/www.youtube.com\\\/channel\\\/UCxL0wu1uN0_3_7hGG0306cw\"]},{\"@type\":\"Person\",\"@id\":\"https:\\\/\\\/www.bellunopress.it\\\/#\\\/schema\\\/person\\\/79bb06722b37ece1c03d3e94beb30d73\",\"name\":\"redazione\",\"image\":{\"@type\":\"ImageObject\",\"inLanguage\":\"fr-FR\",\"@id\":\"https:\\\/\\\/secure.gravatar.com\\\/avatar\\\/37d968a2e67a6fd04c169c4bdef102d0bc5d31b2546345219e348575eb80e9a0?s=96&d=mm&r=g\",\"url\":\"https:\\\/\\\/secure.gravatar.com\\\/avatar\\\/37d968a2e67a6fd04c169c4bdef102d0bc5d31b2546345219e348575eb80e9a0?s=96&d=mm&r=g\",\"contentUrl\":\"https:\\\/\\\/secure.gravatar.com\\\/avatar\\\/37d968a2e67a6fd04c169c4bdef102d0bc5d31b2546345219e348575eb80e9a0?s=96&d=mm&r=g\",\"caption\":\"redazione\"},\"sameAs\":[\"http:\\\/\\\/www.bellunopress.it\",\"https:\\\/\\\/x.com\\\/bellunopress\"],\"url\":\"https:\\\/\\\/www.bellunopress.it\\\/fr\\\/author\\\/redazione\\\/\"}]}<\/script>\n<!-- \/ Yoast SEO plugin. -->","yoast_head_json":{"title":"Giada Micheluzzi: il talento bellunese vola al Conservatorio di Vicenza - Bellunopress - Dolomiti","robots":{"index":"index","follow":"follow","max-snippet":"max-snippet:-1","max-image-preview":"max-image-preview:large","max-video-preview":"max-video-preview:-1"},"canonical":"https:\/\/www.bellunopress.it\/fr\/2026\/06\/16\/giada-micheluzzi-il-talento-bellunese-vola-al-conservatorio-di-vicenza\/","og_locale":"fr_FR","og_type":"article","og_title":"Giada Micheluzzi: il talento bellunese vola al Conservatorio di Vicenza - Bellunopress - Dolomiti","og_description":"Belluno, 16 giugno 2026 &#8211; Dalle prime melodie intonate con i nonni alle prestigiose aule del Conservatorio &#8220;Arrigo Pedrollo&#8221; di Vicenza: \u00e8 un percorso fatto di dedizione, sensibilit\u00e0 e rara musicalit\u00e0 quello di Giada Micheluzzi, 19enne bellunese che sta muovendo passi decisi verso il mondo del canto lirico. Un talento sbocciato nel cuore di Belluno [&hellip;]","og_url":"https:\/\/www.bellunopress.it\/fr\/2026\/06\/16\/giada-micheluzzi-il-talento-bellunese-vola-al-conservatorio-di-vicenza\/","og_site_name":"Bellunopress - Dolomiti","article_publisher":"https:\/\/www.facebook.com\/profile.php?id=100008943462799","article_published_time":"2026-06-16T19:43:32+00:00","og_image":[{"width":463,"height":500,"url":"https:\/\/www.bellunopress.it\/wp-content\/uploads\/2026\/06\/Giada-Micheluzzi.jpeg","type":"image\/jpeg"}],"author":"redazione","twitter_card":"summary_large_image","twitter_creator":"@bellunopress","twitter_site":"@bellunopress","twitter_misc":{"Written by":"redazione","Est. reading time":"3 minutes"},"schema":{"@context":"https:\/\/schema.org","@graph":[{"@type":"Article","@id":"https:\/\/www.bellunopress.it\/2026\/06\/16\/giada-micheluzzi-il-talento-bellunese-vola-al-conservatorio-di-vicenza\/#article","isPartOf":{"@id":"https:\/\/www.bellunopress.it\/2026\/06\/16\/giada-micheluzzi-il-talento-bellunese-vola-al-conservatorio-di-vicenza\/"},"author":{"name":"redazione","@id":"https:\/\/www.bellunopress.it\/#\/schema\/person\/79bb06722b37ece1c03d3e94beb30d73"},"headline":"Giada Micheluzzi: il talento bellunese vola al Conservatorio di Vicenza","datePublished":"2026-06-16T19:43:32+00:00","mainEntityOfPage":{"@id":"https:\/\/www.bellunopress.it\/2026\/06\/16\/giada-micheluzzi-il-talento-bellunese-vola-al-conservatorio-di-vicenza\/"},"wordCount":405,"publisher":{"@id":"https:\/\/www.bellunopress.it\/#organization"},"image":{"@id":"https:\/\/www.bellunopress.it\/2026\/06\/16\/giada-micheluzzi-il-talento-bellunese-vola-al-conservatorio-di-vicenza\/#primaryimage"},"thumbnailUrl":"https:\/\/www.bellunopress.it\/wp-content\/uploads\/2026\/06\/Giada-Micheluzzi.jpeg","articleSection":["Arte, Cultura, Spettacoli, Scienza","Pausa Caff\u00e8","Societ\u00e0, Associazioni, Istituzioni"],"inLanguage":"fr-FR"},{"@type":"WebPage","@id":"https:\/\/www.bellunopress.it\/2026\/06\/16\/giada-micheluzzi-il-talento-bellunese-vola-al-conservatorio-di-vicenza\/","url":"https:\/\/www.bellunopress.it\/2026\/06\/16\/giada-micheluzzi-il-talento-bellunese-vola-al-conservatorio-di-vicenza\/","name":"Giada Micheluzzi: il talento bellunese vola al Conservatorio di Vicenza - Bellunopress - Dolomiti","isPartOf":{"@id":"https:\/\/www.bellunopress.it\/#website"},"primaryImageOfPage":{"@id":"https:\/\/www.bellunopress.it\/2026\/06\/16\/giada-micheluzzi-il-talento-bellunese-vola-al-conservatorio-di-vicenza\/#primaryimage"},"image":{"@id":"https:\/\/www.bellunopress.it\/2026\/06\/16\/giada-micheluzzi-il-talento-bellunese-vola-al-conservatorio-di-vicenza\/#primaryimage"},"thumbnailUrl":"https:\/\/www.bellunopress.it\/wp-content\/uploads\/2026\/06\/Giada-Micheluzzi.jpeg","datePublished":"2026-06-16T19:43:32+00:00","breadcrumb":{"@id":"https:\/\/www.bellunopress.it\/2026\/06\/16\/giada-micheluzzi-il-talento-bellunese-vola-al-conservatorio-di-vicenza\/#breadcrumb"},"inLanguage":"fr-FR","potentialAction":[{"@type":"ReadAction","target":["https:\/\/www.bellunopress.it\/2026\/06\/16\/giada-micheluzzi-il-talento-bellunese-vola-al-conservatorio-di-vicenza\/"]}]},{"@type":"ImageObject","inLanguage":"fr-FR","@id":"https:\/\/www.bellunopress.it\/2026\/06\/16\/giada-micheluzzi-il-talento-bellunese-vola-al-conservatorio-di-vicenza\/#primaryimage","url":"https:\/\/www.bellunopress.it\/wp-content\/uploads\/2026\/06\/Giada-Micheluzzi.jpeg","contentUrl":"https:\/\/www.bellunopress.it\/wp-content\/uploads\/2026\/06\/Giada-Micheluzzi.jpeg","width":463,"height":500,"caption":"Giada Micheluzzi (foto: Edi Balcon)"},{"@type":"BreadcrumbList","@id":"https:\/\/www.bellunopress.it\/2026\/06\/16\/giada-micheluzzi-il-talento-bellunese-vola-al-conservatorio-di-vicenza\/#breadcrumb","itemListElement":[{"@type":"ListItem","position":1,"name":"Home","item":"https:\/\/www.bellunopress.it\/"},{"@type":"ListItem","position":2,"name":"Giada Micheluzzi: il talento bellunese vola al Conservatorio di Vicenza"}]},{"@type":"WebSite","@id":"https:\/\/www.bellunopress.it\/#website","url":"https:\/\/www.bellunopress.it\/","name":"Bellunopress - Dolomiti","description":"e-mail: redazione@bellunopress.it","publisher":{"@id":"https:\/\/www.bellunopress.it\/#organization"},"potentialAction":[{"@type":"SearchAction","target":{"@type":"EntryPoint","urlTemplate":"https:\/\/www.bellunopress.it\/?s={search_term_string}"},"query-input":{"@type":"PropertyValueSpecification","valueRequired":true,"valueName":"search_term_string"}}],"inLanguage":"fr-FR"},{"@type":"Organization","@id":"https:\/\/www.bellunopress.it\/#organization","name":"Bellunopress","url":"https:\/\/www.bellunopress.it\/","logo":{"@type":"ImageObject","inLanguage":"fr-FR","@id":"https:\/\/www.bellunopress.it\/#\/schema\/logo\/image\/","url":"https:\/\/www.bellunopress.it\/wp-content\/uploads\/2011\/05\/cropped-logo-bellunopress-.jpg","contentUrl":"https:\/\/www.bellunopress.it\/wp-content\/uploads\/2011\/05\/cropped-logo-bellunopress-.jpg","width":512,"height":512,"caption":"Bellunopress"},"image":{"@id":"https:\/\/www.bellunopress.it\/#\/schema\/logo\/image\/"},"sameAs":["https:\/\/www.facebook.com\/profile.php?id=100008943462799","https:\/\/x.com\/bellunopress","https:\/\/www.linkedin.com\/hp\/?dnr=JBzUWaJfMUw8vbXJJ2tVW5-I3jZKvC4wsoxE&amp;amp;amp;amp;amp;amp;trk=nav_responsive_tab_home","https:\/\/www.youtube.com\/channel\/UCxL0wu1uN0_3_7hGG0306cw"]},{"@type":"Person","@id":"https:\/\/www.bellunopress.it\/#\/schema\/person\/79bb06722b37ece1c03d3e94beb30d73","name":"r\u00e9daction","image":{"@type":"ImageObject","inLanguage":"fr-FR","@id":"https:\/\/secure.gravatar.com\/avatar\/37d968a2e67a6fd04c169c4bdef102d0bc5d31b2546345219e348575eb80e9a0?s=96&d=mm&r=g","url":"https:\/\/secure.gravatar.com\/avatar\/37d968a2e67a6fd04c169c4bdef102d0bc5d31b2546345219e348575eb80e9a0?s=96&d=mm&r=g","contentUrl":"https:\/\/secure.gravatar.com\/avatar\/37d968a2e67a6fd04c169c4bdef102d0bc5d31b2546345219e348575eb80e9a0?s=96&d=mm&r=g","caption":"redazione"},"sameAs":["http:\/\/www.bellunopress.it","https:\/\/x.com\/bellunopress"],"url":"https:\/\/www.bellunopress.it\/fr\/author\/redazione\/"}]}},"_links":{"self":[{"href":"https:\/\/www.bellunopress.it\/fr\/wp-json\/wp\/v2\/posts\/171003","targetHints":{"allow":["GET"]}}],"collection":[{"href":"https:\/\/www.bellunopress.it\/fr\/wp-json\/wp\/v2\/posts"}],"about":[{"href":"https:\/\/www.bellunopress.it\/fr\/wp-json\/wp\/v2\/types\/post"}],"author":[{"embeddable":true,"href":"https:\/\/www.bellunopress.it\/fr\/wp-json\/wp\/v2\/users\/2"}],"replies":[{"embeddable":true,"href":"https:\/\/www.bellunopress.it\/fr\/wp-json\/wp\/v2\/comments?post=171003"}],"version-history":[{"count":1,"href":"https:\/\/www.bellunopress.it\/fr\/wp-json\/wp\/v2\/posts\/171003\/revisions"}],"predecessor-version":[{"id":171005,"href":"https:\/\/www.bellunopress.it\/fr\/wp-json\/wp\/v2\/posts\/171003\/revisions\/171005"}],"wp:featuredmedia":[{"embeddable":true,"href":"https:\/\/www.bellunopress.it\/fr\/wp-json\/wp\/v2\/media\/171004"}],"wp:attachment":[{"href":"https:\/\/www.bellunopress.it\/fr\/wp-json\/wp\/v2\/media?parent=171003"}],"wp:term":[{"taxonomy":"category","embeddable":true,"href":"https:\/\/www.bellunopress.it\/fr\/wp-json\/wp\/v2\/categories?post=171003"},{"taxonomy":"post_tag","embeddable":true,"href":"https:\/\/www.bellunopress.it\/fr\/wp-json\/wp\/v2\/tags?post=171003"}],"curies":[{"name":"wp","href":"https:\/\/api.w.org\/{rel}","templated":true}]}}