{"id":171000,"date":"2026-06-16T19:27:03","date_gmt":"2026-06-16T17:27:03","guid":{"rendered":"https:\/\/www.bellunopress.it\/?p=171000"},"modified":"2026-06-16T19:27:03","modified_gmt":"2026-06-16T17:27:03","slug":"alabarda-dargento-2026-il-7-reggimento-alpini-protagonista-tra-innovazione-e-alta-montagna","status":"publish","type":"post","link":"https:\/\/www.bellunopress.it\/fr\/2026\/06\/16\/alabarda-dargento-2026-il-7-reggimento-alpini-protagonista-tra-innovazione-e-alta-montagna\/","title":{"rendered":"Alabarda d&#8217;Argento 2026: il 7\u00b0 Reggimento Alpini protagonista tra innovazione e alta\u00a0montagna"},"content":{"rendered":"<p>Si \u00e8 conclusa con successo l&#8217;esercitazione &#8220;Alabarda d&#8217;Argento 2026&#8221;, un&#8217;importante attivit\u00e0 addestrativa che ha visto il 7\u00b0 Reggimento Alpini di Belluno operare in condizioni estreme sulle Alpi Carniche. L&#8217;addestramento, svoltosi nell&#8217;area del Monte Bivera a quasi 2.000 metri di quota, ha rappresentato un momento cruciale per testare l&#8217;integrazione tra unit\u00e0 specializzate, nuove tecnologie e partner internazionali.<\/p>\n<p>Il 7\u00b0 Reggimento Alpini ha svolto un ruolo determinante nelle manovre tattiche, integrandosi con precisione nel dispositivo pluriarma della Brigata &#8220;Julia&#8221; e guidando le fasi finali di bonifica dell&#8217;area di operazione.<\/p>\n<p>L&#8217;esercitazione, che ha coinvolto oltre 300 militari della Brigata Alpina &#8220;Julia&#8221;, ha puntato sull&#8217;interoperabilit\u00e0 tra diverse specialit\u00e0. Dopo l&#8217;apertura di una breccia da parte del 2\u00b0 Reggimento Genio guastatori e l&#8217;azione iniziale dell&#8217;8\u00b0 Reggimento Alpini, gli uomini del 7\u00b0 Reggimento Alpini di Belluno hanno avanzato sul terreno, completando con successo la bonifica della zona assegnata.<br \/>\nLa cornice montana ha fatto da sfondo all&#8217;impiego delle pi\u00f9 moderne tecnologie di combattimento. I reparti hanno testato sistemi a pilotaggio remoto, tra cui droni &#8220;Xenon&#8221;, &#8220;Radon X&#8221; e piattaforme &#8220;Parrot&#8221;, oltre ai droni FPV per missioni di precisione. Particolare rilievo \u00e8 stato dato al nuovo sistema d&#8217;arma individuale NARP (Nuova Arma da Reparto Polivalente), adottato per modernizzare le capacit\u00e0 operative dell&#8217;Esercito.<\/p>\n<p>Un aspetto centrale dell&#8217;edizione 2026 \u00e8 stata la forte impronta internazionale. Il 7\u00b0 Reggimento Alpini ha avuto l&#8217;onore di integrare nel proprio dispositivo operativo una squadra rinforzata dell&#8217;Esercito Albanese, confermando l&#8217;elevato standard di cooperazione raggiunto. La presenza di\u00a0osservatori internazionali ha permesso di mostrare sul campo come l&#8217;addestramento in alta montagna resti, ancora oggi, il banco di prova fondamentale per la gestione di scenari ad alta complessit\u00e0.<br \/>\n&#8220;Alabarda d&#8217;Argento 2026&#8221; si conferma dunque un successo non solo logistico, ma strategico, ribadendo il ruolo centrale degli alpini di Belluno nel panorama della difesa moderna e nel costante aggiornamento tecnologico delle Truppe Alpine.<\/p>","protected":false},"excerpt":{"rendered":"<p>Si \u00e8 conclusa con successo l&#8217;esercitazione &#8220;Alabarda d&#8217;Argento 2026&#8221;, un&#8217;importante attivit\u00e0 addestrativa che ha visto il 7\u00b0 Reggimento Alpini di Belluno operare in condizioni estreme sulle Alpi Carniche. L&#8217;addestramento, svoltosi nell&#8217;area del Monte Bivera a quasi 2.000 metri di quota, ha rappresentato un momento cruciale per testare l&#8217;integrazione tra unit\u00e0 specializzate, nuove tecnologie e partner [&hellip;]<\/p>\n","protected":false},"author":2,"featured_media":171001,"comment_status":"closed","ping_status":"open","sticky":false,"template":"","format":"standard","meta":{"footnotes":""},"categories":[26,8],"tags":[],"class_list":["post-171000","post","type-post","status-publish","format-standard","has-post-thumbnail","category-prima-pagina","category-societa-istituzioni"],"yoast_head":"<!-- This site is optimized with the Yoast SEO plugin v28.4 - https:\/\/yoast.com\/product\/yoast-seo-wordpress\/ -->\n<title>Alabarda d&#039;Argento 2026: il 7\u00b0 Reggimento Alpini protagonista tra innovazione e alta\u00a0montagna - Bellunopress - Dolomiti<\/title>\n<meta name=\"robots\" content=\"index, follow, max-snippet:-1, max-image-preview:large, max-video-preview:-1\" \/>\n<link rel=\"canonical\" href=\"https:\/\/www.bellunopress.it\/fr\/2026\/06\/16\/alabarda-dargento-2026-il-7-reggimento-alpini-protagonista-tra-innovazione-e-alta-montagna\/\" \/>\n<meta property=\"og:locale\" content=\"fr_FR\" \/>\n<meta property=\"og:type\" content=\"article\" \/>\n<meta property=\"og:title\" content=\"Alabarda d&#039;Argento 2026: il 7\u00b0 Reggimento Alpini protagonista tra innovazione e alta\u00a0montagna - Bellunopress - Dolomiti\" \/>\n<meta property=\"og:description\" content=\"Si \u00e8 conclusa con successo l&#8217;esercitazione &#8220;Alabarda d&#8217;Argento 2026&#8221;, un&#8217;importante attivit\u00e0 addestrativa che ha visto il 7\u00b0 Reggimento Alpini di Belluno operare in condizioni estreme sulle Alpi Carniche. L&#8217;addestramento, svoltosi nell&#8217;area del Monte Bivera a quasi 2.000 metri di quota, ha rappresentato un momento cruciale per testare l&#8217;integrazione tra unit\u00e0 specializzate, nuove tecnologie e partner [&hellip;]\" \/>\n<meta property=\"og:url\" content=\"https:\/\/www.bellunopress.it\/fr\/2026\/06\/16\/alabarda-dargento-2026-il-7-reggimento-alpini-protagonista-tra-innovazione-e-alta-montagna\/\" \/>\n<meta property=\"og:site_name\" content=\"Bellunopress - Dolomiti\" \/>\n<meta property=\"article:publisher\" content=\"https:\/\/www.facebook.com\/profile.php?id=100008943462799\" \/>\n<meta property=\"article:published_time\" content=\"2026-06-16T17:27:03+00:00\" \/>\n<meta property=\"og:image\" content=\"https:\/\/www.bellunopress.it\/wp-content\/uploads\/2026\/06\/esercitazione-alpini.jpg\" \/>\n\t<meta property=\"og:image:width\" content=\"429\" \/>\n\t<meta property=\"og:image:height\" content=\"279\" \/>\n\t<meta property=\"og:image:type\" content=\"image\/jpeg\" \/>\n<meta name=\"author\" content=\"redazione\" \/>\n<meta name=\"twitter:card\" content=\"summary_large_image\" \/>\n<meta name=\"twitter:creator\" content=\"@bellunopress\" \/>\n<meta name=\"twitter:site\" content=\"@bellunopress\" \/>\n<meta name=\"twitter:label1\" content=\"\u00c9crit par\" \/>\n\t<meta name=\"twitter:data1\" content=\"redazione\" \/>\n\t<meta name=\"twitter:label2\" content=\"Dur\u00e9e de lecture estim\u00e9e\" \/>\n\t<meta name=\"twitter:data2\" content=\"2 minutes\" \/>\n<script type=\"application\/ld+json\" class=\"yoast-schema-graph\">{\"@context\":\"https:\\\/\\\/schema.org\",\"@graph\":[{\"@type\":\"Article\",\"@id\":\"https:\\\/\\\/www.bellunopress.it\\\/2026\\\/06\\\/16\\\/alabarda-dargento-2026-il-7-reggimento-alpini-protagonista-tra-innovazione-e-alta-montagna\\\/#article\",\"isPartOf\":{\"@id\":\"https:\\\/\\\/www.bellunopress.it\\\/2026\\\/06\\\/16\\\/alabarda-dargento-2026-il-7-reggimento-alpini-protagonista-tra-innovazione-e-alta-montagna\\\/\"},\"author\":{\"name\":\"redazione\",\"@id\":\"https:\\\/\\\/www.bellunopress.it\\\/#\\\/schema\\\/person\\\/79bb06722b37ece1c03d3e94beb30d73\"},\"headline\":\"Alabarda d&#8217;Argento 2026: il 7\u00b0 Reggimento Alpini protagonista tra innovazione e alta\u00a0montagna\",\"datePublished\":\"2026-06-16T17:27:03+00:00\",\"mainEntityOfPage\":{\"@id\":\"https:\\\/\\\/www.bellunopress.it\\\/2026\\\/06\\\/16\\\/alabarda-dargento-2026-il-7-reggimento-alpini-protagonista-tra-innovazione-e-alta-montagna\\\/\"},\"wordCount\":324,\"publisher\":{\"@id\":\"https:\\\/\\\/www.bellunopress.it\\\/#organization\"},\"image\":{\"@id\":\"https:\\\/\\\/www.bellunopress.it\\\/2026\\\/06\\\/16\\\/alabarda-dargento-2026-il-7-reggimento-alpini-protagonista-tra-innovazione-e-alta-montagna\\\/#primaryimage\"},\"thumbnailUrl\":\"https:\\\/\\\/www.bellunopress.it\\\/wp-content\\\/uploads\\\/2026\\\/06\\\/esercitazione-alpini.jpg\",\"articleSection\":[\"Prima Pagina\",\"Societ\u00e0, Associazioni, Istituzioni\"],\"inLanguage\":\"fr-FR\"},{\"@type\":\"WebPage\",\"@id\":\"https:\\\/\\\/www.bellunopress.it\\\/2026\\\/06\\\/16\\\/alabarda-dargento-2026-il-7-reggimento-alpini-protagonista-tra-innovazione-e-alta-montagna\\\/\",\"url\":\"https:\\\/\\\/www.bellunopress.it\\\/2026\\\/06\\\/16\\\/alabarda-dargento-2026-il-7-reggimento-alpini-protagonista-tra-innovazione-e-alta-montagna\\\/\",\"name\":\"Alabarda d'Argento 2026: il 7\u00b0 Reggimento Alpini protagonista tra innovazione e alta\u00a0montagna - Bellunopress - Dolomiti\",\"isPartOf\":{\"@id\":\"https:\\\/\\\/www.bellunopress.it\\\/#website\"},\"primaryImageOfPage\":{\"@id\":\"https:\\\/\\\/www.bellunopress.it\\\/2026\\\/06\\\/16\\\/alabarda-dargento-2026-il-7-reggimento-alpini-protagonista-tra-innovazione-e-alta-montagna\\\/#primaryimage\"},\"image\":{\"@id\":\"https:\\\/\\\/www.bellunopress.it\\\/2026\\\/06\\\/16\\\/alabarda-dargento-2026-il-7-reggimento-alpini-protagonista-tra-innovazione-e-alta-montagna\\\/#primaryimage\"},\"thumbnailUrl\":\"https:\\\/\\\/www.bellunopress.it\\\/wp-content\\\/uploads\\\/2026\\\/06\\\/esercitazione-alpini.jpg\",\"datePublished\":\"2026-06-16T17:27:03+00:00\",\"breadcrumb\":{\"@id\":\"https:\\\/\\\/www.bellunopress.it\\\/2026\\\/06\\\/16\\\/alabarda-dargento-2026-il-7-reggimento-alpini-protagonista-tra-innovazione-e-alta-montagna\\\/#breadcrumb\"},\"inLanguage\":\"fr-FR\",\"potentialAction\":[{\"@type\":\"ReadAction\",\"target\":[\"https:\\\/\\\/www.bellunopress.it\\\/2026\\\/06\\\/16\\\/alabarda-dargento-2026-il-7-reggimento-alpini-protagonista-tra-innovazione-e-alta-montagna\\\/\"]}]},{\"@type\":\"ImageObject\",\"inLanguage\":\"fr-FR\",\"@id\":\"https:\\\/\\\/www.bellunopress.it\\\/2026\\\/06\\\/16\\\/alabarda-dargento-2026-il-7-reggimento-alpini-protagonista-tra-innovazione-e-alta-montagna\\\/#primaryimage\",\"url\":\"https:\\\/\\\/www.bellunopress.it\\\/wp-content\\\/uploads\\\/2026\\\/06\\\/esercitazione-alpini.jpg\",\"contentUrl\":\"https:\\\/\\\/www.bellunopress.it\\\/wp-content\\\/uploads\\\/2026\\\/06\\\/esercitazione-alpini.jpg\",\"width\":429,\"height\":279},{\"@type\":\"BreadcrumbList\",\"@id\":\"https:\\\/\\\/www.bellunopress.it\\\/2026\\\/06\\\/16\\\/alabarda-dargento-2026-il-7-reggimento-alpini-protagonista-tra-innovazione-e-alta-montagna\\\/#breadcrumb\",\"itemListElement\":[{\"@type\":\"ListItem\",\"position\":1,\"name\":\"Home\",\"item\":\"https:\\\/\\\/www.bellunopress.it\\\/\"},{\"@type\":\"ListItem\",\"position\":2,\"name\":\"Alabarda d&#8217;Argento 2026: il 7\u00b0 Reggimento Alpini protagonista tra innovazione e alta\u00a0montagna\"}]},{\"@type\":\"WebSite\",\"@id\":\"https:\\\/\\\/www.bellunopress.it\\\/#website\",\"url\":\"https:\\\/\\\/www.bellunopress.it\\\/\",\"name\":\"Bellunopress - Dolomiti\",\"description\":\"e-mail: redazione@bellunopress.it\",\"publisher\":{\"@id\":\"https:\\\/\\\/www.bellunopress.it\\\/#organization\"},\"potentialAction\":[{\"@type\":\"SearchAction\",\"target\":{\"@type\":\"EntryPoint\",\"urlTemplate\":\"https:\\\/\\\/www.bellunopress.it\\\/?s={search_term_string}\"},\"query-input\":{\"@type\":\"PropertyValueSpecification\",\"valueRequired\":true,\"valueName\":\"search_term_string\"}}],\"inLanguage\":\"fr-FR\"},{\"@type\":\"Organization\",\"@id\":\"https:\\\/\\\/www.bellunopress.it\\\/#organization\",\"name\":\"Bellunopress\",\"url\":\"https:\\\/\\\/www.bellunopress.it\\\/\",\"logo\":{\"@type\":\"ImageObject\",\"inLanguage\":\"fr-FR\",\"@id\":\"https:\\\/\\\/www.bellunopress.it\\\/#\\\/schema\\\/logo\\\/image\\\/\",\"url\":\"https:\\\/\\\/www.bellunopress.it\\\/wp-content\\\/uploads\\\/2011\\\/05\\\/cropped-logo-bellunopress-.jpg\",\"contentUrl\":\"https:\\\/\\\/www.bellunopress.it\\\/wp-content\\\/uploads\\\/2011\\\/05\\\/cropped-logo-bellunopress-.jpg\",\"width\":512,\"height\":512,\"caption\":\"Bellunopress\"},\"image\":{\"@id\":\"https:\\\/\\\/www.bellunopress.it\\\/#\\\/schema\\\/logo\\\/image\\\/\"},\"sameAs\":[\"https:\\\/\\\/www.facebook.com\\\/profile.php?id=100008943462799\",\"https:\\\/\\\/x.com\\\/bellunopress\",\"https:\\\/\\\/www.linkedin.com\\\/hp\\\/?dnr=JBzUWaJfMUw8vbXJJ2tVW5-I3jZKvC4wsoxE&amp;amp;amp;amp;amp;amp;trk=nav_responsive_tab_home\",\"https:\\\/\\\/www.youtube.com\\\/channel\\\/UCxL0wu1uN0_3_7hGG0306cw\"]},{\"@type\":\"Person\",\"@id\":\"https:\\\/\\\/www.bellunopress.it\\\/#\\\/schema\\\/person\\\/79bb06722b37ece1c03d3e94beb30d73\",\"name\":\"redazione\",\"image\":{\"@type\":\"ImageObject\",\"inLanguage\":\"fr-FR\",\"@id\":\"https:\\\/\\\/secure.gravatar.com\\\/avatar\\\/37d968a2e67a6fd04c169c4bdef102d0bc5d31b2546345219e348575eb80e9a0?s=96&d=mm&r=g\",\"url\":\"https:\\\/\\\/secure.gravatar.com\\\/avatar\\\/37d968a2e67a6fd04c169c4bdef102d0bc5d31b2546345219e348575eb80e9a0?s=96&d=mm&r=g\",\"contentUrl\":\"https:\\\/\\\/secure.gravatar.com\\\/avatar\\\/37d968a2e67a6fd04c169c4bdef102d0bc5d31b2546345219e348575eb80e9a0?s=96&d=mm&r=g\",\"caption\":\"redazione\"},\"sameAs\":[\"http:\\\/\\\/www.bellunopress.it\",\"https:\\\/\\\/x.com\\\/bellunopress\"],\"url\":\"https:\\\/\\\/www.bellunopress.it\\\/fr\\\/author\\\/redazione\\\/\"}]}<\/script>\n<!-- \/ Yoast SEO plugin. -->","yoast_head_json":{"title":"Alabarda d'Argento 2026: il 7\u00b0 Reggimento Alpini protagonista tra innovazione e alta\u00a0montagna - Bellunopress - Dolomiti","robots":{"index":"index","follow":"follow","max-snippet":"max-snippet:-1","max-image-preview":"max-image-preview:large","max-video-preview":"max-video-preview:-1"},"canonical":"https:\/\/www.bellunopress.it\/fr\/2026\/06\/16\/alabarda-dargento-2026-il-7-reggimento-alpini-protagonista-tra-innovazione-e-alta-montagna\/","og_locale":"fr_FR","og_type":"article","og_title":"Alabarda d'Argento 2026: il 7\u00b0 Reggimento Alpini protagonista tra innovazione e alta\u00a0montagna - Bellunopress - Dolomiti","og_description":"Si \u00e8 conclusa con successo l&#8217;esercitazione &#8220;Alabarda d&#8217;Argento 2026&#8221;, un&#8217;importante attivit\u00e0 addestrativa che ha visto il 7\u00b0 Reggimento Alpini di Belluno operare in condizioni estreme sulle Alpi Carniche. L&#8217;addestramento, svoltosi nell&#8217;area del Monte Bivera a quasi 2.000 metri di quota, ha rappresentato un momento cruciale per testare l&#8217;integrazione tra unit\u00e0 specializzate, nuove tecnologie e partner [&hellip;]","og_url":"https:\/\/www.bellunopress.it\/fr\/2026\/06\/16\/alabarda-dargento-2026-il-7-reggimento-alpini-protagonista-tra-innovazione-e-alta-montagna\/","og_site_name":"Bellunopress - Dolomiti","article_publisher":"https:\/\/www.facebook.com\/profile.php?id=100008943462799","article_published_time":"2026-06-16T17:27:03+00:00","og_image":[{"width":429,"height":279,"url":"https:\/\/www.bellunopress.it\/wp-content\/uploads\/2026\/06\/esercitazione-alpini.jpg","type":"image\/jpeg"}],"author":"redazione","twitter_card":"summary_large_image","twitter_creator":"@bellunopress","twitter_site":"@bellunopress","twitter_misc":{"\u00c9crit par":"redazione","Dur\u00e9e de lecture estim\u00e9e":"2 minutes"},"schema":{"@context":"https:\/\/schema.org","@graph":[{"@type":"Article","@id":"https:\/\/www.bellunopress.it\/2026\/06\/16\/alabarda-dargento-2026-il-7-reggimento-alpini-protagonista-tra-innovazione-e-alta-montagna\/#article","isPartOf":{"@id":"https:\/\/www.bellunopress.it\/2026\/06\/16\/alabarda-dargento-2026-il-7-reggimento-alpini-protagonista-tra-innovazione-e-alta-montagna\/"},"author":{"name":"redazione","@id":"https:\/\/www.bellunopress.it\/#\/schema\/person\/79bb06722b37ece1c03d3e94beb30d73"},"headline":"Alabarda d&#8217;Argento 2026: il 7\u00b0 Reggimento Alpini protagonista tra innovazione e alta\u00a0montagna","datePublished":"2026-06-16T17:27:03+00:00","mainEntityOfPage":{"@id":"https:\/\/www.bellunopress.it\/2026\/06\/16\/alabarda-dargento-2026-il-7-reggimento-alpini-protagonista-tra-innovazione-e-alta-montagna\/"},"wordCount":324,"publisher":{"@id":"https:\/\/www.bellunopress.it\/#organization"},"image":{"@id":"https:\/\/www.bellunopress.it\/2026\/06\/16\/alabarda-dargento-2026-il-7-reggimento-alpini-protagonista-tra-innovazione-e-alta-montagna\/#primaryimage"},"thumbnailUrl":"https:\/\/www.bellunopress.it\/wp-content\/uploads\/2026\/06\/esercitazione-alpini.jpg","articleSection":["Prima Pagina","Societ\u00e0, Associazioni, Istituzioni"],"inLanguage":"fr-FR"},{"@type":"WebPage","@id":"https:\/\/www.bellunopress.it\/2026\/06\/16\/alabarda-dargento-2026-il-7-reggimento-alpini-protagonista-tra-innovazione-e-alta-montagna\/","url":"https:\/\/www.bellunopress.it\/2026\/06\/16\/alabarda-dargento-2026-il-7-reggimento-alpini-protagonista-tra-innovazione-e-alta-montagna\/","name":"Alabarda d'Argento 2026: il 7\u00b0 Reggimento Alpini protagonista tra innovazione e alta\u00a0montagna - Bellunopress - Dolomiti","isPartOf":{"@id":"https:\/\/www.bellunopress.it\/#website"},"primaryImageOfPage":{"@id":"https:\/\/www.bellunopress.it\/2026\/06\/16\/alabarda-dargento-2026-il-7-reggimento-alpini-protagonista-tra-innovazione-e-alta-montagna\/#primaryimage"},"image":{"@id":"https:\/\/www.bellunopress.it\/2026\/06\/16\/alabarda-dargento-2026-il-7-reggimento-alpini-protagonista-tra-innovazione-e-alta-montagna\/#primaryimage"},"thumbnailUrl":"https:\/\/www.bellunopress.it\/wp-content\/uploads\/2026\/06\/esercitazione-alpini.jpg","datePublished":"2026-06-16T17:27:03+00:00","breadcrumb":{"@id":"https:\/\/www.bellunopress.it\/2026\/06\/16\/alabarda-dargento-2026-il-7-reggimento-alpini-protagonista-tra-innovazione-e-alta-montagna\/#breadcrumb"},"inLanguage":"fr-FR","potentialAction":[{"@type":"ReadAction","target":["https:\/\/www.bellunopress.it\/2026\/06\/16\/alabarda-dargento-2026-il-7-reggimento-alpini-protagonista-tra-innovazione-e-alta-montagna\/"]}]},{"@type":"ImageObject","inLanguage":"fr-FR","@id":"https:\/\/www.bellunopress.it\/2026\/06\/16\/alabarda-dargento-2026-il-7-reggimento-alpini-protagonista-tra-innovazione-e-alta-montagna\/#primaryimage","url":"https:\/\/www.bellunopress.it\/wp-content\/uploads\/2026\/06\/esercitazione-alpini.jpg","contentUrl":"https:\/\/www.bellunopress.it\/wp-content\/uploads\/2026\/06\/esercitazione-alpini.jpg","width":429,"height":279},{"@type":"BreadcrumbList","@id":"https:\/\/www.bellunopress.it\/2026\/06\/16\/alabarda-dargento-2026-il-7-reggimento-alpini-protagonista-tra-innovazione-e-alta-montagna\/#breadcrumb","itemListElement":[{"@type":"ListItem","position":1,"name":"Home","item":"https:\/\/www.bellunopress.it\/"},{"@type":"ListItem","position":2,"name":"Alabarda d&#8217;Argento 2026: il 7\u00b0 Reggimento Alpini protagonista tra innovazione e alta\u00a0montagna"}]},{"@type":"WebSite","@id":"https:\/\/www.bellunopress.it\/#website","url":"https:\/\/www.bellunopress.it\/","name":"Bellunopress - Dolomiti","description":"e-mail: redazione@bellunopress.it","publisher":{"@id":"https:\/\/www.bellunopress.it\/#organization"},"potentialAction":[{"@type":"SearchAction","target":{"@type":"EntryPoint","urlTemplate":"https:\/\/www.bellunopress.it\/?s={search_term_string}"},"query-input":{"@type":"PropertyValueSpecification","valueRequired":true,"valueName":"search_term_string"}}],"inLanguage":"fr-FR"},{"@type":"Organization","@id":"https:\/\/www.bellunopress.it\/#organization","name":"Bellunopress","url":"https:\/\/www.bellunopress.it\/","logo":{"@type":"ImageObject","inLanguage":"fr-FR","@id":"https:\/\/www.bellunopress.it\/#\/schema\/logo\/image\/","url":"https:\/\/www.bellunopress.it\/wp-content\/uploads\/2011\/05\/cropped-logo-bellunopress-.jpg","contentUrl":"https:\/\/www.bellunopress.it\/wp-content\/uploads\/2011\/05\/cropped-logo-bellunopress-.jpg","width":512,"height":512,"caption":"Bellunopress"},"image":{"@id":"https:\/\/www.bellunopress.it\/#\/schema\/logo\/image\/"},"sameAs":["https:\/\/www.facebook.com\/profile.php?id=100008943462799","https:\/\/x.com\/bellunopress","https:\/\/www.linkedin.com\/hp\/?dnr=JBzUWaJfMUw8vbXJJ2tVW5-I3jZKvC4wsoxE&amp;amp;amp;amp;amp;amp;trk=nav_responsive_tab_home","https:\/\/www.youtube.com\/channel\/UCxL0wu1uN0_3_7hGG0306cw"]},{"@type":"Person","@id":"https:\/\/www.bellunopress.it\/#\/schema\/person\/79bb06722b37ece1c03d3e94beb30d73","name":"r\u00e9daction","image":{"@type":"ImageObject","inLanguage":"fr-FR","@id":"https:\/\/secure.gravatar.com\/avatar\/37d968a2e67a6fd04c169c4bdef102d0bc5d31b2546345219e348575eb80e9a0?s=96&d=mm&r=g","url":"https:\/\/secure.gravatar.com\/avatar\/37d968a2e67a6fd04c169c4bdef102d0bc5d31b2546345219e348575eb80e9a0?s=96&d=mm&r=g","contentUrl":"https:\/\/secure.gravatar.com\/avatar\/37d968a2e67a6fd04c169c4bdef102d0bc5d31b2546345219e348575eb80e9a0?s=96&d=mm&r=g","caption":"redazione"},"sameAs":["http:\/\/www.bellunopress.it","https:\/\/x.com\/bellunopress"],"url":"https:\/\/www.bellunopress.it\/fr\/author\/redazione\/"}]}},"_links":{"self":[{"href":"https:\/\/www.bellunopress.it\/fr\/wp-json\/wp\/v2\/posts\/171000","targetHints":{"allow":["GET"]}}],"collection":[{"href":"https:\/\/www.bellunopress.it\/fr\/wp-json\/wp\/v2\/posts"}],"about":[{"href":"https:\/\/www.bellunopress.it\/fr\/wp-json\/wp\/v2\/types\/post"}],"author":[{"embeddable":true,"href":"https:\/\/www.bellunopress.it\/fr\/wp-json\/wp\/v2\/users\/2"}],"replies":[{"embeddable":true,"href":"https:\/\/www.bellunopress.it\/fr\/wp-json\/wp\/v2\/comments?post=171000"}],"version-history":[{"count":1,"href":"https:\/\/www.bellunopress.it\/fr\/wp-json\/wp\/v2\/posts\/171000\/revisions"}],"predecessor-version":[{"id":171002,"href":"https:\/\/www.bellunopress.it\/fr\/wp-json\/wp\/v2\/posts\/171000\/revisions\/171002"}],"wp:featuredmedia":[{"embeddable":true,"href":"https:\/\/www.bellunopress.it\/fr\/wp-json\/wp\/v2\/media\/171001"}],"wp:attachment":[{"href":"https:\/\/www.bellunopress.it\/fr\/wp-json\/wp\/v2\/media?parent=171000"}],"wp:term":[{"taxonomy":"category","embeddable":true,"href":"https:\/\/www.bellunopress.it\/fr\/wp-json\/wp\/v2\/categories?post=171000"},{"taxonomy":"post_tag","embeddable":true,"href":"https:\/\/www.bellunopress.it\/fr\/wp-json\/wp\/v2\/tags?post=171000"}],"curies":[{"name":"wp","href":"https:\/\/api.w.org\/{rel}","templated":true}]}}