{"id":170989,"date":"2026-06-16T11:29:33","date_gmt":"2026-06-16T09:29:33","guid":{"rendered":"https:\/\/www.bellunopress.it\/?p=170989"},"modified":"2026-06-16T11:29:33","modified_gmt":"2026-06-16T09:29:33","slug":"giovedi-a-perarolo-lincontro-abitare-il-futuro-innovazione-giovani-e-nuove-prospettive-per-la-montagna","status":"publish","type":"post","link":"https:\/\/www.bellunopress.it\/fr\/2026\/06\/16\/giovedi-a-perarolo-lincontro-abitare-il-futuro-innovazione-giovani-e-nuove-prospettive-per-la-montagna\/","title":{"rendered":"Gioved\u00ec a Perarolo l&#8217;incontro &#8220;Abitare il futuro: innovazione, giovani e nuove prospettive per la montagna\u201d"},"content":{"rendered":"<p>A due anni dalla sua apertura, lo SportHello vuole offrire un&#8217;opportunit\u00e0 di confronto su alcune<br \/>\ndelle sfide pi\u00f9 attuali che interessano i territori montani. Gioved\u00ec 18 giugno organizza infatti a<br \/>\nPerarolo di Cadore l&#8217;incontro dal titolo \u201cAbitare il futuro: innovazione, giovani e nuove<br \/>\nprospettive per la montagna\u201d, un momento di approfondimento e dialogo che, grazie al<br \/>\ncontributo di esperti, intende riflettere sulle opportunit\u00e0 di sviluppo delle terre alte e sul ruolo<br \/>\nche innovazione e nuove competenze possono svolgere nel renderle luoghi pi\u00f9 vivibili, dinamici<br \/>\ne ricchi di opportunit\u00e0.<\/p>\n<p><strong>I relatori dell\u2019incontro<\/strong><br \/>\nInterverranno Andrea Piol, presidente della Fondazione Elserino Piol ETS, e Giovanni Ripoldi,<br \/>\nimprenditore, manager e consulente nel settore digitale e internet con un intervento dal titolo<br \/>\n\u201cLa rivoluzione dell\u2019AI agentico per le aziende\u201d; a seguire Mauro Varotto, docente di geografia<br \/>\nall\u2019Universit\u00e0 di Padova, con un approfondimento su \u201cLe scuole di montagna: la necessit\u00e0 di<br \/>\nuna nuova alfabetizzazione alle terre alte?\u201d.<\/p>\n<p><strong>Data, orario e modalit\u00e0 di partecipazione<\/strong><br \/>\nL\u2019incontro \u00e8 programmato per gioved\u00ec 18 giugno alle ore 17:00 presso Lo SportHello di Perarolo<br \/>\ndi Cadore (localit\u00e0 Caralte 85). Per ragioni organizzative \u00e8 richiesta la conferma della<br \/>\npartecipazione compilando il form disponibile sul sito dello SportHello (www.losporthello.it) o<br \/>\ninviando una mail a info@losporthello.it.<\/p>\n<p><strong>Lo SportHello<\/strong><br \/>\nLo SportHello di Perarolo di Cadore, attivo grazie ai finanziamenti dell&#8217;Unione Europea \u2013<br \/>\nNextGenerationEU, \u00e8 nato per rivitalizzare il territorio cadorino attraverso iniziative innovative<br \/>\nnei settori di impresa, casa e comunit\u00e0. Il servizio \u00e8 promosso dal Comune di Perarolo di<br \/>\nCadore e gestito dal GAL Alto Bellunese. Lo SportHello \u00e8 l\u2019azione 6.2 del Progetto &#8220;DA<br \/>\nPERAROLO A VENEZIA: VIAGGIO TRA L\u2019ACQUA E L\u2019INGEGNO&#8221;, finanziato nell\u2019ambito del<br \/>\nbando del PNRR, Missione 1, Componente 3, Misura 2, Investimento 2.1 &#8220;Attrattivit\u00e0 dei borghi<br \/>\nstorici&#8221;.<\/p>","protected":false},"excerpt":{"rendered":"<p>A due anni dalla sua apertura, lo SportHello vuole offrire un&#8217;opportunit\u00e0 di confronto su alcune delle sfide pi\u00f9 attuali che interessano i territori montani. Gioved\u00ec 18 giugno organizza infatti a Perarolo di Cadore l&#8217;incontro dal titolo \u201cAbitare il futuro: innovazione, giovani e nuove prospettive per la montagna\u201d, un momento di approfondimento e dialogo che, grazie [&hellip;]<\/p>\n","protected":false},"author":2,"featured_media":167376,"comment_status":"closed","ping_status":"open","sticky":false,"template":"","format":"standard","meta":{"footnotes":""},"categories":[27],"tags":[],"class_list":["post-170989","post","type-post","status-publish","format-standard","has-post-thumbnail","category-appuntamenti"],"yoast_head":"<!-- This site is optimized with the Yoast SEO plugin v28.4 - https:\/\/yoast.com\/product\/yoast-seo-wordpress\/ -->\n<title>Gioved\u00ec a Perarolo l&#039;incontro &quot;Abitare il futuro: innovazione, giovani e nuove prospettive per la montagna\u201d - Bellunopress - Dolomiti<\/title>\n<meta name=\"robots\" content=\"index, follow, max-snippet:-1, max-image-preview:large, max-video-preview:-1\" \/>\n<link rel=\"canonical\" href=\"https:\/\/www.bellunopress.it\/fr\/2026\/06\/16\/giovedi-a-perarolo-lincontro-abitare-il-futuro-innovazione-giovani-e-nuove-prospettive-per-la-montagna\/\" \/>\n<meta property=\"og:locale\" content=\"fr_FR\" \/>\n<meta property=\"og:type\" content=\"article\" \/>\n<meta property=\"og:title\" content=\"Gioved\u00ec a Perarolo l&#039;incontro &quot;Abitare il futuro: innovazione, giovani e nuove prospettive per la montagna\u201d - Bellunopress - Dolomiti\" \/>\n<meta property=\"og:description\" content=\"A due anni dalla sua apertura, lo SportHello vuole offrire un&#8217;opportunit\u00e0 di confronto su alcune delle sfide pi\u00f9 attuali che interessano i territori montani. Gioved\u00ec 18 giugno organizza infatti a Perarolo di Cadore l&#8217;incontro dal titolo \u201cAbitare il futuro: innovazione, giovani e nuove prospettive per la montagna\u201d, un momento di approfondimento e dialogo che, grazie [&hellip;]\" \/>\n<meta property=\"og:url\" content=\"https:\/\/www.bellunopress.it\/fr\/2026\/06\/16\/giovedi-a-perarolo-lincontro-abitare-il-futuro-innovazione-giovani-e-nuove-prospettive-per-la-montagna\/\" \/>\n<meta property=\"og:site_name\" content=\"Bellunopress - Dolomiti\" \/>\n<meta property=\"article:publisher\" content=\"https:\/\/www.facebook.com\/profile.php?id=100008943462799\" \/>\n<meta property=\"article:published_time\" content=\"2026-06-16T09:29:33+00:00\" \/>\n<meta property=\"og:image\" content=\"https:\/\/www.bellunopress.it\/wp-content\/uploads\/2026\/02\/Lo-Sporthello-Perarolo-di-Cadore.jpg\" \/>\n\t<meta property=\"og:image:width\" content=\"483\" \/>\n\t<meta property=\"og:image:height\" content=\"472\" \/>\n\t<meta property=\"og:image:type\" content=\"image\/jpeg\" \/>\n<meta name=\"author\" content=\"redazione\" \/>\n<meta name=\"twitter:card\" content=\"summary_large_image\" \/>\n<meta name=\"twitter:creator\" content=\"@bellunopress\" \/>\n<meta name=\"twitter:site\" content=\"@bellunopress\" \/>\n<meta name=\"twitter:label1\" content=\"Written by\" \/>\n\t<meta name=\"twitter:data1\" content=\"redazione\" \/>\n\t<meta name=\"twitter:label2\" content=\"Est. reading time\" \/>\n\t<meta name=\"twitter:data2\" content=\"2 minutes\" \/>\n<script type=\"application\/ld+json\" class=\"yoast-schema-graph\">{\"@context\":\"https:\\\/\\\/schema.org\",\"@graph\":[{\"@type\":\"Article\",\"@id\":\"https:\\\/\\\/www.bellunopress.it\\\/2026\\\/06\\\/16\\\/giovedi-a-perarolo-lincontro-abitare-il-futuro-innovazione-giovani-e-nuove-prospettive-per-la-montagna\\\/#article\",\"isPartOf\":{\"@id\":\"https:\\\/\\\/www.bellunopress.it\\\/2026\\\/06\\\/16\\\/giovedi-a-perarolo-lincontro-abitare-il-futuro-innovazione-giovani-e-nuove-prospettive-per-la-montagna\\\/\"},\"author\":{\"name\":\"redazione\",\"@id\":\"https:\\\/\\\/www.bellunopress.it\\\/#\\\/schema\\\/person\\\/79bb06722b37ece1c03d3e94beb30d73\"},\"headline\":\"Gioved\u00ec a Perarolo l&#8217;incontro &#8220;Abitare il futuro: innovazione, giovani e nuove prospettive per la montagna\u201d\",\"datePublished\":\"2026-06-16T09:29:33+00:00\",\"mainEntityOfPage\":{\"@id\":\"https:\\\/\\\/www.bellunopress.it\\\/2026\\\/06\\\/16\\\/giovedi-a-perarolo-lincontro-abitare-il-futuro-innovazione-giovani-e-nuove-prospettive-per-la-montagna\\\/\"},\"wordCount\":300,\"publisher\":{\"@id\":\"https:\\\/\\\/www.bellunopress.it\\\/#organization\"},\"image\":{\"@id\":\"https:\\\/\\\/www.bellunopress.it\\\/2026\\\/06\\\/16\\\/giovedi-a-perarolo-lincontro-abitare-il-futuro-innovazione-giovani-e-nuove-prospettive-per-la-montagna\\\/#primaryimage\"},\"thumbnailUrl\":\"https:\\\/\\\/www.bellunopress.it\\\/wp-content\\\/uploads\\\/2026\\\/02\\\/Lo-Sporthello-Perarolo-di-Cadore.jpg\",\"articleSection\":[\"Appuntamenti, Eventi\"],\"inLanguage\":\"fr-FR\"},{\"@type\":\"WebPage\",\"@id\":\"https:\\\/\\\/www.bellunopress.it\\\/2026\\\/06\\\/16\\\/giovedi-a-perarolo-lincontro-abitare-il-futuro-innovazione-giovani-e-nuove-prospettive-per-la-montagna\\\/\",\"url\":\"https:\\\/\\\/www.bellunopress.it\\\/2026\\\/06\\\/16\\\/giovedi-a-perarolo-lincontro-abitare-il-futuro-innovazione-giovani-e-nuove-prospettive-per-la-montagna\\\/\",\"name\":\"Gioved\u00ec a Perarolo l'incontro \\\"Abitare il futuro: innovazione, giovani e nuove prospettive per la montagna\u201d - Bellunopress - Dolomiti\",\"isPartOf\":{\"@id\":\"https:\\\/\\\/www.bellunopress.it\\\/#website\"},\"primaryImageOfPage\":{\"@id\":\"https:\\\/\\\/www.bellunopress.it\\\/2026\\\/06\\\/16\\\/giovedi-a-perarolo-lincontro-abitare-il-futuro-innovazione-giovani-e-nuove-prospettive-per-la-montagna\\\/#primaryimage\"},\"image\":{\"@id\":\"https:\\\/\\\/www.bellunopress.it\\\/2026\\\/06\\\/16\\\/giovedi-a-perarolo-lincontro-abitare-il-futuro-innovazione-giovani-e-nuove-prospettive-per-la-montagna\\\/#primaryimage\"},\"thumbnailUrl\":\"https:\\\/\\\/www.bellunopress.it\\\/wp-content\\\/uploads\\\/2026\\\/02\\\/Lo-Sporthello-Perarolo-di-Cadore.jpg\",\"datePublished\":\"2026-06-16T09:29:33+00:00\",\"breadcrumb\":{\"@id\":\"https:\\\/\\\/www.bellunopress.it\\\/2026\\\/06\\\/16\\\/giovedi-a-perarolo-lincontro-abitare-il-futuro-innovazione-giovani-e-nuove-prospettive-per-la-montagna\\\/#breadcrumb\"},\"inLanguage\":\"fr-FR\",\"potentialAction\":[{\"@type\":\"ReadAction\",\"target\":[\"https:\\\/\\\/www.bellunopress.it\\\/2026\\\/06\\\/16\\\/giovedi-a-perarolo-lincontro-abitare-il-futuro-innovazione-giovani-e-nuove-prospettive-per-la-montagna\\\/\"]}]},{\"@type\":\"ImageObject\",\"inLanguage\":\"fr-FR\",\"@id\":\"https:\\\/\\\/www.bellunopress.it\\\/2026\\\/06\\\/16\\\/giovedi-a-perarolo-lincontro-abitare-il-futuro-innovazione-giovani-e-nuove-prospettive-per-la-montagna\\\/#primaryimage\",\"url\":\"https:\\\/\\\/www.bellunopress.it\\\/wp-content\\\/uploads\\\/2026\\\/02\\\/Lo-Sporthello-Perarolo-di-Cadore.jpg\",\"contentUrl\":\"https:\\\/\\\/www.bellunopress.it\\\/wp-content\\\/uploads\\\/2026\\\/02\\\/Lo-Sporthello-Perarolo-di-Cadore.jpg\",\"width\":483,\"height\":472},{\"@type\":\"BreadcrumbList\",\"@id\":\"https:\\\/\\\/www.bellunopress.it\\\/2026\\\/06\\\/16\\\/giovedi-a-perarolo-lincontro-abitare-il-futuro-innovazione-giovani-e-nuove-prospettive-per-la-montagna\\\/#breadcrumb\",\"itemListElement\":[{\"@type\":\"ListItem\",\"position\":1,\"name\":\"Home\",\"item\":\"https:\\\/\\\/www.bellunopress.it\\\/\"},{\"@type\":\"ListItem\",\"position\":2,\"name\":\"Gioved\u00ec a Perarolo l&#8217;incontro &#8220;Abitare il futuro: innovazione, giovani e nuove prospettive per la montagna\u201d\"}]},{\"@type\":\"WebSite\",\"@id\":\"https:\\\/\\\/www.bellunopress.it\\\/#website\",\"url\":\"https:\\\/\\\/www.bellunopress.it\\\/\",\"name\":\"Bellunopress - Dolomiti\",\"description\":\"e-mail: redazione@bellunopress.it\",\"publisher\":{\"@id\":\"https:\\\/\\\/www.bellunopress.it\\\/#organization\"},\"potentialAction\":[{\"@type\":\"SearchAction\",\"target\":{\"@type\":\"EntryPoint\",\"urlTemplate\":\"https:\\\/\\\/www.bellunopress.it\\\/?s={search_term_string}\"},\"query-input\":{\"@type\":\"PropertyValueSpecification\",\"valueRequired\":true,\"valueName\":\"search_term_string\"}}],\"inLanguage\":\"fr-FR\"},{\"@type\":\"Organization\",\"@id\":\"https:\\\/\\\/www.bellunopress.it\\\/#organization\",\"name\":\"Bellunopress\",\"url\":\"https:\\\/\\\/www.bellunopress.it\\\/\",\"logo\":{\"@type\":\"ImageObject\",\"inLanguage\":\"fr-FR\",\"@id\":\"https:\\\/\\\/www.bellunopress.it\\\/#\\\/schema\\\/logo\\\/image\\\/\",\"url\":\"https:\\\/\\\/www.bellunopress.it\\\/wp-content\\\/uploads\\\/2011\\\/05\\\/cropped-logo-bellunopress-.jpg\",\"contentUrl\":\"https:\\\/\\\/www.bellunopress.it\\\/wp-content\\\/uploads\\\/2011\\\/05\\\/cropped-logo-bellunopress-.jpg\",\"width\":512,\"height\":512,\"caption\":\"Bellunopress\"},\"image\":{\"@id\":\"https:\\\/\\\/www.bellunopress.it\\\/#\\\/schema\\\/logo\\\/image\\\/\"},\"sameAs\":[\"https:\\\/\\\/www.facebook.com\\\/profile.php?id=100008943462799\",\"https:\\\/\\\/x.com\\\/bellunopress\",\"https:\\\/\\\/www.linkedin.com\\\/hp\\\/?dnr=JBzUWaJfMUw8vbXJJ2tVW5-I3jZKvC4wsoxE&amp;amp;amp;amp;amp;amp;trk=nav_responsive_tab_home\",\"https:\\\/\\\/www.youtube.com\\\/channel\\\/UCxL0wu1uN0_3_7hGG0306cw\"]},{\"@type\":\"Person\",\"@id\":\"https:\\\/\\\/www.bellunopress.it\\\/#\\\/schema\\\/person\\\/79bb06722b37ece1c03d3e94beb30d73\",\"name\":\"redazione\",\"image\":{\"@type\":\"ImageObject\",\"inLanguage\":\"fr-FR\",\"@id\":\"https:\\\/\\\/secure.gravatar.com\\\/avatar\\\/37d968a2e67a6fd04c169c4bdef102d0bc5d31b2546345219e348575eb80e9a0?s=96&d=mm&r=g\",\"url\":\"https:\\\/\\\/secure.gravatar.com\\\/avatar\\\/37d968a2e67a6fd04c169c4bdef102d0bc5d31b2546345219e348575eb80e9a0?s=96&d=mm&r=g\",\"contentUrl\":\"https:\\\/\\\/secure.gravatar.com\\\/avatar\\\/37d968a2e67a6fd04c169c4bdef102d0bc5d31b2546345219e348575eb80e9a0?s=96&d=mm&r=g\",\"caption\":\"redazione\"},\"sameAs\":[\"http:\\\/\\\/www.bellunopress.it\",\"https:\\\/\\\/x.com\\\/bellunopress\"],\"url\":\"https:\\\/\\\/www.bellunopress.it\\\/fr\\\/author\\\/redazione\\\/\"}]}<\/script>\n<!-- \/ Yoast SEO plugin. -->","yoast_head_json":{"title":"Gioved\u00ec a Perarolo l'incontro \"Abitare il futuro: innovazione, giovani e nuove prospettive per la montagna\u201d - Bellunopress - Dolomiti","robots":{"index":"index","follow":"follow","max-snippet":"max-snippet:-1","max-image-preview":"max-image-preview:large","max-video-preview":"max-video-preview:-1"},"canonical":"https:\/\/www.bellunopress.it\/fr\/2026\/06\/16\/giovedi-a-perarolo-lincontro-abitare-il-futuro-innovazione-giovani-e-nuove-prospettive-per-la-montagna\/","og_locale":"fr_FR","og_type":"article","og_title":"Gioved\u00ec a Perarolo l'incontro \"Abitare il futuro: innovazione, giovani e nuove prospettive per la montagna\u201d - Bellunopress - Dolomiti","og_description":"A due anni dalla sua apertura, lo SportHello vuole offrire un&#8217;opportunit\u00e0 di confronto su alcune delle sfide pi\u00f9 attuali che interessano i territori montani. Gioved\u00ec 18 giugno organizza infatti a Perarolo di Cadore l&#8217;incontro dal titolo \u201cAbitare il futuro: innovazione, giovani e nuove prospettive per la montagna\u201d, un momento di approfondimento e dialogo che, grazie [&hellip;]","og_url":"https:\/\/www.bellunopress.it\/fr\/2026\/06\/16\/giovedi-a-perarolo-lincontro-abitare-il-futuro-innovazione-giovani-e-nuove-prospettive-per-la-montagna\/","og_site_name":"Bellunopress - Dolomiti","article_publisher":"https:\/\/www.facebook.com\/profile.php?id=100008943462799","article_published_time":"2026-06-16T09:29:33+00:00","og_image":[{"width":483,"height":472,"url":"https:\/\/www.bellunopress.it\/wp-content\/uploads\/2026\/02\/Lo-Sporthello-Perarolo-di-Cadore.jpg","type":"image\/jpeg"}],"author":"redazione","twitter_card":"summary_large_image","twitter_creator":"@bellunopress","twitter_site":"@bellunopress","twitter_misc":{"Written by":"redazione","Est. reading time":"2 minutes"},"schema":{"@context":"https:\/\/schema.org","@graph":[{"@type":"Article","@id":"https:\/\/www.bellunopress.it\/2026\/06\/16\/giovedi-a-perarolo-lincontro-abitare-il-futuro-innovazione-giovani-e-nuove-prospettive-per-la-montagna\/#article","isPartOf":{"@id":"https:\/\/www.bellunopress.it\/2026\/06\/16\/giovedi-a-perarolo-lincontro-abitare-il-futuro-innovazione-giovani-e-nuove-prospettive-per-la-montagna\/"},"author":{"name":"redazione","@id":"https:\/\/www.bellunopress.it\/#\/schema\/person\/79bb06722b37ece1c03d3e94beb30d73"},"headline":"Gioved\u00ec a Perarolo l&#8217;incontro &#8220;Abitare il futuro: innovazione, giovani e nuove prospettive per la montagna\u201d","datePublished":"2026-06-16T09:29:33+00:00","mainEntityOfPage":{"@id":"https:\/\/www.bellunopress.it\/2026\/06\/16\/giovedi-a-perarolo-lincontro-abitare-il-futuro-innovazione-giovani-e-nuove-prospettive-per-la-montagna\/"},"wordCount":300,"publisher":{"@id":"https:\/\/www.bellunopress.it\/#organization"},"image":{"@id":"https:\/\/www.bellunopress.it\/2026\/06\/16\/giovedi-a-perarolo-lincontro-abitare-il-futuro-innovazione-giovani-e-nuove-prospettive-per-la-montagna\/#primaryimage"},"thumbnailUrl":"https:\/\/www.bellunopress.it\/wp-content\/uploads\/2026\/02\/Lo-Sporthello-Perarolo-di-Cadore.jpg","articleSection":["Appuntamenti, Eventi"],"inLanguage":"fr-FR"},{"@type":"WebPage","@id":"https:\/\/www.bellunopress.it\/2026\/06\/16\/giovedi-a-perarolo-lincontro-abitare-il-futuro-innovazione-giovani-e-nuove-prospettive-per-la-montagna\/","url":"https:\/\/www.bellunopress.it\/2026\/06\/16\/giovedi-a-perarolo-lincontro-abitare-il-futuro-innovazione-giovani-e-nuove-prospettive-per-la-montagna\/","name":"Gioved\u00ec a Perarolo l'incontro \"Abitare il futuro: innovazione, giovani e nuove prospettive per la montagna\u201d - Bellunopress - Dolomiti","isPartOf":{"@id":"https:\/\/www.bellunopress.it\/#website"},"primaryImageOfPage":{"@id":"https:\/\/www.bellunopress.it\/2026\/06\/16\/giovedi-a-perarolo-lincontro-abitare-il-futuro-innovazione-giovani-e-nuove-prospettive-per-la-montagna\/#primaryimage"},"image":{"@id":"https:\/\/www.bellunopress.it\/2026\/06\/16\/giovedi-a-perarolo-lincontro-abitare-il-futuro-innovazione-giovani-e-nuove-prospettive-per-la-montagna\/#primaryimage"},"thumbnailUrl":"https:\/\/www.bellunopress.it\/wp-content\/uploads\/2026\/02\/Lo-Sporthello-Perarolo-di-Cadore.jpg","datePublished":"2026-06-16T09:29:33+00:00","breadcrumb":{"@id":"https:\/\/www.bellunopress.it\/2026\/06\/16\/giovedi-a-perarolo-lincontro-abitare-il-futuro-innovazione-giovani-e-nuove-prospettive-per-la-montagna\/#breadcrumb"},"inLanguage":"fr-FR","potentialAction":[{"@type":"ReadAction","target":["https:\/\/www.bellunopress.it\/2026\/06\/16\/giovedi-a-perarolo-lincontro-abitare-il-futuro-innovazione-giovani-e-nuove-prospettive-per-la-montagna\/"]}]},{"@type":"ImageObject","inLanguage":"fr-FR","@id":"https:\/\/www.bellunopress.it\/2026\/06\/16\/giovedi-a-perarolo-lincontro-abitare-il-futuro-innovazione-giovani-e-nuove-prospettive-per-la-montagna\/#primaryimage","url":"https:\/\/www.bellunopress.it\/wp-content\/uploads\/2026\/02\/Lo-Sporthello-Perarolo-di-Cadore.jpg","contentUrl":"https:\/\/www.bellunopress.it\/wp-content\/uploads\/2026\/02\/Lo-Sporthello-Perarolo-di-Cadore.jpg","width":483,"height":472},{"@type":"BreadcrumbList","@id":"https:\/\/www.bellunopress.it\/2026\/06\/16\/giovedi-a-perarolo-lincontro-abitare-il-futuro-innovazione-giovani-e-nuove-prospettive-per-la-montagna\/#breadcrumb","itemListElement":[{"@type":"ListItem","position":1,"name":"Home","item":"https:\/\/www.bellunopress.it\/"},{"@type":"ListItem","position":2,"name":"Gioved\u00ec a Perarolo l&#8217;incontro &#8220;Abitare il futuro: innovazione, giovani e nuove prospettive per la montagna\u201d"}]},{"@type":"WebSite","@id":"https:\/\/www.bellunopress.it\/#website","url":"https:\/\/www.bellunopress.it\/","name":"Bellunopress - Dolomiti","description":"e-mail: redazione@bellunopress.it","publisher":{"@id":"https:\/\/www.bellunopress.it\/#organization"},"potentialAction":[{"@type":"SearchAction","target":{"@type":"EntryPoint","urlTemplate":"https:\/\/www.bellunopress.it\/?s={search_term_string}"},"query-input":{"@type":"PropertyValueSpecification","valueRequired":true,"valueName":"search_term_string"}}],"inLanguage":"fr-FR"},{"@type":"Organization","@id":"https:\/\/www.bellunopress.it\/#organization","name":"Bellunopress","url":"https:\/\/www.bellunopress.it\/","logo":{"@type":"ImageObject","inLanguage":"fr-FR","@id":"https:\/\/www.bellunopress.it\/#\/schema\/logo\/image\/","url":"https:\/\/www.bellunopress.it\/wp-content\/uploads\/2011\/05\/cropped-logo-bellunopress-.jpg","contentUrl":"https:\/\/www.bellunopress.it\/wp-content\/uploads\/2011\/05\/cropped-logo-bellunopress-.jpg","width":512,"height":512,"caption":"Bellunopress"},"image":{"@id":"https:\/\/www.bellunopress.it\/#\/schema\/logo\/image\/"},"sameAs":["https:\/\/www.facebook.com\/profile.php?id=100008943462799","https:\/\/x.com\/bellunopress","https:\/\/www.linkedin.com\/hp\/?dnr=JBzUWaJfMUw8vbXJJ2tVW5-I3jZKvC4wsoxE&amp;amp;amp;amp;amp;amp;trk=nav_responsive_tab_home","https:\/\/www.youtube.com\/channel\/UCxL0wu1uN0_3_7hGG0306cw"]},{"@type":"Person","@id":"https:\/\/www.bellunopress.it\/#\/schema\/person\/79bb06722b37ece1c03d3e94beb30d73","name":"r\u00e9daction","image":{"@type":"ImageObject","inLanguage":"fr-FR","@id":"https:\/\/secure.gravatar.com\/avatar\/37d968a2e67a6fd04c169c4bdef102d0bc5d31b2546345219e348575eb80e9a0?s=96&d=mm&r=g","url":"https:\/\/secure.gravatar.com\/avatar\/37d968a2e67a6fd04c169c4bdef102d0bc5d31b2546345219e348575eb80e9a0?s=96&d=mm&r=g","contentUrl":"https:\/\/secure.gravatar.com\/avatar\/37d968a2e67a6fd04c169c4bdef102d0bc5d31b2546345219e348575eb80e9a0?s=96&d=mm&r=g","caption":"redazione"},"sameAs":["http:\/\/www.bellunopress.it","https:\/\/x.com\/bellunopress"],"url":"https:\/\/www.bellunopress.it\/fr\/author\/redazione\/"}]}},"_links":{"self":[{"href":"https:\/\/www.bellunopress.it\/fr\/wp-json\/wp\/v2\/posts\/170989","targetHints":{"allow":["GET"]}}],"collection":[{"href":"https:\/\/www.bellunopress.it\/fr\/wp-json\/wp\/v2\/posts"}],"about":[{"href":"https:\/\/www.bellunopress.it\/fr\/wp-json\/wp\/v2\/types\/post"}],"author":[{"embeddable":true,"href":"https:\/\/www.bellunopress.it\/fr\/wp-json\/wp\/v2\/users\/2"}],"replies":[{"embeddable":true,"href":"https:\/\/www.bellunopress.it\/fr\/wp-json\/wp\/v2\/comments?post=170989"}],"version-history":[{"count":1,"href":"https:\/\/www.bellunopress.it\/fr\/wp-json\/wp\/v2\/posts\/170989\/revisions"}],"predecessor-version":[{"id":170990,"href":"https:\/\/www.bellunopress.it\/fr\/wp-json\/wp\/v2\/posts\/170989\/revisions\/170990"}],"wp:featuredmedia":[{"embeddable":true,"href":"https:\/\/www.bellunopress.it\/fr\/wp-json\/wp\/v2\/media\/167376"}],"wp:attachment":[{"href":"https:\/\/www.bellunopress.it\/fr\/wp-json\/wp\/v2\/media?parent=170989"}],"wp:term":[{"taxonomy":"category","embeddable":true,"href":"https:\/\/www.bellunopress.it\/fr\/wp-json\/wp\/v2\/categories?post=170989"},{"taxonomy":"post_tag","embeddable":true,"href":"https:\/\/www.bellunopress.it\/fr\/wp-json\/wp\/v2\/tags?post=170989"}],"curies":[{"name":"wp","href":"https:\/\/api.w.org\/{rel}","templated":true}]}}