{"id":170980,"date":"2026-06-16T07:46:06","date_gmt":"2026-06-16T05:46:06","guid":{"rendered":"https:\/\/www.bellunopress.it\/?p=170980"},"modified":"2026-06-16T07:46:06","modified_gmt":"2026-06-16T05:46:06","slug":"quando-il-sole-influenza-la-nostra-salute-la-tempesta-cannibale-di-giugno-e-i-suoi-riflessi-biologici","status":"publish","type":"post","link":"https:\/\/www.bellunopress.it\/fr\/2026\/06\/16\/quando-il-sole-influenza-la-nostra-salute-la-tempesta-cannibale-di-giugno-e-i-suoi-riflessi-biologici\/","title":{"rendered":"Quando il Sole influenza la nostra salute: la &#8220;Tempesta Cannibale&#8221; di giugno e i suoi riflessi biologici"},"content":{"rendered":"<p data-path-to-node=\"3\">Nei primi giorni di giugno 2026, lo sguardo della comunit\u00e0 scientifica e degli appassionati di astronomia \u00e8 stato rivolto verso l\u2019alto. Non per osservare le stelle, ma per monitorare un Sole particolarmente inquieto che ha innescato una serie di eventi geomagnetici di notevole intensit\u00e0. In questo contesto, \u00e8 emersa una riflessione inedita: pu\u00f2 l&#8217;attivit\u00e0 solare influenzare direttamente la nostra salute fisica?<\/p>\n<p data-path-to-node=\"5\">Tra il 4 e il 5 giugno, il Sole \u00e8 stato protagonista di una serie di eruzioni solari ravvicinate che hanno dato vita a quello che in gergo tecnico viene definito un evento di &#8220;tempesta cannibale&#8221;.<\/p>\n<p data-path-to-node=\"6\">Il fenomeno si verifica quando il Sole espelle diverse masse di plasma (CME &#8211; <i data-path-to-node=\"6\" data-index-in-node=\"78\">Coronal Mass Ejections<\/i>) in rapida successione. Poich\u00e9 le eruzioni pi\u00f9 recenti viaggiano a velocit\u00e0 superiori, esse finiscono per &#8220;raggiungere&#8221; e inglobare le precedenti, fondendosi in un&#8217;unica, enorme bolla di plasma magnetizzato. Quando questa massa colpisce la magnetosfera terrestre, l&#8217;impatto \u00e8 di gran lunga superiore a quello di un normale brillamento, raggiungendo livelli di allerta tra la classe G3 (Forte) e G4 (Severa) secondo le scale della NOAA.<\/p>\n<p data-path-to-node=\"8\">Sebbene la tempesta principale abbia raggiunto il suo apice tra il 4 e il 5 giugno, l&#8217;attivit\u00e0 solare non si \u00e8 arrestata. Anche nei giorni successivi, fino al 10 giugno, il Sole ha continuato a emettere flussi energetici e perturbazioni radio. Questo ha mantenuto il campo magnetico terrestre in uno stato di &#8220;agitazione&#8221; costante, impedendo al sistema magnetico planetario di stabilizzarsi rapidamente. \u00c8 proprio in questo periodo di coda \u2013 tra il 9 e il 10 giugno \u2013 che diversi osservatori sanitari hanno iniziato a notare una casistica anomala.<\/p>\n<p data-path-to-node=\"10\">La domanda che si sono posti alcuni medici \u00e8 tanto affascinante quanto complessa: esiste un legame tra queste tempeste e la salute umana? Alcune evidenze cliniche raccolte proprio in quei giorni hanno mostrato un aumento inspiegabile di picchi di pressione arteriosa in pazienti di diversa et\u00e0 e stile di vita.<\/p>\n<p data-path-to-node=\"11\">Sebbene la medicina ufficiale tenda a privilegiare cause come lo stress, la dieta o le variazioni meteo tradizionali, la biometeorologia spaziale suggerisce una spiegazione alternativa:<\/p>\n<ul data-path-to-node=\"12\">\n<li>\n<p data-path-to-node=\"12,0,0\">Il sistema nervoso autonomo: Il nostro organismo \u00e8 un sistema bioelettrico. Il cuore e il sistema nervoso reagiscono a impulsi elettrici delicatissimi. Si ipotizza che le forti perturbazioni del campo geomagnetico possano agire come un fattore di disturbo per la regolazione del sistema nervoso autonomo, influenzando la variabilit\u00e0 della frequenza cardiaca e, di riflesso, la pressione sanguigna.<\/p>\n<\/li>\n<li>\n<p data-path-to-node=\"12,1,0\">La soglia di tolleranza: In presenza di uno stress geomagnetico prolungato (come quello vissuto tra il 4 e il 10 giugno), la soglia di tolleranza del corpo umano si abbassa. Soggetti che solitamente gestiscono bene il proprio equilibrio pressorio potrebbero aver risentito della somma di questi fattori ambientali invisibili.<\/p>\n<\/li>\n<\/ul>\n<p data-path-to-node=\"14\">Il dibattito rimane aperto. Mentre la scienza continua a indagare i meccanismi molecolari che potrebbero legare il Sole alla nostra fisiologia, il caso di giugno 2026 ci invita a considerare l&#8217;uomo non come un&#8217;entit\u00e0 isolata, ma come parte integrante di un ecosistema molto pi\u00f9 ampio, dove anche i venti che soffiano nello spazio possono, in modo sottile, influenzare il nostro benessere quotidiano.<\/p>\n<p data-path-to-node=\"15\">Monitorare queste correlazioni, come sta facendo parte della comunit\u00e0 medica, \u00e8 il primo passo per comprendere meglio la nostra fragilit\u00e0 e, forse, per imparare a proteggerci meglio durante le fasi di intensa attivit\u00e0 solare.<\/p>\n<p data-path-to-node=\"17\"><i data-path-to-node=\"17\" data-index-in-node=\"0\">Nota: Le informazioni contenute in questo articolo sono a scopo informativo. Per qualsiasi disturbo di salute, \u00e8 sempre necessario consultare il proprio medico curante, che rimane la figura di riferimento per la diagnosi e la terapia.<\/i><\/p>","protected":false},"excerpt":{"rendered":"<p>Nei primi giorni di giugno 2026, lo sguardo della comunit\u00e0 scientifica e degli appassionati di astronomia \u00e8 stato rivolto verso l\u2019alto. Non per osservare le stelle, ma per monitorare un Sole particolarmente inquieto che ha innescato una serie di eventi geomagnetici di notevole intensit\u00e0. In questo contesto, \u00e8 emersa una riflessione inedita: pu\u00f2 l&#8217;attivit\u00e0 solare [&hellip;]<\/p>\n","protected":false},"author":2,"featured_media":170981,"comment_status":"closed","ping_status":"open","sticky":false,"template":"","format":"standard","meta":{"footnotes":""},"categories":[26,17],"tags":[],"class_list":["post-170980","post","type-post","status-publish","format-standard","has-post-thumbnail","category-prima-pagina","category-sanita"],"yoast_head":"<!-- This site is optimized with the Yoast SEO plugin v28.4 - https:\/\/yoast.com\/product\/yoast-seo-wordpress\/ -->\n<title>Quando il Sole influenza la nostra salute: la &quot;Tempesta Cannibale&quot; di giugno e i suoi riflessi biologici - Bellunopress - Dolomiti<\/title>\n<meta name=\"robots\" content=\"index, follow, max-snippet:-1, max-image-preview:large, max-video-preview:-1\" \/>\n<link rel=\"canonical\" href=\"https:\/\/www.bellunopress.it\/fr\/2026\/06\/16\/quando-il-sole-influenza-la-nostra-salute-la-tempesta-cannibale-di-giugno-e-i-suoi-riflessi-biologici\/\" \/>\n<meta property=\"og:locale\" content=\"fr_FR\" \/>\n<meta property=\"og:type\" content=\"article\" \/>\n<meta property=\"og:title\" content=\"Quando il Sole influenza la nostra salute: la &quot;Tempesta Cannibale&quot; di giugno e i suoi riflessi biologici - Bellunopress - Dolomiti\" \/>\n<meta property=\"og:description\" content=\"Nei primi giorni di giugno 2026, lo sguardo della comunit\u00e0 scientifica e degli appassionati di astronomia \u00e8 stato rivolto verso l\u2019alto. Non per osservare le stelle, ma per monitorare un Sole particolarmente inquieto che ha innescato una serie di eventi geomagnetici di notevole intensit\u00e0. In questo contesto, \u00e8 emersa una riflessione inedita: pu\u00f2 l&#8217;attivit\u00e0 solare [&hellip;]\" \/>\n<meta property=\"og:url\" content=\"https:\/\/www.bellunopress.it\/fr\/2026\/06\/16\/quando-il-sole-influenza-la-nostra-salute-la-tempesta-cannibale-di-giugno-e-i-suoi-riflessi-biologici\/\" \/>\n<meta property=\"og:site_name\" content=\"Bellunopress - Dolomiti\" \/>\n<meta property=\"article:publisher\" content=\"https:\/\/www.facebook.com\/profile.php?id=100008943462799\" \/>\n<meta property=\"article:published_time\" content=\"2026-06-16T05:46:06+00:00\" \/>\n<meta property=\"og:image\" content=\"https:\/\/www.bellunopress.it\/wp-content\/uploads\/2026\/06\/tempesta-cannibale.jpg\" \/>\n\t<meta property=\"og:image:width\" content=\"600\" \/>\n\t<meta property=\"og:image:height\" content=\"327\" \/>\n\t<meta property=\"og:image:type\" content=\"image\/jpeg\" \/>\n<meta name=\"author\" content=\"redazione\" \/>\n<meta name=\"twitter:card\" content=\"summary_large_image\" \/>\n<meta name=\"twitter:creator\" content=\"@bellunopress\" \/>\n<meta name=\"twitter:site\" content=\"@bellunopress\" \/>\n<meta name=\"twitter:label1\" content=\"\u00c9crit par\" \/>\n\t<meta name=\"twitter:data1\" content=\"redazione\" \/>\n\t<meta name=\"twitter:label2\" content=\"Dur\u00e9e de lecture estim\u00e9e\" \/>\n\t<meta name=\"twitter:data2\" content=\"4 minutes\" \/>\n<script type=\"application\/ld+json\" class=\"yoast-schema-graph\">{\"@context\":\"https:\\\/\\\/schema.org\",\"@graph\":[{\"@type\":\"Article\",\"@id\":\"https:\\\/\\\/www.bellunopress.it\\\/2026\\\/06\\\/16\\\/quando-il-sole-influenza-la-nostra-salute-la-tempesta-cannibale-di-giugno-e-i-suoi-riflessi-biologici\\\/#article\",\"isPartOf\":{\"@id\":\"https:\\\/\\\/www.bellunopress.it\\\/2026\\\/06\\\/16\\\/quando-il-sole-influenza-la-nostra-salute-la-tempesta-cannibale-di-giugno-e-i-suoi-riflessi-biologici\\\/\"},\"author\":{\"name\":\"redazione\",\"@id\":\"https:\\\/\\\/www.bellunopress.it\\\/#\\\/schema\\\/person\\\/79bb06722b37ece1c03d3e94beb30d73\"},\"headline\":\"Quando il Sole influenza la nostra salute: la &#8220;Tempesta Cannibale&#8221; di giugno e i suoi riflessi biologici\",\"datePublished\":\"2026-06-16T05:46:06+00:00\",\"mainEntityOfPage\":{\"@id\":\"https:\\\/\\\/www.bellunopress.it\\\/2026\\\/06\\\/16\\\/quando-il-sole-influenza-la-nostra-salute-la-tempesta-cannibale-di-giugno-e-i-suoi-riflessi-biologici\\\/\"},\"wordCount\":581,\"publisher\":{\"@id\":\"https:\\\/\\\/www.bellunopress.it\\\/#organization\"},\"image\":{\"@id\":\"https:\\\/\\\/www.bellunopress.it\\\/2026\\\/06\\\/16\\\/quando-il-sole-influenza-la-nostra-salute-la-tempesta-cannibale-di-giugno-e-i-suoi-riflessi-biologici\\\/#primaryimage\"},\"thumbnailUrl\":\"https:\\\/\\\/www.bellunopress.it\\\/wp-content\\\/uploads\\\/2026\\\/06\\\/tempesta-cannibale.jpg\",\"articleSection\":[\"Prima Pagina\",\"Sanit\u00e0 Medicina\"],\"inLanguage\":\"fr-FR\"},{\"@type\":\"WebPage\",\"@id\":\"https:\\\/\\\/www.bellunopress.it\\\/2026\\\/06\\\/16\\\/quando-il-sole-influenza-la-nostra-salute-la-tempesta-cannibale-di-giugno-e-i-suoi-riflessi-biologici\\\/\",\"url\":\"https:\\\/\\\/www.bellunopress.it\\\/2026\\\/06\\\/16\\\/quando-il-sole-influenza-la-nostra-salute-la-tempesta-cannibale-di-giugno-e-i-suoi-riflessi-biologici\\\/\",\"name\":\"Quando il Sole influenza la nostra salute: la \\\"Tempesta Cannibale\\\" di giugno e i suoi riflessi biologici - Bellunopress - Dolomiti\",\"isPartOf\":{\"@id\":\"https:\\\/\\\/www.bellunopress.it\\\/#website\"},\"primaryImageOfPage\":{\"@id\":\"https:\\\/\\\/www.bellunopress.it\\\/2026\\\/06\\\/16\\\/quando-il-sole-influenza-la-nostra-salute-la-tempesta-cannibale-di-giugno-e-i-suoi-riflessi-biologici\\\/#primaryimage\"},\"image\":{\"@id\":\"https:\\\/\\\/www.bellunopress.it\\\/2026\\\/06\\\/16\\\/quando-il-sole-influenza-la-nostra-salute-la-tempesta-cannibale-di-giugno-e-i-suoi-riflessi-biologici\\\/#primaryimage\"},\"thumbnailUrl\":\"https:\\\/\\\/www.bellunopress.it\\\/wp-content\\\/uploads\\\/2026\\\/06\\\/tempesta-cannibale.jpg\",\"datePublished\":\"2026-06-16T05:46:06+00:00\",\"breadcrumb\":{\"@id\":\"https:\\\/\\\/www.bellunopress.it\\\/2026\\\/06\\\/16\\\/quando-il-sole-influenza-la-nostra-salute-la-tempesta-cannibale-di-giugno-e-i-suoi-riflessi-biologici\\\/#breadcrumb\"},\"inLanguage\":\"fr-FR\",\"potentialAction\":[{\"@type\":\"ReadAction\",\"target\":[\"https:\\\/\\\/www.bellunopress.it\\\/2026\\\/06\\\/16\\\/quando-il-sole-influenza-la-nostra-salute-la-tempesta-cannibale-di-giugno-e-i-suoi-riflessi-biologici\\\/\"]}]},{\"@type\":\"ImageObject\",\"inLanguage\":\"fr-FR\",\"@id\":\"https:\\\/\\\/www.bellunopress.it\\\/2026\\\/06\\\/16\\\/quando-il-sole-influenza-la-nostra-salute-la-tempesta-cannibale-di-giugno-e-i-suoi-riflessi-biologici\\\/#primaryimage\",\"url\":\"https:\\\/\\\/www.bellunopress.it\\\/wp-content\\\/uploads\\\/2026\\\/06\\\/tempesta-cannibale.jpg\",\"contentUrl\":\"https:\\\/\\\/www.bellunopress.it\\\/wp-content\\\/uploads\\\/2026\\\/06\\\/tempesta-cannibale.jpg\",\"width\":600,\"height\":327},{\"@type\":\"BreadcrumbList\",\"@id\":\"https:\\\/\\\/www.bellunopress.it\\\/2026\\\/06\\\/16\\\/quando-il-sole-influenza-la-nostra-salute-la-tempesta-cannibale-di-giugno-e-i-suoi-riflessi-biologici\\\/#breadcrumb\",\"itemListElement\":[{\"@type\":\"ListItem\",\"position\":1,\"name\":\"Home\",\"item\":\"https:\\\/\\\/www.bellunopress.it\\\/\"},{\"@type\":\"ListItem\",\"position\":2,\"name\":\"Quando il Sole influenza la nostra salute: la &#8220;Tempesta Cannibale&#8221; di giugno e i suoi riflessi biologici\"}]},{\"@type\":\"WebSite\",\"@id\":\"https:\\\/\\\/www.bellunopress.it\\\/#website\",\"url\":\"https:\\\/\\\/www.bellunopress.it\\\/\",\"name\":\"Bellunopress - Dolomiti\",\"description\":\"e-mail: redazione@bellunopress.it\",\"publisher\":{\"@id\":\"https:\\\/\\\/www.bellunopress.it\\\/#organization\"},\"potentialAction\":[{\"@type\":\"SearchAction\",\"target\":{\"@type\":\"EntryPoint\",\"urlTemplate\":\"https:\\\/\\\/www.bellunopress.it\\\/?s={search_term_string}\"},\"query-input\":{\"@type\":\"PropertyValueSpecification\",\"valueRequired\":true,\"valueName\":\"search_term_string\"}}],\"inLanguage\":\"fr-FR\"},{\"@type\":\"Organization\",\"@id\":\"https:\\\/\\\/www.bellunopress.it\\\/#organization\",\"name\":\"Bellunopress\",\"url\":\"https:\\\/\\\/www.bellunopress.it\\\/\",\"logo\":{\"@type\":\"ImageObject\",\"inLanguage\":\"fr-FR\",\"@id\":\"https:\\\/\\\/www.bellunopress.it\\\/#\\\/schema\\\/logo\\\/image\\\/\",\"url\":\"https:\\\/\\\/www.bellunopress.it\\\/wp-content\\\/uploads\\\/2011\\\/05\\\/cropped-logo-bellunopress-.jpg\",\"contentUrl\":\"https:\\\/\\\/www.bellunopress.it\\\/wp-content\\\/uploads\\\/2011\\\/05\\\/cropped-logo-bellunopress-.jpg\",\"width\":512,\"height\":512,\"caption\":\"Bellunopress\"},\"image\":{\"@id\":\"https:\\\/\\\/www.bellunopress.it\\\/#\\\/schema\\\/logo\\\/image\\\/\"},\"sameAs\":[\"https:\\\/\\\/www.facebook.com\\\/profile.php?id=100008943462799\",\"https:\\\/\\\/x.com\\\/bellunopress\",\"https:\\\/\\\/www.linkedin.com\\\/hp\\\/?dnr=JBzUWaJfMUw8vbXJJ2tVW5-I3jZKvC4wsoxE&amp;amp;amp;amp;amp;amp;trk=nav_responsive_tab_home\",\"https:\\\/\\\/www.youtube.com\\\/channel\\\/UCxL0wu1uN0_3_7hGG0306cw\"]},{\"@type\":\"Person\",\"@id\":\"https:\\\/\\\/www.bellunopress.it\\\/#\\\/schema\\\/person\\\/79bb06722b37ece1c03d3e94beb30d73\",\"name\":\"redazione\",\"image\":{\"@type\":\"ImageObject\",\"inLanguage\":\"fr-FR\",\"@id\":\"https:\\\/\\\/secure.gravatar.com\\\/avatar\\\/37d968a2e67a6fd04c169c4bdef102d0bc5d31b2546345219e348575eb80e9a0?s=96&d=mm&r=g\",\"url\":\"https:\\\/\\\/secure.gravatar.com\\\/avatar\\\/37d968a2e67a6fd04c169c4bdef102d0bc5d31b2546345219e348575eb80e9a0?s=96&d=mm&r=g\",\"contentUrl\":\"https:\\\/\\\/secure.gravatar.com\\\/avatar\\\/37d968a2e67a6fd04c169c4bdef102d0bc5d31b2546345219e348575eb80e9a0?s=96&d=mm&r=g\",\"caption\":\"redazione\"},\"sameAs\":[\"http:\\\/\\\/www.bellunopress.it\",\"https:\\\/\\\/x.com\\\/bellunopress\"],\"url\":\"https:\\\/\\\/www.bellunopress.it\\\/fr\\\/author\\\/redazione\\\/\"}]}<\/script>\n<!-- \/ Yoast SEO plugin. -->","yoast_head_json":{"title":"Quando il Sole influenza la nostra salute: la \"Tempesta Cannibale\" di giugno e i suoi riflessi biologici - Bellunopress - Dolomiti","robots":{"index":"index","follow":"follow","max-snippet":"max-snippet:-1","max-image-preview":"max-image-preview:large","max-video-preview":"max-video-preview:-1"},"canonical":"https:\/\/www.bellunopress.it\/fr\/2026\/06\/16\/quando-il-sole-influenza-la-nostra-salute-la-tempesta-cannibale-di-giugno-e-i-suoi-riflessi-biologici\/","og_locale":"fr_FR","og_type":"article","og_title":"Quando il Sole influenza la nostra salute: la \"Tempesta Cannibale\" di giugno e i suoi riflessi biologici - Bellunopress - Dolomiti","og_description":"Nei primi giorni di giugno 2026, lo sguardo della comunit\u00e0 scientifica e degli appassionati di astronomia \u00e8 stato rivolto verso l\u2019alto. Non per osservare le stelle, ma per monitorare un Sole particolarmente inquieto che ha innescato una serie di eventi geomagnetici di notevole intensit\u00e0. In questo contesto, \u00e8 emersa una riflessione inedita: pu\u00f2 l&#8217;attivit\u00e0 solare [&hellip;]","og_url":"https:\/\/www.bellunopress.it\/fr\/2026\/06\/16\/quando-il-sole-influenza-la-nostra-salute-la-tempesta-cannibale-di-giugno-e-i-suoi-riflessi-biologici\/","og_site_name":"Bellunopress - Dolomiti","article_publisher":"https:\/\/www.facebook.com\/profile.php?id=100008943462799","article_published_time":"2026-06-16T05:46:06+00:00","og_image":[{"width":600,"height":327,"url":"https:\/\/www.bellunopress.it\/wp-content\/uploads\/2026\/06\/tempesta-cannibale.jpg","type":"image\/jpeg"}],"author":"redazione","twitter_card":"summary_large_image","twitter_creator":"@bellunopress","twitter_site":"@bellunopress","twitter_misc":{"\u00c9crit par":"redazione","Dur\u00e9e de lecture estim\u00e9e":"4 minutes"},"schema":{"@context":"https:\/\/schema.org","@graph":[{"@type":"Article","@id":"https:\/\/www.bellunopress.it\/2026\/06\/16\/quando-il-sole-influenza-la-nostra-salute-la-tempesta-cannibale-di-giugno-e-i-suoi-riflessi-biologici\/#article","isPartOf":{"@id":"https:\/\/www.bellunopress.it\/2026\/06\/16\/quando-il-sole-influenza-la-nostra-salute-la-tempesta-cannibale-di-giugno-e-i-suoi-riflessi-biologici\/"},"author":{"name":"redazione","@id":"https:\/\/www.bellunopress.it\/#\/schema\/person\/79bb06722b37ece1c03d3e94beb30d73"},"headline":"Quando il Sole influenza la nostra salute: la &#8220;Tempesta Cannibale&#8221; di giugno e i suoi riflessi biologici","datePublished":"2026-06-16T05:46:06+00:00","mainEntityOfPage":{"@id":"https:\/\/www.bellunopress.it\/2026\/06\/16\/quando-il-sole-influenza-la-nostra-salute-la-tempesta-cannibale-di-giugno-e-i-suoi-riflessi-biologici\/"},"wordCount":581,"publisher":{"@id":"https:\/\/www.bellunopress.it\/#organization"},"image":{"@id":"https:\/\/www.bellunopress.it\/2026\/06\/16\/quando-il-sole-influenza-la-nostra-salute-la-tempesta-cannibale-di-giugno-e-i-suoi-riflessi-biologici\/#primaryimage"},"thumbnailUrl":"https:\/\/www.bellunopress.it\/wp-content\/uploads\/2026\/06\/tempesta-cannibale.jpg","articleSection":["Prima Pagina","Sanit\u00e0 Medicina"],"inLanguage":"fr-FR"},{"@type":"WebPage","@id":"https:\/\/www.bellunopress.it\/2026\/06\/16\/quando-il-sole-influenza-la-nostra-salute-la-tempesta-cannibale-di-giugno-e-i-suoi-riflessi-biologici\/","url":"https:\/\/www.bellunopress.it\/2026\/06\/16\/quando-il-sole-influenza-la-nostra-salute-la-tempesta-cannibale-di-giugno-e-i-suoi-riflessi-biologici\/","name":"Quando il Sole influenza la nostra salute: la \"Tempesta Cannibale\" di giugno e i suoi riflessi biologici - Bellunopress - Dolomiti","isPartOf":{"@id":"https:\/\/www.bellunopress.it\/#website"},"primaryImageOfPage":{"@id":"https:\/\/www.bellunopress.it\/2026\/06\/16\/quando-il-sole-influenza-la-nostra-salute-la-tempesta-cannibale-di-giugno-e-i-suoi-riflessi-biologici\/#primaryimage"},"image":{"@id":"https:\/\/www.bellunopress.it\/2026\/06\/16\/quando-il-sole-influenza-la-nostra-salute-la-tempesta-cannibale-di-giugno-e-i-suoi-riflessi-biologici\/#primaryimage"},"thumbnailUrl":"https:\/\/www.bellunopress.it\/wp-content\/uploads\/2026\/06\/tempesta-cannibale.jpg","datePublished":"2026-06-16T05:46:06+00:00","breadcrumb":{"@id":"https:\/\/www.bellunopress.it\/2026\/06\/16\/quando-il-sole-influenza-la-nostra-salute-la-tempesta-cannibale-di-giugno-e-i-suoi-riflessi-biologici\/#breadcrumb"},"inLanguage":"fr-FR","potentialAction":[{"@type":"ReadAction","target":["https:\/\/www.bellunopress.it\/2026\/06\/16\/quando-il-sole-influenza-la-nostra-salute-la-tempesta-cannibale-di-giugno-e-i-suoi-riflessi-biologici\/"]}]},{"@type":"ImageObject","inLanguage":"fr-FR","@id":"https:\/\/www.bellunopress.it\/2026\/06\/16\/quando-il-sole-influenza-la-nostra-salute-la-tempesta-cannibale-di-giugno-e-i-suoi-riflessi-biologici\/#primaryimage","url":"https:\/\/www.bellunopress.it\/wp-content\/uploads\/2026\/06\/tempesta-cannibale.jpg","contentUrl":"https:\/\/www.bellunopress.it\/wp-content\/uploads\/2026\/06\/tempesta-cannibale.jpg","width":600,"height":327},{"@type":"BreadcrumbList","@id":"https:\/\/www.bellunopress.it\/2026\/06\/16\/quando-il-sole-influenza-la-nostra-salute-la-tempesta-cannibale-di-giugno-e-i-suoi-riflessi-biologici\/#breadcrumb","itemListElement":[{"@type":"ListItem","position":1,"name":"Home","item":"https:\/\/www.bellunopress.it\/"},{"@type":"ListItem","position":2,"name":"Quando il Sole influenza la nostra salute: la &#8220;Tempesta Cannibale&#8221; di giugno e i suoi riflessi biologici"}]},{"@type":"WebSite","@id":"https:\/\/www.bellunopress.it\/#website","url":"https:\/\/www.bellunopress.it\/","name":"Bellunopress - Dolomiti","description":"e-mail: redazione@bellunopress.it","publisher":{"@id":"https:\/\/www.bellunopress.it\/#organization"},"potentialAction":[{"@type":"SearchAction","target":{"@type":"EntryPoint","urlTemplate":"https:\/\/www.bellunopress.it\/?s={search_term_string}"},"query-input":{"@type":"PropertyValueSpecification","valueRequired":true,"valueName":"search_term_string"}}],"inLanguage":"fr-FR"},{"@type":"Organization","@id":"https:\/\/www.bellunopress.it\/#organization","name":"Bellunopress","url":"https:\/\/www.bellunopress.it\/","logo":{"@type":"ImageObject","inLanguage":"fr-FR","@id":"https:\/\/www.bellunopress.it\/#\/schema\/logo\/image\/","url":"https:\/\/www.bellunopress.it\/wp-content\/uploads\/2011\/05\/cropped-logo-bellunopress-.jpg","contentUrl":"https:\/\/www.bellunopress.it\/wp-content\/uploads\/2011\/05\/cropped-logo-bellunopress-.jpg","width":512,"height":512,"caption":"Bellunopress"},"image":{"@id":"https:\/\/www.bellunopress.it\/#\/schema\/logo\/image\/"},"sameAs":["https:\/\/www.facebook.com\/profile.php?id=100008943462799","https:\/\/x.com\/bellunopress","https:\/\/www.linkedin.com\/hp\/?dnr=JBzUWaJfMUw8vbXJJ2tVW5-I3jZKvC4wsoxE&amp;amp;amp;amp;amp;amp;trk=nav_responsive_tab_home","https:\/\/www.youtube.com\/channel\/UCxL0wu1uN0_3_7hGG0306cw"]},{"@type":"Person","@id":"https:\/\/www.bellunopress.it\/#\/schema\/person\/79bb06722b37ece1c03d3e94beb30d73","name":"r\u00e9daction","image":{"@type":"ImageObject","inLanguage":"fr-FR","@id":"https:\/\/secure.gravatar.com\/avatar\/37d968a2e67a6fd04c169c4bdef102d0bc5d31b2546345219e348575eb80e9a0?s=96&d=mm&r=g","url":"https:\/\/secure.gravatar.com\/avatar\/37d968a2e67a6fd04c169c4bdef102d0bc5d31b2546345219e348575eb80e9a0?s=96&d=mm&r=g","contentUrl":"https:\/\/secure.gravatar.com\/avatar\/37d968a2e67a6fd04c169c4bdef102d0bc5d31b2546345219e348575eb80e9a0?s=96&d=mm&r=g","caption":"redazione"},"sameAs":["http:\/\/www.bellunopress.it","https:\/\/x.com\/bellunopress"],"url":"https:\/\/www.bellunopress.it\/fr\/author\/redazione\/"}]}},"_links":{"self":[{"href":"https:\/\/www.bellunopress.it\/fr\/wp-json\/wp\/v2\/posts\/170980","targetHints":{"allow":["GET"]}}],"collection":[{"href":"https:\/\/www.bellunopress.it\/fr\/wp-json\/wp\/v2\/posts"}],"about":[{"href":"https:\/\/www.bellunopress.it\/fr\/wp-json\/wp\/v2\/types\/post"}],"author":[{"embeddable":true,"href":"https:\/\/www.bellunopress.it\/fr\/wp-json\/wp\/v2\/users\/2"}],"replies":[{"embeddable":true,"href":"https:\/\/www.bellunopress.it\/fr\/wp-json\/wp\/v2\/comments?post=170980"}],"version-history":[{"count":1,"href":"https:\/\/www.bellunopress.it\/fr\/wp-json\/wp\/v2\/posts\/170980\/revisions"}],"predecessor-version":[{"id":170982,"href":"https:\/\/www.bellunopress.it\/fr\/wp-json\/wp\/v2\/posts\/170980\/revisions\/170982"}],"wp:featuredmedia":[{"embeddable":true,"href":"https:\/\/www.bellunopress.it\/fr\/wp-json\/wp\/v2\/media\/170981"}],"wp:attachment":[{"href":"https:\/\/www.bellunopress.it\/fr\/wp-json\/wp\/v2\/media?parent=170980"}],"wp:term":[{"taxonomy":"category","embeddable":true,"href":"https:\/\/www.bellunopress.it\/fr\/wp-json\/wp\/v2\/categories?post=170980"},{"taxonomy":"post_tag","embeddable":true,"href":"https:\/\/www.bellunopress.it\/fr\/wp-json\/wp\/v2\/tags?post=170980"}],"curies":[{"name":"wp","href":"https:\/\/api.w.org\/{rel}","templated":true}]}}