{"id":170967,"date":"2026-06-15T15:37:32","date_gmt":"2026-06-15T13:37:32","guid":{"rendered":"https:\/\/www.bellunopress.it\/?p=170967"},"modified":"2026-06-15T15:37:32","modified_gmt":"2026-06-15T13:37:32","slug":"auto-storiche-al-via-la-leggenda-di-bassano-trofeo-giannino-marzotto-2026","status":"publish","type":"post","link":"https:\/\/www.bellunopress.it\/fr\/2026\/06\/15\/auto-storiche-al-via-la-leggenda-di-bassano-trofeo-giannino-marzotto-2026\/","title":{"rendered":"Auto storiche. Al via La Leggenda di Bassano &#8211; Trofeo Giannino Marzotto 2026"},"content":{"rendered":"<p><strong>Dal 18 al 21 giugno torna la grande avventura delle Barchette storiche tra Veneto, Dolomiti e Alto Adige Al via, tra le altre, ben 11 Bentley, una Ferrari 121 LM e un\u2019Alfa Romeo 412<\/strong><br \/>\n<strong>Spazio anche alla sostenibilit\u00e0 ambientale ed il racconto esclusivo di Rai Radio Tutta Italiana<\/strong><\/p>\n<p>Bassano del Grappa, 15 giugno 2026 \u2013 Cento straordinarie vetture Sport Competizione costruite tra il 1920 e il 1960, i grandi passi dolomitici, alcuni tra i pi\u00f9 suggestivi paesaggi alpini d&#8217;Europa e una tradizione che si rinnova da oltre trent&#8217;anni. Sono questi gli ingredienti dell\u2019edizione 2026 de \u201cLa Leggenda di Bassano \u2013 Trofeo Giannino Marzotto\u201d, l&#8217;evento internazionale dedicato alle iconiche Barchette storiche organizzato dal Circolo Veneto Automoto d&#8217;Epoca (CVAE), in programma dal 18 al 21 giugno 2026.<\/p>\n<p>La Leggenda di Bassano rappresenta oggi uno degli appuntamenti pi\u00f9 prestigiosi del panorama internazionale del motorismo storico, capace di richiamare equipaggi provenienti da tutta Europa, dagli Stati Uniti e da numerosi Paesi extraeuropei. Un evento che unisce cultura, turismo, bellezze naturalistiche e passione automobilistica in un format esclusivo riservato alle vetture sportive aperte che hanno scritto alcune delle pagine pi\u00f9 affascinanti della storia dell&#8217;automobile.<br \/>\nL&#8217;edizione 2026 si annuncia particolarmente prestigiosa grazie a un parco auto di eccezionale qualit\u00e0. Dietro la sportivissima Dallara Barchetta Stradale messa a disposizione dalla casa di Varano de\u2019 Melegari ed affidata alle sapienti mani del bi-campione del mondo bassanese e testimonial della manifestazione Miki Biasion, spicca innanzitutto il numero record di undici<br \/>\nBentley anteguerra, costruite negli anni 20: una presenza senza precedenti che conferma il crescente richiamo internazionale della manifestazione.<\/p>\n<p>Di assoluto rilievo anche la presenza delle straordinarie Alfa Romeo 6C 2500 SS Ala Spessa del 1939, condotta dall\u2019equipaggio statunitense Andrew T. Arduini e Peter Markowski e, soprattutto, di una delle sole 3 Alfa Romeo 412 prodotte (2 ancora circolanti), mossa dal motore 12 cilindri progettato da Gioacchino Colombo, il padre dei V12 Ferrari. Sempre restando sulla casa di Maranello, vanno menzionate l\u2019iconica Ferrari 250 TRI 59\/60 del 1960, una di tre costruite, e una delle Ferrari pi\u00f9 rare ed ambite dai collezionisti: la Ferrari 121 LM del 1954 dell\u2019equipaggio Shraga\/Shraga, costruita in 4 esemplari destinati alle grandi competizioni internazionali.<\/p>\n<p>Tra le vetture pi\u00f9 attese figurano inoltre ben due rarissime Maserati A6GCS, una Maserati 450 S ed una 200 Si, autentiche protagoniste dell&#8217;automobilismo sportivo italiano degli anni Cinquanta.<br \/>\nLa manifestazione prender\u00e0 il via gioved\u00ec 18 giugno con le verifiche sportive presso la splendida location palladiana di Villa Caffo Navarrini a Rossano Veneto.<br \/>\nVenerd\u00ec 19 giugno gli equipaggi partiranno da Rossano Veneto per affrontare la prima tappa di 170 chilometri che porter\u00e0 le vetture attraverso il Trentino fino a Bolzano, con soste a Cavalese e Laives presso la storica Caserma Guella, sede del 7\u00b0 Reggimento Carabinieri &#8220;Trentino-Alto Adige&#8221; e l&#8217;arrivo in piazza Tribunale, nel centro storico del capoluogo altoatesino.<\/p>\n<p>Sabato 20 giugno sar\u00e0 la giornata pi\u00f9 spettacolare sotto il profilo paesaggistico. I concorrenti percorreranno ben 208 chilometri attraversando alcuni dei luoghi simbolo delle Dolomiti: Passo Costalunga, Canazei, Passo Pordoi, San Martino in Badia, Passo delle Erbe, Gudon e Laion, prima del rientro a Bolzano e l\u2019attesa passerella delle vetture in piazza Walther, presentata dalla<br \/>\ngiornalista della Gazzetta dello Sport Savina Confaloni.<\/p>\n<p>Domenica 21 giugno la carovana far\u00e0 ritorno in Veneto attraverso la Strada del Vino, passando per Trento, il Passo Vezzena e Asiago, per poi raggiungere piazza Libert\u00e0 a Bassano del Grappa dove, nel suggestivo Chiostro del Museo Civico, si svolgeranno le premiazioni, impreziosite per l\u2019edizione 2026 da alcune delle creazioni pi\u00f9 rappresentative dell\u2019universo creativo di Geminiano<br \/>\nCozzi Venezia 1765, storica manifattura veneziana di porcellane. Tutti gli equipaggi riceveranno una bottiglia di Ecelo II, pluripremiato spumante charmat della cantina di soli vini da vitigni resistenti, Ca\u2019 da Roman e un piatto commemorativo in porcellana realizzato appositamente per l\u2019evento. I riconoscimenti assegnati comprendono inoltre il Rinfrescatoio della collezione Ethnics nel decoro Pi-Atum, ispirato alle maschere rituali e alle culture del mondo ed i piatti della<br \/>\ncollezione Teatro dei Sogni, raffinata rilettura dell\u2019immaginario veneziano tra memoria e suggestioni orientali. Tra i premi di maggior prestigio saranno assegnati anche il Servizio da T\u00e8 e due Servizi Completi Endless Lizzy Vuitton, iconica collezione nata dalla collaborazione con lo street artist britannico Endless e una Gift Card per un soggiorno presso Ca\u2019 Apollonio Heritage,<br \/>\ncon cena presso il Ristorante Gourmet, presente in Guida Michelin, condotto dall\u2019executive chef Alessio Longhini e degustazione guidata dei vini PIWI di Ca\u2019 da Roman.<\/p>\n<p>Un riconoscimento speciale sar\u00e0 infine riservato all\u2019equipaggio femminile, che ricever\u00e0 una tazza mug e un piatto dessert della collezione Endless Logo, dedicata ai temi dell\u2019identit\u00e0, della comunicazione, del branding e della cultura pop contemporanea. Premi esclusivi pensati per celebrare non solo il risultato sportivo, ma anche il valore del collezionismo, del design italiano e della bellezza senza tempo.<br \/>\nTra le novit\u00e0 pi\u00f9 significative dell&#8217;edizione 2026 vi \u00e8 la partecipazione al progetto ASI Net-Zero Classic, l&#8217;iniziativa promossa dall&#8217;Automotoclub Storico Italiano (ASI) attraverso la Commissione ASI Green per coniugare la tutela del patrimonio motoristico con gli obiettivi di sostenibilit\u00e0 ambientale. Il progetto coinvolge importanti universit\u00e0 italiane e centri di ricerca e<br \/>\npunta al raggiungimento di diversi Sustainable Development Goals delle Nazioni Unite attraverso una gestione sostenibile degli eventi, la certificazione ISO 20121 e l&#8217;utilizzo delle innovative biobenzine di seconda generazione. Protagonista dell&#8217;iniziativa sar\u00e0 la Lancia Flaminia GT Touring del 1967 impegnata nel test nazionale di 10.000 chilometri alimentata esclusivamente con biobenzina. Grande l\u2019attenzione del Comitato Organizzativo anche alle tematiche sociali, con un\u2019iniziativa benefica per raccogliere fondi da devolvere al Fondo Assistenza della Polizia di Stato nell\u2019ambito del Piano di assistenza continuativa \u201cMarco Valerio\u201d.<br \/>\nA conferma del prestigio raggiunto dalla manifestazione, la Leggenda sar\u00e0 seguita da una troupe di Rai Radio Tutta Italiana, il canale digitale Rai interamente dedicato alla musica italiana. Le voci di Chiara Caccioppoli, conduttrice di GenZ, la rubrica su Rai Italia e sui programmi di Radio2 e Raiplay, e Flavio Massimo accompagneranno gli equipaggi lungo il percorso raccogliendo testimonianze, emozioni, racconti e il suggestivo sound dei motori storici tra i panorami delle Dolomiti e dell&#8217;Altopiano di Asiago. Il materiale raccolto sar\u00e0 trasmesso successivamente in uno speciale radiofonico e costituir\u00e0 la base di un futuro podcast dedicato alle grandi storie del motorismo storico italiano, offrendo al pubblico la possibilit\u00e0 di vivere dall&#8217;interno l&#8217;atmosfera unica de La Leggenda di Bassano e le storie della nostra cultura motoristica apprezzata nel mondo.<\/p>\n<p>Grazie al fondamentale supporto di partner ed istituzioni, tra cui il Ministero della Cultura e delle Infrastrutture e Trasporti, la Rai Radiotelevisione Italiana, la Regione Veneto, i comuni di Bassano del Grappa, Bolzano, Rossano Veneto, Laives, Cavalese, l\u2019ANCI, la FIVA, l\u2019ACI Vicenza ed il suo presidente Lucky Battistolli, la Questura di Vicenza, la Polizia Stradale,<br \/>\nil Veteran Car Team Bolzano ed il maestro Giorgio Celiberti che doner\u00e0 tre delle sue opere agli equipaggi che maggiormente si sono distinti durante la manifestazione, La Leggenda di Bassano si conferma un appuntamento capace di celebrare non solo la bellezza delle automobili storiche, ma anche il patrimonio culturale, paesaggistico e umano che esse rappresentano. Per quattro<br \/>\ngiorni, insomma, le strade tra Veneto, Trentino-Alto Adige e Dolomiti diventeranno il palcoscenico di un autentico museo viaggiante, dove storia, eleganza, sport e innovazione si incontrano nel segno della passione.<\/p>","protected":false},"excerpt":{"rendered":"<p>Dal 18 al 21 giugno torna la grande avventura delle Barchette storiche tra Veneto, Dolomiti e Alto Adige Al via, tra le altre, ben 11 Bentley, una Ferrari 121 LM e un\u2019Alfa Romeo 412 Spazio anche alla sostenibilit\u00e0 ambientale ed il racconto esclusivo di Rai Radio Tutta Italiana Bassano del Grappa, 15 giugno 2026 \u2013 [&hellip;]<\/p>\n","protected":false},"author":2,"featured_media":161164,"comment_status":"closed","ping_status":"open","sticky":false,"template":"","format":"standard","meta":{"footnotes":""},"categories":[4],"tags":[],"class_list":["post-170967","post","type-post","status-publish","format-standard","has-post-thumbnail","category-sport"],"yoast_head":"<!-- This site is optimized with the Yoast SEO plugin v28.4 - https:\/\/yoast.com\/product\/yoast-seo-wordpress\/ -->\n<title>Auto storiche. Al via La Leggenda di Bassano - Trofeo Giannino Marzotto 2026 - Bellunopress - Dolomiti<\/title>\n<meta name=\"robots\" content=\"index, follow, max-snippet:-1, max-image-preview:large, max-video-preview:-1\" \/>\n<link rel=\"canonical\" href=\"https:\/\/www.bellunopress.it\/fr\/2026\/06\/15\/auto-storiche-al-via-la-leggenda-di-bassano-trofeo-giannino-marzotto-2026\/\" \/>\n<meta property=\"og:locale\" content=\"fr_FR\" \/>\n<meta property=\"og:type\" content=\"article\" \/>\n<meta property=\"og:title\" content=\"Auto storiche. Al via La Leggenda di Bassano - Trofeo Giannino Marzotto 2026 - Bellunopress - Dolomiti\" \/>\n<meta property=\"og:description\" content=\"Dal 18 al 21 giugno torna la grande avventura delle Barchette storiche tra Veneto, Dolomiti e Alto Adige Al via, tra le altre, ben 11 Bentley, una Ferrari 121 LM e un\u2019Alfa Romeo 412 Spazio anche alla sostenibilit\u00e0 ambientale ed il racconto esclusivo di Rai Radio Tutta Italiana Bassano del Grappa, 15 giugno 2026 \u2013 [&hellip;]\" \/>\n<meta property=\"og:url\" content=\"https:\/\/www.bellunopress.it\/fr\/2026\/06\/15\/auto-storiche-al-via-la-leggenda-di-bassano-trofeo-giannino-marzotto-2026\/\" \/>\n<meta property=\"og:site_name\" content=\"Bellunopress - Dolomiti\" \/>\n<meta property=\"article:publisher\" content=\"https:\/\/www.facebook.com\/profile.php?id=100008943462799\" \/>\n<meta property=\"article:published_time\" content=\"2026-06-15T13:37:32+00:00\" \/>\n<meta property=\"og:image\" content=\"https:\/\/www.bellunopress.it\/wp-content\/uploads\/2025\/06\/1929-Bentley-4-1_2-Schenk-Schenk-La-leggenda-di-Bassano.jpg\" \/>\n\t<meta property=\"og:image:width\" content=\"1000\" \/>\n\t<meta property=\"og:image:height\" content=\"620\" \/>\n\t<meta property=\"og:image:type\" content=\"image\/jpeg\" \/>\n<meta name=\"author\" content=\"redazione\" \/>\n<meta name=\"twitter:card\" content=\"summary_large_image\" \/>\n<meta name=\"twitter:creator\" content=\"@bellunopress\" \/>\n<meta name=\"twitter:site\" content=\"@bellunopress\" \/>\n<meta name=\"twitter:label1\" content=\"\u00c9crit par\" \/>\n\t<meta name=\"twitter:data1\" content=\"redazione\" \/>\n\t<meta name=\"twitter:label2\" content=\"Dur\u00e9e de lecture estim\u00e9e\" \/>\n\t<meta name=\"twitter:data2\" content=\"7 minutes\" \/>\n<script type=\"application\/ld+json\" class=\"yoast-schema-graph\">{\"@context\":\"https:\\\/\\\/schema.org\",\"@graph\":[{\"@type\":\"Article\",\"@id\":\"https:\\\/\\\/www.bellunopress.it\\\/2026\\\/06\\\/15\\\/auto-storiche-al-via-la-leggenda-di-bassano-trofeo-giannino-marzotto-2026\\\/#article\",\"isPartOf\":{\"@id\":\"https:\\\/\\\/www.bellunopress.it\\\/2026\\\/06\\\/15\\\/auto-storiche-al-via-la-leggenda-di-bassano-trofeo-giannino-marzotto-2026\\\/\"},\"author\":{\"name\":\"redazione\",\"@id\":\"https:\\\/\\\/www.bellunopress.it\\\/#\\\/schema\\\/person\\\/79bb06722b37ece1c03d3e94beb30d73\"},\"headline\":\"Auto storiche. Al via La Leggenda di Bassano &#8211; Trofeo Giannino Marzotto 2026\",\"datePublished\":\"2026-06-15T13:37:32+00:00\",\"mainEntityOfPage\":{\"@id\":\"https:\\\/\\\/www.bellunopress.it\\\/2026\\\/06\\\/15\\\/auto-storiche-al-via-la-leggenda-di-bassano-trofeo-giannino-marzotto-2026\\\/\"},\"wordCount\":1196,\"publisher\":{\"@id\":\"https:\\\/\\\/www.bellunopress.it\\\/#organization\"},\"image\":{\"@id\":\"https:\\\/\\\/www.bellunopress.it\\\/2026\\\/06\\\/15\\\/auto-storiche-al-via-la-leggenda-di-bassano-trofeo-giannino-marzotto-2026\\\/#primaryimage\"},\"thumbnailUrl\":\"https:\\\/\\\/www.bellunopress.it\\\/wp-content\\\/uploads\\\/2025\\\/06\\\/1929-Bentley-4-1_2-Schenk-Schenk-La-leggenda-di-Bassano.jpg\",\"articleSection\":[\"Sport, tempo libero\"],\"inLanguage\":\"fr-FR\"},{\"@type\":\"WebPage\",\"@id\":\"https:\\\/\\\/www.bellunopress.it\\\/2026\\\/06\\\/15\\\/auto-storiche-al-via-la-leggenda-di-bassano-trofeo-giannino-marzotto-2026\\\/\",\"url\":\"https:\\\/\\\/www.bellunopress.it\\\/2026\\\/06\\\/15\\\/auto-storiche-al-via-la-leggenda-di-bassano-trofeo-giannino-marzotto-2026\\\/\",\"name\":\"Auto storiche. Al via La Leggenda di Bassano - Trofeo Giannino Marzotto 2026 - Bellunopress - Dolomiti\",\"isPartOf\":{\"@id\":\"https:\\\/\\\/www.bellunopress.it\\\/#website\"},\"primaryImageOfPage\":{\"@id\":\"https:\\\/\\\/www.bellunopress.it\\\/2026\\\/06\\\/15\\\/auto-storiche-al-via-la-leggenda-di-bassano-trofeo-giannino-marzotto-2026\\\/#primaryimage\"},\"image\":{\"@id\":\"https:\\\/\\\/www.bellunopress.it\\\/2026\\\/06\\\/15\\\/auto-storiche-al-via-la-leggenda-di-bassano-trofeo-giannino-marzotto-2026\\\/#primaryimage\"},\"thumbnailUrl\":\"https:\\\/\\\/www.bellunopress.it\\\/wp-content\\\/uploads\\\/2025\\\/06\\\/1929-Bentley-4-1_2-Schenk-Schenk-La-leggenda-di-Bassano.jpg\",\"datePublished\":\"2026-06-15T13:37:32+00:00\",\"breadcrumb\":{\"@id\":\"https:\\\/\\\/www.bellunopress.it\\\/2026\\\/06\\\/15\\\/auto-storiche-al-via-la-leggenda-di-bassano-trofeo-giannino-marzotto-2026\\\/#breadcrumb\"},\"inLanguage\":\"fr-FR\",\"potentialAction\":[{\"@type\":\"ReadAction\",\"target\":[\"https:\\\/\\\/www.bellunopress.it\\\/2026\\\/06\\\/15\\\/auto-storiche-al-via-la-leggenda-di-bassano-trofeo-giannino-marzotto-2026\\\/\"]}]},{\"@type\":\"ImageObject\",\"inLanguage\":\"fr-FR\",\"@id\":\"https:\\\/\\\/www.bellunopress.it\\\/2026\\\/06\\\/15\\\/auto-storiche-al-via-la-leggenda-di-bassano-trofeo-giannino-marzotto-2026\\\/#primaryimage\",\"url\":\"https:\\\/\\\/www.bellunopress.it\\\/wp-content\\\/uploads\\\/2025\\\/06\\\/1929-Bentley-4-1_2-Schenk-Schenk-La-leggenda-di-Bassano.jpg\",\"contentUrl\":\"https:\\\/\\\/www.bellunopress.it\\\/wp-content\\\/uploads\\\/2025\\\/06\\\/1929-Bentley-4-1_2-Schenk-Schenk-La-leggenda-di-Bassano.jpg\",\"width\":1000,\"height\":620,\"caption\":\"Bentley 4 1_2 del 1929 Schenk-Schenk -La leggenda di Bassano\"},{\"@type\":\"BreadcrumbList\",\"@id\":\"https:\\\/\\\/www.bellunopress.it\\\/2026\\\/06\\\/15\\\/auto-storiche-al-via-la-leggenda-di-bassano-trofeo-giannino-marzotto-2026\\\/#breadcrumb\",\"itemListElement\":[{\"@type\":\"ListItem\",\"position\":1,\"name\":\"Home\",\"item\":\"https:\\\/\\\/www.bellunopress.it\\\/\"},{\"@type\":\"ListItem\",\"position\":2,\"name\":\"Auto storiche. Al via La Leggenda di Bassano &#8211; Trofeo Giannino Marzotto 2026\"}]},{\"@type\":\"WebSite\",\"@id\":\"https:\\\/\\\/www.bellunopress.it\\\/#website\",\"url\":\"https:\\\/\\\/www.bellunopress.it\\\/\",\"name\":\"Bellunopress - Dolomiti\",\"description\":\"e-mail: redazione@bellunopress.it\",\"publisher\":{\"@id\":\"https:\\\/\\\/www.bellunopress.it\\\/#organization\"},\"potentialAction\":[{\"@type\":\"SearchAction\",\"target\":{\"@type\":\"EntryPoint\",\"urlTemplate\":\"https:\\\/\\\/www.bellunopress.it\\\/?s={search_term_string}\"},\"query-input\":{\"@type\":\"PropertyValueSpecification\",\"valueRequired\":true,\"valueName\":\"search_term_string\"}}],\"inLanguage\":\"fr-FR\"},{\"@type\":\"Organization\",\"@id\":\"https:\\\/\\\/www.bellunopress.it\\\/#organization\",\"name\":\"Bellunopress\",\"url\":\"https:\\\/\\\/www.bellunopress.it\\\/\",\"logo\":{\"@type\":\"ImageObject\",\"inLanguage\":\"fr-FR\",\"@id\":\"https:\\\/\\\/www.bellunopress.it\\\/#\\\/schema\\\/logo\\\/image\\\/\",\"url\":\"https:\\\/\\\/www.bellunopress.it\\\/wp-content\\\/uploads\\\/2011\\\/05\\\/cropped-logo-bellunopress-.jpg\",\"contentUrl\":\"https:\\\/\\\/www.bellunopress.it\\\/wp-content\\\/uploads\\\/2011\\\/05\\\/cropped-logo-bellunopress-.jpg\",\"width\":512,\"height\":512,\"caption\":\"Bellunopress\"},\"image\":{\"@id\":\"https:\\\/\\\/www.bellunopress.it\\\/#\\\/schema\\\/logo\\\/image\\\/\"},\"sameAs\":[\"https:\\\/\\\/www.facebook.com\\\/profile.php?id=100008943462799\",\"https:\\\/\\\/x.com\\\/bellunopress\",\"https:\\\/\\\/www.linkedin.com\\\/hp\\\/?dnr=JBzUWaJfMUw8vbXJJ2tVW5-I3jZKvC4wsoxE&amp;amp;amp;amp;amp;amp;trk=nav_responsive_tab_home\",\"https:\\\/\\\/www.youtube.com\\\/channel\\\/UCxL0wu1uN0_3_7hGG0306cw\"]},{\"@type\":\"Person\",\"@id\":\"https:\\\/\\\/www.bellunopress.it\\\/#\\\/schema\\\/person\\\/79bb06722b37ece1c03d3e94beb30d73\",\"name\":\"redazione\",\"image\":{\"@type\":\"ImageObject\",\"inLanguage\":\"fr-FR\",\"@id\":\"https:\\\/\\\/secure.gravatar.com\\\/avatar\\\/37d968a2e67a6fd04c169c4bdef102d0bc5d31b2546345219e348575eb80e9a0?s=96&d=mm&r=g\",\"url\":\"https:\\\/\\\/secure.gravatar.com\\\/avatar\\\/37d968a2e67a6fd04c169c4bdef102d0bc5d31b2546345219e348575eb80e9a0?s=96&d=mm&r=g\",\"contentUrl\":\"https:\\\/\\\/secure.gravatar.com\\\/avatar\\\/37d968a2e67a6fd04c169c4bdef102d0bc5d31b2546345219e348575eb80e9a0?s=96&d=mm&r=g\",\"caption\":\"redazione\"},\"sameAs\":[\"http:\\\/\\\/www.bellunopress.it\",\"https:\\\/\\\/x.com\\\/bellunopress\"],\"url\":\"https:\\\/\\\/www.bellunopress.it\\\/fr\\\/author\\\/redazione\\\/\"}]}<\/script>\n<!-- \/ Yoast SEO plugin. -->","yoast_head_json":{"title":"Auto storiche. Al via La Leggenda di Bassano - Trofeo Giannino Marzotto 2026 - Bellunopress - Dolomiti","robots":{"index":"index","follow":"follow","max-snippet":"max-snippet:-1","max-image-preview":"max-image-preview:large","max-video-preview":"max-video-preview:-1"},"canonical":"https:\/\/www.bellunopress.it\/fr\/2026\/06\/15\/auto-storiche-al-via-la-leggenda-di-bassano-trofeo-giannino-marzotto-2026\/","og_locale":"fr_FR","og_type":"article","og_title":"Auto storiche. Al via La Leggenda di Bassano - Trofeo Giannino Marzotto 2026 - Bellunopress - Dolomiti","og_description":"Dal 18 al 21 giugno torna la grande avventura delle Barchette storiche tra Veneto, Dolomiti e Alto Adige Al via, tra le altre, ben 11 Bentley, una Ferrari 121 LM e un\u2019Alfa Romeo 412 Spazio anche alla sostenibilit\u00e0 ambientale ed il racconto esclusivo di Rai Radio Tutta Italiana Bassano del Grappa, 15 giugno 2026 \u2013 [&hellip;]","og_url":"https:\/\/www.bellunopress.it\/fr\/2026\/06\/15\/auto-storiche-al-via-la-leggenda-di-bassano-trofeo-giannino-marzotto-2026\/","og_site_name":"Bellunopress - Dolomiti","article_publisher":"https:\/\/www.facebook.com\/profile.php?id=100008943462799","article_published_time":"2026-06-15T13:37:32+00:00","og_image":[{"width":1000,"height":620,"url":"https:\/\/www.bellunopress.it\/wp-content\/uploads\/2025\/06\/1929-Bentley-4-1_2-Schenk-Schenk-La-leggenda-di-Bassano.jpg","type":"image\/jpeg"}],"author":"redazione","twitter_card":"summary_large_image","twitter_creator":"@bellunopress","twitter_site":"@bellunopress","twitter_misc":{"\u00c9crit par":"redazione","Dur\u00e9e de lecture estim\u00e9e":"7 minutes"},"schema":{"@context":"https:\/\/schema.org","@graph":[{"@type":"Article","@id":"https:\/\/www.bellunopress.it\/2026\/06\/15\/auto-storiche-al-via-la-leggenda-di-bassano-trofeo-giannino-marzotto-2026\/#article","isPartOf":{"@id":"https:\/\/www.bellunopress.it\/2026\/06\/15\/auto-storiche-al-via-la-leggenda-di-bassano-trofeo-giannino-marzotto-2026\/"},"author":{"name":"redazione","@id":"https:\/\/www.bellunopress.it\/#\/schema\/person\/79bb06722b37ece1c03d3e94beb30d73"},"headline":"Auto storiche. Al via La Leggenda di Bassano &#8211; Trofeo Giannino Marzotto 2026","datePublished":"2026-06-15T13:37:32+00:00","mainEntityOfPage":{"@id":"https:\/\/www.bellunopress.it\/2026\/06\/15\/auto-storiche-al-via-la-leggenda-di-bassano-trofeo-giannino-marzotto-2026\/"},"wordCount":1196,"publisher":{"@id":"https:\/\/www.bellunopress.it\/#organization"},"image":{"@id":"https:\/\/www.bellunopress.it\/2026\/06\/15\/auto-storiche-al-via-la-leggenda-di-bassano-trofeo-giannino-marzotto-2026\/#primaryimage"},"thumbnailUrl":"https:\/\/www.bellunopress.it\/wp-content\/uploads\/2025\/06\/1929-Bentley-4-1_2-Schenk-Schenk-La-leggenda-di-Bassano.jpg","articleSection":["Sport, tempo libero"],"inLanguage":"fr-FR"},{"@type":"WebPage","@id":"https:\/\/www.bellunopress.it\/2026\/06\/15\/auto-storiche-al-via-la-leggenda-di-bassano-trofeo-giannino-marzotto-2026\/","url":"https:\/\/www.bellunopress.it\/2026\/06\/15\/auto-storiche-al-via-la-leggenda-di-bassano-trofeo-giannino-marzotto-2026\/","name":"Auto storiche. Al via La Leggenda di Bassano - Trofeo Giannino Marzotto 2026 - Bellunopress - Dolomiti","isPartOf":{"@id":"https:\/\/www.bellunopress.it\/#website"},"primaryImageOfPage":{"@id":"https:\/\/www.bellunopress.it\/2026\/06\/15\/auto-storiche-al-via-la-leggenda-di-bassano-trofeo-giannino-marzotto-2026\/#primaryimage"},"image":{"@id":"https:\/\/www.bellunopress.it\/2026\/06\/15\/auto-storiche-al-via-la-leggenda-di-bassano-trofeo-giannino-marzotto-2026\/#primaryimage"},"thumbnailUrl":"https:\/\/www.bellunopress.it\/wp-content\/uploads\/2025\/06\/1929-Bentley-4-1_2-Schenk-Schenk-La-leggenda-di-Bassano.jpg","datePublished":"2026-06-15T13:37:32+00:00","breadcrumb":{"@id":"https:\/\/www.bellunopress.it\/2026\/06\/15\/auto-storiche-al-via-la-leggenda-di-bassano-trofeo-giannino-marzotto-2026\/#breadcrumb"},"inLanguage":"fr-FR","potentialAction":[{"@type":"ReadAction","target":["https:\/\/www.bellunopress.it\/2026\/06\/15\/auto-storiche-al-via-la-leggenda-di-bassano-trofeo-giannino-marzotto-2026\/"]}]},{"@type":"ImageObject","inLanguage":"fr-FR","@id":"https:\/\/www.bellunopress.it\/2026\/06\/15\/auto-storiche-al-via-la-leggenda-di-bassano-trofeo-giannino-marzotto-2026\/#primaryimage","url":"https:\/\/www.bellunopress.it\/wp-content\/uploads\/2025\/06\/1929-Bentley-4-1_2-Schenk-Schenk-La-leggenda-di-Bassano.jpg","contentUrl":"https:\/\/www.bellunopress.it\/wp-content\/uploads\/2025\/06\/1929-Bentley-4-1_2-Schenk-Schenk-La-leggenda-di-Bassano.jpg","width":1000,"height":620,"caption":"Bentley 4 1_2 del 1929 Schenk-Schenk -La leggenda di Bassano"},{"@type":"BreadcrumbList","@id":"https:\/\/www.bellunopress.it\/2026\/06\/15\/auto-storiche-al-via-la-leggenda-di-bassano-trofeo-giannino-marzotto-2026\/#breadcrumb","itemListElement":[{"@type":"ListItem","position":1,"name":"Home","item":"https:\/\/www.bellunopress.it\/"},{"@type":"ListItem","position":2,"name":"Auto storiche. Al via La Leggenda di Bassano &#8211; Trofeo Giannino Marzotto 2026"}]},{"@type":"WebSite","@id":"https:\/\/www.bellunopress.it\/#website","url":"https:\/\/www.bellunopress.it\/","name":"Bellunopress - Dolomiti","description":"e-mail: redazione@bellunopress.it","publisher":{"@id":"https:\/\/www.bellunopress.it\/#organization"},"potentialAction":[{"@type":"SearchAction","target":{"@type":"EntryPoint","urlTemplate":"https:\/\/www.bellunopress.it\/?s={search_term_string}"},"query-input":{"@type":"PropertyValueSpecification","valueRequired":true,"valueName":"search_term_string"}}],"inLanguage":"fr-FR"},{"@type":"Organization","@id":"https:\/\/www.bellunopress.it\/#organization","name":"Bellunopress","url":"https:\/\/www.bellunopress.it\/","logo":{"@type":"ImageObject","inLanguage":"fr-FR","@id":"https:\/\/www.bellunopress.it\/#\/schema\/logo\/image\/","url":"https:\/\/www.bellunopress.it\/wp-content\/uploads\/2011\/05\/cropped-logo-bellunopress-.jpg","contentUrl":"https:\/\/www.bellunopress.it\/wp-content\/uploads\/2011\/05\/cropped-logo-bellunopress-.jpg","width":512,"height":512,"caption":"Bellunopress"},"image":{"@id":"https:\/\/www.bellunopress.it\/#\/schema\/logo\/image\/"},"sameAs":["https:\/\/www.facebook.com\/profile.php?id=100008943462799","https:\/\/x.com\/bellunopress","https:\/\/www.linkedin.com\/hp\/?dnr=JBzUWaJfMUw8vbXJJ2tVW5-I3jZKvC4wsoxE&amp;amp;amp;amp;amp;amp;trk=nav_responsive_tab_home","https:\/\/www.youtube.com\/channel\/UCxL0wu1uN0_3_7hGG0306cw"]},{"@type":"Person","@id":"https:\/\/www.bellunopress.it\/#\/schema\/person\/79bb06722b37ece1c03d3e94beb30d73","name":"r\u00e9daction","image":{"@type":"ImageObject","inLanguage":"fr-FR","@id":"https:\/\/secure.gravatar.com\/avatar\/37d968a2e67a6fd04c169c4bdef102d0bc5d31b2546345219e348575eb80e9a0?s=96&d=mm&r=g","url":"https:\/\/secure.gravatar.com\/avatar\/37d968a2e67a6fd04c169c4bdef102d0bc5d31b2546345219e348575eb80e9a0?s=96&d=mm&r=g","contentUrl":"https:\/\/secure.gravatar.com\/avatar\/37d968a2e67a6fd04c169c4bdef102d0bc5d31b2546345219e348575eb80e9a0?s=96&d=mm&r=g","caption":"redazione"},"sameAs":["http:\/\/www.bellunopress.it","https:\/\/x.com\/bellunopress"],"url":"https:\/\/www.bellunopress.it\/fr\/author\/redazione\/"}]}},"_links":{"self":[{"href":"https:\/\/www.bellunopress.it\/fr\/wp-json\/wp\/v2\/posts\/170967","targetHints":{"allow":["GET"]}}],"collection":[{"href":"https:\/\/www.bellunopress.it\/fr\/wp-json\/wp\/v2\/posts"}],"about":[{"href":"https:\/\/www.bellunopress.it\/fr\/wp-json\/wp\/v2\/types\/post"}],"author":[{"embeddable":true,"href":"https:\/\/www.bellunopress.it\/fr\/wp-json\/wp\/v2\/users\/2"}],"replies":[{"embeddable":true,"href":"https:\/\/www.bellunopress.it\/fr\/wp-json\/wp\/v2\/comments?post=170967"}],"version-history":[{"count":1,"href":"https:\/\/www.bellunopress.it\/fr\/wp-json\/wp\/v2\/posts\/170967\/revisions"}],"predecessor-version":[{"id":170968,"href":"https:\/\/www.bellunopress.it\/fr\/wp-json\/wp\/v2\/posts\/170967\/revisions\/170968"}],"wp:featuredmedia":[{"embeddable":true,"href":"https:\/\/www.bellunopress.it\/fr\/wp-json\/wp\/v2\/media\/161164"}],"wp:attachment":[{"href":"https:\/\/www.bellunopress.it\/fr\/wp-json\/wp\/v2\/media?parent=170967"}],"wp:term":[{"taxonomy":"category","embeddable":true,"href":"https:\/\/www.bellunopress.it\/fr\/wp-json\/wp\/v2\/categories?post=170967"},{"taxonomy":"post_tag","embeddable":true,"href":"https:\/\/www.bellunopress.it\/fr\/wp-json\/wp\/v2\/tags?post=170967"}],"curies":[{"name":"wp","href":"https:\/\/api.w.org\/{rel}","templated":true}]}}