{"id":170954,"date":"2026-06-15T12:02:57","date_gmt":"2026-06-15T10:02:57","guid":{"rendered":"https:\/\/www.bellunopress.it\/?p=170954"},"modified":"2026-06-15T12:10:17","modified_gmt":"2026-06-15T10:10:17","slug":"antonella-giacomini-entra-a-far-parte-del-prestigioso-gism-il-gruppo-italiano-scrittori-di-montagna","status":"publish","type":"post","link":"https:\/\/www.bellunopress.it\/fr\/2026\/06\/15\/antonella-giacomini-entra-a-far-parte-del-prestigioso-gism-il-gruppo-italiano-scrittori-di-montagna\/","title":{"rendered":"Antonella Giacomini entra a far parte del prestigioso GISM, il Gruppo Italiano Scrittori di Montagna"},"content":{"rendered":"<p data-path-to-node=\"3\"><b data-path-to-node=\"3\" data-index-in-node=\"0\">Un importante riconoscimento per l\u2019attivit\u00e0 giornalistica e di divulgazione culturale della giornalista scrittrice bellunese, ufficializzato lo scorso 13 giugno a L\u2019Aquila.<\/b><\/p>\n<p data-path-to-node=\"4\">La cultura di montagna italiana si arricchisce di una nuova figura di spicco. Lo scorso 13 giugno, in una suggestiva cerimonia tenutasi a L\u2019Aquila, Antonella Giacomini \u00e8 stata ufficialmente nominata Accademica del GISM \u2013 Gruppo Italiano Scrittori di Montagna.<\/p>\n<p data-path-to-node=\"5\">Un ingresso che premia oltre trent\u2019anni di instancabile attivit\u00e0 giornalistica, spesi a raccontare e diffondere la cultura montana, l&#8217;alpinismo, l\u2019esplorazione e il valore dell\u2019avventura. Nonostante la consueta modestia con cui ha accolto la nomina \u2013 dichiarando di trovarsi al cospetto di colleghi dal curriculum straordinario \u2013 il percorso di Giacomini si \u00e8 distinto per una profonda coerenza narrativa e un impegno costante.<\/p>\n<p data-path-to-node=\"7\">La candidatura di Antonella Giacomini, promossa con stima da Paola Favero e Francesco Leardi, trova fondamenta solide nel suo lungo lavoro sul campo. Tra i traguardi pi\u00f9 significativi che hanno contribuito a questo prestigioso traguardo, spicca il ruolo di ideatrice e curatrice del Camminando Festival, un evento che \u00e8 diventato un punto di riferimento per chi vive la montagna non solo come spazio fisico, ma come terreno di esperienze, sensazioni ed emozioni.<\/p>\n<p data-path-to-node=\"8\">Un riconoscimento che, come sottolineato dalla stessa neo-accademica, \u00e8 stato reso possibile anche grazie al sostegno costante di Borgo Valbelluna SAFE walking APS e de Il Veses, realt\u00e0 che hanno creduto nella validit\u00e0 della sua visione culturale.<\/p>\n<p data-path-to-node=\"10\">L\u2019ingresso nel GISM \u2013 Accademia di Arte e di Cultura Alpina rappresenta un approdo naturale in un percorso di grande spessore. Fondato a Torino il 14 aprile 1929 da Agostino Ferrari e Adolfo Balliano, il GISM nacque come baluardo intellettuale in un\u2019epoca in cui l\u2019alpinismo rischiava di essere ridotto a mero &#8220;sport fascista&#8221;. I fondatori, al contrario, rivendicarono per la montagna una dimensione ideale, spirituale ed artistica.<\/p>\n<p data-path-to-node=\"11\">Da quasi cent\u2019anni \u2013 il centenario cadr\u00e0 nel 2029 \u2013 il sodalizio riunisce i nomi pi\u00f9 illustri della cultura alpina, impegnati a preservare lo spirito pi\u00f9 autentico della montagna. Oggi il GISM conta circa 300 soci distribuiti in tutta Italia, sotto la guida del presidente Marco Blatto.<\/p>\n<p data-path-to-node=\"12\">Tra le attivit\u00e0 di prestigio del gruppo, spicca l\u2019edizione della storica rivista &#8220;Montagna&#8221;, pubblicata fin dal 1934 e oggi diventata una prestigiosa testata da collezione, capace di offrire monografie tematiche e storiche di altissimo valore scientifico e letterario.<\/p>\n<p data-path-to-node=\"13\">Con l\u2019ingresso di Antonella Giacomini, la comunit\u00e0 intellettuale che ruota attorno al GISM si rafforza, accogliendo una voce capace di unire competenza giornalistica e una sensibilit\u00e0 rara nel narrare il mondo delle terre alte.<\/p>","protected":false},"excerpt":{"rendered":"<p>Un importante riconoscimento per l\u2019attivit\u00e0 giornalistica e di divulgazione culturale della giornalista scrittrice bellunese, ufficializzato lo scorso 13 giugno a L\u2019Aquila. La cultura di montagna italiana si arricchisce di una nuova figura di spicco. Lo scorso 13 giugno, in una suggestiva cerimonia tenutasi a L\u2019Aquila, Antonella Giacomini \u00e8 stata ufficialmente nominata Accademica del GISM \u2013 [&hellip;]<\/p>\n","protected":false},"author":2,"featured_media":170955,"comment_status":"closed","ping_status":"open","sticky":false,"template":"","format":"standard","meta":{"footnotes":""},"categories":[3,26],"tags":[],"class_list":["post-170954","post","type-post","status-publish","format-standard","has-post-thumbnail","category-arte-cultura-spettacoli-scienza-archivi","category-prima-pagina"],"yoast_head":"<!-- This site is optimized with the Yoast SEO plugin v28.4 - https:\/\/yoast.com\/product\/yoast-seo-wordpress\/ -->\n<title>Antonella Giacomini entra a far parte del prestigioso GISM, il Gruppo Italiano Scrittori di Montagna - Bellunopress - Dolomiti<\/title>\n<meta name=\"robots\" content=\"index, follow, max-snippet:-1, max-image-preview:large, max-video-preview:-1\" \/>\n<link rel=\"canonical\" href=\"https:\/\/www.bellunopress.it\/fr\/2026\/06\/15\/antonella-giacomini-entra-a-far-parte-del-prestigioso-gism-il-gruppo-italiano-scrittori-di-montagna\/\" \/>\n<meta property=\"og:locale\" content=\"fr_FR\" \/>\n<meta property=\"og:type\" content=\"article\" \/>\n<meta property=\"og:title\" content=\"Antonella Giacomini entra a far parte del prestigioso GISM, il Gruppo Italiano Scrittori di Montagna - Bellunopress - Dolomiti\" \/>\n<meta property=\"og:description\" content=\"Un importante riconoscimento per l\u2019attivit\u00e0 giornalistica e di divulgazione culturale della giornalista scrittrice bellunese, ufficializzato lo scorso 13 giugno a L\u2019Aquila. La cultura di montagna italiana si arricchisce di una nuova figura di spicco. Lo scorso 13 giugno, in una suggestiva cerimonia tenutasi a L\u2019Aquila, Antonella Giacomini \u00e8 stata ufficialmente nominata Accademica del GISM \u2013 [&hellip;]\" \/>\n<meta property=\"og:url\" content=\"https:\/\/www.bellunopress.it\/fr\/2026\/06\/15\/antonella-giacomini-entra-a-far-parte-del-prestigioso-gism-il-gruppo-italiano-scrittori-di-montagna\/\" \/>\n<meta property=\"og:site_name\" content=\"Bellunopress - Dolomiti\" \/>\n<meta property=\"article:publisher\" content=\"https:\/\/www.facebook.com\/profile.php?id=100008943462799\" \/>\n<meta property=\"article:published_time\" content=\"2026-06-15T10:02:57+00:00\" \/>\n<meta property=\"article:modified_time\" content=\"2026-06-15T10:10:17+00:00\" \/>\n<meta property=\"og:image\" content=\"https:\/\/www.bellunopress.it\/wp-content\/uploads\/2026\/06\/Antonella-Giacomini-accademica-Gism.jpeg\" \/>\n\t<meta property=\"og:image:width\" content=\"500\" \/>\n\t<meta property=\"og:image:height\" content=\"271\" \/>\n\t<meta property=\"og:image:type\" content=\"image\/jpeg\" \/>\n<meta name=\"author\" content=\"redazione\" \/>\n<meta name=\"twitter:card\" content=\"summary_large_image\" \/>\n<meta name=\"twitter:creator\" content=\"@bellunopress\" \/>\n<meta name=\"twitter:site\" content=\"@bellunopress\" \/>\n<meta name=\"twitter:label1\" content=\"Written by\" \/>\n\t<meta name=\"twitter:data1\" content=\"redazione\" \/>\n\t<meta name=\"twitter:label2\" content=\"Est. reading time\" \/>\n\t<meta name=\"twitter:data2\" content=\"3 minutes\" \/>\n<script type=\"application\/ld+json\" class=\"yoast-schema-graph\">{\"@context\":\"https:\\\/\\\/schema.org\",\"@graph\":[{\"@type\":\"Article\",\"@id\":\"https:\\\/\\\/www.bellunopress.it\\\/2026\\\/06\\\/15\\\/antonella-giacomini-entra-a-far-parte-del-prestigioso-gism-il-gruppo-italiano-scrittori-di-montagna\\\/#article\",\"isPartOf\":{\"@id\":\"https:\\\/\\\/www.bellunopress.it\\\/2026\\\/06\\\/15\\\/antonella-giacomini-entra-a-far-parte-del-prestigioso-gism-il-gruppo-italiano-scrittori-di-montagna\\\/\"},\"author\":{\"name\":\"redazione\",\"@id\":\"https:\\\/\\\/www.bellunopress.it\\\/#\\\/schema\\\/person\\\/79bb06722b37ece1c03d3e94beb30d73\"},\"headline\":\"Antonella Giacomini entra a far parte del prestigioso GISM, il Gruppo Italiano Scrittori di Montagna\",\"datePublished\":\"2026-06-15T10:02:57+00:00\",\"dateModified\":\"2026-06-15T10:10:17+00:00\",\"mainEntityOfPage\":{\"@id\":\"https:\\\/\\\/www.bellunopress.it\\\/2026\\\/06\\\/15\\\/antonella-giacomini-entra-a-far-parte-del-prestigioso-gism-il-gruppo-italiano-scrittori-di-montagna\\\/\"},\"wordCount\":428,\"publisher\":{\"@id\":\"https:\\\/\\\/www.bellunopress.it\\\/#organization\"},\"image\":{\"@id\":\"https:\\\/\\\/www.bellunopress.it\\\/2026\\\/06\\\/15\\\/antonella-giacomini-entra-a-far-parte-del-prestigioso-gism-il-gruppo-italiano-scrittori-di-montagna\\\/#primaryimage\"},\"thumbnailUrl\":\"https:\\\/\\\/www.bellunopress.it\\\/wp-content\\\/uploads\\\/2026\\\/06\\\/Antonella-Giacomini-accademica-Gism.jpeg\",\"articleSection\":[\"Arte, Cultura, Spettacoli, Scienza\",\"Prima Pagina\"],\"inLanguage\":\"fr-FR\"},{\"@type\":\"WebPage\",\"@id\":\"https:\\\/\\\/www.bellunopress.it\\\/2026\\\/06\\\/15\\\/antonella-giacomini-entra-a-far-parte-del-prestigioso-gism-il-gruppo-italiano-scrittori-di-montagna\\\/\",\"url\":\"https:\\\/\\\/www.bellunopress.it\\\/2026\\\/06\\\/15\\\/antonella-giacomini-entra-a-far-parte-del-prestigioso-gism-il-gruppo-italiano-scrittori-di-montagna\\\/\",\"name\":\"Antonella Giacomini entra a far parte del prestigioso GISM, il Gruppo Italiano Scrittori di Montagna - Bellunopress - Dolomiti\",\"isPartOf\":{\"@id\":\"https:\\\/\\\/www.bellunopress.it\\\/#website\"},\"primaryImageOfPage\":{\"@id\":\"https:\\\/\\\/www.bellunopress.it\\\/2026\\\/06\\\/15\\\/antonella-giacomini-entra-a-far-parte-del-prestigioso-gism-il-gruppo-italiano-scrittori-di-montagna\\\/#primaryimage\"},\"image\":{\"@id\":\"https:\\\/\\\/www.bellunopress.it\\\/2026\\\/06\\\/15\\\/antonella-giacomini-entra-a-far-parte-del-prestigioso-gism-il-gruppo-italiano-scrittori-di-montagna\\\/#primaryimage\"},\"thumbnailUrl\":\"https:\\\/\\\/www.bellunopress.it\\\/wp-content\\\/uploads\\\/2026\\\/06\\\/Antonella-Giacomini-accademica-Gism.jpeg\",\"datePublished\":\"2026-06-15T10:02:57+00:00\",\"dateModified\":\"2026-06-15T10:10:17+00:00\",\"breadcrumb\":{\"@id\":\"https:\\\/\\\/www.bellunopress.it\\\/2026\\\/06\\\/15\\\/antonella-giacomini-entra-a-far-parte-del-prestigioso-gism-il-gruppo-italiano-scrittori-di-montagna\\\/#breadcrumb\"},\"inLanguage\":\"fr-FR\",\"potentialAction\":[{\"@type\":\"ReadAction\",\"target\":[\"https:\\\/\\\/www.bellunopress.it\\\/2026\\\/06\\\/15\\\/antonella-giacomini-entra-a-far-parte-del-prestigioso-gism-il-gruppo-italiano-scrittori-di-montagna\\\/\"]}]},{\"@type\":\"ImageObject\",\"inLanguage\":\"fr-FR\",\"@id\":\"https:\\\/\\\/www.bellunopress.it\\\/2026\\\/06\\\/15\\\/antonella-giacomini-entra-a-far-parte-del-prestigioso-gism-il-gruppo-italiano-scrittori-di-montagna\\\/#primaryimage\",\"url\":\"https:\\\/\\\/www.bellunopress.it\\\/wp-content\\\/uploads\\\/2026\\\/06\\\/Antonella-Giacomini-accademica-Gism.jpeg\",\"contentUrl\":\"https:\\\/\\\/www.bellunopress.it\\\/wp-content\\\/uploads\\\/2026\\\/06\\\/Antonella-Giacomini-accademica-Gism.jpeg\",\"width\":500,\"height\":271,\"caption\":\"Antonella Giacomini a L'Aquila il 13 giugno 2026 insignita del prestigioso riconoscimento\"},{\"@type\":\"BreadcrumbList\",\"@id\":\"https:\\\/\\\/www.bellunopress.it\\\/2026\\\/06\\\/15\\\/antonella-giacomini-entra-a-far-parte-del-prestigioso-gism-il-gruppo-italiano-scrittori-di-montagna\\\/#breadcrumb\",\"itemListElement\":[{\"@type\":\"ListItem\",\"position\":1,\"name\":\"Home\",\"item\":\"https:\\\/\\\/www.bellunopress.it\\\/\"},{\"@type\":\"ListItem\",\"position\":2,\"name\":\"Antonella Giacomini entra a far parte del prestigioso GISM, il Gruppo Italiano Scrittori di Montagna\"}]},{\"@type\":\"WebSite\",\"@id\":\"https:\\\/\\\/www.bellunopress.it\\\/#website\",\"url\":\"https:\\\/\\\/www.bellunopress.it\\\/\",\"name\":\"Bellunopress - Dolomiti\",\"description\":\"e-mail: redazione@bellunopress.it\",\"publisher\":{\"@id\":\"https:\\\/\\\/www.bellunopress.it\\\/#organization\"},\"potentialAction\":[{\"@type\":\"SearchAction\",\"target\":{\"@type\":\"EntryPoint\",\"urlTemplate\":\"https:\\\/\\\/www.bellunopress.it\\\/?s={search_term_string}\"},\"query-input\":{\"@type\":\"PropertyValueSpecification\",\"valueRequired\":true,\"valueName\":\"search_term_string\"}}],\"inLanguage\":\"fr-FR\"},{\"@type\":\"Organization\",\"@id\":\"https:\\\/\\\/www.bellunopress.it\\\/#organization\",\"name\":\"Bellunopress\",\"url\":\"https:\\\/\\\/www.bellunopress.it\\\/\",\"logo\":{\"@type\":\"ImageObject\",\"inLanguage\":\"fr-FR\",\"@id\":\"https:\\\/\\\/www.bellunopress.it\\\/#\\\/schema\\\/logo\\\/image\\\/\",\"url\":\"https:\\\/\\\/www.bellunopress.it\\\/wp-content\\\/uploads\\\/2011\\\/05\\\/cropped-logo-bellunopress-.jpg\",\"contentUrl\":\"https:\\\/\\\/www.bellunopress.it\\\/wp-content\\\/uploads\\\/2011\\\/05\\\/cropped-logo-bellunopress-.jpg\",\"width\":512,\"height\":512,\"caption\":\"Bellunopress\"},\"image\":{\"@id\":\"https:\\\/\\\/www.bellunopress.it\\\/#\\\/schema\\\/logo\\\/image\\\/\"},\"sameAs\":[\"https:\\\/\\\/www.facebook.com\\\/profile.php?id=100008943462799\",\"https:\\\/\\\/x.com\\\/bellunopress\",\"https:\\\/\\\/www.linkedin.com\\\/hp\\\/?dnr=JBzUWaJfMUw8vbXJJ2tVW5-I3jZKvC4wsoxE&amp;amp;amp;amp;amp;amp;trk=nav_responsive_tab_home\",\"https:\\\/\\\/www.youtube.com\\\/channel\\\/UCxL0wu1uN0_3_7hGG0306cw\"]},{\"@type\":\"Person\",\"@id\":\"https:\\\/\\\/www.bellunopress.it\\\/#\\\/schema\\\/person\\\/79bb06722b37ece1c03d3e94beb30d73\",\"name\":\"redazione\",\"image\":{\"@type\":\"ImageObject\",\"inLanguage\":\"fr-FR\",\"@id\":\"https:\\\/\\\/secure.gravatar.com\\\/avatar\\\/37d968a2e67a6fd04c169c4bdef102d0bc5d31b2546345219e348575eb80e9a0?s=96&d=mm&r=g\",\"url\":\"https:\\\/\\\/secure.gravatar.com\\\/avatar\\\/37d968a2e67a6fd04c169c4bdef102d0bc5d31b2546345219e348575eb80e9a0?s=96&d=mm&r=g\",\"contentUrl\":\"https:\\\/\\\/secure.gravatar.com\\\/avatar\\\/37d968a2e67a6fd04c169c4bdef102d0bc5d31b2546345219e348575eb80e9a0?s=96&d=mm&r=g\",\"caption\":\"redazione\"},\"sameAs\":[\"http:\\\/\\\/www.bellunopress.it\",\"https:\\\/\\\/x.com\\\/bellunopress\"],\"url\":\"https:\\\/\\\/www.bellunopress.it\\\/fr\\\/author\\\/redazione\\\/\"}]}<\/script>\n<!-- \/ Yoast SEO plugin. -->","yoast_head_json":{"title":"Antonella Giacomini entra a far parte del prestigioso GISM, il Gruppo Italiano Scrittori di Montagna - Bellunopress - Dolomiti","robots":{"index":"index","follow":"follow","max-snippet":"max-snippet:-1","max-image-preview":"max-image-preview:large","max-video-preview":"max-video-preview:-1"},"canonical":"https:\/\/www.bellunopress.it\/fr\/2026\/06\/15\/antonella-giacomini-entra-a-far-parte-del-prestigioso-gism-il-gruppo-italiano-scrittori-di-montagna\/","og_locale":"fr_FR","og_type":"article","og_title":"Antonella Giacomini entra a far parte del prestigioso GISM, il Gruppo Italiano Scrittori di Montagna - Bellunopress - Dolomiti","og_description":"Un importante riconoscimento per l\u2019attivit\u00e0 giornalistica e di divulgazione culturale della giornalista scrittrice bellunese, ufficializzato lo scorso 13 giugno a L\u2019Aquila. La cultura di montagna italiana si arricchisce di una nuova figura di spicco. Lo scorso 13 giugno, in una suggestiva cerimonia tenutasi a L\u2019Aquila, Antonella Giacomini \u00e8 stata ufficialmente nominata Accademica del GISM \u2013 [&hellip;]","og_url":"https:\/\/www.bellunopress.it\/fr\/2026\/06\/15\/antonella-giacomini-entra-a-far-parte-del-prestigioso-gism-il-gruppo-italiano-scrittori-di-montagna\/","og_site_name":"Bellunopress - Dolomiti","article_publisher":"https:\/\/www.facebook.com\/profile.php?id=100008943462799","article_published_time":"2026-06-15T10:02:57+00:00","article_modified_time":"2026-06-15T10:10:17+00:00","og_image":[{"width":500,"height":271,"url":"https:\/\/www.bellunopress.it\/wp-content\/uploads\/2026\/06\/Antonella-Giacomini-accademica-Gism.jpeg","type":"image\/jpeg"}],"author":"redazione","twitter_card":"summary_large_image","twitter_creator":"@bellunopress","twitter_site":"@bellunopress","twitter_misc":{"Written by":"redazione","Est. reading time":"3 minutes"},"schema":{"@context":"https:\/\/schema.org","@graph":[{"@type":"Article","@id":"https:\/\/www.bellunopress.it\/2026\/06\/15\/antonella-giacomini-entra-a-far-parte-del-prestigioso-gism-il-gruppo-italiano-scrittori-di-montagna\/#article","isPartOf":{"@id":"https:\/\/www.bellunopress.it\/2026\/06\/15\/antonella-giacomini-entra-a-far-parte-del-prestigioso-gism-il-gruppo-italiano-scrittori-di-montagna\/"},"author":{"name":"redazione","@id":"https:\/\/www.bellunopress.it\/#\/schema\/person\/79bb06722b37ece1c03d3e94beb30d73"},"headline":"Antonella Giacomini entra a far parte del prestigioso GISM, il Gruppo Italiano Scrittori di Montagna","datePublished":"2026-06-15T10:02:57+00:00","dateModified":"2026-06-15T10:10:17+00:00","mainEntityOfPage":{"@id":"https:\/\/www.bellunopress.it\/2026\/06\/15\/antonella-giacomini-entra-a-far-parte-del-prestigioso-gism-il-gruppo-italiano-scrittori-di-montagna\/"},"wordCount":428,"publisher":{"@id":"https:\/\/www.bellunopress.it\/#organization"},"image":{"@id":"https:\/\/www.bellunopress.it\/2026\/06\/15\/antonella-giacomini-entra-a-far-parte-del-prestigioso-gism-il-gruppo-italiano-scrittori-di-montagna\/#primaryimage"},"thumbnailUrl":"https:\/\/www.bellunopress.it\/wp-content\/uploads\/2026\/06\/Antonella-Giacomini-accademica-Gism.jpeg","articleSection":["Arte, Cultura, Spettacoli, Scienza","Prima Pagina"],"inLanguage":"fr-FR"},{"@type":"WebPage","@id":"https:\/\/www.bellunopress.it\/2026\/06\/15\/antonella-giacomini-entra-a-far-parte-del-prestigioso-gism-il-gruppo-italiano-scrittori-di-montagna\/","url":"https:\/\/www.bellunopress.it\/2026\/06\/15\/antonella-giacomini-entra-a-far-parte-del-prestigioso-gism-il-gruppo-italiano-scrittori-di-montagna\/","name":"Antonella Giacomini entra a far parte del prestigioso GISM, il Gruppo Italiano Scrittori di Montagna - Bellunopress - Dolomiti","isPartOf":{"@id":"https:\/\/www.bellunopress.it\/#website"},"primaryImageOfPage":{"@id":"https:\/\/www.bellunopress.it\/2026\/06\/15\/antonella-giacomini-entra-a-far-parte-del-prestigioso-gism-il-gruppo-italiano-scrittori-di-montagna\/#primaryimage"},"image":{"@id":"https:\/\/www.bellunopress.it\/2026\/06\/15\/antonella-giacomini-entra-a-far-parte-del-prestigioso-gism-il-gruppo-italiano-scrittori-di-montagna\/#primaryimage"},"thumbnailUrl":"https:\/\/www.bellunopress.it\/wp-content\/uploads\/2026\/06\/Antonella-Giacomini-accademica-Gism.jpeg","datePublished":"2026-06-15T10:02:57+00:00","dateModified":"2026-06-15T10:10:17+00:00","breadcrumb":{"@id":"https:\/\/www.bellunopress.it\/2026\/06\/15\/antonella-giacomini-entra-a-far-parte-del-prestigioso-gism-il-gruppo-italiano-scrittori-di-montagna\/#breadcrumb"},"inLanguage":"fr-FR","potentialAction":[{"@type":"ReadAction","target":["https:\/\/www.bellunopress.it\/2026\/06\/15\/antonella-giacomini-entra-a-far-parte-del-prestigioso-gism-il-gruppo-italiano-scrittori-di-montagna\/"]}]},{"@type":"ImageObject","inLanguage":"fr-FR","@id":"https:\/\/www.bellunopress.it\/2026\/06\/15\/antonella-giacomini-entra-a-far-parte-del-prestigioso-gism-il-gruppo-italiano-scrittori-di-montagna\/#primaryimage","url":"https:\/\/www.bellunopress.it\/wp-content\/uploads\/2026\/06\/Antonella-Giacomini-accademica-Gism.jpeg","contentUrl":"https:\/\/www.bellunopress.it\/wp-content\/uploads\/2026\/06\/Antonella-Giacomini-accademica-Gism.jpeg","width":500,"height":271,"caption":"Antonella Giacomini a L'Aquila il 13 giugno 2026 insignita del prestigioso riconoscimento"},{"@type":"BreadcrumbList","@id":"https:\/\/www.bellunopress.it\/2026\/06\/15\/antonella-giacomini-entra-a-far-parte-del-prestigioso-gism-il-gruppo-italiano-scrittori-di-montagna\/#breadcrumb","itemListElement":[{"@type":"ListItem","position":1,"name":"Home","item":"https:\/\/www.bellunopress.it\/"},{"@type":"ListItem","position":2,"name":"Antonella Giacomini entra a far parte del prestigioso GISM, il Gruppo Italiano Scrittori di Montagna"}]},{"@type":"WebSite","@id":"https:\/\/www.bellunopress.it\/#website","url":"https:\/\/www.bellunopress.it\/","name":"Bellunopress - Dolomiti","description":"e-mail: redazione@bellunopress.it","publisher":{"@id":"https:\/\/www.bellunopress.it\/#organization"},"potentialAction":[{"@type":"SearchAction","target":{"@type":"EntryPoint","urlTemplate":"https:\/\/www.bellunopress.it\/?s={search_term_string}"},"query-input":{"@type":"PropertyValueSpecification","valueRequired":true,"valueName":"search_term_string"}}],"inLanguage":"fr-FR"},{"@type":"Organization","@id":"https:\/\/www.bellunopress.it\/#organization","name":"Bellunopress","url":"https:\/\/www.bellunopress.it\/","logo":{"@type":"ImageObject","inLanguage":"fr-FR","@id":"https:\/\/www.bellunopress.it\/#\/schema\/logo\/image\/","url":"https:\/\/www.bellunopress.it\/wp-content\/uploads\/2011\/05\/cropped-logo-bellunopress-.jpg","contentUrl":"https:\/\/www.bellunopress.it\/wp-content\/uploads\/2011\/05\/cropped-logo-bellunopress-.jpg","width":512,"height":512,"caption":"Bellunopress"},"image":{"@id":"https:\/\/www.bellunopress.it\/#\/schema\/logo\/image\/"},"sameAs":["https:\/\/www.facebook.com\/profile.php?id=100008943462799","https:\/\/x.com\/bellunopress","https:\/\/www.linkedin.com\/hp\/?dnr=JBzUWaJfMUw8vbXJJ2tVW5-I3jZKvC4wsoxE&amp;amp;amp;amp;amp;amp;trk=nav_responsive_tab_home","https:\/\/www.youtube.com\/channel\/UCxL0wu1uN0_3_7hGG0306cw"]},{"@type":"Person","@id":"https:\/\/www.bellunopress.it\/#\/schema\/person\/79bb06722b37ece1c03d3e94beb30d73","name":"r\u00e9daction","image":{"@type":"ImageObject","inLanguage":"fr-FR","@id":"https:\/\/secure.gravatar.com\/avatar\/37d968a2e67a6fd04c169c4bdef102d0bc5d31b2546345219e348575eb80e9a0?s=96&d=mm&r=g","url":"https:\/\/secure.gravatar.com\/avatar\/37d968a2e67a6fd04c169c4bdef102d0bc5d31b2546345219e348575eb80e9a0?s=96&d=mm&r=g","contentUrl":"https:\/\/secure.gravatar.com\/avatar\/37d968a2e67a6fd04c169c4bdef102d0bc5d31b2546345219e348575eb80e9a0?s=96&d=mm&r=g","caption":"redazione"},"sameAs":["http:\/\/www.bellunopress.it","https:\/\/x.com\/bellunopress"],"url":"https:\/\/www.bellunopress.it\/fr\/author\/redazione\/"}]}},"_links":{"self":[{"href":"https:\/\/www.bellunopress.it\/fr\/wp-json\/wp\/v2\/posts\/170954","targetHints":{"allow":["GET"]}}],"collection":[{"href":"https:\/\/www.bellunopress.it\/fr\/wp-json\/wp\/v2\/posts"}],"about":[{"href":"https:\/\/www.bellunopress.it\/fr\/wp-json\/wp\/v2\/types\/post"}],"author":[{"embeddable":true,"href":"https:\/\/www.bellunopress.it\/fr\/wp-json\/wp\/v2\/users\/2"}],"replies":[{"embeddable":true,"href":"https:\/\/www.bellunopress.it\/fr\/wp-json\/wp\/v2\/comments?post=170954"}],"version-history":[{"count":2,"href":"https:\/\/www.bellunopress.it\/fr\/wp-json\/wp\/v2\/posts\/170954\/revisions"}],"predecessor-version":[{"id":170957,"href":"https:\/\/www.bellunopress.it\/fr\/wp-json\/wp\/v2\/posts\/170954\/revisions\/170957"}],"wp:featuredmedia":[{"embeddable":true,"href":"https:\/\/www.bellunopress.it\/fr\/wp-json\/wp\/v2\/media\/170955"}],"wp:attachment":[{"href":"https:\/\/www.bellunopress.it\/fr\/wp-json\/wp\/v2\/media?parent=170954"}],"wp:term":[{"taxonomy":"category","embeddable":true,"href":"https:\/\/www.bellunopress.it\/fr\/wp-json\/wp\/v2\/categories?post=170954"},{"taxonomy":"post_tag","embeddable":true,"href":"https:\/\/www.bellunopress.it\/fr\/wp-json\/wp\/v2\/tags?post=170954"}],"curies":[{"name":"wp","href":"https:\/\/api.w.org\/{rel}","templated":true}]}}