{"id":170949,"date":"2026-06-14T21:02:05","date_gmt":"2026-06-14T19:02:05","guid":{"rendered":"https:\/\/www.bellunopress.it\/?p=170949"},"modified":"2026-06-14T21:02:05","modified_gmt":"2026-06-14T19:02:05","slug":"convegno-internazionale-sui-capoluoghi-sociali","status":"publish","type":"post","link":"https:\/\/www.bellunopress.it\/fr\/2026\/06\/14\/convegno-internazionale-sui-capoluoghi-sociali\/","title":{"rendered":"Convegno internazionale sui capoluoghi sociali"},"content":{"rendered":"<p><strong>Il 19 giugno amministratori, studiosi ed esperti a confronto sulle sfide sociali delle citt\u00e0 alpine<\/strong><\/p>\n<p>Sar\u00e0 Belluno la sede del grande convegno internazionale sulle politiche sociali delle aree alpine: venerd\u00ec 19 giugno l&#8217;Auditorium cittadino ospiter\u00e0 infatti \u201cTrasformazione sociale dei capoluoghi di provincia \u2013 Cooperazione sovraterritoriale come valore aggiunto\u201d, appuntamento che riunir\u00e0 amministratori, accademici, operatori ed esperti provenienti da Belluno, Bolzano, Innsbruck e Trento per analizzare insieme le principali sfide che interessano oggi le comunit\u00e0 alpine. \u201cLe citt\u00e0 alpine condividono sfide che non si fermano ai confini amministrativi &#8211; sottolinea il sindaco Oscar De Pellegrin -. Belluno vive ogni giorno le questioni legate all&#8217;invecchiamento della popolazione, alla necessit\u00e0 di garantire servizi di prossimit\u00e0 e al bisogno di creare opportunit\u00e0 perch\u00e9 i giovani possano costruire qui il proprio futuro. Per questo crediamo fortemente nel valore della collaborazione tra territori. Ospitare questo convegno significa mettere Belluno al centro di una rete internazionale che vuole trasformare le difficolt\u00e0 in occasioni di crescita, innovazione e coesione sociale\u201d.<\/p>\n<p><strong>LA RETE E IL PROGETTO<\/strong><br \/>\nL&#8217;iniziativa rappresenta un importante passo avanti nel percorso avviato dalla \u201cCarta Sociale delle Alpi\u201d, documento sottoscritto nel 2025 e nell\u2019ambito del quale \u00e8 nato il gruppo di lavoro. Un progetto che punta a trasformare il confronto tra amministrazioni in un&#8217;occasione concreta di crescita comune, attraverso lo scambio di esperienze, buone pratiche e strategie condivise.<br \/>\nAl centro della giornata ci saranno temi che accomunano sempre pi\u00f9 i territori montani e le citt\u00e0 di medie dimensioni: l&#8217;invecchiamento della popolazione, le nuove dinamiche migratorie, la carenza di personale nei servizi di cura, il ruolo del volontariato e le prospettive delle giovani generazioni all&#8217;interno di comunit\u00e0 che stanno cambiando rapidamente.<br \/>\n\u201cLa Carta Sociale delle Alpi nasce dalla consapevolezza che molte delle problematiche che affrontiamo sono comuni e che nessuna amministrazione pu\u00f2 pensare di risolverle da sola &#8211; evidenzia l&#8217;assessore alle politiche sociali Marco Dal Pont -. In questi anni abbiamo costruito un percorso di dialogo e collaborazione con Bolzano, Innsbruck e Trento che oggi entra in una fase sempre pi\u00f9 concreta. Il convegno rappresenta un momento importante perch\u00e9 consente di mettere a confronto esperienze diverse, individuare buone pratiche e sviluppare proposte che possano tradursi in strumenti utili per migliorare la qualit\u00e0 dei servizi e rafforzare la coesione delle nostre comunit\u00e0\u201d.<\/p>\n<p>La Carta Sociale delle Alpi rappresenta inoltre il punto di partenza di un percorso pi\u00f9 ampio che ha consentito ai quattro capoluoghi di sviluppare e candidare con successo il progetto europeo SOCIAL-ALPS, finanziato dal programma Interreg Italia-Austria 2021-2027 anche grazie al supporto del GAL Prealpi bellunesi. Il convegno di Belluno segna l&#8217;avvio ufficiale delle attivit\u00e0 progettuali, che proseguiranno nei prossimi mesi attraverso un intenso lavoro di confronto e scambio tra Belluno, Bolzano, Innsbruck e Trento e si concluderanno il prossimo anno a Innsbruck.<\/p>\n<p>L&#8217;obiettivo \u00e8 individuare, analizzare e condividere le migliori pratiche sviluppate nei diversi territori nell&#8217;ambito delle politiche sociali, favorendo lo scambio di competenze ed esperienze tra operatori e servizi. Attraverso il confronto diretto tra professionisti e amministrazioni sar\u00e0 possibile costruire modelli operativi comuni e sviluppare strumenti sempre pi\u00f9 efficaci per rispondere ai bisogni delle comunit\u00e0 alpine.<\/p>\n<p>Tra le azioni previste dal progetto vi sar\u00e0 inoltre uno studio specifico dedicato alla frazione di Tassei che ha vissuto un importante spopolamento negli ultimi decenni, studio finalizzato ad approfondire le strategie pi\u00f9 efficaci per contrastare lo spopolamento, attrarre nuove famiglie, mantenere i residenti e rafforzare la vitalit\u00e0 della comunit\u00e0 locale. Un&#8217;attivit\u00e0 che consentir\u00e0 di sperimentare sul territorio le metodologie e gli strumenti sviluppati all&#8217;interno della collaborazione internazionale.<\/p>\n<p>Il progetto si concluder\u00e0 nel 2027 con un grande convegno ad Innsbruck.<\/p>\n<p><strong>IL CONVEGNO<\/strong><br \/>\nLa giornata del19 giugno si aprir\u00e0 alle 9 con l&#8217;accoglienza dei partecipanti e, dopo i saluti istituzionali, entrer\u00e0 nel vivo con la presentazione del percorso del gruppo di lavoro \u201cCapoluoghi Sociali\u201d e della Carta Sociale delle Alpi da parte di Marco Dal Pont e di Heinz Torggler, coordinatore del gruppo di lavoro e della Federazione per il Sociale e la Sanit\u00e0 ETS di Bolzano.<br \/>\nSeguiranno gli approfondimenti dedicati ai temi centrali del convegno. Il professor Georg Willi oggi vicesindaco e assessore alle Politiche sociali di Innsbruck, interverr\u00e0 sul futuro del welfare in una societ\u00e0 caratterizzata da un progressivo invecchiamento della popolazione. Urban Perkmann, dell&#8217;Istituto di ricerca economica della Camera di Commercio di Bolzano, e Patrizia Brillo, assessore alle Politiche sociali, Sanit\u00e0 e Sport del Comune di Bolzano, affronteranno il tema degli effetti delle migrazioni e delle professioni rivolte ai giovani.<\/p>\n<p>Spazio poi all&#8217;esperienza di Trento con Ericka Costa, professoressa ordinaria dell&#8217;Universit\u00e0 di Trento, e Giulia Casonato, assessore alle politiche sociali del Comune di Trento, che presenteranno una riflessione sul ruolo del volontariato nelle comunit\u00e0 montane. A seguire Laura Dal Corso professoressa associata dell&#8217;Universit\u00e0 di Padova, e l\u2019assessore Dal Pont approfondiranno il tema delle sfide e delle opportunit\u00e0 che attendono le nuove generazioni all&#8217;interno di una societ\u00e0 fondata sulla solidariet\u00e0.<br \/>\nLe conclusioni della sessione mattutina saranno affidate a Paola Roma, assessore della Regione Veneto ai Servizi sociali, Famiglia, Longevit\u00e0, Sport e Politiche abitative.<\/p>\n<p>Nel pomeriggio i partecipanti si confronteranno in gruppi di lavoro dedicati all&#8217;approfondimento dei temi emersi durante la mattinata e all&#8217;elaborazione di proposte operative da condividere tra le diverse realt\u00e0 coinvolte. I lavori si concluderanno alle 17.30.<br \/>\nL&#8217;iniziativa \u00e8 organizzata nell&#8217;ambito del progetto europeo SOCIAL-ALPS, cofinanziato dal programma Interreg Italia-Austria 2021-2027, e conferma il ruolo di Belluno come protagonista di una rete internazionale impegnata a costruire nuove risposte alle trasformazioni sociali che stanno interessando i territori alpini.<\/p>\n<p><strong>PROGRAMMA<\/strong><br \/>\nOre 9.00 \u2013 Accoglienza e registrazione partecipanti<br \/>\nOre 9.30 \u2013 Saluti istituzionali del sindaco di Belluno Oscar De Pellegrin e delle autorit\u00e0 presenti<br \/>\nOre 9.45 \u2013 Presentazione del gruppo di lavoro \u201cCapoluoghi Sociali\u201d e della \u201cCarta Sociale delle Alpi\u201d<br \/>\na cura dell\u2019assessore al sociale del Comune di Belluno Marco Dal Pont e di Heinz Torggler moderatore e coordinatore del gruppo di lavoro \u201cCapoluoghi sociali\u201d<br \/>\nOre 10.00 \u2013 \u201cGEN(erazioni) Innsbruck: un futuro modello per una vita in quartiere innovativo per tutte le et\u00e0\u201d a cura della dottoressa Anouk van Amerongen assistente alla didattica e alla ricerca dell\u2019MCI Universit\u00e0 imprenditoriale di Innsbruck e di Georg Willi vice sindaco e assessore per il sociale, servizi per l\u2019abitare, cultura, relazioni esterne del Comune di Innsbruck.<br \/>\nOre 10.35 \u2013 \u201cEffetti della migrazione e dell&#8217;emigrazione sulle professioni dei giovani\u201d a cura del dottor Urban Perkmann dell\u2019Istituto di ricerca economica della Camera di Commercio di Bolzano e di Patrizia Brillo assessore alle politiche sociali, sanit\u00e0 e sport del Comune di Bolzano.<br \/>\nOre 11.20 \u2013 \u201cMisurare l&#8217;impatto sociale del volontariato nei contesti montani: l&#8217;esperienza di Trento\u201d a cura di Ericka Costa professoressa ordinaria di contabilit\u00e0 presso il Dipartimento di Economia e Management dell\u2019Universit\u00e0 di Trento e di Giulia Casonato assessore alle politiche sociali, casa e partecipazione del Comune di Trento.<br \/>\nOre 11.55 \u2013 \u201cSfide e qualit\u00e0 in una comunit\u00e0 basata sulla solidariet\u00e0. Problemi per una generazione giovane in transizione\u201d a cura di Laura Dal Corso professoressa associata del Dipartimento di Filosofia, Sociologia, Pedagogia e Psicologia associata dell\u2019Universit\u00e0 di Padova e dell\u2019assessore del Comune di Belluno Marco Dal Pont.<br \/>\nOre 12.30 \u2013 Conclusioni<br \/>\nIntervento dell\u2019assessore ai Servizi sociali, famiglia, longevit\u00e0, sport. E politiche abitative della Regione del Veneto, Paola Roma<br \/>\nOre 15.00 \u2013 Gruppi di lavoro e confronto tra i partecipanti<br \/>\nOre 17.30 \u2013 Conclusione dei lavori<br \/>\nOre 20.15 \u2013 Concerto del maestro Mos\u00e8 Andrich \u201cMy Songs\u201d<\/p>\n<p>Il convegno \u00e8 aperto a tutti. Ingresso libero.<\/p>","protected":false},"excerpt":{"rendered":"<p>Il 19 giugno amministratori, studiosi ed esperti a confronto sulle sfide sociali delle citt\u00e0 alpine Sar\u00e0 Belluno la sede del grande convegno internazionale sulle politiche sociali delle aree alpine: venerd\u00ec 19 giugno l&#8217;Auditorium cittadino ospiter\u00e0 infatti \u201cTrasformazione sociale dei capoluoghi di provincia \u2013 Cooperazione sovraterritoriale come valore aggiunto\u201d, appuntamento che riunir\u00e0 amministratori, accademici, operatori ed [&hellip;]<\/p>\n","protected":false},"author":2,"featured_media":163063,"comment_status":"closed","ping_status":"open","sticky":false,"template":"","format":"standard","meta":{"footnotes":""},"categories":[27,25],"tags":[],"class_list":["post-170949","post","type-post","status-publish","format-standard","has-post-thumbnail","category-appuntamenti","category-pausa-caffe"],"yoast_head":"<!-- This site is optimized with the Yoast SEO plugin v28.4 - https:\/\/yoast.com\/product\/yoast-seo-wordpress\/ -->\n<title>Convegno internazionale sui capoluoghi sociali - Bellunopress - Dolomiti<\/title>\n<meta name=\"robots\" content=\"index, follow, max-snippet:-1, max-image-preview:large, max-video-preview:-1\" \/>\n<link rel=\"canonical\" href=\"https:\/\/www.bellunopress.it\/fr\/2026\/06\/14\/convegno-internazionale-sui-capoluoghi-sociali\/\" \/>\n<meta property=\"og:locale\" content=\"fr_FR\" \/>\n<meta property=\"og:type\" content=\"article\" \/>\n<meta property=\"og:title\" content=\"Convegno internazionale sui capoluoghi sociali - Bellunopress - Dolomiti\" \/>\n<meta property=\"og:description\" content=\"Il 19 giugno amministratori, studiosi ed esperti a confronto sulle sfide sociali delle citt\u00e0 alpine Sar\u00e0 Belluno la sede del grande convegno internazionale sulle politiche sociali delle aree alpine: venerd\u00ec 19 giugno l&#8217;Auditorium cittadino ospiter\u00e0 infatti \u201cTrasformazione sociale dei capoluoghi di provincia \u2013 Cooperazione sovraterritoriale come valore aggiunto\u201d, appuntamento che riunir\u00e0 amministratori, accademici, operatori ed [&hellip;]\" \/>\n<meta property=\"og:url\" content=\"https:\/\/www.bellunopress.it\/fr\/2026\/06\/14\/convegno-internazionale-sui-capoluoghi-sociali\/\" \/>\n<meta property=\"og:site_name\" content=\"Bellunopress - Dolomiti\" \/>\n<meta property=\"article:publisher\" content=\"https:\/\/www.facebook.com\/profile.php?id=100008943462799\" \/>\n<meta property=\"article:published_time\" content=\"2026-06-14T19:02:05+00:00\" \/>\n<meta property=\"og:image\" content=\"https:\/\/www.bellunopress.it\/wp-content\/uploads\/2025\/09\/Palazzo-Auditorium-Belluno.jpg\" \/>\n\t<meta property=\"og:image:width\" content=\"800\" \/>\n\t<meta property=\"og:image:height\" content=\"600\" \/>\n\t<meta property=\"og:image:type\" content=\"image\/jpeg\" \/>\n<meta name=\"author\" content=\"redazione\" \/>\n<meta name=\"twitter:card\" content=\"summary_large_image\" \/>\n<meta name=\"twitter:creator\" content=\"@bellunopress\" \/>\n<meta name=\"twitter:site\" content=\"@bellunopress\" \/>\n<meta name=\"twitter:label1\" content=\"\u00c9crit par\" \/>\n\t<meta name=\"twitter:data1\" content=\"redazione\" \/>\n\t<meta name=\"twitter:label2\" content=\"Dur\u00e9e de lecture estim\u00e9e\" \/>\n\t<meta name=\"twitter:data2\" content=\"7 minutes\" \/>\n<script type=\"application\/ld+json\" class=\"yoast-schema-graph\">{\"@context\":\"https:\\\/\\\/schema.org\",\"@graph\":[{\"@type\":\"Article\",\"@id\":\"https:\\\/\\\/www.bellunopress.it\\\/2026\\\/06\\\/14\\\/convegno-internazionale-sui-capoluoghi-sociali\\\/#article\",\"isPartOf\":{\"@id\":\"https:\\\/\\\/www.bellunopress.it\\\/2026\\\/06\\\/14\\\/convegno-internazionale-sui-capoluoghi-sociali\\\/\"},\"author\":{\"name\":\"redazione\",\"@id\":\"https:\\\/\\\/www.bellunopress.it\\\/#\\\/schema\\\/person\\\/79bb06722b37ece1c03d3e94beb30d73\"},\"headline\":\"Convegno internazionale sui capoluoghi sociali\",\"datePublished\":\"2026-06-14T19:02:05+00:00\",\"mainEntityOfPage\":{\"@id\":\"https:\\\/\\\/www.bellunopress.it\\\/2026\\\/06\\\/14\\\/convegno-internazionale-sui-capoluoghi-sociali\\\/\"},\"wordCount\":1226,\"publisher\":{\"@id\":\"https:\\\/\\\/www.bellunopress.it\\\/#organization\"},\"image\":{\"@id\":\"https:\\\/\\\/www.bellunopress.it\\\/2026\\\/06\\\/14\\\/convegno-internazionale-sui-capoluoghi-sociali\\\/#primaryimage\"},\"thumbnailUrl\":\"https:\\\/\\\/www.bellunopress.it\\\/wp-content\\\/uploads\\\/2025\\\/09\\\/Palazzo-Auditorium-Belluno.jpg\",\"articleSection\":[\"Appuntamenti, Eventi\",\"Pausa Caff\u00e8\"],\"inLanguage\":\"fr-FR\"},{\"@type\":\"WebPage\",\"@id\":\"https:\\\/\\\/www.bellunopress.it\\\/2026\\\/06\\\/14\\\/convegno-internazionale-sui-capoluoghi-sociali\\\/\",\"url\":\"https:\\\/\\\/www.bellunopress.it\\\/2026\\\/06\\\/14\\\/convegno-internazionale-sui-capoluoghi-sociali\\\/\",\"name\":\"Convegno internazionale sui capoluoghi sociali - Bellunopress - Dolomiti\",\"isPartOf\":{\"@id\":\"https:\\\/\\\/www.bellunopress.it\\\/#website\"},\"primaryImageOfPage\":{\"@id\":\"https:\\\/\\\/www.bellunopress.it\\\/2026\\\/06\\\/14\\\/convegno-internazionale-sui-capoluoghi-sociali\\\/#primaryimage\"},\"image\":{\"@id\":\"https:\\\/\\\/www.bellunopress.it\\\/2026\\\/06\\\/14\\\/convegno-internazionale-sui-capoluoghi-sociali\\\/#primaryimage\"},\"thumbnailUrl\":\"https:\\\/\\\/www.bellunopress.it\\\/wp-content\\\/uploads\\\/2025\\\/09\\\/Palazzo-Auditorium-Belluno.jpg\",\"datePublished\":\"2026-06-14T19:02:05+00:00\",\"breadcrumb\":{\"@id\":\"https:\\\/\\\/www.bellunopress.it\\\/2026\\\/06\\\/14\\\/convegno-internazionale-sui-capoluoghi-sociali\\\/#breadcrumb\"},\"inLanguage\":\"fr-FR\",\"potentialAction\":[{\"@type\":\"ReadAction\",\"target\":[\"https:\\\/\\\/www.bellunopress.it\\\/2026\\\/06\\\/14\\\/convegno-internazionale-sui-capoluoghi-sociali\\\/\"]}]},{\"@type\":\"ImageObject\",\"inLanguage\":\"fr-FR\",\"@id\":\"https:\\\/\\\/www.bellunopress.it\\\/2026\\\/06\\\/14\\\/convegno-internazionale-sui-capoluoghi-sociali\\\/#primaryimage\",\"url\":\"https:\\\/\\\/www.bellunopress.it\\\/wp-content\\\/uploads\\\/2025\\\/09\\\/Palazzo-Auditorium-Belluno.jpg\",\"contentUrl\":\"https:\\\/\\\/www.bellunopress.it\\\/wp-content\\\/uploads\\\/2025\\\/09\\\/Palazzo-Auditorium-Belluno.jpg\",\"width\":800,\"height\":600,\"caption\":\"Palazzo Auditorium - Belluno\"},{\"@type\":\"BreadcrumbList\",\"@id\":\"https:\\\/\\\/www.bellunopress.it\\\/2026\\\/06\\\/14\\\/convegno-internazionale-sui-capoluoghi-sociali\\\/#breadcrumb\",\"itemListElement\":[{\"@type\":\"ListItem\",\"position\":1,\"name\":\"Home\",\"item\":\"https:\\\/\\\/www.bellunopress.it\\\/\"},{\"@type\":\"ListItem\",\"position\":2,\"name\":\"Convegno internazionale sui capoluoghi sociali\"}]},{\"@type\":\"WebSite\",\"@id\":\"https:\\\/\\\/www.bellunopress.it\\\/#website\",\"url\":\"https:\\\/\\\/www.bellunopress.it\\\/\",\"name\":\"Bellunopress - Dolomiti\",\"description\":\"e-mail: redazione@bellunopress.it\",\"publisher\":{\"@id\":\"https:\\\/\\\/www.bellunopress.it\\\/#organization\"},\"potentialAction\":[{\"@type\":\"SearchAction\",\"target\":{\"@type\":\"EntryPoint\",\"urlTemplate\":\"https:\\\/\\\/www.bellunopress.it\\\/?s={search_term_string}\"},\"query-input\":{\"@type\":\"PropertyValueSpecification\",\"valueRequired\":true,\"valueName\":\"search_term_string\"}}],\"inLanguage\":\"fr-FR\"},{\"@type\":\"Organization\",\"@id\":\"https:\\\/\\\/www.bellunopress.it\\\/#organization\",\"name\":\"Bellunopress\",\"url\":\"https:\\\/\\\/www.bellunopress.it\\\/\",\"logo\":{\"@type\":\"ImageObject\",\"inLanguage\":\"fr-FR\",\"@id\":\"https:\\\/\\\/www.bellunopress.it\\\/#\\\/schema\\\/logo\\\/image\\\/\",\"url\":\"https:\\\/\\\/www.bellunopress.it\\\/wp-content\\\/uploads\\\/2011\\\/05\\\/cropped-logo-bellunopress-.jpg\",\"contentUrl\":\"https:\\\/\\\/www.bellunopress.it\\\/wp-content\\\/uploads\\\/2011\\\/05\\\/cropped-logo-bellunopress-.jpg\",\"width\":512,\"height\":512,\"caption\":\"Bellunopress\"},\"image\":{\"@id\":\"https:\\\/\\\/www.bellunopress.it\\\/#\\\/schema\\\/logo\\\/image\\\/\"},\"sameAs\":[\"https:\\\/\\\/www.facebook.com\\\/profile.php?id=100008943462799\",\"https:\\\/\\\/x.com\\\/bellunopress\",\"https:\\\/\\\/www.linkedin.com\\\/hp\\\/?dnr=JBzUWaJfMUw8vbXJJ2tVW5-I3jZKvC4wsoxE&amp;amp;amp;amp;amp;amp;trk=nav_responsive_tab_home\",\"https:\\\/\\\/www.youtube.com\\\/channel\\\/UCxL0wu1uN0_3_7hGG0306cw\"]},{\"@type\":\"Person\",\"@id\":\"https:\\\/\\\/www.bellunopress.it\\\/#\\\/schema\\\/person\\\/79bb06722b37ece1c03d3e94beb30d73\",\"name\":\"redazione\",\"image\":{\"@type\":\"ImageObject\",\"inLanguage\":\"fr-FR\",\"@id\":\"https:\\\/\\\/secure.gravatar.com\\\/avatar\\\/37d968a2e67a6fd04c169c4bdef102d0bc5d31b2546345219e348575eb80e9a0?s=96&d=mm&r=g\",\"url\":\"https:\\\/\\\/secure.gravatar.com\\\/avatar\\\/37d968a2e67a6fd04c169c4bdef102d0bc5d31b2546345219e348575eb80e9a0?s=96&d=mm&r=g\",\"contentUrl\":\"https:\\\/\\\/secure.gravatar.com\\\/avatar\\\/37d968a2e67a6fd04c169c4bdef102d0bc5d31b2546345219e348575eb80e9a0?s=96&d=mm&r=g\",\"caption\":\"redazione\"},\"sameAs\":[\"http:\\\/\\\/www.bellunopress.it\",\"https:\\\/\\\/x.com\\\/bellunopress\"],\"url\":\"https:\\\/\\\/www.bellunopress.it\\\/fr\\\/author\\\/redazione\\\/\"}]}<\/script>\n<!-- \/ Yoast SEO plugin. -->","yoast_head_json":{"title":"Convegno internazionale sui capoluoghi sociali - Bellunopress - Dolomiti","robots":{"index":"index","follow":"follow","max-snippet":"max-snippet:-1","max-image-preview":"max-image-preview:large","max-video-preview":"max-video-preview:-1"},"canonical":"https:\/\/www.bellunopress.it\/fr\/2026\/06\/14\/convegno-internazionale-sui-capoluoghi-sociali\/","og_locale":"fr_FR","og_type":"article","og_title":"Convegno internazionale sui capoluoghi sociali - Bellunopress - Dolomiti","og_description":"Il 19 giugno amministratori, studiosi ed esperti a confronto sulle sfide sociali delle citt\u00e0 alpine Sar\u00e0 Belluno la sede del grande convegno internazionale sulle politiche sociali delle aree alpine: venerd\u00ec 19 giugno l&#8217;Auditorium cittadino ospiter\u00e0 infatti \u201cTrasformazione sociale dei capoluoghi di provincia \u2013 Cooperazione sovraterritoriale come valore aggiunto\u201d, appuntamento che riunir\u00e0 amministratori, accademici, operatori ed [&hellip;]","og_url":"https:\/\/www.bellunopress.it\/fr\/2026\/06\/14\/convegno-internazionale-sui-capoluoghi-sociali\/","og_site_name":"Bellunopress - Dolomiti","article_publisher":"https:\/\/www.facebook.com\/profile.php?id=100008943462799","article_published_time":"2026-06-14T19:02:05+00:00","og_image":[{"width":800,"height":600,"url":"https:\/\/www.bellunopress.it\/wp-content\/uploads\/2025\/09\/Palazzo-Auditorium-Belluno.jpg","type":"image\/jpeg"}],"author":"redazione","twitter_card":"summary_large_image","twitter_creator":"@bellunopress","twitter_site":"@bellunopress","twitter_misc":{"\u00c9crit par":"redazione","Dur\u00e9e de lecture estim\u00e9e":"7 minutes"},"schema":{"@context":"https:\/\/schema.org","@graph":[{"@type":"Article","@id":"https:\/\/www.bellunopress.it\/2026\/06\/14\/convegno-internazionale-sui-capoluoghi-sociali\/#article","isPartOf":{"@id":"https:\/\/www.bellunopress.it\/2026\/06\/14\/convegno-internazionale-sui-capoluoghi-sociali\/"},"author":{"name":"redazione","@id":"https:\/\/www.bellunopress.it\/#\/schema\/person\/79bb06722b37ece1c03d3e94beb30d73"},"headline":"Convegno internazionale sui capoluoghi sociali","datePublished":"2026-06-14T19:02:05+00:00","mainEntityOfPage":{"@id":"https:\/\/www.bellunopress.it\/2026\/06\/14\/convegno-internazionale-sui-capoluoghi-sociali\/"},"wordCount":1226,"publisher":{"@id":"https:\/\/www.bellunopress.it\/#organization"},"image":{"@id":"https:\/\/www.bellunopress.it\/2026\/06\/14\/convegno-internazionale-sui-capoluoghi-sociali\/#primaryimage"},"thumbnailUrl":"https:\/\/www.bellunopress.it\/wp-content\/uploads\/2025\/09\/Palazzo-Auditorium-Belluno.jpg","articleSection":["Appuntamenti, Eventi","Pausa Caff\u00e8"],"inLanguage":"fr-FR"},{"@type":"WebPage","@id":"https:\/\/www.bellunopress.it\/2026\/06\/14\/convegno-internazionale-sui-capoluoghi-sociali\/","url":"https:\/\/www.bellunopress.it\/2026\/06\/14\/convegno-internazionale-sui-capoluoghi-sociali\/","name":"Convegno internazionale sui capoluoghi sociali - Bellunopress - Dolomiti","isPartOf":{"@id":"https:\/\/www.bellunopress.it\/#website"},"primaryImageOfPage":{"@id":"https:\/\/www.bellunopress.it\/2026\/06\/14\/convegno-internazionale-sui-capoluoghi-sociali\/#primaryimage"},"image":{"@id":"https:\/\/www.bellunopress.it\/2026\/06\/14\/convegno-internazionale-sui-capoluoghi-sociali\/#primaryimage"},"thumbnailUrl":"https:\/\/www.bellunopress.it\/wp-content\/uploads\/2025\/09\/Palazzo-Auditorium-Belluno.jpg","datePublished":"2026-06-14T19:02:05+00:00","breadcrumb":{"@id":"https:\/\/www.bellunopress.it\/2026\/06\/14\/convegno-internazionale-sui-capoluoghi-sociali\/#breadcrumb"},"inLanguage":"fr-FR","potentialAction":[{"@type":"ReadAction","target":["https:\/\/www.bellunopress.it\/2026\/06\/14\/convegno-internazionale-sui-capoluoghi-sociali\/"]}]},{"@type":"ImageObject","inLanguage":"fr-FR","@id":"https:\/\/www.bellunopress.it\/2026\/06\/14\/convegno-internazionale-sui-capoluoghi-sociali\/#primaryimage","url":"https:\/\/www.bellunopress.it\/wp-content\/uploads\/2025\/09\/Palazzo-Auditorium-Belluno.jpg","contentUrl":"https:\/\/www.bellunopress.it\/wp-content\/uploads\/2025\/09\/Palazzo-Auditorium-Belluno.jpg","width":800,"height":600,"caption":"Palazzo Auditorium - Belluno"},{"@type":"BreadcrumbList","@id":"https:\/\/www.bellunopress.it\/2026\/06\/14\/convegno-internazionale-sui-capoluoghi-sociali\/#breadcrumb","itemListElement":[{"@type":"ListItem","position":1,"name":"Home","item":"https:\/\/www.bellunopress.it\/"},{"@type":"ListItem","position":2,"name":"Convegno internazionale sui capoluoghi sociali"}]},{"@type":"WebSite","@id":"https:\/\/www.bellunopress.it\/#website","url":"https:\/\/www.bellunopress.it\/","name":"Bellunopress - Dolomiti","description":"e-mail: redazione@bellunopress.it","publisher":{"@id":"https:\/\/www.bellunopress.it\/#organization"},"potentialAction":[{"@type":"SearchAction","target":{"@type":"EntryPoint","urlTemplate":"https:\/\/www.bellunopress.it\/?s={search_term_string}"},"query-input":{"@type":"PropertyValueSpecification","valueRequired":true,"valueName":"search_term_string"}}],"inLanguage":"fr-FR"},{"@type":"Organization","@id":"https:\/\/www.bellunopress.it\/#organization","name":"Bellunopress","url":"https:\/\/www.bellunopress.it\/","logo":{"@type":"ImageObject","inLanguage":"fr-FR","@id":"https:\/\/www.bellunopress.it\/#\/schema\/logo\/image\/","url":"https:\/\/www.bellunopress.it\/wp-content\/uploads\/2011\/05\/cropped-logo-bellunopress-.jpg","contentUrl":"https:\/\/www.bellunopress.it\/wp-content\/uploads\/2011\/05\/cropped-logo-bellunopress-.jpg","width":512,"height":512,"caption":"Bellunopress"},"image":{"@id":"https:\/\/www.bellunopress.it\/#\/schema\/logo\/image\/"},"sameAs":["https:\/\/www.facebook.com\/profile.php?id=100008943462799","https:\/\/x.com\/bellunopress","https:\/\/www.linkedin.com\/hp\/?dnr=JBzUWaJfMUw8vbXJJ2tVW5-I3jZKvC4wsoxE&amp;amp;amp;amp;amp;amp;trk=nav_responsive_tab_home","https:\/\/www.youtube.com\/channel\/UCxL0wu1uN0_3_7hGG0306cw"]},{"@type":"Person","@id":"https:\/\/www.bellunopress.it\/#\/schema\/person\/79bb06722b37ece1c03d3e94beb30d73","name":"r\u00e9daction","image":{"@type":"ImageObject","inLanguage":"fr-FR","@id":"https:\/\/secure.gravatar.com\/avatar\/37d968a2e67a6fd04c169c4bdef102d0bc5d31b2546345219e348575eb80e9a0?s=96&d=mm&r=g","url":"https:\/\/secure.gravatar.com\/avatar\/37d968a2e67a6fd04c169c4bdef102d0bc5d31b2546345219e348575eb80e9a0?s=96&d=mm&r=g","contentUrl":"https:\/\/secure.gravatar.com\/avatar\/37d968a2e67a6fd04c169c4bdef102d0bc5d31b2546345219e348575eb80e9a0?s=96&d=mm&r=g","caption":"redazione"},"sameAs":["http:\/\/www.bellunopress.it","https:\/\/x.com\/bellunopress"],"url":"https:\/\/www.bellunopress.it\/fr\/author\/redazione\/"}]}},"_links":{"self":[{"href":"https:\/\/www.bellunopress.it\/fr\/wp-json\/wp\/v2\/posts\/170949","targetHints":{"allow":["GET"]}}],"collection":[{"href":"https:\/\/www.bellunopress.it\/fr\/wp-json\/wp\/v2\/posts"}],"about":[{"href":"https:\/\/www.bellunopress.it\/fr\/wp-json\/wp\/v2\/types\/post"}],"author":[{"embeddable":true,"href":"https:\/\/www.bellunopress.it\/fr\/wp-json\/wp\/v2\/users\/2"}],"replies":[{"embeddable":true,"href":"https:\/\/www.bellunopress.it\/fr\/wp-json\/wp\/v2\/comments?post=170949"}],"version-history":[{"count":1,"href":"https:\/\/www.bellunopress.it\/fr\/wp-json\/wp\/v2\/posts\/170949\/revisions"}],"predecessor-version":[{"id":170950,"href":"https:\/\/www.bellunopress.it\/fr\/wp-json\/wp\/v2\/posts\/170949\/revisions\/170950"}],"wp:featuredmedia":[{"embeddable":true,"href":"https:\/\/www.bellunopress.it\/fr\/wp-json\/wp\/v2\/media\/163063"}],"wp:attachment":[{"href":"https:\/\/www.bellunopress.it\/fr\/wp-json\/wp\/v2\/media?parent=170949"}],"wp:term":[{"taxonomy":"category","embeddable":true,"href":"https:\/\/www.bellunopress.it\/fr\/wp-json\/wp\/v2\/categories?post=170949"},{"taxonomy":"post_tag","embeddable":true,"href":"https:\/\/www.bellunopress.it\/fr\/wp-json\/wp\/v2\/tags?post=170949"}],"curies":[{"name":"wp","href":"https:\/\/api.w.org\/{rel}","templated":true}]}}