{"id":170946,"date":"2026-06-14T07:06:47","date_gmt":"2026-06-14T05:06:47","guid":{"rendered":"https:\/\/www.bellunopress.it\/?p=170946"},"modified":"2026-06-14T07:06:47","modified_gmt":"2026-06-14T05:06:47","slug":"olimpiadi-dentellate-oggi-a-lozzo-di-cadore-un-viaggio-nella-storia-dei-giochi-di-cortina-1956","status":"publish","type":"post","link":"https:\/\/www.bellunopress.it\/fr\/2026\/06\/14\/olimpiadi-dentellate-oggi-a-lozzo-di-cadore-un-viaggio-nella-storia-dei-giochi-di-cortina-1956\/","title":{"rendered":"&#8220;Olimpiadi Dentellate&#8221;: oggi a Lozzo di Cadore un viaggio nella storia dei Giochi di Cortina 1956"},"content":{"rendered":"<p data-path-to-node=\"3\">Lozzo di Cadore, 14 giugno 2026\u00a0 \u2013 Il fascino della storia olimpica torna protagonista tra le montagne bellunesi. Domenica 14 giugno, alle ore 17:00, presso il Museo della Latteria, si terr\u00e0 l&#8217;inaugurazione della mostra &#8220;Olimpiadi Dentellate&#8221;, un\u2019esposizione curata da Sergio Cugnach dedicata interamente ai Giochi Olimpici invernali di Cortina 1956.<\/p>\n<h3 data-path-to-node=\"4\">Un tuffo nel passato a 70 anni dall&#8217;evento<\/h3>\n<p data-path-to-node=\"5\">La mostra non \u00e8 una semplice raccolta, ma un vero e proprio percorso documentale che ripercorre le emozioni dei Giochi che segnarono la storia del territorio ampezzano. Attraverso una selezione accurata di documenti di storia postale, fotografie d&#8217;epoca, autografi originali e curiosit\u00e0 inedite, i visitatori potranno rivivere l&#8217;atmosfera di settant&#8217;anni fa, quando le Dolomiti divennero il palcoscenico del mondo.<\/p>\n<p data-path-to-node=\"6\">Tra i pezzi forti dell&#8217;esposizione si segnalano:<\/p>\n<ul data-path-to-node=\"7\">\n<li>\n<p data-path-to-node=\"7,0,0\">Documentazione postale: affrancature meccaniche del Comitato Olimpico e del viaggio della fiaccola.<\/p>\n<\/li>\n<li>\n<p data-path-to-node=\"7,1,0\">Annulli speciali: rari timbri manuali utilizzati durante l&#8217;inaugurazione dello Stadio Olimpico del ghiaccio e del trampolino.<\/p>\n<\/li>\n<li>\n<p data-path-to-node=\"7,2,0\">Memoria storica: le targhette meccaniche che riportano le date e le discipline sportive disputate, oltre a una ricca collezione di cartoline e autografi.<\/p>\n<\/li>\n<\/ul>\n<h3 data-path-to-node=\"8\">La genesi di una passione<\/h3>\n<p data-path-to-node=\"9\">La collezione nasce da una scintilla scoccata trent&#8217;anni fa. Sergio Cugnach racconta come tutto ebbe inizio ad Albertville, nel 1992: <i data-path-to-node=\"9\" data-index-in-node=\"134\">&#8220;Sistemando alcuni souvenir acquistati in Francia durante le gare di sci nordico, mi chiesi: perch\u00e9 non raccogliere le tracce dei &#8216;giochi di casa&#8217; del 1956?&#8221;<\/i>.<\/p>\n<p data-path-to-node=\"10\">Da quella domanda \u00e8 iniziato un meticoloso lavoro di ricerca, supportato dall&#8217;associazione dei collezionisti sportivi e dal circolo filatelico di Belluno. Il risultato \u00e8 un\u2019opera strutturata in 72 pagine di documenti, frutto di un lungo impegno di catalogazione. Dopo aver debuttato nel 2006 e aver girato diverse regioni italiane in occasione del percorso verso Milano Cortina 2026, la collezione torna nel suo territorio d&#8217;origine.<\/p>\n<h3 data-path-to-node=\"11\">Informazioni per la visita<\/h3>\n<p data-path-to-node=\"12\">La mostra &#8220;Olimpiadi Dentellate&#8221; rappresenta un&#8217;occasione imperdibile per appassionati di sport, storia locale e filatelia, e sar\u00e0 visitabile seguendo questi orari:<\/p>\n<ul data-path-to-node=\"13\">\n<li>\n<p data-path-to-node=\"13,0,0\">Dove: Museo della Latteria, Lozzo di Cadore.<\/p>\n<\/li>\n<li>\n<p data-path-to-node=\"13,1,0\">Quando: Dal 14 giugno al 4 luglio.<\/p>\n<\/li>\n<li>\n<p data-path-to-node=\"13,2,0\">Orari: Tutti i giorni dalle 16:00 alle 19:00 (luned\u00ec chiuso).<\/p>\n<\/li>\n<\/ul>\n<p data-path-to-node=\"14\">Un appuntamento che unisce il ricordo del glorioso passato olimpico alla crescente attesa per i nuovi Giochi invernali, confermando come la passione per lo sport possa essere custodita anche in un francobollo.<\/p>","protected":false},"excerpt":{"rendered":"<p>Lozzo di Cadore, 14 giugno 2026\u00a0 \u2013 Il fascino della storia olimpica torna protagonista tra le montagne bellunesi. Domenica 14 giugno, alle ore 17:00, presso il Museo della Latteria, si terr\u00e0 l&#8217;inaugurazione della mostra &#8220;Olimpiadi Dentellate&#8221;, un\u2019esposizione curata da Sergio Cugnach dedicata interamente ai Giochi Olimpici invernali di Cortina 1956. Un tuffo nel passato a [&hellip;]<\/p>\n","protected":false},"author":2,"featured_media":170947,"comment_status":"closed","ping_status":"open","sticky":false,"template":"","format":"standard","meta":{"footnotes":""},"categories":[27],"tags":[],"class_list":["post-170946","post","type-post","status-publish","format-standard","has-post-thumbnail","category-appuntamenti"],"yoast_head":"<!-- This site is optimized with the Yoast SEO plugin v28.4 - https:\/\/yoast.com\/product\/yoast-seo-wordpress\/ -->\n<title>&quot;Olimpiadi Dentellate&quot;: oggi a Lozzo di Cadore un viaggio nella storia dei Giochi di Cortina 1956 - Bellunopress - Dolomiti<\/title>\n<meta name=\"robots\" content=\"index, follow, max-snippet:-1, max-image-preview:large, max-video-preview:-1\" \/>\n<link rel=\"canonical\" href=\"https:\/\/www.bellunopress.it\/fr\/2026\/06\/14\/olimpiadi-dentellate-oggi-a-lozzo-di-cadore-un-viaggio-nella-storia-dei-giochi-di-cortina-1956\/\" \/>\n<meta property=\"og:locale\" content=\"fr_FR\" \/>\n<meta property=\"og:type\" content=\"article\" \/>\n<meta property=\"og:title\" content=\"&quot;Olimpiadi Dentellate&quot;: oggi a Lozzo di Cadore un viaggio nella storia dei Giochi di Cortina 1956 - Bellunopress - Dolomiti\" \/>\n<meta property=\"og:description\" content=\"Lozzo di Cadore, 14 giugno 2026\u00a0 \u2013 Il fascino della storia olimpica torna protagonista tra le montagne bellunesi. Domenica 14 giugno, alle ore 17:00, presso il Museo della Latteria, si terr\u00e0 l&#8217;inaugurazione della mostra &#8220;Olimpiadi Dentellate&#8221;, un\u2019esposizione curata da Sergio Cugnach dedicata interamente ai Giochi Olimpici invernali di Cortina 1956. Un tuffo nel passato a [&hellip;]\" \/>\n<meta property=\"og:url\" content=\"https:\/\/www.bellunopress.it\/fr\/2026\/06\/14\/olimpiadi-dentellate-oggi-a-lozzo-di-cadore-un-viaggio-nella-storia-dei-giochi-di-cortina-1956\/\" \/>\n<meta property=\"og:site_name\" content=\"Bellunopress - Dolomiti\" \/>\n<meta property=\"article:publisher\" content=\"https:\/\/www.facebook.com\/profile.php?id=100008943462799\" \/>\n<meta property=\"article:published_time\" content=\"2026-06-14T05:06:47+00:00\" \/>\n<meta property=\"og:image\" content=\"https:\/\/www.bellunopress.it\/wp-content\/uploads\/2026\/06\/mostra-Lozzo-Serio-Cugnach-Olimpiadi-1956.jpg\" \/>\n\t<meta property=\"og:image:width\" content=\"370\" \/>\n\t<meta property=\"og:image:height\" content=\"524\" \/>\n\t<meta property=\"og:image:type\" content=\"image\/jpeg\" \/>\n<meta name=\"author\" content=\"redazione\" \/>\n<meta name=\"twitter:card\" content=\"summary_large_image\" \/>\n<meta name=\"twitter:creator\" content=\"@bellunopress\" \/>\n<meta name=\"twitter:site\" content=\"@bellunopress\" \/>\n<meta name=\"twitter:label1\" content=\"\u00c9crit par\" \/>\n\t<meta name=\"twitter:data1\" content=\"redazione\" \/>\n\t<meta name=\"twitter:label2\" content=\"Dur\u00e9e de lecture estim\u00e9e\" \/>\n\t<meta name=\"twitter:data2\" content=\"3 minutes\" \/>\n<script type=\"application\/ld+json\" class=\"yoast-schema-graph\">{\"@context\":\"https:\\\/\\\/schema.org\",\"@graph\":[{\"@type\":\"Article\",\"@id\":\"https:\\\/\\\/www.bellunopress.it\\\/2026\\\/06\\\/14\\\/olimpiadi-dentellate-oggi-a-lozzo-di-cadore-un-viaggio-nella-storia-dei-giochi-di-cortina-1956\\\/#article\",\"isPartOf\":{\"@id\":\"https:\\\/\\\/www.bellunopress.it\\\/2026\\\/06\\\/14\\\/olimpiadi-dentellate-oggi-a-lozzo-di-cadore-un-viaggio-nella-storia-dei-giochi-di-cortina-1956\\\/\"},\"author\":{\"name\":\"redazione\",\"@id\":\"https:\\\/\\\/www.bellunopress.it\\\/#\\\/schema\\\/person\\\/79bb06722b37ece1c03d3e94beb30d73\"},\"headline\":\"&#8220;Olimpiadi Dentellate&#8221;: oggi a Lozzo di Cadore un viaggio nella storia dei Giochi di Cortina 1956\",\"datePublished\":\"2026-06-14T05:06:47+00:00\",\"mainEntityOfPage\":{\"@id\":\"https:\\\/\\\/www.bellunopress.it\\\/2026\\\/06\\\/14\\\/olimpiadi-dentellate-oggi-a-lozzo-di-cadore-un-viaggio-nella-storia-dei-giochi-di-cortina-1956\\\/\"},\"wordCount\":379,\"publisher\":{\"@id\":\"https:\\\/\\\/www.bellunopress.it\\\/#organization\"},\"image\":{\"@id\":\"https:\\\/\\\/www.bellunopress.it\\\/2026\\\/06\\\/14\\\/olimpiadi-dentellate-oggi-a-lozzo-di-cadore-un-viaggio-nella-storia-dei-giochi-di-cortina-1956\\\/#primaryimage\"},\"thumbnailUrl\":\"https:\\\/\\\/www.bellunopress.it\\\/wp-content\\\/uploads\\\/2026\\\/06\\\/mostra-Lozzo-Serio-Cugnach-Olimpiadi-1956.jpg\",\"articleSection\":[\"Appuntamenti, Eventi\"],\"inLanguage\":\"fr-FR\"},{\"@type\":\"WebPage\",\"@id\":\"https:\\\/\\\/www.bellunopress.it\\\/2026\\\/06\\\/14\\\/olimpiadi-dentellate-oggi-a-lozzo-di-cadore-un-viaggio-nella-storia-dei-giochi-di-cortina-1956\\\/\",\"url\":\"https:\\\/\\\/www.bellunopress.it\\\/2026\\\/06\\\/14\\\/olimpiadi-dentellate-oggi-a-lozzo-di-cadore-un-viaggio-nella-storia-dei-giochi-di-cortina-1956\\\/\",\"name\":\"\\\"Olimpiadi Dentellate\\\": oggi a Lozzo di Cadore un viaggio nella storia dei Giochi di Cortina 1956 - Bellunopress - Dolomiti\",\"isPartOf\":{\"@id\":\"https:\\\/\\\/www.bellunopress.it\\\/#website\"},\"primaryImageOfPage\":{\"@id\":\"https:\\\/\\\/www.bellunopress.it\\\/2026\\\/06\\\/14\\\/olimpiadi-dentellate-oggi-a-lozzo-di-cadore-un-viaggio-nella-storia-dei-giochi-di-cortina-1956\\\/#primaryimage\"},\"image\":{\"@id\":\"https:\\\/\\\/www.bellunopress.it\\\/2026\\\/06\\\/14\\\/olimpiadi-dentellate-oggi-a-lozzo-di-cadore-un-viaggio-nella-storia-dei-giochi-di-cortina-1956\\\/#primaryimage\"},\"thumbnailUrl\":\"https:\\\/\\\/www.bellunopress.it\\\/wp-content\\\/uploads\\\/2026\\\/06\\\/mostra-Lozzo-Serio-Cugnach-Olimpiadi-1956.jpg\",\"datePublished\":\"2026-06-14T05:06:47+00:00\",\"breadcrumb\":{\"@id\":\"https:\\\/\\\/www.bellunopress.it\\\/2026\\\/06\\\/14\\\/olimpiadi-dentellate-oggi-a-lozzo-di-cadore-un-viaggio-nella-storia-dei-giochi-di-cortina-1956\\\/#breadcrumb\"},\"inLanguage\":\"fr-FR\",\"potentialAction\":[{\"@type\":\"ReadAction\",\"target\":[\"https:\\\/\\\/www.bellunopress.it\\\/2026\\\/06\\\/14\\\/olimpiadi-dentellate-oggi-a-lozzo-di-cadore-un-viaggio-nella-storia-dei-giochi-di-cortina-1956\\\/\"]}]},{\"@type\":\"ImageObject\",\"inLanguage\":\"fr-FR\",\"@id\":\"https:\\\/\\\/www.bellunopress.it\\\/2026\\\/06\\\/14\\\/olimpiadi-dentellate-oggi-a-lozzo-di-cadore-un-viaggio-nella-storia-dei-giochi-di-cortina-1956\\\/#primaryimage\",\"url\":\"https:\\\/\\\/www.bellunopress.it\\\/wp-content\\\/uploads\\\/2026\\\/06\\\/mostra-Lozzo-Serio-Cugnach-Olimpiadi-1956.jpg\",\"contentUrl\":\"https:\\\/\\\/www.bellunopress.it\\\/wp-content\\\/uploads\\\/2026\\\/06\\\/mostra-Lozzo-Serio-Cugnach-Olimpiadi-1956.jpg\",\"width\":370,\"height\":524},{\"@type\":\"BreadcrumbList\",\"@id\":\"https:\\\/\\\/www.bellunopress.it\\\/2026\\\/06\\\/14\\\/olimpiadi-dentellate-oggi-a-lozzo-di-cadore-un-viaggio-nella-storia-dei-giochi-di-cortina-1956\\\/#breadcrumb\",\"itemListElement\":[{\"@type\":\"ListItem\",\"position\":1,\"name\":\"Home\",\"item\":\"https:\\\/\\\/www.bellunopress.it\\\/\"},{\"@type\":\"ListItem\",\"position\":2,\"name\":\"&#8220;Olimpiadi Dentellate&#8221;: oggi a Lozzo di Cadore un viaggio nella storia dei Giochi di Cortina 1956\"}]},{\"@type\":\"WebSite\",\"@id\":\"https:\\\/\\\/www.bellunopress.it\\\/#website\",\"url\":\"https:\\\/\\\/www.bellunopress.it\\\/\",\"name\":\"Bellunopress - Dolomiti\",\"description\":\"e-mail: redazione@bellunopress.it\",\"publisher\":{\"@id\":\"https:\\\/\\\/www.bellunopress.it\\\/#organization\"},\"potentialAction\":[{\"@type\":\"SearchAction\",\"target\":{\"@type\":\"EntryPoint\",\"urlTemplate\":\"https:\\\/\\\/www.bellunopress.it\\\/?s={search_term_string}\"},\"query-input\":{\"@type\":\"PropertyValueSpecification\",\"valueRequired\":true,\"valueName\":\"search_term_string\"}}],\"inLanguage\":\"fr-FR\"},{\"@type\":\"Organization\",\"@id\":\"https:\\\/\\\/www.bellunopress.it\\\/#organization\",\"name\":\"Bellunopress\",\"url\":\"https:\\\/\\\/www.bellunopress.it\\\/\",\"logo\":{\"@type\":\"ImageObject\",\"inLanguage\":\"fr-FR\",\"@id\":\"https:\\\/\\\/www.bellunopress.it\\\/#\\\/schema\\\/logo\\\/image\\\/\",\"url\":\"https:\\\/\\\/www.bellunopress.it\\\/wp-content\\\/uploads\\\/2011\\\/05\\\/cropped-logo-bellunopress-.jpg\",\"contentUrl\":\"https:\\\/\\\/www.bellunopress.it\\\/wp-content\\\/uploads\\\/2011\\\/05\\\/cropped-logo-bellunopress-.jpg\",\"width\":512,\"height\":512,\"caption\":\"Bellunopress\"},\"image\":{\"@id\":\"https:\\\/\\\/www.bellunopress.it\\\/#\\\/schema\\\/logo\\\/image\\\/\"},\"sameAs\":[\"https:\\\/\\\/www.facebook.com\\\/profile.php?id=100008943462799\",\"https:\\\/\\\/x.com\\\/bellunopress\",\"https:\\\/\\\/www.linkedin.com\\\/hp\\\/?dnr=JBzUWaJfMUw8vbXJJ2tVW5-I3jZKvC4wsoxE&amp;amp;amp;amp;amp;amp;trk=nav_responsive_tab_home\",\"https:\\\/\\\/www.youtube.com\\\/channel\\\/UCxL0wu1uN0_3_7hGG0306cw\"]},{\"@type\":\"Person\",\"@id\":\"https:\\\/\\\/www.bellunopress.it\\\/#\\\/schema\\\/person\\\/79bb06722b37ece1c03d3e94beb30d73\",\"name\":\"redazione\",\"image\":{\"@type\":\"ImageObject\",\"inLanguage\":\"fr-FR\",\"@id\":\"https:\\\/\\\/secure.gravatar.com\\\/avatar\\\/37d968a2e67a6fd04c169c4bdef102d0bc5d31b2546345219e348575eb80e9a0?s=96&d=mm&r=g\",\"url\":\"https:\\\/\\\/secure.gravatar.com\\\/avatar\\\/37d968a2e67a6fd04c169c4bdef102d0bc5d31b2546345219e348575eb80e9a0?s=96&d=mm&r=g\",\"contentUrl\":\"https:\\\/\\\/secure.gravatar.com\\\/avatar\\\/37d968a2e67a6fd04c169c4bdef102d0bc5d31b2546345219e348575eb80e9a0?s=96&d=mm&r=g\",\"caption\":\"redazione\"},\"sameAs\":[\"http:\\\/\\\/www.bellunopress.it\",\"https:\\\/\\\/x.com\\\/bellunopress\"],\"url\":\"https:\\\/\\\/www.bellunopress.it\\\/fr\\\/author\\\/redazione\\\/\"}]}<\/script>\n<!-- \/ Yoast SEO plugin. -->","yoast_head_json":{"title":"\"Olimpiadi Dentellate\": oggi a Lozzo di Cadore un viaggio nella storia dei Giochi di Cortina 1956 - Bellunopress - Dolomiti","robots":{"index":"index","follow":"follow","max-snippet":"max-snippet:-1","max-image-preview":"max-image-preview:large","max-video-preview":"max-video-preview:-1"},"canonical":"https:\/\/www.bellunopress.it\/fr\/2026\/06\/14\/olimpiadi-dentellate-oggi-a-lozzo-di-cadore-un-viaggio-nella-storia-dei-giochi-di-cortina-1956\/","og_locale":"fr_FR","og_type":"article","og_title":"\"Olimpiadi Dentellate\": oggi a Lozzo di Cadore un viaggio nella storia dei Giochi di Cortina 1956 - Bellunopress - Dolomiti","og_description":"Lozzo di Cadore, 14 giugno 2026\u00a0 \u2013 Il fascino della storia olimpica torna protagonista tra le montagne bellunesi. Domenica 14 giugno, alle ore 17:00, presso il Museo della Latteria, si terr\u00e0 l&#8217;inaugurazione della mostra &#8220;Olimpiadi Dentellate&#8221;, un\u2019esposizione curata da Sergio Cugnach dedicata interamente ai Giochi Olimpici invernali di Cortina 1956. Un tuffo nel passato a [&hellip;]","og_url":"https:\/\/www.bellunopress.it\/fr\/2026\/06\/14\/olimpiadi-dentellate-oggi-a-lozzo-di-cadore-un-viaggio-nella-storia-dei-giochi-di-cortina-1956\/","og_site_name":"Bellunopress - Dolomiti","article_publisher":"https:\/\/www.facebook.com\/profile.php?id=100008943462799","article_published_time":"2026-06-14T05:06:47+00:00","og_image":[{"width":370,"height":524,"url":"https:\/\/www.bellunopress.it\/wp-content\/uploads\/2026\/06\/mostra-Lozzo-Serio-Cugnach-Olimpiadi-1956.jpg","type":"image\/jpeg"}],"author":"redazione","twitter_card":"summary_large_image","twitter_creator":"@bellunopress","twitter_site":"@bellunopress","twitter_misc":{"\u00c9crit par":"redazione","Dur\u00e9e de lecture estim\u00e9e":"3 minutes"},"schema":{"@context":"https:\/\/schema.org","@graph":[{"@type":"Article","@id":"https:\/\/www.bellunopress.it\/2026\/06\/14\/olimpiadi-dentellate-oggi-a-lozzo-di-cadore-un-viaggio-nella-storia-dei-giochi-di-cortina-1956\/#article","isPartOf":{"@id":"https:\/\/www.bellunopress.it\/2026\/06\/14\/olimpiadi-dentellate-oggi-a-lozzo-di-cadore-un-viaggio-nella-storia-dei-giochi-di-cortina-1956\/"},"author":{"name":"redazione","@id":"https:\/\/www.bellunopress.it\/#\/schema\/person\/79bb06722b37ece1c03d3e94beb30d73"},"headline":"&#8220;Olimpiadi Dentellate&#8221;: oggi a Lozzo di Cadore un viaggio nella storia dei Giochi di Cortina 1956","datePublished":"2026-06-14T05:06:47+00:00","mainEntityOfPage":{"@id":"https:\/\/www.bellunopress.it\/2026\/06\/14\/olimpiadi-dentellate-oggi-a-lozzo-di-cadore-un-viaggio-nella-storia-dei-giochi-di-cortina-1956\/"},"wordCount":379,"publisher":{"@id":"https:\/\/www.bellunopress.it\/#organization"},"image":{"@id":"https:\/\/www.bellunopress.it\/2026\/06\/14\/olimpiadi-dentellate-oggi-a-lozzo-di-cadore-un-viaggio-nella-storia-dei-giochi-di-cortina-1956\/#primaryimage"},"thumbnailUrl":"https:\/\/www.bellunopress.it\/wp-content\/uploads\/2026\/06\/mostra-Lozzo-Serio-Cugnach-Olimpiadi-1956.jpg","articleSection":["Appuntamenti, Eventi"],"inLanguage":"fr-FR"},{"@type":"WebPage","@id":"https:\/\/www.bellunopress.it\/2026\/06\/14\/olimpiadi-dentellate-oggi-a-lozzo-di-cadore-un-viaggio-nella-storia-dei-giochi-di-cortina-1956\/","url":"https:\/\/www.bellunopress.it\/2026\/06\/14\/olimpiadi-dentellate-oggi-a-lozzo-di-cadore-un-viaggio-nella-storia-dei-giochi-di-cortina-1956\/","name":"\"Olimpiadi Dentellate\": oggi a Lozzo di Cadore un viaggio nella storia dei Giochi di Cortina 1956 - Bellunopress - Dolomiti","isPartOf":{"@id":"https:\/\/www.bellunopress.it\/#website"},"primaryImageOfPage":{"@id":"https:\/\/www.bellunopress.it\/2026\/06\/14\/olimpiadi-dentellate-oggi-a-lozzo-di-cadore-un-viaggio-nella-storia-dei-giochi-di-cortina-1956\/#primaryimage"},"image":{"@id":"https:\/\/www.bellunopress.it\/2026\/06\/14\/olimpiadi-dentellate-oggi-a-lozzo-di-cadore-un-viaggio-nella-storia-dei-giochi-di-cortina-1956\/#primaryimage"},"thumbnailUrl":"https:\/\/www.bellunopress.it\/wp-content\/uploads\/2026\/06\/mostra-Lozzo-Serio-Cugnach-Olimpiadi-1956.jpg","datePublished":"2026-06-14T05:06:47+00:00","breadcrumb":{"@id":"https:\/\/www.bellunopress.it\/2026\/06\/14\/olimpiadi-dentellate-oggi-a-lozzo-di-cadore-un-viaggio-nella-storia-dei-giochi-di-cortina-1956\/#breadcrumb"},"inLanguage":"fr-FR","potentialAction":[{"@type":"ReadAction","target":["https:\/\/www.bellunopress.it\/2026\/06\/14\/olimpiadi-dentellate-oggi-a-lozzo-di-cadore-un-viaggio-nella-storia-dei-giochi-di-cortina-1956\/"]}]},{"@type":"ImageObject","inLanguage":"fr-FR","@id":"https:\/\/www.bellunopress.it\/2026\/06\/14\/olimpiadi-dentellate-oggi-a-lozzo-di-cadore-un-viaggio-nella-storia-dei-giochi-di-cortina-1956\/#primaryimage","url":"https:\/\/www.bellunopress.it\/wp-content\/uploads\/2026\/06\/mostra-Lozzo-Serio-Cugnach-Olimpiadi-1956.jpg","contentUrl":"https:\/\/www.bellunopress.it\/wp-content\/uploads\/2026\/06\/mostra-Lozzo-Serio-Cugnach-Olimpiadi-1956.jpg","width":370,"height":524},{"@type":"BreadcrumbList","@id":"https:\/\/www.bellunopress.it\/2026\/06\/14\/olimpiadi-dentellate-oggi-a-lozzo-di-cadore-un-viaggio-nella-storia-dei-giochi-di-cortina-1956\/#breadcrumb","itemListElement":[{"@type":"ListItem","position":1,"name":"Home","item":"https:\/\/www.bellunopress.it\/"},{"@type":"ListItem","position":2,"name":"&#8220;Olimpiadi Dentellate&#8221;: oggi a Lozzo di Cadore un viaggio nella storia dei Giochi di Cortina 1956"}]},{"@type":"WebSite","@id":"https:\/\/www.bellunopress.it\/#website","url":"https:\/\/www.bellunopress.it\/","name":"Bellunopress - Dolomiti","description":"e-mail: redazione@bellunopress.it","publisher":{"@id":"https:\/\/www.bellunopress.it\/#organization"},"potentialAction":[{"@type":"SearchAction","target":{"@type":"EntryPoint","urlTemplate":"https:\/\/www.bellunopress.it\/?s={search_term_string}"},"query-input":{"@type":"PropertyValueSpecification","valueRequired":true,"valueName":"search_term_string"}}],"inLanguage":"fr-FR"},{"@type":"Organization","@id":"https:\/\/www.bellunopress.it\/#organization","name":"Bellunopress","url":"https:\/\/www.bellunopress.it\/","logo":{"@type":"ImageObject","inLanguage":"fr-FR","@id":"https:\/\/www.bellunopress.it\/#\/schema\/logo\/image\/","url":"https:\/\/www.bellunopress.it\/wp-content\/uploads\/2011\/05\/cropped-logo-bellunopress-.jpg","contentUrl":"https:\/\/www.bellunopress.it\/wp-content\/uploads\/2011\/05\/cropped-logo-bellunopress-.jpg","width":512,"height":512,"caption":"Bellunopress"},"image":{"@id":"https:\/\/www.bellunopress.it\/#\/schema\/logo\/image\/"},"sameAs":["https:\/\/www.facebook.com\/profile.php?id=100008943462799","https:\/\/x.com\/bellunopress","https:\/\/www.linkedin.com\/hp\/?dnr=JBzUWaJfMUw8vbXJJ2tVW5-I3jZKvC4wsoxE&amp;amp;amp;amp;amp;amp;trk=nav_responsive_tab_home","https:\/\/www.youtube.com\/channel\/UCxL0wu1uN0_3_7hGG0306cw"]},{"@type":"Person","@id":"https:\/\/www.bellunopress.it\/#\/schema\/person\/79bb06722b37ece1c03d3e94beb30d73","name":"r\u00e9daction","image":{"@type":"ImageObject","inLanguage":"fr-FR","@id":"https:\/\/secure.gravatar.com\/avatar\/37d968a2e67a6fd04c169c4bdef102d0bc5d31b2546345219e348575eb80e9a0?s=96&d=mm&r=g","url":"https:\/\/secure.gravatar.com\/avatar\/37d968a2e67a6fd04c169c4bdef102d0bc5d31b2546345219e348575eb80e9a0?s=96&d=mm&r=g","contentUrl":"https:\/\/secure.gravatar.com\/avatar\/37d968a2e67a6fd04c169c4bdef102d0bc5d31b2546345219e348575eb80e9a0?s=96&d=mm&r=g","caption":"redazione"},"sameAs":["http:\/\/www.bellunopress.it","https:\/\/x.com\/bellunopress"],"url":"https:\/\/www.bellunopress.it\/fr\/author\/redazione\/"}]}},"_links":{"self":[{"href":"https:\/\/www.bellunopress.it\/fr\/wp-json\/wp\/v2\/posts\/170946","targetHints":{"allow":["GET"]}}],"collection":[{"href":"https:\/\/www.bellunopress.it\/fr\/wp-json\/wp\/v2\/posts"}],"about":[{"href":"https:\/\/www.bellunopress.it\/fr\/wp-json\/wp\/v2\/types\/post"}],"author":[{"embeddable":true,"href":"https:\/\/www.bellunopress.it\/fr\/wp-json\/wp\/v2\/users\/2"}],"replies":[{"embeddable":true,"href":"https:\/\/www.bellunopress.it\/fr\/wp-json\/wp\/v2\/comments?post=170946"}],"version-history":[{"count":1,"href":"https:\/\/www.bellunopress.it\/fr\/wp-json\/wp\/v2\/posts\/170946\/revisions"}],"predecessor-version":[{"id":170948,"href":"https:\/\/www.bellunopress.it\/fr\/wp-json\/wp\/v2\/posts\/170946\/revisions\/170948"}],"wp:featuredmedia":[{"embeddable":true,"href":"https:\/\/www.bellunopress.it\/fr\/wp-json\/wp\/v2\/media\/170947"}],"wp:attachment":[{"href":"https:\/\/www.bellunopress.it\/fr\/wp-json\/wp\/v2\/media?parent=170946"}],"wp:term":[{"taxonomy":"category","embeddable":true,"href":"https:\/\/www.bellunopress.it\/fr\/wp-json\/wp\/v2\/categories?post=170946"},{"taxonomy":"post_tag","embeddable":true,"href":"https:\/\/www.bellunopress.it\/fr\/wp-json\/wp\/v2\/tags?post=170946"}],"curies":[{"name":"wp","href":"https:\/\/api.w.org\/{rel}","templated":true}]}}