{"id":170937,"date":"2026-06-13T12:15:12","date_gmt":"2026-06-13T10:15:12","guid":{"rendered":"https:\/\/www.bellunopress.it\/?p=170937"},"modified":"2026-06-13T12:15:12","modified_gmt":"2026-06-13T10:15:12","slug":"leccellenza-bellunese-brilla-a-castelbrando-ottica-zoldan-riceve-il-premio-top-optician-italia-2026","status":"publish","type":"post","link":"https:\/\/www.bellunopress.it\/fr\/2026\/06\/13\/leccellenza-bellunese-brilla-a-castelbrando-ottica-zoldan-riceve-il-premio-top-optician-italia-2026\/","title":{"rendered":"L\u2019eccellenza bellunese brilla a CastelBrando: Ottica Zoldan riceve il premio &#8220;Top Optician Italia 2026&#8221;"},"content":{"rendered":"<p data-path-to-node=\"3\"><b data-path-to-node=\"3\" data-index-in-node=\"0\">Un prestigioso riconoscimento nazionale consacra il centro ottico di Ponte nelle Alpi come punto di riferimento per innovazione, qualit\u00e0 del servizio e competenze tecniche.<\/b><\/p>\n<p data-path-to-node=\"4\">Un traguardo che porta lustro al territorio bellunese: Ottica Zoldan di Ponte nelle Alpi \u00e8 stata insignita del premio Top Optician Italia 2026. Il riconoscimento, assegnato durante la prima edizione dell&#8217;evento nazionale, celebra le eccellenze del settore ottico che si distinguono per l\u2019avanguardia tecnologica, l&#8217;altissima qualit\u00e0 del servizio offerto e il costante impegno nella formazione del personale.<\/p>\n<h3 data-path-to-node=\"5\">La premiazione in una cornice d\u2019eccezione<\/h3>\n<p data-path-to-node=\"6\">La cerimonia di consegna si \u00e8 tenuta nella suggestiva cornice di CastelBrando, a Cison di Valmarino. L&#8217;iniziativa, promossa dall\u2019Associazione Italiana Ottici e organizzata da Eidos Communication, mira a mappare e valorizzare le migliori realt\u00e0 professionali che, su tutto il territorio nazionale, sanno interpretare al meglio le evoluzioni di un mercato sempre pi\u00f9 esigente, mantenendo al contempo un forte legame di affidabilit\u00e0 con il cliente.<\/p>\n<h3 data-path-to-node=\"7\">Vent\u2019anni dedicati al benessere visivo<\/h3>\n<p data-path-to-node=\"8\">Ottica Zoldan, che si conferma come il centro ottico pi\u00f9 grande della provincia di Belluno, taglia questo traguardo dopo oltre vent&#8217;anni di attivit\u00e0 sul campo. Il segreto del successo risiede in un approccio sartoriale alla visione: non solo vendita, ma una vera e propria cura per le esigenze specifiche di ogni singolo individuo.<\/p>\n<p data-path-to-node=\"9\"><i data-path-to-node=\"9\" data-index-in-node=\"0\">\u201cLo sguardo di ogni persona ha esigenze diverse,\u201d<\/i> ha dichiarato Christian Zoldan. <i data-path-to-node=\"9\" data-index-in-node=\"82\">\u201cIl nostro lavoro \u00e8 trovare la soluzione specifica per tutti. Il nostro punto di forza sono i controlli optometrici e ortottici approfonditi e personalizzati, eseguiti con attrezzature all&#8217;avanguardia, e la consulenza esperta che mettiamo a disposizione di ogni cliente.\u201d<\/i><\/p>\n<h3 data-path-to-node=\"10\">Un successo condiviso<\/h3>\n<p data-path-to-node=\"11\">Per la famiglia Zoldan, il premio non \u00e8 soltanto una medaglia da esporre, ma un riconoscimento collettivo che premia il lavoro quotidiano di uno staff altamente qualificato e il legame profondo con la clientela bellunese.<\/p>\n<p data-path-to-node=\"12\"><i data-path-to-node=\"12\" data-index-in-node=\"0\">\u201cRicevere questo riconoscimento \u00e8 per noi motivo di grande soddisfazione,\u201d<\/i> aggiunge Maurizio Zoldan. <i data-path-to-node=\"12\" data-index-in-node=\"101\">\u201cPerch\u00e9 premia l&#8217;impegno quotidiano di tutto il nostro staff. \u00c8 un risultato che condividiamo anche con i clienti che continuano a sceglierci e a darci fiducia. Per noi \u00e8 uno stimolo a proseguire con ancora pi\u00f9 energia nel nostro percorso, in cui dedichiamo particolare cura alla qualit\u00e0 del servizio\u201d.<\/i><\/p>\n<p data-path-to-node=\"13\">Questo prestigioso riconoscimento nazionale rappresenta per Ottica Zoldan non un punto di arrivo, ma un solido stimolo per continuare a investire in innovazione e professionalit\u00e0, garantendo alla comunit\u00e0 bellunese soluzioni visive sempre pi\u00f9 evolute e su misura.<\/p>","protected":false},"excerpt":{"rendered":"<p>Un prestigioso riconoscimento nazionale consacra il centro ottico di Ponte nelle Alpi come punto di riferimento per innovazione, qualit\u00e0 del servizio e competenze tecniche. Un traguardo che porta lustro al territorio bellunese: Ottica Zoldan di Ponte nelle Alpi \u00e8 stata insignita del premio Top Optician Italia 2026. Il riconoscimento, assegnato durante la prima edizione dell&#8217;evento [&hellip;]<\/p>\n","protected":false},"author":2,"featured_media":170938,"comment_status":"closed","ping_status":"open","sticky":false,"template":"","format":"standard","meta":{"footnotes":""},"categories":[36],"tags":[],"class_list":["post-170937","post","type-post","status-publish","format-standard","has-post-thumbnail","category-lavoro-economia"],"yoast_head":"<!-- This site is optimized with the Yoast SEO plugin v28.4 - https:\/\/yoast.com\/product\/yoast-seo-wordpress\/ -->\n<title>L\u2019eccellenza bellunese brilla a CastelBrando: Ottica Zoldan riceve il premio &quot;Top Optician Italia 2026&quot; - Bellunopress - Dolomiti<\/title>\n<meta name=\"robots\" content=\"index, follow, max-snippet:-1, max-image-preview:large, max-video-preview:-1\" \/>\n<link rel=\"canonical\" href=\"https:\/\/www.bellunopress.it\/fr\/2026\/06\/13\/leccellenza-bellunese-brilla-a-castelbrando-ottica-zoldan-riceve-il-premio-top-optician-italia-2026\/\" \/>\n<meta property=\"og:locale\" content=\"fr_FR\" \/>\n<meta property=\"og:type\" content=\"article\" \/>\n<meta property=\"og:title\" content=\"L\u2019eccellenza bellunese brilla a CastelBrando: Ottica Zoldan riceve il premio &quot;Top Optician Italia 2026&quot; - Bellunopress - Dolomiti\" \/>\n<meta property=\"og:description\" content=\"Un prestigioso riconoscimento nazionale consacra il centro ottico di Ponte nelle Alpi come punto di riferimento per innovazione, qualit\u00e0 del servizio e competenze tecniche. Un traguardo che porta lustro al territorio bellunese: Ottica Zoldan di Ponte nelle Alpi \u00e8 stata insignita del premio Top Optician Italia 2026. Il riconoscimento, assegnato durante la prima edizione dell&#8217;evento [&hellip;]\" \/>\n<meta property=\"og:url\" content=\"https:\/\/www.bellunopress.it\/fr\/2026\/06\/13\/leccellenza-bellunese-brilla-a-castelbrando-ottica-zoldan-riceve-il-premio-top-optician-italia-2026\/\" \/>\n<meta property=\"og:site_name\" content=\"Bellunopress - Dolomiti\" \/>\n<meta property=\"article:publisher\" content=\"https:\/\/www.facebook.com\/profile.php?id=100008943462799\" \/>\n<meta property=\"article:published_time\" content=\"2026-06-13T10:15:12+00:00\" \/>\n<meta property=\"og:image\" content=\"https:\/\/www.bellunopress.it\/wp-content\/uploads\/2026\/06\/Ottica-Zoldan.jpg\" \/>\n\t<meta property=\"og:image:width\" content=\"375\" \/>\n\t<meta property=\"og:image:height\" content=\"500\" \/>\n\t<meta property=\"og:image:type\" content=\"image\/jpeg\" \/>\n<meta name=\"author\" content=\"redazione\" \/>\n<meta name=\"twitter:card\" content=\"summary_large_image\" \/>\n<meta name=\"twitter:creator\" content=\"@bellunopress\" \/>\n<meta name=\"twitter:site\" content=\"@bellunopress\" \/>\n<meta name=\"twitter:label1\" content=\"\u00c9crit par\" \/>\n\t<meta name=\"twitter:data1\" content=\"redazione\" \/>\n\t<meta name=\"twitter:label2\" content=\"Dur\u00e9e de lecture estim\u00e9e\" \/>\n\t<meta name=\"twitter:data2\" content=\"3 minutes\" \/>\n<script type=\"application\/ld+json\" class=\"yoast-schema-graph\">{\"@context\":\"https:\\\/\\\/schema.org\",\"@graph\":[{\"@type\":\"Article\",\"@id\":\"https:\\\/\\\/www.bellunopress.it\\\/2026\\\/06\\\/13\\\/leccellenza-bellunese-brilla-a-castelbrando-ottica-zoldan-riceve-il-premio-top-optician-italia-2026\\\/#article\",\"isPartOf\":{\"@id\":\"https:\\\/\\\/www.bellunopress.it\\\/2026\\\/06\\\/13\\\/leccellenza-bellunese-brilla-a-castelbrando-ottica-zoldan-riceve-il-premio-top-optician-italia-2026\\\/\"},\"author\":{\"name\":\"redazione\",\"@id\":\"https:\\\/\\\/www.bellunopress.it\\\/#\\\/schema\\\/person\\\/79bb06722b37ece1c03d3e94beb30d73\"},\"headline\":\"L\u2019eccellenza bellunese brilla a CastelBrando: Ottica Zoldan riceve il premio &#8220;Top Optician Italia 2026&#8221;\",\"datePublished\":\"2026-06-13T10:15:12+00:00\",\"mainEntityOfPage\":{\"@id\":\"https:\\\/\\\/www.bellunopress.it\\\/2026\\\/06\\\/13\\\/leccellenza-bellunese-brilla-a-castelbrando-ottica-zoldan-riceve-il-premio-top-optician-italia-2026\\\/\"},\"wordCount\":413,\"publisher\":{\"@id\":\"https:\\\/\\\/www.bellunopress.it\\\/#organization\"},\"image\":{\"@id\":\"https:\\\/\\\/www.bellunopress.it\\\/2026\\\/06\\\/13\\\/leccellenza-bellunese-brilla-a-castelbrando-ottica-zoldan-riceve-il-premio-top-optician-italia-2026\\\/#primaryimage\"},\"thumbnailUrl\":\"https:\\\/\\\/www.bellunopress.it\\\/wp-content\\\/uploads\\\/2026\\\/06\\\/Ottica-Zoldan.jpg\",\"articleSection\":[\"Lavoro, Economia, Turismo\"],\"inLanguage\":\"fr-FR\"},{\"@type\":\"WebPage\",\"@id\":\"https:\\\/\\\/www.bellunopress.it\\\/2026\\\/06\\\/13\\\/leccellenza-bellunese-brilla-a-castelbrando-ottica-zoldan-riceve-il-premio-top-optician-italia-2026\\\/\",\"url\":\"https:\\\/\\\/www.bellunopress.it\\\/2026\\\/06\\\/13\\\/leccellenza-bellunese-brilla-a-castelbrando-ottica-zoldan-riceve-il-premio-top-optician-italia-2026\\\/\",\"name\":\"L\u2019eccellenza bellunese brilla a CastelBrando: Ottica Zoldan riceve il premio \\\"Top Optician Italia 2026\\\" - Bellunopress - Dolomiti\",\"isPartOf\":{\"@id\":\"https:\\\/\\\/www.bellunopress.it\\\/#website\"},\"primaryImageOfPage\":{\"@id\":\"https:\\\/\\\/www.bellunopress.it\\\/2026\\\/06\\\/13\\\/leccellenza-bellunese-brilla-a-castelbrando-ottica-zoldan-riceve-il-premio-top-optician-italia-2026\\\/#primaryimage\"},\"image\":{\"@id\":\"https:\\\/\\\/www.bellunopress.it\\\/2026\\\/06\\\/13\\\/leccellenza-bellunese-brilla-a-castelbrando-ottica-zoldan-riceve-il-premio-top-optician-italia-2026\\\/#primaryimage\"},\"thumbnailUrl\":\"https:\\\/\\\/www.bellunopress.it\\\/wp-content\\\/uploads\\\/2026\\\/06\\\/Ottica-Zoldan.jpg\",\"datePublished\":\"2026-06-13T10:15:12+00:00\",\"breadcrumb\":{\"@id\":\"https:\\\/\\\/www.bellunopress.it\\\/2026\\\/06\\\/13\\\/leccellenza-bellunese-brilla-a-castelbrando-ottica-zoldan-riceve-il-premio-top-optician-italia-2026\\\/#breadcrumb\"},\"inLanguage\":\"fr-FR\",\"potentialAction\":[{\"@type\":\"ReadAction\",\"target\":[\"https:\\\/\\\/www.bellunopress.it\\\/2026\\\/06\\\/13\\\/leccellenza-bellunese-brilla-a-castelbrando-ottica-zoldan-riceve-il-premio-top-optician-italia-2026\\\/\"]}]},{\"@type\":\"ImageObject\",\"inLanguage\":\"fr-FR\",\"@id\":\"https:\\\/\\\/www.bellunopress.it\\\/2026\\\/06\\\/13\\\/leccellenza-bellunese-brilla-a-castelbrando-ottica-zoldan-riceve-il-premio-top-optician-italia-2026\\\/#primaryimage\",\"url\":\"https:\\\/\\\/www.bellunopress.it\\\/wp-content\\\/uploads\\\/2026\\\/06\\\/Ottica-Zoldan.jpg\",\"contentUrl\":\"https:\\\/\\\/www.bellunopress.it\\\/wp-content\\\/uploads\\\/2026\\\/06\\\/Ottica-Zoldan.jpg\",\"width\":375,\"height\":500},{\"@type\":\"BreadcrumbList\",\"@id\":\"https:\\\/\\\/www.bellunopress.it\\\/2026\\\/06\\\/13\\\/leccellenza-bellunese-brilla-a-castelbrando-ottica-zoldan-riceve-il-premio-top-optician-italia-2026\\\/#breadcrumb\",\"itemListElement\":[{\"@type\":\"ListItem\",\"position\":1,\"name\":\"Home\",\"item\":\"https:\\\/\\\/www.bellunopress.it\\\/\"},{\"@type\":\"ListItem\",\"position\":2,\"name\":\"L\u2019eccellenza bellunese brilla a CastelBrando: Ottica Zoldan riceve il premio &#8220;Top Optician Italia 2026&#8221;\"}]},{\"@type\":\"WebSite\",\"@id\":\"https:\\\/\\\/www.bellunopress.it\\\/#website\",\"url\":\"https:\\\/\\\/www.bellunopress.it\\\/\",\"name\":\"Bellunopress - Dolomiti\",\"description\":\"e-mail: redazione@bellunopress.it\",\"publisher\":{\"@id\":\"https:\\\/\\\/www.bellunopress.it\\\/#organization\"},\"potentialAction\":[{\"@type\":\"SearchAction\",\"target\":{\"@type\":\"EntryPoint\",\"urlTemplate\":\"https:\\\/\\\/www.bellunopress.it\\\/?s={search_term_string}\"},\"query-input\":{\"@type\":\"PropertyValueSpecification\",\"valueRequired\":true,\"valueName\":\"search_term_string\"}}],\"inLanguage\":\"fr-FR\"},{\"@type\":\"Organization\",\"@id\":\"https:\\\/\\\/www.bellunopress.it\\\/#organization\",\"name\":\"Bellunopress\",\"url\":\"https:\\\/\\\/www.bellunopress.it\\\/\",\"logo\":{\"@type\":\"ImageObject\",\"inLanguage\":\"fr-FR\",\"@id\":\"https:\\\/\\\/www.bellunopress.it\\\/#\\\/schema\\\/logo\\\/image\\\/\",\"url\":\"https:\\\/\\\/www.bellunopress.it\\\/wp-content\\\/uploads\\\/2011\\\/05\\\/cropped-logo-bellunopress-.jpg\",\"contentUrl\":\"https:\\\/\\\/www.bellunopress.it\\\/wp-content\\\/uploads\\\/2011\\\/05\\\/cropped-logo-bellunopress-.jpg\",\"width\":512,\"height\":512,\"caption\":\"Bellunopress\"},\"image\":{\"@id\":\"https:\\\/\\\/www.bellunopress.it\\\/#\\\/schema\\\/logo\\\/image\\\/\"},\"sameAs\":[\"https:\\\/\\\/www.facebook.com\\\/profile.php?id=100008943462799\",\"https:\\\/\\\/x.com\\\/bellunopress\",\"https:\\\/\\\/www.linkedin.com\\\/hp\\\/?dnr=JBzUWaJfMUw8vbXJJ2tVW5-I3jZKvC4wsoxE&amp;amp;amp;amp;amp;amp;trk=nav_responsive_tab_home\",\"https:\\\/\\\/www.youtube.com\\\/channel\\\/UCxL0wu1uN0_3_7hGG0306cw\"]},{\"@type\":\"Person\",\"@id\":\"https:\\\/\\\/www.bellunopress.it\\\/#\\\/schema\\\/person\\\/79bb06722b37ece1c03d3e94beb30d73\",\"name\":\"redazione\",\"image\":{\"@type\":\"ImageObject\",\"inLanguage\":\"fr-FR\",\"@id\":\"https:\\\/\\\/secure.gravatar.com\\\/avatar\\\/37d968a2e67a6fd04c169c4bdef102d0bc5d31b2546345219e348575eb80e9a0?s=96&d=mm&r=g\",\"url\":\"https:\\\/\\\/secure.gravatar.com\\\/avatar\\\/37d968a2e67a6fd04c169c4bdef102d0bc5d31b2546345219e348575eb80e9a0?s=96&d=mm&r=g\",\"contentUrl\":\"https:\\\/\\\/secure.gravatar.com\\\/avatar\\\/37d968a2e67a6fd04c169c4bdef102d0bc5d31b2546345219e348575eb80e9a0?s=96&d=mm&r=g\",\"caption\":\"redazione\"},\"sameAs\":[\"http:\\\/\\\/www.bellunopress.it\",\"https:\\\/\\\/x.com\\\/bellunopress\"],\"url\":\"https:\\\/\\\/www.bellunopress.it\\\/fr\\\/author\\\/redazione\\\/\"}]}<\/script>\n<!-- \/ Yoast SEO plugin. -->","yoast_head_json":{"title":"L\u2019eccellenza bellunese brilla a CastelBrando: Ottica Zoldan riceve il premio \"Top Optician Italia 2026\" - Bellunopress - Dolomiti","robots":{"index":"index","follow":"follow","max-snippet":"max-snippet:-1","max-image-preview":"max-image-preview:large","max-video-preview":"max-video-preview:-1"},"canonical":"https:\/\/www.bellunopress.it\/fr\/2026\/06\/13\/leccellenza-bellunese-brilla-a-castelbrando-ottica-zoldan-riceve-il-premio-top-optician-italia-2026\/","og_locale":"fr_FR","og_type":"article","og_title":"L\u2019eccellenza bellunese brilla a CastelBrando: Ottica Zoldan riceve il premio \"Top Optician Italia 2026\" - Bellunopress - Dolomiti","og_description":"Un prestigioso riconoscimento nazionale consacra il centro ottico di Ponte nelle Alpi come punto di riferimento per innovazione, qualit\u00e0 del servizio e competenze tecniche. Un traguardo che porta lustro al territorio bellunese: Ottica Zoldan di Ponte nelle Alpi \u00e8 stata insignita del premio Top Optician Italia 2026. Il riconoscimento, assegnato durante la prima edizione dell&#8217;evento [&hellip;]","og_url":"https:\/\/www.bellunopress.it\/fr\/2026\/06\/13\/leccellenza-bellunese-brilla-a-castelbrando-ottica-zoldan-riceve-il-premio-top-optician-italia-2026\/","og_site_name":"Bellunopress - Dolomiti","article_publisher":"https:\/\/www.facebook.com\/profile.php?id=100008943462799","article_published_time":"2026-06-13T10:15:12+00:00","og_image":[{"width":375,"height":500,"url":"https:\/\/www.bellunopress.it\/wp-content\/uploads\/2026\/06\/Ottica-Zoldan.jpg","type":"image\/jpeg"}],"author":"redazione","twitter_card":"summary_large_image","twitter_creator":"@bellunopress","twitter_site":"@bellunopress","twitter_misc":{"\u00c9crit par":"redazione","Dur\u00e9e de lecture estim\u00e9e":"3 minutes"},"schema":{"@context":"https:\/\/schema.org","@graph":[{"@type":"Article","@id":"https:\/\/www.bellunopress.it\/2026\/06\/13\/leccellenza-bellunese-brilla-a-castelbrando-ottica-zoldan-riceve-il-premio-top-optician-italia-2026\/#article","isPartOf":{"@id":"https:\/\/www.bellunopress.it\/2026\/06\/13\/leccellenza-bellunese-brilla-a-castelbrando-ottica-zoldan-riceve-il-premio-top-optician-italia-2026\/"},"author":{"name":"redazione","@id":"https:\/\/www.bellunopress.it\/#\/schema\/person\/79bb06722b37ece1c03d3e94beb30d73"},"headline":"L\u2019eccellenza bellunese brilla a CastelBrando: Ottica Zoldan riceve il premio &#8220;Top Optician Italia 2026&#8221;","datePublished":"2026-06-13T10:15:12+00:00","mainEntityOfPage":{"@id":"https:\/\/www.bellunopress.it\/2026\/06\/13\/leccellenza-bellunese-brilla-a-castelbrando-ottica-zoldan-riceve-il-premio-top-optician-italia-2026\/"},"wordCount":413,"publisher":{"@id":"https:\/\/www.bellunopress.it\/#organization"},"image":{"@id":"https:\/\/www.bellunopress.it\/2026\/06\/13\/leccellenza-bellunese-brilla-a-castelbrando-ottica-zoldan-riceve-il-premio-top-optician-italia-2026\/#primaryimage"},"thumbnailUrl":"https:\/\/www.bellunopress.it\/wp-content\/uploads\/2026\/06\/Ottica-Zoldan.jpg","articleSection":["Lavoro, Economia, Turismo"],"inLanguage":"fr-FR"},{"@type":"WebPage","@id":"https:\/\/www.bellunopress.it\/2026\/06\/13\/leccellenza-bellunese-brilla-a-castelbrando-ottica-zoldan-riceve-il-premio-top-optician-italia-2026\/","url":"https:\/\/www.bellunopress.it\/2026\/06\/13\/leccellenza-bellunese-brilla-a-castelbrando-ottica-zoldan-riceve-il-premio-top-optician-italia-2026\/","name":"L\u2019eccellenza bellunese brilla a CastelBrando: Ottica Zoldan riceve il premio \"Top Optician Italia 2026\" - Bellunopress - Dolomiti","isPartOf":{"@id":"https:\/\/www.bellunopress.it\/#website"},"primaryImageOfPage":{"@id":"https:\/\/www.bellunopress.it\/2026\/06\/13\/leccellenza-bellunese-brilla-a-castelbrando-ottica-zoldan-riceve-il-premio-top-optician-italia-2026\/#primaryimage"},"image":{"@id":"https:\/\/www.bellunopress.it\/2026\/06\/13\/leccellenza-bellunese-brilla-a-castelbrando-ottica-zoldan-riceve-il-premio-top-optician-italia-2026\/#primaryimage"},"thumbnailUrl":"https:\/\/www.bellunopress.it\/wp-content\/uploads\/2026\/06\/Ottica-Zoldan.jpg","datePublished":"2026-06-13T10:15:12+00:00","breadcrumb":{"@id":"https:\/\/www.bellunopress.it\/2026\/06\/13\/leccellenza-bellunese-brilla-a-castelbrando-ottica-zoldan-riceve-il-premio-top-optician-italia-2026\/#breadcrumb"},"inLanguage":"fr-FR","potentialAction":[{"@type":"ReadAction","target":["https:\/\/www.bellunopress.it\/2026\/06\/13\/leccellenza-bellunese-brilla-a-castelbrando-ottica-zoldan-riceve-il-premio-top-optician-italia-2026\/"]}]},{"@type":"ImageObject","inLanguage":"fr-FR","@id":"https:\/\/www.bellunopress.it\/2026\/06\/13\/leccellenza-bellunese-brilla-a-castelbrando-ottica-zoldan-riceve-il-premio-top-optician-italia-2026\/#primaryimage","url":"https:\/\/www.bellunopress.it\/wp-content\/uploads\/2026\/06\/Ottica-Zoldan.jpg","contentUrl":"https:\/\/www.bellunopress.it\/wp-content\/uploads\/2026\/06\/Ottica-Zoldan.jpg","width":375,"height":500},{"@type":"BreadcrumbList","@id":"https:\/\/www.bellunopress.it\/2026\/06\/13\/leccellenza-bellunese-brilla-a-castelbrando-ottica-zoldan-riceve-il-premio-top-optician-italia-2026\/#breadcrumb","itemListElement":[{"@type":"ListItem","position":1,"name":"Home","item":"https:\/\/www.bellunopress.it\/"},{"@type":"ListItem","position":2,"name":"L\u2019eccellenza bellunese brilla a CastelBrando: Ottica Zoldan riceve il premio &#8220;Top Optician Italia 2026&#8221;"}]},{"@type":"WebSite","@id":"https:\/\/www.bellunopress.it\/#website","url":"https:\/\/www.bellunopress.it\/","name":"Bellunopress - Dolomiti","description":"e-mail: redazione@bellunopress.it","publisher":{"@id":"https:\/\/www.bellunopress.it\/#organization"},"potentialAction":[{"@type":"SearchAction","target":{"@type":"EntryPoint","urlTemplate":"https:\/\/www.bellunopress.it\/?s={search_term_string}"},"query-input":{"@type":"PropertyValueSpecification","valueRequired":true,"valueName":"search_term_string"}}],"inLanguage":"fr-FR"},{"@type":"Organization","@id":"https:\/\/www.bellunopress.it\/#organization","name":"Bellunopress","url":"https:\/\/www.bellunopress.it\/","logo":{"@type":"ImageObject","inLanguage":"fr-FR","@id":"https:\/\/www.bellunopress.it\/#\/schema\/logo\/image\/","url":"https:\/\/www.bellunopress.it\/wp-content\/uploads\/2011\/05\/cropped-logo-bellunopress-.jpg","contentUrl":"https:\/\/www.bellunopress.it\/wp-content\/uploads\/2011\/05\/cropped-logo-bellunopress-.jpg","width":512,"height":512,"caption":"Bellunopress"},"image":{"@id":"https:\/\/www.bellunopress.it\/#\/schema\/logo\/image\/"},"sameAs":["https:\/\/www.facebook.com\/profile.php?id=100008943462799","https:\/\/x.com\/bellunopress","https:\/\/www.linkedin.com\/hp\/?dnr=JBzUWaJfMUw8vbXJJ2tVW5-I3jZKvC4wsoxE&amp;amp;amp;amp;amp;amp;trk=nav_responsive_tab_home","https:\/\/www.youtube.com\/channel\/UCxL0wu1uN0_3_7hGG0306cw"]},{"@type":"Person","@id":"https:\/\/www.bellunopress.it\/#\/schema\/person\/79bb06722b37ece1c03d3e94beb30d73","name":"r\u00e9daction","image":{"@type":"ImageObject","inLanguage":"fr-FR","@id":"https:\/\/secure.gravatar.com\/avatar\/37d968a2e67a6fd04c169c4bdef102d0bc5d31b2546345219e348575eb80e9a0?s=96&d=mm&r=g","url":"https:\/\/secure.gravatar.com\/avatar\/37d968a2e67a6fd04c169c4bdef102d0bc5d31b2546345219e348575eb80e9a0?s=96&d=mm&r=g","contentUrl":"https:\/\/secure.gravatar.com\/avatar\/37d968a2e67a6fd04c169c4bdef102d0bc5d31b2546345219e348575eb80e9a0?s=96&d=mm&r=g","caption":"redazione"},"sameAs":["http:\/\/www.bellunopress.it","https:\/\/x.com\/bellunopress"],"url":"https:\/\/www.bellunopress.it\/fr\/author\/redazione\/"}]}},"_links":{"self":[{"href":"https:\/\/www.bellunopress.it\/fr\/wp-json\/wp\/v2\/posts\/170937","targetHints":{"allow":["GET"]}}],"collection":[{"href":"https:\/\/www.bellunopress.it\/fr\/wp-json\/wp\/v2\/posts"}],"about":[{"href":"https:\/\/www.bellunopress.it\/fr\/wp-json\/wp\/v2\/types\/post"}],"author":[{"embeddable":true,"href":"https:\/\/www.bellunopress.it\/fr\/wp-json\/wp\/v2\/users\/2"}],"replies":[{"embeddable":true,"href":"https:\/\/www.bellunopress.it\/fr\/wp-json\/wp\/v2\/comments?post=170937"}],"version-history":[{"count":1,"href":"https:\/\/www.bellunopress.it\/fr\/wp-json\/wp\/v2\/posts\/170937\/revisions"}],"predecessor-version":[{"id":170939,"href":"https:\/\/www.bellunopress.it\/fr\/wp-json\/wp\/v2\/posts\/170937\/revisions\/170939"}],"wp:featuredmedia":[{"embeddable":true,"href":"https:\/\/www.bellunopress.it\/fr\/wp-json\/wp\/v2\/media\/170938"}],"wp:attachment":[{"href":"https:\/\/www.bellunopress.it\/fr\/wp-json\/wp\/v2\/media?parent=170937"}],"wp:term":[{"taxonomy":"category","embeddable":true,"href":"https:\/\/www.bellunopress.it\/fr\/wp-json\/wp\/v2\/categories?post=170937"},{"taxonomy":"post_tag","embeddable":true,"href":"https:\/\/www.bellunopress.it\/fr\/wp-json\/wp\/v2\/tags?post=170937"}],"curies":[{"name":"wp","href":"https:\/\/api.w.org\/{rel}","templated":true}]}}