{"id":170935,"date":"2026-06-13T12:07:50","date_gmt":"2026-06-13T10:07:50","guid":{"rendered":"https:\/\/www.bellunopress.it\/?p=170935"},"modified":"2026-06-13T12:07:50","modified_gmt":"2026-06-13T10:07:50","slug":"marmolada-riaprono-gli-impianti-unestate-tra-le-vette-piu-alte-deuropa","status":"publish","type":"post","link":"https:\/\/www.bellunopress.it\/fr\/2026\/06\/13\/marmolada-riaprono-gli-impianti-unestate-tra-le-vette-piu-alte-deuropa\/","title":{"rendered":"Marmolada, riaprono gli impianti: un\u2019estate tra le vette pi\u00f9 alte d\u2019Europa"},"content":{"rendered":"<p><strong>Da ieri la funivia torna operativa per portare turisti ed escursionisti a 3.265 metri di quota.<\/strong><\/p>\n<p>Rocca Pietore, 13 giugno 2026 \u2013 La &#8220;Regina delle Dolomiti&#8221; \u00e8 pronta ad accogliere l\u2019estate. A partire da ieri, venerd\u00ec 12 giugno, gli impianti della storica funivia della Marmolada tornano ufficialmente in funzione, inaugurando una stagione estiva che si preannuncia ricca di emozioni, escursioni ad alta quota e appuntamenti imperdibili per appassionati della montagna e famiglie.<\/p>\n<p><strong>Un viaggio nel cuore del Patrimonio UNESCO<\/strong><br \/>\nIl tragitto parte da Malga Ciapela (1.450 m) e permette di raggiungere, in soli 12 minuti, i 3.265 metri di Punta Rocca. Questo moderno impianto panoramico offre un\u2019esperienza di viaggio unica, che attraversa il ghiacciaio regalando una vista mozzafiato che spazia fino alla vetta regina, Punta Penia (3.343 m). Oltre alla stazione di arrivo, il percorso prevede la sosta<br \/>\nintermedia a Serauta (2.950 m), tappa fondamentale per immergersi nella storia e nella cultura del luogo.<\/p>\n<p><strong>Oltre il panorama: storia, spiritualit\u00e0 e gusto<\/strong><br \/>\nSalire sulla Marmolada non significa solo ammirare un paesaggio unico al mondo, ma intraprendere un percorso che unisce memoria storica, spiritualit\u00e0 e alta cucina:<br \/>\nMuseo Marmolada Grande Guerra 3000 m: Situato a Serauta, \u00e8 il museo pi\u00f9 alto d\u2019Europa e offre un racconto toccante della vita dei soldati durante il primo conflitto mondiale.<br \/>\nTrincee storiche: All\u2019esterno del museo, \u00e8 possibile percorrere i camminamenti originali, recentemente rinnovati per una passeggiata nella storia a cielo aperto.<br \/>\nGrotta della Madonna: A Punta Rocca, un luogo di pace e raccoglimento molto caro ai visitatori.<br \/>\nEnogastronomia: Presso la stazione di Serauta, il ristorante permette di gustare i sapori tipici della tradizione locale godendo di una vetrata panoramica unica sulle Dolomiti.<\/p>\n<p><strong>Un\u2019esperienza senza barriere<\/strong><br \/>\nAnche per questa stagione, Funivie Marmolada conferma il suo profondo impegno sul fronte<br \/>\ndell&#8217;inclusione. L\u2019intera esperienza, dalle stazioni ai musei, fino ai punti di ristoro, \u00e8 stata<br \/>\nprogettata per essere totalmente accessibile alle persone con disabilit\u00e0, garantendo a chiunque<br \/>\nl\u2019emozione della vetta in totale sicurezza.<\/p>\n<p><strong>Info utili, orari e biglietti<\/strong><br \/>\nGli impianti resteranno aperti tutti i giorni dal 12 giugno al 27 settembre 2026, con orario<br \/>\ncontinuato dalle 09:00 alle 16:30 (orario dell&#8217;ultima discesa da Punta Rocca).<br \/>\nI biglietti possono essere acquistati presso la biglietteria di Malga Ciapela oppure<br \/>\ncomodamente online su shop.dolomitisuperski.com.<\/p>","protected":false},"excerpt":{"rendered":"<p>Da ieri la funivia torna operativa per portare turisti ed escursionisti a 3.265 metri di quota. Rocca Pietore, 13 giugno 2026 \u2013 La &#8220;Regina delle Dolomiti&#8221; \u00e8 pronta ad accogliere l\u2019estate. A partire da ieri, venerd\u00ec 12 giugno, gli impianti della storica funivia della Marmolada tornano ufficialmente in funzione, inaugurando una stagione estiva che si [&hellip;]<\/p>\n","protected":false},"author":2,"featured_media":115181,"comment_status":"closed","ping_status":"open","sticky":false,"template":"","format":"standard","meta":{"footnotes":""},"categories":[26],"tags":[],"class_list":["post-170935","post","type-post","status-publish","format-standard","has-post-thumbnail","category-prima-pagina"],"yoast_head":"<!-- This site is optimized with the Yoast SEO plugin v28.4 - https:\/\/yoast.com\/product\/yoast-seo-wordpress\/ -->\n<title>Marmolada, riaprono gli impianti: un\u2019estate tra le vette pi\u00f9 alte d\u2019Europa - Bellunopress - Dolomiti<\/title>\n<meta name=\"robots\" content=\"index, follow, max-snippet:-1, max-image-preview:large, max-video-preview:-1\" \/>\n<link rel=\"canonical\" href=\"https:\/\/www.bellunopress.it\/fr\/2026\/06\/13\/marmolada-riaprono-gli-impianti-unestate-tra-le-vette-piu-alte-deuropa\/\" \/>\n<meta property=\"og:locale\" content=\"fr_FR\" \/>\n<meta property=\"og:type\" content=\"article\" \/>\n<meta property=\"og:title\" content=\"Marmolada, riaprono gli impianti: un\u2019estate tra le vette pi\u00f9 alte d\u2019Europa - Bellunopress - Dolomiti\" \/>\n<meta property=\"og:description\" content=\"Da ieri la funivia torna operativa per portare turisti ed escursionisti a 3.265 metri di quota. Rocca Pietore, 13 giugno 2026 \u2013 La &#8220;Regina delle Dolomiti&#8221; \u00e8 pronta ad accogliere l\u2019estate. A partire da ieri, venerd\u00ec 12 giugno, gli impianti della storica funivia della Marmolada tornano ufficialmente in funzione, inaugurando una stagione estiva che si [&hellip;]\" \/>\n<meta property=\"og:url\" content=\"https:\/\/www.bellunopress.it\/fr\/2026\/06\/13\/marmolada-riaprono-gli-impianti-unestate-tra-le-vette-piu-alte-deuropa\/\" \/>\n<meta property=\"og:site_name\" content=\"Bellunopress - Dolomiti\" \/>\n<meta property=\"article:publisher\" content=\"https:\/\/www.facebook.com\/profile.php?id=100008943462799\" \/>\n<meta property=\"article:published_time\" content=\"2026-06-13T10:07:50+00:00\" \/>\n<meta property=\"og:image\" content=\"https:\/\/www.bellunopress.it\/wp-content\/uploads\/2020\/06\/Funivia-Marmolada-Move-to-the-top_edited.jpg\" \/>\n\t<meta property=\"og:image:width\" content=\"800\" \/>\n\t<meta property=\"og:image:height\" content=\"600\" \/>\n\t<meta property=\"og:image:type\" content=\"image\/jpeg\" \/>\n<meta name=\"author\" content=\"redazione\" \/>\n<meta name=\"twitter:card\" content=\"summary_large_image\" \/>\n<meta name=\"twitter:creator\" content=\"@bellunopress\" \/>\n<meta name=\"twitter:site\" content=\"@bellunopress\" \/>\n<meta name=\"twitter:label1\" content=\"\u00c9crit par\" \/>\n\t<meta name=\"twitter:data1\" content=\"redazione\" \/>\n\t<meta name=\"twitter:label2\" content=\"Dur\u00e9e de lecture estim\u00e9e\" \/>\n\t<meta name=\"twitter:data2\" content=\"3 minutes\" \/>\n<script type=\"application\/ld+json\" class=\"yoast-schema-graph\">{\"@context\":\"https:\\\/\\\/schema.org\",\"@graph\":[{\"@type\":\"Article\",\"@id\":\"https:\\\/\\\/www.bellunopress.it\\\/2026\\\/06\\\/13\\\/marmolada-riaprono-gli-impianti-unestate-tra-le-vette-piu-alte-deuropa\\\/#article\",\"isPartOf\":{\"@id\":\"https:\\\/\\\/www.bellunopress.it\\\/2026\\\/06\\\/13\\\/marmolada-riaprono-gli-impianti-unestate-tra-le-vette-piu-alte-deuropa\\\/\"},\"author\":{\"name\":\"redazione\",\"@id\":\"https:\\\/\\\/www.bellunopress.it\\\/#\\\/schema\\\/person\\\/79bb06722b37ece1c03d3e94beb30d73\"},\"headline\":\"Marmolada, riaprono gli impianti: un\u2019estate tra le vette pi\u00f9 alte d\u2019Europa\",\"datePublished\":\"2026-06-13T10:07:50+00:00\",\"mainEntityOfPage\":{\"@id\":\"https:\\\/\\\/www.bellunopress.it\\\/2026\\\/06\\\/13\\\/marmolada-riaprono-gli-impianti-unestate-tra-le-vette-piu-alte-deuropa\\\/\"},\"wordCount\":376,\"publisher\":{\"@id\":\"https:\\\/\\\/www.bellunopress.it\\\/#organization\"},\"image\":{\"@id\":\"https:\\\/\\\/www.bellunopress.it\\\/2026\\\/06\\\/13\\\/marmolada-riaprono-gli-impianti-unestate-tra-le-vette-piu-alte-deuropa\\\/#primaryimage\"},\"thumbnailUrl\":\"https:\\\/\\\/www.bellunopress.it\\\/wp-content\\\/uploads\\\/2020\\\/06\\\/Funivia-Marmolada-Move-to-the-top_edited.jpg\",\"articleSection\":[\"Prima Pagina\"],\"inLanguage\":\"fr-FR\"},{\"@type\":\"WebPage\",\"@id\":\"https:\\\/\\\/www.bellunopress.it\\\/2026\\\/06\\\/13\\\/marmolada-riaprono-gli-impianti-unestate-tra-le-vette-piu-alte-deuropa\\\/\",\"url\":\"https:\\\/\\\/www.bellunopress.it\\\/2026\\\/06\\\/13\\\/marmolada-riaprono-gli-impianti-unestate-tra-le-vette-piu-alte-deuropa\\\/\",\"name\":\"Marmolada, riaprono gli impianti: un\u2019estate tra le vette pi\u00f9 alte d\u2019Europa - Bellunopress - Dolomiti\",\"isPartOf\":{\"@id\":\"https:\\\/\\\/www.bellunopress.it\\\/#website\"},\"primaryImageOfPage\":{\"@id\":\"https:\\\/\\\/www.bellunopress.it\\\/2026\\\/06\\\/13\\\/marmolada-riaprono-gli-impianti-unestate-tra-le-vette-piu-alte-deuropa\\\/#primaryimage\"},\"image\":{\"@id\":\"https:\\\/\\\/www.bellunopress.it\\\/2026\\\/06\\\/13\\\/marmolada-riaprono-gli-impianti-unestate-tra-le-vette-piu-alte-deuropa\\\/#primaryimage\"},\"thumbnailUrl\":\"https:\\\/\\\/www.bellunopress.it\\\/wp-content\\\/uploads\\\/2020\\\/06\\\/Funivia-Marmolada-Move-to-the-top_edited.jpg\",\"datePublished\":\"2026-06-13T10:07:50+00:00\",\"breadcrumb\":{\"@id\":\"https:\\\/\\\/www.bellunopress.it\\\/2026\\\/06\\\/13\\\/marmolada-riaprono-gli-impianti-unestate-tra-le-vette-piu-alte-deuropa\\\/#breadcrumb\"},\"inLanguage\":\"fr-FR\",\"potentialAction\":[{\"@type\":\"ReadAction\",\"target\":[\"https:\\\/\\\/www.bellunopress.it\\\/2026\\\/06\\\/13\\\/marmolada-riaprono-gli-impianti-unestate-tra-le-vette-piu-alte-deuropa\\\/\"]}]},{\"@type\":\"ImageObject\",\"inLanguage\":\"fr-FR\",\"@id\":\"https:\\\/\\\/www.bellunopress.it\\\/2026\\\/06\\\/13\\\/marmolada-riaprono-gli-impianti-unestate-tra-le-vette-piu-alte-deuropa\\\/#primaryimage\",\"url\":\"https:\\\/\\\/www.bellunopress.it\\\/wp-content\\\/uploads\\\/2020\\\/06\\\/Funivia-Marmolada-Move-to-the-top_edited.jpg\",\"contentUrl\":\"https:\\\/\\\/www.bellunopress.it\\\/wp-content\\\/uploads\\\/2020\\\/06\\\/Funivia-Marmolada-Move-to-the-top_edited.jpg\",\"width\":800,\"height\":600,\"caption\":\"Funivia Marmolada\"},{\"@type\":\"BreadcrumbList\",\"@id\":\"https:\\\/\\\/www.bellunopress.it\\\/2026\\\/06\\\/13\\\/marmolada-riaprono-gli-impianti-unestate-tra-le-vette-piu-alte-deuropa\\\/#breadcrumb\",\"itemListElement\":[{\"@type\":\"ListItem\",\"position\":1,\"name\":\"Home\",\"item\":\"https:\\\/\\\/www.bellunopress.it\\\/\"},{\"@type\":\"ListItem\",\"position\":2,\"name\":\"Marmolada, riaprono gli impianti: un\u2019estate tra le vette pi\u00f9 alte d\u2019Europa\"}]},{\"@type\":\"WebSite\",\"@id\":\"https:\\\/\\\/www.bellunopress.it\\\/#website\",\"url\":\"https:\\\/\\\/www.bellunopress.it\\\/\",\"name\":\"Bellunopress - Dolomiti\",\"description\":\"e-mail: redazione@bellunopress.it\",\"publisher\":{\"@id\":\"https:\\\/\\\/www.bellunopress.it\\\/#organization\"},\"potentialAction\":[{\"@type\":\"SearchAction\",\"target\":{\"@type\":\"EntryPoint\",\"urlTemplate\":\"https:\\\/\\\/www.bellunopress.it\\\/?s={search_term_string}\"},\"query-input\":{\"@type\":\"PropertyValueSpecification\",\"valueRequired\":true,\"valueName\":\"search_term_string\"}}],\"inLanguage\":\"fr-FR\"},{\"@type\":\"Organization\",\"@id\":\"https:\\\/\\\/www.bellunopress.it\\\/#organization\",\"name\":\"Bellunopress\",\"url\":\"https:\\\/\\\/www.bellunopress.it\\\/\",\"logo\":{\"@type\":\"ImageObject\",\"inLanguage\":\"fr-FR\",\"@id\":\"https:\\\/\\\/www.bellunopress.it\\\/#\\\/schema\\\/logo\\\/image\\\/\",\"url\":\"https:\\\/\\\/www.bellunopress.it\\\/wp-content\\\/uploads\\\/2011\\\/05\\\/cropped-logo-bellunopress-.jpg\",\"contentUrl\":\"https:\\\/\\\/www.bellunopress.it\\\/wp-content\\\/uploads\\\/2011\\\/05\\\/cropped-logo-bellunopress-.jpg\",\"width\":512,\"height\":512,\"caption\":\"Bellunopress\"},\"image\":{\"@id\":\"https:\\\/\\\/www.bellunopress.it\\\/#\\\/schema\\\/logo\\\/image\\\/\"},\"sameAs\":[\"https:\\\/\\\/www.facebook.com\\\/profile.php?id=100008943462799\",\"https:\\\/\\\/x.com\\\/bellunopress\",\"https:\\\/\\\/www.linkedin.com\\\/hp\\\/?dnr=JBzUWaJfMUw8vbXJJ2tVW5-I3jZKvC4wsoxE&amp;amp;amp;amp;amp;amp;trk=nav_responsive_tab_home\",\"https:\\\/\\\/www.youtube.com\\\/channel\\\/UCxL0wu1uN0_3_7hGG0306cw\"]},{\"@type\":\"Person\",\"@id\":\"https:\\\/\\\/www.bellunopress.it\\\/#\\\/schema\\\/person\\\/79bb06722b37ece1c03d3e94beb30d73\",\"name\":\"redazione\",\"image\":{\"@type\":\"ImageObject\",\"inLanguage\":\"fr-FR\",\"@id\":\"https:\\\/\\\/secure.gravatar.com\\\/avatar\\\/37d968a2e67a6fd04c169c4bdef102d0bc5d31b2546345219e348575eb80e9a0?s=96&d=mm&r=g\",\"url\":\"https:\\\/\\\/secure.gravatar.com\\\/avatar\\\/37d968a2e67a6fd04c169c4bdef102d0bc5d31b2546345219e348575eb80e9a0?s=96&d=mm&r=g\",\"contentUrl\":\"https:\\\/\\\/secure.gravatar.com\\\/avatar\\\/37d968a2e67a6fd04c169c4bdef102d0bc5d31b2546345219e348575eb80e9a0?s=96&d=mm&r=g\",\"caption\":\"redazione\"},\"sameAs\":[\"http:\\\/\\\/www.bellunopress.it\",\"https:\\\/\\\/x.com\\\/bellunopress\"],\"url\":\"https:\\\/\\\/www.bellunopress.it\\\/fr\\\/author\\\/redazione\\\/\"}]}<\/script>\n<!-- \/ Yoast SEO plugin. -->","yoast_head_json":{"title":"Marmolada, riaprono gli impianti: un\u2019estate tra le vette pi\u00f9 alte d\u2019Europa - Bellunopress - Dolomiti","robots":{"index":"index","follow":"follow","max-snippet":"max-snippet:-1","max-image-preview":"max-image-preview:large","max-video-preview":"max-video-preview:-1"},"canonical":"https:\/\/www.bellunopress.it\/fr\/2026\/06\/13\/marmolada-riaprono-gli-impianti-unestate-tra-le-vette-piu-alte-deuropa\/","og_locale":"fr_FR","og_type":"article","og_title":"Marmolada, riaprono gli impianti: un\u2019estate tra le vette pi\u00f9 alte d\u2019Europa - Bellunopress - Dolomiti","og_description":"Da ieri la funivia torna operativa per portare turisti ed escursionisti a 3.265 metri di quota. Rocca Pietore, 13 giugno 2026 \u2013 La &#8220;Regina delle Dolomiti&#8221; \u00e8 pronta ad accogliere l\u2019estate. A partire da ieri, venerd\u00ec 12 giugno, gli impianti della storica funivia della Marmolada tornano ufficialmente in funzione, inaugurando una stagione estiva che si [&hellip;]","og_url":"https:\/\/www.bellunopress.it\/fr\/2026\/06\/13\/marmolada-riaprono-gli-impianti-unestate-tra-le-vette-piu-alte-deuropa\/","og_site_name":"Bellunopress - Dolomiti","article_publisher":"https:\/\/www.facebook.com\/profile.php?id=100008943462799","article_published_time":"2026-06-13T10:07:50+00:00","og_image":[{"width":800,"height":600,"url":"https:\/\/www.bellunopress.it\/wp-content\/uploads\/2020\/06\/Funivia-Marmolada-Move-to-the-top_edited.jpg","type":"image\/jpeg"}],"author":"redazione","twitter_card":"summary_large_image","twitter_creator":"@bellunopress","twitter_site":"@bellunopress","twitter_misc":{"\u00c9crit par":"redazione","Dur\u00e9e de lecture estim\u00e9e":"3 minutes"},"schema":{"@context":"https:\/\/schema.org","@graph":[{"@type":"Article","@id":"https:\/\/www.bellunopress.it\/2026\/06\/13\/marmolada-riaprono-gli-impianti-unestate-tra-le-vette-piu-alte-deuropa\/#article","isPartOf":{"@id":"https:\/\/www.bellunopress.it\/2026\/06\/13\/marmolada-riaprono-gli-impianti-unestate-tra-le-vette-piu-alte-deuropa\/"},"author":{"name":"redazione","@id":"https:\/\/www.bellunopress.it\/#\/schema\/person\/79bb06722b37ece1c03d3e94beb30d73"},"headline":"Marmolada, riaprono gli impianti: un\u2019estate tra le vette pi\u00f9 alte d\u2019Europa","datePublished":"2026-06-13T10:07:50+00:00","mainEntityOfPage":{"@id":"https:\/\/www.bellunopress.it\/2026\/06\/13\/marmolada-riaprono-gli-impianti-unestate-tra-le-vette-piu-alte-deuropa\/"},"wordCount":376,"publisher":{"@id":"https:\/\/www.bellunopress.it\/#organization"},"image":{"@id":"https:\/\/www.bellunopress.it\/2026\/06\/13\/marmolada-riaprono-gli-impianti-unestate-tra-le-vette-piu-alte-deuropa\/#primaryimage"},"thumbnailUrl":"https:\/\/www.bellunopress.it\/wp-content\/uploads\/2020\/06\/Funivia-Marmolada-Move-to-the-top_edited.jpg","articleSection":["Prima Pagina"],"inLanguage":"fr-FR"},{"@type":"WebPage","@id":"https:\/\/www.bellunopress.it\/2026\/06\/13\/marmolada-riaprono-gli-impianti-unestate-tra-le-vette-piu-alte-deuropa\/","url":"https:\/\/www.bellunopress.it\/2026\/06\/13\/marmolada-riaprono-gli-impianti-unestate-tra-le-vette-piu-alte-deuropa\/","name":"Marmolada, riaprono gli impianti: un\u2019estate tra le vette pi\u00f9 alte d\u2019Europa - Bellunopress - Dolomiti","isPartOf":{"@id":"https:\/\/www.bellunopress.it\/#website"},"primaryImageOfPage":{"@id":"https:\/\/www.bellunopress.it\/2026\/06\/13\/marmolada-riaprono-gli-impianti-unestate-tra-le-vette-piu-alte-deuropa\/#primaryimage"},"image":{"@id":"https:\/\/www.bellunopress.it\/2026\/06\/13\/marmolada-riaprono-gli-impianti-unestate-tra-le-vette-piu-alte-deuropa\/#primaryimage"},"thumbnailUrl":"https:\/\/www.bellunopress.it\/wp-content\/uploads\/2020\/06\/Funivia-Marmolada-Move-to-the-top_edited.jpg","datePublished":"2026-06-13T10:07:50+00:00","breadcrumb":{"@id":"https:\/\/www.bellunopress.it\/2026\/06\/13\/marmolada-riaprono-gli-impianti-unestate-tra-le-vette-piu-alte-deuropa\/#breadcrumb"},"inLanguage":"fr-FR","potentialAction":[{"@type":"ReadAction","target":["https:\/\/www.bellunopress.it\/2026\/06\/13\/marmolada-riaprono-gli-impianti-unestate-tra-le-vette-piu-alte-deuropa\/"]}]},{"@type":"ImageObject","inLanguage":"fr-FR","@id":"https:\/\/www.bellunopress.it\/2026\/06\/13\/marmolada-riaprono-gli-impianti-unestate-tra-le-vette-piu-alte-deuropa\/#primaryimage","url":"https:\/\/www.bellunopress.it\/wp-content\/uploads\/2020\/06\/Funivia-Marmolada-Move-to-the-top_edited.jpg","contentUrl":"https:\/\/www.bellunopress.it\/wp-content\/uploads\/2020\/06\/Funivia-Marmolada-Move-to-the-top_edited.jpg","width":800,"height":600,"caption":"Funivia Marmolada"},{"@type":"BreadcrumbList","@id":"https:\/\/www.bellunopress.it\/2026\/06\/13\/marmolada-riaprono-gli-impianti-unestate-tra-le-vette-piu-alte-deuropa\/#breadcrumb","itemListElement":[{"@type":"ListItem","position":1,"name":"Home","item":"https:\/\/www.bellunopress.it\/"},{"@type":"ListItem","position":2,"name":"Marmolada, riaprono gli impianti: un\u2019estate tra le vette pi\u00f9 alte d\u2019Europa"}]},{"@type":"WebSite","@id":"https:\/\/www.bellunopress.it\/#website","url":"https:\/\/www.bellunopress.it\/","name":"Bellunopress - Dolomiti","description":"e-mail: redazione@bellunopress.it","publisher":{"@id":"https:\/\/www.bellunopress.it\/#organization"},"potentialAction":[{"@type":"SearchAction","target":{"@type":"EntryPoint","urlTemplate":"https:\/\/www.bellunopress.it\/?s={search_term_string}"},"query-input":{"@type":"PropertyValueSpecification","valueRequired":true,"valueName":"search_term_string"}}],"inLanguage":"fr-FR"},{"@type":"Organization","@id":"https:\/\/www.bellunopress.it\/#organization","name":"Bellunopress","url":"https:\/\/www.bellunopress.it\/","logo":{"@type":"ImageObject","inLanguage":"fr-FR","@id":"https:\/\/www.bellunopress.it\/#\/schema\/logo\/image\/","url":"https:\/\/www.bellunopress.it\/wp-content\/uploads\/2011\/05\/cropped-logo-bellunopress-.jpg","contentUrl":"https:\/\/www.bellunopress.it\/wp-content\/uploads\/2011\/05\/cropped-logo-bellunopress-.jpg","width":512,"height":512,"caption":"Bellunopress"},"image":{"@id":"https:\/\/www.bellunopress.it\/#\/schema\/logo\/image\/"},"sameAs":["https:\/\/www.facebook.com\/profile.php?id=100008943462799","https:\/\/x.com\/bellunopress","https:\/\/www.linkedin.com\/hp\/?dnr=JBzUWaJfMUw8vbXJJ2tVW5-I3jZKvC4wsoxE&amp;amp;amp;amp;amp;amp;trk=nav_responsive_tab_home","https:\/\/www.youtube.com\/channel\/UCxL0wu1uN0_3_7hGG0306cw"]},{"@type":"Person","@id":"https:\/\/www.bellunopress.it\/#\/schema\/person\/79bb06722b37ece1c03d3e94beb30d73","name":"r\u00e9daction","image":{"@type":"ImageObject","inLanguage":"fr-FR","@id":"https:\/\/secure.gravatar.com\/avatar\/37d968a2e67a6fd04c169c4bdef102d0bc5d31b2546345219e348575eb80e9a0?s=96&d=mm&r=g","url":"https:\/\/secure.gravatar.com\/avatar\/37d968a2e67a6fd04c169c4bdef102d0bc5d31b2546345219e348575eb80e9a0?s=96&d=mm&r=g","contentUrl":"https:\/\/secure.gravatar.com\/avatar\/37d968a2e67a6fd04c169c4bdef102d0bc5d31b2546345219e348575eb80e9a0?s=96&d=mm&r=g","caption":"redazione"},"sameAs":["http:\/\/www.bellunopress.it","https:\/\/x.com\/bellunopress"],"url":"https:\/\/www.bellunopress.it\/fr\/author\/redazione\/"}]}},"_links":{"self":[{"href":"https:\/\/www.bellunopress.it\/fr\/wp-json\/wp\/v2\/posts\/170935","targetHints":{"allow":["GET"]}}],"collection":[{"href":"https:\/\/www.bellunopress.it\/fr\/wp-json\/wp\/v2\/posts"}],"about":[{"href":"https:\/\/www.bellunopress.it\/fr\/wp-json\/wp\/v2\/types\/post"}],"author":[{"embeddable":true,"href":"https:\/\/www.bellunopress.it\/fr\/wp-json\/wp\/v2\/users\/2"}],"replies":[{"embeddable":true,"href":"https:\/\/www.bellunopress.it\/fr\/wp-json\/wp\/v2\/comments?post=170935"}],"version-history":[{"count":1,"href":"https:\/\/www.bellunopress.it\/fr\/wp-json\/wp\/v2\/posts\/170935\/revisions"}],"predecessor-version":[{"id":170936,"href":"https:\/\/www.bellunopress.it\/fr\/wp-json\/wp\/v2\/posts\/170935\/revisions\/170936"}],"wp:featuredmedia":[{"embeddable":true,"href":"https:\/\/www.bellunopress.it\/fr\/wp-json\/wp\/v2\/media\/115181"}],"wp:attachment":[{"href":"https:\/\/www.bellunopress.it\/fr\/wp-json\/wp\/v2\/media?parent=170935"}],"wp:term":[{"taxonomy":"category","embeddable":true,"href":"https:\/\/www.bellunopress.it\/fr\/wp-json\/wp\/v2\/categories?post=170935"},{"taxonomy":"post_tag","embeddable":true,"href":"https:\/\/www.bellunopress.it\/fr\/wp-json\/wp\/v2\/tags?post=170935"}],"curies":[{"name":"wp","href":"https:\/\/api.w.org\/{rel}","templated":true}]}}