{"id":170926,"date":"2026-06-13T08:19:55","date_gmt":"2026-06-13T06:19:55","guid":{"rendered":"https:\/\/www.bellunopress.it\/?p=170926"},"modified":"2026-06-13T08:19:55","modified_gmt":"2026-06-13T06:19:55","slug":"bacino-bellunese-per-la-mobilita-bard-una-scelta-giusta-per-garantire-servizi-anna-montagna","status":"publish","type":"post","link":"https:\/\/www.bellunopress.it\/fr\/2026\/06\/13\/bacino-bellunese-per-la-mobilita-bard-una-scelta-giusta-per-garantire-servizi-anna-montagna\/","title":{"rendered":"Bacino bellunese per la mobilit\u00e0. Bard: una scelta giusta per garantire servizi anna montagna"},"content":{"rendered":"<p>Belluno, 13\/06\/2026 &#8211; \u00abLa scelta di identificare il bacino della mobilit\u00e0 pubblica con il territorio provinciale, anzich\u00e9 cedere alle sirene della pianura, \u00e8 la scelta corretta che permette di mantenere una forte autonomia decisionale e che va nella direzione di tutelare le specificit\u00e0 della nostra provincia, continuando cos\u00ec a garantire i servizi alla montagna\u00bb: Andrea Bona, presidente del movimento BARD &#8211; Belluno Autonoma Regione Dolomiti, accoglie con soddisfazione la presa di posizione del presidente della Provincia di Belluno, Marco Staunovo Polacco, sulla riorganizzazione dei nuovi bacini di mobilit\u00e0 regionale.<\/p>\n<p>\u00abI servizi pubblici locali devono essere progettati e gestiti tenendo conto delle esigenze delle comunit\u00e0 che servono: per questo riteniamo fondamentale difendere l\u2019autonomia di ogni servizio locale, evitando accorpamenti che rischiano di allontanare i centri decisionali dal territorio\u00bb, evidenzia Bona che allarga la riflessione anche al futuro delle istituzioni economiche bellunesi: \u00abSe crediamo davvero nell\u2019autonomia e nella capacit\u00e0 del territorio di governare il proprio sviluppo, \u00e8 opportuno iniziare a ragionare anche sul ritorno di una Camera di Commercio pienamente bellunese. Le imprese, gli artigiani e le attivit\u00e0 economiche della provincia meritano un ente che abbia come priorit\u00e0 esclusiva la crescita del Bellunese e la valorizzazione delle sue peculiarit\u00e0\u00bb.<\/p>\n<p>Il rafforzamento delle autonomie locali, secondo il BARD e per il suo presidente, \u00e8 una condizione essenziale per affrontare le sfide della montagna: \u00abDalla mobilit\u00e0 allo sviluppo economico, passando per i grandi temi come l&#8217;idroelettrico e i rifiuti, le decisioni che riguardano Belluno devono essere assunte il pi\u00f9 possibile vicino ai cittadini e alle realt\u00e0 produttive del territorio. Solo cos\u00ec si possono costruire politiche efficaci e realmente aderenti ai bisogni della provincia\u00bb.<\/p>","protected":false},"excerpt":{"rendered":"<p>Belluno, 13\/06\/2026 &#8211; \u00abLa scelta di identificare il bacino della mobilit\u00e0 pubblica con il territorio provinciale, anzich\u00e9 cedere alle sirene della pianura, \u00e8 la scelta corretta che permette di mantenere una forte autonomia decisionale e che va nella direzione di tutelare le specificit\u00e0 della nostra provincia, continuando cos\u00ec a garantire i servizi alla montagna\u00bb: Andrea [&hellip;]<\/p>\n","protected":false},"author":2,"featured_media":129832,"comment_status":"closed","ping_status":"open","sticky":false,"template":"","format":"standard","meta":{"footnotes":""},"categories":[5],"tags":[],"class_list":["post-170926","post","type-post","status-publish","format-standard","has-post-thumbnail","category-cronaca"],"yoast_head":"<!-- This site is optimized with the Yoast SEO plugin v28.4 - https:\/\/yoast.com\/product\/yoast-seo-wordpress\/ -->\n<title>Bacino bellunese per la mobilit\u00e0. Bard: una scelta giusta per garantire servizi anna montagna - Bellunopress - Dolomiti<\/title>\n<meta name=\"robots\" content=\"index, follow, max-snippet:-1, max-image-preview:large, max-video-preview:-1\" \/>\n<link rel=\"canonical\" href=\"https:\/\/www.bellunopress.it\/fr\/2026\/06\/13\/bacino-bellunese-per-la-mobilita-bard-una-scelta-giusta-per-garantire-servizi-anna-montagna\/\" \/>\n<meta property=\"og:locale\" content=\"fr_FR\" \/>\n<meta property=\"og:type\" content=\"article\" \/>\n<meta property=\"og:title\" content=\"Bacino bellunese per la mobilit\u00e0. Bard: una scelta giusta per garantire servizi anna montagna - Bellunopress - Dolomiti\" \/>\n<meta property=\"og:description\" content=\"Belluno, 13\/06\/2026 &#8211; \u00abLa scelta di identificare il bacino della mobilit\u00e0 pubblica con il territorio provinciale, anzich\u00e9 cedere alle sirene della pianura, \u00e8 la scelta corretta che permette di mantenere una forte autonomia decisionale e che va nella direzione di tutelare le specificit\u00e0 della nostra provincia, continuando cos\u00ec a garantire i servizi alla montagna\u00bb: Andrea [&hellip;]\" \/>\n<meta property=\"og:url\" content=\"https:\/\/www.bellunopress.it\/fr\/2026\/06\/13\/bacino-bellunese-per-la-mobilita-bard-una-scelta-giusta-per-garantire-servizi-anna-montagna\/\" \/>\n<meta property=\"og:site_name\" content=\"Bellunopress - Dolomiti\" \/>\n<meta property=\"article:publisher\" content=\"https:\/\/www.facebook.com\/profile.php?id=100008943462799\" \/>\n<meta property=\"article:published_time\" content=\"2026-06-13T06:19:55+00:00\" \/>\n<meta property=\"og:image\" content=\"https:\/\/www.bellunopress.it\/wp-content\/uploads\/2021\/12\/Bard_edited.jpg\" \/>\n\t<meta property=\"og:image:width\" content=\"615\" \/>\n\t<meta property=\"og:image:height\" content=\"476\" \/>\n\t<meta property=\"og:image:type\" content=\"image\/jpeg\" \/>\n<meta name=\"author\" content=\"redazione\" \/>\n<meta name=\"twitter:card\" content=\"summary_large_image\" \/>\n<meta name=\"twitter:creator\" content=\"@bellunopress\" \/>\n<meta name=\"twitter:site\" content=\"@bellunopress\" \/>\n<meta name=\"twitter:label1\" content=\"\u00c9crit par\" \/>\n\t<meta name=\"twitter:data1\" content=\"redazione\" \/>\n\t<meta name=\"twitter:label2\" content=\"Dur\u00e9e de lecture estim\u00e9e\" \/>\n\t<meta name=\"twitter:data2\" content=\"2 minutes\" \/>\n<script type=\"application\/ld+json\" class=\"yoast-schema-graph\">{\"@context\":\"https:\\\/\\\/schema.org\",\"@graph\":[{\"@type\":\"Article\",\"@id\":\"https:\\\/\\\/www.bellunopress.it\\\/2026\\\/06\\\/13\\\/bacino-bellunese-per-la-mobilita-bard-una-scelta-giusta-per-garantire-servizi-anna-montagna\\\/#article\",\"isPartOf\":{\"@id\":\"https:\\\/\\\/www.bellunopress.it\\\/2026\\\/06\\\/13\\\/bacino-bellunese-per-la-mobilita-bard-una-scelta-giusta-per-garantire-servizi-anna-montagna\\\/\"},\"author\":{\"name\":\"redazione\",\"@id\":\"https:\\\/\\\/www.bellunopress.it\\\/#\\\/schema\\\/person\\\/79bb06722b37ece1c03d3e94beb30d73\"},\"headline\":\"Bacino bellunese per la mobilit\u00e0. Bard: una scelta giusta per garantire servizi anna montagna\",\"datePublished\":\"2026-06-13T06:19:55+00:00\",\"mainEntityOfPage\":{\"@id\":\"https:\\\/\\\/www.bellunopress.it\\\/2026\\\/06\\\/13\\\/bacino-bellunese-per-la-mobilita-bard-una-scelta-giusta-per-garantire-servizi-anna-montagna\\\/\"},\"wordCount\":282,\"publisher\":{\"@id\":\"https:\\\/\\\/www.bellunopress.it\\\/#organization\"},\"image\":{\"@id\":\"https:\\\/\\\/www.bellunopress.it\\\/2026\\\/06\\\/13\\\/bacino-bellunese-per-la-mobilita-bard-una-scelta-giusta-per-garantire-servizi-anna-montagna\\\/#primaryimage\"},\"thumbnailUrl\":\"https:\\\/\\\/www.bellunopress.it\\\/wp-content\\\/uploads\\\/2021\\\/12\\\/Bard_edited.jpg\",\"articleSection\":[\"Cronaca\\\/Politica\"],\"inLanguage\":\"fr-FR\"},{\"@type\":\"WebPage\",\"@id\":\"https:\\\/\\\/www.bellunopress.it\\\/2026\\\/06\\\/13\\\/bacino-bellunese-per-la-mobilita-bard-una-scelta-giusta-per-garantire-servizi-anna-montagna\\\/\",\"url\":\"https:\\\/\\\/www.bellunopress.it\\\/2026\\\/06\\\/13\\\/bacino-bellunese-per-la-mobilita-bard-una-scelta-giusta-per-garantire-servizi-anna-montagna\\\/\",\"name\":\"Bacino bellunese per la mobilit\u00e0. Bard: una scelta giusta per garantire servizi anna montagna - Bellunopress - Dolomiti\",\"isPartOf\":{\"@id\":\"https:\\\/\\\/www.bellunopress.it\\\/#website\"},\"primaryImageOfPage\":{\"@id\":\"https:\\\/\\\/www.bellunopress.it\\\/2026\\\/06\\\/13\\\/bacino-bellunese-per-la-mobilita-bard-una-scelta-giusta-per-garantire-servizi-anna-montagna\\\/#primaryimage\"},\"image\":{\"@id\":\"https:\\\/\\\/www.bellunopress.it\\\/2026\\\/06\\\/13\\\/bacino-bellunese-per-la-mobilita-bard-una-scelta-giusta-per-garantire-servizi-anna-montagna\\\/#primaryimage\"},\"thumbnailUrl\":\"https:\\\/\\\/www.bellunopress.it\\\/wp-content\\\/uploads\\\/2021\\\/12\\\/Bard_edited.jpg\",\"datePublished\":\"2026-06-13T06:19:55+00:00\",\"breadcrumb\":{\"@id\":\"https:\\\/\\\/www.bellunopress.it\\\/2026\\\/06\\\/13\\\/bacino-bellunese-per-la-mobilita-bard-una-scelta-giusta-per-garantire-servizi-anna-montagna\\\/#breadcrumb\"},\"inLanguage\":\"fr-FR\",\"potentialAction\":[{\"@type\":\"ReadAction\",\"target\":[\"https:\\\/\\\/www.bellunopress.it\\\/2026\\\/06\\\/13\\\/bacino-bellunese-per-la-mobilita-bard-una-scelta-giusta-per-garantire-servizi-anna-montagna\\\/\"]}]},{\"@type\":\"ImageObject\",\"inLanguage\":\"fr-FR\",\"@id\":\"https:\\\/\\\/www.bellunopress.it\\\/2026\\\/06\\\/13\\\/bacino-bellunese-per-la-mobilita-bard-una-scelta-giusta-per-garantire-servizi-anna-montagna\\\/#primaryimage\",\"url\":\"https:\\\/\\\/www.bellunopress.it\\\/wp-content\\\/uploads\\\/2021\\\/12\\\/Bard_edited.jpg\",\"contentUrl\":\"https:\\\/\\\/www.bellunopress.it\\\/wp-content\\\/uploads\\\/2021\\\/12\\\/Bard_edited.jpg\",\"width\":615,\"height\":476},{\"@type\":\"BreadcrumbList\",\"@id\":\"https:\\\/\\\/www.bellunopress.it\\\/2026\\\/06\\\/13\\\/bacino-bellunese-per-la-mobilita-bard-una-scelta-giusta-per-garantire-servizi-anna-montagna\\\/#breadcrumb\",\"itemListElement\":[{\"@type\":\"ListItem\",\"position\":1,\"name\":\"Home\",\"item\":\"https:\\\/\\\/www.bellunopress.it\\\/\"},{\"@type\":\"ListItem\",\"position\":2,\"name\":\"Bacino bellunese per la mobilit\u00e0. Bard: una scelta giusta per garantire servizi anna montagna\"}]},{\"@type\":\"WebSite\",\"@id\":\"https:\\\/\\\/www.bellunopress.it\\\/#website\",\"url\":\"https:\\\/\\\/www.bellunopress.it\\\/\",\"name\":\"Bellunopress - Dolomiti\",\"description\":\"e-mail: redazione@bellunopress.it\",\"publisher\":{\"@id\":\"https:\\\/\\\/www.bellunopress.it\\\/#organization\"},\"potentialAction\":[{\"@type\":\"SearchAction\",\"target\":{\"@type\":\"EntryPoint\",\"urlTemplate\":\"https:\\\/\\\/www.bellunopress.it\\\/?s={search_term_string}\"},\"query-input\":{\"@type\":\"PropertyValueSpecification\",\"valueRequired\":true,\"valueName\":\"search_term_string\"}}],\"inLanguage\":\"fr-FR\"},{\"@type\":\"Organization\",\"@id\":\"https:\\\/\\\/www.bellunopress.it\\\/#organization\",\"name\":\"Bellunopress\",\"url\":\"https:\\\/\\\/www.bellunopress.it\\\/\",\"logo\":{\"@type\":\"ImageObject\",\"inLanguage\":\"fr-FR\",\"@id\":\"https:\\\/\\\/www.bellunopress.it\\\/#\\\/schema\\\/logo\\\/image\\\/\",\"url\":\"https:\\\/\\\/www.bellunopress.it\\\/wp-content\\\/uploads\\\/2011\\\/05\\\/cropped-logo-bellunopress-.jpg\",\"contentUrl\":\"https:\\\/\\\/www.bellunopress.it\\\/wp-content\\\/uploads\\\/2011\\\/05\\\/cropped-logo-bellunopress-.jpg\",\"width\":512,\"height\":512,\"caption\":\"Bellunopress\"},\"image\":{\"@id\":\"https:\\\/\\\/www.bellunopress.it\\\/#\\\/schema\\\/logo\\\/image\\\/\"},\"sameAs\":[\"https:\\\/\\\/www.facebook.com\\\/profile.php?id=100008943462799\",\"https:\\\/\\\/x.com\\\/bellunopress\",\"https:\\\/\\\/www.linkedin.com\\\/hp\\\/?dnr=JBzUWaJfMUw8vbXJJ2tVW5-I3jZKvC4wsoxE&amp;amp;amp;amp;amp;amp;trk=nav_responsive_tab_home\",\"https:\\\/\\\/www.youtube.com\\\/channel\\\/UCxL0wu1uN0_3_7hGG0306cw\"]},{\"@type\":\"Person\",\"@id\":\"https:\\\/\\\/www.bellunopress.it\\\/#\\\/schema\\\/person\\\/79bb06722b37ece1c03d3e94beb30d73\",\"name\":\"redazione\",\"image\":{\"@type\":\"ImageObject\",\"inLanguage\":\"fr-FR\",\"@id\":\"https:\\\/\\\/secure.gravatar.com\\\/avatar\\\/37d968a2e67a6fd04c169c4bdef102d0bc5d31b2546345219e348575eb80e9a0?s=96&d=mm&r=g\",\"url\":\"https:\\\/\\\/secure.gravatar.com\\\/avatar\\\/37d968a2e67a6fd04c169c4bdef102d0bc5d31b2546345219e348575eb80e9a0?s=96&d=mm&r=g\",\"contentUrl\":\"https:\\\/\\\/secure.gravatar.com\\\/avatar\\\/37d968a2e67a6fd04c169c4bdef102d0bc5d31b2546345219e348575eb80e9a0?s=96&d=mm&r=g\",\"caption\":\"redazione\"},\"sameAs\":[\"http:\\\/\\\/www.bellunopress.it\",\"https:\\\/\\\/x.com\\\/bellunopress\"],\"url\":\"https:\\\/\\\/www.bellunopress.it\\\/fr\\\/author\\\/redazione\\\/\"}]}<\/script>\n<!-- \/ Yoast SEO plugin. -->","yoast_head_json":{"title":"Bacino bellunese per la mobilit\u00e0. Bard: una scelta giusta per garantire servizi anna montagna - Bellunopress - Dolomiti","robots":{"index":"index","follow":"follow","max-snippet":"max-snippet:-1","max-image-preview":"max-image-preview:large","max-video-preview":"max-video-preview:-1"},"canonical":"https:\/\/www.bellunopress.it\/fr\/2026\/06\/13\/bacino-bellunese-per-la-mobilita-bard-una-scelta-giusta-per-garantire-servizi-anna-montagna\/","og_locale":"fr_FR","og_type":"article","og_title":"Bacino bellunese per la mobilit\u00e0. Bard: una scelta giusta per garantire servizi anna montagna - Bellunopress - Dolomiti","og_description":"Belluno, 13\/06\/2026 &#8211; \u00abLa scelta di identificare il bacino della mobilit\u00e0 pubblica con il territorio provinciale, anzich\u00e9 cedere alle sirene della pianura, \u00e8 la scelta corretta che permette di mantenere una forte autonomia decisionale e che va nella direzione di tutelare le specificit\u00e0 della nostra provincia, continuando cos\u00ec a garantire i servizi alla montagna\u00bb: Andrea [&hellip;]","og_url":"https:\/\/www.bellunopress.it\/fr\/2026\/06\/13\/bacino-bellunese-per-la-mobilita-bard-una-scelta-giusta-per-garantire-servizi-anna-montagna\/","og_site_name":"Bellunopress - Dolomiti","article_publisher":"https:\/\/www.facebook.com\/profile.php?id=100008943462799","article_published_time":"2026-06-13T06:19:55+00:00","og_image":[{"width":615,"height":476,"url":"https:\/\/www.bellunopress.it\/wp-content\/uploads\/2021\/12\/Bard_edited.jpg","type":"image\/jpeg"}],"author":"redazione","twitter_card":"summary_large_image","twitter_creator":"@bellunopress","twitter_site":"@bellunopress","twitter_misc":{"\u00c9crit par":"redazione","Dur\u00e9e de lecture estim\u00e9e":"2 minutes"},"schema":{"@context":"https:\/\/schema.org","@graph":[{"@type":"Article","@id":"https:\/\/www.bellunopress.it\/2026\/06\/13\/bacino-bellunese-per-la-mobilita-bard-una-scelta-giusta-per-garantire-servizi-anna-montagna\/#article","isPartOf":{"@id":"https:\/\/www.bellunopress.it\/2026\/06\/13\/bacino-bellunese-per-la-mobilita-bard-una-scelta-giusta-per-garantire-servizi-anna-montagna\/"},"author":{"name":"redazione","@id":"https:\/\/www.bellunopress.it\/#\/schema\/person\/79bb06722b37ece1c03d3e94beb30d73"},"headline":"Bacino bellunese per la mobilit\u00e0. Bard: una scelta giusta per garantire servizi anna montagna","datePublished":"2026-06-13T06:19:55+00:00","mainEntityOfPage":{"@id":"https:\/\/www.bellunopress.it\/2026\/06\/13\/bacino-bellunese-per-la-mobilita-bard-una-scelta-giusta-per-garantire-servizi-anna-montagna\/"},"wordCount":282,"publisher":{"@id":"https:\/\/www.bellunopress.it\/#organization"},"image":{"@id":"https:\/\/www.bellunopress.it\/2026\/06\/13\/bacino-bellunese-per-la-mobilita-bard-una-scelta-giusta-per-garantire-servizi-anna-montagna\/#primaryimage"},"thumbnailUrl":"https:\/\/www.bellunopress.it\/wp-content\/uploads\/2021\/12\/Bard_edited.jpg","articleSection":["Cronaca\/Politica"],"inLanguage":"fr-FR"},{"@type":"WebPage","@id":"https:\/\/www.bellunopress.it\/2026\/06\/13\/bacino-bellunese-per-la-mobilita-bard-una-scelta-giusta-per-garantire-servizi-anna-montagna\/","url":"https:\/\/www.bellunopress.it\/2026\/06\/13\/bacino-bellunese-per-la-mobilita-bard-una-scelta-giusta-per-garantire-servizi-anna-montagna\/","name":"Bacino bellunese per la mobilit\u00e0. Bard: una scelta giusta per garantire servizi anna montagna - Bellunopress - Dolomiti","isPartOf":{"@id":"https:\/\/www.bellunopress.it\/#website"},"primaryImageOfPage":{"@id":"https:\/\/www.bellunopress.it\/2026\/06\/13\/bacino-bellunese-per-la-mobilita-bard-una-scelta-giusta-per-garantire-servizi-anna-montagna\/#primaryimage"},"image":{"@id":"https:\/\/www.bellunopress.it\/2026\/06\/13\/bacino-bellunese-per-la-mobilita-bard-una-scelta-giusta-per-garantire-servizi-anna-montagna\/#primaryimage"},"thumbnailUrl":"https:\/\/www.bellunopress.it\/wp-content\/uploads\/2021\/12\/Bard_edited.jpg","datePublished":"2026-06-13T06:19:55+00:00","breadcrumb":{"@id":"https:\/\/www.bellunopress.it\/2026\/06\/13\/bacino-bellunese-per-la-mobilita-bard-una-scelta-giusta-per-garantire-servizi-anna-montagna\/#breadcrumb"},"inLanguage":"fr-FR","potentialAction":[{"@type":"ReadAction","target":["https:\/\/www.bellunopress.it\/2026\/06\/13\/bacino-bellunese-per-la-mobilita-bard-una-scelta-giusta-per-garantire-servizi-anna-montagna\/"]}]},{"@type":"ImageObject","inLanguage":"fr-FR","@id":"https:\/\/www.bellunopress.it\/2026\/06\/13\/bacino-bellunese-per-la-mobilita-bard-una-scelta-giusta-per-garantire-servizi-anna-montagna\/#primaryimage","url":"https:\/\/www.bellunopress.it\/wp-content\/uploads\/2021\/12\/Bard_edited.jpg","contentUrl":"https:\/\/www.bellunopress.it\/wp-content\/uploads\/2021\/12\/Bard_edited.jpg","width":615,"height":476},{"@type":"BreadcrumbList","@id":"https:\/\/www.bellunopress.it\/2026\/06\/13\/bacino-bellunese-per-la-mobilita-bard-una-scelta-giusta-per-garantire-servizi-anna-montagna\/#breadcrumb","itemListElement":[{"@type":"ListItem","position":1,"name":"Home","item":"https:\/\/www.bellunopress.it\/"},{"@type":"ListItem","position":2,"name":"Bacino bellunese per la mobilit\u00e0. Bard: una scelta giusta per garantire servizi anna montagna"}]},{"@type":"WebSite","@id":"https:\/\/www.bellunopress.it\/#website","url":"https:\/\/www.bellunopress.it\/","name":"Bellunopress - Dolomiti","description":"e-mail: redazione@bellunopress.it","publisher":{"@id":"https:\/\/www.bellunopress.it\/#organization"},"potentialAction":[{"@type":"SearchAction","target":{"@type":"EntryPoint","urlTemplate":"https:\/\/www.bellunopress.it\/?s={search_term_string}"},"query-input":{"@type":"PropertyValueSpecification","valueRequired":true,"valueName":"search_term_string"}}],"inLanguage":"fr-FR"},{"@type":"Organization","@id":"https:\/\/www.bellunopress.it\/#organization","name":"Bellunopress","url":"https:\/\/www.bellunopress.it\/","logo":{"@type":"ImageObject","inLanguage":"fr-FR","@id":"https:\/\/www.bellunopress.it\/#\/schema\/logo\/image\/","url":"https:\/\/www.bellunopress.it\/wp-content\/uploads\/2011\/05\/cropped-logo-bellunopress-.jpg","contentUrl":"https:\/\/www.bellunopress.it\/wp-content\/uploads\/2011\/05\/cropped-logo-bellunopress-.jpg","width":512,"height":512,"caption":"Bellunopress"},"image":{"@id":"https:\/\/www.bellunopress.it\/#\/schema\/logo\/image\/"},"sameAs":["https:\/\/www.facebook.com\/profile.php?id=100008943462799","https:\/\/x.com\/bellunopress","https:\/\/www.linkedin.com\/hp\/?dnr=JBzUWaJfMUw8vbXJJ2tVW5-I3jZKvC4wsoxE&amp;amp;amp;amp;amp;amp;trk=nav_responsive_tab_home","https:\/\/www.youtube.com\/channel\/UCxL0wu1uN0_3_7hGG0306cw"]},{"@type":"Person","@id":"https:\/\/www.bellunopress.it\/#\/schema\/person\/79bb06722b37ece1c03d3e94beb30d73","name":"r\u00e9daction","image":{"@type":"ImageObject","inLanguage":"fr-FR","@id":"https:\/\/secure.gravatar.com\/avatar\/37d968a2e67a6fd04c169c4bdef102d0bc5d31b2546345219e348575eb80e9a0?s=96&d=mm&r=g","url":"https:\/\/secure.gravatar.com\/avatar\/37d968a2e67a6fd04c169c4bdef102d0bc5d31b2546345219e348575eb80e9a0?s=96&d=mm&r=g","contentUrl":"https:\/\/secure.gravatar.com\/avatar\/37d968a2e67a6fd04c169c4bdef102d0bc5d31b2546345219e348575eb80e9a0?s=96&d=mm&r=g","caption":"redazione"},"sameAs":["http:\/\/www.bellunopress.it","https:\/\/x.com\/bellunopress"],"url":"https:\/\/www.bellunopress.it\/fr\/author\/redazione\/"}]}},"_links":{"self":[{"href":"https:\/\/www.bellunopress.it\/fr\/wp-json\/wp\/v2\/posts\/170926","targetHints":{"allow":["GET"]}}],"collection":[{"href":"https:\/\/www.bellunopress.it\/fr\/wp-json\/wp\/v2\/posts"}],"about":[{"href":"https:\/\/www.bellunopress.it\/fr\/wp-json\/wp\/v2\/types\/post"}],"author":[{"embeddable":true,"href":"https:\/\/www.bellunopress.it\/fr\/wp-json\/wp\/v2\/users\/2"}],"replies":[{"embeddable":true,"href":"https:\/\/www.bellunopress.it\/fr\/wp-json\/wp\/v2\/comments?post=170926"}],"version-history":[{"count":1,"href":"https:\/\/www.bellunopress.it\/fr\/wp-json\/wp\/v2\/posts\/170926\/revisions"}],"predecessor-version":[{"id":170927,"href":"https:\/\/www.bellunopress.it\/fr\/wp-json\/wp\/v2\/posts\/170926\/revisions\/170927"}],"wp:featuredmedia":[{"embeddable":true,"href":"https:\/\/www.bellunopress.it\/fr\/wp-json\/wp\/v2\/media\/129832"}],"wp:attachment":[{"href":"https:\/\/www.bellunopress.it\/fr\/wp-json\/wp\/v2\/media?parent=170926"}],"wp:term":[{"taxonomy":"category","embeddable":true,"href":"https:\/\/www.bellunopress.it\/fr\/wp-json\/wp\/v2\/categories?post=170926"},{"taxonomy":"post_tag","embeddable":true,"href":"https:\/\/www.bellunopress.it\/fr\/wp-json\/wp\/v2\/tags?post=170926"}],"curies":[{"name":"wp","href":"https:\/\/api.w.org\/{rel}","templated":true}]}}