{"id":170923,"date":"2026-06-12T18:49:10","date_gmt":"2026-06-12T16:49:10","guid":{"rendered":"https:\/\/www.bellunopress.it\/?p=170923"},"modified":"2026-06-12T18:49:10","modified_gmt":"2026-06-12T16:49:10","slug":"cinque-eccellenze-bellunesi-nel-gotha-dellartigianato-aumentato","status":"publish","type":"post","link":"https:\/\/www.bellunopress.it\/fr\/2026\/06\/12\/cinque-eccellenze-bellunesi-nel-gotha-dellartigianato-aumentato\/","title":{"rendered":"Cinque eccellenze bellunesi nel gotha dell&#8217;Artigianato Aumentato"},"content":{"rendered":"<p data-path-to-node=\"8\">Mantova, 11 giugno 2026 <b data-path-to-node=\"8\" data-index-in-node=\"0\">&#8211; <\/b>Il talento e l&#8217;innovazione delle Dolomiti brillano a livello nazionale. In occasione del XXIV Seminario Estivo della Fondazione Symbola, tenutosi ieri a Mantova, cinque imprese associate a Casartigiani Belluno Dolomiti sono state insignite del titolo di eccellenze tra le 100 aziende italiane selezionate per l&#8217;iniziativa \u201cArtigianato Aumentato\u201d.<\/p>\n<p data-path-to-node=\"9\">L&#8217;evento, uno dei pilastri per la riflessione sul futuro del Made in Italy, ha messo in luce la capacit\u00e0 del settore artigiano di evolversi senza smarrire la propria identit\u00e0. A rappresentare il territorio bellunese sono state le aziende Evo Occhiali, Joint and Welding, Moretti Interiors, One Bra e Rego Sistemi. Queste realt\u00e0 sono state individuate come simboli di un connubio vincente tra la sapienza tradizionale, l&#8217;innovazione tecnologica e una spiccata propensione verso i mercati globali.<\/p>\n<p data-path-to-node=\"10\">Il tema centrale del seminario ha esplorato come le imprese possano crescere attraverso il digitale e l&#8217;intelligenza artificiale, elementi che vengono interpretati come nuove leve strategiche di sviluppo. Un aspetto fondamentale, sottolineato durante i lavori, \u00e8 il ruolo dei piccoli centri: la maggior parte delle aziende protagoniste proviene da aree periferiche, a riprova che l&#8217;artigianato resta un presidio economico e sociale insostituibile per le comunit\u00e0 locali.<\/p>\n<p data-path-to-node=\"11\">Soddisfazione \u00e8 stata espressa dal Direttore di Casartigiani Belluno Dolomiti, Stefano Balbinot, che ha rimarcato l&#8217;importanza del capitale umano per le sfide future: \u00abQueste cinque imprese dimostrano che il nostro territorio possiede competenze, creativit\u00e0 e capacit\u00e0 imprenditoriali di altissimo livello. La vera sfida dei prossimi anni non sar\u00e0 la tecnologia, ma la disponibilit\u00e0 di persone preparate che scelgano di costruire il proprio futuro nelle nostre imprese\u00bb.<\/p>\n<p data-path-to-node=\"12\">Balbinot ha aggiunto come il ricambio generazionale e il reperimento di lavoratori qualificati restino le questioni pi\u00f9 urgenti per il settore. Investire in formazione e nell&#8217;attrazione di nuovi talenti diventa quindi la priorit\u00e0 assoluta per mantenere l&#8217;artigianato bellunese protagonista nel panorama del Made in Italy.<\/p>","protected":false},"excerpt":{"rendered":"<p>Mantova, 11 giugno 2026 &#8211; Il talento e l&#8217;innovazione delle Dolomiti brillano a livello nazionale. In occasione del XXIV Seminario Estivo della Fondazione Symbola, tenutosi ieri a Mantova, cinque imprese associate a Casartigiani Belluno Dolomiti sono state insignite del titolo di eccellenze tra le 100 aziende italiane selezionate per l&#8217;iniziativa \u201cArtigianato Aumentato\u201d. L&#8217;evento, uno dei [&hellip;]<\/p>\n","protected":false},"author":2,"featured_media":170924,"comment_status":"closed","ping_status":"open","sticky":false,"template":"","format":"standard","meta":{"footnotes":""},"categories":[36,26],"tags":[],"class_list":["post-170923","post","type-post","status-publish","format-standard","has-post-thumbnail","category-lavoro-economia","category-prima-pagina"],"yoast_head":"<!-- This site is optimized with the Yoast SEO plugin v28.4 - https:\/\/yoast.com\/product\/yoast-seo-wordpress\/ -->\n<title>Cinque eccellenze bellunesi nel gotha dell&#039;Artigianato Aumentato - Bellunopress - Dolomiti<\/title>\n<meta name=\"robots\" content=\"index, follow, max-snippet:-1, max-image-preview:large, max-video-preview:-1\" \/>\n<link rel=\"canonical\" href=\"https:\/\/www.bellunopress.it\/fr\/2026\/06\/12\/cinque-eccellenze-bellunesi-nel-gotha-dellartigianato-aumentato\/\" \/>\n<meta property=\"og:locale\" content=\"fr_FR\" \/>\n<meta property=\"og:type\" content=\"article\" \/>\n<meta property=\"og:title\" content=\"Cinque eccellenze bellunesi nel gotha dell&#039;Artigianato Aumentato - Bellunopress - Dolomiti\" \/>\n<meta property=\"og:description\" content=\"Mantova, 11 giugno 2026 &#8211; Il talento e l&#8217;innovazione delle Dolomiti brillano a livello nazionale. In occasione del XXIV Seminario Estivo della Fondazione Symbola, tenutosi ieri a Mantova, cinque imprese associate a Casartigiani Belluno Dolomiti sono state insignite del titolo di eccellenze tra le 100 aziende italiane selezionate per l&#8217;iniziativa \u201cArtigianato Aumentato\u201d. L&#8217;evento, uno dei [&hellip;]\" \/>\n<meta property=\"og:url\" content=\"https:\/\/www.bellunopress.it\/fr\/2026\/06\/12\/cinque-eccellenze-bellunesi-nel-gotha-dellartigianato-aumentato\/\" \/>\n<meta property=\"og:site_name\" content=\"Bellunopress - Dolomiti\" \/>\n<meta property=\"article:publisher\" content=\"https:\/\/www.facebook.com\/profile.php?id=100008943462799\" \/>\n<meta property=\"article:published_time\" content=\"2026-06-12T16:49:10+00:00\" \/>\n<meta property=\"og:image\" content=\"https:\/\/www.bellunopress.it\/wp-content\/uploads\/2026\/06\/Casartigiani-aziende-bellunesi-premiate-a-Mantova.jpeg\" \/>\n\t<meta property=\"og:image:width\" content=\"600\" \/>\n\t<meta property=\"og:image:height\" content=\"428\" \/>\n\t<meta property=\"og:image:type\" content=\"image\/jpeg\" \/>\n<meta name=\"author\" content=\"redazione\" \/>\n<meta name=\"twitter:card\" content=\"summary_large_image\" \/>\n<meta name=\"twitter:creator\" content=\"@bellunopress\" \/>\n<meta name=\"twitter:site\" content=\"@bellunopress\" \/>\n<meta name=\"twitter:label1\" content=\"\u00c9crit par\" \/>\n\t<meta name=\"twitter:data1\" content=\"redazione\" \/>\n\t<meta name=\"twitter:label2\" content=\"Dur\u00e9e de lecture estim\u00e9e\" \/>\n\t<meta name=\"twitter:data2\" content=\"2 minutes\" \/>\n<script type=\"application\/ld+json\" class=\"yoast-schema-graph\">{\"@context\":\"https:\\\/\\\/schema.org\",\"@graph\":[{\"@type\":\"Article\",\"@id\":\"https:\\\/\\\/www.bellunopress.it\\\/2026\\\/06\\\/12\\\/cinque-eccellenze-bellunesi-nel-gotha-dellartigianato-aumentato\\\/#article\",\"isPartOf\":{\"@id\":\"https:\\\/\\\/www.bellunopress.it\\\/2026\\\/06\\\/12\\\/cinque-eccellenze-bellunesi-nel-gotha-dellartigianato-aumentato\\\/\"},\"author\":{\"name\":\"redazione\",\"@id\":\"https:\\\/\\\/www.bellunopress.it\\\/#\\\/schema\\\/person\\\/79bb06722b37ece1c03d3e94beb30d73\"},\"headline\":\"Cinque eccellenze bellunesi nel gotha dell&#8217;Artigianato Aumentato\",\"datePublished\":\"2026-06-12T16:49:10+00:00\",\"mainEntityOfPage\":{\"@id\":\"https:\\\/\\\/www.bellunopress.it\\\/2026\\\/06\\\/12\\\/cinque-eccellenze-bellunesi-nel-gotha-dellartigianato-aumentato\\\/\"},\"wordCount\":316,\"publisher\":{\"@id\":\"https:\\\/\\\/www.bellunopress.it\\\/#organization\"},\"image\":{\"@id\":\"https:\\\/\\\/www.bellunopress.it\\\/2026\\\/06\\\/12\\\/cinque-eccellenze-bellunesi-nel-gotha-dellartigianato-aumentato\\\/#primaryimage\"},\"thumbnailUrl\":\"https:\\\/\\\/www.bellunopress.it\\\/wp-content\\\/uploads\\\/2026\\\/06\\\/Casartigiani-aziende-bellunesi-premiate-a-Mantova.jpeg\",\"articleSection\":[\"Lavoro, Economia, Turismo\",\"Prima Pagina\"],\"inLanguage\":\"fr-FR\"},{\"@type\":\"WebPage\",\"@id\":\"https:\\\/\\\/www.bellunopress.it\\\/2026\\\/06\\\/12\\\/cinque-eccellenze-bellunesi-nel-gotha-dellartigianato-aumentato\\\/\",\"url\":\"https:\\\/\\\/www.bellunopress.it\\\/2026\\\/06\\\/12\\\/cinque-eccellenze-bellunesi-nel-gotha-dellartigianato-aumentato\\\/\",\"name\":\"Cinque eccellenze bellunesi nel gotha dell'Artigianato Aumentato - Bellunopress - Dolomiti\",\"isPartOf\":{\"@id\":\"https:\\\/\\\/www.bellunopress.it\\\/#website\"},\"primaryImageOfPage\":{\"@id\":\"https:\\\/\\\/www.bellunopress.it\\\/2026\\\/06\\\/12\\\/cinque-eccellenze-bellunesi-nel-gotha-dellartigianato-aumentato\\\/#primaryimage\"},\"image\":{\"@id\":\"https:\\\/\\\/www.bellunopress.it\\\/2026\\\/06\\\/12\\\/cinque-eccellenze-bellunesi-nel-gotha-dellartigianato-aumentato\\\/#primaryimage\"},\"thumbnailUrl\":\"https:\\\/\\\/www.bellunopress.it\\\/wp-content\\\/uploads\\\/2026\\\/06\\\/Casartigiani-aziende-bellunesi-premiate-a-Mantova.jpeg\",\"datePublished\":\"2026-06-12T16:49:10+00:00\",\"breadcrumb\":{\"@id\":\"https:\\\/\\\/www.bellunopress.it\\\/2026\\\/06\\\/12\\\/cinque-eccellenze-bellunesi-nel-gotha-dellartigianato-aumentato\\\/#breadcrumb\"},\"inLanguage\":\"fr-FR\",\"potentialAction\":[{\"@type\":\"ReadAction\",\"target\":[\"https:\\\/\\\/www.bellunopress.it\\\/2026\\\/06\\\/12\\\/cinque-eccellenze-bellunesi-nel-gotha-dellartigianato-aumentato\\\/\"]}]},{\"@type\":\"ImageObject\",\"inLanguage\":\"fr-FR\",\"@id\":\"https:\\\/\\\/www.bellunopress.it\\\/2026\\\/06\\\/12\\\/cinque-eccellenze-bellunesi-nel-gotha-dellartigianato-aumentato\\\/#primaryimage\",\"url\":\"https:\\\/\\\/www.bellunopress.it\\\/wp-content\\\/uploads\\\/2026\\\/06\\\/Casartigiani-aziende-bellunesi-premiate-a-Mantova.jpeg\",\"contentUrl\":\"https:\\\/\\\/www.bellunopress.it\\\/wp-content\\\/uploads\\\/2026\\\/06\\\/Casartigiani-aziende-bellunesi-premiate-a-Mantova.jpeg\",\"width\":600,\"height\":428,\"caption\":\"Cinque imprese associate a Casartigiani Belluno Dolomiti premiate a Mantova\"},{\"@type\":\"BreadcrumbList\",\"@id\":\"https:\\\/\\\/www.bellunopress.it\\\/2026\\\/06\\\/12\\\/cinque-eccellenze-bellunesi-nel-gotha-dellartigianato-aumentato\\\/#breadcrumb\",\"itemListElement\":[{\"@type\":\"ListItem\",\"position\":1,\"name\":\"Home\",\"item\":\"https:\\\/\\\/www.bellunopress.it\\\/\"},{\"@type\":\"ListItem\",\"position\":2,\"name\":\"Cinque eccellenze bellunesi nel gotha dell&#8217;Artigianato Aumentato\"}]},{\"@type\":\"WebSite\",\"@id\":\"https:\\\/\\\/www.bellunopress.it\\\/#website\",\"url\":\"https:\\\/\\\/www.bellunopress.it\\\/\",\"name\":\"Bellunopress - Dolomiti\",\"description\":\"e-mail: redazione@bellunopress.it\",\"publisher\":{\"@id\":\"https:\\\/\\\/www.bellunopress.it\\\/#organization\"},\"potentialAction\":[{\"@type\":\"SearchAction\",\"target\":{\"@type\":\"EntryPoint\",\"urlTemplate\":\"https:\\\/\\\/www.bellunopress.it\\\/?s={search_term_string}\"},\"query-input\":{\"@type\":\"PropertyValueSpecification\",\"valueRequired\":true,\"valueName\":\"search_term_string\"}}],\"inLanguage\":\"fr-FR\"},{\"@type\":\"Organization\",\"@id\":\"https:\\\/\\\/www.bellunopress.it\\\/#organization\",\"name\":\"Bellunopress\",\"url\":\"https:\\\/\\\/www.bellunopress.it\\\/\",\"logo\":{\"@type\":\"ImageObject\",\"inLanguage\":\"fr-FR\",\"@id\":\"https:\\\/\\\/www.bellunopress.it\\\/#\\\/schema\\\/logo\\\/image\\\/\",\"url\":\"https:\\\/\\\/www.bellunopress.it\\\/wp-content\\\/uploads\\\/2011\\\/05\\\/cropped-logo-bellunopress-.jpg\",\"contentUrl\":\"https:\\\/\\\/www.bellunopress.it\\\/wp-content\\\/uploads\\\/2011\\\/05\\\/cropped-logo-bellunopress-.jpg\",\"width\":512,\"height\":512,\"caption\":\"Bellunopress\"},\"image\":{\"@id\":\"https:\\\/\\\/www.bellunopress.it\\\/#\\\/schema\\\/logo\\\/image\\\/\"},\"sameAs\":[\"https:\\\/\\\/www.facebook.com\\\/profile.php?id=100008943462799\",\"https:\\\/\\\/x.com\\\/bellunopress\",\"https:\\\/\\\/www.linkedin.com\\\/hp\\\/?dnr=JBzUWaJfMUw8vbXJJ2tVW5-I3jZKvC4wsoxE&amp;amp;amp;amp;amp;amp;trk=nav_responsive_tab_home\",\"https:\\\/\\\/www.youtube.com\\\/channel\\\/UCxL0wu1uN0_3_7hGG0306cw\"]},{\"@type\":\"Person\",\"@id\":\"https:\\\/\\\/www.bellunopress.it\\\/#\\\/schema\\\/person\\\/79bb06722b37ece1c03d3e94beb30d73\",\"name\":\"redazione\",\"image\":{\"@type\":\"ImageObject\",\"inLanguage\":\"fr-FR\",\"@id\":\"https:\\\/\\\/secure.gravatar.com\\\/avatar\\\/37d968a2e67a6fd04c169c4bdef102d0bc5d31b2546345219e348575eb80e9a0?s=96&d=mm&r=g\",\"url\":\"https:\\\/\\\/secure.gravatar.com\\\/avatar\\\/37d968a2e67a6fd04c169c4bdef102d0bc5d31b2546345219e348575eb80e9a0?s=96&d=mm&r=g\",\"contentUrl\":\"https:\\\/\\\/secure.gravatar.com\\\/avatar\\\/37d968a2e67a6fd04c169c4bdef102d0bc5d31b2546345219e348575eb80e9a0?s=96&d=mm&r=g\",\"caption\":\"redazione\"},\"sameAs\":[\"http:\\\/\\\/www.bellunopress.it\",\"https:\\\/\\\/x.com\\\/bellunopress\"],\"url\":\"https:\\\/\\\/www.bellunopress.it\\\/fr\\\/author\\\/redazione\\\/\"}]}<\/script>\n<!-- \/ Yoast SEO plugin. -->","yoast_head_json":{"title":"Cinque eccellenze bellunesi nel gotha dell'Artigianato Aumentato - Bellunopress - Dolomiti","robots":{"index":"index","follow":"follow","max-snippet":"max-snippet:-1","max-image-preview":"max-image-preview:large","max-video-preview":"max-video-preview:-1"},"canonical":"https:\/\/www.bellunopress.it\/fr\/2026\/06\/12\/cinque-eccellenze-bellunesi-nel-gotha-dellartigianato-aumentato\/","og_locale":"fr_FR","og_type":"article","og_title":"Cinque eccellenze bellunesi nel gotha dell'Artigianato Aumentato - Bellunopress - Dolomiti","og_description":"Mantova, 11 giugno 2026 &#8211; Il talento e l&#8217;innovazione delle Dolomiti brillano a livello nazionale. In occasione del XXIV Seminario Estivo della Fondazione Symbola, tenutosi ieri a Mantova, cinque imprese associate a Casartigiani Belluno Dolomiti sono state insignite del titolo di eccellenze tra le 100 aziende italiane selezionate per l&#8217;iniziativa \u201cArtigianato Aumentato\u201d. L&#8217;evento, uno dei [&hellip;]","og_url":"https:\/\/www.bellunopress.it\/fr\/2026\/06\/12\/cinque-eccellenze-bellunesi-nel-gotha-dellartigianato-aumentato\/","og_site_name":"Bellunopress - Dolomiti","article_publisher":"https:\/\/www.facebook.com\/profile.php?id=100008943462799","article_published_time":"2026-06-12T16:49:10+00:00","og_image":[{"width":600,"height":428,"url":"https:\/\/www.bellunopress.it\/wp-content\/uploads\/2026\/06\/Casartigiani-aziende-bellunesi-premiate-a-Mantova.jpeg","type":"image\/jpeg"}],"author":"redazione","twitter_card":"summary_large_image","twitter_creator":"@bellunopress","twitter_site":"@bellunopress","twitter_misc":{"\u00c9crit par":"redazione","Dur\u00e9e de lecture estim\u00e9e":"2 minutes"},"schema":{"@context":"https:\/\/schema.org","@graph":[{"@type":"Article","@id":"https:\/\/www.bellunopress.it\/2026\/06\/12\/cinque-eccellenze-bellunesi-nel-gotha-dellartigianato-aumentato\/#article","isPartOf":{"@id":"https:\/\/www.bellunopress.it\/2026\/06\/12\/cinque-eccellenze-bellunesi-nel-gotha-dellartigianato-aumentato\/"},"author":{"name":"redazione","@id":"https:\/\/www.bellunopress.it\/#\/schema\/person\/79bb06722b37ece1c03d3e94beb30d73"},"headline":"Cinque eccellenze bellunesi nel gotha dell&#8217;Artigianato Aumentato","datePublished":"2026-06-12T16:49:10+00:00","mainEntityOfPage":{"@id":"https:\/\/www.bellunopress.it\/2026\/06\/12\/cinque-eccellenze-bellunesi-nel-gotha-dellartigianato-aumentato\/"},"wordCount":316,"publisher":{"@id":"https:\/\/www.bellunopress.it\/#organization"},"image":{"@id":"https:\/\/www.bellunopress.it\/2026\/06\/12\/cinque-eccellenze-bellunesi-nel-gotha-dellartigianato-aumentato\/#primaryimage"},"thumbnailUrl":"https:\/\/www.bellunopress.it\/wp-content\/uploads\/2026\/06\/Casartigiani-aziende-bellunesi-premiate-a-Mantova.jpeg","articleSection":["Lavoro, Economia, Turismo","Prima Pagina"],"inLanguage":"fr-FR"},{"@type":"WebPage","@id":"https:\/\/www.bellunopress.it\/2026\/06\/12\/cinque-eccellenze-bellunesi-nel-gotha-dellartigianato-aumentato\/","url":"https:\/\/www.bellunopress.it\/2026\/06\/12\/cinque-eccellenze-bellunesi-nel-gotha-dellartigianato-aumentato\/","name":"Cinque eccellenze bellunesi nel gotha dell'Artigianato Aumentato - Bellunopress - Dolomiti","isPartOf":{"@id":"https:\/\/www.bellunopress.it\/#website"},"primaryImageOfPage":{"@id":"https:\/\/www.bellunopress.it\/2026\/06\/12\/cinque-eccellenze-bellunesi-nel-gotha-dellartigianato-aumentato\/#primaryimage"},"image":{"@id":"https:\/\/www.bellunopress.it\/2026\/06\/12\/cinque-eccellenze-bellunesi-nel-gotha-dellartigianato-aumentato\/#primaryimage"},"thumbnailUrl":"https:\/\/www.bellunopress.it\/wp-content\/uploads\/2026\/06\/Casartigiani-aziende-bellunesi-premiate-a-Mantova.jpeg","datePublished":"2026-06-12T16:49:10+00:00","breadcrumb":{"@id":"https:\/\/www.bellunopress.it\/2026\/06\/12\/cinque-eccellenze-bellunesi-nel-gotha-dellartigianato-aumentato\/#breadcrumb"},"inLanguage":"fr-FR","potentialAction":[{"@type":"ReadAction","target":["https:\/\/www.bellunopress.it\/2026\/06\/12\/cinque-eccellenze-bellunesi-nel-gotha-dellartigianato-aumentato\/"]}]},{"@type":"ImageObject","inLanguage":"fr-FR","@id":"https:\/\/www.bellunopress.it\/2026\/06\/12\/cinque-eccellenze-bellunesi-nel-gotha-dellartigianato-aumentato\/#primaryimage","url":"https:\/\/www.bellunopress.it\/wp-content\/uploads\/2026\/06\/Casartigiani-aziende-bellunesi-premiate-a-Mantova.jpeg","contentUrl":"https:\/\/www.bellunopress.it\/wp-content\/uploads\/2026\/06\/Casartigiani-aziende-bellunesi-premiate-a-Mantova.jpeg","width":600,"height":428,"caption":"Cinque imprese associate a Casartigiani Belluno Dolomiti premiate a Mantova"},{"@type":"BreadcrumbList","@id":"https:\/\/www.bellunopress.it\/2026\/06\/12\/cinque-eccellenze-bellunesi-nel-gotha-dellartigianato-aumentato\/#breadcrumb","itemListElement":[{"@type":"ListItem","position":1,"name":"Home","item":"https:\/\/www.bellunopress.it\/"},{"@type":"ListItem","position":2,"name":"Cinque eccellenze bellunesi nel gotha dell&#8217;Artigianato Aumentato"}]},{"@type":"WebSite","@id":"https:\/\/www.bellunopress.it\/#website","url":"https:\/\/www.bellunopress.it\/","name":"Bellunopress - Dolomiti","description":"e-mail: redazione@bellunopress.it","publisher":{"@id":"https:\/\/www.bellunopress.it\/#organization"},"potentialAction":[{"@type":"SearchAction","target":{"@type":"EntryPoint","urlTemplate":"https:\/\/www.bellunopress.it\/?s={search_term_string}"},"query-input":{"@type":"PropertyValueSpecification","valueRequired":true,"valueName":"search_term_string"}}],"inLanguage":"fr-FR"},{"@type":"Organization","@id":"https:\/\/www.bellunopress.it\/#organization","name":"Bellunopress","url":"https:\/\/www.bellunopress.it\/","logo":{"@type":"ImageObject","inLanguage":"fr-FR","@id":"https:\/\/www.bellunopress.it\/#\/schema\/logo\/image\/","url":"https:\/\/www.bellunopress.it\/wp-content\/uploads\/2011\/05\/cropped-logo-bellunopress-.jpg","contentUrl":"https:\/\/www.bellunopress.it\/wp-content\/uploads\/2011\/05\/cropped-logo-bellunopress-.jpg","width":512,"height":512,"caption":"Bellunopress"},"image":{"@id":"https:\/\/www.bellunopress.it\/#\/schema\/logo\/image\/"},"sameAs":["https:\/\/www.facebook.com\/profile.php?id=100008943462799","https:\/\/x.com\/bellunopress","https:\/\/www.linkedin.com\/hp\/?dnr=JBzUWaJfMUw8vbXJJ2tVW5-I3jZKvC4wsoxE&amp;amp;amp;amp;amp;amp;trk=nav_responsive_tab_home","https:\/\/www.youtube.com\/channel\/UCxL0wu1uN0_3_7hGG0306cw"]},{"@type":"Person","@id":"https:\/\/www.bellunopress.it\/#\/schema\/person\/79bb06722b37ece1c03d3e94beb30d73","name":"r\u00e9daction","image":{"@type":"ImageObject","inLanguage":"fr-FR","@id":"https:\/\/secure.gravatar.com\/avatar\/37d968a2e67a6fd04c169c4bdef102d0bc5d31b2546345219e348575eb80e9a0?s=96&d=mm&r=g","url":"https:\/\/secure.gravatar.com\/avatar\/37d968a2e67a6fd04c169c4bdef102d0bc5d31b2546345219e348575eb80e9a0?s=96&d=mm&r=g","contentUrl":"https:\/\/secure.gravatar.com\/avatar\/37d968a2e67a6fd04c169c4bdef102d0bc5d31b2546345219e348575eb80e9a0?s=96&d=mm&r=g","caption":"redazione"},"sameAs":["http:\/\/www.bellunopress.it","https:\/\/x.com\/bellunopress"],"url":"https:\/\/www.bellunopress.it\/fr\/author\/redazione\/"}]}},"_links":{"self":[{"href":"https:\/\/www.bellunopress.it\/fr\/wp-json\/wp\/v2\/posts\/170923","targetHints":{"allow":["GET"]}}],"collection":[{"href":"https:\/\/www.bellunopress.it\/fr\/wp-json\/wp\/v2\/posts"}],"about":[{"href":"https:\/\/www.bellunopress.it\/fr\/wp-json\/wp\/v2\/types\/post"}],"author":[{"embeddable":true,"href":"https:\/\/www.bellunopress.it\/fr\/wp-json\/wp\/v2\/users\/2"}],"replies":[{"embeddable":true,"href":"https:\/\/www.bellunopress.it\/fr\/wp-json\/wp\/v2\/comments?post=170923"}],"version-history":[{"count":1,"href":"https:\/\/www.bellunopress.it\/fr\/wp-json\/wp\/v2\/posts\/170923\/revisions"}],"predecessor-version":[{"id":170925,"href":"https:\/\/www.bellunopress.it\/fr\/wp-json\/wp\/v2\/posts\/170923\/revisions\/170925"}],"wp:featuredmedia":[{"embeddable":true,"href":"https:\/\/www.bellunopress.it\/fr\/wp-json\/wp\/v2\/media\/170924"}],"wp:attachment":[{"href":"https:\/\/www.bellunopress.it\/fr\/wp-json\/wp\/v2\/media?parent=170923"}],"wp:term":[{"taxonomy":"category","embeddable":true,"href":"https:\/\/www.bellunopress.it\/fr\/wp-json\/wp\/v2\/categories?post=170923"},{"taxonomy":"post_tag","embeddable":true,"href":"https:\/\/www.bellunopress.it\/fr\/wp-json\/wp\/v2\/tags?post=170923"}],"curies":[{"name":"wp","href":"https:\/\/api.w.org\/{rel}","templated":true}]}}