{"id":170920,"date":"2026-06-12T18:27:28","date_gmt":"2026-06-12T16:27:28","guid":{"rendered":"https:\/\/www.bellunopress.it\/?p=170920"},"modified":"2026-06-12T18:27:28","modified_gmt":"2026-06-12T16:27:28","slug":"belluno-inaugurato-il-nuovo-skate-park-al-de-mas-una-struttura-nata-dal-dialogo-con-i-giovani","status":"publish","type":"post","link":"https:\/\/www.bellunopress.it\/fr\/2026\/06\/12\/belluno-inaugurato-il-nuovo-skate-park-al-de-mas-una-struttura-nata-dal-dialogo-con-i-giovani\/","title":{"rendered":"Belluno, inaugurato il nuovo Skate Park al De Mas: una struttura nata dal dialogo con i giovani"},"content":{"rendered":"<p data-path-to-node=\"3\">Belluno, 12\/06\/2026 &#8211; \u00a0Si amplia l\u2019offerta di spazi dedicati alla giovent\u00f9 bellunese. \u00c8 stato ufficialmente inaugurato oggi il nuovo Skate Park situato nell&#8217;area del parcheggio del Palasport De Mas, proprio sotto il Ponte degli Alpini. Un\u2019opera che, secondo l\u2019Amministrazione De Pellegrin, rappresenta molto pi\u00f9 di un semplice impianto sportivo: \u00e8 il simbolo di una strategia di lungo corso volta a rendere la citt\u00e0 un luogo accogliente, inclusivo e dinamico per le nuove generazioni.<\/p>\n<p data-path-to-node=\"5\">Il vero tratto distintivo di questa struttura non risiede soltanto nella sua utilit\u00e0 tecnica, ma nel metodo che ha portato alla sua realizzazione. La lista civica <i data-path-to-node=\"5\" data-index-in-node=\"163\">Belluno al Centro<\/i> ha tenuto a rimarcare come lo Skate Park non sia stato concepito &#8220;a tavolino&#8221; tra le mura di un ufficio comunale, bens\u00ec attraverso un percorso di ascolto diretto.<\/p>\n<p data-path-to-node=\"6\">Il progetto \u00e8 frutto del confronto costante con i ragazzi che fruiranno dello spazio, un dialogo che ha visto in prima linea gli assessori Roberta Olivotto e Lorenza De Kunovich. &#8220;Le indicazioni e le esigenze raccolte sul campo \u2013 spiegano dalla maggioranza \u2013 sono state tradotte in un progetto concreto, dimostrando che il coinvolgimento giovanile non \u00e8 solo un concetto astratto, ma un valore aggiunto essenziale per la pianificazione del territorio&#8221;.<\/p>\n<p data-path-to-node=\"8\">Lo Skate Park si propone come un hub di aggregazione e socialit\u00e0, uno spazio pubblico gratuito che mira a restituire ai giovani un pezzo di citt\u00e0, favorendo la crescita personale attraverso l&#8217;attivit\u00e0 fisica e l&#8217;incontro.<\/p>\n<p data-path-to-node=\"9\">L\u2019opera si inserisce in un mosaico pi\u00f9 ampio di investimenti che l&#8217;Amministrazione De Pellegrin sta dedicando al mondo giovanile. Dal potenziamento dell&#8217;impiantistica sportiva \u2013 con i progetti del nuovo De Mas 2 e del nuovo stadio \u2013 fino alla riqualificazione ambientale del futuro parco fluviale di Lambioi, il filo conduttore resta lo stesso: investire sulle nuove generazioni per garantire la crescita futura del capoluogo.<\/p>\n<p data-path-to-node=\"11\">La riflessione politica che accompagna il taglio del nastro va oltre il singolo cantiere. Il comunicato sottolinea come il compito delle istituzioni non sia tanto quello di &#8220;trattenere&#8221; i giovani, quanto quello di rendere Belluno una scelta naturale.<\/p>\n<p data-path-to-node=\"12\">&#8220;Crediamo che il nostro compito \u2013 prosegue la nota \u2013 sia creare le condizioni affinch\u00e9 i ragazzi scelgano di restare qui, trovando qualit\u00e0 della vita, opportunit\u00e0 e spazi in cui potersi esprimere liberamente&#8221;. Con l&#8217;apertura dello Skate Park, Belluno aggiunge quindi un ulteriore tassello alla propria visione strategica, confermando la volont\u00e0 di mettere le esigenze dei giovani, ancora una volta, al centro dell&#8217;agenda amministrativa.<\/p>","protected":false},"excerpt":{"rendered":"<p>Belluno, 12\/06\/2026 &#8211; \u00a0Si amplia l\u2019offerta di spazi dedicati alla giovent\u00f9 bellunese. \u00c8 stato ufficialmente inaugurato oggi il nuovo Skate Park situato nell&#8217;area del parcheggio del Palasport De Mas, proprio sotto il Ponte degli Alpini. Un\u2019opera che, secondo l\u2019Amministrazione De Pellegrin, rappresenta molto pi\u00f9 di un semplice impianto sportivo: \u00e8 il simbolo di una strategia [&hellip;]<\/p>\n","protected":false},"author":2,"featured_media":170921,"comment_status":"closed","ping_status":"open","sticky":false,"template":"","format":"standard","meta":{"footnotes":""},"categories":[5,26,4],"tags":[],"class_list":["post-170920","post","type-post","status-publish","format-standard","has-post-thumbnail","category-cronaca","category-prima-pagina","category-sport"],"yoast_head":"<!-- This site is optimized with the Yoast SEO plugin v28.4 - https:\/\/yoast.com\/product\/yoast-seo-wordpress\/ -->\n<title>Belluno, inaugurato il nuovo Skate Park al De Mas: una struttura nata dal dialogo con i giovani - Bellunopress - Dolomiti<\/title>\n<meta name=\"robots\" content=\"index, follow, max-snippet:-1, max-image-preview:large, max-video-preview:-1\" \/>\n<link rel=\"canonical\" href=\"https:\/\/www.bellunopress.it\/fr\/2026\/06\/12\/belluno-inaugurato-il-nuovo-skate-park-al-de-mas-una-struttura-nata-dal-dialogo-con-i-giovani\/\" \/>\n<meta property=\"og:locale\" content=\"fr_FR\" \/>\n<meta property=\"og:type\" content=\"article\" \/>\n<meta property=\"og:title\" content=\"Belluno, inaugurato il nuovo Skate Park al De Mas: una struttura nata dal dialogo con i giovani - Bellunopress - Dolomiti\" \/>\n<meta property=\"og:description\" content=\"Belluno, 12\/06\/2026 &#8211; \u00a0Si amplia l\u2019offerta di spazi dedicati alla giovent\u00f9 bellunese. \u00c8 stato ufficialmente inaugurato oggi il nuovo Skate Park situato nell&#8217;area del parcheggio del Palasport De Mas, proprio sotto il Ponte degli Alpini. Un\u2019opera che, secondo l\u2019Amministrazione De Pellegrin, rappresenta molto pi\u00f9 di un semplice impianto sportivo: \u00e8 il simbolo di una strategia [&hellip;]\" \/>\n<meta property=\"og:url\" content=\"https:\/\/www.bellunopress.it\/fr\/2026\/06\/12\/belluno-inaugurato-il-nuovo-skate-park-al-de-mas-una-struttura-nata-dal-dialogo-con-i-giovani\/\" \/>\n<meta property=\"og:site_name\" content=\"Bellunopress - Dolomiti\" \/>\n<meta property=\"article:publisher\" content=\"https:\/\/www.facebook.com\/profile.php?id=100008943462799\" \/>\n<meta property=\"article:published_time\" content=\"2026-06-12T16:27:28+00:00\" \/>\n<meta property=\"og:image\" content=\"https:\/\/www.bellunopress.it\/wp-content\/uploads\/2026\/06\/Skate-Park-palasport-De-Mas.jpg\" \/>\n\t<meta property=\"og:image:width\" content=\"600\" \/>\n\t<meta property=\"og:image:height\" content=\"334\" \/>\n\t<meta property=\"og:image:type\" content=\"image\/jpeg\" \/>\n<meta name=\"author\" content=\"redazione\" \/>\n<meta name=\"twitter:card\" content=\"summary_large_image\" \/>\n<meta name=\"twitter:creator\" content=\"@bellunopress\" \/>\n<meta name=\"twitter:site\" content=\"@bellunopress\" \/>\n<meta name=\"twitter:label1\" content=\"\u00c9crit par\" \/>\n\t<meta name=\"twitter:data1\" content=\"redazione\" \/>\n\t<meta name=\"twitter:label2\" content=\"Dur\u00e9e de lecture estim\u00e9e\" \/>\n\t<meta name=\"twitter:data2\" content=\"3 minutes\" \/>\n<script type=\"application\/ld+json\" class=\"yoast-schema-graph\">{\"@context\":\"https:\\\/\\\/schema.org\",\"@graph\":[{\"@type\":\"Article\",\"@id\":\"https:\\\/\\\/www.bellunopress.it\\\/2026\\\/06\\\/12\\\/belluno-inaugurato-il-nuovo-skate-park-al-de-mas-una-struttura-nata-dal-dialogo-con-i-giovani\\\/#article\",\"isPartOf\":{\"@id\":\"https:\\\/\\\/www.bellunopress.it\\\/2026\\\/06\\\/12\\\/belluno-inaugurato-il-nuovo-skate-park-al-de-mas-una-struttura-nata-dal-dialogo-con-i-giovani\\\/\"},\"author\":{\"name\":\"redazione\",\"@id\":\"https:\\\/\\\/www.bellunopress.it\\\/#\\\/schema\\\/person\\\/79bb06722b37ece1c03d3e94beb30d73\"},\"headline\":\"Belluno, inaugurato il nuovo Skate Park al De Mas: una struttura nata dal dialogo con i giovani\",\"datePublished\":\"2026-06-12T16:27:28+00:00\",\"mainEntityOfPage\":{\"@id\":\"https:\\\/\\\/www.bellunopress.it\\\/2026\\\/06\\\/12\\\/belluno-inaugurato-il-nuovo-skate-park-al-de-mas-una-struttura-nata-dal-dialogo-con-i-giovani\\\/\"},\"wordCount\":418,\"publisher\":{\"@id\":\"https:\\\/\\\/www.bellunopress.it\\\/#organization\"},\"image\":{\"@id\":\"https:\\\/\\\/www.bellunopress.it\\\/2026\\\/06\\\/12\\\/belluno-inaugurato-il-nuovo-skate-park-al-de-mas-una-struttura-nata-dal-dialogo-con-i-giovani\\\/#primaryimage\"},\"thumbnailUrl\":\"https:\\\/\\\/www.bellunopress.it\\\/wp-content\\\/uploads\\\/2026\\\/06\\\/Skate-Park-palasport-De-Mas.jpg\",\"articleSection\":[\"Cronaca\\\/Politica\",\"Prima Pagina\",\"Sport, tempo libero\"],\"inLanguage\":\"fr-FR\"},{\"@type\":\"WebPage\",\"@id\":\"https:\\\/\\\/www.bellunopress.it\\\/2026\\\/06\\\/12\\\/belluno-inaugurato-il-nuovo-skate-park-al-de-mas-una-struttura-nata-dal-dialogo-con-i-giovani\\\/\",\"url\":\"https:\\\/\\\/www.bellunopress.it\\\/2026\\\/06\\\/12\\\/belluno-inaugurato-il-nuovo-skate-park-al-de-mas-una-struttura-nata-dal-dialogo-con-i-giovani\\\/\",\"name\":\"Belluno, inaugurato il nuovo Skate Park al De Mas: una struttura nata dal dialogo con i giovani - Bellunopress - Dolomiti\",\"isPartOf\":{\"@id\":\"https:\\\/\\\/www.bellunopress.it\\\/#website\"},\"primaryImageOfPage\":{\"@id\":\"https:\\\/\\\/www.bellunopress.it\\\/2026\\\/06\\\/12\\\/belluno-inaugurato-il-nuovo-skate-park-al-de-mas-una-struttura-nata-dal-dialogo-con-i-giovani\\\/#primaryimage\"},\"image\":{\"@id\":\"https:\\\/\\\/www.bellunopress.it\\\/2026\\\/06\\\/12\\\/belluno-inaugurato-il-nuovo-skate-park-al-de-mas-una-struttura-nata-dal-dialogo-con-i-giovani\\\/#primaryimage\"},\"thumbnailUrl\":\"https:\\\/\\\/www.bellunopress.it\\\/wp-content\\\/uploads\\\/2026\\\/06\\\/Skate-Park-palasport-De-Mas.jpg\",\"datePublished\":\"2026-06-12T16:27:28+00:00\",\"breadcrumb\":{\"@id\":\"https:\\\/\\\/www.bellunopress.it\\\/2026\\\/06\\\/12\\\/belluno-inaugurato-il-nuovo-skate-park-al-de-mas-una-struttura-nata-dal-dialogo-con-i-giovani\\\/#breadcrumb\"},\"inLanguage\":\"fr-FR\",\"potentialAction\":[{\"@type\":\"ReadAction\",\"target\":[\"https:\\\/\\\/www.bellunopress.it\\\/2026\\\/06\\\/12\\\/belluno-inaugurato-il-nuovo-skate-park-al-de-mas-una-struttura-nata-dal-dialogo-con-i-giovani\\\/\"]}]},{\"@type\":\"ImageObject\",\"inLanguage\":\"fr-FR\",\"@id\":\"https:\\\/\\\/www.bellunopress.it\\\/2026\\\/06\\\/12\\\/belluno-inaugurato-il-nuovo-skate-park-al-de-mas-una-struttura-nata-dal-dialogo-con-i-giovani\\\/#primaryimage\",\"url\":\"https:\\\/\\\/www.bellunopress.it\\\/wp-content\\\/uploads\\\/2026\\\/06\\\/Skate-Park-palasport-De-Mas.jpg\",\"contentUrl\":\"https:\\\/\\\/www.bellunopress.it\\\/wp-content\\\/uploads\\\/2026\\\/06\\\/Skate-Park-palasport-De-Mas.jpg\",\"width\":600,\"height\":334},{\"@type\":\"BreadcrumbList\",\"@id\":\"https:\\\/\\\/www.bellunopress.it\\\/2026\\\/06\\\/12\\\/belluno-inaugurato-il-nuovo-skate-park-al-de-mas-una-struttura-nata-dal-dialogo-con-i-giovani\\\/#breadcrumb\",\"itemListElement\":[{\"@type\":\"ListItem\",\"position\":1,\"name\":\"Home\",\"item\":\"https:\\\/\\\/www.bellunopress.it\\\/\"},{\"@type\":\"ListItem\",\"position\":2,\"name\":\"Belluno, inaugurato il nuovo Skate Park al De Mas: una struttura nata dal dialogo con i giovani\"}]},{\"@type\":\"WebSite\",\"@id\":\"https:\\\/\\\/www.bellunopress.it\\\/#website\",\"url\":\"https:\\\/\\\/www.bellunopress.it\\\/\",\"name\":\"Bellunopress - Dolomiti\",\"description\":\"e-mail: redazione@bellunopress.it\",\"publisher\":{\"@id\":\"https:\\\/\\\/www.bellunopress.it\\\/#organization\"},\"potentialAction\":[{\"@type\":\"SearchAction\",\"target\":{\"@type\":\"EntryPoint\",\"urlTemplate\":\"https:\\\/\\\/www.bellunopress.it\\\/?s={search_term_string}\"},\"query-input\":{\"@type\":\"PropertyValueSpecification\",\"valueRequired\":true,\"valueName\":\"search_term_string\"}}],\"inLanguage\":\"fr-FR\"},{\"@type\":\"Organization\",\"@id\":\"https:\\\/\\\/www.bellunopress.it\\\/#organization\",\"name\":\"Bellunopress\",\"url\":\"https:\\\/\\\/www.bellunopress.it\\\/\",\"logo\":{\"@type\":\"ImageObject\",\"inLanguage\":\"fr-FR\",\"@id\":\"https:\\\/\\\/www.bellunopress.it\\\/#\\\/schema\\\/logo\\\/image\\\/\",\"url\":\"https:\\\/\\\/www.bellunopress.it\\\/wp-content\\\/uploads\\\/2011\\\/05\\\/cropped-logo-bellunopress-.jpg\",\"contentUrl\":\"https:\\\/\\\/www.bellunopress.it\\\/wp-content\\\/uploads\\\/2011\\\/05\\\/cropped-logo-bellunopress-.jpg\",\"width\":512,\"height\":512,\"caption\":\"Bellunopress\"},\"image\":{\"@id\":\"https:\\\/\\\/www.bellunopress.it\\\/#\\\/schema\\\/logo\\\/image\\\/\"},\"sameAs\":[\"https:\\\/\\\/www.facebook.com\\\/profile.php?id=100008943462799\",\"https:\\\/\\\/x.com\\\/bellunopress\",\"https:\\\/\\\/www.linkedin.com\\\/hp\\\/?dnr=JBzUWaJfMUw8vbXJJ2tVW5-I3jZKvC4wsoxE&amp;amp;amp;amp;amp;amp;trk=nav_responsive_tab_home\",\"https:\\\/\\\/www.youtube.com\\\/channel\\\/UCxL0wu1uN0_3_7hGG0306cw\"]},{\"@type\":\"Person\",\"@id\":\"https:\\\/\\\/www.bellunopress.it\\\/#\\\/schema\\\/person\\\/79bb06722b37ece1c03d3e94beb30d73\",\"name\":\"redazione\",\"image\":{\"@type\":\"ImageObject\",\"inLanguage\":\"fr-FR\",\"@id\":\"https:\\\/\\\/secure.gravatar.com\\\/avatar\\\/37d968a2e67a6fd04c169c4bdef102d0bc5d31b2546345219e348575eb80e9a0?s=96&d=mm&r=g\",\"url\":\"https:\\\/\\\/secure.gravatar.com\\\/avatar\\\/37d968a2e67a6fd04c169c4bdef102d0bc5d31b2546345219e348575eb80e9a0?s=96&d=mm&r=g\",\"contentUrl\":\"https:\\\/\\\/secure.gravatar.com\\\/avatar\\\/37d968a2e67a6fd04c169c4bdef102d0bc5d31b2546345219e348575eb80e9a0?s=96&d=mm&r=g\",\"caption\":\"redazione\"},\"sameAs\":[\"http:\\\/\\\/www.bellunopress.it\",\"https:\\\/\\\/x.com\\\/bellunopress\"],\"url\":\"https:\\\/\\\/www.bellunopress.it\\\/fr\\\/author\\\/redazione\\\/\"}]}<\/script>\n<!-- \/ Yoast SEO plugin. -->","yoast_head_json":{"title":"Belluno, inaugurato il nuovo Skate Park al De Mas: una struttura nata dal dialogo con i giovani - Bellunopress - Dolomiti","robots":{"index":"index","follow":"follow","max-snippet":"max-snippet:-1","max-image-preview":"max-image-preview:large","max-video-preview":"max-video-preview:-1"},"canonical":"https:\/\/www.bellunopress.it\/fr\/2026\/06\/12\/belluno-inaugurato-il-nuovo-skate-park-al-de-mas-una-struttura-nata-dal-dialogo-con-i-giovani\/","og_locale":"fr_FR","og_type":"article","og_title":"Belluno, inaugurato il nuovo Skate Park al De Mas: una struttura nata dal dialogo con i giovani - Bellunopress - Dolomiti","og_description":"Belluno, 12\/06\/2026 &#8211; \u00a0Si amplia l\u2019offerta di spazi dedicati alla giovent\u00f9 bellunese. \u00c8 stato ufficialmente inaugurato oggi il nuovo Skate Park situato nell&#8217;area del parcheggio del Palasport De Mas, proprio sotto il Ponte degli Alpini. Un\u2019opera che, secondo l\u2019Amministrazione De Pellegrin, rappresenta molto pi\u00f9 di un semplice impianto sportivo: \u00e8 il simbolo di una strategia [&hellip;]","og_url":"https:\/\/www.bellunopress.it\/fr\/2026\/06\/12\/belluno-inaugurato-il-nuovo-skate-park-al-de-mas-una-struttura-nata-dal-dialogo-con-i-giovani\/","og_site_name":"Bellunopress - Dolomiti","article_publisher":"https:\/\/www.facebook.com\/profile.php?id=100008943462799","article_published_time":"2026-06-12T16:27:28+00:00","og_image":[{"width":600,"height":334,"url":"https:\/\/www.bellunopress.it\/wp-content\/uploads\/2026\/06\/Skate-Park-palasport-De-Mas.jpg","type":"image\/jpeg"}],"author":"redazione","twitter_card":"summary_large_image","twitter_creator":"@bellunopress","twitter_site":"@bellunopress","twitter_misc":{"\u00c9crit par":"redazione","Dur\u00e9e de lecture estim\u00e9e":"3 minutes"},"schema":{"@context":"https:\/\/schema.org","@graph":[{"@type":"Article","@id":"https:\/\/www.bellunopress.it\/2026\/06\/12\/belluno-inaugurato-il-nuovo-skate-park-al-de-mas-una-struttura-nata-dal-dialogo-con-i-giovani\/#article","isPartOf":{"@id":"https:\/\/www.bellunopress.it\/2026\/06\/12\/belluno-inaugurato-il-nuovo-skate-park-al-de-mas-una-struttura-nata-dal-dialogo-con-i-giovani\/"},"author":{"name":"redazione","@id":"https:\/\/www.bellunopress.it\/#\/schema\/person\/79bb06722b37ece1c03d3e94beb30d73"},"headline":"Belluno, inaugurato il nuovo Skate Park al De Mas: una struttura nata dal dialogo con i giovani","datePublished":"2026-06-12T16:27:28+00:00","mainEntityOfPage":{"@id":"https:\/\/www.bellunopress.it\/2026\/06\/12\/belluno-inaugurato-il-nuovo-skate-park-al-de-mas-una-struttura-nata-dal-dialogo-con-i-giovani\/"},"wordCount":418,"publisher":{"@id":"https:\/\/www.bellunopress.it\/#organization"},"image":{"@id":"https:\/\/www.bellunopress.it\/2026\/06\/12\/belluno-inaugurato-il-nuovo-skate-park-al-de-mas-una-struttura-nata-dal-dialogo-con-i-giovani\/#primaryimage"},"thumbnailUrl":"https:\/\/www.bellunopress.it\/wp-content\/uploads\/2026\/06\/Skate-Park-palasport-De-Mas.jpg","articleSection":["Cronaca\/Politica","Prima Pagina","Sport, tempo libero"],"inLanguage":"fr-FR"},{"@type":"WebPage","@id":"https:\/\/www.bellunopress.it\/2026\/06\/12\/belluno-inaugurato-il-nuovo-skate-park-al-de-mas-una-struttura-nata-dal-dialogo-con-i-giovani\/","url":"https:\/\/www.bellunopress.it\/2026\/06\/12\/belluno-inaugurato-il-nuovo-skate-park-al-de-mas-una-struttura-nata-dal-dialogo-con-i-giovani\/","name":"Belluno, inaugurato il nuovo Skate Park al De Mas: una struttura nata dal dialogo con i giovani - Bellunopress - Dolomiti","isPartOf":{"@id":"https:\/\/www.bellunopress.it\/#website"},"primaryImageOfPage":{"@id":"https:\/\/www.bellunopress.it\/2026\/06\/12\/belluno-inaugurato-il-nuovo-skate-park-al-de-mas-una-struttura-nata-dal-dialogo-con-i-giovani\/#primaryimage"},"image":{"@id":"https:\/\/www.bellunopress.it\/2026\/06\/12\/belluno-inaugurato-il-nuovo-skate-park-al-de-mas-una-struttura-nata-dal-dialogo-con-i-giovani\/#primaryimage"},"thumbnailUrl":"https:\/\/www.bellunopress.it\/wp-content\/uploads\/2026\/06\/Skate-Park-palasport-De-Mas.jpg","datePublished":"2026-06-12T16:27:28+00:00","breadcrumb":{"@id":"https:\/\/www.bellunopress.it\/2026\/06\/12\/belluno-inaugurato-il-nuovo-skate-park-al-de-mas-una-struttura-nata-dal-dialogo-con-i-giovani\/#breadcrumb"},"inLanguage":"fr-FR","potentialAction":[{"@type":"ReadAction","target":["https:\/\/www.bellunopress.it\/2026\/06\/12\/belluno-inaugurato-il-nuovo-skate-park-al-de-mas-una-struttura-nata-dal-dialogo-con-i-giovani\/"]}]},{"@type":"ImageObject","inLanguage":"fr-FR","@id":"https:\/\/www.bellunopress.it\/2026\/06\/12\/belluno-inaugurato-il-nuovo-skate-park-al-de-mas-una-struttura-nata-dal-dialogo-con-i-giovani\/#primaryimage","url":"https:\/\/www.bellunopress.it\/wp-content\/uploads\/2026\/06\/Skate-Park-palasport-De-Mas.jpg","contentUrl":"https:\/\/www.bellunopress.it\/wp-content\/uploads\/2026\/06\/Skate-Park-palasport-De-Mas.jpg","width":600,"height":334},{"@type":"BreadcrumbList","@id":"https:\/\/www.bellunopress.it\/2026\/06\/12\/belluno-inaugurato-il-nuovo-skate-park-al-de-mas-una-struttura-nata-dal-dialogo-con-i-giovani\/#breadcrumb","itemListElement":[{"@type":"ListItem","position":1,"name":"Home","item":"https:\/\/www.bellunopress.it\/"},{"@type":"ListItem","position":2,"name":"Belluno, inaugurato il nuovo Skate Park al De Mas: una struttura nata dal dialogo con i giovani"}]},{"@type":"WebSite","@id":"https:\/\/www.bellunopress.it\/#website","url":"https:\/\/www.bellunopress.it\/","name":"Bellunopress - Dolomiti","description":"e-mail: redazione@bellunopress.it","publisher":{"@id":"https:\/\/www.bellunopress.it\/#organization"},"potentialAction":[{"@type":"SearchAction","target":{"@type":"EntryPoint","urlTemplate":"https:\/\/www.bellunopress.it\/?s={search_term_string}"},"query-input":{"@type":"PropertyValueSpecification","valueRequired":true,"valueName":"search_term_string"}}],"inLanguage":"fr-FR"},{"@type":"Organization","@id":"https:\/\/www.bellunopress.it\/#organization","name":"Bellunopress","url":"https:\/\/www.bellunopress.it\/","logo":{"@type":"ImageObject","inLanguage":"fr-FR","@id":"https:\/\/www.bellunopress.it\/#\/schema\/logo\/image\/","url":"https:\/\/www.bellunopress.it\/wp-content\/uploads\/2011\/05\/cropped-logo-bellunopress-.jpg","contentUrl":"https:\/\/www.bellunopress.it\/wp-content\/uploads\/2011\/05\/cropped-logo-bellunopress-.jpg","width":512,"height":512,"caption":"Bellunopress"},"image":{"@id":"https:\/\/www.bellunopress.it\/#\/schema\/logo\/image\/"},"sameAs":["https:\/\/www.facebook.com\/profile.php?id=100008943462799","https:\/\/x.com\/bellunopress","https:\/\/www.linkedin.com\/hp\/?dnr=JBzUWaJfMUw8vbXJJ2tVW5-I3jZKvC4wsoxE&amp;amp;amp;amp;amp;amp;trk=nav_responsive_tab_home","https:\/\/www.youtube.com\/channel\/UCxL0wu1uN0_3_7hGG0306cw"]},{"@type":"Person","@id":"https:\/\/www.bellunopress.it\/#\/schema\/person\/79bb06722b37ece1c03d3e94beb30d73","name":"r\u00e9daction","image":{"@type":"ImageObject","inLanguage":"fr-FR","@id":"https:\/\/secure.gravatar.com\/avatar\/37d968a2e67a6fd04c169c4bdef102d0bc5d31b2546345219e348575eb80e9a0?s=96&d=mm&r=g","url":"https:\/\/secure.gravatar.com\/avatar\/37d968a2e67a6fd04c169c4bdef102d0bc5d31b2546345219e348575eb80e9a0?s=96&d=mm&r=g","contentUrl":"https:\/\/secure.gravatar.com\/avatar\/37d968a2e67a6fd04c169c4bdef102d0bc5d31b2546345219e348575eb80e9a0?s=96&d=mm&r=g","caption":"redazione"},"sameAs":["http:\/\/www.bellunopress.it","https:\/\/x.com\/bellunopress"],"url":"https:\/\/www.bellunopress.it\/fr\/author\/redazione\/"}]}},"_links":{"self":[{"href":"https:\/\/www.bellunopress.it\/fr\/wp-json\/wp\/v2\/posts\/170920","targetHints":{"allow":["GET"]}}],"collection":[{"href":"https:\/\/www.bellunopress.it\/fr\/wp-json\/wp\/v2\/posts"}],"about":[{"href":"https:\/\/www.bellunopress.it\/fr\/wp-json\/wp\/v2\/types\/post"}],"author":[{"embeddable":true,"href":"https:\/\/www.bellunopress.it\/fr\/wp-json\/wp\/v2\/users\/2"}],"replies":[{"embeddable":true,"href":"https:\/\/www.bellunopress.it\/fr\/wp-json\/wp\/v2\/comments?post=170920"}],"version-history":[{"count":1,"href":"https:\/\/www.bellunopress.it\/fr\/wp-json\/wp\/v2\/posts\/170920\/revisions"}],"predecessor-version":[{"id":170922,"href":"https:\/\/www.bellunopress.it\/fr\/wp-json\/wp\/v2\/posts\/170920\/revisions\/170922"}],"wp:featuredmedia":[{"embeddable":true,"href":"https:\/\/www.bellunopress.it\/fr\/wp-json\/wp\/v2\/media\/170921"}],"wp:attachment":[{"href":"https:\/\/www.bellunopress.it\/fr\/wp-json\/wp\/v2\/media?parent=170920"}],"wp:term":[{"taxonomy":"category","embeddable":true,"href":"https:\/\/www.bellunopress.it\/fr\/wp-json\/wp\/v2\/categories?post=170920"},{"taxonomy":"post_tag","embeddable":true,"href":"https:\/\/www.bellunopress.it\/fr\/wp-json\/wp\/v2\/tags?post=170920"}],"curies":[{"name":"wp","href":"https:\/\/api.w.org\/{rel}","templated":true}]}}