{"id":170915,"date":"2026-06-12T11:43:54","date_gmt":"2026-06-12T09:43:54","guid":{"rendered":"https:\/\/www.bellunopress.it\/?p=170915"},"modified":"2026-06-12T11:43:54","modified_gmt":"2026-06-12T09:43:54","slug":"belluno-palazzo-rosso-cala-il-sipario-sul-caso-dal-pont-tra-etica-della-responsabilita-e-realpolitik","status":"publish","type":"post","link":"https:\/\/www.bellunopress.it\/fr\/2026\/06\/12\/belluno-palazzo-rosso-cala-il-sipario-sul-caso-dal-pont-tra-etica-della-responsabilita-e-realpolitik\/","title":{"rendered":"Belluno, Palazzo Rosso. Cala il sipario sul caso Dal Pont, tra etica della responsabilit\u00e0 e realpolitik\u00a0"},"content":{"rendered":"<p data-path-to-node=\"3\">Belluno, 12 giugno 2026 &#8211; Si \u00e8 chiusa nel giro di poco pi\u00f9 di 48 ore la vicenda che ha visto protagonista l\u2019assessore Marco Dal Pont, tornato sui suoi passi dopo aver rassegnato le dimissioni luned\u00ec scorso, a seguito del coinvolgimento del figlio in un\u2019aggressione ai danni di un 46enne egiziano. Il sindaco di Belluno, Oscar De Pellegrin, ha ufficialmente offerto su un piatto d&#8217;argento il reintegro dell&#8217;assessore confermandone la piena fiducia per la prosecuzione del suo mandato.<\/p>\n<p data-path-to-node=\"4\">La linea tracciata dal primo cittadino \u00e8 netta: &#8220;Le colpe dei figli non devono ricadere sui padri&#8221;. De Pellegrin ha operato una distinzione precisa tra il grave episodio di cronaca, condannato fermamente, e l&#8217;attivit\u00e0 istituzionale dell&#8217;assessore. Secondo il sindaco, l\u2019operato di Dal Pont, specialmente nella gestione di dossier complessi come gli Ambiti Territoriali Sociali, rimane ineccepibile e non inficiato dai fatti privati. Da parte sua, Dal Pont ha ribadito l&#8217;assenza di &#8220;colpe dirette&#8221;, giustificando la sua permanenza a Palazzo Rosso come una scelta di continuit\u00e0.<\/p>\n<p data-path-to-node=\"5\">Al di l\u00e0 delle motivazioni etiche, la rapidit\u00e0 con cui si \u00e8 ricomposto lo strappo solleva inevitabili interrogativi sulla strategia politica adottata dalla giunta. Il passaggio dalle dimissioni alla conferma in poco pi\u00f9 di un giorno suggerisce l&#8217;esistenza di una regia costante tra le parti, volta a contenere le polemiche sul nascere e a evitare un clima di tensione interna alla maggioranza.<\/p>\n<p data-path-to-node=\"6\">Non manca, inoltre, chi osserva come il tutto sia avvenuto in una tempistica estremamente favorevole: ai sensi dell&#8217;articolo 28, comma 2, dello Statuto Comunale di Belluno, le dimissioni di un assessore diventano irrevocabili solo dopo 20 giorni dalla presentazione. Il rapido rientro di Dal Pont rientra dunque perfettamente nei tempi tecnici previsti dal regolamento, rendendo il &#8220;passo indietro&#8221; una parentesi di breve durata, trasformata da possibile crisi in una riaffermazione di coesione politica.<\/p>\n<p data-path-to-node=\"7\">Se da un lato la maggioranza difende la scelta parlando di &#8220;riflessione seria e responsabile&#8221; orientata a non arrestare i progetti in corso, resta da vedere come reagir\u00e0 la citt\u00e0. L&#8217;episodio, che lo stesso De Pellegrin ha ammesso aver &#8220;ferito la nostra comunit\u00e0&#8221;, lascia aperto il campo al dibattito: la politica ha saputo gestire l&#8217;emergenza con pragmatismo o ha preferito blindarsi, sottovalutando il peso politico di un fatto che ha colpito duramente la sensibilit\u00e0 pubblica? La palla passa ora alla tenuta della giunta e alla reazione delle opposizioni, che non mancheranno di far sentire la propria voce in un consiglio comunale che si preannuncia teso.<\/p>\n<p data-path-to-node=\"7\">(rdn)<\/p>","protected":false},"excerpt":{"rendered":"<p>Belluno, 12 giugno 2026 &#8211; Si \u00e8 chiusa nel giro di poco pi\u00f9 di 48 ore la vicenda che ha visto protagonista l\u2019assessore Marco Dal Pont, tornato sui suoi passi dopo aver rassegnato le dimissioni luned\u00ec scorso, a seguito del coinvolgimento del figlio in un\u2019aggressione ai danni di un 46enne egiziano. Il sindaco di Belluno, [&hellip;]<\/p>\n","protected":false},"author":2,"featured_media":113617,"comment_status":"closed","ping_status":"open","sticky":false,"template":"","format":"standard","meta":{"footnotes":""},"categories":[5,3446,26],"tags":[],"class_list":["post-170915","post","type-post","status-publish","format-standard","has-post-thumbnail","category-cronaca","category-featured","category-prima-pagina"],"yoast_head":"<!-- This site is optimized with the Yoast SEO plugin v28.4 - https:\/\/yoast.com\/product\/yoast-seo-wordpress\/ -->\n<title>Belluno, Palazzo Rosso. Cala il sipario sul caso Dal Pont, tra etica della responsabilit\u00e0 e realpolitik\u00a0 - Bellunopress - Dolomiti<\/title>\n<meta name=\"robots\" content=\"index, follow, max-snippet:-1, max-image-preview:large, max-video-preview:-1\" \/>\n<link rel=\"canonical\" href=\"https:\/\/www.bellunopress.it\/fr\/2026\/06\/12\/belluno-palazzo-rosso-cala-il-sipario-sul-caso-dal-pont-tra-etica-della-responsabilita-e-realpolitik\/\" \/>\n<meta property=\"og:locale\" content=\"fr_FR\" \/>\n<meta property=\"og:type\" content=\"article\" \/>\n<meta property=\"og:title\" content=\"Belluno, Palazzo Rosso. Cala il sipario sul caso Dal Pont, tra etica della responsabilit\u00e0 e realpolitik\u00a0 - Bellunopress - Dolomiti\" \/>\n<meta property=\"og:description\" content=\"Belluno, 12 giugno 2026 &#8211; Si \u00e8 chiusa nel giro di poco pi\u00f9 di 48 ore la vicenda che ha visto protagonista l\u2019assessore Marco Dal Pont, tornato sui suoi passi dopo aver rassegnato le dimissioni luned\u00ec scorso, a seguito del coinvolgimento del figlio in un\u2019aggressione ai danni di un 46enne egiziano. Il sindaco di Belluno, [&hellip;]\" \/>\n<meta property=\"og:url\" content=\"https:\/\/www.bellunopress.it\/fr\/2026\/06\/12\/belluno-palazzo-rosso-cala-il-sipario-sul-caso-dal-pont-tra-etica-della-responsabilita-e-realpolitik\/\" \/>\n<meta property=\"og:site_name\" content=\"Bellunopress - Dolomiti\" \/>\n<meta property=\"article:publisher\" content=\"https:\/\/www.facebook.com\/profile.php?id=100008943462799\" \/>\n<meta property=\"article:published_time\" content=\"2026-06-12T09:43:54+00:00\" \/>\n<meta property=\"og:image\" content=\"https:\/\/www.bellunopress.it\/wp-content\/uploads\/2020\/04\/palazzo-rosso_edited.jpg\" \/>\n\t<meta property=\"og:image:width\" content=\"800\" \/>\n\t<meta property=\"og:image:height\" content=\"563\" \/>\n\t<meta property=\"og:image:type\" content=\"image\/jpeg\" \/>\n<meta name=\"author\" content=\"redazione\" \/>\n<meta name=\"twitter:card\" content=\"summary_large_image\" \/>\n<meta name=\"twitter:creator\" content=\"@bellunopress\" \/>\n<meta name=\"twitter:site\" content=\"@bellunopress\" \/>\n<meta name=\"twitter:label1\" content=\"\u00c9crit par\" \/>\n\t<meta name=\"twitter:data1\" content=\"redazione\" \/>\n\t<meta name=\"twitter:label2\" content=\"Dur\u00e9e de lecture estim\u00e9e\" \/>\n\t<meta name=\"twitter:data2\" content=\"3 minutes\" \/>\n<script type=\"application\/ld+json\" class=\"yoast-schema-graph\">{\"@context\":\"https:\\\/\\\/schema.org\",\"@graph\":[{\"@type\":\"Article\",\"@id\":\"https:\\\/\\\/www.bellunopress.it\\\/2026\\\/06\\\/12\\\/belluno-palazzo-rosso-cala-il-sipario-sul-caso-dal-pont-tra-etica-della-responsabilita-e-realpolitik\\\/#article\",\"isPartOf\":{\"@id\":\"https:\\\/\\\/www.bellunopress.it\\\/2026\\\/06\\\/12\\\/belluno-palazzo-rosso-cala-il-sipario-sul-caso-dal-pont-tra-etica-della-responsabilita-e-realpolitik\\\/\"},\"author\":{\"name\":\"redazione\",\"@id\":\"https:\\\/\\\/www.bellunopress.it\\\/#\\\/schema\\\/person\\\/79bb06722b37ece1c03d3e94beb30d73\"},\"headline\":\"Belluno, Palazzo Rosso. Cala il sipario sul caso Dal Pont, tra etica della responsabilit\u00e0 e realpolitik\u00a0\",\"datePublished\":\"2026-06-12T09:43:54+00:00\",\"mainEntityOfPage\":{\"@id\":\"https:\\\/\\\/www.bellunopress.it\\\/2026\\\/06\\\/12\\\/belluno-palazzo-rosso-cala-il-sipario-sul-caso-dal-pont-tra-etica-della-responsabilita-e-realpolitik\\\/\"},\"wordCount\":423,\"publisher\":{\"@id\":\"https:\\\/\\\/www.bellunopress.it\\\/#organization\"},\"image\":{\"@id\":\"https:\\\/\\\/www.bellunopress.it\\\/2026\\\/06\\\/12\\\/belluno-palazzo-rosso-cala-il-sipario-sul-caso-dal-pont-tra-etica-della-responsabilita-e-realpolitik\\\/#primaryimage\"},\"thumbnailUrl\":\"https:\\\/\\\/www.bellunopress.it\\\/wp-content\\\/uploads\\\/2020\\\/04\\\/palazzo-rosso_edited.jpg\",\"articleSection\":[\"Cronaca\\\/Politica\",\"Featured\",\"Prima Pagina\"],\"inLanguage\":\"fr-FR\"},{\"@type\":\"WebPage\",\"@id\":\"https:\\\/\\\/www.bellunopress.it\\\/2026\\\/06\\\/12\\\/belluno-palazzo-rosso-cala-il-sipario-sul-caso-dal-pont-tra-etica-della-responsabilita-e-realpolitik\\\/\",\"url\":\"https:\\\/\\\/www.bellunopress.it\\\/2026\\\/06\\\/12\\\/belluno-palazzo-rosso-cala-il-sipario-sul-caso-dal-pont-tra-etica-della-responsabilita-e-realpolitik\\\/\",\"name\":\"Belluno, Palazzo Rosso. Cala il sipario sul caso Dal Pont, tra etica della responsabilit\u00e0 e realpolitik\u00a0 - Bellunopress - Dolomiti\",\"isPartOf\":{\"@id\":\"https:\\\/\\\/www.bellunopress.it\\\/#website\"},\"primaryImageOfPage\":{\"@id\":\"https:\\\/\\\/www.bellunopress.it\\\/2026\\\/06\\\/12\\\/belluno-palazzo-rosso-cala-il-sipario-sul-caso-dal-pont-tra-etica-della-responsabilita-e-realpolitik\\\/#primaryimage\"},\"image\":{\"@id\":\"https:\\\/\\\/www.bellunopress.it\\\/2026\\\/06\\\/12\\\/belluno-palazzo-rosso-cala-il-sipario-sul-caso-dal-pont-tra-etica-della-responsabilita-e-realpolitik\\\/#primaryimage\"},\"thumbnailUrl\":\"https:\\\/\\\/www.bellunopress.it\\\/wp-content\\\/uploads\\\/2020\\\/04\\\/palazzo-rosso_edited.jpg\",\"datePublished\":\"2026-06-12T09:43:54+00:00\",\"breadcrumb\":{\"@id\":\"https:\\\/\\\/www.bellunopress.it\\\/2026\\\/06\\\/12\\\/belluno-palazzo-rosso-cala-il-sipario-sul-caso-dal-pont-tra-etica-della-responsabilita-e-realpolitik\\\/#breadcrumb\"},\"inLanguage\":\"fr-FR\",\"potentialAction\":[{\"@type\":\"ReadAction\",\"target\":[\"https:\\\/\\\/www.bellunopress.it\\\/2026\\\/06\\\/12\\\/belluno-palazzo-rosso-cala-il-sipario-sul-caso-dal-pont-tra-etica-della-responsabilita-e-realpolitik\\\/\"]}]},{\"@type\":\"ImageObject\",\"inLanguage\":\"fr-FR\",\"@id\":\"https:\\\/\\\/www.bellunopress.it\\\/2026\\\/06\\\/12\\\/belluno-palazzo-rosso-cala-il-sipario-sul-caso-dal-pont-tra-etica-della-responsabilita-e-realpolitik\\\/#primaryimage\",\"url\":\"https:\\\/\\\/www.bellunopress.it\\\/wp-content\\\/uploads\\\/2020\\\/04\\\/palazzo-rosso_edited.jpg\",\"contentUrl\":\"https:\\\/\\\/www.bellunopress.it\\\/wp-content\\\/uploads\\\/2020\\\/04\\\/palazzo-rosso_edited.jpg\",\"width\":800,\"height\":563,\"caption\":\"Palazzo Rosso, sede dell'amministrazione comunale di Belluno\"},{\"@type\":\"BreadcrumbList\",\"@id\":\"https:\\\/\\\/www.bellunopress.it\\\/2026\\\/06\\\/12\\\/belluno-palazzo-rosso-cala-il-sipario-sul-caso-dal-pont-tra-etica-della-responsabilita-e-realpolitik\\\/#breadcrumb\",\"itemListElement\":[{\"@type\":\"ListItem\",\"position\":1,\"name\":\"Home\",\"item\":\"https:\\\/\\\/www.bellunopress.it\\\/\"},{\"@type\":\"ListItem\",\"position\":2,\"name\":\"Belluno, Palazzo Rosso. Cala il sipario sul caso Dal Pont, tra etica della responsabilit\u00e0 e realpolitik\u00a0\"}]},{\"@type\":\"WebSite\",\"@id\":\"https:\\\/\\\/www.bellunopress.it\\\/#website\",\"url\":\"https:\\\/\\\/www.bellunopress.it\\\/\",\"name\":\"Bellunopress - Dolomiti\",\"description\":\"e-mail: redazione@bellunopress.it\",\"publisher\":{\"@id\":\"https:\\\/\\\/www.bellunopress.it\\\/#organization\"},\"potentialAction\":[{\"@type\":\"SearchAction\",\"target\":{\"@type\":\"EntryPoint\",\"urlTemplate\":\"https:\\\/\\\/www.bellunopress.it\\\/?s={search_term_string}\"},\"query-input\":{\"@type\":\"PropertyValueSpecification\",\"valueRequired\":true,\"valueName\":\"search_term_string\"}}],\"inLanguage\":\"fr-FR\"},{\"@type\":\"Organization\",\"@id\":\"https:\\\/\\\/www.bellunopress.it\\\/#organization\",\"name\":\"Bellunopress\",\"url\":\"https:\\\/\\\/www.bellunopress.it\\\/\",\"logo\":{\"@type\":\"ImageObject\",\"inLanguage\":\"fr-FR\",\"@id\":\"https:\\\/\\\/www.bellunopress.it\\\/#\\\/schema\\\/logo\\\/image\\\/\",\"url\":\"https:\\\/\\\/www.bellunopress.it\\\/wp-content\\\/uploads\\\/2011\\\/05\\\/cropped-logo-bellunopress-.jpg\",\"contentUrl\":\"https:\\\/\\\/www.bellunopress.it\\\/wp-content\\\/uploads\\\/2011\\\/05\\\/cropped-logo-bellunopress-.jpg\",\"width\":512,\"height\":512,\"caption\":\"Bellunopress\"},\"image\":{\"@id\":\"https:\\\/\\\/www.bellunopress.it\\\/#\\\/schema\\\/logo\\\/image\\\/\"},\"sameAs\":[\"https:\\\/\\\/www.facebook.com\\\/profile.php?id=100008943462799\",\"https:\\\/\\\/x.com\\\/bellunopress\",\"https:\\\/\\\/www.linkedin.com\\\/hp\\\/?dnr=JBzUWaJfMUw8vbXJJ2tVW5-I3jZKvC4wsoxE&amp;amp;amp;amp;amp;amp;trk=nav_responsive_tab_home\",\"https:\\\/\\\/www.youtube.com\\\/channel\\\/UCxL0wu1uN0_3_7hGG0306cw\"]},{\"@type\":\"Person\",\"@id\":\"https:\\\/\\\/www.bellunopress.it\\\/#\\\/schema\\\/person\\\/79bb06722b37ece1c03d3e94beb30d73\",\"name\":\"redazione\",\"image\":{\"@type\":\"ImageObject\",\"inLanguage\":\"fr-FR\",\"@id\":\"https:\\\/\\\/secure.gravatar.com\\\/avatar\\\/37d968a2e67a6fd04c169c4bdef102d0bc5d31b2546345219e348575eb80e9a0?s=96&d=mm&r=g\",\"url\":\"https:\\\/\\\/secure.gravatar.com\\\/avatar\\\/37d968a2e67a6fd04c169c4bdef102d0bc5d31b2546345219e348575eb80e9a0?s=96&d=mm&r=g\",\"contentUrl\":\"https:\\\/\\\/secure.gravatar.com\\\/avatar\\\/37d968a2e67a6fd04c169c4bdef102d0bc5d31b2546345219e348575eb80e9a0?s=96&d=mm&r=g\",\"caption\":\"redazione\"},\"sameAs\":[\"http:\\\/\\\/www.bellunopress.it\",\"https:\\\/\\\/x.com\\\/bellunopress\"],\"url\":\"https:\\\/\\\/www.bellunopress.it\\\/fr\\\/author\\\/redazione\\\/\"}]}<\/script>\n<!-- \/ Yoast SEO plugin. -->","yoast_head_json":{"title":"Belluno, Palazzo Rosso. Cala il sipario sul caso Dal Pont, tra etica della responsabilit\u00e0 e realpolitik\u00a0 - Bellunopress - Dolomiti","robots":{"index":"index","follow":"follow","max-snippet":"max-snippet:-1","max-image-preview":"max-image-preview:large","max-video-preview":"max-video-preview:-1"},"canonical":"https:\/\/www.bellunopress.it\/fr\/2026\/06\/12\/belluno-palazzo-rosso-cala-il-sipario-sul-caso-dal-pont-tra-etica-della-responsabilita-e-realpolitik\/","og_locale":"fr_FR","og_type":"article","og_title":"Belluno, Palazzo Rosso. Cala il sipario sul caso Dal Pont, tra etica della responsabilit\u00e0 e realpolitik\u00a0 - Bellunopress - Dolomiti","og_description":"Belluno, 12 giugno 2026 &#8211; Si \u00e8 chiusa nel giro di poco pi\u00f9 di 48 ore la vicenda che ha visto protagonista l\u2019assessore Marco Dal Pont, tornato sui suoi passi dopo aver rassegnato le dimissioni luned\u00ec scorso, a seguito del coinvolgimento del figlio in un\u2019aggressione ai danni di un 46enne egiziano. Il sindaco di Belluno, [&hellip;]","og_url":"https:\/\/www.bellunopress.it\/fr\/2026\/06\/12\/belluno-palazzo-rosso-cala-il-sipario-sul-caso-dal-pont-tra-etica-della-responsabilita-e-realpolitik\/","og_site_name":"Bellunopress - Dolomiti","article_publisher":"https:\/\/www.facebook.com\/profile.php?id=100008943462799","article_published_time":"2026-06-12T09:43:54+00:00","og_image":[{"width":800,"height":563,"url":"https:\/\/www.bellunopress.it\/wp-content\/uploads\/2020\/04\/palazzo-rosso_edited.jpg","type":"image\/jpeg"}],"author":"redazione","twitter_card":"summary_large_image","twitter_creator":"@bellunopress","twitter_site":"@bellunopress","twitter_misc":{"\u00c9crit par":"redazione","Dur\u00e9e de lecture estim\u00e9e":"3 minutes"},"schema":{"@context":"https:\/\/schema.org","@graph":[{"@type":"Article","@id":"https:\/\/www.bellunopress.it\/2026\/06\/12\/belluno-palazzo-rosso-cala-il-sipario-sul-caso-dal-pont-tra-etica-della-responsabilita-e-realpolitik\/#article","isPartOf":{"@id":"https:\/\/www.bellunopress.it\/2026\/06\/12\/belluno-palazzo-rosso-cala-il-sipario-sul-caso-dal-pont-tra-etica-della-responsabilita-e-realpolitik\/"},"author":{"name":"redazione","@id":"https:\/\/www.bellunopress.it\/#\/schema\/person\/79bb06722b37ece1c03d3e94beb30d73"},"headline":"Belluno, Palazzo Rosso. Cala il sipario sul caso Dal Pont, tra etica della responsabilit\u00e0 e realpolitik\u00a0","datePublished":"2026-06-12T09:43:54+00:00","mainEntityOfPage":{"@id":"https:\/\/www.bellunopress.it\/2026\/06\/12\/belluno-palazzo-rosso-cala-il-sipario-sul-caso-dal-pont-tra-etica-della-responsabilita-e-realpolitik\/"},"wordCount":423,"publisher":{"@id":"https:\/\/www.bellunopress.it\/#organization"},"image":{"@id":"https:\/\/www.bellunopress.it\/2026\/06\/12\/belluno-palazzo-rosso-cala-il-sipario-sul-caso-dal-pont-tra-etica-della-responsabilita-e-realpolitik\/#primaryimage"},"thumbnailUrl":"https:\/\/www.bellunopress.it\/wp-content\/uploads\/2020\/04\/palazzo-rosso_edited.jpg","articleSection":["Cronaca\/Politica","Featured","Prima Pagina"],"inLanguage":"fr-FR"},{"@type":"WebPage","@id":"https:\/\/www.bellunopress.it\/2026\/06\/12\/belluno-palazzo-rosso-cala-il-sipario-sul-caso-dal-pont-tra-etica-della-responsabilita-e-realpolitik\/","url":"https:\/\/www.bellunopress.it\/2026\/06\/12\/belluno-palazzo-rosso-cala-il-sipario-sul-caso-dal-pont-tra-etica-della-responsabilita-e-realpolitik\/","name":"Belluno, Palazzo Rosso. Cala il sipario sul caso Dal Pont, tra etica della responsabilit\u00e0 e realpolitik\u00a0 - Bellunopress - Dolomiti","isPartOf":{"@id":"https:\/\/www.bellunopress.it\/#website"},"primaryImageOfPage":{"@id":"https:\/\/www.bellunopress.it\/2026\/06\/12\/belluno-palazzo-rosso-cala-il-sipario-sul-caso-dal-pont-tra-etica-della-responsabilita-e-realpolitik\/#primaryimage"},"image":{"@id":"https:\/\/www.bellunopress.it\/2026\/06\/12\/belluno-palazzo-rosso-cala-il-sipario-sul-caso-dal-pont-tra-etica-della-responsabilita-e-realpolitik\/#primaryimage"},"thumbnailUrl":"https:\/\/www.bellunopress.it\/wp-content\/uploads\/2020\/04\/palazzo-rosso_edited.jpg","datePublished":"2026-06-12T09:43:54+00:00","breadcrumb":{"@id":"https:\/\/www.bellunopress.it\/2026\/06\/12\/belluno-palazzo-rosso-cala-il-sipario-sul-caso-dal-pont-tra-etica-della-responsabilita-e-realpolitik\/#breadcrumb"},"inLanguage":"fr-FR","potentialAction":[{"@type":"ReadAction","target":["https:\/\/www.bellunopress.it\/2026\/06\/12\/belluno-palazzo-rosso-cala-il-sipario-sul-caso-dal-pont-tra-etica-della-responsabilita-e-realpolitik\/"]}]},{"@type":"ImageObject","inLanguage":"fr-FR","@id":"https:\/\/www.bellunopress.it\/2026\/06\/12\/belluno-palazzo-rosso-cala-il-sipario-sul-caso-dal-pont-tra-etica-della-responsabilita-e-realpolitik\/#primaryimage","url":"https:\/\/www.bellunopress.it\/wp-content\/uploads\/2020\/04\/palazzo-rosso_edited.jpg","contentUrl":"https:\/\/www.bellunopress.it\/wp-content\/uploads\/2020\/04\/palazzo-rosso_edited.jpg","width":800,"height":563,"caption":"Palazzo Rosso, sede dell'amministrazione comunale di Belluno"},{"@type":"BreadcrumbList","@id":"https:\/\/www.bellunopress.it\/2026\/06\/12\/belluno-palazzo-rosso-cala-il-sipario-sul-caso-dal-pont-tra-etica-della-responsabilita-e-realpolitik\/#breadcrumb","itemListElement":[{"@type":"ListItem","position":1,"name":"Home","item":"https:\/\/www.bellunopress.it\/"},{"@type":"ListItem","position":2,"name":"Belluno, Palazzo Rosso. Cala il sipario sul caso Dal Pont, tra etica della responsabilit\u00e0 e realpolitik\u00a0"}]},{"@type":"WebSite","@id":"https:\/\/www.bellunopress.it\/#website","url":"https:\/\/www.bellunopress.it\/","name":"Bellunopress - Dolomiti","description":"e-mail: redazione@bellunopress.it","publisher":{"@id":"https:\/\/www.bellunopress.it\/#organization"},"potentialAction":[{"@type":"SearchAction","target":{"@type":"EntryPoint","urlTemplate":"https:\/\/www.bellunopress.it\/?s={search_term_string}"},"query-input":{"@type":"PropertyValueSpecification","valueRequired":true,"valueName":"search_term_string"}}],"inLanguage":"fr-FR"},{"@type":"Organization","@id":"https:\/\/www.bellunopress.it\/#organization","name":"Bellunopress","url":"https:\/\/www.bellunopress.it\/","logo":{"@type":"ImageObject","inLanguage":"fr-FR","@id":"https:\/\/www.bellunopress.it\/#\/schema\/logo\/image\/","url":"https:\/\/www.bellunopress.it\/wp-content\/uploads\/2011\/05\/cropped-logo-bellunopress-.jpg","contentUrl":"https:\/\/www.bellunopress.it\/wp-content\/uploads\/2011\/05\/cropped-logo-bellunopress-.jpg","width":512,"height":512,"caption":"Bellunopress"},"image":{"@id":"https:\/\/www.bellunopress.it\/#\/schema\/logo\/image\/"},"sameAs":["https:\/\/www.facebook.com\/profile.php?id=100008943462799","https:\/\/x.com\/bellunopress","https:\/\/www.linkedin.com\/hp\/?dnr=JBzUWaJfMUw8vbXJJ2tVW5-I3jZKvC4wsoxE&amp;amp;amp;amp;amp;amp;trk=nav_responsive_tab_home","https:\/\/www.youtube.com\/channel\/UCxL0wu1uN0_3_7hGG0306cw"]},{"@type":"Person","@id":"https:\/\/www.bellunopress.it\/#\/schema\/person\/79bb06722b37ece1c03d3e94beb30d73","name":"r\u00e9daction","image":{"@type":"ImageObject","inLanguage":"fr-FR","@id":"https:\/\/secure.gravatar.com\/avatar\/37d968a2e67a6fd04c169c4bdef102d0bc5d31b2546345219e348575eb80e9a0?s=96&d=mm&r=g","url":"https:\/\/secure.gravatar.com\/avatar\/37d968a2e67a6fd04c169c4bdef102d0bc5d31b2546345219e348575eb80e9a0?s=96&d=mm&r=g","contentUrl":"https:\/\/secure.gravatar.com\/avatar\/37d968a2e67a6fd04c169c4bdef102d0bc5d31b2546345219e348575eb80e9a0?s=96&d=mm&r=g","caption":"redazione"},"sameAs":["http:\/\/www.bellunopress.it","https:\/\/x.com\/bellunopress"],"url":"https:\/\/www.bellunopress.it\/fr\/author\/redazione\/"}]}},"_links":{"self":[{"href":"https:\/\/www.bellunopress.it\/fr\/wp-json\/wp\/v2\/posts\/170915","targetHints":{"allow":["GET"]}}],"collection":[{"href":"https:\/\/www.bellunopress.it\/fr\/wp-json\/wp\/v2\/posts"}],"about":[{"href":"https:\/\/www.bellunopress.it\/fr\/wp-json\/wp\/v2\/types\/post"}],"author":[{"embeddable":true,"href":"https:\/\/www.bellunopress.it\/fr\/wp-json\/wp\/v2\/users\/2"}],"replies":[{"embeddable":true,"href":"https:\/\/www.bellunopress.it\/fr\/wp-json\/wp\/v2\/comments?post=170915"}],"version-history":[{"count":1,"href":"https:\/\/www.bellunopress.it\/fr\/wp-json\/wp\/v2\/posts\/170915\/revisions"}],"predecessor-version":[{"id":170916,"href":"https:\/\/www.bellunopress.it\/fr\/wp-json\/wp\/v2\/posts\/170915\/revisions\/170916"}],"wp:featuredmedia":[{"embeddable":true,"href":"https:\/\/www.bellunopress.it\/fr\/wp-json\/wp\/v2\/media\/113617"}],"wp:attachment":[{"href":"https:\/\/www.bellunopress.it\/fr\/wp-json\/wp\/v2\/media?parent=170915"}],"wp:term":[{"taxonomy":"category","embeddable":true,"href":"https:\/\/www.bellunopress.it\/fr\/wp-json\/wp\/v2\/categories?post=170915"},{"taxonomy":"post_tag","embeddable":true,"href":"https:\/\/www.bellunopress.it\/fr\/wp-json\/wp\/v2\/tags?post=170915"}],"curies":[{"name":"wp","href":"https:\/\/api.w.org\/{rel}","templated":true}]}}