{"id":170912,"date":"2026-06-12T11:17:25","date_gmt":"2026-06-12T09:17:25","guid":{"rendered":"https:\/\/www.bellunopress.it\/?p=170912"},"modified":"2026-06-12T11:17:25","modified_gmt":"2026-06-12T09:17:25","slug":"pride-belluno-le-precisazioni-del-collettivo-reverse","status":"publish","type":"post","link":"https:\/\/www.bellunopress.it\/fr\/2026\/06\/12\/pride-belluno-le-precisazioni-del-collettivo-reverse\/","title":{"rendered":"Pride Belluno. Le precisazioni del Collettivo Reverse"},"content":{"rendered":"<p>A poche settimane dal Pride di Belluno sono apparsi alcuni articoli che ci coinvolgono. Ci sembra necessario spiegare la nostra posizione come Collettivo Reverse, ma anche come Casa dei Beni Comuni che ha reso possibile la costruzione del Belluno Pride sin dalla prima edizione, rendendolo un evento che non appartiene a un solo collettivo, ma il frutto della collaborazione e del supporto di tante altre realt\u00e0.<\/p>\n<p>La manifestazione che avverr\u00e0 questo sabato 13 giugno \u00e8 stata organizzata con grande partecipazione comunitaria e impegno, abbiamo deciso di ricostruire un Pride dal basso, senza gli interessi dei privati e degli sponsor, con delle istanze ben precise: intersezionalit\u00e0, antirazzismo, anticolonialismo, antiabilismo e antispecismo.<\/p>\n<p>Abbiamo in passato scelto volutamente di non fare dichiarazioni sulla separazione tra il nostro collettivo Reverse e il Comitato CIAO perch\u00e9 rispettiamo che ognun*, con i propri strumenti e visioni, possa avere libert\u00e0 di espressione e di lavoro sul proprio territorio.<\/p>\n<p>Decidiamo ora di prendere parola per non lasciare un vuoto nella comunicazione comunitaria ed esprimere chiaramente le nostre istanze.<\/p>\n<p>La divisione del Comitato CIAO e la nascita del Collettivo Reverse \u00e8 avvenuta nel gennaio 2025. Questo fatto quindi non \u00e8 accaduto da pochi mesi, ma le due realt\u00e0 hanno deciso di intraprendere strade differenti da oltre un anno.<\/p>\n<p>Questa divisione \u00e8 stata a lungo dibattuta, ma si \u00e8 ritenuta necessaria viste le modalit\u00e0 differenti di approccio all&#8217;attivismo e al pensiero critico. Riportare e spiegare, in questo momento, dinamiche complesse accadute un anno fa ci appare strumentalizzante nonch\u00e9 disorientante per chi si stesse interessando alle diverse iniziative organizzate.<\/p>\n<p>Per noi, come collettivo Reverse, avere un posizionamento politico rispetto alle battaglie dell&#8217;oggi \u00e8 un aspetto fondamentale. Non siamo dispost* a scendere a compromessi se si tratta di tralasciare intersezionalit\u00e0, transfemminismo e anticolonialismo. Siamo persone discriminate e marginalizzate, e vogliamo usare ogni privilegio a noi rimasto per lottare per ogni comunit\u00e0. Per non dividerci, per non escluderci, ma per lottare assieme.<\/p>\n<p>Le lotte della nostra comunit\u00e0 si reggono sulle lotte fatte da attivist* ner*, trans e persone con disabilit\u00e0. Sarebbe una grave mancanza di rispetto per tutte le lotte che ci hanno preceduto, credere di poter chiedere diritti solamente per la comunit\u00e0 LGBTQIA+ senza lottare per altre comunit\u00e0 minorizzate e marginalizzate. Per questo riteniamo fondamentale parlare sia delle problematiche del nostro territorio che di questioni globali e impossibili da ignorare come il genocidio in Palestina.<\/p>\n<p>Le posizioni che abbiamo deciso di prendere nel nostro Manifesto sono imprescindibili per dare una visione pi\u00f9 ampia delle difficolt\u00e0 che stiamo attraversando in questo periodo storico.<\/p>\n<p>Per integrit\u00e0 politica e morale, rispetto a quelle che sono le nostre istanze, abbiamo deciso collettivamente di non chiedere il patrocinio alle amministrazioni comunali perch\u00e9 non accettiamo di collaborare con partiti come Fratelli d&#8217;Italia e Lega che ci definiscono abomini, che non ci permettono di vivere le nostre relazioni e le nostre famiglie in libert\u00e0.<\/p>\n<p>Non vogliamo appiattire ed edulcorare le nostre lotte semplicemente per avere il sostegno di partiti di destra che ora sono al potere.<\/p>\n<p>La richiesta di confronto con le istituzioni non \u00e8 chiusa ma richiede partecipazione attiva e ascolto, caratteristiche che ad ora non ci vengono garantite dal comune di Belluno.<\/p>\n<p>Continuiamo, ad esempio, il nostro impegno di collaborazione con la Commissione Pari Opportunit\u00e0 di Pieve di Cadore: amministrazione che cerca realmente di incidere sull&#8217;inclusivit\u00e0 in territori isolati.<\/p>\n<p>Il lavoro di questi mesi del collettivo Reverse \u00e8 frutto della frequentazione e della collaborazione continua con tutti gli e le abitanti della Casa dei Beni Comuni che da decenni portano avanti lotte per il mondo LGBTQIA+ in modo intersezionale.<\/p>\n<p>Negli articoli sopracitati non vengono considerate le altre realt\u00e0 queer storiche e pionieristiche che hanno attraversato la provincia di Belluno.<\/p>\n<p>Nel 2013 venne creato Rovesci e Diritti, che lott\u00f2 per ottenere il riconoscimento delle coppie di fatto nei diversi comuni del territorio (prima ancora della legge discriminante sulle unioni di civili dedicata infatti solo alle coppie omosessuali). Ha portato anche formazione legale e ha attraversato anche le istituzioni scolastiche oltre a creare momenti di comunit\u00e0.<\/p>\n<p>Mentre dal 2015 al 2019 a Feltre fu attiva La Stella Polare, comunit\u00e0 che arriv\u00f2 a contare pi\u00f9 di una sessantina di partecipanti e che si impegn\u00f2 per organizzare momenti di confronto e sensibilizzazione.<\/p>\n<p>Crediamo sia importante citare queste due realt\u00e0 per conferire un quadro pi\u00f9 completo della storia dei movimenti LGBTQIA+ bellunesi. La creazione di collettivi, la loro abilit\u00e0 di mutare ed ascoltare il presente e le fratture che ne possono derivare sono parte integrante della vita politica e comunitaria.<\/p>\n<p>Non ci rammarichiamo di queste scissioni, n\u00e9 le riteniamo una perdita di forza dei diversi percorsi. Riteniamo invece importante dare valore alle nostre comunit\u00e0 nella loro interezza, non accettando posizioni transescludenti o che strumentalizzano le lotte transfemministe rendendole una questione di facciata.<\/p>\n<p>Concludiamo affermando che s\u00ec, come molte altre realt\u00e0 LGBTQIA+ in Italia, abbiamo deciso di fare delle scelte ben precise e posizionarci in maniera netta sulle questioni del presente. Perch\u00e9 il Pride prima di tutto \u00e8 stata Rivoluzione, perch\u00e9 crediamo in uno spazio pi\u00f9 sicuro in cui nessun* si senta esclus* da una gerarchia arbitraria di diritti ritenuti pi\u00f9 o meno importanti.<\/p>\n<p>Non vogliamo rimanere in silenzio di fronte ad ogni violenza, ogni oppressione: i nostri corpi sono la nostra rivoluzione.<\/p>\n<p><strong>Collettivo Reverse<\/strong><\/p>","protected":false},"excerpt":{"rendered":"<p>A poche settimane dal Pride di Belluno sono apparsi alcuni articoli che ci coinvolgono. Ci sembra necessario spiegare la nostra posizione come Collettivo Reverse, ma anche come Casa dei Beni Comuni che ha reso possibile la costruzione del Belluno Pride sin dalla prima edizione, rendendolo un evento che non appartiene a un solo collettivo, ma [&hellip;]<\/p>\n","protected":false},"author":2,"featured_media":170913,"comment_status":"closed","ping_status":"open","sticky":false,"template":"","format":"standard","meta":{"footnotes":""},"categories":[1,26],"tags":[],"class_list":["post-170912","post","type-post","status-publish","format-standard","has-post-thumbnail","category-leo","category-prima-pagina"],"yoast_head":"<!-- This site is optimized with the Yoast SEO plugin v28.4 - https:\/\/yoast.com\/product\/yoast-seo-wordpress\/ -->\n<title>Pride Belluno. Le precisazioni del Collettivo Reverse - Bellunopress - Dolomiti<\/title>\n<meta name=\"robots\" content=\"index, follow, max-snippet:-1, max-image-preview:large, max-video-preview:-1\" \/>\n<link rel=\"canonical\" href=\"https:\/\/www.bellunopress.it\/fr\/2026\/06\/12\/pride-belluno-le-precisazioni-del-collettivo-reverse\/\" \/>\n<meta property=\"og:locale\" content=\"fr_FR\" \/>\n<meta property=\"og:type\" content=\"article\" \/>\n<meta property=\"og:title\" content=\"Pride Belluno. Le precisazioni del Collettivo Reverse - Bellunopress - Dolomiti\" \/>\n<meta property=\"og:description\" content=\"A poche settimane dal Pride di Belluno sono apparsi alcuni articoli che ci coinvolgono. Ci sembra necessario spiegare la nostra posizione come Collettivo Reverse, ma anche come Casa dei Beni Comuni che ha reso possibile la costruzione del Belluno Pride sin dalla prima edizione, rendendolo un evento che non appartiene a un solo collettivo, ma [&hellip;]\" \/>\n<meta property=\"og:url\" content=\"https:\/\/www.bellunopress.it\/fr\/2026\/06\/12\/pride-belluno-le-precisazioni-del-collettivo-reverse\/\" \/>\n<meta property=\"og:site_name\" content=\"Bellunopress - Dolomiti\" \/>\n<meta property=\"article:publisher\" content=\"https:\/\/www.facebook.com\/profile.php?id=100008943462799\" \/>\n<meta property=\"article:published_time\" content=\"2026-06-12T09:17:25+00:00\" \/>\n<meta property=\"og:image\" content=\"https:\/\/www.bellunopress.it\/wp-content\/uploads\/2026\/06\/Collettivo-Reverse.jpg\" \/>\n\t<meta property=\"og:image:width\" content=\"734\" \/>\n\t<meta property=\"og:image:height\" content=\"185\" \/>\n\t<meta property=\"og:image:type\" content=\"image\/jpeg\" \/>\n<meta name=\"author\" content=\"redazione\" \/>\n<meta name=\"twitter:card\" content=\"summary_large_image\" \/>\n<meta name=\"twitter:creator\" content=\"@bellunopress\" \/>\n<meta name=\"twitter:site\" content=\"@bellunopress\" \/>\n<meta name=\"twitter:label1\" content=\"\u00c9crit par\" \/>\n\t<meta name=\"twitter:data1\" content=\"redazione\" \/>\n\t<meta name=\"twitter:label2\" content=\"Dur\u00e9e de lecture estim\u00e9e\" \/>\n\t<meta name=\"twitter:data2\" content=\"5 minutes\" \/>\n<script type=\"application\/ld+json\" class=\"yoast-schema-graph\">{\"@context\":\"https:\\\/\\\/schema.org\",\"@graph\":[{\"@type\":\"Article\",\"@id\":\"https:\\\/\\\/www.bellunopress.it\\\/2026\\\/06\\\/12\\\/pride-belluno-le-precisazioni-del-collettivo-reverse\\\/#article\",\"isPartOf\":{\"@id\":\"https:\\\/\\\/www.bellunopress.it\\\/2026\\\/06\\\/12\\\/pride-belluno-le-precisazioni-del-collettivo-reverse\\\/\"},\"author\":{\"name\":\"redazione\",\"@id\":\"https:\\\/\\\/www.bellunopress.it\\\/#\\\/schema\\\/person\\\/79bb06722b37ece1c03d3e94beb30d73\"},\"headline\":\"Pride Belluno. Le precisazioni del Collettivo Reverse\",\"datePublished\":\"2026-06-12T09:17:25+00:00\",\"mainEntityOfPage\":{\"@id\":\"https:\\\/\\\/www.bellunopress.it\\\/2026\\\/06\\\/12\\\/pride-belluno-le-precisazioni-del-collettivo-reverse\\\/\"},\"wordCount\":869,\"publisher\":{\"@id\":\"https:\\\/\\\/www.bellunopress.it\\\/#organization\"},\"image\":{\"@id\":\"https:\\\/\\\/www.bellunopress.it\\\/2026\\\/06\\\/12\\\/pride-belluno-le-precisazioni-del-collettivo-reverse\\\/#primaryimage\"},\"thumbnailUrl\":\"https:\\\/\\\/www.bellunopress.it\\\/wp-content\\\/uploads\\\/2026\\\/06\\\/Collettivo-Reverse.jpg\",\"articleSection\":[\"Lettere Opinioni\",\"Prima Pagina\"],\"inLanguage\":\"fr-FR\"},{\"@type\":\"WebPage\",\"@id\":\"https:\\\/\\\/www.bellunopress.it\\\/2026\\\/06\\\/12\\\/pride-belluno-le-precisazioni-del-collettivo-reverse\\\/\",\"url\":\"https:\\\/\\\/www.bellunopress.it\\\/2026\\\/06\\\/12\\\/pride-belluno-le-precisazioni-del-collettivo-reverse\\\/\",\"name\":\"Pride Belluno. Le precisazioni del Collettivo Reverse - Bellunopress - Dolomiti\",\"isPartOf\":{\"@id\":\"https:\\\/\\\/www.bellunopress.it\\\/#website\"},\"primaryImageOfPage\":{\"@id\":\"https:\\\/\\\/www.bellunopress.it\\\/2026\\\/06\\\/12\\\/pride-belluno-le-precisazioni-del-collettivo-reverse\\\/#primaryimage\"},\"image\":{\"@id\":\"https:\\\/\\\/www.bellunopress.it\\\/2026\\\/06\\\/12\\\/pride-belluno-le-precisazioni-del-collettivo-reverse\\\/#primaryimage\"},\"thumbnailUrl\":\"https:\\\/\\\/www.bellunopress.it\\\/wp-content\\\/uploads\\\/2026\\\/06\\\/Collettivo-Reverse.jpg\",\"datePublished\":\"2026-06-12T09:17:25+00:00\",\"breadcrumb\":{\"@id\":\"https:\\\/\\\/www.bellunopress.it\\\/2026\\\/06\\\/12\\\/pride-belluno-le-precisazioni-del-collettivo-reverse\\\/#breadcrumb\"},\"inLanguage\":\"fr-FR\",\"potentialAction\":[{\"@type\":\"ReadAction\",\"target\":[\"https:\\\/\\\/www.bellunopress.it\\\/2026\\\/06\\\/12\\\/pride-belluno-le-precisazioni-del-collettivo-reverse\\\/\"]}]},{\"@type\":\"ImageObject\",\"inLanguage\":\"fr-FR\",\"@id\":\"https:\\\/\\\/www.bellunopress.it\\\/2026\\\/06\\\/12\\\/pride-belluno-le-precisazioni-del-collettivo-reverse\\\/#primaryimage\",\"url\":\"https:\\\/\\\/www.bellunopress.it\\\/wp-content\\\/uploads\\\/2026\\\/06\\\/Collettivo-Reverse.jpg\",\"contentUrl\":\"https:\\\/\\\/www.bellunopress.it\\\/wp-content\\\/uploads\\\/2026\\\/06\\\/Collettivo-Reverse.jpg\",\"width\":734,\"height\":185},{\"@type\":\"BreadcrumbList\",\"@id\":\"https:\\\/\\\/www.bellunopress.it\\\/2026\\\/06\\\/12\\\/pride-belluno-le-precisazioni-del-collettivo-reverse\\\/#breadcrumb\",\"itemListElement\":[{\"@type\":\"ListItem\",\"position\":1,\"name\":\"Home\",\"item\":\"https:\\\/\\\/www.bellunopress.it\\\/\"},{\"@type\":\"ListItem\",\"position\":2,\"name\":\"Pride Belluno. Le precisazioni del Collettivo Reverse\"}]},{\"@type\":\"WebSite\",\"@id\":\"https:\\\/\\\/www.bellunopress.it\\\/#website\",\"url\":\"https:\\\/\\\/www.bellunopress.it\\\/\",\"name\":\"Bellunopress - Dolomiti\",\"description\":\"e-mail: redazione@bellunopress.it\",\"publisher\":{\"@id\":\"https:\\\/\\\/www.bellunopress.it\\\/#organization\"},\"potentialAction\":[{\"@type\":\"SearchAction\",\"target\":{\"@type\":\"EntryPoint\",\"urlTemplate\":\"https:\\\/\\\/www.bellunopress.it\\\/?s={search_term_string}\"},\"query-input\":{\"@type\":\"PropertyValueSpecification\",\"valueRequired\":true,\"valueName\":\"search_term_string\"}}],\"inLanguage\":\"fr-FR\"},{\"@type\":\"Organization\",\"@id\":\"https:\\\/\\\/www.bellunopress.it\\\/#organization\",\"name\":\"Bellunopress\",\"url\":\"https:\\\/\\\/www.bellunopress.it\\\/\",\"logo\":{\"@type\":\"ImageObject\",\"inLanguage\":\"fr-FR\",\"@id\":\"https:\\\/\\\/www.bellunopress.it\\\/#\\\/schema\\\/logo\\\/image\\\/\",\"url\":\"https:\\\/\\\/www.bellunopress.it\\\/wp-content\\\/uploads\\\/2011\\\/05\\\/cropped-logo-bellunopress-.jpg\",\"contentUrl\":\"https:\\\/\\\/www.bellunopress.it\\\/wp-content\\\/uploads\\\/2011\\\/05\\\/cropped-logo-bellunopress-.jpg\",\"width\":512,\"height\":512,\"caption\":\"Bellunopress\"},\"image\":{\"@id\":\"https:\\\/\\\/www.bellunopress.it\\\/#\\\/schema\\\/logo\\\/image\\\/\"},\"sameAs\":[\"https:\\\/\\\/www.facebook.com\\\/profile.php?id=100008943462799\",\"https:\\\/\\\/x.com\\\/bellunopress\",\"https:\\\/\\\/www.linkedin.com\\\/hp\\\/?dnr=JBzUWaJfMUw8vbXJJ2tVW5-I3jZKvC4wsoxE&amp;amp;amp;amp;amp;amp;trk=nav_responsive_tab_home\",\"https:\\\/\\\/www.youtube.com\\\/channel\\\/UCxL0wu1uN0_3_7hGG0306cw\"]},{\"@type\":\"Person\",\"@id\":\"https:\\\/\\\/www.bellunopress.it\\\/#\\\/schema\\\/person\\\/79bb06722b37ece1c03d3e94beb30d73\",\"name\":\"redazione\",\"image\":{\"@type\":\"ImageObject\",\"inLanguage\":\"fr-FR\",\"@id\":\"https:\\\/\\\/secure.gravatar.com\\\/avatar\\\/37d968a2e67a6fd04c169c4bdef102d0bc5d31b2546345219e348575eb80e9a0?s=96&d=mm&r=g\",\"url\":\"https:\\\/\\\/secure.gravatar.com\\\/avatar\\\/37d968a2e67a6fd04c169c4bdef102d0bc5d31b2546345219e348575eb80e9a0?s=96&d=mm&r=g\",\"contentUrl\":\"https:\\\/\\\/secure.gravatar.com\\\/avatar\\\/37d968a2e67a6fd04c169c4bdef102d0bc5d31b2546345219e348575eb80e9a0?s=96&d=mm&r=g\",\"caption\":\"redazione\"},\"sameAs\":[\"http:\\\/\\\/www.bellunopress.it\",\"https:\\\/\\\/x.com\\\/bellunopress\"],\"url\":\"https:\\\/\\\/www.bellunopress.it\\\/fr\\\/author\\\/redazione\\\/\"}]}<\/script>\n<!-- \/ Yoast SEO plugin. -->","yoast_head_json":{"title":"Pride Belluno. Le precisazioni del Collettivo Reverse - Bellunopress - Dolomiti","robots":{"index":"index","follow":"follow","max-snippet":"max-snippet:-1","max-image-preview":"max-image-preview:large","max-video-preview":"max-video-preview:-1"},"canonical":"https:\/\/www.bellunopress.it\/fr\/2026\/06\/12\/pride-belluno-le-precisazioni-del-collettivo-reverse\/","og_locale":"fr_FR","og_type":"article","og_title":"Pride Belluno. Le precisazioni del Collettivo Reverse - Bellunopress - Dolomiti","og_description":"A poche settimane dal Pride di Belluno sono apparsi alcuni articoli che ci coinvolgono. Ci sembra necessario spiegare la nostra posizione come Collettivo Reverse, ma anche come Casa dei Beni Comuni che ha reso possibile la costruzione del Belluno Pride sin dalla prima edizione, rendendolo un evento che non appartiene a un solo collettivo, ma [&hellip;]","og_url":"https:\/\/www.bellunopress.it\/fr\/2026\/06\/12\/pride-belluno-le-precisazioni-del-collettivo-reverse\/","og_site_name":"Bellunopress - Dolomiti","article_publisher":"https:\/\/www.facebook.com\/profile.php?id=100008943462799","article_published_time":"2026-06-12T09:17:25+00:00","og_image":[{"width":734,"height":185,"url":"https:\/\/www.bellunopress.it\/wp-content\/uploads\/2026\/06\/Collettivo-Reverse.jpg","type":"image\/jpeg"}],"author":"redazione","twitter_card":"summary_large_image","twitter_creator":"@bellunopress","twitter_site":"@bellunopress","twitter_misc":{"\u00c9crit par":"redazione","Dur\u00e9e de lecture estim\u00e9e":"5 minutes"},"schema":{"@context":"https:\/\/schema.org","@graph":[{"@type":"Article","@id":"https:\/\/www.bellunopress.it\/2026\/06\/12\/pride-belluno-le-precisazioni-del-collettivo-reverse\/#article","isPartOf":{"@id":"https:\/\/www.bellunopress.it\/2026\/06\/12\/pride-belluno-le-precisazioni-del-collettivo-reverse\/"},"author":{"name":"redazione","@id":"https:\/\/www.bellunopress.it\/#\/schema\/person\/79bb06722b37ece1c03d3e94beb30d73"},"headline":"Pride Belluno. Le precisazioni del Collettivo Reverse","datePublished":"2026-06-12T09:17:25+00:00","mainEntityOfPage":{"@id":"https:\/\/www.bellunopress.it\/2026\/06\/12\/pride-belluno-le-precisazioni-del-collettivo-reverse\/"},"wordCount":869,"publisher":{"@id":"https:\/\/www.bellunopress.it\/#organization"},"image":{"@id":"https:\/\/www.bellunopress.it\/2026\/06\/12\/pride-belluno-le-precisazioni-del-collettivo-reverse\/#primaryimage"},"thumbnailUrl":"https:\/\/www.bellunopress.it\/wp-content\/uploads\/2026\/06\/Collettivo-Reverse.jpg","articleSection":["Lettere Opinioni","Prima Pagina"],"inLanguage":"fr-FR"},{"@type":"WebPage","@id":"https:\/\/www.bellunopress.it\/2026\/06\/12\/pride-belluno-le-precisazioni-del-collettivo-reverse\/","url":"https:\/\/www.bellunopress.it\/2026\/06\/12\/pride-belluno-le-precisazioni-del-collettivo-reverse\/","name":"Pride Belluno. Le precisazioni del Collettivo Reverse - Bellunopress - Dolomiti","isPartOf":{"@id":"https:\/\/www.bellunopress.it\/#website"},"primaryImageOfPage":{"@id":"https:\/\/www.bellunopress.it\/2026\/06\/12\/pride-belluno-le-precisazioni-del-collettivo-reverse\/#primaryimage"},"image":{"@id":"https:\/\/www.bellunopress.it\/2026\/06\/12\/pride-belluno-le-precisazioni-del-collettivo-reverse\/#primaryimage"},"thumbnailUrl":"https:\/\/www.bellunopress.it\/wp-content\/uploads\/2026\/06\/Collettivo-Reverse.jpg","datePublished":"2026-06-12T09:17:25+00:00","breadcrumb":{"@id":"https:\/\/www.bellunopress.it\/2026\/06\/12\/pride-belluno-le-precisazioni-del-collettivo-reverse\/#breadcrumb"},"inLanguage":"fr-FR","potentialAction":[{"@type":"ReadAction","target":["https:\/\/www.bellunopress.it\/2026\/06\/12\/pride-belluno-le-precisazioni-del-collettivo-reverse\/"]}]},{"@type":"ImageObject","inLanguage":"fr-FR","@id":"https:\/\/www.bellunopress.it\/2026\/06\/12\/pride-belluno-le-precisazioni-del-collettivo-reverse\/#primaryimage","url":"https:\/\/www.bellunopress.it\/wp-content\/uploads\/2026\/06\/Collettivo-Reverse.jpg","contentUrl":"https:\/\/www.bellunopress.it\/wp-content\/uploads\/2026\/06\/Collettivo-Reverse.jpg","width":734,"height":185},{"@type":"BreadcrumbList","@id":"https:\/\/www.bellunopress.it\/2026\/06\/12\/pride-belluno-le-precisazioni-del-collettivo-reverse\/#breadcrumb","itemListElement":[{"@type":"ListItem","position":1,"name":"Home","item":"https:\/\/www.bellunopress.it\/"},{"@type":"ListItem","position":2,"name":"Pride Belluno. Le precisazioni del Collettivo Reverse"}]},{"@type":"WebSite","@id":"https:\/\/www.bellunopress.it\/#website","url":"https:\/\/www.bellunopress.it\/","name":"Bellunopress - Dolomiti","description":"e-mail: redazione@bellunopress.it","publisher":{"@id":"https:\/\/www.bellunopress.it\/#organization"},"potentialAction":[{"@type":"SearchAction","target":{"@type":"EntryPoint","urlTemplate":"https:\/\/www.bellunopress.it\/?s={search_term_string}"},"query-input":{"@type":"PropertyValueSpecification","valueRequired":true,"valueName":"search_term_string"}}],"inLanguage":"fr-FR"},{"@type":"Organization","@id":"https:\/\/www.bellunopress.it\/#organization","name":"Bellunopress","url":"https:\/\/www.bellunopress.it\/","logo":{"@type":"ImageObject","inLanguage":"fr-FR","@id":"https:\/\/www.bellunopress.it\/#\/schema\/logo\/image\/","url":"https:\/\/www.bellunopress.it\/wp-content\/uploads\/2011\/05\/cropped-logo-bellunopress-.jpg","contentUrl":"https:\/\/www.bellunopress.it\/wp-content\/uploads\/2011\/05\/cropped-logo-bellunopress-.jpg","width":512,"height":512,"caption":"Bellunopress"},"image":{"@id":"https:\/\/www.bellunopress.it\/#\/schema\/logo\/image\/"},"sameAs":["https:\/\/www.facebook.com\/profile.php?id=100008943462799","https:\/\/x.com\/bellunopress","https:\/\/www.linkedin.com\/hp\/?dnr=JBzUWaJfMUw8vbXJJ2tVW5-I3jZKvC4wsoxE&amp;amp;amp;amp;amp;amp;trk=nav_responsive_tab_home","https:\/\/www.youtube.com\/channel\/UCxL0wu1uN0_3_7hGG0306cw"]},{"@type":"Person","@id":"https:\/\/www.bellunopress.it\/#\/schema\/person\/79bb06722b37ece1c03d3e94beb30d73","name":"r\u00e9daction","image":{"@type":"ImageObject","inLanguage":"fr-FR","@id":"https:\/\/secure.gravatar.com\/avatar\/37d968a2e67a6fd04c169c4bdef102d0bc5d31b2546345219e348575eb80e9a0?s=96&d=mm&r=g","url":"https:\/\/secure.gravatar.com\/avatar\/37d968a2e67a6fd04c169c4bdef102d0bc5d31b2546345219e348575eb80e9a0?s=96&d=mm&r=g","contentUrl":"https:\/\/secure.gravatar.com\/avatar\/37d968a2e67a6fd04c169c4bdef102d0bc5d31b2546345219e348575eb80e9a0?s=96&d=mm&r=g","caption":"redazione"},"sameAs":["http:\/\/www.bellunopress.it","https:\/\/x.com\/bellunopress"],"url":"https:\/\/www.bellunopress.it\/fr\/author\/redazione\/"}]}},"_links":{"self":[{"href":"https:\/\/www.bellunopress.it\/fr\/wp-json\/wp\/v2\/posts\/170912","targetHints":{"allow":["GET"]}}],"collection":[{"href":"https:\/\/www.bellunopress.it\/fr\/wp-json\/wp\/v2\/posts"}],"about":[{"href":"https:\/\/www.bellunopress.it\/fr\/wp-json\/wp\/v2\/types\/post"}],"author":[{"embeddable":true,"href":"https:\/\/www.bellunopress.it\/fr\/wp-json\/wp\/v2\/users\/2"}],"replies":[{"embeddable":true,"href":"https:\/\/www.bellunopress.it\/fr\/wp-json\/wp\/v2\/comments?post=170912"}],"version-history":[{"count":1,"href":"https:\/\/www.bellunopress.it\/fr\/wp-json\/wp\/v2\/posts\/170912\/revisions"}],"predecessor-version":[{"id":170914,"href":"https:\/\/www.bellunopress.it\/fr\/wp-json\/wp\/v2\/posts\/170912\/revisions\/170914"}],"wp:featuredmedia":[{"embeddable":true,"href":"https:\/\/www.bellunopress.it\/fr\/wp-json\/wp\/v2\/media\/170913"}],"wp:attachment":[{"href":"https:\/\/www.bellunopress.it\/fr\/wp-json\/wp\/v2\/media?parent=170912"}],"wp:term":[{"taxonomy":"category","embeddable":true,"href":"https:\/\/www.bellunopress.it\/fr\/wp-json\/wp\/v2\/categories?post=170912"},{"taxonomy":"post_tag","embeddable":true,"href":"https:\/\/www.bellunopress.it\/fr\/wp-json\/wp\/v2\/tags?post=170912"}],"curies":[{"name":"wp","href":"https:\/\/api.w.org\/{rel}","templated":true}]}}