{"id":170900,"date":"2026-06-11T18:06:42","date_gmt":"2026-06-11T16:06:42","guid":{"rendered":"https:\/\/www.bellunopress.it\/?p=170900"},"modified":"2026-06-11T18:06:42","modified_gmt":"2026-06-11T16:06:42","slug":"lo-ski-civetta-apre-la-stagione-estiva-2026","status":"publish","type":"post","link":"https:\/\/www.bellunopress.it\/fr\/2026\/06\/11\/lo-ski-civetta-apre-la-stagione-estiva-2026\/","title":{"rendered":"Lo Ski Civetta apre la stagione estiva 2026"},"content":{"rendered":"<p><em>Il presidente Cesare Sorar\u00f9: \u00abDal 13 giugno impianti aperti ad Alleghe, con Selva di Cadore e Val di Zoldo nasce una grande destinazione outdoor\u00bb<\/em><\/p>\n<p><em>Belluno, 11 giugno 2026 &#8211; <\/em>Il comprensorio dello Ski Civetta si prepara a vivere una nuova estate all&#8217;insegna della natura, dello sport e della scoperta delle Dolomiti. Da sabato 13 giugno prende avvio la stagione estiva 2026, con l&#8217;apertura progressiva degli impianti e una proposta che unisce Alleghe, Selva di Cadore e Val di Zoldo in un&#8217;unica destinazione outdoor.<\/p>\n<p>La stagione parte sabato 13 giugno con l\u2019apertura delle cabinovie di Alleghe, operative fino al 27 settembre. Dal 27 giugno e fino al 6 settembre sono attivi anche gli impianti di Selva di Cadore e Val di Zoldo, mentre dal 4 luglio fino al 6 settembre apre la seggiovia Pioda di Palafavera. Gli impianti di Alleghe, Selva di Cadore e Val di Zoldo sono attrezzati per il trasporto delle persone e delle biciclette.<\/p>\n<p>Il comprensorio dello Ski Civetta si presenta come un territorio autentico e accessibile, capace di accogliere famiglie, escursionisti, sportivi, appassionati di mountain bike ed e-bike offrendo panorami mozzafiato, rifugi e attivit\u00e0 in quota dedicate a tutte le et\u00e0. Gli impianti di risalita rappresentano anche in estate il filo che collega le vallate, rendendo pi\u00f9 semplice vivere il comprensorio come un&#8217;esperienza unitaria.<\/p>\n<p>L&#8217;estate 2026 vedr\u00e0 protagoniste le due ruote. Lo Ski Civetta continua a investire nello sviluppo dell&#8217;offerta dedicata a mountain bike ed e-bike, con una proposta integrata che collega impianti, servizi e rifugi. L&#8217;esperienza \u00e8 pensata per famiglie, principianti, appassionati di e-bike, sportivi e biker esperti. Gli itinerari si snodano tra strade silvopastorali, collegamenti tra vallate, tratti panoramici e punti di interesse naturalistico, offrendo l&#8217;opportunit\u00e0 di vivere la montagna da prospettive sempre diverse. L&#8217;interesse verso questa proposta \u00e8 in costante crescita, come dimostra l&#8217;incremento dei passaggi estivi generati dai soli biglietti hike &amp; bike, passati dai 2.032 del 2024 ai 10.269 del 2025. Un dato che conferma il crescente appeal del comprensorio anche nella stagione estiva. Sono gi\u00e0 oltre 200 i chilometri di itinerari mappati e valorizzati, ma questa \u00e8 solo una parte del lavoro in corso. Nelle prossime settimane verr\u00e0, infatti, svelato un nuovo strumento pensato per rendere ancora pi\u00f9 semplice, intuitiva e coinvolgente la scoperta del comprensorio sulle due ruote. Un progetto che punta a mettere in rete percorsi, servizi ed esperienze, offrendo agli appassionati un modo completamente nuovo di vivere il territorio.<\/p>\n<p>\u00abLa stagione estiva rappresenta per lo Ski Civetta una grande opportunit\u00e0: il nostro obiettivo \u00e8 raccontare un comprensorio, non singole localit\u00e0. Val di Zoldo, Selva di Cadore e Alleghe condividono un patrimonio paesaggistico e turistico straordinario, fatto di Dolomiti UNESCO, impianti, rifugi, sentieri, servizi e ospitalit\u00e0. Lavorare come comprensorio significa dare agli ospiti una proposta pi\u00f9 chiara, pi\u00f9 completa e pi\u00f9 forte. Lo strumento che presto presenteremo va in questa direzione: valorizzare la montagna estiva, mettere in rete le nostre vallate e offrire un nuovo modo di vivere il territorio tra sport, natura e accoglienza\u00bb. Cesare Sorar\u00f9, presidente dello Ski Civetta, sintetizza cos\u00ec il significato della nuova stagione: un&#8217;estate che punta a consolidare il ruolo dello Ski Civetta come destinazione outdoor delle Dolomiti, rafforzando l&#8217;utilizzo degli impianti anche fuori dalla stagione invernale e valorizzando un sistema di accoglienza diffuso.<\/p>\n<p>&nbsp;<\/p>\n<p>Il quadro delle aperture previste:<\/p>\n<p>&nbsp;<\/p>\n<table>\n<tbody>\n<tr>\n<td width=\"162\">Area<\/td>\n<td width=\"162\">Impianto<\/td>\n<td width=\"162\">Periodo<\/td>\n<td width=\"162\">Orario<\/td>\n<\/tr>\n<tr>\n<td width=\"162\">Alleghe<\/td>\n<td width=\"162\">Cabinovia Alleghe &#8211; Piani di Pezz\u00e8<\/td>\n<td width=\"162\">13\/06\/2026 &#8211; 27\/09\/2026<\/td>\n<td width=\"162\">08:30 &#8211; 17:30<\/td>\n<\/tr>\n<tr>\n<td width=\"162\">Alleghe<\/td>\n<td width=\"162\">Cabinovia Piani di Pezz\u00e8 &#8211; Col dei Baldi<\/td>\n<td width=\"162\">13\/06\/2026 &#8211; 27\/09\/2026<\/td>\n<td width=\"162\">08:30 &#8211; 17:30<\/td>\n<\/tr>\n<tr>\n<td width=\"162\">Val di Zoldo<\/td>\n<td width=\"162\">Seggiovia Delle Coste<\/td>\n<td width=\"162\">27\/06\/2026 &#8211; 06\/09\/2026<\/td>\n<td width=\"162\">09:00 &#8211; 17:00<\/td>\n<\/tr>\n<tr>\n<td width=\"162\">Selva di Cadore<\/td>\n<td width=\"162\">Seggiovia Pescul &#8211; Fertazza<\/td>\n<td width=\"162\">27\/06\/2026 &#8211; 06\/09\/2026<\/td>\n<td width=\"162\">09:00 &#8211; 17:00<\/td>\n<\/tr>\n<tr>\n<td width=\"162\">Selva di Cadore<\/td>\n<td width=\"162\">Seggiovia Sotto &#8211; Cima Fertazza<\/td>\n<td width=\"162\">27\/06\/2026 &#8211; 06\/09\/2026<\/td>\n<td width=\"162\">09:00 &#8211; 17:00<\/td>\n<\/tr>\n<tr>\n<td width=\"162\">Palafavera<\/td>\n<td width=\"162\">Seggiovia Pioda<\/td>\n<td width=\"162\">04\/07\/2026 &#8211; 06\/09\/2026<\/td>\n<td width=\"162\">08:40 &#8211; 17:15<\/td>\n<\/tr>\n<tr>\n<td width=\"162\">Val di Zoldo<\/td>\n<td width=\"162\">Cabinovia Pecol &#8211; Pian del Crep<\/td>\n<td width=\"162\">Estate 2026<\/td>\n<td width=\"162\">Chiusa per lavori di sostituzione<\/td>\n<\/tr>\n<\/tbody>\n<\/table>\n<h1><\/h1>\n<p>&nbsp;<\/p>","protected":false},"excerpt":{"rendered":"<p>Il presidente Cesare Sorar\u00f9: \u00abDal 13 giugno impianti aperti ad Alleghe, con Selva di Cadore e Val di Zoldo nasce una grande destinazione outdoor\u00bb Belluno, 11 giugno 2026 &#8211; Il comprensorio dello Ski Civetta si prepara a vivere una nuova estate all&#8217;insegna della natura, dello sport e della scoperta delle Dolomiti. Da sabato 13 giugno [&hellip;]<\/p>\n","protected":false},"author":2,"featured_media":170901,"comment_status":"closed","ping_status":"open","sticky":false,"template":"","format":"standard","meta":{"footnotes":""},"categories":[36,4],"tags":[],"class_list":["post-170900","post","type-post","status-publish","format-standard","has-post-thumbnail","category-lavoro-economia","category-sport"],"yoast_head":"<!-- This site is optimized with the Yoast SEO plugin v28.4 - https:\/\/yoast.com\/product\/yoast-seo-wordpress\/ -->\n<title>Lo Ski Civetta apre la stagione estiva 2026 - Bellunopress - Dolomiti<\/title>\n<meta name=\"robots\" content=\"index, follow, max-snippet:-1, max-image-preview:large, max-video-preview:-1\" \/>\n<link rel=\"canonical\" href=\"https:\/\/www.bellunopress.it\/fr\/2026\/06\/11\/lo-ski-civetta-apre-la-stagione-estiva-2026\/\" \/>\n<meta property=\"og:locale\" content=\"fr_FR\" \/>\n<meta property=\"og:type\" content=\"article\" \/>\n<meta property=\"og:title\" content=\"Lo Ski Civetta apre la stagione estiva 2026 - Bellunopress - Dolomiti\" \/>\n<meta property=\"og:description\" content=\"Il presidente Cesare Sorar\u00f9: \u00abDal 13 giugno impianti aperti ad Alleghe, con Selva di Cadore e Val di Zoldo nasce una grande destinazione outdoor\u00bb Belluno, 11 giugno 2026 &#8211; Il comprensorio dello Ski Civetta si prepara a vivere una nuova estate all&#8217;insegna della natura, dello sport e della scoperta delle Dolomiti. Da sabato 13 giugno [&hellip;]\" \/>\n<meta property=\"og:url\" content=\"https:\/\/www.bellunopress.it\/fr\/2026\/06\/11\/lo-ski-civetta-apre-la-stagione-estiva-2026\/\" \/>\n<meta property=\"og:site_name\" content=\"Bellunopress - Dolomiti\" \/>\n<meta property=\"article:publisher\" content=\"https:\/\/www.facebook.com\/profile.php?id=100008943462799\" \/>\n<meta property=\"article:published_time\" content=\"2026-06-11T16:06:42+00:00\" \/>\n<meta property=\"og:image\" content=\"https:\/\/www.bellunopress.it\/wp-content\/uploads\/2026\/06\/ski-Civetta-estate.jpg\" \/>\n\t<meta property=\"og:image:width\" content=\"500\" \/>\n\t<meta property=\"og:image:height\" content=\"400\" \/>\n\t<meta property=\"og:image:type\" content=\"image\/jpeg\" \/>\n<meta name=\"author\" content=\"redazione\" \/>\n<meta name=\"twitter:card\" content=\"summary_large_image\" \/>\n<meta name=\"twitter:creator\" content=\"@bellunopress\" \/>\n<meta name=\"twitter:site\" content=\"@bellunopress\" \/>\n<meta name=\"twitter:label1\" content=\"\u00c9crit par\" \/>\n\t<meta name=\"twitter:data1\" content=\"redazione\" \/>\n\t<meta name=\"twitter:label2\" content=\"Dur\u00e9e de lecture estim\u00e9e\" \/>\n\t<meta name=\"twitter:data2\" content=\"4 minutes\" \/>\n<script type=\"application\/ld+json\" class=\"yoast-schema-graph\">{\"@context\":\"https:\\\/\\\/schema.org\",\"@graph\":[{\"@type\":\"Article\",\"@id\":\"https:\\\/\\\/www.bellunopress.it\\\/2026\\\/06\\\/11\\\/lo-ski-civetta-apre-la-stagione-estiva-2026\\\/#article\",\"isPartOf\":{\"@id\":\"https:\\\/\\\/www.bellunopress.it\\\/2026\\\/06\\\/11\\\/lo-ski-civetta-apre-la-stagione-estiva-2026\\\/\"},\"author\":{\"name\":\"redazione\",\"@id\":\"https:\\\/\\\/www.bellunopress.it\\\/#\\\/schema\\\/person\\\/79bb06722b37ece1c03d3e94beb30d73\"},\"headline\":\"Lo Ski Civetta apre la stagione estiva 2026\",\"datePublished\":\"2026-06-11T16:06:42+00:00\",\"mainEntityOfPage\":{\"@id\":\"https:\\\/\\\/www.bellunopress.it\\\/2026\\\/06\\\/11\\\/lo-ski-civetta-apre-la-stagione-estiva-2026\\\/\"},\"wordCount\":618,\"publisher\":{\"@id\":\"https:\\\/\\\/www.bellunopress.it\\\/#organization\"},\"image\":{\"@id\":\"https:\\\/\\\/www.bellunopress.it\\\/2026\\\/06\\\/11\\\/lo-ski-civetta-apre-la-stagione-estiva-2026\\\/#primaryimage\"},\"thumbnailUrl\":\"https:\\\/\\\/www.bellunopress.it\\\/wp-content\\\/uploads\\\/2026\\\/06\\\/ski-Civetta-estate.jpg\",\"articleSection\":[\"Lavoro, Economia, Turismo\",\"Sport, tempo libero\"],\"inLanguage\":\"fr-FR\"},{\"@type\":\"WebPage\",\"@id\":\"https:\\\/\\\/www.bellunopress.it\\\/2026\\\/06\\\/11\\\/lo-ski-civetta-apre-la-stagione-estiva-2026\\\/\",\"url\":\"https:\\\/\\\/www.bellunopress.it\\\/2026\\\/06\\\/11\\\/lo-ski-civetta-apre-la-stagione-estiva-2026\\\/\",\"name\":\"Lo Ski Civetta apre la stagione estiva 2026 - Bellunopress - Dolomiti\",\"isPartOf\":{\"@id\":\"https:\\\/\\\/www.bellunopress.it\\\/#website\"},\"primaryImageOfPage\":{\"@id\":\"https:\\\/\\\/www.bellunopress.it\\\/2026\\\/06\\\/11\\\/lo-ski-civetta-apre-la-stagione-estiva-2026\\\/#primaryimage\"},\"image\":{\"@id\":\"https:\\\/\\\/www.bellunopress.it\\\/2026\\\/06\\\/11\\\/lo-ski-civetta-apre-la-stagione-estiva-2026\\\/#primaryimage\"},\"thumbnailUrl\":\"https:\\\/\\\/www.bellunopress.it\\\/wp-content\\\/uploads\\\/2026\\\/06\\\/ski-Civetta-estate.jpg\",\"datePublished\":\"2026-06-11T16:06:42+00:00\",\"breadcrumb\":{\"@id\":\"https:\\\/\\\/www.bellunopress.it\\\/2026\\\/06\\\/11\\\/lo-ski-civetta-apre-la-stagione-estiva-2026\\\/#breadcrumb\"},\"inLanguage\":\"fr-FR\",\"potentialAction\":[{\"@type\":\"ReadAction\",\"target\":[\"https:\\\/\\\/www.bellunopress.it\\\/2026\\\/06\\\/11\\\/lo-ski-civetta-apre-la-stagione-estiva-2026\\\/\"]}]},{\"@type\":\"ImageObject\",\"inLanguage\":\"fr-FR\",\"@id\":\"https:\\\/\\\/www.bellunopress.it\\\/2026\\\/06\\\/11\\\/lo-ski-civetta-apre-la-stagione-estiva-2026\\\/#primaryimage\",\"url\":\"https:\\\/\\\/www.bellunopress.it\\\/wp-content\\\/uploads\\\/2026\\\/06\\\/ski-Civetta-estate.jpg\",\"contentUrl\":\"https:\\\/\\\/www.bellunopress.it\\\/wp-content\\\/uploads\\\/2026\\\/06\\\/ski-Civetta-estate.jpg\",\"width\":500,\"height\":400},{\"@type\":\"BreadcrumbList\",\"@id\":\"https:\\\/\\\/www.bellunopress.it\\\/2026\\\/06\\\/11\\\/lo-ski-civetta-apre-la-stagione-estiva-2026\\\/#breadcrumb\",\"itemListElement\":[{\"@type\":\"ListItem\",\"position\":1,\"name\":\"Home\",\"item\":\"https:\\\/\\\/www.bellunopress.it\\\/\"},{\"@type\":\"ListItem\",\"position\":2,\"name\":\"Lo Ski Civetta apre la stagione estiva 2026\"}]},{\"@type\":\"WebSite\",\"@id\":\"https:\\\/\\\/www.bellunopress.it\\\/#website\",\"url\":\"https:\\\/\\\/www.bellunopress.it\\\/\",\"name\":\"Bellunopress - Dolomiti\",\"description\":\"e-mail: redazione@bellunopress.it\",\"publisher\":{\"@id\":\"https:\\\/\\\/www.bellunopress.it\\\/#organization\"},\"potentialAction\":[{\"@type\":\"SearchAction\",\"target\":{\"@type\":\"EntryPoint\",\"urlTemplate\":\"https:\\\/\\\/www.bellunopress.it\\\/?s={search_term_string}\"},\"query-input\":{\"@type\":\"PropertyValueSpecification\",\"valueRequired\":true,\"valueName\":\"search_term_string\"}}],\"inLanguage\":\"fr-FR\"},{\"@type\":\"Organization\",\"@id\":\"https:\\\/\\\/www.bellunopress.it\\\/#organization\",\"name\":\"Bellunopress\",\"url\":\"https:\\\/\\\/www.bellunopress.it\\\/\",\"logo\":{\"@type\":\"ImageObject\",\"inLanguage\":\"fr-FR\",\"@id\":\"https:\\\/\\\/www.bellunopress.it\\\/#\\\/schema\\\/logo\\\/image\\\/\",\"url\":\"https:\\\/\\\/www.bellunopress.it\\\/wp-content\\\/uploads\\\/2011\\\/05\\\/cropped-logo-bellunopress-.jpg\",\"contentUrl\":\"https:\\\/\\\/www.bellunopress.it\\\/wp-content\\\/uploads\\\/2011\\\/05\\\/cropped-logo-bellunopress-.jpg\",\"width\":512,\"height\":512,\"caption\":\"Bellunopress\"},\"image\":{\"@id\":\"https:\\\/\\\/www.bellunopress.it\\\/#\\\/schema\\\/logo\\\/image\\\/\"},\"sameAs\":[\"https:\\\/\\\/www.facebook.com\\\/profile.php?id=100008943462799\",\"https:\\\/\\\/x.com\\\/bellunopress\",\"https:\\\/\\\/www.linkedin.com\\\/hp\\\/?dnr=JBzUWaJfMUw8vbXJJ2tVW5-I3jZKvC4wsoxE&amp;amp;amp;amp;amp;amp;trk=nav_responsive_tab_home\",\"https:\\\/\\\/www.youtube.com\\\/channel\\\/UCxL0wu1uN0_3_7hGG0306cw\"]},{\"@type\":\"Person\",\"@id\":\"https:\\\/\\\/www.bellunopress.it\\\/#\\\/schema\\\/person\\\/79bb06722b37ece1c03d3e94beb30d73\",\"name\":\"redazione\",\"image\":{\"@type\":\"ImageObject\",\"inLanguage\":\"fr-FR\",\"@id\":\"https:\\\/\\\/secure.gravatar.com\\\/avatar\\\/37d968a2e67a6fd04c169c4bdef102d0bc5d31b2546345219e348575eb80e9a0?s=96&d=mm&r=g\",\"url\":\"https:\\\/\\\/secure.gravatar.com\\\/avatar\\\/37d968a2e67a6fd04c169c4bdef102d0bc5d31b2546345219e348575eb80e9a0?s=96&d=mm&r=g\",\"contentUrl\":\"https:\\\/\\\/secure.gravatar.com\\\/avatar\\\/37d968a2e67a6fd04c169c4bdef102d0bc5d31b2546345219e348575eb80e9a0?s=96&d=mm&r=g\",\"caption\":\"redazione\"},\"sameAs\":[\"http:\\\/\\\/www.bellunopress.it\",\"https:\\\/\\\/x.com\\\/bellunopress\"],\"url\":\"https:\\\/\\\/www.bellunopress.it\\\/fr\\\/author\\\/redazione\\\/\"}]}<\/script>\n<!-- \/ Yoast SEO plugin. -->","yoast_head_json":{"title":"Lo Ski Civetta apre la stagione estiva 2026 - Bellunopress - Dolomiti","robots":{"index":"index","follow":"follow","max-snippet":"max-snippet:-1","max-image-preview":"max-image-preview:large","max-video-preview":"max-video-preview:-1"},"canonical":"https:\/\/www.bellunopress.it\/fr\/2026\/06\/11\/lo-ski-civetta-apre-la-stagione-estiva-2026\/","og_locale":"fr_FR","og_type":"article","og_title":"Lo Ski Civetta apre la stagione estiva 2026 - Bellunopress - Dolomiti","og_description":"Il presidente Cesare Sorar\u00f9: \u00abDal 13 giugno impianti aperti ad Alleghe, con Selva di Cadore e Val di Zoldo nasce una grande destinazione outdoor\u00bb Belluno, 11 giugno 2026 &#8211; Il comprensorio dello Ski Civetta si prepara a vivere una nuova estate all&#8217;insegna della natura, dello sport e della scoperta delle Dolomiti. Da sabato 13 giugno [&hellip;]","og_url":"https:\/\/www.bellunopress.it\/fr\/2026\/06\/11\/lo-ski-civetta-apre-la-stagione-estiva-2026\/","og_site_name":"Bellunopress - Dolomiti","article_publisher":"https:\/\/www.facebook.com\/profile.php?id=100008943462799","article_published_time":"2026-06-11T16:06:42+00:00","og_image":[{"width":500,"height":400,"url":"https:\/\/www.bellunopress.it\/wp-content\/uploads\/2026\/06\/ski-Civetta-estate.jpg","type":"image\/jpeg"}],"author":"redazione","twitter_card":"summary_large_image","twitter_creator":"@bellunopress","twitter_site":"@bellunopress","twitter_misc":{"\u00c9crit par":"redazione","Dur\u00e9e de lecture estim\u00e9e":"4 minutes"},"schema":{"@context":"https:\/\/schema.org","@graph":[{"@type":"Article","@id":"https:\/\/www.bellunopress.it\/2026\/06\/11\/lo-ski-civetta-apre-la-stagione-estiva-2026\/#article","isPartOf":{"@id":"https:\/\/www.bellunopress.it\/2026\/06\/11\/lo-ski-civetta-apre-la-stagione-estiva-2026\/"},"author":{"name":"redazione","@id":"https:\/\/www.bellunopress.it\/#\/schema\/person\/79bb06722b37ece1c03d3e94beb30d73"},"headline":"Lo Ski Civetta apre la stagione estiva 2026","datePublished":"2026-06-11T16:06:42+00:00","mainEntityOfPage":{"@id":"https:\/\/www.bellunopress.it\/2026\/06\/11\/lo-ski-civetta-apre-la-stagione-estiva-2026\/"},"wordCount":618,"publisher":{"@id":"https:\/\/www.bellunopress.it\/#organization"},"image":{"@id":"https:\/\/www.bellunopress.it\/2026\/06\/11\/lo-ski-civetta-apre-la-stagione-estiva-2026\/#primaryimage"},"thumbnailUrl":"https:\/\/www.bellunopress.it\/wp-content\/uploads\/2026\/06\/ski-Civetta-estate.jpg","articleSection":["Lavoro, Economia, Turismo","Sport, tempo libero"],"inLanguage":"fr-FR"},{"@type":"WebPage","@id":"https:\/\/www.bellunopress.it\/2026\/06\/11\/lo-ski-civetta-apre-la-stagione-estiva-2026\/","url":"https:\/\/www.bellunopress.it\/2026\/06\/11\/lo-ski-civetta-apre-la-stagione-estiva-2026\/","name":"Lo Ski Civetta apre la stagione estiva 2026 - Bellunopress - Dolomiti","isPartOf":{"@id":"https:\/\/www.bellunopress.it\/#website"},"primaryImageOfPage":{"@id":"https:\/\/www.bellunopress.it\/2026\/06\/11\/lo-ski-civetta-apre-la-stagione-estiva-2026\/#primaryimage"},"image":{"@id":"https:\/\/www.bellunopress.it\/2026\/06\/11\/lo-ski-civetta-apre-la-stagione-estiva-2026\/#primaryimage"},"thumbnailUrl":"https:\/\/www.bellunopress.it\/wp-content\/uploads\/2026\/06\/ski-Civetta-estate.jpg","datePublished":"2026-06-11T16:06:42+00:00","breadcrumb":{"@id":"https:\/\/www.bellunopress.it\/2026\/06\/11\/lo-ski-civetta-apre-la-stagione-estiva-2026\/#breadcrumb"},"inLanguage":"fr-FR","potentialAction":[{"@type":"ReadAction","target":["https:\/\/www.bellunopress.it\/2026\/06\/11\/lo-ski-civetta-apre-la-stagione-estiva-2026\/"]}]},{"@type":"ImageObject","inLanguage":"fr-FR","@id":"https:\/\/www.bellunopress.it\/2026\/06\/11\/lo-ski-civetta-apre-la-stagione-estiva-2026\/#primaryimage","url":"https:\/\/www.bellunopress.it\/wp-content\/uploads\/2026\/06\/ski-Civetta-estate.jpg","contentUrl":"https:\/\/www.bellunopress.it\/wp-content\/uploads\/2026\/06\/ski-Civetta-estate.jpg","width":500,"height":400},{"@type":"BreadcrumbList","@id":"https:\/\/www.bellunopress.it\/2026\/06\/11\/lo-ski-civetta-apre-la-stagione-estiva-2026\/#breadcrumb","itemListElement":[{"@type":"ListItem","position":1,"name":"Home","item":"https:\/\/www.bellunopress.it\/"},{"@type":"ListItem","position":2,"name":"Lo Ski Civetta apre la stagione estiva 2026"}]},{"@type":"WebSite","@id":"https:\/\/www.bellunopress.it\/#website","url":"https:\/\/www.bellunopress.it\/","name":"Bellunopress - Dolomiti","description":"e-mail: redazione@bellunopress.it","publisher":{"@id":"https:\/\/www.bellunopress.it\/#organization"},"potentialAction":[{"@type":"SearchAction","target":{"@type":"EntryPoint","urlTemplate":"https:\/\/www.bellunopress.it\/?s={search_term_string}"},"query-input":{"@type":"PropertyValueSpecification","valueRequired":true,"valueName":"search_term_string"}}],"inLanguage":"fr-FR"},{"@type":"Organization","@id":"https:\/\/www.bellunopress.it\/#organization","name":"Bellunopress","url":"https:\/\/www.bellunopress.it\/","logo":{"@type":"ImageObject","inLanguage":"fr-FR","@id":"https:\/\/www.bellunopress.it\/#\/schema\/logo\/image\/","url":"https:\/\/www.bellunopress.it\/wp-content\/uploads\/2011\/05\/cropped-logo-bellunopress-.jpg","contentUrl":"https:\/\/www.bellunopress.it\/wp-content\/uploads\/2011\/05\/cropped-logo-bellunopress-.jpg","width":512,"height":512,"caption":"Bellunopress"},"image":{"@id":"https:\/\/www.bellunopress.it\/#\/schema\/logo\/image\/"},"sameAs":["https:\/\/www.facebook.com\/profile.php?id=100008943462799","https:\/\/x.com\/bellunopress","https:\/\/www.linkedin.com\/hp\/?dnr=JBzUWaJfMUw8vbXJJ2tVW5-I3jZKvC4wsoxE&amp;amp;amp;amp;amp;amp;trk=nav_responsive_tab_home","https:\/\/www.youtube.com\/channel\/UCxL0wu1uN0_3_7hGG0306cw"]},{"@type":"Person","@id":"https:\/\/www.bellunopress.it\/#\/schema\/person\/79bb06722b37ece1c03d3e94beb30d73","name":"r\u00e9daction","image":{"@type":"ImageObject","inLanguage":"fr-FR","@id":"https:\/\/secure.gravatar.com\/avatar\/37d968a2e67a6fd04c169c4bdef102d0bc5d31b2546345219e348575eb80e9a0?s=96&d=mm&r=g","url":"https:\/\/secure.gravatar.com\/avatar\/37d968a2e67a6fd04c169c4bdef102d0bc5d31b2546345219e348575eb80e9a0?s=96&d=mm&r=g","contentUrl":"https:\/\/secure.gravatar.com\/avatar\/37d968a2e67a6fd04c169c4bdef102d0bc5d31b2546345219e348575eb80e9a0?s=96&d=mm&r=g","caption":"redazione"},"sameAs":["http:\/\/www.bellunopress.it","https:\/\/x.com\/bellunopress"],"url":"https:\/\/www.bellunopress.it\/fr\/author\/redazione\/"}]}},"_links":{"self":[{"href":"https:\/\/www.bellunopress.it\/fr\/wp-json\/wp\/v2\/posts\/170900","targetHints":{"allow":["GET"]}}],"collection":[{"href":"https:\/\/www.bellunopress.it\/fr\/wp-json\/wp\/v2\/posts"}],"about":[{"href":"https:\/\/www.bellunopress.it\/fr\/wp-json\/wp\/v2\/types\/post"}],"author":[{"embeddable":true,"href":"https:\/\/www.bellunopress.it\/fr\/wp-json\/wp\/v2\/users\/2"}],"replies":[{"embeddable":true,"href":"https:\/\/www.bellunopress.it\/fr\/wp-json\/wp\/v2\/comments?post=170900"}],"version-history":[{"count":1,"href":"https:\/\/www.bellunopress.it\/fr\/wp-json\/wp\/v2\/posts\/170900\/revisions"}],"predecessor-version":[{"id":170902,"href":"https:\/\/www.bellunopress.it\/fr\/wp-json\/wp\/v2\/posts\/170900\/revisions\/170902"}],"wp:featuredmedia":[{"embeddable":true,"href":"https:\/\/www.bellunopress.it\/fr\/wp-json\/wp\/v2\/media\/170901"}],"wp:attachment":[{"href":"https:\/\/www.bellunopress.it\/fr\/wp-json\/wp\/v2\/media?parent=170900"}],"wp:term":[{"taxonomy":"category","embeddable":true,"href":"https:\/\/www.bellunopress.it\/fr\/wp-json\/wp\/v2\/categories?post=170900"},{"taxonomy":"post_tag","embeddable":true,"href":"https:\/\/www.bellunopress.it\/fr\/wp-json\/wp\/v2\/tags?post=170900"}],"curies":[{"name":"wp","href":"https:\/\/api.w.org\/{rel}","templated":true}]}}