{"id":170887,"date":"2026-06-11T10:18:10","date_gmt":"2026-06-11T08:18:10","guid":{"rendered":"https:\/\/www.bellunopress.it\/?p=170887"},"modified":"2026-06-11T10:18:10","modified_gmt":"2026-06-11T08:18:10","slug":"autonomia-della-provincia-che-ne-e-stato-di-quel-referendum-del-2017","status":"publish","type":"post","link":"https:\/\/www.bellunopress.it\/fr\/2026\/06\/11\/autonomia-della-provincia-che-ne-e-stato-di-quel-referendum-del-2017\/","title":{"rendered":"Autonomia della Provincia. Che ne \u00e8 stato di quel referendum del 2017?"},"content":{"rendered":"<p>il 22 ottobre 2017 si \u00e8 tenuto il referendum per l&#8217;autonomia del Veneto e contestualmente quello per l&#8217;autonomia della Provincia di Belluno.<br \/>\nL&#8217;esito ha visto maggioranze bulgare con i si a favore oltre il 98%.<br \/>\nSono trascorsi nove anni e dove \u00e8 andata a finire quella volont\u00e0 popolare?<br \/>\nPer ci\u00f2 che riguarda la nostra Provincia viene da chiedersi se quel voto ha ancora un significato visto ci\u00f2 che sta avvenendo.<br \/>\nL&#8217;interrogativo trova risposta con lo svuotamento dei servizi, tutti smontati e portati via come pezzetti di LEGO, la Banca d&#8217;Italia, la Camera di Commercio, l&#8217;ENEL, TIM, l&#8217;Ospedale sempre pi\u00f9 ridotto per far accentrare su Treviso, Provveditorato agli studi, nubi pure sulla permanenza del Tribunale ed altri ancora in corso di trasferimento.<br \/>\nAnalisi Belluno \u00e8 ridotta a una scatola vuota.<br \/>\nSe non bastasse c&#8217;\u00e8 la volont\u00e0 di mettere le mani sull&#8217;energia idroelettrica e la presa di possesso sul territorio per installare vigneti.<br \/>\nIn definitiva la Provincia di Belluno \u00e8 terra di conquista come fosse una mucca da mungere.<br \/>\nIn compenso unica eccezione il proliferare di supermercati.<br \/>\nMa i nostri politici dove sono? Non \u00e8 ora di battere un colpo?<\/p>\n<p>Celeste Balcon \u2013 Patto per Belluno<\/p>","protected":false},"excerpt":{"rendered":"<p>il 22 ottobre 2017 si \u00e8 tenuto il referendum per l&#8217;autonomia del Veneto e contestualmente quello per l&#8217;autonomia della Provincia di Belluno. L&#8217;esito ha visto maggioranze bulgare con i si a favore oltre il 98%. Sono trascorsi nove anni e dove \u00e8 andata a finire quella volont\u00e0 popolare? Per ci\u00f2 che riguarda la nostra Provincia [&hellip;]<\/p>\n","protected":false},"author":2,"featured_media":70515,"comment_status":"closed","ping_status":"open","sticky":false,"template":"","format":"standard","meta":{"footnotes":""},"categories":[1],"tags":[],"class_list":["post-170887","post","type-post","status-publish","format-standard","has-post-thumbnail","category-leo"],"yoast_head":"<!-- This site is optimized with the Yoast SEO plugin v28.4 - https:\/\/yoast.com\/product\/yoast-seo-wordpress\/ -->\n<title>Autonomia della Provincia. Che ne \u00e8 stato di quel referendum del 2017? - Bellunopress - Dolomiti<\/title>\n<meta name=\"robots\" content=\"index, follow, max-snippet:-1, max-image-preview:large, max-video-preview:-1\" \/>\n<link rel=\"canonical\" href=\"https:\/\/www.bellunopress.it\/fr\/2026\/06\/11\/autonomia-della-provincia-che-ne-e-stato-di-quel-referendum-del-2017\/\" \/>\n<meta property=\"og:locale\" content=\"fr_FR\" \/>\n<meta property=\"og:type\" content=\"article\" \/>\n<meta property=\"og:title\" content=\"Autonomia della Provincia. Che ne \u00e8 stato di quel referendum del 2017? - Bellunopress - Dolomiti\" \/>\n<meta property=\"og:description\" content=\"il 22 ottobre 2017 si \u00e8 tenuto il referendum per l&#8217;autonomia del Veneto e contestualmente quello per l&#8217;autonomia della Provincia di Belluno. L&#8217;esito ha visto maggioranze bulgare con i si a favore oltre il 98%. Sono trascorsi nove anni e dove \u00e8 andata a finire quella volont\u00e0 popolare? Per ci\u00f2 che riguarda la nostra Provincia [&hellip;]\" \/>\n<meta property=\"og:url\" content=\"https:\/\/www.bellunopress.it\/fr\/2026\/06\/11\/autonomia-della-provincia-che-ne-e-stato-di-quel-referendum-del-2017\/\" \/>\n<meta property=\"og:site_name\" content=\"Bellunopress - Dolomiti\" \/>\n<meta property=\"article:publisher\" content=\"https:\/\/www.facebook.com\/profile.php?id=100008943462799\" \/>\n<meta property=\"article:published_time\" content=\"2026-06-11T08:18:10+00:00\" \/>\n<meta property=\"og:image\" content=\"https:\/\/www.bellunopress.it\/wp-content\/uploads\/2015\/08\/lettera-1.jpg\" \/>\n\t<meta property=\"og:image:width\" content=\"153\" \/>\n\t<meta property=\"og:image:height\" content=\"180\" \/>\n\t<meta property=\"og:image:type\" content=\"image\/jpeg\" \/>\n<meta name=\"author\" content=\"redazione\" \/>\n<meta name=\"twitter:card\" content=\"summary_large_image\" \/>\n<meta name=\"twitter:creator\" content=\"@bellunopress\" \/>\n<meta name=\"twitter:site\" content=\"@bellunopress\" \/>\n<meta name=\"twitter:label1\" content=\"Written by\" \/>\n\t<meta name=\"twitter:data1\" content=\"redazione\" \/>\n\t<meta name=\"twitter:label2\" content=\"Est. reading time\" \/>\n\t<meta name=\"twitter:data2\" content=\"2 minutes\" \/>\n<script type=\"application\/ld+json\" class=\"yoast-schema-graph\">{\"@context\":\"https:\\\/\\\/schema.org\",\"@graph\":[{\"@type\":\"Article\",\"@id\":\"https:\\\/\\\/www.bellunopress.it\\\/2026\\\/06\\\/11\\\/autonomia-della-provincia-che-ne-e-stato-di-quel-referendum-del-2017\\\/#article\",\"isPartOf\":{\"@id\":\"https:\\\/\\\/www.bellunopress.it\\\/2026\\\/06\\\/11\\\/autonomia-della-provincia-che-ne-e-stato-di-quel-referendum-del-2017\\\/\"},\"author\":{\"name\":\"redazione\",\"@id\":\"https:\\\/\\\/www.bellunopress.it\\\/#\\\/schema\\\/person\\\/79bb06722b37ece1c03d3e94beb30d73\"},\"headline\":\"Autonomia della Provincia. Che ne \u00e8 stato di quel referendum del 2017?\",\"datePublished\":\"2026-06-11T08:18:10+00:00\",\"mainEntityOfPage\":{\"@id\":\"https:\\\/\\\/www.bellunopress.it\\\/2026\\\/06\\\/11\\\/autonomia-della-provincia-che-ne-e-stato-di-quel-referendum-del-2017\\\/\"},\"wordCount\":203,\"publisher\":{\"@id\":\"https:\\\/\\\/www.bellunopress.it\\\/#organization\"},\"image\":{\"@id\":\"https:\\\/\\\/www.bellunopress.it\\\/2026\\\/06\\\/11\\\/autonomia-della-provincia-che-ne-e-stato-di-quel-referendum-del-2017\\\/#primaryimage\"},\"thumbnailUrl\":\"https:\\\/\\\/www.bellunopress.it\\\/wp-content\\\/uploads\\\/2015\\\/08\\\/lettera-1.jpg\",\"articleSection\":[\"Lettere Opinioni\"],\"inLanguage\":\"fr-FR\"},{\"@type\":\"WebPage\",\"@id\":\"https:\\\/\\\/www.bellunopress.it\\\/2026\\\/06\\\/11\\\/autonomia-della-provincia-che-ne-e-stato-di-quel-referendum-del-2017\\\/\",\"url\":\"https:\\\/\\\/www.bellunopress.it\\\/2026\\\/06\\\/11\\\/autonomia-della-provincia-che-ne-e-stato-di-quel-referendum-del-2017\\\/\",\"name\":\"Autonomia della Provincia. Che ne \u00e8 stato di quel referendum del 2017? - Bellunopress - Dolomiti\",\"isPartOf\":{\"@id\":\"https:\\\/\\\/www.bellunopress.it\\\/#website\"},\"primaryImageOfPage\":{\"@id\":\"https:\\\/\\\/www.bellunopress.it\\\/2026\\\/06\\\/11\\\/autonomia-della-provincia-che-ne-e-stato-di-quel-referendum-del-2017\\\/#primaryimage\"},\"image\":{\"@id\":\"https:\\\/\\\/www.bellunopress.it\\\/2026\\\/06\\\/11\\\/autonomia-della-provincia-che-ne-e-stato-di-quel-referendum-del-2017\\\/#primaryimage\"},\"thumbnailUrl\":\"https:\\\/\\\/www.bellunopress.it\\\/wp-content\\\/uploads\\\/2015\\\/08\\\/lettera-1.jpg\",\"datePublished\":\"2026-06-11T08:18:10+00:00\",\"breadcrumb\":{\"@id\":\"https:\\\/\\\/www.bellunopress.it\\\/2026\\\/06\\\/11\\\/autonomia-della-provincia-che-ne-e-stato-di-quel-referendum-del-2017\\\/#breadcrumb\"},\"inLanguage\":\"fr-FR\",\"potentialAction\":[{\"@type\":\"ReadAction\",\"target\":[\"https:\\\/\\\/www.bellunopress.it\\\/2026\\\/06\\\/11\\\/autonomia-della-provincia-che-ne-e-stato-di-quel-referendum-del-2017\\\/\"]}]},{\"@type\":\"ImageObject\",\"inLanguage\":\"fr-FR\",\"@id\":\"https:\\\/\\\/www.bellunopress.it\\\/2026\\\/06\\\/11\\\/autonomia-della-provincia-che-ne-e-stato-di-quel-referendum-del-2017\\\/#primaryimage\",\"url\":\"https:\\\/\\\/www.bellunopress.it\\\/wp-content\\\/uploads\\\/2015\\\/08\\\/lettera-1.jpg\",\"contentUrl\":\"https:\\\/\\\/www.bellunopress.it\\\/wp-content\\\/uploads\\\/2015\\\/08\\\/lettera-1.jpg\",\"width\":153,\"height\":180},{\"@type\":\"BreadcrumbList\",\"@id\":\"https:\\\/\\\/www.bellunopress.it\\\/2026\\\/06\\\/11\\\/autonomia-della-provincia-che-ne-e-stato-di-quel-referendum-del-2017\\\/#breadcrumb\",\"itemListElement\":[{\"@type\":\"ListItem\",\"position\":1,\"name\":\"Home\",\"item\":\"https:\\\/\\\/www.bellunopress.it\\\/\"},{\"@type\":\"ListItem\",\"position\":2,\"name\":\"Autonomia della Provincia. Che ne \u00e8 stato di quel referendum del 2017?\"}]},{\"@type\":\"WebSite\",\"@id\":\"https:\\\/\\\/www.bellunopress.it\\\/#website\",\"url\":\"https:\\\/\\\/www.bellunopress.it\\\/\",\"name\":\"Bellunopress - Dolomiti\",\"description\":\"e-mail: redazione@bellunopress.it\",\"publisher\":{\"@id\":\"https:\\\/\\\/www.bellunopress.it\\\/#organization\"},\"potentialAction\":[{\"@type\":\"SearchAction\",\"target\":{\"@type\":\"EntryPoint\",\"urlTemplate\":\"https:\\\/\\\/www.bellunopress.it\\\/?s={search_term_string}\"},\"query-input\":{\"@type\":\"PropertyValueSpecification\",\"valueRequired\":true,\"valueName\":\"search_term_string\"}}],\"inLanguage\":\"fr-FR\"},{\"@type\":\"Organization\",\"@id\":\"https:\\\/\\\/www.bellunopress.it\\\/#organization\",\"name\":\"Bellunopress\",\"url\":\"https:\\\/\\\/www.bellunopress.it\\\/\",\"logo\":{\"@type\":\"ImageObject\",\"inLanguage\":\"fr-FR\",\"@id\":\"https:\\\/\\\/www.bellunopress.it\\\/#\\\/schema\\\/logo\\\/image\\\/\",\"url\":\"https:\\\/\\\/www.bellunopress.it\\\/wp-content\\\/uploads\\\/2011\\\/05\\\/cropped-logo-bellunopress-.jpg\",\"contentUrl\":\"https:\\\/\\\/www.bellunopress.it\\\/wp-content\\\/uploads\\\/2011\\\/05\\\/cropped-logo-bellunopress-.jpg\",\"width\":512,\"height\":512,\"caption\":\"Bellunopress\"},\"image\":{\"@id\":\"https:\\\/\\\/www.bellunopress.it\\\/#\\\/schema\\\/logo\\\/image\\\/\"},\"sameAs\":[\"https:\\\/\\\/www.facebook.com\\\/profile.php?id=100008943462799\",\"https:\\\/\\\/x.com\\\/bellunopress\",\"https:\\\/\\\/www.linkedin.com\\\/hp\\\/?dnr=JBzUWaJfMUw8vbXJJ2tVW5-I3jZKvC4wsoxE&amp;amp;amp;amp;amp;amp;trk=nav_responsive_tab_home\",\"https:\\\/\\\/www.youtube.com\\\/channel\\\/UCxL0wu1uN0_3_7hGG0306cw\"]},{\"@type\":\"Person\",\"@id\":\"https:\\\/\\\/www.bellunopress.it\\\/#\\\/schema\\\/person\\\/79bb06722b37ece1c03d3e94beb30d73\",\"name\":\"redazione\",\"image\":{\"@type\":\"ImageObject\",\"inLanguage\":\"fr-FR\",\"@id\":\"https:\\\/\\\/secure.gravatar.com\\\/avatar\\\/37d968a2e67a6fd04c169c4bdef102d0bc5d31b2546345219e348575eb80e9a0?s=96&d=mm&r=g\",\"url\":\"https:\\\/\\\/secure.gravatar.com\\\/avatar\\\/37d968a2e67a6fd04c169c4bdef102d0bc5d31b2546345219e348575eb80e9a0?s=96&d=mm&r=g\",\"contentUrl\":\"https:\\\/\\\/secure.gravatar.com\\\/avatar\\\/37d968a2e67a6fd04c169c4bdef102d0bc5d31b2546345219e348575eb80e9a0?s=96&d=mm&r=g\",\"caption\":\"redazione\"},\"sameAs\":[\"http:\\\/\\\/www.bellunopress.it\",\"https:\\\/\\\/x.com\\\/bellunopress\"],\"url\":\"https:\\\/\\\/www.bellunopress.it\\\/fr\\\/author\\\/redazione\\\/\"}]}<\/script>\n<!-- \/ Yoast SEO plugin. -->","yoast_head_json":{"title":"Autonomia della Provincia. Che ne \u00e8 stato di quel referendum del 2017? - Bellunopress - Dolomiti","robots":{"index":"index","follow":"follow","max-snippet":"max-snippet:-1","max-image-preview":"max-image-preview:large","max-video-preview":"max-video-preview:-1"},"canonical":"https:\/\/www.bellunopress.it\/fr\/2026\/06\/11\/autonomia-della-provincia-che-ne-e-stato-di-quel-referendum-del-2017\/","og_locale":"fr_FR","og_type":"article","og_title":"Autonomia della Provincia. Che ne \u00e8 stato di quel referendum del 2017? - Bellunopress - Dolomiti","og_description":"il 22 ottobre 2017 si \u00e8 tenuto il referendum per l&#8217;autonomia del Veneto e contestualmente quello per l&#8217;autonomia della Provincia di Belluno. L&#8217;esito ha visto maggioranze bulgare con i si a favore oltre il 98%. Sono trascorsi nove anni e dove \u00e8 andata a finire quella volont\u00e0 popolare? Per ci\u00f2 che riguarda la nostra Provincia [&hellip;]","og_url":"https:\/\/www.bellunopress.it\/fr\/2026\/06\/11\/autonomia-della-provincia-che-ne-e-stato-di-quel-referendum-del-2017\/","og_site_name":"Bellunopress - Dolomiti","article_publisher":"https:\/\/www.facebook.com\/profile.php?id=100008943462799","article_published_time":"2026-06-11T08:18:10+00:00","og_image":[{"width":153,"height":180,"url":"https:\/\/www.bellunopress.it\/wp-content\/uploads\/2015\/08\/lettera-1.jpg","type":"image\/jpeg"}],"author":"redazione","twitter_card":"summary_large_image","twitter_creator":"@bellunopress","twitter_site":"@bellunopress","twitter_misc":{"Written by":"redazione","Est. reading time":"2 minutes"},"schema":{"@context":"https:\/\/schema.org","@graph":[{"@type":"Article","@id":"https:\/\/www.bellunopress.it\/2026\/06\/11\/autonomia-della-provincia-che-ne-e-stato-di-quel-referendum-del-2017\/#article","isPartOf":{"@id":"https:\/\/www.bellunopress.it\/2026\/06\/11\/autonomia-della-provincia-che-ne-e-stato-di-quel-referendum-del-2017\/"},"author":{"name":"redazione","@id":"https:\/\/www.bellunopress.it\/#\/schema\/person\/79bb06722b37ece1c03d3e94beb30d73"},"headline":"Autonomia della Provincia. Che ne \u00e8 stato di quel referendum del 2017?","datePublished":"2026-06-11T08:18:10+00:00","mainEntityOfPage":{"@id":"https:\/\/www.bellunopress.it\/2026\/06\/11\/autonomia-della-provincia-che-ne-e-stato-di-quel-referendum-del-2017\/"},"wordCount":203,"publisher":{"@id":"https:\/\/www.bellunopress.it\/#organization"},"image":{"@id":"https:\/\/www.bellunopress.it\/2026\/06\/11\/autonomia-della-provincia-che-ne-e-stato-di-quel-referendum-del-2017\/#primaryimage"},"thumbnailUrl":"https:\/\/www.bellunopress.it\/wp-content\/uploads\/2015\/08\/lettera-1.jpg","articleSection":["Lettere Opinioni"],"inLanguage":"fr-FR"},{"@type":"WebPage","@id":"https:\/\/www.bellunopress.it\/2026\/06\/11\/autonomia-della-provincia-che-ne-e-stato-di-quel-referendum-del-2017\/","url":"https:\/\/www.bellunopress.it\/2026\/06\/11\/autonomia-della-provincia-che-ne-e-stato-di-quel-referendum-del-2017\/","name":"Autonomia della Provincia. Che ne \u00e8 stato di quel referendum del 2017? - Bellunopress - Dolomiti","isPartOf":{"@id":"https:\/\/www.bellunopress.it\/#website"},"primaryImageOfPage":{"@id":"https:\/\/www.bellunopress.it\/2026\/06\/11\/autonomia-della-provincia-che-ne-e-stato-di-quel-referendum-del-2017\/#primaryimage"},"image":{"@id":"https:\/\/www.bellunopress.it\/2026\/06\/11\/autonomia-della-provincia-che-ne-e-stato-di-quel-referendum-del-2017\/#primaryimage"},"thumbnailUrl":"https:\/\/www.bellunopress.it\/wp-content\/uploads\/2015\/08\/lettera-1.jpg","datePublished":"2026-06-11T08:18:10+00:00","breadcrumb":{"@id":"https:\/\/www.bellunopress.it\/2026\/06\/11\/autonomia-della-provincia-che-ne-e-stato-di-quel-referendum-del-2017\/#breadcrumb"},"inLanguage":"fr-FR","potentialAction":[{"@type":"ReadAction","target":["https:\/\/www.bellunopress.it\/2026\/06\/11\/autonomia-della-provincia-che-ne-e-stato-di-quel-referendum-del-2017\/"]}]},{"@type":"ImageObject","inLanguage":"fr-FR","@id":"https:\/\/www.bellunopress.it\/2026\/06\/11\/autonomia-della-provincia-che-ne-e-stato-di-quel-referendum-del-2017\/#primaryimage","url":"https:\/\/www.bellunopress.it\/wp-content\/uploads\/2015\/08\/lettera-1.jpg","contentUrl":"https:\/\/www.bellunopress.it\/wp-content\/uploads\/2015\/08\/lettera-1.jpg","width":153,"height":180},{"@type":"BreadcrumbList","@id":"https:\/\/www.bellunopress.it\/2026\/06\/11\/autonomia-della-provincia-che-ne-e-stato-di-quel-referendum-del-2017\/#breadcrumb","itemListElement":[{"@type":"ListItem","position":1,"name":"Home","item":"https:\/\/www.bellunopress.it\/"},{"@type":"ListItem","position":2,"name":"Autonomia della Provincia. Che ne \u00e8 stato di quel referendum del 2017?"}]},{"@type":"WebSite","@id":"https:\/\/www.bellunopress.it\/#website","url":"https:\/\/www.bellunopress.it\/","name":"Bellunopress - Dolomiti","description":"e-mail: redazione@bellunopress.it","publisher":{"@id":"https:\/\/www.bellunopress.it\/#organization"},"potentialAction":[{"@type":"SearchAction","target":{"@type":"EntryPoint","urlTemplate":"https:\/\/www.bellunopress.it\/?s={search_term_string}"},"query-input":{"@type":"PropertyValueSpecification","valueRequired":true,"valueName":"search_term_string"}}],"inLanguage":"fr-FR"},{"@type":"Organization","@id":"https:\/\/www.bellunopress.it\/#organization","name":"Bellunopress","url":"https:\/\/www.bellunopress.it\/","logo":{"@type":"ImageObject","inLanguage":"fr-FR","@id":"https:\/\/www.bellunopress.it\/#\/schema\/logo\/image\/","url":"https:\/\/www.bellunopress.it\/wp-content\/uploads\/2011\/05\/cropped-logo-bellunopress-.jpg","contentUrl":"https:\/\/www.bellunopress.it\/wp-content\/uploads\/2011\/05\/cropped-logo-bellunopress-.jpg","width":512,"height":512,"caption":"Bellunopress"},"image":{"@id":"https:\/\/www.bellunopress.it\/#\/schema\/logo\/image\/"},"sameAs":["https:\/\/www.facebook.com\/profile.php?id=100008943462799","https:\/\/x.com\/bellunopress","https:\/\/www.linkedin.com\/hp\/?dnr=JBzUWaJfMUw8vbXJJ2tVW5-I3jZKvC4wsoxE&amp;amp;amp;amp;amp;amp;trk=nav_responsive_tab_home","https:\/\/www.youtube.com\/channel\/UCxL0wu1uN0_3_7hGG0306cw"]},{"@type":"Person","@id":"https:\/\/www.bellunopress.it\/#\/schema\/person\/79bb06722b37ece1c03d3e94beb30d73","name":"r\u00e9daction","image":{"@type":"ImageObject","inLanguage":"fr-FR","@id":"https:\/\/secure.gravatar.com\/avatar\/37d968a2e67a6fd04c169c4bdef102d0bc5d31b2546345219e348575eb80e9a0?s=96&d=mm&r=g","url":"https:\/\/secure.gravatar.com\/avatar\/37d968a2e67a6fd04c169c4bdef102d0bc5d31b2546345219e348575eb80e9a0?s=96&d=mm&r=g","contentUrl":"https:\/\/secure.gravatar.com\/avatar\/37d968a2e67a6fd04c169c4bdef102d0bc5d31b2546345219e348575eb80e9a0?s=96&d=mm&r=g","caption":"redazione"},"sameAs":["http:\/\/www.bellunopress.it","https:\/\/x.com\/bellunopress"],"url":"https:\/\/www.bellunopress.it\/fr\/author\/redazione\/"}]}},"_links":{"self":[{"href":"https:\/\/www.bellunopress.it\/fr\/wp-json\/wp\/v2\/posts\/170887","targetHints":{"allow":["GET"]}}],"collection":[{"href":"https:\/\/www.bellunopress.it\/fr\/wp-json\/wp\/v2\/posts"}],"about":[{"href":"https:\/\/www.bellunopress.it\/fr\/wp-json\/wp\/v2\/types\/post"}],"author":[{"embeddable":true,"href":"https:\/\/www.bellunopress.it\/fr\/wp-json\/wp\/v2\/users\/2"}],"replies":[{"embeddable":true,"href":"https:\/\/www.bellunopress.it\/fr\/wp-json\/wp\/v2\/comments?post=170887"}],"version-history":[{"count":1,"href":"https:\/\/www.bellunopress.it\/fr\/wp-json\/wp\/v2\/posts\/170887\/revisions"}],"predecessor-version":[{"id":170888,"href":"https:\/\/www.bellunopress.it\/fr\/wp-json\/wp\/v2\/posts\/170887\/revisions\/170888"}],"wp:featuredmedia":[{"embeddable":true,"href":"https:\/\/www.bellunopress.it\/fr\/wp-json\/wp\/v2\/media\/70515"}],"wp:attachment":[{"href":"https:\/\/www.bellunopress.it\/fr\/wp-json\/wp\/v2\/media?parent=170887"}],"wp:term":[{"taxonomy":"category","embeddable":true,"href":"https:\/\/www.bellunopress.it\/fr\/wp-json\/wp\/v2\/categories?post=170887"},{"taxonomy":"post_tag","embeddable":true,"href":"https:\/\/www.bellunopress.it\/fr\/wp-json\/wp\/v2\/tags?post=170887"}],"curies":[{"name":"wp","href":"https:\/\/api.w.org\/{rel}","templated":true}]}}