{"id":170884,"date":"2026-06-11T10:13:04","date_gmt":"2026-06-11T08:13:04","guid":{"rendered":"https:\/\/www.bellunopress.it\/?p=170884"},"modified":"2026-06-11T10:13:04","modified_gmt":"2026-06-11T08:13:04","slug":"finta-associazione-sportiva-nel-bellunese-dietro-la-facciata-si-nascondeva-un-bar-abusivo","status":"publish","type":"post","link":"https:\/\/www.bellunopress.it\/fr\/2026\/06\/11\/finta-associazione-sportiva-nel-bellunese-dietro-la-facciata-si-nascondeva-un-bar-abusivo\/","title":{"rendered":"Finta associazione sportiva nel Bellunese: dietro la facciata si nascondeva un bar abusivo"},"content":{"rendered":"<h3 data-path-to-node=\"3\">L&#8217;indagine della Guardia di Finanza di Auronzo di Cadore ha fatto emergere tre anni di attivit\u00e0 commerciale &#8220;occulta&#8221; con oltre 130 mila euro di redditi non dichiarati.<\/h3>\n<p data-path-to-node=\"4\">Belluno, 11 giugno 2026 &#8211; Quella che doveva essere una realt\u00e0 dedita alla promozione dello sport si \u00e8 rivelata, nei fatti, una vera e propria attivit\u00e0 commerciale, gestita per\u00f2 completamente &#8220;al nero&#8221;. \u00c8 l\u2019esito di un\u2019articolata operazione portata a termine dai finanzieri della Tenenza di Auronzo di Cadore, che hanno smascherato una fittizia Associazione Sportiva Dilettantistica (ASD) attiva nel territorio bellunese.<\/p>\n<p data-path-to-node=\"5\"><b data-path-to-node=\"5\" data-index-in-node=\"0\">La copertura sportiva per nascondere il bar<\/b><\/p>\n<p data-path-to-node=\"5\">\u00a0Secondo quanto ricostruito dagli inquirenti del Comando Provinciale della Guardia di Finanza di Belluno, l\u2019associazione non svolgeva alcuna attivit\u00e0 sportiva rilevante. Al contrario, la struttura si occupava esclusivamente della somministrazione di bevande e alimenti, operando come un vero e proprio bar e tavola calda aperto a chiunque. Un escamotage, quello dell&#8217;associazione, utilizzato per eludere le rigide norme tributarie riservate agli operatori commerciali.<\/p>\n<p data-path-to-node=\"6\"><b data-path-to-node=\"6\" data-index-in-node=\"0\">Evasione fiscale e concorrenza sleale<\/b><\/p>\n<p data-path-to-node=\"6\">L\u2019ente, operando di fatto come un esercizio commerciale senza averne i requisiti, aveva omesso ogni adempimento fiscale: nessuna partita IVA, nessuna scrittura contabile obbligatoria e, naturalmente, l&#8217;assenza totale di dichiarazioni dei redditi, IVA e IRAP. Non solo: i militari hanno accertato anche la presenza di tre <i data-path-to-node=\"6\" data-index-in-node=\"359\">slot machines<\/i> all\u2019interno dei locali, i cui profitti finivano direttamente nelle tasche dell\u2019associazione, anch&#8217;essi sottratti a qualsiasi tassazione.<\/p>\n<p data-path-to-node=\"7\">Le indagini \u2013 condotte incrociando i dati delle banche dati della Guardia di Finanza, inviando questionari ai fornitori dell\u2019ente e collaborando strettamente con l\u2019Agenzia delle Entrate \u2013 hanno permesso di quantificare l&#8217;entit\u00e0 dell&#8217;evasione. In tre anni, sono stati circa 130 mila gli euro di base imponibile non dichiarata, a cui si aggiunge un recupero di IVA superiore ai 10 mila euro.<\/p>\n<p data-path-to-node=\"8\"><b data-path-to-node=\"8\" data-index-in-node=\"0\">Il sequestro e le conseguenze<\/b><\/p>\n<p data-path-to-node=\"8\">Di fronte all&#8217;evidenza delle prove raccolte, il contribuente ha manifestato l&#8217;intenzione di aderire al verbale di constatazione, consentendo all&#8217;Agenzia delle Entrate di emettere rapidamente gli avvisi di accertamento.<\/p>\n<p data-path-to-node=\"9\">L&#8217;operazione rientra nel pi\u00f9 ampio piano di contrasto all&#8217;economia sommersa disposto dal Comando Provinciale di Belluno. L&#8217;obiettivo \u00e8 duplice: da un lato, recuperare risorse sottratte all&#8217;erario e, dall&#8217;altro, proteggere il mercato. L\u2019uso distorto dello strumento associativo, infatti, crea una forma di concorrenza sleale pericolosa, che danneggia non solo le associazioni che operano nel pieno rispetto della legge, ma anche gli imprenditori che quotidianamente affrontano i costi e gli oneri fiscali previsti per la gestione di una regolare attivit\u00e0 commerciale.<\/p>","protected":false},"excerpt":{"rendered":"<p>L&#8217;indagine della Guardia di Finanza di Auronzo di Cadore ha fatto emergere tre anni di attivit\u00e0 commerciale &#8220;occulta&#8221; con oltre 130 mila euro di redditi non dichiarati. Belluno, 11 giugno 2026 &#8211; Quella che doveva essere una realt\u00e0 dedita alla promozione dello sport si \u00e8 rivelata, nei fatti, una vera e propria attivit\u00e0 commerciale, gestita [&hellip;]<\/p>\n","protected":false},"author":2,"featured_media":170885,"comment_status":"closed","ping_status":"open","sticky":false,"template":"","format":"standard","meta":{"footnotes":""},"categories":[5],"tags":[],"class_list":["post-170884","post","type-post","status-publish","format-standard","has-post-thumbnail","category-cronaca"],"yoast_head":"<!-- This site is optimized with the Yoast SEO plugin v28.4 - https:\/\/yoast.com\/product\/yoast-seo-wordpress\/ -->\n<title>Finta associazione sportiva nel Bellunese: dietro la facciata si nascondeva un bar abusivo - Bellunopress - Dolomiti<\/title>\n<meta name=\"robots\" content=\"index, follow, max-snippet:-1, max-image-preview:large, max-video-preview:-1\" \/>\n<link rel=\"canonical\" href=\"https:\/\/www.bellunopress.it\/fr\/2026\/06\/11\/finta-associazione-sportiva-nel-bellunese-dietro-la-facciata-si-nascondeva-un-bar-abusivo\/\" \/>\n<meta property=\"og:locale\" content=\"fr_FR\" \/>\n<meta property=\"og:type\" content=\"article\" \/>\n<meta property=\"og:title\" content=\"Finta associazione sportiva nel Bellunese: dietro la facciata si nascondeva un bar abusivo - Bellunopress - Dolomiti\" \/>\n<meta property=\"og:description\" content=\"L&#8217;indagine della Guardia di Finanza di Auronzo di Cadore ha fatto emergere tre anni di attivit\u00e0 commerciale &#8220;occulta&#8221; con oltre 130 mila euro di redditi non dichiarati. Belluno, 11 giugno 2026 &#8211; Quella che doveva essere una realt\u00e0 dedita alla promozione dello sport si \u00e8 rivelata, nei fatti, una vera e propria attivit\u00e0 commerciale, gestita [&hellip;]\" \/>\n<meta property=\"og:url\" content=\"https:\/\/www.bellunopress.it\/fr\/2026\/06\/11\/finta-associazione-sportiva-nel-bellunese-dietro-la-facciata-si-nascondeva-un-bar-abusivo\/\" \/>\n<meta property=\"og:site_name\" content=\"Bellunopress - Dolomiti\" \/>\n<meta property=\"article:publisher\" content=\"https:\/\/www.facebook.com\/profile.php?id=100008943462799\" \/>\n<meta property=\"article:published_time\" content=\"2026-06-11T08:13:04+00:00\" \/>\n<meta property=\"og:image\" content=\"https:\/\/www.bellunopress.it\/wp-content\/uploads\/2026\/06\/Guardia-Finanza.jpg\" \/>\n\t<meta property=\"og:image:width\" content=\"600\" \/>\n\t<meta property=\"og:image:height\" content=\"337\" \/>\n\t<meta property=\"og:image:type\" content=\"image\/jpeg\" \/>\n<meta name=\"author\" content=\"redazione\" \/>\n<meta name=\"twitter:card\" content=\"summary_large_image\" \/>\n<meta name=\"twitter:creator\" content=\"@bellunopress\" \/>\n<meta name=\"twitter:site\" content=\"@bellunopress\" \/>\n<meta name=\"twitter:label1\" content=\"\u00c9crit par\" \/>\n\t<meta name=\"twitter:data1\" content=\"redazione\" \/>\n\t<meta name=\"twitter:label2\" content=\"Dur\u00e9e de lecture estim\u00e9e\" \/>\n\t<meta name=\"twitter:data2\" content=\"3 minutes\" \/>\n<script type=\"application\/ld+json\" class=\"yoast-schema-graph\">{\"@context\":\"https:\\\/\\\/schema.org\",\"@graph\":[{\"@type\":\"Article\",\"@id\":\"https:\\\/\\\/www.bellunopress.it\\\/2026\\\/06\\\/11\\\/finta-associazione-sportiva-nel-bellunese-dietro-la-facciata-si-nascondeva-un-bar-abusivo\\\/#article\",\"isPartOf\":{\"@id\":\"https:\\\/\\\/www.bellunopress.it\\\/2026\\\/06\\\/11\\\/finta-associazione-sportiva-nel-bellunese-dietro-la-facciata-si-nascondeva-un-bar-abusivo\\\/\"},\"author\":{\"name\":\"redazione\",\"@id\":\"https:\\\/\\\/www.bellunopress.it\\\/#\\\/schema\\\/person\\\/79bb06722b37ece1c03d3e94beb30d73\"},\"headline\":\"Finta associazione sportiva nel Bellunese: dietro la facciata si nascondeva un bar abusivo\",\"datePublished\":\"2026-06-11T08:13:04+00:00\",\"mainEntityOfPage\":{\"@id\":\"https:\\\/\\\/www.bellunopress.it\\\/2026\\\/06\\\/11\\\/finta-associazione-sportiva-nel-bellunese-dietro-la-facciata-si-nascondeva-un-bar-abusivo\\\/\"},\"wordCount\":425,\"publisher\":{\"@id\":\"https:\\\/\\\/www.bellunopress.it\\\/#organization\"},\"image\":{\"@id\":\"https:\\\/\\\/www.bellunopress.it\\\/2026\\\/06\\\/11\\\/finta-associazione-sportiva-nel-bellunese-dietro-la-facciata-si-nascondeva-un-bar-abusivo\\\/#primaryimage\"},\"thumbnailUrl\":\"https:\\\/\\\/www.bellunopress.it\\\/wp-content\\\/uploads\\\/2026\\\/06\\\/Guardia-Finanza.jpg\",\"articleSection\":[\"Cronaca\\\/Politica\"],\"inLanguage\":\"fr-FR\"},{\"@type\":\"WebPage\",\"@id\":\"https:\\\/\\\/www.bellunopress.it\\\/2026\\\/06\\\/11\\\/finta-associazione-sportiva-nel-bellunese-dietro-la-facciata-si-nascondeva-un-bar-abusivo\\\/\",\"url\":\"https:\\\/\\\/www.bellunopress.it\\\/2026\\\/06\\\/11\\\/finta-associazione-sportiva-nel-bellunese-dietro-la-facciata-si-nascondeva-un-bar-abusivo\\\/\",\"name\":\"Finta associazione sportiva nel Bellunese: dietro la facciata si nascondeva un bar abusivo - Bellunopress - Dolomiti\",\"isPartOf\":{\"@id\":\"https:\\\/\\\/www.bellunopress.it\\\/#website\"},\"primaryImageOfPage\":{\"@id\":\"https:\\\/\\\/www.bellunopress.it\\\/2026\\\/06\\\/11\\\/finta-associazione-sportiva-nel-bellunese-dietro-la-facciata-si-nascondeva-un-bar-abusivo\\\/#primaryimage\"},\"image\":{\"@id\":\"https:\\\/\\\/www.bellunopress.it\\\/2026\\\/06\\\/11\\\/finta-associazione-sportiva-nel-bellunese-dietro-la-facciata-si-nascondeva-un-bar-abusivo\\\/#primaryimage\"},\"thumbnailUrl\":\"https:\\\/\\\/www.bellunopress.it\\\/wp-content\\\/uploads\\\/2026\\\/06\\\/Guardia-Finanza.jpg\",\"datePublished\":\"2026-06-11T08:13:04+00:00\",\"breadcrumb\":{\"@id\":\"https:\\\/\\\/www.bellunopress.it\\\/2026\\\/06\\\/11\\\/finta-associazione-sportiva-nel-bellunese-dietro-la-facciata-si-nascondeva-un-bar-abusivo\\\/#breadcrumb\"},\"inLanguage\":\"fr-FR\",\"potentialAction\":[{\"@type\":\"ReadAction\",\"target\":[\"https:\\\/\\\/www.bellunopress.it\\\/2026\\\/06\\\/11\\\/finta-associazione-sportiva-nel-bellunese-dietro-la-facciata-si-nascondeva-un-bar-abusivo\\\/\"]}]},{\"@type\":\"ImageObject\",\"inLanguage\":\"fr-FR\",\"@id\":\"https:\\\/\\\/www.bellunopress.it\\\/2026\\\/06\\\/11\\\/finta-associazione-sportiva-nel-bellunese-dietro-la-facciata-si-nascondeva-un-bar-abusivo\\\/#primaryimage\",\"url\":\"https:\\\/\\\/www.bellunopress.it\\\/wp-content\\\/uploads\\\/2026\\\/06\\\/Guardia-Finanza.jpg\",\"contentUrl\":\"https:\\\/\\\/www.bellunopress.it\\\/wp-content\\\/uploads\\\/2026\\\/06\\\/Guardia-Finanza.jpg\",\"width\":600,\"height\":337},{\"@type\":\"BreadcrumbList\",\"@id\":\"https:\\\/\\\/www.bellunopress.it\\\/2026\\\/06\\\/11\\\/finta-associazione-sportiva-nel-bellunese-dietro-la-facciata-si-nascondeva-un-bar-abusivo\\\/#breadcrumb\",\"itemListElement\":[{\"@type\":\"ListItem\",\"position\":1,\"name\":\"Home\",\"item\":\"https:\\\/\\\/www.bellunopress.it\\\/\"},{\"@type\":\"ListItem\",\"position\":2,\"name\":\"Finta associazione sportiva nel Bellunese: dietro la facciata si nascondeva un bar abusivo\"}]},{\"@type\":\"WebSite\",\"@id\":\"https:\\\/\\\/www.bellunopress.it\\\/#website\",\"url\":\"https:\\\/\\\/www.bellunopress.it\\\/\",\"name\":\"Bellunopress - Dolomiti\",\"description\":\"e-mail: redazione@bellunopress.it\",\"publisher\":{\"@id\":\"https:\\\/\\\/www.bellunopress.it\\\/#organization\"},\"potentialAction\":[{\"@type\":\"SearchAction\",\"target\":{\"@type\":\"EntryPoint\",\"urlTemplate\":\"https:\\\/\\\/www.bellunopress.it\\\/?s={search_term_string}\"},\"query-input\":{\"@type\":\"PropertyValueSpecification\",\"valueRequired\":true,\"valueName\":\"search_term_string\"}}],\"inLanguage\":\"fr-FR\"},{\"@type\":\"Organization\",\"@id\":\"https:\\\/\\\/www.bellunopress.it\\\/#organization\",\"name\":\"Bellunopress\",\"url\":\"https:\\\/\\\/www.bellunopress.it\\\/\",\"logo\":{\"@type\":\"ImageObject\",\"inLanguage\":\"fr-FR\",\"@id\":\"https:\\\/\\\/www.bellunopress.it\\\/#\\\/schema\\\/logo\\\/image\\\/\",\"url\":\"https:\\\/\\\/www.bellunopress.it\\\/wp-content\\\/uploads\\\/2011\\\/05\\\/cropped-logo-bellunopress-.jpg\",\"contentUrl\":\"https:\\\/\\\/www.bellunopress.it\\\/wp-content\\\/uploads\\\/2011\\\/05\\\/cropped-logo-bellunopress-.jpg\",\"width\":512,\"height\":512,\"caption\":\"Bellunopress\"},\"image\":{\"@id\":\"https:\\\/\\\/www.bellunopress.it\\\/#\\\/schema\\\/logo\\\/image\\\/\"},\"sameAs\":[\"https:\\\/\\\/www.facebook.com\\\/profile.php?id=100008943462799\",\"https:\\\/\\\/x.com\\\/bellunopress\",\"https:\\\/\\\/www.linkedin.com\\\/hp\\\/?dnr=JBzUWaJfMUw8vbXJJ2tVW5-I3jZKvC4wsoxE&amp;amp;amp;amp;amp;amp;trk=nav_responsive_tab_home\",\"https:\\\/\\\/www.youtube.com\\\/channel\\\/UCxL0wu1uN0_3_7hGG0306cw\"]},{\"@type\":\"Person\",\"@id\":\"https:\\\/\\\/www.bellunopress.it\\\/#\\\/schema\\\/person\\\/79bb06722b37ece1c03d3e94beb30d73\",\"name\":\"redazione\",\"image\":{\"@type\":\"ImageObject\",\"inLanguage\":\"fr-FR\",\"@id\":\"https:\\\/\\\/secure.gravatar.com\\\/avatar\\\/37d968a2e67a6fd04c169c4bdef102d0bc5d31b2546345219e348575eb80e9a0?s=96&d=mm&r=g\",\"url\":\"https:\\\/\\\/secure.gravatar.com\\\/avatar\\\/37d968a2e67a6fd04c169c4bdef102d0bc5d31b2546345219e348575eb80e9a0?s=96&d=mm&r=g\",\"contentUrl\":\"https:\\\/\\\/secure.gravatar.com\\\/avatar\\\/37d968a2e67a6fd04c169c4bdef102d0bc5d31b2546345219e348575eb80e9a0?s=96&d=mm&r=g\",\"caption\":\"redazione\"},\"sameAs\":[\"http:\\\/\\\/www.bellunopress.it\",\"https:\\\/\\\/x.com\\\/bellunopress\"],\"url\":\"https:\\\/\\\/www.bellunopress.it\\\/fr\\\/author\\\/redazione\\\/\"}]}<\/script>\n<!-- \/ Yoast SEO plugin. -->","yoast_head_json":{"title":"Finta associazione sportiva nel Bellunese: dietro la facciata si nascondeva un bar abusivo - Bellunopress - Dolomiti","robots":{"index":"index","follow":"follow","max-snippet":"max-snippet:-1","max-image-preview":"max-image-preview:large","max-video-preview":"max-video-preview:-1"},"canonical":"https:\/\/www.bellunopress.it\/fr\/2026\/06\/11\/finta-associazione-sportiva-nel-bellunese-dietro-la-facciata-si-nascondeva-un-bar-abusivo\/","og_locale":"fr_FR","og_type":"article","og_title":"Finta associazione sportiva nel Bellunese: dietro la facciata si nascondeva un bar abusivo - Bellunopress - Dolomiti","og_description":"L&#8217;indagine della Guardia di Finanza di Auronzo di Cadore ha fatto emergere tre anni di attivit\u00e0 commerciale &#8220;occulta&#8221; con oltre 130 mila euro di redditi non dichiarati. Belluno, 11 giugno 2026 &#8211; Quella che doveva essere una realt\u00e0 dedita alla promozione dello sport si \u00e8 rivelata, nei fatti, una vera e propria attivit\u00e0 commerciale, gestita [&hellip;]","og_url":"https:\/\/www.bellunopress.it\/fr\/2026\/06\/11\/finta-associazione-sportiva-nel-bellunese-dietro-la-facciata-si-nascondeva-un-bar-abusivo\/","og_site_name":"Bellunopress - Dolomiti","article_publisher":"https:\/\/www.facebook.com\/profile.php?id=100008943462799","article_published_time":"2026-06-11T08:13:04+00:00","og_image":[{"width":600,"height":337,"url":"https:\/\/www.bellunopress.it\/wp-content\/uploads\/2026\/06\/Guardia-Finanza.jpg","type":"image\/jpeg"}],"author":"redazione","twitter_card":"summary_large_image","twitter_creator":"@bellunopress","twitter_site":"@bellunopress","twitter_misc":{"\u00c9crit par":"redazione","Dur\u00e9e de lecture estim\u00e9e":"3 minutes"},"schema":{"@context":"https:\/\/schema.org","@graph":[{"@type":"Article","@id":"https:\/\/www.bellunopress.it\/2026\/06\/11\/finta-associazione-sportiva-nel-bellunese-dietro-la-facciata-si-nascondeva-un-bar-abusivo\/#article","isPartOf":{"@id":"https:\/\/www.bellunopress.it\/2026\/06\/11\/finta-associazione-sportiva-nel-bellunese-dietro-la-facciata-si-nascondeva-un-bar-abusivo\/"},"author":{"name":"redazione","@id":"https:\/\/www.bellunopress.it\/#\/schema\/person\/79bb06722b37ece1c03d3e94beb30d73"},"headline":"Finta associazione sportiva nel Bellunese: dietro la facciata si nascondeva un bar abusivo","datePublished":"2026-06-11T08:13:04+00:00","mainEntityOfPage":{"@id":"https:\/\/www.bellunopress.it\/2026\/06\/11\/finta-associazione-sportiva-nel-bellunese-dietro-la-facciata-si-nascondeva-un-bar-abusivo\/"},"wordCount":425,"publisher":{"@id":"https:\/\/www.bellunopress.it\/#organization"},"image":{"@id":"https:\/\/www.bellunopress.it\/2026\/06\/11\/finta-associazione-sportiva-nel-bellunese-dietro-la-facciata-si-nascondeva-un-bar-abusivo\/#primaryimage"},"thumbnailUrl":"https:\/\/www.bellunopress.it\/wp-content\/uploads\/2026\/06\/Guardia-Finanza.jpg","articleSection":["Cronaca\/Politica"],"inLanguage":"fr-FR"},{"@type":"WebPage","@id":"https:\/\/www.bellunopress.it\/2026\/06\/11\/finta-associazione-sportiva-nel-bellunese-dietro-la-facciata-si-nascondeva-un-bar-abusivo\/","url":"https:\/\/www.bellunopress.it\/2026\/06\/11\/finta-associazione-sportiva-nel-bellunese-dietro-la-facciata-si-nascondeva-un-bar-abusivo\/","name":"Finta associazione sportiva nel Bellunese: dietro la facciata si nascondeva un bar abusivo - Bellunopress - Dolomiti","isPartOf":{"@id":"https:\/\/www.bellunopress.it\/#website"},"primaryImageOfPage":{"@id":"https:\/\/www.bellunopress.it\/2026\/06\/11\/finta-associazione-sportiva-nel-bellunese-dietro-la-facciata-si-nascondeva-un-bar-abusivo\/#primaryimage"},"image":{"@id":"https:\/\/www.bellunopress.it\/2026\/06\/11\/finta-associazione-sportiva-nel-bellunese-dietro-la-facciata-si-nascondeva-un-bar-abusivo\/#primaryimage"},"thumbnailUrl":"https:\/\/www.bellunopress.it\/wp-content\/uploads\/2026\/06\/Guardia-Finanza.jpg","datePublished":"2026-06-11T08:13:04+00:00","breadcrumb":{"@id":"https:\/\/www.bellunopress.it\/2026\/06\/11\/finta-associazione-sportiva-nel-bellunese-dietro-la-facciata-si-nascondeva-un-bar-abusivo\/#breadcrumb"},"inLanguage":"fr-FR","potentialAction":[{"@type":"ReadAction","target":["https:\/\/www.bellunopress.it\/2026\/06\/11\/finta-associazione-sportiva-nel-bellunese-dietro-la-facciata-si-nascondeva-un-bar-abusivo\/"]}]},{"@type":"ImageObject","inLanguage":"fr-FR","@id":"https:\/\/www.bellunopress.it\/2026\/06\/11\/finta-associazione-sportiva-nel-bellunese-dietro-la-facciata-si-nascondeva-un-bar-abusivo\/#primaryimage","url":"https:\/\/www.bellunopress.it\/wp-content\/uploads\/2026\/06\/Guardia-Finanza.jpg","contentUrl":"https:\/\/www.bellunopress.it\/wp-content\/uploads\/2026\/06\/Guardia-Finanza.jpg","width":600,"height":337},{"@type":"BreadcrumbList","@id":"https:\/\/www.bellunopress.it\/2026\/06\/11\/finta-associazione-sportiva-nel-bellunese-dietro-la-facciata-si-nascondeva-un-bar-abusivo\/#breadcrumb","itemListElement":[{"@type":"ListItem","position":1,"name":"Home","item":"https:\/\/www.bellunopress.it\/"},{"@type":"ListItem","position":2,"name":"Finta associazione sportiva nel Bellunese: dietro la facciata si nascondeva un bar abusivo"}]},{"@type":"WebSite","@id":"https:\/\/www.bellunopress.it\/#website","url":"https:\/\/www.bellunopress.it\/","name":"Bellunopress - Dolomiti","description":"e-mail: redazione@bellunopress.it","publisher":{"@id":"https:\/\/www.bellunopress.it\/#organization"},"potentialAction":[{"@type":"SearchAction","target":{"@type":"EntryPoint","urlTemplate":"https:\/\/www.bellunopress.it\/?s={search_term_string}"},"query-input":{"@type":"PropertyValueSpecification","valueRequired":true,"valueName":"search_term_string"}}],"inLanguage":"fr-FR"},{"@type":"Organization","@id":"https:\/\/www.bellunopress.it\/#organization","name":"Bellunopress","url":"https:\/\/www.bellunopress.it\/","logo":{"@type":"ImageObject","inLanguage":"fr-FR","@id":"https:\/\/www.bellunopress.it\/#\/schema\/logo\/image\/","url":"https:\/\/www.bellunopress.it\/wp-content\/uploads\/2011\/05\/cropped-logo-bellunopress-.jpg","contentUrl":"https:\/\/www.bellunopress.it\/wp-content\/uploads\/2011\/05\/cropped-logo-bellunopress-.jpg","width":512,"height":512,"caption":"Bellunopress"},"image":{"@id":"https:\/\/www.bellunopress.it\/#\/schema\/logo\/image\/"},"sameAs":["https:\/\/www.facebook.com\/profile.php?id=100008943462799","https:\/\/x.com\/bellunopress","https:\/\/www.linkedin.com\/hp\/?dnr=JBzUWaJfMUw8vbXJJ2tVW5-I3jZKvC4wsoxE&amp;amp;amp;amp;amp;amp;trk=nav_responsive_tab_home","https:\/\/www.youtube.com\/channel\/UCxL0wu1uN0_3_7hGG0306cw"]},{"@type":"Person","@id":"https:\/\/www.bellunopress.it\/#\/schema\/person\/79bb06722b37ece1c03d3e94beb30d73","name":"r\u00e9daction","image":{"@type":"ImageObject","inLanguage":"fr-FR","@id":"https:\/\/secure.gravatar.com\/avatar\/37d968a2e67a6fd04c169c4bdef102d0bc5d31b2546345219e348575eb80e9a0?s=96&d=mm&r=g","url":"https:\/\/secure.gravatar.com\/avatar\/37d968a2e67a6fd04c169c4bdef102d0bc5d31b2546345219e348575eb80e9a0?s=96&d=mm&r=g","contentUrl":"https:\/\/secure.gravatar.com\/avatar\/37d968a2e67a6fd04c169c4bdef102d0bc5d31b2546345219e348575eb80e9a0?s=96&d=mm&r=g","caption":"redazione"},"sameAs":["http:\/\/www.bellunopress.it","https:\/\/x.com\/bellunopress"],"url":"https:\/\/www.bellunopress.it\/fr\/author\/redazione\/"}]}},"_links":{"self":[{"href":"https:\/\/www.bellunopress.it\/fr\/wp-json\/wp\/v2\/posts\/170884","targetHints":{"allow":["GET"]}}],"collection":[{"href":"https:\/\/www.bellunopress.it\/fr\/wp-json\/wp\/v2\/posts"}],"about":[{"href":"https:\/\/www.bellunopress.it\/fr\/wp-json\/wp\/v2\/types\/post"}],"author":[{"embeddable":true,"href":"https:\/\/www.bellunopress.it\/fr\/wp-json\/wp\/v2\/users\/2"}],"replies":[{"embeddable":true,"href":"https:\/\/www.bellunopress.it\/fr\/wp-json\/wp\/v2\/comments?post=170884"}],"version-history":[{"count":1,"href":"https:\/\/www.bellunopress.it\/fr\/wp-json\/wp\/v2\/posts\/170884\/revisions"}],"predecessor-version":[{"id":170886,"href":"https:\/\/www.bellunopress.it\/fr\/wp-json\/wp\/v2\/posts\/170884\/revisions\/170886"}],"wp:featuredmedia":[{"embeddable":true,"href":"https:\/\/www.bellunopress.it\/fr\/wp-json\/wp\/v2\/media\/170885"}],"wp:attachment":[{"href":"https:\/\/www.bellunopress.it\/fr\/wp-json\/wp\/v2\/media?parent=170884"}],"wp:term":[{"taxonomy":"category","embeddable":true,"href":"https:\/\/www.bellunopress.it\/fr\/wp-json\/wp\/v2\/categories?post=170884"},{"taxonomy":"post_tag","embeddable":true,"href":"https:\/\/www.bellunopress.it\/fr\/wp-json\/wp\/v2\/tags?post=170884"}],"curies":[{"name":"wp","href":"https:\/\/api.w.org\/{rel}","templated":true}]}}