{"id":170879,"date":"2026-06-10T15:52:43","date_gmt":"2026-06-10T13:52:43","guid":{"rendered":"https:\/\/www.bellunopress.it\/?p=170879"},"modified":"2026-06-10T15:52:43","modified_gmt":"2026-06-10T13:52:43","slug":"scuola-oltre-il-muro-del-voto-se-un-graffito-ci-chiede-di-cambiare-sguardo","status":"publish","type":"post","link":"https:\/\/www.bellunopress.it\/fr\/2026\/06\/10\/scuola-oltre-il-muro-del-voto-se-un-graffito-ci-chiede-di-cambiare-sguardo\/","title":{"rendered":"Scuola. Oltre il muro del voto: se un graffito ci chiede di cambiare sguardo"},"content":{"rendered":"<p>Qualche giorno fa, sui muri di un liceo della nostra citt\u00e0, \u00e8 comparsa una scritta. Non era il solito atto di vandalismo distratto, ma una richiesta di ascolto, un grido d&#8217;aiuto tracciato con lo spray, una protesta frontale e dolorosa scagliata contro una scuola accusata di scatenare ansia, senso di inadeguatezza e profonda sofferenza a causa di richieste sempre pi\u00f9 alte e di atteggiamenti spesso giudicanti.<\/p>\n<p>Da insegnanti di scuola media, quel graffito ci ha ferito, ma non ci ha sorpreso: chi vive la scuola ogni giorno sa bene che questa sofferenza, provata in silenzio dalle nostre ragazze e dai nostri ragazzi, non \u00e8 un\u2019invenzione dei giornali, ma una realt\u00e0 quotidiana. La differenza, forse, sta nel modo in cui decidiamo di reagire a quel grido: possiamo invocare il decoro urbano e le sanzioni, oppure possiamo fermarci e interrogarci sul nostro sistema di valutazione. Nella nostra scuola abbiamo scelto la seconda via partendo dai dati. Lo scorso anno abbiamo somministrato un questionario sul benessere percepito a scuola a tutti gli alunni, dalla terza primaria alla terza media. Dalle loro risposte \u00e8 emerso chiaramente, anche se ancora in fase iniziale, un malessere diffuso, pervasivo, che colpisce i ragazzi della nostra societ\u00e0: ansia, paura del giudizio e stress da prestazione. Un disagio profondo che le ragazze, pi\u00f9 di tutti, sentivano gi\u00e0 sulla propria pelle.<\/p>\n<p>Di fronte a questi dati ci siamo interrogati, nel collegio docenti, e abbiamo deciso di cambiare rotta. In tre classi prime \u00e8 stata introdotta una sperimentazione basata sulla &#8220;Valutazione Mite&#8221; secondo il modello proposto dalla rete delle scuole Senza Zaino. In questo percorso non siamo soli: decisiva \u00e8 stata la formazione con Vincenzo Arte, docente di matematica e fisica del Liceo Morgagni di Roma, che da anni porta avanti con successo il modello della scuola senza voti anche alle superiori. Abbiamo cos\u00ec tolto i voti numerici dal registro per sostituirli con un testo scritto, fatto di commenti personalizzati che raccontano il percorso di ogni singolo alunno. La valutazione \u00e8 strutturata secondo uno schema chiaro: valorizza prima i punti di forza dell\u2019alunno, affronta poi le criticit\u00e0 e conclude con i consigli pratici per migliorare. Dopo un anno intero di cammino, i questionari di fine anno compilati da famiglie e alunni ci scattano una fotografia complessa. Da un lato \u00e8 emersa una resistenza culturale non indifferente: una forte e radicata dipendenza dal voto numerico, inteso come comoda bussola o metro di paragone cui \u00e8 difficile rinunciare; alcune famiglie hanno espresso lo smarrimento di non conoscere la \u201ccifra esatta\u201d del valore del compito del proprio figlio. Dall&#8217;altro lato, per\u00f2, le risposte raccolte ci hanno restituito sensazioni ed episodi in cui abbiamo trovato il senso profondo della nostra scommessa: molti commenti ci hanno infatti restituito un&#8217;immagine di ragazzi e ragazze che cominciano a dimostrare autonomia, responsabilit\u00e0 e maggiore serenit\u00e0.<\/p>\n<p>I genitori hanno scritto che leggere un testo redatto apposta per il proprio figlio li ha fatti sentire accolti e ascoltati, perch\u00e9 vi hanno colto una profonda cura della persona e un aiuto concreto nel comprendere il percorso. Come ha raccontato un genitore nel questionario: &#8220;Un pomeriggio mio figlio \u00e8 tornato a casa entusiasta di mostrarmi i commenti dell&#8217;insegnante, leggendoli insieme a me; ha dato valore al percorso fatto e all&#8217;impegno messo, piuttosto che limitarsi a comunicarmi un numero&#8221;. La focalizzazione sui punti di forza ha permesso ai ragazzi di vedere gli aspetti positivi di se stessi e di sentirsi valorizzati, mentre l&#8217;indicazione chiara su come progredire ha trasmesso speranza, coraggio e voglia di mettersi in gioco, trasformando la valutazione in un alleato e non in una condanna.<\/p>\n<p>Un alunno ha descritto chiaramente questa svolta ricordando un compito andato meno bene del previsto: &#8220;L&#8217;insegnante mi ha fatto notare che avevo buone idee, per\u00f2 non erano organizzate bene&#8230; mi ha suggerito come migliorare l&#8217;introduzione e collegare meglio i paragrafi; grazie a questi consigli, nel tema successivo sono riuscito a scrivere in modo pi\u00f9 ordinato e chiaro. \u00c8 stato utile perch\u00e9 ho capito concretamente cosa migliorare, non solo che il lavoro non era andato bene&#8221;. Raccontare l\u2019errore invece di sanzionarlo rende gli studenti pi\u00f9 consapevoli di ci\u00f2 che fanno e di come lo fanno, spogliando lo sbaglio dalla pesantezza della colpa per trasformarlo in un&#8217;opportunit\u00e0 di crescita. Emblematico \u00e8 il commento di una ragazza che ha osservato: &#8220;[&#8230;] mi sono accorta di aver fatto errori diversi tra loro e ci\u00f2 mi ha rallegrato: il mio pensiero \u00e8 stato infatti di aver imparato dai miei errori, commettendone sempre nuovi, segno di non aver ripetuto i precedenti&#8221;.<\/p>\n<p>Questo primo bilancio ci dice che superare la cultura del &#8216;voto-sentenza&#8217; \u00e8 un percorso lento. Significa cambiare abitudini radicate da generazioni, sia negli adulti che nei ragazzi. \u00c8 normale, quindi, che in alcune famiglie emerga la preoccupazione per il futuro: molti genitori temono che, senza voti alle medie, i figli si trovino impreparati ad affrontare le superiori. Eppure, siamo profondamente convinti del contrario: aiutare i ragazzi a comprendere a fondo il proprio processo di apprendimento, rendendoli capaci di autovalutarsi e di individuare autonomamente i propri punti di forza e le aree di miglioramento, fornir\u00e0 loro una bussola interna formidabile che li aiuter\u00e0 ad affrontare con molta pi\u00f9 maturit\u00e0, solidit\u00e0 e minore ansia le inevitabili sfide e le richieste pressanti delle scuole superiori. Per il futuro, proprio per rispondere alle fatiche di genitori e alunni, il nostro piano di miglioramento punter\u00e0 a rendere le descrizioni ancora pi\u00f9 chiare, trasparenti e personalizzate, investendo sulla formazione e aumentando le osservazioni del processo di apprendimento. Se vogliamo evitare che il disagio dei nostri studenti continui a urlare solo con lo spray sui muri, dobbiamo portare quel grido dentro i nostri consigli di classe. L\u00ec dove la penna rossa giudica, deve entrare una parola scritta che si prende cura. Solo cos\u00ec la valutazione torner\u00e0 a essere ci\u00f2 che il suo nome promette: l&#8217;atto di dare valore, e mai quello di togliere dignit\u00e0.<\/p>\n<p><strong>Due docenti della scuola secondaria di primo grado \u201cI. Nievo\u201d<\/strong><\/p>\n","protected":false},"excerpt":{"rendered":"<p>Qualche giorno fa, sui muri di un liceo della nostra citt\u00e0, \u00e8 comparsa una scritta. Non era il solito atto di vandalismo distratto, ma una richiesta di ascolto, un grido d&#8217;aiuto tracciato con lo spray, una protesta frontale e dolorosa scagliata contro una scuola accusata di scatenare ansia, senso di inadeguatezza e profonda sofferenza a [&hellip;]<\/p>\n","protected":false},"author":2,"featured_media":170880,"comment_status":"closed","ping_status":"open","sticky":false,"template":"","format":"standard","meta":{"footnotes":""},"categories":[1,15],"tags":[],"class_list":["post-170879","post","type-post","status-publish","format-standard","has-post-thumbnail","category-leo","category-scuola"],"yoast_head":"<!-- This site is optimized with the Yoast SEO plugin v28.4 - https:\/\/yoast.com\/product\/yoast-seo-wordpress\/ -->\n<title>Scuola. Oltre il muro del voto: se un graffito ci chiede di cambiare sguardo - Bellunopress - Dolomiti<\/title>\n<meta name=\"robots\" content=\"index, follow, max-snippet:-1, max-image-preview:large, max-video-preview:-1\" \/>\n<link rel=\"canonical\" href=\"https:\/\/www.bellunopress.it\/fr\/2026\/06\/10\/scuola-oltre-il-muro-del-voto-se-un-graffito-ci-chiede-di-cambiare-sguardo\/\" \/>\n<meta property=\"og:locale\" content=\"fr_FR\" \/>\n<meta property=\"og:type\" content=\"article\" \/>\n<meta property=\"og:title\" content=\"Scuola. Oltre il muro del voto: se un graffito ci chiede di cambiare sguardo - Bellunopress - Dolomiti\" \/>\n<meta property=\"og:description\" content=\"Qualche giorno fa, sui muri di un liceo della nostra citt\u00e0, \u00e8 comparsa una scritta. Non era il solito atto di vandalismo distratto, ma una richiesta di ascolto, un grido d&#8217;aiuto tracciato con lo spray, una protesta frontale e dolorosa scagliata contro una scuola accusata di scatenare ansia, senso di inadeguatezza e profonda sofferenza a [&hellip;]\" \/>\n<meta property=\"og:url\" content=\"https:\/\/www.bellunopress.it\/fr\/2026\/06\/10\/scuola-oltre-il-muro-del-voto-se-un-graffito-ci-chiede-di-cambiare-sguardo\/\" \/>\n<meta property=\"og:site_name\" content=\"Bellunopress - Dolomiti\" \/>\n<meta property=\"article:publisher\" content=\"https:\/\/www.facebook.com\/profile.php?id=100008943462799\" \/>\n<meta property=\"article:published_time\" content=\"2026-06-10T13:52:43+00:00\" \/>\n<meta property=\"og:image\" content=\"https:\/\/www.bellunopress.it\/wp-content\/uploads\/2026\/06\/scuola-media-Nievo.jpg\" \/>\n\t<meta property=\"og:image:width\" content=\"600\" \/>\n\t<meta property=\"og:image:height\" content=\"450\" \/>\n\t<meta property=\"og:image:type\" content=\"image\/jpeg\" \/>\n<meta name=\"author\" content=\"redazione\" \/>\n<meta name=\"twitter:card\" content=\"summary_large_image\" \/>\n<meta name=\"twitter:creator\" content=\"@bellunopress\" \/>\n<meta name=\"twitter:site\" content=\"@bellunopress\" \/>\n<meta name=\"twitter:label1\" content=\"Written by\" \/>\n\t<meta name=\"twitter:data1\" content=\"redazione\" \/>\n\t<meta name=\"twitter:label2\" content=\"Est. reading time\" \/>\n\t<meta name=\"twitter:data2\" content=\"6 minutes\" \/>\n<script type=\"application\/ld+json\" class=\"yoast-schema-graph\">{\"@context\":\"https:\\\/\\\/schema.org\",\"@graph\":[{\"@type\":\"Article\",\"@id\":\"https:\\\/\\\/www.bellunopress.it\\\/2026\\\/06\\\/10\\\/scuola-oltre-il-muro-del-voto-se-un-graffito-ci-chiede-di-cambiare-sguardo\\\/#article\",\"isPartOf\":{\"@id\":\"https:\\\/\\\/www.bellunopress.it\\\/2026\\\/06\\\/10\\\/scuola-oltre-il-muro-del-voto-se-un-graffito-ci-chiede-di-cambiare-sguardo\\\/\"},\"author\":{\"name\":\"redazione\",\"@id\":\"https:\\\/\\\/www.bellunopress.it\\\/#\\\/schema\\\/person\\\/79bb06722b37ece1c03d3e94beb30d73\"},\"headline\":\"Scuola. Oltre il muro del voto: se un graffito ci chiede di cambiare sguardo\",\"datePublished\":\"2026-06-10T13:52:43+00:00\",\"mainEntityOfPage\":{\"@id\":\"https:\\\/\\\/www.bellunopress.it\\\/2026\\\/06\\\/10\\\/scuola-oltre-il-muro-del-voto-se-un-graffito-ci-chiede-di-cambiare-sguardo\\\/\"},\"wordCount\":998,\"publisher\":{\"@id\":\"https:\\\/\\\/www.bellunopress.it\\\/#organization\"},\"image\":{\"@id\":\"https:\\\/\\\/www.bellunopress.it\\\/2026\\\/06\\\/10\\\/scuola-oltre-il-muro-del-voto-se-un-graffito-ci-chiede-di-cambiare-sguardo\\\/#primaryimage\"},\"thumbnailUrl\":\"https:\\\/\\\/www.bellunopress.it\\\/wp-content\\\/uploads\\\/2026\\\/06\\\/scuola-media-Nievo.jpg\",\"articleSection\":[\"Lettere Opinioni\",\"Scuola\"],\"inLanguage\":\"fr-FR\"},{\"@type\":\"WebPage\",\"@id\":\"https:\\\/\\\/www.bellunopress.it\\\/2026\\\/06\\\/10\\\/scuola-oltre-il-muro-del-voto-se-un-graffito-ci-chiede-di-cambiare-sguardo\\\/\",\"url\":\"https:\\\/\\\/www.bellunopress.it\\\/2026\\\/06\\\/10\\\/scuola-oltre-il-muro-del-voto-se-un-graffito-ci-chiede-di-cambiare-sguardo\\\/\",\"name\":\"Scuola. Oltre il muro del voto: se un graffito ci chiede di cambiare sguardo - Bellunopress - Dolomiti\",\"isPartOf\":{\"@id\":\"https:\\\/\\\/www.bellunopress.it\\\/#website\"},\"primaryImageOfPage\":{\"@id\":\"https:\\\/\\\/www.bellunopress.it\\\/2026\\\/06\\\/10\\\/scuola-oltre-il-muro-del-voto-se-un-graffito-ci-chiede-di-cambiare-sguardo\\\/#primaryimage\"},\"image\":{\"@id\":\"https:\\\/\\\/www.bellunopress.it\\\/2026\\\/06\\\/10\\\/scuola-oltre-il-muro-del-voto-se-un-graffito-ci-chiede-di-cambiare-sguardo\\\/#primaryimage\"},\"thumbnailUrl\":\"https:\\\/\\\/www.bellunopress.it\\\/wp-content\\\/uploads\\\/2026\\\/06\\\/scuola-media-Nievo.jpg\",\"datePublished\":\"2026-06-10T13:52:43+00:00\",\"breadcrumb\":{\"@id\":\"https:\\\/\\\/www.bellunopress.it\\\/2026\\\/06\\\/10\\\/scuola-oltre-il-muro-del-voto-se-un-graffito-ci-chiede-di-cambiare-sguardo\\\/#breadcrumb\"},\"inLanguage\":\"fr-FR\",\"potentialAction\":[{\"@type\":\"ReadAction\",\"target\":[\"https:\\\/\\\/www.bellunopress.it\\\/2026\\\/06\\\/10\\\/scuola-oltre-il-muro-del-voto-se-un-graffito-ci-chiede-di-cambiare-sguardo\\\/\"]}]},{\"@type\":\"ImageObject\",\"inLanguage\":\"fr-FR\",\"@id\":\"https:\\\/\\\/www.bellunopress.it\\\/2026\\\/06\\\/10\\\/scuola-oltre-il-muro-del-voto-se-un-graffito-ci-chiede-di-cambiare-sguardo\\\/#primaryimage\",\"url\":\"https:\\\/\\\/www.bellunopress.it\\\/wp-content\\\/uploads\\\/2026\\\/06\\\/scuola-media-Nievo.jpg\",\"contentUrl\":\"https:\\\/\\\/www.bellunopress.it\\\/wp-content\\\/uploads\\\/2026\\\/06\\\/scuola-media-Nievo.jpg\",\"width\":600,\"height\":450,\"caption\":\"Scuola media \\\"Nievo\\\" Belluno\"},{\"@type\":\"BreadcrumbList\",\"@id\":\"https:\\\/\\\/www.bellunopress.it\\\/2026\\\/06\\\/10\\\/scuola-oltre-il-muro-del-voto-se-un-graffito-ci-chiede-di-cambiare-sguardo\\\/#breadcrumb\",\"itemListElement\":[{\"@type\":\"ListItem\",\"position\":1,\"name\":\"Home\",\"item\":\"https:\\\/\\\/www.bellunopress.it\\\/\"},{\"@type\":\"ListItem\",\"position\":2,\"name\":\"Scuola. Oltre il muro del voto: se un graffito ci chiede di cambiare sguardo\"}]},{\"@type\":\"WebSite\",\"@id\":\"https:\\\/\\\/www.bellunopress.it\\\/#website\",\"url\":\"https:\\\/\\\/www.bellunopress.it\\\/\",\"name\":\"Bellunopress - Dolomiti\",\"description\":\"e-mail: redazione@bellunopress.it\",\"publisher\":{\"@id\":\"https:\\\/\\\/www.bellunopress.it\\\/#organization\"},\"potentialAction\":[{\"@type\":\"SearchAction\",\"target\":{\"@type\":\"EntryPoint\",\"urlTemplate\":\"https:\\\/\\\/www.bellunopress.it\\\/?s={search_term_string}\"},\"query-input\":{\"@type\":\"PropertyValueSpecification\",\"valueRequired\":true,\"valueName\":\"search_term_string\"}}],\"inLanguage\":\"fr-FR\"},{\"@type\":\"Organization\",\"@id\":\"https:\\\/\\\/www.bellunopress.it\\\/#organization\",\"name\":\"Bellunopress\",\"url\":\"https:\\\/\\\/www.bellunopress.it\\\/\",\"logo\":{\"@type\":\"ImageObject\",\"inLanguage\":\"fr-FR\",\"@id\":\"https:\\\/\\\/www.bellunopress.it\\\/#\\\/schema\\\/logo\\\/image\\\/\",\"url\":\"https:\\\/\\\/www.bellunopress.it\\\/wp-content\\\/uploads\\\/2011\\\/05\\\/cropped-logo-bellunopress-.jpg\",\"contentUrl\":\"https:\\\/\\\/www.bellunopress.it\\\/wp-content\\\/uploads\\\/2011\\\/05\\\/cropped-logo-bellunopress-.jpg\",\"width\":512,\"height\":512,\"caption\":\"Bellunopress\"},\"image\":{\"@id\":\"https:\\\/\\\/www.bellunopress.it\\\/#\\\/schema\\\/logo\\\/image\\\/\"},\"sameAs\":[\"https:\\\/\\\/www.facebook.com\\\/profile.php?id=100008943462799\",\"https:\\\/\\\/x.com\\\/bellunopress\",\"https:\\\/\\\/www.linkedin.com\\\/hp\\\/?dnr=JBzUWaJfMUw8vbXJJ2tVW5-I3jZKvC4wsoxE&amp;amp;amp;amp;amp;amp;trk=nav_responsive_tab_home\",\"https:\\\/\\\/www.youtube.com\\\/channel\\\/UCxL0wu1uN0_3_7hGG0306cw\"]},{\"@type\":\"Person\",\"@id\":\"https:\\\/\\\/www.bellunopress.it\\\/#\\\/schema\\\/person\\\/79bb06722b37ece1c03d3e94beb30d73\",\"name\":\"redazione\",\"image\":{\"@type\":\"ImageObject\",\"inLanguage\":\"fr-FR\",\"@id\":\"https:\\\/\\\/secure.gravatar.com\\\/avatar\\\/37d968a2e67a6fd04c169c4bdef102d0bc5d31b2546345219e348575eb80e9a0?s=96&d=mm&r=g\",\"url\":\"https:\\\/\\\/secure.gravatar.com\\\/avatar\\\/37d968a2e67a6fd04c169c4bdef102d0bc5d31b2546345219e348575eb80e9a0?s=96&d=mm&r=g\",\"contentUrl\":\"https:\\\/\\\/secure.gravatar.com\\\/avatar\\\/37d968a2e67a6fd04c169c4bdef102d0bc5d31b2546345219e348575eb80e9a0?s=96&d=mm&r=g\",\"caption\":\"redazione\"},\"sameAs\":[\"http:\\\/\\\/www.bellunopress.it\",\"https:\\\/\\\/x.com\\\/bellunopress\"],\"url\":\"https:\\\/\\\/www.bellunopress.it\\\/fr\\\/author\\\/redazione\\\/\"}]}<\/script>\n<!-- \/ Yoast SEO plugin. -->","yoast_head_json":{"title":"Scuola. Oltre il muro del voto: se un graffito ci chiede di cambiare sguardo - Bellunopress - Dolomiti","robots":{"index":"index","follow":"follow","max-snippet":"max-snippet:-1","max-image-preview":"max-image-preview:large","max-video-preview":"max-video-preview:-1"},"canonical":"https:\/\/www.bellunopress.it\/fr\/2026\/06\/10\/scuola-oltre-il-muro-del-voto-se-un-graffito-ci-chiede-di-cambiare-sguardo\/","og_locale":"fr_FR","og_type":"article","og_title":"Scuola. Oltre il muro del voto: se un graffito ci chiede di cambiare sguardo - Bellunopress - Dolomiti","og_description":"Qualche giorno fa, sui muri di un liceo della nostra citt\u00e0, \u00e8 comparsa una scritta. Non era il solito atto di vandalismo distratto, ma una richiesta di ascolto, un grido d&#8217;aiuto tracciato con lo spray, una protesta frontale e dolorosa scagliata contro una scuola accusata di scatenare ansia, senso di inadeguatezza e profonda sofferenza a [&hellip;]","og_url":"https:\/\/www.bellunopress.it\/fr\/2026\/06\/10\/scuola-oltre-il-muro-del-voto-se-un-graffito-ci-chiede-di-cambiare-sguardo\/","og_site_name":"Bellunopress - Dolomiti","article_publisher":"https:\/\/www.facebook.com\/profile.php?id=100008943462799","article_published_time":"2026-06-10T13:52:43+00:00","og_image":[{"width":600,"height":450,"url":"https:\/\/www.bellunopress.it\/wp-content\/uploads\/2026\/06\/scuola-media-Nievo.jpg","type":"image\/jpeg"}],"author":"redazione","twitter_card":"summary_large_image","twitter_creator":"@bellunopress","twitter_site":"@bellunopress","twitter_misc":{"Written by":"redazione","Est. reading time":"6 minutes"},"schema":{"@context":"https:\/\/schema.org","@graph":[{"@type":"Article","@id":"https:\/\/www.bellunopress.it\/2026\/06\/10\/scuola-oltre-il-muro-del-voto-se-un-graffito-ci-chiede-di-cambiare-sguardo\/#article","isPartOf":{"@id":"https:\/\/www.bellunopress.it\/2026\/06\/10\/scuola-oltre-il-muro-del-voto-se-un-graffito-ci-chiede-di-cambiare-sguardo\/"},"author":{"name":"redazione","@id":"https:\/\/www.bellunopress.it\/#\/schema\/person\/79bb06722b37ece1c03d3e94beb30d73"},"headline":"Scuola. Oltre il muro del voto: se un graffito ci chiede di cambiare sguardo","datePublished":"2026-06-10T13:52:43+00:00","mainEntityOfPage":{"@id":"https:\/\/www.bellunopress.it\/2026\/06\/10\/scuola-oltre-il-muro-del-voto-se-un-graffito-ci-chiede-di-cambiare-sguardo\/"},"wordCount":998,"publisher":{"@id":"https:\/\/www.bellunopress.it\/#organization"},"image":{"@id":"https:\/\/www.bellunopress.it\/2026\/06\/10\/scuola-oltre-il-muro-del-voto-se-un-graffito-ci-chiede-di-cambiare-sguardo\/#primaryimage"},"thumbnailUrl":"https:\/\/www.bellunopress.it\/wp-content\/uploads\/2026\/06\/scuola-media-Nievo.jpg","articleSection":["Lettere Opinioni","Scuola"],"inLanguage":"fr-FR"},{"@type":"WebPage","@id":"https:\/\/www.bellunopress.it\/2026\/06\/10\/scuola-oltre-il-muro-del-voto-se-un-graffito-ci-chiede-di-cambiare-sguardo\/","url":"https:\/\/www.bellunopress.it\/2026\/06\/10\/scuola-oltre-il-muro-del-voto-se-un-graffito-ci-chiede-di-cambiare-sguardo\/","name":"Scuola. Oltre il muro del voto: se un graffito ci chiede di cambiare sguardo - Bellunopress - Dolomiti","isPartOf":{"@id":"https:\/\/www.bellunopress.it\/#website"},"primaryImageOfPage":{"@id":"https:\/\/www.bellunopress.it\/2026\/06\/10\/scuola-oltre-il-muro-del-voto-se-un-graffito-ci-chiede-di-cambiare-sguardo\/#primaryimage"},"image":{"@id":"https:\/\/www.bellunopress.it\/2026\/06\/10\/scuola-oltre-il-muro-del-voto-se-un-graffito-ci-chiede-di-cambiare-sguardo\/#primaryimage"},"thumbnailUrl":"https:\/\/www.bellunopress.it\/wp-content\/uploads\/2026\/06\/scuola-media-Nievo.jpg","datePublished":"2026-06-10T13:52:43+00:00","breadcrumb":{"@id":"https:\/\/www.bellunopress.it\/2026\/06\/10\/scuola-oltre-il-muro-del-voto-se-un-graffito-ci-chiede-di-cambiare-sguardo\/#breadcrumb"},"inLanguage":"fr-FR","potentialAction":[{"@type":"ReadAction","target":["https:\/\/www.bellunopress.it\/2026\/06\/10\/scuola-oltre-il-muro-del-voto-se-un-graffito-ci-chiede-di-cambiare-sguardo\/"]}]},{"@type":"ImageObject","inLanguage":"fr-FR","@id":"https:\/\/www.bellunopress.it\/2026\/06\/10\/scuola-oltre-il-muro-del-voto-se-un-graffito-ci-chiede-di-cambiare-sguardo\/#primaryimage","url":"https:\/\/www.bellunopress.it\/wp-content\/uploads\/2026\/06\/scuola-media-Nievo.jpg","contentUrl":"https:\/\/www.bellunopress.it\/wp-content\/uploads\/2026\/06\/scuola-media-Nievo.jpg","width":600,"height":450,"caption":"Scuola media \"Nievo\" Belluno"},{"@type":"BreadcrumbList","@id":"https:\/\/www.bellunopress.it\/2026\/06\/10\/scuola-oltre-il-muro-del-voto-se-un-graffito-ci-chiede-di-cambiare-sguardo\/#breadcrumb","itemListElement":[{"@type":"ListItem","position":1,"name":"Home","item":"https:\/\/www.bellunopress.it\/"},{"@type":"ListItem","position":2,"name":"Scuola. Oltre il muro del voto: se un graffito ci chiede di cambiare sguardo"}]},{"@type":"WebSite","@id":"https:\/\/www.bellunopress.it\/#website","url":"https:\/\/www.bellunopress.it\/","name":"Bellunopress - Dolomiti","description":"e-mail: redazione@bellunopress.it","publisher":{"@id":"https:\/\/www.bellunopress.it\/#organization"},"potentialAction":[{"@type":"SearchAction","target":{"@type":"EntryPoint","urlTemplate":"https:\/\/www.bellunopress.it\/?s={search_term_string}"},"query-input":{"@type":"PropertyValueSpecification","valueRequired":true,"valueName":"search_term_string"}}],"inLanguage":"fr-FR"},{"@type":"Organization","@id":"https:\/\/www.bellunopress.it\/#organization","name":"Bellunopress","url":"https:\/\/www.bellunopress.it\/","logo":{"@type":"ImageObject","inLanguage":"fr-FR","@id":"https:\/\/www.bellunopress.it\/#\/schema\/logo\/image\/","url":"https:\/\/www.bellunopress.it\/wp-content\/uploads\/2011\/05\/cropped-logo-bellunopress-.jpg","contentUrl":"https:\/\/www.bellunopress.it\/wp-content\/uploads\/2011\/05\/cropped-logo-bellunopress-.jpg","width":512,"height":512,"caption":"Bellunopress"},"image":{"@id":"https:\/\/www.bellunopress.it\/#\/schema\/logo\/image\/"},"sameAs":["https:\/\/www.facebook.com\/profile.php?id=100008943462799","https:\/\/x.com\/bellunopress","https:\/\/www.linkedin.com\/hp\/?dnr=JBzUWaJfMUw8vbXJJ2tVW5-I3jZKvC4wsoxE&amp;amp;amp;amp;amp;amp;trk=nav_responsive_tab_home","https:\/\/www.youtube.com\/channel\/UCxL0wu1uN0_3_7hGG0306cw"]},{"@type":"Person","@id":"https:\/\/www.bellunopress.it\/#\/schema\/person\/79bb06722b37ece1c03d3e94beb30d73","name":"r\u00e9daction","image":{"@type":"ImageObject","inLanguage":"fr-FR","@id":"https:\/\/secure.gravatar.com\/avatar\/37d968a2e67a6fd04c169c4bdef102d0bc5d31b2546345219e348575eb80e9a0?s=96&d=mm&r=g","url":"https:\/\/secure.gravatar.com\/avatar\/37d968a2e67a6fd04c169c4bdef102d0bc5d31b2546345219e348575eb80e9a0?s=96&d=mm&r=g","contentUrl":"https:\/\/secure.gravatar.com\/avatar\/37d968a2e67a6fd04c169c4bdef102d0bc5d31b2546345219e348575eb80e9a0?s=96&d=mm&r=g","caption":"redazione"},"sameAs":["http:\/\/www.bellunopress.it","https:\/\/x.com\/bellunopress"],"url":"https:\/\/www.bellunopress.it\/fr\/author\/redazione\/"}]}},"_links":{"self":[{"href":"https:\/\/www.bellunopress.it\/fr\/wp-json\/wp\/v2\/posts\/170879","targetHints":{"allow":["GET"]}}],"collection":[{"href":"https:\/\/www.bellunopress.it\/fr\/wp-json\/wp\/v2\/posts"}],"about":[{"href":"https:\/\/www.bellunopress.it\/fr\/wp-json\/wp\/v2\/types\/post"}],"author":[{"embeddable":true,"href":"https:\/\/www.bellunopress.it\/fr\/wp-json\/wp\/v2\/users\/2"}],"replies":[{"embeddable":true,"href":"https:\/\/www.bellunopress.it\/fr\/wp-json\/wp\/v2\/comments?post=170879"}],"version-history":[{"count":1,"href":"https:\/\/www.bellunopress.it\/fr\/wp-json\/wp\/v2\/posts\/170879\/revisions"}],"predecessor-version":[{"id":170881,"href":"https:\/\/www.bellunopress.it\/fr\/wp-json\/wp\/v2\/posts\/170879\/revisions\/170881"}],"wp:featuredmedia":[{"embeddable":true,"href":"https:\/\/www.bellunopress.it\/fr\/wp-json\/wp\/v2\/media\/170880"}],"wp:attachment":[{"href":"https:\/\/www.bellunopress.it\/fr\/wp-json\/wp\/v2\/media?parent=170879"}],"wp:term":[{"taxonomy":"category","embeddable":true,"href":"https:\/\/www.bellunopress.it\/fr\/wp-json\/wp\/v2\/categories?post=170879"},{"taxonomy":"post_tag","embeddable":true,"href":"https:\/\/www.bellunopress.it\/fr\/wp-json\/wp\/v2\/tags?post=170879"}],"curies":[{"name":"wp","href":"https:\/\/api.w.org\/{rel}","templated":true}]}}