{"id":170874,"date":"2026-06-10T15:09:49","date_gmt":"2026-06-10T13:09:49","guid":{"rendered":"https:\/\/www.bellunopress.it\/?p=170874"},"modified":"2026-06-10T15:41:25","modified_gmt":"2026-06-10T13:41:25","slug":"belluno-il-sindaco-de-pellegrin-dice-no-alle-dimissioni-e-rinnova-la-fiducia-allassessore-dal-pont","status":"publish","type":"post","link":"https:\/\/www.bellunopress.it\/fr\/2026\/06\/10\/belluno-il-sindaco-de-pellegrin-dice-no-alle-dimissioni-e-rinnova-la-fiducia-allassessore-dal-pont\/","title":{"rendered":"Belluno. Il sindaco De Pellegrin rinnova la fiducia all&#8217;assessore Dal Pont. Ora si attende che l&#8217;assessore revochi le sue dimissioni"},"content":{"rendered":"<p data-path-to-node=\"3\"><strong>&#8220;Le colpe dei figli non ricadano sui padri&#8221;.\u00a0<\/strong><b data-path-to-node=\"3\" data-index-in-node=\"0\">Il Primo cittadino blinda l\u2019assessore dopo il passo indietro di luned\u00ec, causato dal coinvolgimento del figlio insieme ad altri 5 giovani nella vicenda di aggressione in centro. Una decisione rapida, condivisa con la maggioranza: &#8220;La valutazione sul suo operato resta positiva&#8221;<\/b><\/p>\n<p data-path-to-node=\"4\">Belluno, 10 giugno 2026\u00a0\u2013 \u00c8 bastato poco pi\u00f9 di un giorno per ricomporre lo strappo nella giunta di Palazzo Rosso. Le dimissioni rassegnate luned\u00ec dall\u2019assessore Marco Dal Pont, a seguito del coinvolgimento del figlio in un grave episodio di cronaca, sono state ufficialmente respinte oggi, mercoled\u00ec, dal sindaco Oscar De Pellegrin. Un ritorno sui propri passi, o forse una tempistica che testimonia una volont\u00e0 politica ben precisa: quella di non interrompere la continuit\u00e0 amministrativa.<\/p>\n<p data-path-to-node=\"6\">Il comunicato diramato dal primo cittadino non lascia spazio a interpretazioni, pur muovendosi su un delicato equilibrio tra rigore etico e pragmatismo politico. De Pellegrin esprime in apertura una &#8220;ferma condanna&#8221; per l\u2019aggressione avvenuta, manifestando vicinanza alla vittima, ma traccia un confine netto tra il fatto di cronaca e l\u2019attivit\u00e0 istituzionale dell\u2019assessore.<\/p>\n<p data-path-to-node=\"7\">&#8220;Credo che le colpe dei figli non debbano ricadere sui padri&#8221;, afferma il sindaco, giustificando la scelta di non accogliere le dimissioni. Secondo De Pellegrin, il gesto di Dal Pont \u00e8 stato dettato da un alto senso di responsabilit\u00e0 verso l&#8217;Istituzione, per evitare che la bufera mediatica travolgesse il lavoro del Comune, ma la natura del fatto resta squisitamente privata.<\/p>\n<p data-path-to-node=\"9\">Il sindaco ha motivato la sua decisione sottolineando la bont\u00e0 del lavoro svolto dall\u2019assessore in questi anni, in particolare nella gestione di dossier complessi come quello degli Ambiti Territoriali Sociali. &#8220;Non mi trovo di fronte a fatti che riguardano il suo ruolo pubblico \u2013 chiarisce De Pellegrin \u2013. Quanto accaduto non modifica la valutazione sul suo operato&#8221;.<\/p>\n<p data-path-to-node=\"10\">La decisione, come sottolineato dal sindaco, non \u00e8 stata presa in solitaria, ma a seguito di una &#8220;riflessione seria e responsabile&#8221; condivisa con i gruppi di maggioranza. L&#8217;obiettivo dichiarato \u00e8 garantire che i progetti in corso per la citt\u00e0 non subiscano battute d\u2019arresto, puntando sulla &#8220;competenza e conoscenza approfondita dei temi&#8221; che Dal Pont ha dimostrato di possedere.<\/p>\n<p data-path-to-node=\"12\">Sebbene il sindaco abbia ufficializzato il reintegro, la rapidit\u00e0 della manovra solleva inevitabilmente qualche interrogativo politico. La velocit\u00e0 con cui si \u00e8 passati dal gesto di dimissioni di luned\u00ec alla conferma di fiducia di oggi, mercoled\u00ec, suggerisce che i contatti tra le parti non si siano mai interrotti. Una regia rapida, concordata, che \u00e8 servita, probabilmente, a contenere le polemiche sul nascere e a evitare che il clima in giunta si surriscaldasse eccessivamente.<\/p>\n<p data-path-to-node=\"13\">Ora la palla ritorna a Dal Pont: se accetter\u00e0 l&#8217;offerta del sindaco dovr\u00e0 ritirare le sue dimissioni. Non rimane che attendere l&#8217;ultimo atto, anche in attesa di capire come reagiranno le opposizioni e, soprattutto, come si evolver\u00e0 il clima in citt\u00e0 dopo un episodio che, come ammesso dallo stesso De Pellegrin, &#8220;ha ferito la nostra comunit\u00e0&#8221;.<\/p>","protected":false},"excerpt":{"rendered":"<p>&#8220;Le colpe dei figli non ricadano sui padri&#8221;.\u00a0Il Primo cittadino blinda l\u2019assessore dopo il passo indietro di luned\u00ec, causato dal coinvolgimento del figlio insieme ad altri 5 giovani nella vicenda di aggressione in centro. Una decisione rapida, condivisa con la maggioranza: &#8220;La valutazione sul suo operato resta positiva&#8221; Belluno, 10 giugno 2026\u00a0\u2013 \u00c8 bastato poco [&hellip;]<\/p>\n","protected":false},"author":2,"featured_media":151884,"comment_status":"closed","ping_status":"open","sticky":false,"template":"","format":"standard","meta":{"footnotes":""},"categories":[5,26],"tags":[],"class_list":["post-170874","post","type-post","status-publish","format-standard","has-post-thumbnail","category-cronaca","category-prima-pagina"],"yoast_head":"<!-- This site is optimized with the Yoast SEO plugin v28.4 - https:\/\/yoast.com\/product\/yoast-seo-wordpress\/ -->\n<title>Belluno. Il sindaco De Pellegrin rinnova la fiducia all&#039;assessore Dal Pont. Ora si attende che l&#039;assessore revochi le sue dimissioni - Bellunopress - Dolomiti<\/title>\n<meta name=\"robots\" content=\"index, follow, max-snippet:-1, max-image-preview:large, max-video-preview:-1\" \/>\n<link rel=\"canonical\" href=\"https:\/\/www.bellunopress.it\/fr\/2026\/06\/10\/belluno-il-sindaco-de-pellegrin-dice-no-alle-dimissioni-e-rinnova-la-fiducia-allassessore-dal-pont\/\" \/>\n<meta property=\"og:locale\" content=\"fr_FR\" \/>\n<meta property=\"og:type\" content=\"article\" \/>\n<meta property=\"og:title\" content=\"Belluno. Il sindaco De Pellegrin rinnova la fiducia all&#039;assessore Dal Pont. Ora si attende che l&#039;assessore revochi le sue dimissioni - Bellunopress - Dolomiti\" \/>\n<meta property=\"og:description\" content=\"&#8220;Le colpe dei figli non ricadano sui padri&#8221;.\u00a0Il Primo cittadino blinda l\u2019assessore dopo il passo indietro di luned\u00ec, causato dal coinvolgimento del figlio insieme ad altri 5 giovani nella vicenda di aggressione in centro. Una decisione rapida, condivisa con la maggioranza: &#8220;La valutazione sul suo operato resta positiva&#8221; Belluno, 10 giugno 2026\u00a0\u2013 \u00c8 bastato poco [&hellip;]\" \/>\n<meta property=\"og:url\" content=\"https:\/\/www.bellunopress.it\/fr\/2026\/06\/10\/belluno-il-sindaco-de-pellegrin-dice-no-alle-dimissioni-e-rinnova-la-fiducia-allassessore-dal-pont\/\" \/>\n<meta property=\"og:site_name\" content=\"Bellunopress - Dolomiti\" \/>\n<meta property=\"article:publisher\" content=\"https:\/\/www.facebook.com\/profile.php?id=100008943462799\" \/>\n<meta property=\"article:published_time\" content=\"2026-06-10T13:09:49+00:00\" \/>\n<meta property=\"article:modified_time\" content=\"2026-06-10T13:41:25+00:00\" \/>\n<meta property=\"og:image\" content=\"https:\/\/www.bellunopress.it\/wp-content\/uploads\/2024\/06\/Oscar-De-Pellegrin-sindaco_edited.jpg\" \/>\n\t<meta property=\"og:image:width\" content=\"979\" \/>\n\t<meta property=\"og:image:height\" content=\"1000\" \/>\n\t<meta property=\"og:image:type\" content=\"image\/jpeg\" \/>\n<meta name=\"author\" content=\"redazione\" \/>\n<meta name=\"twitter:card\" content=\"summary_large_image\" \/>\n<meta name=\"twitter:creator\" content=\"@bellunopress\" \/>\n<meta name=\"twitter:site\" content=\"@bellunopress\" \/>\n<meta name=\"twitter:label1\" content=\"Written by\" \/>\n\t<meta name=\"twitter:data1\" content=\"redazione\" \/>\n\t<meta name=\"twitter:label2\" content=\"Est. reading time\" \/>\n\t<meta name=\"twitter:data2\" content=\"3 minutes\" \/>\n<script type=\"application\/ld+json\" class=\"yoast-schema-graph\">{\"@context\":\"https:\\\/\\\/schema.org\",\"@graph\":[{\"@type\":\"Article\",\"@id\":\"https:\\\/\\\/www.bellunopress.it\\\/2026\\\/06\\\/10\\\/belluno-il-sindaco-de-pellegrin-dice-no-alle-dimissioni-e-rinnova-la-fiducia-allassessore-dal-pont\\\/#article\",\"isPartOf\":{\"@id\":\"https:\\\/\\\/www.bellunopress.it\\\/2026\\\/06\\\/10\\\/belluno-il-sindaco-de-pellegrin-dice-no-alle-dimissioni-e-rinnova-la-fiducia-allassessore-dal-pont\\\/\"},\"author\":{\"name\":\"redazione\",\"@id\":\"https:\\\/\\\/www.bellunopress.it\\\/#\\\/schema\\\/person\\\/79bb06722b37ece1c03d3e94beb30d73\"},\"headline\":\"Belluno. Il sindaco De Pellegrin rinnova la fiducia all&#8217;assessore Dal Pont. Ora si attende che l&#8217;assessore revochi le sue dimissioni\",\"datePublished\":\"2026-06-10T13:09:49+00:00\",\"dateModified\":\"2026-06-10T13:41:25+00:00\",\"mainEntityOfPage\":{\"@id\":\"https:\\\/\\\/www.bellunopress.it\\\/2026\\\/06\\\/10\\\/belluno-il-sindaco-de-pellegrin-dice-no-alle-dimissioni-e-rinnova-la-fiducia-allassessore-dal-pont\\\/\"},\"wordCount\":501,\"publisher\":{\"@id\":\"https:\\\/\\\/www.bellunopress.it\\\/#organization\"},\"image\":{\"@id\":\"https:\\\/\\\/www.bellunopress.it\\\/2026\\\/06\\\/10\\\/belluno-il-sindaco-de-pellegrin-dice-no-alle-dimissioni-e-rinnova-la-fiducia-allassessore-dal-pont\\\/#primaryimage\"},\"thumbnailUrl\":\"https:\\\/\\\/www.bellunopress.it\\\/wp-content\\\/uploads\\\/2024\\\/06\\\/Oscar-De-Pellegrin-sindaco_edited.jpg\",\"articleSection\":[\"Cronaca\\\/Politica\",\"Prima Pagina\"],\"inLanguage\":\"fr-FR\"},{\"@type\":\"WebPage\",\"@id\":\"https:\\\/\\\/www.bellunopress.it\\\/2026\\\/06\\\/10\\\/belluno-il-sindaco-de-pellegrin-dice-no-alle-dimissioni-e-rinnova-la-fiducia-allassessore-dal-pont\\\/\",\"url\":\"https:\\\/\\\/www.bellunopress.it\\\/2026\\\/06\\\/10\\\/belluno-il-sindaco-de-pellegrin-dice-no-alle-dimissioni-e-rinnova-la-fiducia-allassessore-dal-pont\\\/\",\"name\":\"Belluno. Il sindaco De Pellegrin rinnova la fiducia all'assessore Dal Pont. Ora si attende che l'assessore revochi le sue dimissioni - Bellunopress - Dolomiti\",\"isPartOf\":{\"@id\":\"https:\\\/\\\/www.bellunopress.it\\\/#website\"},\"primaryImageOfPage\":{\"@id\":\"https:\\\/\\\/www.bellunopress.it\\\/2026\\\/06\\\/10\\\/belluno-il-sindaco-de-pellegrin-dice-no-alle-dimissioni-e-rinnova-la-fiducia-allassessore-dal-pont\\\/#primaryimage\"},\"image\":{\"@id\":\"https:\\\/\\\/www.bellunopress.it\\\/2026\\\/06\\\/10\\\/belluno-il-sindaco-de-pellegrin-dice-no-alle-dimissioni-e-rinnova-la-fiducia-allassessore-dal-pont\\\/#primaryimage\"},\"thumbnailUrl\":\"https:\\\/\\\/www.bellunopress.it\\\/wp-content\\\/uploads\\\/2024\\\/06\\\/Oscar-De-Pellegrin-sindaco_edited.jpg\",\"datePublished\":\"2026-06-10T13:09:49+00:00\",\"dateModified\":\"2026-06-10T13:41:25+00:00\",\"breadcrumb\":{\"@id\":\"https:\\\/\\\/www.bellunopress.it\\\/2026\\\/06\\\/10\\\/belluno-il-sindaco-de-pellegrin-dice-no-alle-dimissioni-e-rinnova-la-fiducia-allassessore-dal-pont\\\/#breadcrumb\"},\"inLanguage\":\"fr-FR\",\"potentialAction\":[{\"@type\":\"ReadAction\",\"target\":[\"https:\\\/\\\/www.bellunopress.it\\\/2026\\\/06\\\/10\\\/belluno-il-sindaco-de-pellegrin-dice-no-alle-dimissioni-e-rinnova-la-fiducia-allassessore-dal-pont\\\/\"]}]},{\"@type\":\"ImageObject\",\"inLanguage\":\"fr-FR\",\"@id\":\"https:\\\/\\\/www.bellunopress.it\\\/2026\\\/06\\\/10\\\/belluno-il-sindaco-de-pellegrin-dice-no-alle-dimissioni-e-rinnova-la-fiducia-allassessore-dal-pont\\\/#primaryimage\",\"url\":\"https:\\\/\\\/www.bellunopress.it\\\/wp-content\\\/uploads\\\/2024\\\/06\\\/Oscar-De-Pellegrin-sindaco_edited.jpg\",\"contentUrl\":\"https:\\\/\\\/www.bellunopress.it\\\/wp-content\\\/uploads\\\/2024\\\/06\\\/Oscar-De-Pellegrin-sindaco_edited.jpg\",\"width\":979,\"height\":1000,\"caption\":\"Oscar De Pellegrin, sindaco di Belluno\"},{\"@type\":\"BreadcrumbList\",\"@id\":\"https:\\\/\\\/www.bellunopress.it\\\/2026\\\/06\\\/10\\\/belluno-il-sindaco-de-pellegrin-dice-no-alle-dimissioni-e-rinnova-la-fiducia-allassessore-dal-pont\\\/#breadcrumb\",\"itemListElement\":[{\"@type\":\"ListItem\",\"position\":1,\"name\":\"Home\",\"item\":\"https:\\\/\\\/www.bellunopress.it\\\/\"},{\"@type\":\"ListItem\",\"position\":2,\"name\":\"Belluno. Il sindaco De Pellegrin rinnova la fiducia all&#8217;assessore Dal Pont. Ora si attende che l&#8217;assessore revochi le sue dimissioni\"}]},{\"@type\":\"WebSite\",\"@id\":\"https:\\\/\\\/www.bellunopress.it\\\/#website\",\"url\":\"https:\\\/\\\/www.bellunopress.it\\\/\",\"name\":\"Bellunopress - Dolomiti\",\"description\":\"e-mail: redazione@bellunopress.it\",\"publisher\":{\"@id\":\"https:\\\/\\\/www.bellunopress.it\\\/#organization\"},\"potentialAction\":[{\"@type\":\"SearchAction\",\"target\":{\"@type\":\"EntryPoint\",\"urlTemplate\":\"https:\\\/\\\/www.bellunopress.it\\\/?s={search_term_string}\"},\"query-input\":{\"@type\":\"PropertyValueSpecification\",\"valueRequired\":true,\"valueName\":\"search_term_string\"}}],\"inLanguage\":\"fr-FR\"},{\"@type\":\"Organization\",\"@id\":\"https:\\\/\\\/www.bellunopress.it\\\/#organization\",\"name\":\"Bellunopress\",\"url\":\"https:\\\/\\\/www.bellunopress.it\\\/\",\"logo\":{\"@type\":\"ImageObject\",\"inLanguage\":\"fr-FR\",\"@id\":\"https:\\\/\\\/www.bellunopress.it\\\/#\\\/schema\\\/logo\\\/image\\\/\",\"url\":\"https:\\\/\\\/www.bellunopress.it\\\/wp-content\\\/uploads\\\/2011\\\/05\\\/cropped-logo-bellunopress-.jpg\",\"contentUrl\":\"https:\\\/\\\/www.bellunopress.it\\\/wp-content\\\/uploads\\\/2011\\\/05\\\/cropped-logo-bellunopress-.jpg\",\"width\":512,\"height\":512,\"caption\":\"Bellunopress\"},\"image\":{\"@id\":\"https:\\\/\\\/www.bellunopress.it\\\/#\\\/schema\\\/logo\\\/image\\\/\"},\"sameAs\":[\"https:\\\/\\\/www.facebook.com\\\/profile.php?id=100008943462799\",\"https:\\\/\\\/x.com\\\/bellunopress\",\"https:\\\/\\\/www.linkedin.com\\\/hp\\\/?dnr=JBzUWaJfMUw8vbXJJ2tVW5-I3jZKvC4wsoxE&amp;amp;amp;amp;amp;amp;trk=nav_responsive_tab_home\",\"https:\\\/\\\/www.youtube.com\\\/channel\\\/UCxL0wu1uN0_3_7hGG0306cw\"]},{\"@type\":\"Person\",\"@id\":\"https:\\\/\\\/www.bellunopress.it\\\/#\\\/schema\\\/person\\\/79bb06722b37ece1c03d3e94beb30d73\",\"name\":\"redazione\",\"image\":{\"@type\":\"ImageObject\",\"inLanguage\":\"fr-FR\",\"@id\":\"https:\\\/\\\/secure.gravatar.com\\\/avatar\\\/37d968a2e67a6fd04c169c4bdef102d0bc5d31b2546345219e348575eb80e9a0?s=96&d=mm&r=g\",\"url\":\"https:\\\/\\\/secure.gravatar.com\\\/avatar\\\/37d968a2e67a6fd04c169c4bdef102d0bc5d31b2546345219e348575eb80e9a0?s=96&d=mm&r=g\",\"contentUrl\":\"https:\\\/\\\/secure.gravatar.com\\\/avatar\\\/37d968a2e67a6fd04c169c4bdef102d0bc5d31b2546345219e348575eb80e9a0?s=96&d=mm&r=g\",\"caption\":\"redazione\"},\"sameAs\":[\"http:\\\/\\\/www.bellunopress.it\",\"https:\\\/\\\/x.com\\\/bellunopress\"],\"url\":\"https:\\\/\\\/www.bellunopress.it\\\/fr\\\/author\\\/redazione\\\/\"}]}<\/script>\n<!-- \/ Yoast SEO plugin. -->","yoast_head_json":{"title":"Belluno. Il sindaco De Pellegrin rinnova la fiducia all'assessore Dal Pont. Ora si attende che l'assessore revochi le sue dimissioni - Bellunopress - Dolomiti","robots":{"index":"index","follow":"follow","max-snippet":"max-snippet:-1","max-image-preview":"max-image-preview:large","max-video-preview":"max-video-preview:-1"},"canonical":"https:\/\/www.bellunopress.it\/fr\/2026\/06\/10\/belluno-il-sindaco-de-pellegrin-dice-no-alle-dimissioni-e-rinnova-la-fiducia-allassessore-dal-pont\/","og_locale":"fr_FR","og_type":"article","og_title":"Belluno. Il sindaco De Pellegrin rinnova la fiducia all'assessore Dal Pont. Ora si attende che l'assessore revochi le sue dimissioni - Bellunopress - Dolomiti","og_description":"&#8220;Le colpe dei figli non ricadano sui padri&#8221;.\u00a0Il Primo cittadino blinda l\u2019assessore dopo il passo indietro di luned\u00ec, causato dal coinvolgimento del figlio insieme ad altri 5 giovani nella vicenda di aggressione in centro. Una decisione rapida, condivisa con la maggioranza: &#8220;La valutazione sul suo operato resta positiva&#8221; Belluno, 10 giugno 2026\u00a0\u2013 \u00c8 bastato poco [&hellip;]","og_url":"https:\/\/www.bellunopress.it\/fr\/2026\/06\/10\/belluno-il-sindaco-de-pellegrin-dice-no-alle-dimissioni-e-rinnova-la-fiducia-allassessore-dal-pont\/","og_site_name":"Bellunopress - Dolomiti","article_publisher":"https:\/\/www.facebook.com\/profile.php?id=100008943462799","article_published_time":"2026-06-10T13:09:49+00:00","article_modified_time":"2026-06-10T13:41:25+00:00","og_image":[{"width":979,"height":1000,"url":"https:\/\/www.bellunopress.it\/wp-content\/uploads\/2024\/06\/Oscar-De-Pellegrin-sindaco_edited.jpg","type":"image\/jpeg"}],"author":"redazione","twitter_card":"summary_large_image","twitter_creator":"@bellunopress","twitter_site":"@bellunopress","twitter_misc":{"Written by":"redazione","Est. reading time":"3 minutes"},"schema":{"@context":"https:\/\/schema.org","@graph":[{"@type":"Article","@id":"https:\/\/www.bellunopress.it\/2026\/06\/10\/belluno-il-sindaco-de-pellegrin-dice-no-alle-dimissioni-e-rinnova-la-fiducia-allassessore-dal-pont\/#article","isPartOf":{"@id":"https:\/\/www.bellunopress.it\/2026\/06\/10\/belluno-il-sindaco-de-pellegrin-dice-no-alle-dimissioni-e-rinnova-la-fiducia-allassessore-dal-pont\/"},"author":{"name":"redazione","@id":"https:\/\/www.bellunopress.it\/#\/schema\/person\/79bb06722b37ece1c03d3e94beb30d73"},"headline":"Belluno. Il sindaco De Pellegrin rinnova la fiducia all&#8217;assessore Dal Pont. Ora si attende che l&#8217;assessore revochi le sue dimissioni","datePublished":"2026-06-10T13:09:49+00:00","dateModified":"2026-06-10T13:41:25+00:00","mainEntityOfPage":{"@id":"https:\/\/www.bellunopress.it\/2026\/06\/10\/belluno-il-sindaco-de-pellegrin-dice-no-alle-dimissioni-e-rinnova-la-fiducia-allassessore-dal-pont\/"},"wordCount":501,"publisher":{"@id":"https:\/\/www.bellunopress.it\/#organization"},"image":{"@id":"https:\/\/www.bellunopress.it\/2026\/06\/10\/belluno-il-sindaco-de-pellegrin-dice-no-alle-dimissioni-e-rinnova-la-fiducia-allassessore-dal-pont\/#primaryimage"},"thumbnailUrl":"https:\/\/www.bellunopress.it\/wp-content\/uploads\/2024\/06\/Oscar-De-Pellegrin-sindaco_edited.jpg","articleSection":["Cronaca\/Politica","Prima Pagina"],"inLanguage":"fr-FR"},{"@type":"WebPage","@id":"https:\/\/www.bellunopress.it\/2026\/06\/10\/belluno-il-sindaco-de-pellegrin-dice-no-alle-dimissioni-e-rinnova-la-fiducia-allassessore-dal-pont\/","url":"https:\/\/www.bellunopress.it\/2026\/06\/10\/belluno-il-sindaco-de-pellegrin-dice-no-alle-dimissioni-e-rinnova-la-fiducia-allassessore-dal-pont\/","name":"Belluno. Il sindaco De Pellegrin rinnova la fiducia all'assessore Dal Pont. Ora si attende che l'assessore revochi le sue dimissioni - Bellunopress - Dolomiti","isPartOf":{"@id":"https:\/\/www.bellunopress.it\/#website"},"primaryImageOfPage":{"@id":"https:\/\/www.bellunopress.it\/2026\/06\/10\/belluno-il-sindaco-de-pellegrin-dice-no-alle-dimissioni-e-rinnova-la-fiducia-allassessore-dal-pont\/#primaryimage"},"image":{"@id":"https:\/\/www.bellunopress.it\/2026\/06\/10\/belluno-il-sindaco-de-pellegrin-dice-no-alle-dimissioni-e-rinnova-la-fiducia-allassessore-dal-pont\/#primaryimage"},"thumbnailUrl":"https:\/\/www.bellunopress.it\/wp-content\/uploads\/2024\/06\/Oscar-De-Pellegrin-sindaco_edited.jpg","datePublished":"2026-06-10T13:09:49+00:00","dateModified":"2026-06-10T13:41:25+00:00","breadcrumb":{"@id":"https:\/\/www.bellunopress.it\/2026\/06\/10\/belluno-il-sindaco-de-pellegrin-dice-no-alle-dimissioni-e-rinnova-la-fiducia-allassessore-dal-pont\/#breadcrumb"},"inLanguage":"fr-FR","potentialAction":[{"@type":"ReadAction","target":["https:\/\/www.bellunopress.it\/2026\/06\/10\/belluno-il-sindaco-de-pellegrin-dice-no-alle-dimissioni-e-rinnova-la-fiducia-allassessore-dal-pont\/"]}]},{"@type":"ImageObject","inLanguage":"fr-FR","@id":"https:\/\/www.bellunopress.it\/2026\/06\/10\/belluno-il-sindaco-de-pellegrin-dice-no-alle-dimissioni-e-rinnova-la-fiducia-allassessore-dal-pont\/#primaryimage","url":"https:\/\/www.bellunopress.it\/wp-content\/uploads\/2024\/06\/Oscar-De-Pellegrin-sindaco_edited.jpg","contentUrl":"https:\/\/www.bellunopress.it\/wp-content\/uploads\/2024\/06\/Oscar-De-Pellegrin-sindaco_edited.jpg","width":979,"height":1000,"caption":"Oscar De Pellegrin, sindaco di Belluno"},{"@type":"BreadcrumbList","@id":"https:\/\/www.bellunopress.it\/2026\/06\/10\/belluno-il-sindaco-de-pellegrin-dice-no-alle-dimissioni-e-rinnova-la-fiducia-allassessore-dal-pont\/#breadcrumb","itemListElement":[{"@type":"ListItem","position":1,"name":"Home","item":"https:\/\/www.bellunopress.it\/"},{"@type":"ListItem","position":2,"name":"Belluno. Il sindaco De Pellegrin rinnova la fiducia all&#8217;assessore Dal Pont. Ora si attende che l&#8217;assessore revochi le sue dimissioni"}]},{"@type":"WebSite","@id":"https:\/\/www.bellunopress.it\/#website","url":"https:\/\/www.bellunopress.it\/","name":"Bellunopress - Dolomiti","description":"e-mail: redazione@bellunopress.it","publisher":{"@id":"https:\/\/www.bellunopress.it\/#organization"},"potentialAction":[{"@type":"SearchAction","target":{"@type":"EntryPoint","urlTemplate":"https:\/\/www.bellunopress.it\/?s={search_term_string}"},"query-input":{"@type":"PropertyValueSpecification","valueRequired":true,"valueName":"search_term_string"}}],"inLanguage":"fr-FR"},{"@type":"Organization","@id":"https:\/\/www.bellunopress.it\/#organization","name":"Bellunopress","url":"https:\/\/www.bellunopress.it\/","logo":{"@type":"ImageObject","inLanguage":"fr-FR","@id":"https:\/\/www.bellunopress.it\/#\/schema\/logo\/image\/","url":"https:\/\/www.bellunopress.it\/wp-content\/uploads\/2011\/05\/cropped-logo-bellunopress-.jpg","contentUrl":"https:\/\/www.bellunopress.it\/wp-content\/uploads\/2011\/05\/cropped-logo-bellunopress-.jpg","width":512,"height":512,"caption":"Bellunopress"},"image":{"@id":"https:\/\/www.bellunopress.it\/#\/schema\/logo\/image\/"},"sameAs":["https:\/\/www.facebook.com\/profile.php?id=100008943462799","https:\/\/x.com\/bellunopress","https:\/\/www.linkedin.com\/hp\/?dnr=JBzUWaJfMUw8vbXJJ2tVW5-I3jZKvC4wsoxE&amp;amp;amp;amp;amp;amp;trk=nav_responsive_tab_home","https:\/\/www.youtube.com\/channel\/UCxL0wu1uN0_3_7hGG0306cw"]},{"@type":"Person","@id":"https:\/\/www.bellunopress.it\/#\/schema\/person\/79bb06722b37ece1c03d3e94beb30d73","name":"r\u00e9daction","image":{"@type":"ImageObject","inLanguage":"fr-FR","@id":"https:\/\/secure.gravatar.com\/avatar\/37d968a2e67a6fd04c169c4bdef102d0bc5d31b2546345219e348575eb80e9a0?s=96&d=mm&r=g","url":"https:\/\/secure.gravatar.com\/avatar\/37d968a2e67a6fd04c169c4bdef102d0bc5d31b2546345219e348575eb80e9a0?s=96&d=mm&r=g","contentUrl":"https:\/\/secure.gravatar.com\/avatar\/37d968a2e67a6fd04c169c4bdef102d0bc5d31b2546345219e348575eb80e9a0?s=96&d=mm&r=g","caption":"redazione"},"sameAs":["http:\/\/www.bellunopress.it","https:\/\/x.com\/bellunopress"],"url":"https:\/\/www.bellunopress.it\/fr\/author\/redazione\/"}]}},"_links":{"self":[{"href":"https:\/\/www.bellunopress.it\/fr\/wp-json\/wp\/v2\/posts\/170874","targetHints":{"allow":["GET"]}}],"collection":[{"href":"https:\/\/www.bellunopress.it\/fr\/wp-json\/wp\/v2\/posts"}],"about":[{"href":"https:\/\/www.bellunopress.it\/fr\/wp-json\/wp\/v2\/types\/post"}],"author":[{"embeddable":true,"href":"https:\/\/www.bellunopress.it\/fr\/wp-json\/wp\/v2\/users\/2"}],"replies":[{"embeddable":true,"href":"https:\/\/www.bellunopress.it\/fr\/wp-json\/wp\/v2\/comments?post=170874"}],"version-history":[{"count":4,"href":"https:\/\/www.bellunopress.it\/fr\/wp-json\/wp\/v2\/posts\/170874\/revisions"}],"predecessor-version":[{"id":170878,"href":"https:\/\/www.bellunopress.it\/fr\/wp-json\/wp\/v2\/posts\/170874\/revisions\/170878"}],"wp:featuredmedia":[{"embeddable":true,"href":"https:\/\/www.bellunopress.it\/fr\/wp-json\/wp\/v2\/media\/151884"}],"wp:attachment":[{"href":"https:\/\/www.bellunopress.it\/fr\/wp-json\/wp\/v2\/media?parent=170874"}],"wp:term":[{"taxonomy":"category","embeddable":true,"href":"https:\/\/www.bellunopress.it\/fr\/wp-json\/wp\/v2\/categories?post=170874"},{"taxonomy":"post_tag","embeddable":true,"href":"https:\/\/www.bellunopress.it\/fr\/wp-json\/wp\/v2\/tags?post=170874"}],"curies":[{"name":"wp","href":"https:\/\/api.w.org\/{rel}","templated":true}]}}