{"id":170871,"date":"2026-06-11T05:42:45","date_gmt":"2026-06-11T03:42:45","guid":{"rendered":"https:\/\/www.bellunopress.it\/?p=170871"},"modified":"2026-06-11T05:44:01","modified_gmt":"2026-06-11T03:44:01","slug":"quale-recinzione-per-il-proprio-giardino-rete-elettrosaldata-o-recinzioni-modulari","status":"publish","type":"post","link":"https:\/\/www.bellunopress.it\/fr\/2026\/06\/11\/quale-recinzione-per-il-proprio-giardino-rete-elettrosaldata-o-recinzioni-modulari\/","title":{"rendered":"Quale recinzione per il proprio giardino? Rete elettrosaldata o recinzioni modulari?"},"content":{"rendered":"<p>Uno dei dilemmi pi\u00f9 comuni che si presentano quando si decide di <strong>mettere in sicurezza il perimetro di un giardino<\/strong>, una piscina, un frutteto oppure un bosco, \u00e8 se optare per la costruzione di un muro di cinta o per recinzioni in ferro o legno.<br \/>\nNel primo caso, l\u2019operazione viene accantonata poich\u00e9 si rivela spesso complicata per i costi dei materiali, della manodopera, nonch\u00e9 per fattori estetici e la mancanza di visibilit\u00e0 verso l\u2019esterno.<\/p>\n<h2>La rete elettrosaldata: i vantaggi di scegliere una recinzione sicura e di design<\/h2>\n<p>Quando si tratta di proteggere una propriet\u00e0 privata sia essa una casa o un giardino oppure si intende delimitare il confine di una piscina, la recinzione in <a href=\"https:\/\/www.retissima.it\/recinzioni-con-rete-elettrosaldata\/\"><strong>rete elettrosaldata<\/strong><\/a> \u00e8 una delle migliori opzioni disponibili. Si tratta infatti di una struttura che garantisce visibilit\u00e0, durata, estetica e risulta di facile installazione e manutenzione.<\/p>\n<p>Le <strong>moderne recinzioni casa<\/strong> che utilizzano reti elettrosaldate, sono dunque quelle pi\u00f9 popolari in quanto resistenti e atte a salvaguardare l&#8217;aspetto estetico degli ambienti infrastrutturali moderni.<br \/>\nScegliendo una di questa tipologia, significa soprattutto garantirsi una maggiore durata del prodotto e quindi un risparmio; infatti, se la struttura \u00e8 di buona qualit\u00e0 e verniciata a polvere con polimeri ecocompatibili, previene la corrosione e di conseguenza protegge la propriet\u00e0 con un fascino che pu\u00f2 durare per decenni.<\/p>\n<p>A parte questa longevit\u00e0, la recinzione in rete elettrosaldata \u00e8 anche una scelta sostenibile e personalizzabile, per cui rivolgendosi ad aziende specializzate del settore, \u00e8 possibile sceglierla con un qualsiasi tipo di design e di svariate tonalit\u00e0 di colore.<\/p>\n<h2>Le recinzioni modulari sono facili da installare e disponibili sia in ferro che in legno<\/h2>\n<p>Le <strong>recinzioni modulari <\/strong>contrariamente alla tipologia in rete elettrosaldata, utilizzano pannelli preassemblati che possono essere anche in legno oppure in ferro, e in entrambi i casi risultano facili da installare, in grado di garantire estetica e sicurezza, si rivelano ecologici e di rapida posa.<br \/>\nLe recinzioni in legno della tipologia modulare, sono in genere quelle pi\u00f9 economiche, anche se necessitano di trattamenti per proteggerle dalle intemperie e dai parassiti. Inoltre per mantenere a lungo la finitura scelta, sar\u00e0 necessario verniciarle regolarmente, e rispetto alle controparti in <strong>rete metallica<\/strong> sono soggette a marcire, scheggiarsi e deformarsi nonch\u00e9 vulnerabile in presenza di venti forti.<\/p>\n<p>Tuttavia rivolgendosi ad esperti del settore si possono ordinare delle recinzioni in ferro zincato che rappresentano un&#8217;opzione robusta, in grado di resistere alle condizioni meteorologiche avverse e alle suddette problematiche legate all\u2019usura nel tempo.<\/p>\n<p>Optare per <strong>pannelli in ferro zincato<\/strong>, significa anche garantire la sicurezza di un contesto privato e un ancoraggio perfetto ai rispettivi pali. Affinch\u00e9 quest\u2019ultima operazione avvenga in modo adeguato \u00e8 opportuno affidarsi nelle mani di professionisti, poich\u00e9 anche se i materiali dovessero essere di altissima qualit\u00e0 risentiranno di un&#8217;installazione non corretta.<\/p>\n<h2>Le recinzioni modulari rispettano l&#8217;ambiente e garantiscono sicurezza<\/h2>\n<p>Molti proprietari di case, giardini e piscine prestano tanta attenzione alla tutela dell\u2019ambiente. Per tale motivo cercano sempre di trovare soluzioni ecocompatibili per migliorare tali contesti. Le recinzioni giardino modulari e relativi assi, in tal senso si rivelano ideali per soddisfare questa esigenza, in quanto il processo produttivo viene eseguito utilizzando nel caso del legno solo quello proveniente da zone di coltivazione appositamente allestite, e quindi in grado di evitare il disboscamento selvaggio.<\/p>\n<h2>Alcune ulteriori considerazioni<\/h2>\n<p>Le recinzioni in legno e in ferro rappresentano oggi la prima linea di difesa contro gli intrusi e gli ospiti indesiderati. Una barriera robusta e alta sia essa costruita con una rete elettrosaldata oppure della tipologia modulare, <strong>pu\u00f2 scoraggiare i potenziali ladri<\/strong>, rendendo molto pi\u00f9 difficile l&#8217;accesso alla propriet\u00e0 e inviando al contempo un chiaro segnale che i confini sono ben sorvegliati.<\/p>\n<p>Questo deterrente fisico e psicologico si traduce spesso in minori costi assicurativi e in un maggiore senso di sicurezza per tutti coloro che vivono in casa, oppure che intendono godersi gli spazi adiacenti siano essi quelli adibiti a giardino che a zona piscina.<\/p>\n<p>Le <strong>recinzioni<\/strong> fin qui dettagliatamente descritte e analizzate per le loro indiscusse peculiarit\u00e0, consentono tra l\u2019altro a bambini piccoli e animali domestici, rispettivamente di disporre di uno spazio esterno sicuro per poter giocare e di muoversi in libert\u00e0, senza il rischio di finire in mezzo al traffico oppure di perdersi.<\/p>\n<p>Per tali motivi, essendoci sul mercato diversi brand che propongono le suddette tipologie di recinzioni, conviene scegliere uno tra i pi\u00f9 affermati, poich\u00e9 pu\u00f2 offrire il top e persino pianificare la posa della struttura <strong>consigliando magari l\u2019accesso a dei finanziamenti a tassi agevolati<\/strong>.<\/p>","protected":false},"excerpt":{"rendered":"<p>Uno dei dilemmi pi\u00f9 comuni che si presentano quando si decide di mettere in sicurezza il perimetro di un giardino, una piscina, un frutteto oppure un bosco, \u00e8 se optare per la costruzione di un muro di cinta o per recinzioni in ferro o legno. Nel primo caso, l\u2019operazione viene accantonata poich\u00e9 si rivela spesso [&hellip;]<\/p>\n","protected":false},"author":2,"featured_media":170872,"comment_status":"closed","ping_status":"open","sticky":false,"template":"","format":"standard","meta":{"footnotes":""},"categories":[4],"tags":[],"class_list":["post-170871","post","type-post","status-publish","format-standard","has-post-thumbnail","category-sport"],"yoast_head":"<!-- This site is optimized with the Yoast SEO plugin v28.4 - https:\/\/yoast.com\/product\/yoast-seo-wordpress\/ -->\n<title>Quale recinzione per il proprio giardino? Rete elettrosaldata o recinzioni modulari? - Bellunopress - Dolomiti<\/title>\n<meta name=\"robots\" content=\"index, follow, max-snippet:-1, max-image-preview:large, max-video-preview:-1\" \/>\n<link rel=\"canonical\" href=\"https:\/\/www.bellunopress.it\/fr\/2026\/06\/11\/quale-recinzione-per-il-proprio-giardino-rete-elettrosaldata-o-recinzioni-modulari\/\" \/>\n<meta property=\"og:locale\" content=\"fr_FR\" \/>\n<meta property=\"og:type\" content=\"article\" \/>\n<meta property=\"og:title\" content=\"Quale recinzione per il proprio giardino? Rete elettrosaldata o recinzioni modulari? - Bellunopress - Dolomiti\" \/>\n<meta property=\"og:description\" content=\"Uno dei dilemmi pi\u00f9 comuni che si presentano quando si decide di mettere in sicurezza il perimetro di un giardino, una piscina, un frutteto oppure un bosco, \u00e8 se optare per la costruzione di un muro di cinta o per recinzioni in ferro o legno. Nel primo caso, l\u2019operazione viene accantonata poich\u00e9 si rivela spesso [&hellip;]\" \/>\n<meta property=\"og:url\" content=\"https:\/\/www.bellunopress.it\/fr\/2026\/06\/11\/quale-recinzione-per-il-proprio-giardino-rete-elettrosaldata-o-recinzioni-modulari\/\" \/>\n<meta property=\"og:site_name\" content=\"Bellunopress - Dolomiti\" \/>\n<meta property=\"article:publisher\" content=\"https:\/\/www.facebook.com\/profile.php?id=100008943462799\" \/>\n<meta property=\"article:published_time\" content=\"2026-06-11T03:42:45+00:00\" \/>\n<meta property=\"article:modified_time\" content=\"2026-06-11T03:44:01+00:00\" \/>\n<meta property=\"og:image\" content=\"https:\/\/www.bellunopress.it\/wp-content\/uploads\/2026\/06\/Rete-elettrosaldata-retissima.jpg\" \/>\n\t<meta property=\"og:image:width\" content=\"600\" \/>\n\t<meta property=\"og:image:height\" content=\"397\" \/>\n\t<meta property=\"og:image:type\" content=\"image\/jpeg\" \/>\n<meta name=\"author\" content=\"redazione\" \/>\n<meta name=\"twitter:card\" content=\"summary_large_image\" \/>\n<meta name=\"twitter:creator\" content=\"@bellunopress\" \/>\n<meta name=\"twitter:site\" content=\"@bellunopress\" \/>\n<meta name=\"twitter:label1\" content=\"\u00c9crit par\" \/>\n\t<meta name=\"twitter:data1\" content=\"redazione\" \/>\n\t<meta name=\"twitter:label2\" content=\"Dur\u00e9e de lecture estim\u00e9e\" \/>\n\t<meta name=\"twitter:data2\" content=\"5 minutes\" \/>\n<script type=\"application\/ld+json\" class=\"yoast-schema-graph\">{\"@context\":\"https:\\\/\\\/schema.org\",\"@graph\":[{\"@type\":\"Article\",\"@id\":\"https:\\\/\\\/www.bellunopress.it\\\/2026\\\/06\\\/11\\\/quale-recinzione-per-il-proprio-giardino-rete-elettrosaldata-o-recinzioni-modulari\\\/#article\",\"isPartOf\":{\"@id\":\"https:\\\/\\\/www.bellunopress.it\\\/2026\\\/06\\\/11\\\/quale-recinzione-per-il-proprio-giardino-rete-elettrosaldata-o-recinzioni-modulari\\\/\"},\"author\":{\"name\":\"redazione\",\"@id\":\"https:\\\/\\\/www.bellunopress.it\\\/#\\\/schema\\\/person\\\/79bb06722b37ece1c03d3e94beb30d73\"},\"headline\":\"Quale recinzione per il proprio giardino? Rete elettrosaldata o recinzioni modulari?\",\"datePublished\":\"2026-06-11T03:42:45+00:00\",\"dateModified\":\"2026-06-11T03:44:01+00:00\",\"mainEntityOfPage\":{\"@id\":\"https:\\\/\\\/www.bellunopress.it\\\/2026\\\/06\\\/11\\\/quale-recinzione-per-il-proprio-giardino-rete-elettrosaldata-o-recinzioni-modulari\\\/\"},\"wordCount\":755,\"publisher\":{\"@id\":\"https:\\\/\\\/www.bellunopress.it\\\/#organization\"},\"image\":{\"@id\":\"https:\\\/\\\/www.bellunopress.it\\\/2026\\\/06\\\/11\\\/quale-recinzione-per-il-proprio-giardino-rete-elettrosaldata-o-recinzioni-modulari\\\/#primaryimage\"},\"thumbnailUrl\":\"https:\\\/\\\/www.bellunopress.it\\\/wp-content\\\/uploads\\\/2026\\\/06\\\/Rete-elettrosaldata-retissima.jpg\",\"articleSection\":[\"Sport, tempo libero\"],\"inLanguage\":\"fr-FR\"},{\"@type\":\"WebPage\",\"@id\":\"https:\\\/\\\/www.bellunopress.it\\\/2026\\\/06\\\/11\\\/quale-recinzione-per-il-proprio-giardino-rete-elettrosaldata-o-recinzioni-modulari\\\/\",\"url\":\"https:\\\/\\\/www.bellunopress.it\\\/2026\\\/06\\\/11\\\/quale-recinzione-per-il-proprio-giardino-rete-elettrosaldata-o-recinzioni-modulari\\\/\",\"name\":\"Quale recinzione per il proprio giardino? Rete elettrosaldata o recinzioni modulari? - Bellunopress - Dolomiti\",\"isPartOf\":{\"@id\":\"https:\\\/\\\/www.bellunopress.it\\\/#website\"},\"primaryImageOfPage\":{\"@id\":\"https:\\\/\\\/www.bellunopress.it\\\/2026\\\/06\\\/11\\\/quale-recinzione-per-il-proprio-giardino-rete-elettrosaldata-o-recinzioni-modulari\\\/#primaryimage\"},\"image\":{\"@id\":\"https:\\\/\\\/www.bellunopress.it\\\/2026\\\/06\\\/11\\\/quale-recinzione-per-il-proprio-giardino-rete-elettrosaldata-o-recinzioni-modulari\\\/#primaryimage\"},\"thumbnailUrl\":\"https:\\\/\\\/www.bellunopress.it\\\/wp-content\\\/uploads\\\/2026\\\/06\\\/Rete-elettrosaldata-retissima.jpg\",\"datePublished\":\"2026-06-11T03:42:45+00:00\",\"dateModified\":\"2026-06-11T03:44:01+00:00\",\"breadcrumb\":{\"@id\":\"https:\\\/\\\/www.bellunopress.it\\\/2026\\\/06\\\/11\\\/quale-recinzione-per-il-proprio-giardino-rete-elettrosaldata-o-recinzioni-modulari\\\/#breadcrumb\"},\"inLanguage\":\"fr-FR\",\"potentialAction\":[{\"@type\":\"ReadAction\",\"target\":[\"https:\\\/\\\/www.bellunopress.it\\\/2026\\\/06\\\/11\\\/quale-recinzione-per-il-proprio-giardino-rete-elettrosaldata-o-recinzioni-modulari\\\/\"]}]},{\"@type\":\"ImageObject\",\"inLanguage\":\"fr-FR\",\"@id\":\"https:\\\/\\\/www.bellunopress.it\\\/2026\\\/06\\\/11\\\/quale-recinzione-per-il-proprio-giardino-rete-elettrosaldata-o-recinzioni-modulari\\\/#primaryimage\",\"url\":\"https:\\\/\\\/www.bellunopress.it\\\/wp-content\\\/uploads\\\/2026\\\/06\\\/Rete-elettrosaldata-retissima.jpg\",\"contentUrl\":\"https:\\\/\\\/www.bellunopress.it\\\/wp-content\\\/uploads\\\/2026\\\/06\\\/Rete-elettrosaldata-retissima.jpg\",\"width\":600,\"height\":397},{\"@type\":\"BreadcrumbList\",\"@id\":\"https:\\\/\\\/www.bellunopress.it\\\/2026\\\/06\\\/11\\\/quale-recinzione-per-il-proprio-giardino-rete-elettrosaldata-o-recinzioni-modulari\\\/#breadcrumb\",\"itemListElement\":[{\"@type\":\"ListItem\",\"position\":1,\"name\":\"Home\",\"item\":\"https:\\\/\\\/www.bellunopress.it\\\/\"},{\"@type\":\"ListItem\",\"position\":2,\"name\":\"Quale recinzione per il proprio giardino? Rete elettrosaldata o recinzioni modulari?\"}]},{\"@type\":\"WebSite\",\"@id\":\"https:\\\/\\\/www.bellunopress.it\\\/#website\",\"url\":\"https:\\\/\\\/www.bellunopress.it\\\/\",\"name\":\"Bellunopress - Dolomiti\",\"description\":\"e-mail: redazione@bellunopress.it\",\"publisher\":{\"@id\":\"https:\\\/\\\/www.bellunopress.it\\\/#organization\"},\"potentialAction\":[{\"@type\":\"SearchAction\",\"target\":{\"@type\":\"EntryPoint\",\"urlTemplate\":\"https:\\\/\\\/www.bellunopress.it\\\/?s={search_term_string}\"},\"query-input\":{\"@type\":\"PropertyValueSpecification\",\"valueRequired\":true,\"valueName\":\"search_term_string\"}}],\"inLanguage\":\"fr-FR\"},{\"@type\":\"Organization\",\"@id\":\"https:\\\/\\\/www.bellunopress.it\\\/#organization\",\"name\":\"Bellunopress\",\"url\":\"https:\\\/\\\/www.bellunopress.it\\\/\",\"logo\":{\"@type\":\"ImageObject\",\"inLanguage\":\"fr-FR\",\"@id\":\"https:\\\/\\\/www.bellunopress.it\\\/#\\\/schema\\\/logo\\\/image\\\/\",\"url\":\"https:\\\/\\\/www.bellunopress.it\\\/wp-content\\\/uploads\\\/2011\\\/05\\\/cropped-logo-bellunopress-.jpg\",\"contentUrl\":\"https:\\\/\\\/www.bellunopress.it\\\/wp-content\\\/uploads\\\/2011\\\/05\\\/cropped-logo-bellunopress-.jpg\",\"width\":512,\"height\":512,\"caption\":\"Bellunopress\"},\"image\":{\"@id\":\"https:\\\/\\\/www.bellunopress.it\\\/#\\\/schema\\\/logo\\\/image\\\/\"},\"sameAs\":[\"https:\\\/\\\/www.facebook.com\\\/profile.php?id=100008943462799\",\"https:\\\/\\\/x.com\\\/bellunopress\",\"https:\\\/\\\/www.linkedin.com\\\/hp\\\/?dnr=JBzUWaJfMUw8vbXJJ2tVW5-I3jZKvC4wsoxE&amp;amp;amp;amp;amp;amp;trk=nav_responsive_tab_home\",\"https:\\\/\\\/www.youtube.com\\\/channel\\\/UCxL0wu1uN0_3_7hGG0306cw\"]},{\"@type\":\"Person\",\"@id\":\"https:\\\/\\\/www.bellunopress.it\\\/#\\\/schema\\\/person\\\/79bb06722b37ece1c03d3e94beb30d73\",\"name\":\"redazione\",\"image\":{\"@type\":\"ImageObject\",\"inLanguage\":\"fr-FR\",\"@id\":\"https:\\\/\\\/secure.gravatar.com\\\/avatar\\\/37d968a2e67a6fd04c169c4bdef102d0bc5d31b2546345219e348575eb80e9a0?s=96&d=mm&r=g\",\"url\":\"https:\\\/\\\/secure.gravatar.com\\\/avatar\\\/37d968a2e67a6fd04c169c4bdef102d0bc5d31b2546345219e348575eb80e9a0?s=96&d=mm&r=g\",\"contentUrl\":\"https:\\\/\\\/secure.gravatar.com\\\/avatar\\\/37d968a2e67a6fd04c169c4bdef102d0bc5d31b2546345219e348575eb80e9a0?s=96&d=mm&r=g\",\"caption\":\"redazione\"},\"sameAs\":[\"http:\\\/\\\/www.bellunopress.it\",\"https:\\\/\\\/x.com\\\/bellunopress\"],\"url\":\"https:\\\/\\\/www.bellunopress.it\\\/fr\\\/author\\\/redazione\\\/\"}]}<\/script>\n<!-- \/ Yoast SEO plugin. -->","yoast_head_json":{"title":"Quale recinzione per il proprio giardino? Rete elettrosaldata o recinzioni modulari? - Bellunopress - Dolomiti","robots":{"index":"index","follow":"follow","max-snippet":"max-snippet:-1","max-image-preview":"max-image-preview:large","max-video-preview":"max-video-preview:-1"},"canonical":"https:\/\/www.bellunopress.it\/fr\/2026\/06\/11\/quale-recinzione-per-il-proprio-giardino-rete-elettrosaldata-o-recinzioni-modulari\/","og_locale":"fr_FR","og_type":"article","og_title":"Quale recinzione per il proprio giardino? Rete elettrosaldata o recinzioni modulari? - Bellunopress - Dolomiti","og_description":"Uno dei dilemmi pi\u00f9 comuni che si presentano quando si decide di mettere in sicurezza il perimetro di un giardino, una piscina, un frutteto oppure un bosco, \u00e8 se optare per la costruzione di un muro di cinta o per recinzioni in ferro o legno. Nel primo caso, l\u2019operazione viene accantonata poich\u00e9 si rivela spesso [&hellip;]","og_url":"https:\/\/www.bellunopress.it\/fr\/2026\/06\/11\/quale-recinzione-per-il-proprio-giardino-rete-elettrosaldata-o-recinzioni-modulari\/","og_site_name":"Bellunopress - Dolomiti","article_publisher":"https:\/\/www.facebook.com\/profile.php?id=100008943462799","article_published_time":"2026-06-11T03:42:45+00:00","article_modified_time":"2026-06-11T03:44:01+00:00","og_image":[{"width":600,"height":397,"url":"https:\/\/www.bellunopress.it\/wp-content\/uploads\/2026\/06\/Rete-elettrosaldata-retissima.jpg","type":"image\/jpeg"}],"author":"redazione","twitter_card":"summary_large_image","twitter_creator":"@bellunopress","twitter_site":"@bellunopress","twitter_misc":{"\u00c9crit par":"redazione","Dur\u00e9e de lecture estim\u00e9e":"5 minutes"},"schema":{"@context":"https:\/\/schema.org","@graph":[{"@type":"Article","@id":"https:\/\/www.bellunopress.it\/2026\/06\/11\/quale-recinzione-per-il-proprio-giardino-rete-elettrosaldata-o-recinzioni-modulari\/#article","isPartOf":{"@id":"https:\/\/www.bellunopress.it\/2026\/06\/11\/quale-recinzione-per-il-proprio-giardino-rete-elettrosaldata-o-recinzioni-modulari\/"},"author":{"name":"redazione","@id":"https:\/\/www.bellunopress.it\/#\/schema\/person\/79bb06722b37ece1c03d3e94beb30d73"},"headline":"Quale recinzione per il proprio giardino? Rete elettrosaldata o recinzioni modulari?","datePublished":"2026-06-11T03:42:45+00:00","dateModified":"2026-06-11T03:44:01+00:00","mainEntityOfPage":{"@id":"https:\/\/www.bellunopress.it\/2026\/06\/11\/quale-recinzione-per-il-proprio-giardino-rete-elettrosaldata-o-recinzioni-modulari\/"},"wordCount":755,"publisher":{"@id":"https:\/\/www.bellunopress.it\/#organization"},"image":{"@id":"https:\/\/www.bellunopress.it\/2026\/06\/11\/quale-recinzione-per-il-proprio-giardino-rete-elettrosaldata-o-recinzioni-modulari\/#primaryimage"},"thumbnailUrl":"https:\/\/www.bellunopress.it\/wp-content\/uploads\/2026\/06\/Rete-elettrosaldata-retissima.jpg","articleSection":["Sport, tempo libero"],"inLanguage":"fr-FR"},{"@type":"WebPage","@id":"https:\/\/www.bellunopress.it\/2026\/06\/11\/quale-recinzione-per-il-proprio-giardino-rete-elettrosaldata-o-recinzioni-modulari\/","url":"https:\/\/www.bellunopress.it\/2026\/06\/11\/quale-recinzione-per-il-proprio-giardino-rete-elettrosaldata-o-recinzioni-modulari\/","name":"Quale recinzione per il proprio giardino? Rete elettrosaldata o recinzioni modulari? - Bellunopress - Dolomiti","isPartOf":{"@id":"https:\/\/www.bellunopress.it\/#website"},"primaryImageOfPage":{"@id":"https:\/\/www.bellunopress.it\/2026\/06\/11\/quale-recinzione-per-il-proprio-giardino-rete-elettrosaldata-o-recinzioni-modulari\/#primaryimage"},"image":{"@id":"https:\/\/www.bellunopress.it\/2026\/06\/11\/quale-recinzione-per-il-proprio-giardino-rete-elettrosaldata-o-recinzioni-modulari\/#primaryimage"},"thumbnailUrl":"https:\/\/www.bellunopress.it\/wp-content\/uploads\/2026\/06\/Rete-elettrosaldata-retissima.jpg","datePublished":"2026-06-11T03:42:45+00:00","dateModified":"2026-06-11T03:44:01+00:00","breadcrumb":{"@id":"https:\/\/www.bellunopress.it\/2026\/06\/11\/quale-recinzione-per-il-proprio-giardino-rete-elettrosaldata-o-recinzioni-modulari\/#breadcrumb"},"inLanguage":"fr-FR","potentialAction":[{"@type":"ReadAction","target":["https:\/\/www.bellunopress.it\/2026\/06\/11\/quale-recinzione-per-il-proprio-giardino-rete-elettrosaldata-o-recinzioni-modulari\/"]}]},{"@type":"ImageObject","inLanguage":"fr-FR","@id":"https:\/\/www.bellunopress.it\/2026\/06\/11\/quale-recinzione-per-il-proprio-giardino-rete-elettrosaldata-o-recinzioni-modulari\/#primaryimage","url":"https:\/\/www.bellunopress.it\/wp-content\/uploads\/2026\/06\/Rete-elettrosaldata-retissima.jpg","contentUrl":"https:\/\/www.bellunopress.it\/wp-content\/uploads\/2026\/06\/Rete-elettrosaldata-retissima.jpg","width":600,"height":397},{"@type":"BreadcrumbList","@id":"https:\/\/www.bellunopress.it\/2026\/06\/11\/quale-recinzione-per-il-proprio-giardino-rete-elettrosaldata-o-recinzioni-modulari\/#breadcrumb","itemListElement":[{"@type":"ListItem","position":1,"name":"Home","item":"https:\/\/www.bellunopress.it\/"},{"@type":"ListItem","position":2,"name":"Quale recinzione per il proprio giardino? Rete elettrosaldata o recinzioni modulari?"}]},{"@type":"WebSite","@id":"https:\/\/www.bellunopress.it\/#website","url":"https:\/\/www.bellunopress.it\/","name":"Bellunopress - Dolomiti","description":"e-mail: redazione@bellunopress.it","publisher":{"@id":"https:\/\/www.bellunopress.it\/#organization"},"potentialAction":[{"@type":"SearchAction","target":{"@type":"EntryPoint","urlTemplate":"https:\/\/www.bellunopress.it\/?s={search_term_string}"},"query-input":{"@type":"PropertyValueSpecification","valueRequired":true,"valueName":"search_term_string"}}],"inLanguage":"fr-FR"},{"@type":"Organization","@id":"https:\/\/www.bellunopress.it\/#organization","name":"Bellunopress","url":"https:\/\/www.bellunopress.it\/","logo":{"@type":"ImageObject","inLanguage":"fr-FR","@id":"https:\/\/www.bellunopress.it\/#\/schema\/logo\/image\/","url":"https:\/\/www.bellunopress.it\/wp-content\/uploads\/2011\/05\/cropped-logo-bellunopress-.jpg","contentUrl":"https:\/\/www.bellunopress.it\/wp-content\/uploads\/2011\/05\/cropped-logo-bellunopress-.jpg","width":512,"height":512,"caption":"Bellunopress"},"image":{"@id":"https:\/\/www.bellunopress.it\/#\/schema\/logo\/image\/"},"sameAs":["https:\/\/www.facebook.com\/profile.php?id=100008943462799","https:\/\/x.com\/bellunopress","https:\/\/www.linkedin.com\/hp\/?dnr=JBzUWaJfMUw8vbXJJ2tVW5-I3jZKvC4wsoxE&amp;amp;amp;amp;amp;amp;trk=nav_responsive_tab_home","https:\/\/www.youtube.com\/channel\/UCxL0wu1uN0_3_7hGG0306cw"]},{"@type":"Person","@id":"https:\/\/www.bellunopress.it\/#\/schema\/person\/79bb06722b37ece1c03d3e94beb30d73","name":"r\u00e9daction","image":{"@type":"ImageObject","inLanguage":"fr-FR","@id":"https:\/\/secure.gravatar.com\/avatar\/37d968a2e67a6fd04c169c4bdef102d0bc5d31b2546345219e348575eb80e9a0?s=96&d=mm&r=g","url":"https:\/\/secure.gravatar.com\/avatar\/37d968a2e67a6fd04c169c4bdef102d0bc5d31b2546345219e348575eb80e9a0?s=96&d=mm&r=g","contentUrl":"https:\/\/secure.gravatar.com\/avatar\/37d968a2e67a6fd04c169c4bdef102d0bc5d31b2546345219e348575eb80e9a0?s=96&d=mm&r=g","caption":"redazione"},"sameAs":["http:\/\/www.bellunopress.it","https:\/\/x.com\/bellunopress"],"url":"https:\/\/www.bellunopress.it\/fr\/author\/redazione\/"}]}},"_links":{"self":[{"href":"https:\/\/www.bellunopress.it\/fr\/wp-json\/wp\/v2\/posts\/170871","targetHints":{"allow":["GET"]}}],"collection":[{"href":"https:\/\/www.bellunopress.it\/fr\/wp-json\/wp\/v2\/posts"}],"about":[{"href":"https:\/\/www.bellunopress.it\/fr\/wp-json\/wp\/v2\/types\/post"}],"author":[{"embeddable":true,"href":"https:\/\/www.bellunopress.it\/fr\/wp-json\/wp\/v2\/users\/2"}],"replies":[{"embeddable":true,"href":"https:\/\/www.bellunopress.it\/fr\/wp-json\/wp\/v2\/comments?post=170871"}],"version-history":[{"count":1,"href":"https:\/\/www.bellunopress.it\/fr\/wp-json\/wp\/v2\/posts\/170871\/revisions"}],"predecessor-version":[{"id":170873,"href":"https:\/\/www.bellunopress.it\/fr\/wp-json\/wp\/v2\/posts\/170871\/revisions\/170873"}],"wp:featuredmedia":[{"embeddable":true,"href":"https:\/\/www.bellunopress.it\/fr\/wp-json\/wp\/v2\/media\/170872"}],"wp:attachment":[{"href":"https:\/\/www.bellunopress.it\/fr\/wp-json\/wp\/v2\/media?parent=170871"}],"wp:term":[{"taxonomy":"category","embeddable":true,"href":"https:\/\/www.bellunopress.it\/fr\/wp-json\/wp\/v2\/categories?post=170871"},{"taxonomy":"post_tag","embeddable":true,"href":"https:\/\/www.bellunopress.it\/fr\/wp-json\/wp\/v2\/tags?post=170871"}],"curies":[{"name":"wp","href":"https:\/\/api.w.org\/{rel}","templated":true}]}}