{"id":170868,"date":"2026-06-10T14:07:25","date_gmt":"2026-06-10T12:07:25","guid":{"rendered":"https:\/\/www.bellunopress.it\/?p=170868"},"modified":"2026-06-13T11:46:33","modified_gmt":"2026-06-13T09:46:33","slug":"ricerca-in-corso-lungo-il-cammino-retico","status":"publish","type":"post","link":"https:\/\/www.bellunopress.it\/fr\/2026\/06\/10\/ricerca-in-corso-lungo-il-cammino-retico\/","title":{"rendered":"Ritrovata senza vita escursionista neozelandese"},"content":{"rendered":"<p>Seren del Grappa (BL), 12 &#8211; 06 &#8211; 2026\u00a0 \u00a0 \u00c8 stata ritrovata ieri senza vita l&#8217;escursionista neozelandese cercata senza sosta in questi giorni in Valle di Seren, dopo che la 68enne non si era presentata nella struttura prenotata per la sera di marted\u00ec ad Alano di Piave, dove doveva pernottare conclusa la tappa del Cammino retico. Ieri mattina una sessantina di persone si \u00e8 ritrovata alle 7 al campo base di Rasai per distribuirisi nelle zone predisposte gi\u00e0 il giorno precedente, in base alle indicazioni dell&#8217;Imsi Catcher dell&#8217;elicottero della Guardia di finanza di Venezia: tre punti dislocati in Val del Avien. Le squadre sono partite con i mezzi, per poi proseguire a piedi. L&#8217;elicottero dei Vigili del fuoco ha effettuato una perlustrazione, seguito da quello della Guardia di finanza, che ha nuovamente confermato l&#8217;area.<\/p>\n<p>Per un ulteriore restringimento del punto di ricerca, si \u00e8 alzato in volo il drone dei Vigili del fuoco dotato di Lifeseeker, che ha spostato la zona a 150 metri di distanza dall&#8217;ultima indicazione. Una ventina di soccorritori si \u00e8 quindi ritrovata lungo un tracciato distante dal percorso del Cammino. Guidate sulla verticale dal confronto drone-cellulare, che ancora suonava, due squadre si sono calate sul ripido pendio boscato a fianco del sentiero, finch\u00e9 non sono stati rinvenuti una giacca e un berretto, e, poco piu a valle, non \u00e8 stato ritrovato il corpo senza vita della donna, nonch\u00e9 il cellulare pi\u00f9 in basso. Ottenuto il nulla osta dalla magistratura, la salma \u00e8 stata imbarellata e issata a monte con manovre di corda per un centinaio di metri, trasportata alla macchina e da l\u00ec al campo base, per essere affidata al carro funebre.<\/p>\n<p>Non \u00e8 stato possibile far intervenire l&#8217;elicottero per la presenza di alcuni cavi molto alti delle teleferiche. Da una prima ipotesi la donna, vista ritornare in direzione di Seren da Caupo verso le 13 di marted\u00ec, incamminatasi lungo il Cammino retico, potrebbe avere sbagliato sentiero seguendo a un bivio il tracciato errato, finch\u00e9 non \u00e8 scivolata per un centinaio di metri. Erano presenti il Soccorso alpino di Feltre, Pedemontana del Grappa, Prealpi Trevigiane, Arsiero, Recoaro &#8211; Valdagno, il Soccorso alpino della Guardia di finanza di Cortina, Auronzo e Passo Rolle e i Vigili del fuoco. I droni di Cnsas, Sagf e Vigili del fuoco, le unit\u00e0 cinofile della Polizia di Moena, della Guardia di finanza e dei Vigili del fuoco.<\/p>\n<p>&nbsp;<\/p>\n<p>***********************************************************************************************<\/p>\n<p>&nbsp;<\/p>\n<p>Seren del Grappa (BL), 10 &#8211; 06 &#8211; 2026\u00a0 \u00a0 Sono in corso da questa notte le ricerche di una escursionista, attesa ieri in una struttura dove aveva prenotato per pernottare al termine di una tappa del Cammino retico, che la donna stava percorrendo. Partita ieri mattina alle 8 da un B&amp;B in localit\u00e0 Stalle a Seren, la 68enne di nazionalit\u00e0 inglese\/neozelandese doveva completare la tappa che dalla Valle di Seren arriva alla Valle di Schievenin, per poi passare la notte ad Alano di Piave dove era attesa per le 17 e dove non \u00e8 mai arrivata.<\/p>\n<p>Attivato verso l&#8217;una e mezza, il Soccorso alpino di Feltre ha verificato nella notte l&#8217;ipotetico tracciato che la donna, di nome Isobel, avrebbe dovuto seguire senza rinvenirne traccia. Di conseguenza la ricerca \u00e8 stata allargata a un&#8217;area pi\u00f9 ampia, controllando tutta la sentieristica, nel caso avesse sbagliato direzione. Il suo cellulare non d\u00e0 risposta. Al momento sono impegnati il Soccorso alpino di Feltre e della Pedemontana del Grappa, il Soccorso alpino della Guardia di finanza, i Vigili del fuoco. Presenti i droni del Soccorso alpino e dei Vigili del fuoco e le unit\u00e0 cinofile della Guardia di finanza e dei Vigili del fuoco. Fino a che il cielo non si \u00e8 chiuso, l&#8217;elicottero dei Vigili del fuoco ha effettuato un sorvolo della zona.<\/p>\n<p>Isobel ha i capelli corti grigi, \u00e8 alta un metro e settanta di corporatura normale. Chiunque avesse sue notizie \u00e8 pregato di contattare I Carabinieri.<\/p>","protected":false},"excerpt":{"rendered":"<p>Seren del Grappa (BL), 12 &#8211; 06 &#8211; 2026\u00a0 \u00a0 \u00c8 stata ritrovata ieri senza vita l&#8217;escursionista neozelandese cercata senza sosta in questi giorni in Valle di Seren, dopo che la 68enne non si era presentata nella struttura prenotata per la sera di marted\u00ec ad Alano di Piave, dove doveva pernottare conclusa la tappa del [&hellip;]<\/p>\n","protected":false},"author":2,"featured_media":170869,"comment_status":"closed","ping_status":"open","sticky":false,"template":"","format":"standard","meta":{"footnotes":""},"categories":[5],"tags":[],"class_list":["post-170868","post","type-post","status-publish","format-standard","has-post-thumbnail","category-cronaca"],"yoast_head":"<!-- This site is optimized with the Yoast SEO plugin v28.4 - https:\/\/yoast.com\/product\/yoast-seo-wordpress\/ -->\n<title>Ritrovata senza vita escursionista neozelandese - Bellunopress - Dolomiti<\/title>\n<meta name=\"robots\" content=\"index, follow, max-snippet:-1, max-image-preview:large, max-video-preview:-1\" \/>\n<link rel=\"canonical\" href=\"https:\/\/www.bellunopress.it\/fr\/2026\/06\/10\/ricerca-in-corso-lungo-il-cammino-retico\/\" \/>\n<meta property=\"og:locale\" content=\"fr_FR\" \/>\n<meta property=\"og:type\" content=\"article\" \/>\n<meta property=\"og:title\" content=\"Ritrovata senza vita escursionista neozelandese - Bellunopress - Dolomiti\" \/>\n<meta property=\"og:description\" content=\"Seren del Grappa (BL), 12 &#8211; 06 &#8211; 2026\u00a0 \u00a0 \u00c8 stata ritrovata ieri senza vita l&#8217;escursionista neozelandese cercata senza sosta in questi giorni in Valle di Seren, dopo che la 68enne non si era presentata nella struttura prenotata per la sera di marted\u00ec ad Alano di Piave, dove doveva pernottare conclusa la tappa del [&hellip;]\" \/>\n<meta property=\"og:url\" content=\"https:\/\/www.bellunopress.it\/fr\/2026\/06\/10\/ricerca-in-corso-lungo-il-cammino-retico\/\" \/>\n<meta property=\"og:site_name\" content=\"Bellunopress - Dolomiti\" \/>\n<meta property=\"article:publisher\" content=\"https:\/\/www.facebook.com\/profile.php?id=100008943462799\" \/>\n<meta property=\"article:published_time\" content=\"2026-06-10T12:07:25+00:00\" \/>\n<meta property=\"article:modified_time\" content=\"2026-06-13T09:46:33+00:00\" \/>\n<meta property=\"og:image\" content=\"https:\/\/www.bellunopress.it\/wp-content\/uploads\/2026\/06\/Isobel.jpg\" \/>\n\t<meta property=\"og:image:width\" content=\"375\" \/>\n\t<meta property=\"og:image:height\" content=\"500\" \/>\n\t<meta property=\"og:image:type\" content=\"image\/jpeg\" \/>\n<meta name=\"author\" content=\"redazione\" \/>\n<meta name=\"twitter:card\" content=\"summary_large_image\" \/>\n<meta name=\"twitter:creator\" content=\"@bellunopress\" \/>\n<meta name=\"twitter:site\" content=\"@bellunopress\" \/>\n<meta name=\"twitter:label1\" content=\"\u00c9crit par\" \/>\n\t<meta name=\"twitter:data1\" content=\"redazione\" \/>\n\t<meta name=\"twitter:label2\" content=\"Dur\u00e9e de lecture estim\u00e9e\" \/>\n\t<meta name=\"twitter:data2\" content=\"4 minutes\" \/>\n<script type=\"application\/ld+json\" class=\"yoast-schema-graph\">{\"@context\":\"https:\\\/\\\/schema.org\",\"@graph\":[{\"@type\":\"Article\",\"@id\":\"https:\\\/\\\/www.bellunopress.it\\\/2026\\\/06\\\/10\\\/ricerca-in-corso-lungo-il-cammino-retico\\\/#article\",\"isPartOf\":{\"@id\":\"https:\\\/\\\/www.bellunopress.it\\\/2026\\\/06\\\/10\\\/ricerca-in-corso-lungo-il-cammino-retico\\\/\"},\"author\":{\"name\":\"redazione\",\"@id\":\"https:\\\/\\\/www.bellunopress.it\\\/#\\\/schema\\\/person\\\/79bb06722b37ece1c03d3e94beb30d73\"},\"headline\":\"Ritrovata senza vita escursionista neozelandese\",\"datePublished\":\"2026-06-10T12:07:25+00:00\",\"dateModified\":\"2026-06-13T09:46:33+00:00\",\"mainEntityOfPage\":{\"@id\":\"https:\\\/\\\/www.bellunopress.it\\\/2026\\\/06\\\/10\\\/ricerca-in-corso-lungo-il-cammino-retico\\\/\"},\"wordCount\":637,\"publisher\":{\"@id\":\"https:\\\/\\\/www.bellunopress.it\\\/#organization\"},\"image\":{\"@id\":\"https:\\\/\\\/www.bellunopress.it\\\/2026\\\/06\\\/10\\\/ricerca-in-corso-lungo-il-cammino-retico\\\/#primaryimage\"},\"thumbnailUrl\":\"https:\\\/\\\/www.bellunopress.it\\\/wp-content\\\/uploads\\\/2026\\\/06\\\/Isobel.jpg\",\"articleSection\":[\"Cronaca\\\/Politica\"],\"inLanguage\":\"fr-FR\"},{\"@type\":\"WebPage\",\"@id\":\"https:\\\/\\\/www.bellunopress.it\\\/2026\\\/06\\\/10\\\/ricerca-in-corso-lungo-il-cammino-retico\\\/\",\"url\":\"https:\\\/\\\/www.bellunopress.it\\\/2026\\\/06\\\/10\\\/ricerca-in-corso-lungo-il-cammino-retico\\\/\",\"name\":\"Ritrovata senza vita escursionista neozelandese - Bellunopress - Dolomiti\",\"isPartOf\":{\"@id\":\"https:\\\/\\\/www.bellunopress.it\\\/#website\"},\"primaryImageOfPage\":{\"@id\":\"https:\\\/\\\/www.bellunopress.it\\\/2026\\\/06\\\/10\\\/ricerca-in-corso-lungo-il-cammino-retico\\\/#primaryimage\"},\"image\":{\"@id\":\"https:\\\/\\\/www.bellunopress.it\\\/2026\\\/06\\\/10\\\/ricerca-in-corso-lungo-il-cammino-retico\\\/#primaryimage\"},\"thumbnailUrl\":\"https:\\\/\\\/www.bellunopress.it\\\/wp-content\\\/uploads\\\/2026\\\/06\\\/Isobel.jpg\",\"datePublished\":\"2026-06-10T12:07:25+00:00\",\"dateModified\":\"2026-06-13T09:46:33+00:00\",\"breadcrumb\":{\"@id\":\"https:\\\/\\\/www.bellunopress.it\\\/2026\\\/06\\\/10\\\/ricerca-in-corso-lungo-il-cammino-retico\\\/#breadcrumb\"},\"inLanguage\":\"fr-FR\",\"potentialAction\":[{\"@type\":\"ReadAction\",\"target\":[\"https:\\\/\\\/www.bellunopress.it\\\/2026\\\/06\\\/10\\\/ricerca-in-corso-lungo-il-cammino-retico\\\/\"]}]},{\"@type\":\"ImageObject\",\"inLanguage\":\"fr-FR\",\"@id\":\"https:\\\/\\\/www.bellunopress.it\\\/2026\\\/06\\\/10\\\/ricerca-in-corso-lungo-il-cammino-retico\\\/#primaryimage\",\"url\":\"https:\\\/\\\/www.bellunopress.it\\\/wp-content\\\/uploads\\\/2026\\\/06\\\/Isobel.jpg\",\"contentUrl\":\"https:\\\/\\\/www.bellunopress.it\\\/wp-content\\\/uploads\\\/2026\\\/06\\\/Isobel.jpg\",\"width\":375,\"height\":500,\"caption\":\"Isobel\"},{\"@type\":\"BreadcrumbList\",\"@id\":\"https:\\\/\\\/www.bellunopress.it\\\/2026\\\/06\\\/10\\\/ricerca-in-corso-lungo-il-cammino-retico\\\/#breadcrumb\",\"itemListElement\":[{\"@type\":\"ListItem\",\"position\":1,\"name\":\"Home\",\"item\":\"https:\\\/\\\/www.bellunopress.it\\\/\"},{\"@type\":\"ListItem\",\"position\":2,\"name\":\"Ritrovata senza vita escursionista neozelandese\"}]},{\"@type\":\"WebSite\",\"@id\":\"https:\\\/\\\/www.bellunopress.it\\\/#website\",\"url\":\"https:\\\/\\\/www.bellunopress.it\\\/\",\"name\":\"Bellunopress - Dolomiti\",\"description\":\"e-mail: redazione@bellunopress.it\",\"publisher\":{\"@id\":\"https:\\\/\\\/www.bellunopress.it\\\/#organization\"},\"potentialAction\":[{\"@type\":\"SearchAction\",\"target\":{\"@type\":\"EntryPoint\",\"urlTemplate\":\"https:\\\/\\\/www.bellunopress.it\\\/?s={search_term_string}\"},\"query-input\":{\"@type\":\"PropertyValueSpecification\",\"valueRequired\":true,\"valueName\":\"search_term_string\"}}],\"inLanguage\":\"fr-FR\"},{\"@type\":\"Organization\",\"@id\":\"https:\\\/\\\/www.bellunopress.it\\\/#organization\",\"name\":\"Bellunopress\",\"url\":\"https:\\\/\\\/www.bellunopress.it\\\/\",\"logo\":{\"@type\":\"ImageObject\",\"inLanguage\":\"fr-FR\",\"@id\":\"https:\\\/\\\/www.bellunopress.it\\\/#\\\/schema\\\/logo\\\/image\\\/\",\"url\":\"https:\\\/\\\/www.bellunopress.it\\\/wp-content\\\/uploads\\\/2011\\\/05\\\/cropped-logo-bellunopress-.jpg\",\"contentUrl\":\"https:\\\/\\\/www.bellunopress.it\\\/wp-content\\\/uploads\\\/2011\\\/05\\\/cropped-logo-bellunopress-.jpg\",\"width\":512,\"height\":512,\"caption\":\"Bellunopress\"},\"image\":{\"@id\":\"https:\\\/\\\/www.bellunopress.it\\\/#\\\/schema\\\/logo\\\/image\\\/\"},\"sameAs\":[\"https:\\\/\\\/www.facebook.com\\\/profile.php?id=100008943462799\",\"https:\\\/\\\/x.com\\\/bellunopress\",\"https:\\\/\\\/www.linkedin.com\\\/hp\\\/?dnr=JBzUWaJfMUw8vbXJJ2tVW5-I3jZKvC4wsoxE&amp;amp;amp;amp;amp;amp;trk=nav_responsive_tab_home\",\"https:\\\/\\\/www.youtube.com\\\/channel\\\/UCxL0wu1uN0_3_7hGG0306cw\"]},{\"@type\":\"Person\",\"@id\":\"https:\\\/\\\/www.bellunopress.it\\\/#\\\/schema\\\/person\\\/79bb06722b37ece1c03d3e94beb30d73\",\"name\":\"redazione\",\"image\":{\"@type\":\"ImageObject\",\"inLanguage\":\"fr-FR\",\"@id\":\"https:\\\/\\\/secure.gravatar.com\\\/avatar\\\/37d968a2e67a6fd04c169c4bdef102d0bc5d31b2546345219e348575eb80e9a0?s=96&d=mm&r=g\",\"url\":\"https:\\\/\\\/secure.gravatar.com\\\/avatar\\\/37d968a2e67a6fd04c169c4bdef102d0bc5d31b2546345219e348575eb80e9a0?s=96&d=mm&r=g\",\"contentUrl\":\"https:\\\/\\\/secure.gravatar.com\\\/avatar\\\/37d968a2e67a6fd04c169c4bdef102d0bc5d31b2546345219e348575eb80e9a0?s=96&d=mm&r=g\",\"caption\":\"redazione\"},\"sameAs\":[\"http:\\\/\\\/www.bellunopress.it\",\"https:\\\/\\\/x.com\\\/bellunopress\"],\"url\":\"https:\\\/\\\/www.bellunopress.it\\\/fr\\\/author\\\/redazione\\\/\"}]}<\/script>\n<!-- \/ Yoast SEO plugin. -->","yoast_head_json":{"title":"Ritrovata senza vita escursionista neozelandese - Bellunopress - Dolomiti","robots":{"index":"index","follow":"follow","max-snippet":"max-snippet:-1","max-image-preview":"max-image-preview:large","max-video-preview":"max-video-preview:-1"},"canonical":"https:\/\/www.bellunopress.it\/fr\/2026\/06\/10\/ricerca-in-corso-lungo-il-cammino-retico\/","og_locale":"fr_FR","og_type":"article","og_title":"Ritrovata senza vita escursionista neozelandese - Bellunopress - Dolomiti","og_description":"Seren del Grappa (BL), 12 &#8211; 06 &#8211; 2026\u00a0 \u00a0 \u00c8 stata ritrovata ieri senza vita l&#8217;escursionista neozelandese cercata senza sosta in questi giorni in Valle di Seren, dopo che la 68enne non si era presentata nella struttura prenotata per la sera di marted\u00ec ad Alano di Piave, dove doveva pernottare conclusa la tappa del [&hellip;]","og_url":"https:\/\/www.bellunopress.it\/fr\/2026\/06\/10\/ricerca-in-corso-lungo-il-cammino-retico\/","og_site_name":"Bellunopress - Dolomiti","article_publisher":"https:\/\/www.facebook.com\/profile.php?id=100008943462799","article_published_time":"2026-06-10T12:07:25+00:00","article_modified_time":"2026-06-13T09:46:33+00:00","og_image":[{"width":375,"height":500,"url":"https:\/\/www.bellunopress.it\/wp-content\/uploads\/2026\/06\/Isobel.jpg","type":"image\/jpeg"}],"author":"redazione","twitter_card":"summary_large_image","twitter_creator":"@bellunopress","twitter_site":"@bellunopress","twitter_misc":{"\u00c9crit par":"redazione","Dur\u00e9e de lecture estim\u00e9e":"4 minutes"},"schema":{"@context":"https:\/\/schema.org","@graph":[{"@type":"Article","@id":"https:\/\/www.bellunopress.it\/2026\/06\/10\/ricerca-in-corso-lungo-il-cammino-retico\/#article","isPartOf":{"@id":"https:\/\/www.bellunopress.it\/2026\/06\/10\/ricerca-in-corso-lungo-il-cammino-retico\/"},"author":{"name":"redazione","@id":"https:\/\/www.bellunopress.it\/#\/schema\/person\/79bb06722b37ece1c03d3e94beb30d73"},"headline":"Ritrovata senza vita escursionista neozelandese","datePublished":"2026-06-10T12:07:25+00:00","dateModified":"2026-06-13T09:46:33+00:00","mainEntityOfPage":{"@id":"https:\/\/www.bellunopress.it\/2026\/06\/10\/ricerca-in-corso-lungo-il-cammino-retico\/"},"wordCount":637,"publisher":{"@id":"https:\/\/www.bellunopress.it\/#organization"},"image":{"@id":"https:\/\/www.bellunopress.it\/2026\/06\/10\/ricerca-in-corso-lungo-il-cammino-retico\/#primaryimage"},"thumbnailUrl":"https:\/\/www.bellunopress.it\/wp-content\/uploads\/2026\/06\/Isobel.jpg","articleSection":["Cronaca\/Politica"],"inLanguage":"fr-FR"},{"@type":"WebPage","@id":"https:\/\/www.bellunopress.it\/2026\/06\/10\/ricerca-in-corso-lungo-il-cammino-retico\/","url":"https:\/\/www.bellunopress.it\/2026\/06\/10\/ricerca-in-corso-lungo-il-cammino-retico\/","name":"Ritrovata senza vita escursionista neozelandese - Bellunopress - Dolomiti","isPartOf":{"@id":"https:\/\/www.bellunopress.it\/#website"},"primaryImageOfPage":{"@id":"https:\/\/www.bellunopress.it\/2026\/06\/10\/ricerca-in-corso-lungo-il-cammino-retico\/#primaryimage"},"image":{"@id":"https:\/\/www.bellunopress.it\/2026\/06\/10\/ricerca-in-corso-lungo-il-cammino-retico\/#primaryimage"},"thumbnailUrl":"https:\/\/www.bellunopress.it\/wp-content\/uploads\/2026\/06\/Isobel.jpg","datePublished":"2026-06-10T12:07:25+00:00","dateModified":"2026-06-13T09:46:33+00:00","breadcrumb":{"@id":"https:\/\/www.bellunopress.it\/2026\/06\/10\/ricerca-in-corso-lungo-il-cammino-retico\/#breadcrumb"},"inLanguage":"fr-FR","potentialAction":[{"@type":"ReadAction","target":["https:\/\/www.bellunopress.it\/2026\/06\/10\/ricerca-in-corso-lungo-il-cammino-retico\/"]}]},{"@type":"ImageObject","inLanguage":"fr-FR","@id":"https:\/\/www.bellunopress.it\/2026\/06\/10\/ricerca-in-corso-lungo-il-cammino-retico\/#primaryimage","url":"https:\/\/www.bellunopress.it\/wp-content\/uploads\/2026\/06\/Isobel.jpg","contentUrl":"https:\/\/www.bellunopress.it\/wp-content\/uploads\/2026\/06\/Isobel.jpg","width":375,"height":500,"caption":"Isobel"},{"@type":"BreadcrumbList","@id":"https:\/\/www.bellunopress.it\/2026\/06\/10\/ricerca-in-corso-lungo-il-cammino-retico\/#breadcrumb","itemListElement":[{"@type":"ListItem","position":1,"name":"Home","item":"https:\/\/www.bellunopress.it\/"},{"@type":"ListItem","position":2,"name":"Ritrovata senza vita escursionista neozelandese"}]},{"@type":"WebSite","@id":"https:\/\/www.bellunopress.it\/#website","url":"https:\/\/www.bellunopress.it\/","name":"Bellunopress - Dolomiti","description":"e-mail: redazione@bellunopress.it","publisher":{"@id":"https:\/\/www.bellunopress.it\/#organization"},"potentialAction":[{"@type":"SearchAction","target":{"@type":"EntryPoint","urlTemplate":"https:\/\/www.bellunopress.it\/?s={search_term_string}"},"query-input":{"@type":"PropertyValueSpecification","valueRequired":true,"valueName":"search_term_string"}}],"inLanguage":"fr-FR"},{"@type":"Organization","@id":"https:\/\/www.bellunopress.it\/#organization","name":"Bellunopress","url":"https:\/\/www.bellunopress.it\/","logo":{"@type":"ImageObject","inLanguage":"fr-FR","@id":"https:\/\/www.bellunopress.it\/#\/schema\/logo\/image\/","url":"https:\/\/www.bellunopress.it\/wp-content\/uploads\/2011\/05\/cropped-logo-bellunopress-.jpg","contentUrl":"https:\/\/www.bellunopress.it\/wp-content\/uploads\/2011\/05\/cropped-logo-bellunopress-.jpg","width":512,"height":512,"caption":"Bellunopress"},"image":{"@id":"https:\/\/www.bellunopress.it\/#\/schema\/logo\/image\/"},"sameAs":["https:\/\/www.facebook.com\/profile.php?id=100008943462799","https:\/\/x.com\/bellunopress","https:\/\/www.linkedin.com\/hp\/?dnr=JBzUWaJfMUw8vbXJJ2tVW5-I3jZKvC4wsoxE&amp;amp;amp;amp;amp;amp;trk=nav_responsive_tab_home","https:\/\/www.youtube.com\/channel\/UCxL0wu1uN0_3_7hGG0306cw"]},{"@type":"Person","@id":"https:\/\/www.bellunopress.it\/#\/schema\/person\/79bb06722b37ece1c03d3e94beb30d73","name":"r\u00e9daction","image":{"@type":"ImageObject","inLanguage":"fr-FR","@id":"https:\/\/secure.gravatar.com\/avatar\/37d968a2e67a6fd04c169c4bdef102d0bc5d31b2546345219e348575eb80e9a0?s=96&d=mm&r=g","url":"https:\/\/secure.gravatar.com\/avatar\/37d968a2e67a6fd04c169c4bdef102d0bc5d31b2546345219e348575eb80e9a0?s=96&d=mm&r=g","contentUrl":"https:\/\/secure.gravatar.com\/avatar\/37d968a2e67a6fd04c169c4bdef102d0bc5d31b2546345219e348575eb80e9a0?s=96&d=mm&r=g","caption":"redazione"},"sameAs":["http:\/\/www.bellunopress.it","https:\/\/x.com\/bellunopress"],"url":"https:\/\/www.bellunopress.it\/fr\/author\/redazione\/"}]}},"_links":{"self":[{"href":"https:\/\/www.bellunopress.it\/fr\/wp-json\/wp\/v2\/posts\/170868","targetHints":{"allow":["GET"]}}],"collection":[{"href":"https:\/\/www.bellunopress.it\/fr\/wp-json\/wp\/v2\/posts"}],"about":[{"href":"https:\/\/www.bellunopress.it\/fr\/wp-json\/wp\/v2\/types\/post"}],"author":[{"embeddable":true,"href":"https:\/\/www.bellunopress.it\/fr\/wp-json\/wp\/v2\/users\/2"}],"replies":[{"embeddable":true,"href":"https:\/\/www.bellunopress.it\/fr\/wp-json\/wp\/v2\/comments?post=170868"}],"version-history":[{"count":3,"href":"https:\/\/www.bellunopress.it\/fr\/wp-json\/wp\/v2\/posts\/170868\/revisions"}],"predecessor-version":[{"id":170931,"href":"https:\/\/www.bellunopress.it\/fr\/wp-json\/wp\/v2\/posts\/170868\/revisions\/170931"}],"wp:featuredmedia":[{"embeddable":true,"href":"https:\/\/www.bellunopress.it\/fr\/wp-json\/wp\/v2\/media\/170869"}],"wp:attachment":[{"href":"https:\/\/www.bellunopress.it\/fr\/wp-json\/wp\/v2\/media?parent=170868"}],"wp:term":[{"taxonomy":"category","embeddable":true,"href":"https:\/\/www.bellunopress.it\/fr\/wp-json\/wp\/v2\/categories?post=170868"},{"taxonomy":"post_tag","embeddable":true,"href":"https:\/\/www.bellunopress.it\/fr\/wp-json\/wp\/v2\/tags?post=170868"}],"curies":[{"name":"wp","href":"https:\/\/api.w.org\/{rel}","templated":true}]}}