{"id":170859,"date":"2026-06-10T11:08:13","date_gmt":"2026-06-10T09:08:13","guid":{"rendered":"https:\/\/www.bellunopress.it\/?p=170859"},"modified":"2026-06-10T11:08:13","modified_gmt":"2026-06-10T09:08:13","slug":"dietro-ogni-comportamento-una-storia-capire-i-giovani-di-belluno-di-sara-serbati","status":"publish","type":"post","link":"https:\/\/www.bellunopress.it\/fr\/2026\/06\/10\/dietro-ogni-comportamento-una-storia-capire-i-giovani-di-belluno-di-sara-serbati\/","title":{"rendered":"Dietro ogni comportamento, una storia: capire i giovani di Belluno    * di Sara Serbati"},"content":{"rendered":"<p>I fatti degli ultimi giorni hanno catapultato la comunit\u00e0 bellunese in un dibattito urgente sui giovani, il disagio e i bisogni<strong>. I giovani non stanno bene.<\/strong> Da pi\u00f9 parti si dice che dobbiamo ascoltare questo disagio e dare risposte. Provo a comporre alcuni spunti di riflessione a partire da alcune considerazioni che riguardano la fase speciale di crescita che \u00e8 l\u2019adolescenza.<\/p>\n<p>Nel corso della vita esistono due fasi di sviluppo cerebrale particolarmente intenso. La prima fase riguarda i primi mille giorni di vita, dove il salto evolutivo che compie il cervello \u00e8 auto-evidente: esso raggiunge nei primi 3 anni di vita circa l\u201980% del suo volume adulto. La seconda fase \u00e8 l&#8217;adolescenza, dove il cervello va incontro a una vera e propria riorganizzazione delle connessioni neurali. Per alcuni studiosi \u00e8 una fase paragonabile a quella dei primi mille giorni: le sicurezze costruite nell&#8217;infanzia vengono messe in discussione e tutto deve essere ricostruito.<\/p>\n<p>Lo racconta bene il film d\u2019animazione <em>Inside Out 2<\/em>: le isole della personalit\u00e0 crollano, e l&#8217;adolescente si ritrova davanti a disorientamento, ansia e preoccupazione. Le fondamenta costruite nell\u2019infanzia restano preziose, ma richiedono un lavoro intenso di ricostruzione e rielaborazione, dove la famiglia rimane un riferimento importante, ma viene messo in discussione. Altri punti di riferimento sono necessari.<\/p>\n<p>\u00c8 in questo &#8220;marasma&#8221; neurobiologico che l&#8217;adolescente non si riconosce pi\u00f9 e fatica a orientarsi.<\/p>\n<p>Gli avvenimenti recenti \u2014 e i segnali che da tempo emergono in tanti episodi \u2014 vanno letti proprio in questa luce: <strong>quali significati assumono questi comportamenti?<\/strong> Prima di etichettarli come &#8220;antisociali&#8221;, dobbiamo ricordare che sono compiuti da ragazzi che si trovano nella fase pi\u00f9 fragile e intensa della costruzione del proprio senso del mondo. Non \u00e8 una giustificazione, ma una chiave di lettura indispensabile per dare risposte efficaci. La <strong>corteccia prefrontale<\/strong> \u2014 la struttura cerebrale che coordina pianificazione, presa di decisione, controllo degli impulsi, regolazione emotiva e comportamento sociale \u2014 si sviluppa nel corso dell\u2019adolescenza e <strong>matura completamente solo tra i 20 e i 25 anni<\/strong>.<\/p>\n<p>Non \u00e8 un pensiero nuovo. <strong>Piero Bertolini<\/strong> \u2014 prima direttore del Cesare Beccaria, il carcere minorile di Milano, poi professore di Pedagogia all&#8217;Universit\u00e0 di Bologna \u2014 lo aveva capito e scritto decenni fa, con una lucidit\u00e0 che oggi risuona pi\u00f9 che mai. Bertolini ci chiedeva di spostare lo sguardo: non il fenomeno \u2014 devianza, disadattamento, delinquenza \u2014 ma la <strong>persona<\/strong> che lo vive. Non il comportamento difficile, ma il <strong>ragazzo difficile<\/strong>, nella sua interezza e nella sua storia.<\/p>\n<p>Come scrive:<\/p>\n<p><em>\u00abDietro ogni fatto c&#8217;\u00e8 un diario, dietro ogni azione, una biografia, dietro ogni comportamento una visione del mondo. \u00c8 in queste narrazioni silenziose e spesso inascoltate che vanno individuati gli indizi per un progetto educativo che, partendo da queste storie, riesca ad andare oltre esse.\u00bb<\/em><\/p>\n<p>Occorre quindi comprendere e curare una serie di <strong>fattori sociali di complessit\u00e0<\/strong> \u2014 situazionali, familiari, materiali, relazionali \u2014 che influenzano e interagiscono con le dinamiche intenzionali del soggetto. I ragazzi difficili non sono incapaci di dare senso alle cose: sono in difficolt\u00e0 nel farlo.<\/p>\n<p>Il punto sta nell\u2019interrogarsi su che cosa genera tali difficolt\u00e0. Rispetto all\u2019epoca in cui ha operato Bertolini, sembra corretto affermare che la cosiddetta Generazione Z affronti una difficolt\u00e0 in pi\u00f9, una variabile che le generazioni precedenti non hanno mai conosciuto: la <strong>pervasivit\u00e0 del digitale<\/strong>. Alcune ricerche hanno iniziato a delineare con dati precisi ci\u00f2 che stiamo attraversando. Gi\u00e0 nel 2023 l&#8217;UNICEF segnalava in Italia un aumento significativo dell&#8217;esposizione di bambini e adolescenti a contenuti dannosi online: circa il <strong>37% dei bambini e dei giovani<\/strong> \u00e8 esposto a messaggi di odio, e oltre il <strong>34%<\/strong> a immagini cruente e violente. Numeri che non possiamo ignorare, e che ci dicono qualcosa di importante sull&#8217;ambiente in cui i nostri ragazzi crescono ogni giorno.<\/p>\n<p>Jonathan Haidt, psicologo dell&#8217;Universit\u00e0 di New York, nel suo libro <em>The Anxious Generation<\/em> (Penguin Press, 2024) descrive inoltre come le interazioni in presenza siano crollate: nel 2010 i giovani trascorrevano circa 2 ore al giorno in compagnia fisica dei coetanei; nel 2019 le stesse interazioni erano scese a 67 minuti.<\/p>\n<p>Inoltre, lo stesso studio mette in evidenza come le comunicazioni online espongano costantemente la reputazione degli adolescenti a un pubblico vasto: un errore, una prestazione scarsa, una parola fuori posto possono danneggiare la propria posizione sociale davanti a decine o centinaia di pari. Questo rende le interazioni digitali pi\u00f9 <strong>performative e ansiogene<\/strong> rispetto a una conversazione a due, tanto pi\u00f9 in una fase della vita delicata, in cui proprio quelle interazioni con i coetanei sono fondamentali per dare risposta alla domanda esistenziale dell\u2019adolescenza: chi sono io?<\/p>\n<p>Il quadro appare ulteriormente aggravato dal fatto che buona parte di queste comunicazioni avviene in spazi <strong>totalmente invisibili al mondo adulto<\/strong>, rendendo ancora pi\u00f9 difficile per genitori ed educatori intercettare i segnali di disagio. Ne \u00e8 una ottima testimonianza la serie tv <em>Adolescence<\/em>, che bene ha rappresentato l\u2019esclusione del mondo adulto dai messaggi, dalle comunicazioni dai significati che i ragazzi costruiscono anche online e attraverso l\u2019uso dei social. Quei significati, senza nessuna occasione di essere mediati dagli adulti, possono arrivare nei casi estremi e nei soggetti pi\u00f9 fragili a distorcere il valore attribuito alle azioni. Sempre nella stessa serie tv viene rappresentato il tentativo di una ragazza di interrogare il mondo adulto, attraverso il colloquio con una insegnante. La complessit\u00e0 della domanda porta per\u00f2 a una non risposta a un invito a rivolgersi ad altri, pi\u00f9 esperti.<\/p>\n<p>Sembra la rappresentazione della nostra difficolt\u00e0 di adulti di stare al fianco umanamente ai nostri giovani, un po\u2019 con la presunzione che sia sempre qualcun\u2019altro che dovrebbe occuparsene.<\/p>\n<p>Se i comportamenti antisociali cui assistiamo sono il risultato di una distorsione nell&#8217;attribuzione di valore alle proprie azioni, allora dobbiamo interrogarci collettivamente su quali siano i luoghi e gli spazi in cui offriamo ai ragazzi l&#8217;opportunit\u00e0 di costruire in modo positivo la propria identit\u00e0, le proprie scelte e decisioni.<\/p>\n<p>John Dewey, grande filosofo e pedagogista del Novecento, in <em>Democrazia e educazione<\/em> ci ricorda che il significato delle azioni e la direzione del proprio stare al mondo si costruiscono nel riferirsi congiunto a una <strong>situazione comune<\/strong>. La domanda che dobbiamo porci \u00e8 allora semplice e al tempo stesso urgente: <strong>quali situazioni comuni offriamo a questi ragazzi?<\/strong><\/p>\n<p>Sinceramente, ne vedo poche.<\/p>\n<p>Nel corso dell&#8217;estate e dell&#8217;autunno scorsi, insieme al collega Andrea Petrella, come docenti di pedagogia dell\u2019Universit\u00e0 di Padova e in collaborazione con l\u2019associazione \u201cCittadini per il recupero delle Gabelli\u201d, abbiamo provato a esplorare proprio questa domanda, coinvolgendo una ventina di ragazzi nella costruzione della <strong>Belluno Youth Map<\/strong>. I ragazzi hanno mappato i luoghi della citt\u00e0 suddividendoli in quattro categorie: cultura, sport, relax, musica e festa. Un attraversamento della citt\u00e0 insieme descrittivo e propositivo, per far emergere punti di vista, opportunit\u00e0 e prospettive di miglioramento.<\/p>\n<p>Quello che \u00e8 emerso \u00e8 stato chiaro e prezioso: i ragazzi hanno mostrato <strong>amore e passione per i luoghi che frequentano<\/strong>, ma al tempo stesso \u00e8 diventato evidente come in quei luoghi la loro presenza non sia pensata, voluta, ricercata.<\/p>\n<ul>\n<li>La <strong>biblioteca<\/strong> \u00e8 spesso chiusa e non offre attivit\u00e0 pensate per loro<\/li>\n<li>Il <strong>campetto da basket<\/strong> \u00e8 inaccessibile e capita che vengano allontanati dalle forze dell&#8217;ordine<\/li>\n<li>I <strong>parchi<\/strong> per il relax e le chiacchiere hanno attrezzature dismesse e rotte.<\/li>\n<\/ul>\n<p>In questo panorama c&#8217;\u00e8 per\u00f2 un&#8217;eccezione significativa: la <strong>Casa dei Beni Comuni, <\/strong>situata nello Spazio-Ex . I ragazzi che hanno costruito la mappa la riconoscono come punto di riferimento, perch\u00e9 offre spazi in cui possono sostare, attrezzati con calcetto, divani, giochi da tavolo \u2014 e, non a caso, in quegli spazi ci sono anche <strong>adulti con cui parlare<\/strong>. Il limite \u00e8 che si trova lontana dal centro, \u00e8 poco conosciuta e difficilmente raggiungibile.<\/p>\n<p>Un altro dato che colpisce \u00e8 la <strong>totale assenza delle scuole<\/strong> nella mappa: non \u00e8 stata citata una sola volta. Anche questo merita una riflessione. Non si tratta di chiedere alle scuole e agli insegnanti di farsi carico da soli di un&#8217;emergenza, ma di darci insieme la possibilit\u00e0 di immaginare la scuola come luogo in cui costruire <strong>spazi comuni di azione<\/strong>: luoghi dove sia possibile stare con i ragazzi e confrontarsi su ci\u00f2 che attraversa le loro giornate, sui messaggi che costruiscono dentro e fuori dai social, sulle domande che portano con s\u00e9 e che spesso nessuno ascolta.<\/p>\n<p>Non esistono risposte semplici, e sarebbe disonesto proporle. Ma esistono direzioni.<\/p>\n<p>La prima \u00e8 <strong>ascoltare davvero<\/strong>: non per trovare subito soluzioni, ma per capire. La Belluno Youth Map ci ha mostrato che i ragazzi hanno molto da dire, se qualcuno si ferma ad ascoltarli.<\/p>\n<p>La seconda \u00e8 <strong>creare spazi comuni<\/strong>: luoghi fisici e relazionali in cui adulti e ragazzi possano stare insieme, confrontarsi, costruire significati condivisi. Non per controllare, ma per accompagnare.<\/p>\n<p>La terza \u00e8 <strong>non lasciare soli i ragazzi nel digitale<\/strong>: non con il divieto, ma con la presenza. Imparare a stare in quegli spazi con loro, o almeno a non fingere che non esistano.<\/p>\n<p>Costruire questi spazi significa anche fare qualcosa di fondamentale: <strong>non lasciare sole le famiglie<\/strong>. La responsabilit\u00e0 educativa \u00e8 troppo grande e troppo complessa per essere portata da soli. Una comunit\u00e0 che crea luoghi di incontro, di confronto e di cura condivide quel peso, lo distribuisce, lo rende sostenibile. Le famiglie non hanno bisogno di essere giudicate: hanno bisogno di essere accompagnate, dentro una rete che si prende cura insieme dei propri ragazzi.<\/p>\n<p>Bertolini ci ricordava che ogni comportamento \u00e8 una domanda. La comunit\u00e0 bellunese \u2014 famiglie, scuole, servizi, istituzioni, spazi informali \u2014 \u00e8 chiamata a trovare il coraggio di ascoltare quella domanda, per costruire risposte coerenti.<\/p>\n<p>Sara Serbati\u00a0 \u00a0*<\/p>\n<p>*\u00a0 \u00a0<em>Professoressa Associata di Pedagogia Sociale, Dipartimento di Filosofia, Sociologia, Pedagogia e Psicologia Applicata, Universit\u00e0 di Padova<\/em><\/p>\n<p><em>Presidente associazione \u201cCittadini per il recupero delle Gabelli\u201d<\/em><\/p>\n<p>&nbsp;<\/p>\n<p>&nbsp;<\/p>\n<p>&nbsp;<\/p>\n<p>&nbsp;<\/p>","protected":false},"excerpt":{"rendered":"<p>I fatti degli ultimi giorni hanno catapultato la comunit\u00e0 bellunese in un dibattito urgente sui giovani, il disagio e i bisogni. I giovani non stanno bene. Da pi\u00f9 parti si dice che dobbiamo ascoltare questo disagio e dare risposte. Provo a comporre alcuni spunti di riflessione a partire da alcune considerazioni che riguardano la fase [&hellip;]<\/p>\n","protected":false},"author":2,"featured_media":170860,"comment_status":"closed","ping_status":"open","sticky":false,"template":"","format":"standard","meta":{"footnotes":""},"categories":[26,15,8],"tags":[],"class_list":["post-170859","post","type-post","status-publish","format-standard","has-post-thumbnail","category-prima-pagina","category-scuola","category-societa-istituzioni"],"yoast_head":"<!-- This site is optimized with the Yoast SEO plugin v28.4 - https:\/\/yoast.com\/product\/yoast-seo-wordpress\/ -->\n<title>Dietro ogni comportamento, una storia: capire i giovani di Belluno  * di Sara Serbati - Bellunopress - Dolomiti<\/title>\n<meta name=\"robots\" content=\"index, follow, max-snippet:-1, max-image-preview:large, max-video-preview:-1\" \/>\n<link rel=\"canonical\" href=\"https:\/\/www.bellunopress.it\/fr\/2026\/06\/10\/dietro-ogni-comportamento-una-storia-capire-i-giovani-di-belluno-di-sara-serbati\/\" \/>\n<meta property=\"og:locale\" content=\"fr_FR\" \/>\n<meta property=\"og:type\" content=\"article\" \/>\n<meta property=\"og:title\" content=\"Dietro ogni comportamento, una storia: capire i giovani di Belluno  * di Sara Serbati - Bellunopress - Dolomiti\" \/>\n<meta property=\"og:description\" content=\"I fatti degli ultimi giorni hanno catapultato la comunit\u00e0 bellunese in un dibattito urgente sui giovani, il disagio e i bisogni. I giovani non stanno bene. Da pi\u00f9 parti si dice che dobbiamo ascoltare questo disagio e dare risposte. Provo a comporre alcuni spunti di riflessione a partire da alcune considerazioni che riguardano la fase [&hellip;]\" \/>\n<meta property=\"og:url\" content=\"https:\/\/www.bellunopress.it\/fr\/2026\/06\/10\/dietro-ogni-comportamento-una-storia-capire-i-giovani-di-belluno-di-sara-serbati\/\" \/>\n<meta property=\"og:site_name\" content=\"Bellunopress - Dolomiti\" \/>\n<meta property=\"article:publisher\" content=\"https:\/\/www.facebook.com\/profile.php?id=100008943462799\" \/>\n<meta property=\"article:published_time\" content=\"2026-06-10T09:08:13+00:00\" \/>\n<meta property=\"og:image\" content=\"https:\/\/www.bellunopress.it\/wp-content\/uploads\/2026\/06\/Sara-Serbati.jpg\" \/>\n\t<meta property=\"og:image:width\" content=\"500\" \/>\n\t<meta property=\"og:image:height\" content=\"489\" \/>\n\t<meta property=\"og:image:type\" content=\"image\/jpeg\" \/>\n<meta name=\"author\" content=\"redazione\" \/>\n<meta name=\"twitter:card\" content=\"summary_large_image\" \/>\n<meta name=\"twitter:creator\" content=\"@bellunopress\" \/>\n<meta name=\"twitter:site\" content=\"@bellunopress\" \/>\n<meta name=\"twitter:label1\" content=\"Written by\" \/>\n\t<meta name=\"twitter:data1\" content=\"redazione\" \/>\n\t<meta name=\"twitter:label2\" content=\"Est. reading time\" \/>\n\t<meta name=\"twitter:data2\" content=\"9 minutes\" \/>\n<script type=\"application\/ld+json\" class=\"yoast-schema-graph\">{\"@context\":\"https:\\\/\\\/schema.org\",\"@graph\":[{\"@type\":\"Article\",\"@id\":\"https:\\\/\\\/www.bellunopress.it\\\/2026\\\/06\\\/10\\\/dietro-ogni-comportamento-una-storia-capire-i-giovani-di-belluno-di-sara-serbati\\\/#article\",\"isPartOf\":{\"@id\":\"https:\\\/\\\/www.bellunopress.it\\\/2026\\\/06\\\/10\\\/dietro-ogni-comportamento-una-storia-capire-i-giovani-di-belluno-di-sara-serbati\\\/\"},\"author\":{\"name\":\"redazione\",\"@id\":\"https:\\\/\\\/www.bellunopress.it\\\/#\\\/schema\\\/person\\\/79bb06722b37ece1c03d3e94beb30d73\"},\"headline\":\"Dietro ogni comportamento, una storia: capire i giovani di Belluno * di Sara Serbati\",\"datePublished\":\"2026-06-10T09:08:13+00:00\",\"mainEntityOfPage\":{\"@id\":\"https:\\\/\\\/www.bellunopress.it\\\/2026\\\/06\\\/10\\\/dietro-ogni-comportamento-una-storia-capire-i-giovani-di-belluno-di-sara-serbati\\\/\"},\"wordCount\":1594,\"publisher\":{\"@id\":\"https:\\\/\\\/www.bellunopress.it\\\/#organization\"},\"image\":{\"@id\":\"https:\\\/\\\/www.bellunopress.it\\\/2026\\\/06\\\/10\\\/dietro-ogni-comportamento-una-storia-capire-i-giovani-di-belluno-di-sara-serbati\\\/#primaryimage\"},\"thumbnailUrl\":\"https:\\\/\\\/www.bellunopress.it\\\/wp-content\\\/uploads\\\/2026\\\/06\\\/Sara-Serbati.jpg\",\"articleSection\":[\"Prima Pagina\",\"Scuola\",\"Societ\u00e0, Associazioni, Istituzioni\"],\"inLanguage\":\"fr-FR\"},{\"@type\":\"WebPage\",\"@id\":\"https:\\\/\\\/www.bellunopress.it\\\/2026\\\/06\\\/10\\\/dietro-ogni-comportamento-una-storia-capire-i-giovani-di-belluno-di-sara-serbati\\\/\",\"url\":\"https:\\\/\\\/www.bellunopress.it\\\/2026\\\/06\\\/10\\\/dietro-ogni-comportamento-una-storia-capire-i-giovani-di-belluno-di-sara-serbati\\\/\",\"name\":\"Dietro ogni comportamento, una storia: capire i giovani di Belluno * di Sara Serbati - Bellunopress - Dolomiti\",\"isPartOf\":{\"@id\":\"https:\\\/\\\/www.bellunopress.it\\\/#website\"},\"primaryImageOfPage\":{\"@id\":\"https:\\\/\\\/www.bellunopress.it\\\/2026\\\/06\\\/10\\\/dietro-ogni-comportamento-una-storia-capire-i-giovani-di-belluno-di-sara-serbati\\\/#primaryimage\"},\"image\":{\"@id\":\"https:\\\/\\\/www.bellunopress.it\\\/2026\\\/06\\\/10\\\/dietro-ogni-comportamento-una-storia-capire-i-giovani-di-belluno-di-sara-serbati\\\/#primaryimage\"},\"thumbnailUrl\":\"https:\\\/\\\/www.bellunopress.it\\\/wp-content\\\/uploads\\\/2026\\\/06\\\/Sara-Serbati.jpg\",\"datePublished\":\"2026-06-10T09:08:13+00:00\",\"breadcrumb\":{\"@id\":\"https:\\\/\\\/www.bellunopress.it\\\/2026\\\/06\\\/10\\\/dietro-ogni-comportamento-una-storia-capire-i-giovani-di-belluno-di-sara-serbati\\\/#breadcrumb\"},\"inLanguage\":\"fr-FR\",\"potentialAction\":[{\"@type\":\"ReadAction\",\"target\":[\"https:\\\/\\\/www.bellunopress.it\\\/2026\\\/06\\\/10\\\/dietro-ogni-comportamento-una-storia-capire-i-giovani-di-belluno-di-sara-serbati\\\/\"]}]},{\"@type\":\"ImageObject\",\"inLanguage\":\"fr-FR\",\"@id\":\"https:\\\/\\\/www.bellunopress.it\\\/2026\\\/06\\\/10\\\/dietro-ogni-comportamento-una-storia-capire-i-giovani-di-belluno-di-sara-serbati\\\/#primaryimage\",\"url\":\"https:\\\/\\\/www.bellunopress.it\\\/wp-content\\\/uploads\\\/2026\\\/06\\\/Sara-Serbati.jpg\",\"contentUrl\":\"https:\\\/\\\/www.bellunopress.it\\\/wp-content\\\/uploads\\\/2026\\\/06\\\/Sara-Serbati.jpg\",\"width\":500,\"height\":489,\"caption\":\"Sara Serbati - \u00a0Professoressa Associata di Pedagogia Sociale, Dipartimento di Filosofia, Sociologia, Pedagogia e Psicologia Applicata, Universit\u00e0 di Padova. Presidente associazione \u201cCittadini per il recupero delle Gabelli\u201d\"},{\"@type\":\"BreadcrumbList\",\"@id\":\"https:\\\/\\\/www.bellunopress.it\\\/2026\\\/06\\\/10\\\/dietro-ogni-comportamento-una-storia-capire-i-giovani-di-belluno-di-sara-serbati\\\/#breadcrumb\",\"itemListElement\":[{\"@type\":\"ListItem\",\"position\":1,\"name\":\"Home\",\"item\":\"https:\\\/\\\/www.bellunopress.it\\\/\"},{\"@type\":\"ListItem\",\"position\":2,\"name\":\"Dietro ogni comportamento, una storia: capire i giovani di Belluno * di Sara Serbati\"}]},{\"@type\":\"WebSite\",\"@id\":\"https:\\\/\\\/www.bellunopress.it\\\/#website\",\"url\":\"https:\\\/\\\/www.bellunopress.it\\\/\",\"name\":\"Bellunopress - Dolomiti\",\"description\":\"e-mail: redazione@bellunopress.it\",\"publisher\":{\"@id\":\"https:\\\/\\\/www.bellunopress.it\\\/#organization\"},\"potentialAction\":[{\"@type\":\"SearchAction\",\"target\":{\"@type\":\"EntryPoint\",\"urlTemplate\":\"https:\\\/\\\/www.bellunopress.it\\\/?s={search_term_string}\"},\"query-input\":{\"@type\":\"PropertyValueSpecification\",\"valueRequired\":true,\"valueName\":\"search_term_string\"}}],\"inLanguage\":\"fr-FR\"},{\"@type\":\"Organization\",\"@id\":\"https:\\\/\\\/www.bellunopress.it\\\/#organization\",\"name\":\"Bellunopress\",\"url\":\"https:\\\/\\\/www.bellunopress.it\\\/\",\"logo\":{\"@type\":\"ImageObject\",\"inLanguage\":\"fr-FR\",\"@id\":\"https:\\\/\\\/www.bellunopress.it\\\/#\\\/schema\\\/logo\\\/image\\\/\",\"url\":\"https:\\\/\\\/www.bellunopress.it\\\/wp-content\\\/uploads\\\/2011\\\/05\\\/cropped-logo-bellunopress-.jpg\",\"contentUrl\":\"https:\\\/\\\/www.bellunopress.it\\\/wp-content\\\/uploads\\\/2011\\\/05\\\/cropped-logo-bellunopress-.jpg\",\"width\":512,\"height\":512,\"caption\":\"Bellunopress\"},\"image\":{\"@id\":\"https:\\\/\\\/www.bellunopress.it\\\/#\\\/schema\\\/logo\\\/image\\\/\"},\"sameAs\":[\"https:\\\/\\\/www.facebook.com\\\/profile.php?id=100008943462799\",\"https:\\\/\\\/x.com\\\/bellunopress\",\"https:\\\/\\\/www.linkedin.com\\\/hp\\\/?dnr=JBzUWaJfMUw8vbXJJ2tVW5-I3jZKvC4wsoxE&amp;amp;amp;amp;amp;amp;trk=nav_responsive_tab_home\",\"https:\\\/\\\/www.youtube.com\\\/channel\\\/UCxL0wu1uN0_3_7hGG0306cw\"]},{\"@type\":\"Person\",\"@id\":\"https:\\\/\\\/www.bellunopress.it\\\/#\\\/schema\\\/person\\\/79bb06722b37ece1c03d3e94beb30d73\",\"name\":\"redazione\",\"image\":{\"@type\":\"ImageObject\",\"inLanguage\":\"fr-FR\",\"@id\":\"https:\\\/\\\/secure.gravatar.com\\\/avatar\\\/37d968a2e67a6fd04c169c4bdef102d0bc5d31b2546345219e348575eb80e9a0?s=96&d=mm&r=g\",\"url\":\"https:\\\/\\\/secure.gravatar.com\\\/avatar\\\/37d968a2e67a6fd04c169c4bdef102d0bc5d31b2546345219e348575eb80e9a0?s=96&d=mm&r=g\",\"contentUrl\":\"https:\\\/\\\/secure.gravatar.com\\\/avatar\\\/37d968a2e67a6fd04c169c4bdef102d0bc5d31b2546345219e348575eb80e9a0?s=96&d=mm&r=g\",\"caption\":\"redazione\"},\"sameAs\":[\"http:\\\/\\\/www.bellunopress.it\",\"https:\\\/\\\/x.com\\\/bellunopress\"],\"url\":\"https:\\\/\\\/www.bellunopress.it\\\/fr\\\/author\\\/redazione\\\/\"}]}<\/script>\n<!-- \/ Yoast SEO plugin. -->","yoast_head_json":{"title":"Dietro ogni comportamento, una storia: capire i giovani di Belluno  * di Sara Serbati - Bellunopress - Dolomiti","robots":{"index":"index","follow":"follow","max-snippet":"max-snippet:-1","max-image-preview":"max-image-preview:large","max-video-preview":"max-video-preview:-1"},"canonical":"https:\/\/www.bellunopress.it\/fr\/2026\/06\/10\/dietro-ogni-comportamento-una-storia-capire-i-giovani-di-belluno-di-sara-serbati\/","og_locale":"fr_FR","og_type":"article","og_title":"Dietro ogni comportamento, una storia: capire i giovani di Belluno  * di Sara Serbati - Bellunopress - Dolomiti","og_description":"I fatti degli ultimi giorni hanno catapultato la comunit\u00e0 bellunese in un dibattito urgente sui giovani, il disagio e i bisogni. I giovani non stanno bene. Da pi\u00f9 parti si dice che dobbiamo ascoltare questo disagio e dare risposte. Provo a comporre alcuni spunti di riflessione a partire da alcune considerazioni che riguardano la fase [&hellip;]","og_url":"https:\/\/www.bellunopress.it\/fr\/2026\/06\/10\/dietro-ogni-comportamento-una-storia-capire-i-giovani-di-belluno-di-sara-serbati\/","og_site_name":"Bellunopress - Dolomiti","article_publisher":"https:\/\/www.facebook.com\/profile.php?id=100008943462799","article_published_time":"2026-06-10T09:08:13+00:00","og_image":[{"width":500,"height":489,"url":"https:\/\/www.bellunopress.it\/wp-content\/uploads\/2026\/06\/Sara-Serbati.jpg","type":"image\/jpeg"}],"author":"redazione","twitter_card":"summary_large_image","twitter_creator":"@bellunopress","twitter_site":"@bellunopress","twitter_misc":{"Written by":"redazione","Est. reading time":"9 minutes"},"schema":{"@context":"https:\/\/schema.org","@graph":[{"@type":"Article","@id":"https:\/\/www.bellunopress.it\/2026\/06\/10\/dietro-ogni-comportamento-una-storia-capire-i-giovani-di-belluno-di-sara-serbati\/#article","isPartOf":{"@id":"https:\/\/www.bellunopress.it\/2026\/06\/10\/dietro-ogni-comportamento-una-storia-capire-i-giovani-di-belluno-di-sara-serbati\/"},"author":{"name":"redazione","@id":"https:\/\/www.bellunopress.it\/#\/schema\/person\/79bb06722b37ece1c03d3e94beb30d73"},"headline":"Dietro ogni comportamento, una storia: capire i giovani di Belluno * di Sara Serbati","datePublished":"2026-06-10T09:08:13+00:00","mainEntityOfPage":{"@id":"https:\/\/www.bellunopress.it\/2026\/06\/10\/dietro-ogni-comportamento-una-storia-capire-i-giovani-di-belluno-di-sara-serbati\/"},"wordCount":1594,"publisher":{"@id":"https:\/\/www.bellunopress.it\/#organization"},"image":{"@id":"https:\/\/www.bellunopress.it\/2026\/06\/10\/dietro-ogni-comportamento-una-storia-capire-i-giovani-di-belluno-di-sara-serbati\/#primaryimage"},"thumbnailUrl":"https:\/\/www.bellunopress.it\/wp-content\/uploads\/2026\/06\/Sara-Serbati.jpg","articleSection":["Prima Pagina","Scuola","Societ\u00e0, Associazioni, Istituzioni"],"inLanguage":"fr-FR"},{"@type":"WebPage","@id":"https:\/\/www.bellunopress.it\/2026\/06\/10\/dietro-ogni-comportamento-una-storia-capire-i-giovani-di-belluno-di-sara-serbati\/","url":"https:\/\/www.bellunopress.it\/2026\/06\/10\/dietro-ogni-comportamento-una-storia-capire-i-giovani-di-belluno-di-sara-serbati\/","name":"Dietro ogni comportamento, una storia: capire i giovani di Belluno * di Sara Serbati - Bellunopress - Dolomiti","isPartOf":{"@id":"https:\/\/www.bellunopress.it\/#website"},"primaryImageOfPage":{"@id":"https:\/\/www.bellunopress.it\/2026\/06\/10\/dietro-ogni-comportamento-una-storia-capire-i-giovani-di-belluno-di-sara-serbati\/#primaryimage"},"image":{"@id":"https:\/\/www.bellunopress.it\/2026\/06\/10\/dietro-ogni-comportamento-una-storia-capire-i-giovani-di-belluno-di-sara-serbati\/#primaryimage"},"thumbnailUrl":"https:\/\/www.bellunopress.it\/wp-content\/uploads\/2026\/06\/Sara-Serbati.jpg","datePublished":"2026-06-10T09:08:13+00:00","breadcrumb":{"@id":"https:\/\/www.bellunopress.it\/2026\/06\/10\/dietro-ogni-comportamento-una-storia-capire-i-giovani-di-belluno-di-sara-serbati\/#breadcrumb"},"inLanguage":"fr-FR","potentialAction":[{"@type":"ReadAction","target":["https:\/\/www.bellunopress.it\/2026\/06\/10\/dietro-ogni-comportamento-una-storia-capire-i-giovani-di-belluno-di-sara-serbati\/"]}]},{"@type":"ImageObject","inLanguage":"fr-FR","@id":"https:\/\/www.bellunopress.it\/2026\/06\/10\/dietro-ogni-comportamento-una-storia-capire-i-giovani-di-belluno-di-sara-serbati\/#primaryimage","url":"https:\/\/www.bellunopress.it\/wp-content\/uploads\/2026\/06\/Sara-Serbati.jpg","contentUrl":"https:\/\/www.bellunopress.it\/wp-content\/uploads\/2026\/06\/Sara-Serbati.jpg","width":500,"height":489,"caption":"Sara Serbati - \u00a0Professoressa Associata di Pedagogia Sociale, Dipartimento di Filosofia, Sociologia, Pedagogia e Psicologia Applicata, Universit\u00e0 di Padova. Presidente associazione \u201cCittadini per il recupero delle Gabelli\u201d"},{"@type":"BreadcrumbList","@id":"https:\/\/www.bellunopress.it\/2026\/06\/10\/dietro-ogni-comportamento-una-storia-capire-i-giovani-di-belluno-di-sara-serbati\/#breadcrumb","itemListElement":[{"@type":"ListItem","position":1,"name":"Home","item":"https:\/\/www.bellunopress.it\/"},{"@type":"ListItem","position":2,"name":"Dietro ogni comportamento, una storia: capire i giovani di Belluno * di Sara Serbati"}]},{"@type":"WebSite","@id":"https:\/\/www.bellunopress.it\/#website","url":"https:\/\/www.bellunopress.it\/","name":"Bellunopress - Dolomiti","description":"e-mail: redazione@bellunopress.it","publisher":{"@id":"https:\/\/www.bellunopress.it\/#organization"},"potentialAction":[{"@type":"SearchAction","target":{"@type":"EntryPoint","urlTemplate":"https:\/\/www.bellunopress.it\/?s={search_term_string}"},"query-input":{"@type":"PropertyValueSpecification","valueRequired":true,"valueName":"search_term_string"}}],"inLanguage":"fr-FR"},{"@type":"Organization","@id":"https:\/\/www.bellunopress.it\/#organization","name":"Bellunopress","url":"https:\/\/www.bellunopress.it\/","logo":{"@type":"ImageObject","inLanguage":"fr-FR","@id":"https:\/\/www.bellunopress.it\/#\/schema\/logo\/image\/","url":"https:\/\/www.bellunopress.it\/wp-content\/uploads\/2011\/05\/cropped-logo-bellunopress-.jpg","contentUrl":"https:\/\/www.bellunopress.it\/wp-content\/uploads\/2011\/05\/cropped-logo-bellunopress-.jpg","width":512,"height":512,"caption":"Bellunopress"},"image":{"@id":"https:\/\/www.bellunopress.it\/#\/schema\/logo\/image\/"},"sameAs":["https:\/\/www.facebook.com\/profile.php?id=100008943462799","https:\/\/x.com\/bellunopress","https:\/\/www.linkedin.com\/hp\/?dnr=JBzUWaJfMUw8vbXJJ2tVW5-I3jZKvC4wsoxE&amp;amp;amp;amp;amp;amp;trk=nav_responsive_tab_home","https:\/\/www.youtube.com\/channel\/UCxL0wu1uN0_3_7hGG0306cw"]},{"@type":"Person","@id":"https:\/\/www.bellunopress.it\/#\/schema\/person\/79bb06722b37ece1c03d3e94beb30d73","name":"r\u00e9daction","image":{"@type":"ImageObject","inLanguage":"fr-FR","@id":"https:\/\/secure.gravatar.com\/avatar\/37d968a2e67a6fd04c169c4bdef102d0bc5d31b2546345219e348575eb80e9a0?s=96&d=mm&r=g","url":"https:\/\/secure.gravatar.com\/avatar\/37d968a2e67a6fd04c169c4bdef102d0bc5d31b2546345219e348575eb80e9a0?s=96&d=mm&r=g","contentUrl":"https:\/\/secure.gravatar.com\/avatar\/37d968a2e67a6fd04c169c4bdef102d0bc5d31b2546345219e348575eb80e9a0?s=96&d=mm&r=g","caption":"redazione"},"sameAs":["http:\/\/www.bellunopress.it","https:\/\/x.com\/bellunopress"],"url":"https:\/\/www.bellunopress.it\/fr\/author\/redazione\/"}]}},"_links":{"self":[{"href":"https:\/\/www.bellunopress.it\/fr\/wp-json\/wp\/v2\/posts\/170859","targetHints":{"allow":["GET"]}}],"collection":[{"href":"https:\/\/www.bellunopress.it\/fr\/wp-json\/wp\/v2\/posts"}],"about":[{"href":"https:\/\/www.bellunopress.it\/fr\/wp-json\/wp\/v2\/types\/post"}],"author":[{"embeddable":true,"href":"https:\/\/www.bellunopress.it\/fr\/wp-json\/wp\/v2\/users\/2"}],"replies":[{"embeddable":true,"href":"https:\/\/www.bellunopress.it\/fr\/wp-json\/wp\/v2\/comments?post=170859"}],"version-history":[{"count":1,"href":"https:\/\/www.bellunopress.it\/fr\/wp-json\/wp\/v2\/posts\/170859\/revisions"}],"predecessor-version":[{"id":170861,"href":"https:\/\/www.bellunopress.it\/fr\/wp-json\/wp\/v2\/posts\/170859\/revisions\/170861"}],"wp:featuredmedia":[{"embeddable":true,"href":"https:\/\/www.bellunopress.it\/fr\/wp-json\/wp\/v2\/media\/170860"}],"wp:attachment":[{"href":"https:\/\/www.bellunopress.it\/fr\/wp-json\/wp\/v2\/media?parent=170859"}],"wp:term":[{"taxonomy":"category","embeddable":true,"href":"https:\/\/www.bellunopress.it\/fr\/wp-json\/wp\/v2\/categories?post=170859"},{"taxonomy":"post_tag","embeddable":true,"href":"https:\/\/www.bellunopress.it\/fr\/wp-json\/wp\/v2\/tags?post=170859"}],"curies":[{"name":"wp","href":"https:\/\/api.w.org\/{rel}","templated":true}]}}