{"id":170857,"date":"2026-06-10T10:50:41","date_gmt":"2026-06-10T08:50:41","guid":{"rendered":"https:\/\/www.bellunopress.it\/?p=170857"},"modified":"2026-06-10T10:50:41","modified_gmt":"2026-06-10T08:50:41","slug":"giovani-e-legalita-due-volti-diversi-dellintervento-della-polizia-a-belluno","status":"publish","type":"post","link":"https:\/\/www.bellunopress.it\/fr\/2026\/06\/10\/giovani-e-legalita-due-volti-diversi-dellintervento-della-polizia-a-belluno\/","title":{"rendered":"Giovani e legalit\u00e0: due volti diversi dell&#8217;intervento della Polizia a Belluno"},"content":{"rendered":"<p data-path-to-node=\"5\">Belluno, 10 giugno 2026 \u2013 La Questura di Belluno ha reso noti i dettagli di due distinti interventi effettuati recentemente dalla Squadra Volante, che hanno visto protagonisti giovani del territorio. Episodi eterogenei per dinamiche e finalit\u00e0, che pongono l&#8217;accento sulla necessit\u00e0 di un dialogo costruttivo tra istituzioni e nuove generazioni.<\/p>\n<h3 data-path-to-node=\"6\">Protesta studentesca e graffiti: il caso del Liceo<\/h3>\n<p data-path-to-node=\"7\">Il primo episodio risale alla notte tra venerd\u00ec 5 e sabato 6 giugno. Durante un pattugliamento, gli agenti della Questura hanno fermato un giovane neo-maggiorenne nei pressi di un Liceo cittadino. Il ragazzo, trovato in possesso di una scala, zaini sporchi di vernice, bombolette spray e un coltellino svizzero, ha ammesso di aver imbrattato le pareti esterne della palestra scolastica in segno di protesta, insieme a un&#8217;amica che lo attendeva in auto.<\/p>\n<p data-path-to-node=\"8\">Oltre al materiale per il graffito, sono stati sequestrati fogli contenenti critiche all&#8217;istituzione scolastica. Entrambi i giovani sono stati denunciati per deturpamento e imbrattamento; il ragazzo dovr\u00e0 rispondere anche di porto di oggetti atti ad offendere. Significativo \u00e8 stato l&#8217;intervento del Questore che, incontrando i ragazzi, ha sottolineato come il dissenso sia un diritto legittimo, ma debba seguire percorsi leciti. La vicenda si \u00e8 conclusa con una nota di speranza: il preside dell&#8217;istituto ha infatti invitato i giovani a collaborare per individuare spazi scolastici dedicati alla creativit\u00e0, trasformando il gesto di protesta in un&#8217;occasione di abbellimento degli spazi comuni.<\/p>\n<h3 data-path-to-node=\"9\">Atto vandalico al Parco Bologna<\/h3>\n<p data-path-to-node=\"10\">Di natura ben diversa \u00e8 l&#8217;episodio registrato lo scorso 3 maggio, quando due giovani, classi 2005 e 2006, hanno dato alle fiamme un cassonetto dei rifiuti all&#8217;ingresso del parco Bologna, in pieno centro citt\u00e0. Grazie al sistema di videosorveglianza, la sala operativa della Questura \u00e8 riuscita a individuare l&#8217;auto in fuga.<\/p>\n<p data-path-to-node=\"11\">Gli agenti della Volante hanno intercettato il veicolo, rinvenendo a bordo anche alcuni segnaposti sottratti a un noto fast food cittadino. I due ragazzi sono stati denunciati per furto e danneggiamento seguito da incendio. Le autorit\u00e0 ricordano che, in entrambi i casi, i procedimenti penali sono in corso e le responsabilit\u00e0 dovranno essere confermate con sentenza definitiva.<\/p>","protected":false},"excerpt":{"rendered":"<p>Belluno, 10 giugno 2026 \u2013 La Questura di Belluno ha reso noti i dettagli di due distinti interventi effettuati recentemente dalla Squadra Volante, che hanno visto protagonisti giovani del territorio. Episodi eterogenei per dinamiche e finalit\u00e0, che pongono l&#8217;accento sulla necessit\u00e0 di un dialogo costruttivo tra istituzioni e nuove generazioni. Protesta studentesca e graffiti: il [&hellip;]<\/p>\n","protected":false},"author":2,"featured_media":160404,"comment_status":"closed","ping_status":"open","sticky":false,"template":"","format":"standard","meta":{"footnotes":""},"categories":[5,26],"tags":[],"class_list":["post-170857","post","type-post","status-publish","format-standard","has-post-thumbnail","category-cronaca","category-prima-pagina"],"yoast_head":"<!-- This site is optimized with the Yoast SEO plugin v28.4 - https:\/\/yoast.com\/product\/yoast-seo-wordpress\/ -->\n<title>Giovani e legalit\u00e0: due volti diversi dell&#039;intervento della Polizia a Belluno - Bellunopress - Dolomiti<\/title>\n<meta name=\"robots\" content=\"index, follow, max-snippet:-1, max-image-preview:large, max-video-preview:-1\" \/>\n<link rel=\"canonical\" href=\"https:\/\/www.bellunopress.it\/fr\/2026\/06\/10\/giovani-e-legalita-due-volti-diversi-dellintervento-della-polizia-a-belluno\/\" \/>\n<meta property=\"og:locale\" content=\"fr_FR\" \/>\n<meta property=\"og:type\" content=\"article\" \/>\n<meta property=\"og:title\" content=\"Giovani e legalit\u00e0: due volti diversi dell&#039;intervento della Polizia a Belluno - Bellunopress - Dolomiti\" \/>\n<meta property=\"og:description\" content=\"Belluno, 10 giugno 2026 \u2013 La Questura di Belluno ha reso noti i dettagli di due distinti interventi effettuati recentemente dalla Squadra Volante, che hanno visto protagonisti giovani del territorio. Episodi eterogenei per dinamiche e finalit\u00e0, che pongono l&#8217;accento sulla necessit\u00e0 di un dialogo costruttivo tra istituzioni e nuove generazioni. Protesta studentesca e graffiti: il [&hellip;]\" \/>\n<meta property=\"og:url\" content=\"https:\/\/www.bellunopress.it\/fr\/2026\/06\/10\/giovani-e-legalita-due-volti-diversi-dellintervento-della-polizia-a-belluno\/\" \/>\n<meta property=\"og:site_name\" content=\"Bellunopress - Dolomiti\" \/>\n<meta property=\"article:publisher\" content=\"https:\/\/www.facebook.com\/profile.php?id=100008943462799\" \/>\n<meta property=\"article:published_time\" content=\"2026-06-10T08:50:41+00:00\" \/>\n<meta property=\"og:image\" content=\"https:\/\/www.bellunopress.it\/wp-content\/uploads\/2025\/05\/questura-belluno_edited.jpg\" \/>\n\t<meta property=\"og:image:width\" content=\"1000\" \/>\n\t<meta property=\"og:image:height\" content=\"840\" \/>\n\t<meta property=\"og:image:type\" content=\"image\/jpeg\" \/>\n<meta name=\"author\" content=\"redazione\" \/>\n<meta name=\"twitter:card\" content=\"summary_large_image\" \/>\n<meta name=\"twitter:creator\" content=\"@bellunopress\" \/>\n<meta name=\"twitter:site\" content=\"@bellunopress\" \/>\n<meta name=\"twitter:label1\" content=\"\u00c9crit par\" \/>\n\t<meta name=\"twitter:data1\" content=\"redazione\" \/>\n\t<meta name=\"twitter:label2\" content=\"Dur\u00e9e de lecture estim\u00e9e\" \/>\n\t<meta name=\"twitter:data2\" content=\"3 minutes\" \/>\n<script type=\"application\/ld+json\" class=\"yoast-schema-graph\">{\"@context\":\"https:\\\/\\\/schema.org\",\"@graph\":[{\"@type\":\"Article\",\"@id\":\"https:\\\/\\\/www.bellunopress.it\\\/2026\\\/06\\\/10\\\/giovani-e-legalita-due-volti-diversi-dellintervento-della-polizia-a-belluno\\\/#article\",\"isPartOf\":{\"@id\":\"https:\\\/\\\/www.bellunopress.it\\\/2026\\\/06\\\/10\\\/giovani-e-legalita-due-volti-diversi-dellintervento-della-polizia-a-belluno\\\/\"},\"author\":{\"name\":\"redazione\",\"@id\":\"https:\\\/\\\/www.bellunopress.it\\\/#\\\/schema\\\/person\\\/79bb06722b37ece1c03d3e94beb30d73\"},\"headline\":\"Giovani e legalit\u00e0: due volti diversi dell&#8217;intervento della Polizia a Belluno\",\"datePublished\":\"2026-06-10T08:50:41+00:00\",\"mainEntityOfPage\":{\"@id\":\"https:\\\/\\\/www.bellunopress.it\\\/2026\\\/06\\\/10\\\/giovani-e-legalita-due-volti-diversi-dellintervento-della-polizia-a-belluno\\\/\"},\"wordCount\":351,\"publisher\":{\"@id\":\"https:\\\/\\\/www.bellunopress.it\\\/#organization\"},\"image\":{\"@id\":\"https:\\\/\\\/www.bellunopress.it\\\/2026\\\/06\\\/10\\\/giovani-e-legalita-due-volti-diversi-dellintervento-della-polizia-a-belluno\\\/#primaryimage\"},\"thumbnailUrl\":\"https:\\\/\\\/www.bellunopress.it\\\/wp-content\\\/uploads\\\/2025\\\/05\\\/questura-belluno_edited.jpg\",\"articleSection\":[\"Cronaca\\\/Politica\",\"Prima Pagina\"],\"inLanguage\":\"fr-FR\"},{\"@type\":\"WebPage\",\"@id\":\"https:\\\/\\\/www.bellunopress.it\\\/2026\\\/06\\\/10\\\/giovani-e-legalita-due-volti-diversi-dellintervento-della-polizia-a-belluno\\\/\",\"url\":\"https:\\\/\\\/www.bellunopress.it\\\/2026\\\/06\\\/10\\\/giovani-e-legalita-due-volti-diversi-dellintervento-della-polizia-a-belluno\\\/\",\"name\":\"Giovani e legalit\u00e0: due volti diversi dell'intervento della Polizia a Belluno - Bellunopress - Dolomiti\",\"isPartOf\":{\"@id\":\"https:\\\/\\\/www.bellunopress.it\\\/#website\"},\"primaryImageOfPage\":{\"@id\":\"https:\\\/\\\/www.bellunopress.it\\\/2026\\\/06\\\/10\\\/giovani-e-legalita-due-volti-diversi-dellintervento-della-polizia-a-belluno\\\/#primaryimage\"},\"image\":{\"@id\":\"https:\\\/\\\/www.bellunopress.it\\\/2026\\\/06\\\/10\\\/giovani-e-legalita-due-volti-diversi-dellintervento-della-polizia-a-belluno\\\/#primaryimage\"},\"thumbnailUrl\":\"https:\\\/\\\/www.bellunopress.it\\\/wp-content\\\/uploads\\\/2025\\\/05\\\/questura-belluno_edited.jpg\",\"datePublished\":\"2026-06-10T08:50:41+00:00\",\"breadcrumb\":{\"@id\":\"https:\\\/\\\/www.bellunopress.it\\\/2026\\\/06\\\/10\\\/giovani-e-legalita-due-volti-diversi-dellintervento-della-polizia-a-belluno\\\/#breadcrumb\"},\"inLanguage\":\"fr-FR\",\"potentialAction\":[{\"@type\":\"ReadAction\",\"target\":[\"https:\\\/\\\/www.bellunopress.it\\\/2026\\\/06\\\/10\\\/giovani-e-legalita-due-volti-diversi-dellintervento-della-polizia-a-belluno\\\/\"]}]},{\"@type\":\"ImageObject\",\"inLanguage\":\"fr-FR\",\"@id\":\"https:\\\/\\\/www.bellunopress.it\\\/2026\\\/06\\\/10\\\/giovani-e-legalita-due-volti-diversi-dellintervento-della-polizia-a-belluno\\\/#primaryimage\",\"url\":\"https:\\\/\\\/www.bellunopress.it\\\/wp-content\\\/uploads\\\/2025\\\/05\\\/questura-belluno_edited.jpg\",\"contentUrl\":\"https:\\\/\\\/www.bellunopress.it\\\/wp-content\\\/uploads\\\/2025\\\/05\\\/questura-belluno_edited.jpg\",\"width\":1000,\"height\":840},{\"@type\":\"BreadcrumbList\",\"@id\":\"https:\\\/\\\/www.bellunopress.it\\\/2026\\\/06\\\/10\\\/giovani-e-legalita-due-volti-diversi-dellintervento-della-polizia-a-belluno\\\/#breadcrumb\",\"itemListElement\":[{\"@type\":\"ListItem\",\"position\":1,\"name\":\"Home\",\"item\":\"https:\\\/\\\/www.bellunopress.it\\\/\"},{\"@type\":\"ListItem\",\"position\":2,\"name\":\"Giovani e legalit\u00e0: due volti diversi dell&#8217;intervento della Polizia a Belluno\"}]},{\"@type\":\"WebSite\",\"@id\":\"https:\\\/\\\/www.bellunopress.it\\\/#website\",\"url\":\"https:\\\/\\\/www.bellunopress.it\\\/\",\"name\":\"Bellunopress - Dolomiti\",\"description\":\"e-mail: redazione@bellunopress.it\",\"publisher\":{\"@id\":\"https:\\\/\\\/www.bellunopress.it\\\/#organization\"},\"potentialAction\":[{\"@type\":\"SearchAction\",\"target\":{\"@type\":\"EntryPoint\",\"urlTemplate\":\"https:\\\/\\\/www.bellunopress.it\\\/?s={search_term_string}\"},\"query-input\":{\"@type\":\"PropertyValueSpecification\",\"valueRequired\":true,\"valueName\":\"search_term_string\"}}],\"inLanguage\":\"fr-FR\"},{\"@type\":\"Organization\",\"@id\":\"https:\\\/\\\/www.bellunopress.it\\\/#organization\",\"name\":\"Bellunopress\",\"url\":\"https:\\\/\\\/www.bellunopress.it\\\/\",\"logo\":{\"@type\":\"ImageObject\",\"inLanguage\":\"fr-FR\",\"@id\":\"https:\\\/\\\/www.bellunopress.it\\\/#\\\/schema\\\/logo\\\/image\\\/\",\"url\":\"https:\\\/\\\/www.bellunopress.it\\\/wp-content\\\/uploads\\\/2011\\\/05\\\/cropped-logo-bellunopress-.jpg\",\"contentUrl\":\"https:\\\/\\\/www.bellunopress.it\\\/wp-content\\\/uploads\\\/2011\\\/05\\\/cropped-logo-bellunopress-.jpg\",\"width\":512,\"height\":512,\"caption\":\"Bellunopress\"},\"image\":{\"@id\":\"https:\\\/\\\/www.bellunopress.it\\\/#\\\/schema\\\/logo\\\/image\\\/\"},\"sameAs\":[\"https:\\\/\\\/www.facebook.com\\\/profile.php?id=100008943462799\",\"https:\\\/\\\/x.com\\\/bellunopress\",\"https:\\\/\\\/www.linkedin.com\\\/hp\\\/?dnr=JBzUWaJfMUw8vbXJJ2tVW5-I3jZKvC4wsoxE&amp;amp;amp;amp;amp;amp;trk=nav_responsive_tab_home\",\"https:\\\/\\\/www.youtube.com\\\/channel\\\/UCxL0wu1uN0_3_7hGG0306cw\"]},{\"@type\":\"Person\",\"@id\":\"https:\\\/\\\/www.bellunopress.it\\\/#\\\/schema\\\/person\\\/79bb06722b37ece1c03d3e94beb30d73\",\"name\":\"redazione\",\"image\":{\"@type\":\"ImageObject\",\"inLanguage\":\"fr-FR\",\"@id\":\"https:\\\/\\\/secure.gravatar.com\\\/avatar\\\/37d968a2e67a6fd04c169c4bdef102d0bc5d31b2546345219e348575eb80e9a0?s=96&d=mm&r=g\",\"url\":\"https:\\\/\\\/secure.gravatar.com\\\/avatar\\\/37d968a2e67a6fd04c169c4bdef102d0bc5d31b2546345219e348575eb80e9a0?s=96&d=mm&r=g\",\"contentUrl\":\"https:\\\/\\\/secure.gravatar.com\\\/avatar\\\/37d968a2e67a6fd04c169c4bdef102d0bc5d31b2546345219e348575eb80e9a0?s=96&d=mm&r=g\",\"caption\":\"redazione\"},\"sameAs\":[\"http:\\\/\\\/www.bellunopress.it\",\"https:\\\/\\\/x.com\\\/bellunopress\"],\"url\":\"https:\\\/\\\/www.bellunopress.it\\\/fr\\\/author\\\/redazione\\\/\"}]}<\/script>\n<!-- \/ Yoast SEO plugin. -->","yoast_head_json":{"title":"Giovani e legalit\u00e0: due volti diversi dell'intervento della Polizia a Belluno - Bellunopress - Dolomiti","robots":{"index":"index","follow":"follow","max-snippet":"max-snippet:-1","max-image-preview":"max-image-preview:large","max-video-preview":"max-video-preview:-1"},"canonical":"https:\/\/www.bellunopress.it\/fr\/2026\/06\/10\/giovani-e-legalita-due-volti-diversi-dellintervento-della-polizia-a-belluno\/","og_locale":"fr_FR","og_type":"article","og_title":"Giovani e legalit\u00e0: due volti diversi dell'intervento della Polizia a Belluno - Bellunopress - Dolomiti","og_description":"Belluno, 10 giugno 2026 \u2013 La Questura di Belluno ha reso noti i dettagli di due distinti interventi effettuati recentemente dalla Squadra Volante, che hanno visto protagonisti giovani del territorio. Episodi eterogenei per dinamiche e finalit\u00e0, che pongono l&#8217;accento sulla necessit\u00e0 di un dialogo costruttivo tra istituzioni e nuove generazioni. Protesta studentesca e graffiti: il [&hellip;]","og_url":"https:\/\/www.bellunopress.it\/fr\/2026\/06\/10\/giovani-e-legalita-due-volti-diversi-dellintervento-della-polizia-a-belluno\/","og_site_name":"Bellunopress - Dolomiti","article_publisher":"https:\/\/www.facebook.com\/profile.php?id=100008943462799","article_published_time":"2026-06-10T08:50:41+00:00","og_image":[{"width":1000,"height":840,"url":"https:\/\/www.bellunopress.it\/wp-content\/uploads\/2025\/05\/questura-belluno_edited.jpg","type":"image\/jpeg"}],"author":"redazione","twitter_card":"summary_large_image","twitter_creator":"@bellunopress","twitter_site":"@bellunopress","twitter_misc":{"\u00c9crit par":"redazione","Dur\u00e9e de lecture estim\u00e9e":"3 minutes"},"schema":{"@context":"https:\/\/schema.org","@graph":[{"@type":"Article","@id":"https:\/\/www.bellunopress.it\/2026\/06\/10\/giovani-e-legalita-due-volti-diversi-dellintervento-della-polizia-a-belluno\/#article","isPartOf":{"@id":"https:\/\/www.bellunopress.it\/2026\/06\/10\/giovani-e-legalita-due-volti-diversi-dellintervento-della-polizia-a-belluno\/"},"author":{"name":"redazione","@id":"https:\/\/www.bellunopress.it\/#\/schema\/person\/79bb06722b37ece1c03d3e94beb30d73"},"headline":"Giovani e legalit\u00e0: due volti diversi dell&#8217;intervento della Polizia a Belluno","datePublished":"2026-06-10T08:50:41+00:00","mainEntityOfPage":{"@id":"https:\/\/www.bellunopress.it\/2026\/06\/10\/giovani-e-legalita-due-volti-diversi-dellintervento-della-polizia-a-belluno\/"},"wordCount":351,"publisher":{"@id":"https:\/\/www.bellunopress.it\/#organization"},"image":{"@id":"https:\/\/www.bellunopress.it\/2026\/06\/10\/giovani-e-legalita-due-volti-diversi-dellintervento-della-polizia-a-belluno\/#primaryimage"},"thumbnailUrl":"https:\/\/www.bellunopress.it\/wp-content\/uploads\/2025\/05\/questura-belluno_edited.jpg","articleSection":["Cronaca\/Politica","Prima Pagina"],"inLanguage":"fr-FR"},{"@type":"WebPage","@id":"https:\/\/www.bellunopress.it\/2026\/06\/10\/giovani-e-legalita-due-volti-diversi-dellintervento-della-polizia-a-belluno\/","url":"https:\/\/www.bellunopress.it\/2026\/06\/10\/giovani-e-legalita-due-volti-diversi-dellintervento-della-polizia-a-belluno\/","name":"Giovani e legalit\u00e0: due volti diversi dell'intervento della Polizia a Belluno - Bellunopress - Dolomiti","isPartOf":{"@id":"https:\/\/www.bellunopress.it\/#website"},"primaryImageOfPage":{"@id":"https:\/\/www.bellunopress.it\/2026\/06\/10\/giovani-e-legalita-due-volti-diversi-dellintervento-della-polizia-a-belluno\/#primaryimage"},"image":{"@id":"https:\/\/www.bellunopress.it\/2026\/06\/10\/giovani-e-legalita-due-volti-diversi-dellintervento-della-polizia-a-belluno\/#primaryimage"},"thumbnailUrl":"https:\/\/www.bellunopress.it\/wp-content\/uploads\/2025\/05\/questura-belluno_edited.jpg","datePublished":"2026-06-10T08:50:41+00:00","breadcrumb":{"@id":"https:\/\/www.bellunopress.it\/2026\/06\/10\/giovani-e-legalita-due-volti-diversi-dellintervento-della-polizia-a-belluno\/#breadcrumb"},"inLanguage":"fr-FR","potentialAction":[{"@type":"ReadAction","target":["https:\/\/www.bellunopress.it\/2026\/06\/10\/giovani-e-legalita-due-volti-diversi-dellintervento-della-polizia-a-belluno\/"]}]},{"@type":"ImageObject","inLanguage":"fr-FR","@id":"https:\/\/www.bellunopress.it\/2026\/06\/10\/giovani-e-legalita-due-volti-diversi-dellintervento-della-polizia-a-belluno\/#primaryimage","url":"https:\/\/www.bellunopress.it\/wp-content\/uploads\/2025\/05\/questura-belluno_edited.jpg","contentUrl":"https:\/\/www.bellunopress.it\/wp-content\/uploads\/2025\/05\/questura-belluno_edited.jpg","width":1000,"height":840},{"@type":"BreadcrumbList","@id":"https:\/\/www.bellunopress.it\/2026\/06\/10\/giovani-e-legalita-due-volti-diversi-dellintervento-della-polizia-a-belluno\/#breadcrumb","itemListElement":[{"@type":"ListItem","position":1,"name":"Home","item":"https:\/\/www.bellunopress.it\/"},{"@type":"ListItem","position":2,"name":"Giovani e legalit\u00e0: due volti diversi dell&#8217;intervento della Polizia a Belluno"}]},{"@type":"WebSite","@id":"https:\/\/www.bellunopress.it\/#website","url":"https:\/\/www.bellunopress.it\/","name":"Bellunopress - Dolomiti","description":"e-mail: redazione@bellunopress.it","publisher":{"@id":"https:\/\/www.bellunopress.it\/#organization"},"potentialAction":[{"@type":"SearchAction","target":{"@type":"EntryPoint","urlTemplate":"https:\/\/www.bellunopress.it\/?s={search_term_string}"},"query-input":{"@type":"PropertyValueSpecification","valueRequired":true,"valueName":"search_term_string"}}],"inLanguage":"fr-FR"},{"@type":"Organization","@id":"https:\/\/www.bellunopress.it\/#organization","name":"Bellunopress","url":"https:\/\/www.bellunopress.it\/","logo":{"@type":"ImageObject","inLanguage":"fr-FR","@id":"https:\/\/www.bellunopress.it\/#\/schema\/logo\/image\/","url":"https:\/\/www.bellunopress.it\/wp-content\/uploads\/2011\/05\/cropped-logo-bellunopress-.jpg","contentUrl":"https:\/\/www.bellunopress.it\/wp-content\/uploads\/2011\/05\/cropped-logo-bellunopress-.jpg","width":512,"height":512,"caption":"Bellunopress"},"image":{"@id":"https:\/\/www.bellunopress.it\/#\/schema\/logo\/image\/"},"sameAs":["https:\/\/www.facebook.com\/profile.php?id=100008943462799","https:\/\/x.com\/bellunopress","https:\/\/www.linkedin.com\/hp\/?dnr=JBzUWaJfMUw8vbXJJ2tVW5-I3jZKvC4wsoxE&amp;amp;amp;amp;amp;amp;trk=nav_responsive_tab_home","https:\/\/www.youtube.com\/channel\/UCxL0wu1uN0_3_7hGG0306cw"]},{"@type":"Person","@id":"https:\/\/www.bellunopress.it\/#\/schema\/person\/79bb06722b37ece1c03d3e94beb30d73","name":"r\u00e9daction","image":{"@type":"ImageObject","inLanguage":"fr-FR","@id":"https:\/\/secure.gravatar.com\/avatar\/37d968a2e67a6fd04c169c4bdef102d0bc5d31b2546345219e348575eb80e9a0?s=96&d=mm&r=g","url":"https:\/\/secure.gravatar.com\/avatar\/37d968a2e67a6fd04c169c4bdef102d0bc5d31b2546345219e348575eb80e9a0?s=96&d=mm&r=g","contentUrl":"https:\/\/secure.gravatar.com\/avatar\/37d968a2e67a6fd04c169c4bdef102d0bc5d31b2546345219e348575eb80e9a0?s=96&d=mm&r=g","caption":"redazione"},"sameAs":["http:\/\/www.bellunopress.it","https:\/\/x.com\/bellunopress"],"url":"https:\/\/www.bellunopress.it\/fr\/author\/redazione\/"}]}},"_links":{"self":[{"href":"https:\/\/www.bellunopress.it\/fr\/wp-json\/wp\/v2\/posts\/170857","targetHints":{"allow":["GET"]}}],"collection":[{"href":"https:\/\/www.bellunopress.it\/fr\/wp-json\/wp\/v2\/posts"}],"about":[{"href":"https:\/\/www.bellunopress.it\/fr\/wp-json\/wp\/v2\/types\/post"}],"author":[{"embeddable":true,"href":"https:\/\/www.bellunopress.it\/fr\/wp-json\/wp\/v2\/users\/2"}],"replies":[{"embeddable":true,"href":"https:\/\/www.bellunopress.it\/fr\/wp-json\/wp\/v2\/comments?post=170857"}],"version-history":[{"count":1,"href":"https:\/\/www.bellunopress.it\/fr\/wp-json\/wp\/v2\/posts\/170857\/revisions"}],"predecessor-version":[{"id":170858,"href":"https:\/\/www.bellunopress.it\/fr\/wp-json\/wp\/v2\/posts\/170857\/revisions\/170858"}],"wp:featuredmedia":[{"embeddable":true,"href":"https:\/\/www.bellunopress.it\/fr\/wp-json\/wp\/v2\/media\/160404"}],"wp:attachment":[{"href":"https:\/\/www.bellunopress.it\/fr\/wp-json\/wp\/v2\/media?parent=170857"}],"wp:term":[{"taxonomy":"category","embeddable":true,"href":"https:\/\/www.bellunopress.it\/fr\/wp-json\/wp\/v2\/categories?post=170857"},{"taxonomy":"post_tag","embeddable":true,"href":"https:\/\/www.bellunopress.it\/fr\/wp-json\/wp\/v2\/tags?post=170857"}],"curies":[{"name":"wp","href":"https:\/\/api.w.org\/{rel}","templated":true}]}}