{"id":170850,"date":"2026-06-10T06:00:23","date_gmt":"2026-06-10T04:00:23","guid":{"rendered":"https:\/\/www.bellunopress.it\/?p=170850"},"modified":"2026-06-10T06:28:52","modified_gmt":"2026-06-10T04:28:52","slug":"luca-frescura-rieletto-presidente-nazionale-giovanifuturo","status":"publish","type":"post","link":"https:\/\/www.bellunopress.it\/fr\/2026\/06\/10\/luca-frescura-rieletto-presidente-nazionale-giovanifuturo\/","title":{"rendered":"Luca Frescura rieletto presidente nazionale Giovani&#038;Futuro"},"content":{"rendered":"<p>Luca Frescura \u00e8 stato rieletto Presidente nazionale di Giovani&amp;Futuro, l\u2019associazione nata in provincia di Belluno tre anni fa e oggi presente con soci e sezioni in tutta Italia. Il voto ha confermato in modo netto la fiducia dei soci nei confronti di Frescura, riconoscendo il lavoro portato avanti in questi anni alla guida dell\u2019associazione e rilanciando il percorso politico e civico di Giovani&amp;Futuro per i prossimi mesi.<\/p>\n<p>Una conferma arrivata con un consenso compatto e trasversale da parte delle diverse sezioni regionali, segno di una realt\u00e0 cresciuta nel tempo attorno a una linea chiara:<br \/>\nprotagonismo giovanile, radicamento territoriale, ascolto delle comunit\u00e0 e proposte concrete.<\/p>\n<p>\u00abSono contento per la rielezione di Luca ai vertici nazionali dell\u2019associazione. Il fatto che il consenso ottenuto sia stato trasversale da parte di tutte le sezioni regionali \u00e8 la testimonianza pi\u00f9 bella di una leadership forte e sana, che in questi anni ha saputo dialogare con tutte le anime dell\u2019associazione con l\u2019unico obiettivo di ottenere risultati concreti\u00bb, afferma Thomas Menia Corbanese, vicepresidente nazionale di Giovani&amp;Futuro e promotore del comitato per la ricandidatura di Frescura.<\/p>\n<p>\u201cLa riconferma di Frescura arriva in una fase importante per Giovani&amp;Futuro, che negli ultimi anni ha rafforzato la propria presenza sul territorio nazionale, intercettando il bisogno di molti giovani di trovare uno spazio libero, concreto e non ideologico nel quale portare idee, energie e proposte\u201d conclude Menia Corbanese.<br \/>\n\u00abGrazie a tutti i soci che hanno deciso di sostenermi e grazie a tutte le persone che, in questi giorni, mi hanno fatto sentire vicinanza, affetto e fiducia. \u00c8 stato un supporto fondamentale per me\u00bb, dichiara Luca Frescura, Presidente nazionale di Giovani&amp;Futuro.<\/p>\n<p>\u00abPu\u00f2 capitare di cadere, e sicuramente anche dalle sconfitte si pu\u00f2 imparare tanto. Ho avuto la fortuna di ricevere un affetto incredibile, che mi ha aiutato a rialzarmi in un momento di difficolt\u00e0.<br \/>\nUn affetto sincero, che non dimenticher\u00f2. Oggi sono ancora pi\u00f9 motivato a lottare per ci\u00f2 in cui crediamo: una politica che non scenda a facili compromessi, che non insegua convenienze personali, ma che lavori senza sosta per un unico interesse, quello della collettivit\u00e0\u00bb.<br \/>\nFrescura rivendica poi il valore di una linea politica fondata sulla coerenza e sulla responsabilit\u00e0:<br \/>\n\u00abPreferisco perdere senza venire meno ai nostri principi, piuttosto che vincere rinunciando a ci\u00f2 che siamo. Vale oggi, vale domani e varr\u00e0 anche dopodomani. Giovani&amp;Futuro continuer\u00e0 a essere una casa per chi crede in una politica capace di rispondere ai veri problemi di ogni giorno, lontani dalle beghe ideologiche\u00bb.<br \/>\n\u00abGiovani&amp;Futuro continuer\u00e0 a essere la casa di chi non si rassegna, di chi non resta a guardare, di chi crede che la politica possa ancora essere coraggio, servizio e cambiamento\u00bb conclude il Presidente di Giovani&amp;Futuro.<\/p>","protected":false},"excerpt":{"rendered":"<p>Luca Frescura \u00e8 stato rieletto Presidente nazionale di Giovani&amp;Futuro, l\u2019associazione nata in provincia di Belluno tre anni fa e oggi presente con soci e sezioni in tutta Italia. Il voto ha confermato in modo netto la fiducia dei soci nei confronti di Frescura, riconoscendo il lavoro portato avanti in questi anni alla guida dell\u2019associazione e [&hellip;]<\/p>\n","protected":false},"author":2,"featured_media":166119,"comment_status":"closed","ping_status":"open","sticky":false,"template":"","format":"standard","meta":{"footnotes":""},"categories":[5],"tags":[],"class_list":["post-170850","post","type-post","status-publish","format-standard","has-post-thumbnail","category-cronaca"],"yoast_head":"<!-- This site is optimized with the Yoast SEO plugin v28.4 - https:\/\/yoast.com\/product\/yoast-seo-wordpress\/ -->\n<title>Luca Frescura rieletto presidente nazionale Giovani&amp;Futuro - Bellunopress - Dolomiti<\/title>\n<meta name=\"robots\" content=\"index, follow, max-snippet:-1, max-image-preview:large, max-video-preview:-1\" \/>\n<link rel=\"canonical\" href=\"https:\/\/www.bellunopress.it\/fr\/2026\/06\/10\/luca-frescura-rieletto-presidente-nazionale-giovanifuturo\/\" \/>\n<meta property=\"og:locale\" content=\"fr_FR\" \/>\n<meta property=\"og:type\" content=\"article\" \/>\n<meta property=\"og:title\" content=\"Luca Frescura rieletto presidente nazionale Giovani&amp;Futuro - Bellunopress - Dolomiti\" \/>\n<meta property=\"og:description\" content=\"Luca Frescura \u00e8 stato rieletto Presidente nazionale di Giovani&amp;Futuro, l\u2019associazione nata in provincia di Belluno tre anni fa e oggi presente con soci e sezioni in tutta Italia. Il voto ha confermato in modo netto la fiducia dei soci nei confronti di Frescura, riconoscendo il lavoro portato avanti in questi anni alla guida dell\u2019associazione e [&hellip;]\" \/>\n<meta property=\"og:url\" content=\"https:\/\/www.bellunopress.it\/fr\/2026\/06\/10\/luca-frescura-rieletto-presidente-nazionale-giovanifuturo\/\" \/>\n<meta property=\"og:site_name\" content=\"Bellunopress - Dolomiti\" \/>\n<meta property=\"article:publisher\" content=\"https:\/\/www.facebook.com\/profile.php?id=100008943462799\" \/>\n<meta property=\"article:published_time\" content=\"2026-06-10T04:00:23+00:00\" \/>\n<meta property=\"article:modified_time\" content=\"2026-06-10T04:28:52+00:00\" \/>\n<meta property=\"og:image\" content=\"https:\/\/www.bellunopress.it\/wp-content\/uploads\/2025\/12\/Luca-Frescura.jpg\" \/>\n\t<meta property=\"og:image:width\" content=\"500\" \/>\n\t<meta property=\"og:image:height\" content=\"498\" \/>\n\t<meta property=\"og:image:type\" content=\"image\/jpeg\" \/>\n<meta name=\"author\" content=\"redazione\" \/>\n<meta name=\"twitter:card\" content=\"summary_large_image\" \/>\n<meta name=\"twitter:creator\" content=\"@bellunopress\" \/>\n<meta name=\"twitter:site\" content=\"@bellunopress\" \/>\n<meta name=\"twitter:label1\" content=\"\u00c9crit par\" \/>\n\t<meta name=\"twitter:data1\" content=\"redazione\" \/>\n\t<meta name=\"twitter:label2\" content=\"Dur\u00e9e de lecture estim\u00e9e\" \/>\n\t<meta name=\"twitter:data2\" content=\"3 minutes\" \/>\n<script type=\"application\/ld+json\" class=\"yoast-schema-graph\">{\"@context\":\"https:\\\/\\\/schema.org\",\"@graph\":[{\"@type\":\"Article\",\"@id\":\"https:\\\/\\\/www.bellunopress.it\\\/2026\\\/06\\\/10\\\/luca-frescura-rieletto-presidente-nazionale-giovanifuturo\\\/#article\",\"isPartOf\":{\"@id\":\"https:\\\/\\\/www.bellunopress.it\\\/2026\\\/06\\\/10\\\/luca-frescura-rieletto-presidente-nazionale-giovanifuturo\\\/\"},\"author\":{\"name\":\"redazione\",\"@id\":\"https:\\\/\\\/www.bellunopress.it\\\/#\\\/schema\\\/person\\\/79bb06722b37ece1c03d3e94beb30d73\"},\"headline\":\"Luca Frescura rieletto presidente nazionale Giovani&#038;Futuro\",\"datePublished\":\"2026-06-10T04:00:23+00:00\",\"dateModified\":\"2026-06-10T04:28:52+00:00\",\"mainEntityOfPage\":{\"@id\":\"https:\\\/\\\/www.bellunopress.it\\\/2026\\\/06\\\/10\\\/luca-frescura-rieletto-presidente-nazionale-giovanifuturo\\\/\"},\"wordCount\":468,\"publisher\":{\"@id\":\"https:\\\/\\\/www.bellunopress.it\\\/#organization\"},\"image\":{\"@id\":\"https:\\\/\\\/www.bellunopress.it\\\/2026\\\/06\\\/10\\\/luca-frescura-rieletto-presidente-nazionale-giovanifuturo\\\/#primaryimage\"},\"thumbnailUrl\":\"https:\\\/\\\/www.bellunopress.it\\\/wp-content\\\/uploads\\\/2025\\\/12\\\/Luca-Frescura.jpg\",\"articleSection\":[\"Cronaca\\\/Politica\"],\"inLanguage\":\"fr-FR\"},{\"@type\":\"WebPage\",\"@id\":\"https:\\\/\\\/www.bellunopress.it\\\/2026\\\/06\\\/10\\\/luca-frescura-rieletto-presidente-nazionale-giovanifuturo\\\/\",\"url\":\"https:\\\/\\\/www.bellunopress.it\\\/2026\\\/06\\\/10\\\/luca-frescura-rieletto-presidente-nazionale-giovanifuturo\\\/\",\"name\":\"Luca Frescura rieletto presidente nazionale Giovani&Futuro - Bellunopress - Dolomiti\",\"isPartOf\":{\"@id\":\"https:\\\/\\\/www.bellunopress.it\\\/#website\"},\"primaryImageOfPage\":{\"@id\":\"https:\\\/\\\/www.bellunopress.it\\\/2026\\\/06\\\/10\\\/luca-frescura-rieletto-presidente-nazionale-giovanifuturo\\\/#primaryimage\"},\"image\":{\"@id\":\"https:\\\/\\\/www.bellunopress.it\\\/2026\\\/06\\\/10\\\/luca-frescura-rieletto-presidente-nazionale-giovanifuturo\\\/#primaryimage\"},\"thumbnailUrl\":\"https:\\\/\\\/www.bellunopress.it\\\/wp-content\\\/uploads\\\/2025\\\/12\\\/Luca-Frescura.jpg\",\"datePublished\":\"2026-06-10T04:00:23+00:00\",\"dateModified\":\"2026-06-10T04:28:52+00:00\",\"breadcrumb\":{\"@id\":\"https:\\\/\\\/www.bellunopress.it\\\/2026\\\/06\\\/10\\\/luca-frescura-rieletto-presidente-nazionale-giovanifuturo\\\/#breadcrumb\"},\"inLanguage\":\"fr-FR\",\"potentialAction\":[{\"@type\":\"ReadAction\",\"target\":[\"https:\\\/\\\/www.bellunopress.it\\\/2026\\\/06\\\/10\\\/luca-frescura-rieletto-presidente-nazionale-giovanifuturo\\\/\"]}]},{\"@type\":\"ImageObject\",\"inLanguage\":\"fr-FR\",\"@id\":\"https:\\\/\\\/www.bellunopress.it\\\/2026\\\/06\\\/10\\\/luca-frescura-rieletto-presidente-nazionale-giovanifuturo\\\/#primaryimage\",\"url\":\"https:\\\/\\\/www.bellunopress.it\\\/wp-content\\\/uploads\\\/2025\\\/12\\\/Luca-Frescura.jpg\",\"contentUrl\":\"https:\\\/\\\/www.bellunopress.it\\\/wp-content\\\/uploads\\\/2025\\\/12\\\/Luca-Frescura.jpg\",\"width\":500,\"height\":498,\"caption\":\"Luca Frescura\"},{\"@type\":\"BreadcrumbList\",\"@id\":\"https:\\\/\\\/www.bellunopress.it\\\/2026\\\/06\\\/10\\\/luca-frescura-rieletto-presidente-nazionale-giovanifuturo\\\/#breadcrumb\",\"itemListElement\":[{\"@type\":\"ListItem\",\"position\":1,\"name\":\"Home\",\"item\":\"https:\\\/\\\/www.bellunopress.it\\\/\"},{\"@type\":\"ListItem\",\"position\":2,\"name\":\"Luca Frescura rieletto presidente nazionale Giovani&#038;Futuro\"}]},{\"@type\":\"WebSite\",\"@id\":\"https:\\\/\\\/www.bellunopress.it\\\/#website\",\"url\":\"https:\\\/\\\/www.bellunopress.it\\\/\",\"name\":\"Bellunopress - Dolomiti\",\"description\":\"e-mail: redazione@bellunopress.it\",\"publisher\":{\"@id\":\"https:\\\/\\\/www.bellunopress.it\\\/#organization\"},\"potentialAction\":[{\"@type\":\"SearchAction\",\"target\":{\"@type\":\"EntryPoint\",\"urlTemplate\":\"https:\\\/\\\/www.bellunopress.it\\\/?s={search_term_string}\"},\"query-input\":{\"@type\":\"PropertyValueSpecification\",\"valueRequired\":true,\"valueName\":\"search_term_string\"}}],\"inLanguage\":\"fr-FR\"},{\"@type\":\"Organization\",\"@id\":\"https:\\\/\\\/www.bellunopress.it\\\/#organization\",\"name\":\"Bellunopress\",\"url\":\"https:\\\/\\\/www.bellunopress.it\\\/\",\"logo\":{\"@type\":\"ImageObject\",\"inLanguage\":\"fr-FR\",\"@id\":\"https:\\\/\\\/www.bellunopress.it\\\/#\\\/schema\\\/logo\\\/image\\\/\",\"url\":\"https:\\\/\\\/www.bellunopress.it\\\/wp-content\\\/uploads\\\/2011\\\/05\\\/cropped-logo-bellunopress-.jpg\",\"contentUrl\":\"https:\\\/\\\/www.bellunopress.it\\\/wp-content\\\/uploads\\\/2011\\\/05\\\/cropped-logo-bellunopress-.jpg\",\"width\":512,\"height\":512,\"caption\":\"Bellunopress\"},\"image\":{\"@id\":\"https:\\\/\\\/www.bellunopress.it\\\/#\\\/schema\\\/logo\\\/image\\\/\"},\"sameAs\":[\"https:\\\/\\\/www.facebook.com\\\/profile.php?id=100008943462799\",\"https:\\\/\\\/x.com\\\/bellunopress\",\"https:\\\/\\\/www.linkedin.com\\\/hp\\\/?dnr=JBzUWaJfMUw8vbXJJ2tVW5-I3jZKvC4wsoxE&amp;amp;amp;amp;amp;amp;trk=nav_responsive_tab_home\",\"https:\\\/\\\/www.youtube.com\\\/channel\\\/UCxL0wu1uN0_3_7hGG0306cw\"]},{\"@type\":\"Person\",\"@id\":\"https:\\\/\\\/www.bellunopress.it\\\/#\\\/schema\\\/person\\\/79bb06722b37ece1c03d3e94beb30d73\",\"name\":\"redazione\",\"image\":{\"@type\":\"ImageObject\",\"inLanguage\":\"fr-FR\",\"@id\":\"https:\\\/\\\/secure.gravatar.com\\\/avatar\\\/37d968a2e67a6fd04c169c4bdef102d0bc5d31b2546345219e348575eb80e9a0?s=96&d=mm&r=g\",\"url\":\"https:\\\/\\\/secure.gravatar.com\\\/avatar\\\/37d968a2e67a6fd04c169c4bdef102d0bc5d31b2546345219e348575eb80e9a0?s=96&d=mm&r=g\",\"contentUrl\":\"https:\\\/\\\/secure.gravatar.com\\\/avatar\\\/37d968a2e67a6fd04c169c4bdef102d0bc5d31b2546345219e348575eb80e9a0?s=96&d=mm&r=g\",\"caption\":\"redazione\"},\"sameAs\":[\"http:\\\/\\\/www.bellunopress.it\",\"https:\\\/\\\/x.com\\\/bellunopress\"],\"url\":\"https:\\\/\\\/www.bellunopress.it\\\/fr\\\/author\\\/redazione\\\/\"}]}<\/script>\n<!-- \/ Yoast SEO plugin. -->","yoast_head_json":{"title":"Luca Frescura rieletto presidente nazionale Giovani&Futuro - Bellunopress - Dolomiti","robots":{"index":"index","follow":"follow","max-snippet":"max-snippet:-1","max-image-preview":"max-image-preview:large","max-video-preview":"max-video-preview:-1"},"canonical":"https:\/\/www.bellunopress.it\/fr\/2026\/06\/10\/luca-frescura-rieletto-presidente-nazionale-giovanifuturo\/","og_locale":"fr_FR","og_type":"article","og_title":"Luca Frescura rieletto presidente nazionale Giovani&Futuro - Bellunopress - Dolomiti","og_description":"Luca Frescura \u00e8 stato rieletto Presidente nazionale di Giovani&amp;Futuro, l\u2019associazione nata in provincia di Belluno tre anni fa e oggi presente con soci e sezioni in tutta Italia. Il voto ha confermato in modo netto la fiducia dei soci nei confronti di Frescura, riconoscendo il lavoro portato avanti in questi anni alla guida dell\u2019associazione e [&hellip;]","og_url":"https:\/\/www.bellunopress.it\/fr\/2026\/06\/10\/luca-frescura-rieletto-presidente-nazionale-giovanifuturo\/","og_site_name":"Bellunopress - Dolomiti","article_publisher":"https:\/\/www.facebook.com\/profile.php?id=100008943462799","article_published_time":"2026-06-10T04:00:23+00:00","article_modified_time":"2026-06-10T04:28:52+00:00","og_image":[{"width":500,"height":498,"url":"https:\/\/www.bellunopress.it\/wp-content\/uploads\/2025\/12\/Luca-Frescura.jpg","type":"image\/jpeg"}],"author":"redazione","twitter_card":"summary_large_image","twitter_creator":"@bellunopress","twitter_site":"@bellunopress","twitter_misc":{"\u00c9crit par":"redazione","Dur\u00e9e de lecture estim\u00e9e":"3 minutes"},"schema":{"@context":"https:\/\/schema.org","@graph":[{"@type":"Article","@id":"https:\/\/www.bellunopress.it\/2026\/06\/10\/luca-frescura-rieletto-presidente-nazionale-giovanifuturo\/#article","isPartOf":{"@id":"https:\/\/www.bellunopress.it\/2026\/06\/10\/luca-frescura-rieletto-presidente-nazionale-giovanifuturo\/"},"author":{"name":"redazione","@id":"https:\/\/www.bellunopress.it\/#\/schema\/person\/79bb06722b37ece1c03d3e94beb30d73"},"headline":"Luca Frescura rieletto presidente nazionale Giovani&#038;Futuro","datePublished":"2026-06-10T04:00:23+00:00","dateModified":"2026-06-10T04:28:52+00:00","mainEntityOfPage":{"@id":"https:\/\/www.bellunopress.it\/2026\/06\/10\/luca-frescura-rieletto-presidente-nazionale-giovanifuturo\/"},"wordCount":468,"publisher":{"@id":"https:\/\/www.bellunopress.it\/#organization"},"image":{"@id":"https:\/\/www.bellunopress.it\/2026\/06\/10\/luca-frescura-rieletto-presidente-nazionale-giovanifuturo\/#primaryimage"},"thumbnailUrl":"https:\/\/www.bellunopress.it\/wp-content\/uploads\/2025\/12\/Luca-Frescura.jpg","articleSection":["Cronaca\/Politica"],"inLanguage":"fr-FR"},{"@type":"WebPage","@id":"https:\/\/www.bellunopress.it\/2026\/06\/10\/luca-frescura-rieletto-presidente-nazionale-giovanifuturo\/","url":"https:\/\/www.bellunopress.it\/2026\/06\/10\/luca-frescura-rieletto-presidente-nazionale-giovanifuturo\/","name":"Luca Frescura rieletto presidente nazionale Giovani&Futuro - Bellunopress - Dolomiti","isPartOf":{"@id":"https:\/\/www.bellunopress.it\/#website"},"primaryImageOfPage":{"@id":"https:\/\/www.bellunopress.it\/2026\/06\/10\/luca-frescura-rieletto-presidente-nazionale-giovanifuturo\/#primaryimage"},"image":{"@id":"https:\/\/www.bellunopress.it\/2026\/06\/10\/luca-frescura-rieletto-presidente-nazionale-giovanifuturo\/#primaryimage"},"thumbnailUrl":"https:\/\/www.bellunopress.it\/wp-content\/uploads\/2025\/12\/Luca-Frescura.jpg","datePublished":"2026-06-10T04:00:23+00:00","dateModified":"2026-06-10T04:28:52+00:00","breadcrumb":{"@id":"https:\/\/www.bellunopress.it\/2026\/06\/10\/luca-frescura-rieletto-presidente-nazionale-giovanifuturo\/#breadcrumb"},"inLanguage":"fr-FR","potentialAction":[{"@type":"ReadAction","target":["https:\/\/www.bellunopress.it\/2026\/06\/10\/luca-frescura-rieletto-presidente-nazionale-giovanifuturo\/"]}]},{"@type":"ImageObject","inLanguage":"fr-FR","@id":"https:\/\/www.bellunopress.it\/2026\/06\/10\/luca-frescura-rieletto-presidente-nazionale-giovanifuturo\/#primaryimage","url":"https:\/\/www.bellunopress.it\/wp-content\/uploads\/2025\/12\/Luca-Frescura.jpg","contentUrl":"https:\/\/www.bellunopress.it\/wp-content\/uploads\/2025\/12\/Luca-Frescura.jpg","width":500,"height":498,"caption":"Luca Frescura"},{"@type":"BreadcrumbList","@id":"https:\/\/www.bellunopress.it\/2026\/06\/10\/luca-frescura-rieletto-presidente-nazionale-giovanifuturo\/#breadcrumb","itemListElement":[{"@type":"ListItem","position":1,"name":"Home","item":"https:\/\/www.bellunopress.it\/"},{"@type":"ListItem","position":2,"name":"Luca Frescura rieletto presidente nazionale Giovani&#038;Futuro"}]},{"@type":"WebSite","@id":"https:\/\/www.bellunopress.it\/#website","url":"https:\/\/www.bellunopress.it\/","name":"Bellunopress - Dolomiti","description":"e-mail: redazione@bellunopress.it","publisher":{"@id":"https:\/\/www.bellunopress.it\/#organization"},"potentialAction":[{"@type":"SearchAction","target":{"@type":"EntryPoint","urlTemplate":"https:\/\/www.bellunopress.it\/?s={search_term_string}"},"query-input":{"@type":"PropertyValueSpecification","valueRequired":true,"valueName":"search_term_string"}}],"inLanguage":"fr-FR"},{"@type":"Organization","@id":"https:\/\/www.bellunopress.it\/#organization","name":"Bellunopress","url":"https:\/\/www.bellunopress.it\/","logo":{"@type":"ImageObject","inLanguage":"fr-FR","@id":"https:\/\/www.bellunopress.it\/#\/schema\/logo\/image\/","url":"https:\/\/www.bellunopress.it\/wp-content\/uploads\/2011\/05\/cropped-logo-bellunopress-.jpg","contentUrl":"https:\/\/www.bellunopress.it\/wp-content\/uploads\/2011\/05\/cropped-logo-bellunopress-.jpg","width":512,"height":512,"caption":"Bellunopress"},"image":{"@id":"https:\/\/www.bellunopress.it\/#\/schema\/logo\/image\/"},"sameAs":["https:\/\/www.facebook.com\/profile.php?id=100008943462799","https:\/\/x.com\/bellunopress","https:\/\/www.linkedin.com\/hp\/?dnr=JBzUWaJfMUw8vbXJJ2tVW5-I3jZKvC4wsoxE&amp;amp;amp;amp;amp;amp;trk=nav_responsive_tab_home","https:\/\/www.youtube.com\/channel\/UCxL0wu1uN0_3_7hGG0306cw"]},{"@type":"Person","@id":"https:\/\/www.bellunopress.it\/#\/schema\/person\/79bb06722b37ece1c03d3e94beb30d73","name":"r\u00e9daction","image":{"@type":"ImageObject","inLanguage":"fr-FR","@id":"https:\/\/secure.gravatar.com\/avatar\/37d968a2e67a6fd04c169c4bdef102d0bc5d31b2546345219e348575eb80e9a0?s=96&d=mm&r=g","url":"https:\/\/secure.gravatar.com\/avatar\/37d968a2e67a6fd04c169c4bdef102d0bc5d31b2546345219e348575eb80e9a0?s=96&d=mm&r=g","contentUrl":"https:\/\/secure.gravatar.com\/avatar\/37d968a2e67a6fd04c169c4bdef102d0bc5d31b2546345219e348575eb80e9a0?s=96&d=mm&r=g","caption":"redazione"},"sameAs":["http:\/\/www.bellunopress.it","https:\/\/x.com\/bellunopress"],"url":"https:\/\/www.bellunopress.it\/fr\/author\/redazione\/"}]}},"_links":{"self":[{"href":"https:\/\/www.bellunopress.it\/fr\/wp-json\/wp\/v2\/posts\/170850","targetHints":{"allow":["GET"]}}],"collection":[{"href":"https:\/\/www.bellunopress.it\/fr\/wp-json\/wp\/v2\/posts"}],"about":[{"href":"https:\/\/www.bellunopress.it\/fr\/wp-json\/wp\/v2\/types\/post"}],"author":[{"embeddable":true,"href":"https:\/\/www.bellunopress.it\/fr\/wp-json\/wp\/v2\/users\/2"}],"replies":[{"embeddable":true,"href":"https:\/\/www.bellunopress.it\/fr\/wp-json\/wp\/v2\/comments?post=170850"}],"version-history":[{"count":1,"href":"https:\/\/www.bellunopress.it\/fr\/wp-json\/wp\/v2\/posts\/170850\/revisions"}],"predecessor-version":[{"id":170851,"href":"https:\/\/www.bellunopress.it\/fr\/wp-json\/wp\/v2\/posts\/170850\/revisions\/170851"}],"wp:featuredmedia":[{"embeddable":true,"href":"https:\/\/www.bellunopress.it\/fr\/wp-json\/wp\/v2\/media\/166119"}],"wp:attachment":[{"href":"https:\/\/www.bellunopress.it\/fr\/wp-json\/wp\/v2\/media?parent=170850"}],"wp:term":[{"taxonomy":"category","embeddable":true,"href":"https:\/\/www.bellunopress.it\/fr\/wp-json\/wp\/v2\/categories?post=170850"},{"taxonomy":"post_tag","embeddable":true,"href":"https:\/\/www.bellunopress.it\/fr\/wp-json\/wp\/v2\/tags?post=170850"}],"curies":[{"name":"wp","href":"https:\/\/api.w.org\/{rel}","templated":true}]}}