{"id":170848,"date":"2026-06-10T06:16:44","date_gmt":"2026-06-10T04:16:44","guid":{"rendered":"https:\/\/www.bellunopress.it\/?p=170848"},"modified":"2026-06-10T06:16:44","modified_gmt":"2026-06-10T04:16:44","slug":"associazione-docenti-cnddu-dai-graffiti-del-liceo-galilei-alla-violenza-in-centro-il-grido-inascoltato-di-una-generazione","status":"publish","type":"post","link":"https:\/\/www.bellunopress.it\/fr\/2026\/06\/10\/associazione-docenti-cnddu-dai-graffiti-del-liceo-galilei-alla-violenza-in-centro-il-grido-inascoltato-di-una-generazione\/","title":{"rendered":"Associazione docenti CNDDU. Dai graffiti del Liceo Galilei alla violenza in centro: il grido inascoltato di una generazione"},"content":{"rendered":"<p>Il Coordinamento Nazionale Docenti della disciplina dei Diritti Umani esprime profonda attenzione e sincera preoccupazione per quanto emerso a Belluno, dove il recente episodio dei graffiti comparsi presso il Liceo Galilei, accompagnati da una lettera di denuncia sul disagio vissuto da molti studenti, si intreccia con altri gravi fatti di cronaca che coinvolgono giovani protagonisti di comportamenti violenti e antisociali. Episodi differenti per natura e responsabilit\u00e0, ma accomunati da una domanda che la societ\u00e0 adulta non pu\u00f2 pi\u00f9 eludere: cosa stanno cercando di dirci i nostri ragazzi?<\/p>\n<p>Il CNDDU ritiene necessario compiere uno sforzo culturale preliminare: evitare sia la giustificazione dei comportamenti illeciti sia la loro riduzione a meri atti di devianza. Quando un adolescente scrive di sentirsi \u201cnon abbastanza\u201d, schiacciato dalle aspettative, dalla competizione, dall&#8217;ansia e dalla solitudine, non sta semplicemente esprimendo un disagio individuale; sta descrivendo una condizione generazionale che interpella direttamente il sistema dei diritti umani, a partire dal diritto alla salute mentale, al benessere relazionale, all&#8217;ascolto e alla partecipazione.<br \/>\nLa vicenda bellunese evidenzia un paradosso che merita una riflessione approfondita: i giovani vivono in un&#8217;epoca caratterizzata da un&#8217;iperconnessione permanente e, al contempo, da una crescente fragilit\u00e0 dei legami significativi. Molti studenti dispongono di strumenti tecnologici per comunicare continuamente, ma denunciano la difficolt\u00e0 di essere realmente compresi. Non siamo di fronte soltanto a una crisi educativa; siamo di fronte a una crisi di riconoscimento.<br \/>\nLa scuola, spesso chiamata a risolvere ogni problema sociale, non pu\u00f2 essere lasciata sola. Essa rimane il principale presidio democratico del territorio, il luogo in cui si costruiscono cittadinanza, responsabilit\u00e0 e coscienza critica. Tuttavia, non pu\u00f2 farsi carico in modo esclusivo delle fratture emotive, economiche, culturali e relazionali che attraversano le nuove generazioni. Occorre una corresponsabilit\u00e0 autentica tra famiglie, istituzioni, servizi socio-sanitari, associazionismo, mondo della cultura e politica.<\/p>\n<p>In questa prospettiva, il Coordinamento accoglie con favore l&#8217;iniziativa promossa dalle Scuole in Rete di Belluno, che invita la cittadinanza a costruire un&#8217;alleanza educativa territoriale. Non si tratta semplicemente di organizzare un evento pubblico, ma di riaffermare un principio fondamentale: la comunit\u00e0 educante \u00e8 una responsabilit\u00e0 collettiva e non una delega.<br \/>\nRiteniamo altres\u00ec necessario che il dibattito nazionale sul disagio giovanile compia un salto di qualit\u00e0. Non bastano pi\u00f9 interventi emergenziali o campagne occasionali. Servono politiche strutturali che investano stabilmente sulla prevenzione, sul supporto psicologico scolastico, sull&#8217;educazione socio-emotiva, sulla partecipazione studentesca e sulla promozione della cultura dei diritti umani come strumento concreto di costruzione dell&#8217;identit\u00e0 personale e collettiva.<br \/>\nI graffiti possono essere cancellati. Le ferite interiori che li hanno generati, invece, richiedono tempo, ascolto e responsabilit\u00e0 condivisa. La vera sfida educativa non consiste nel ripristinare rapidamente un muro imbrattato, ma nel ricostruire gli spazi di fiducia tra generazioni che troppo spesso si osservano senza riuscire a dialogare.<br \/>\nQuando un giovane arriva a pensare di non essere abbastanza, non \u00e8 soltanto la sua autostima a vacillare: \u00e8 il patto educativo della comunit\u00e0 che mostra una crepa.<\/p>\n<p>Per questo il CNDDU invita tutte le istituzioni scolastiche italiane a promuovere momenti permanenti di ascolto e confronto, affinch\u00e9 il disagio non debba manifestarsi attraverso gesti estremi per diventare visibile. Una societ\u00e0 democratica matura non attende il grido per accorgersi della sofferenza; costruisce quotidianamente le condizioni affinch\u00e9 ogni persona possa sentirsi riconosciuta, rispettata e parte integrante della comunit\u00e0.<br \/>\nprof. Romano Pesavento<br \/>\npresidente CNDDU<\/p>\n<p>&nbsp;<\/p>\n<p class=\"has-nv-dark-bg-color has-nv-light-bg-background-color has-text-color has-background has-small-font-size wp-block-paragraph\">*\u00a0 Il CNDDU \u00e8 un\u2019associazione professionale costituita da docenti di ruolo e precari nata originariamente come Gruppo di Coordinamento Nazionale dei Docenti della Disciplina \u201cDiritti Umani\u201d con la missione di diffondere l\u2019insegnamento della materia attraverso le seguenti modalit\u00e0:<\/p>\n<p class=\"has-nv-dark-bg-color has-nv-light-bg-background-color has-text-color has-background has-small-font-size wp-block-paragraph\">\u2013<em>\u00a0Segnalando a studenti e strutture scolastiche l\u2019importanza dell\u2019inclusione della disciplina nel Piano di offerta formativa;<\/em><\/p>\n<p class=\"has-nv-dark-bg-color has-nv-light-bg-background-color has-text-color has-background has-small-font-size wp-block-paragraph\"><em>\u2013 Formando il personale docente destinato a coprire il ruolo di Professore della disciplina;<\/em><\/p>\n<p class=\"has-nv-dark-bg-color has-nv-light-bg-background-color has-text-color has-background has-small-font-size wp-block-paragraph\"><em>\u2013 Creando piattaforme di dialogo con le amministrazioni pubbliche e gli enti privati per il sostegno delle azioni di divulgazione;<\/em><\/p>\n<p class=\"has-nv-dark-bg-color has-nv-light-bg-background-color has-text-color has-background has-small-font-size wp-block-paragraph\">Ben presto il CNDDU ha esteso il suo ambito di intervento, con l\u2019obiettivo di dare una risposta alle continue richieste pervenute da parte dei singoli docenti e dei gruppi sociali con i quali, nel corso del tempo, siamo entrati in contatto. Accanto alla missione originaria si sono sviluppate altre linee d\u2019azione che in modo diretto o indiretto si fondano sulla tutela dei diritti dell\u2019Uomo.<\/p>\n<p class=\"has-nv-dark-bg-color has-nv-light-bg-background-color has-text-color has-background has-small-font-size wp-block-paragraph\">L\u2019obiettivo attuale \u00e8 quello di restituire dignit\u00e0 e prestigio alla professione dell\u2019insegnante garantendo una scuola sana e meritocratica.<\/p>","protected":false},"excerpt":{"rendered":"<p>Il Coordinamento Nazionale Docenti della disciplina dei Diritti Umani esprime profonda attenzione e sincera preoccupazione per quanto emerso a Belluno, dove il recente episodio dei graffiti comparsi presso il Liceo Galilei, accompagnati da una lettera di denuncia sul disagio vissuto da molti studenti, si intreccia con altri gravi fatti di cronaca che coinvolgono giovani protagonisti [&hellip;]<\/p>\n","protected":false},"author":2,"featured_media":168764,"comment_status":"closed","ping_status":"open","sticky":false,"template":"","format":"standard","meta":{"footnotes":""},"categories":[26,15],"tags":[],"class_list":["post-170848","post","type-post","status-publish","format-standard","has-post-thumbnail","category-prima-pagina","category-scuola"],"yoast_head":"<!-- This site is optimized with the Yoast SEO plugin v28.4 - https:\/\/yoast.com\/product\/yoast-seo-wordpress\/ -->\n<title>Associazione docenti CNDDU. Dai graffiti del Liceo Galilei alla violenza in centro: il grido inascoltato di una generazione - Bellunopress - Dolomiti<\/title>\n<meta name=\"robots\" content=\"index, follow, max-snippet:-1, max-image-preview:large, max-video-preview:-1\" \/>\n<link rel=\"canonical\" href=\"https:\/\/www.bellunopress.it\/fr\/2026\/06\/10\/associazione-docenti-cnddu-dai-graffiti-del-liceo-galilei-alla-violenza-in-centro-il-grido-inascoltato-di-una-generazione\/\" \/>\n<meta property=\"og:locale\" content=\"fr_FR\" \/>\n<meta property=\"og:type\" content=\"article\" \/>\n<meta property=\"og:title\" content=\"Associazione docenti CNDDU. Dai graffiti del Liceo Galilei alla violenza in centro: il grido inascoltato di una generazione - Bellunopress - Dolomiti\" \/>\n<meta property=\"og:description\" content=\"Il Coordinamento Nazionale Docenti della disciplina dei Diritti Umani esprime profonda attenzione e sincera preoccupazione per quanto emerso a Belluno, dove il recente episodio dei graffiti comparsi presso il Liceo Galilei, accompagnati da una lettera di denuncia sul disagio vissuto da molti studenti, si intreccia con altri gravi fatti di cronaca che coinvolgono giovani protagonisti [&hellip;]\" \/>\n<meta property=\"og:url\" content=\"https:\/\/www.bellunopress.it\/fr\/2026\/06\/10\/associazione-docenti-cnddu-dai-graffiti-del-liceo-galilei-alla-violenza-in-centro-il-grido-inascoltato-di-una-generazione\/\" \/>\n<meta property=\"og:site_name\" content=\"Bellunopress - Dolomiti\" \/>\n<meta property=\"article:publisher\" content=\"https:\/\/www.facebook.com\/profile.php?id=100008943462799\" \/>\n<meta property=\"article:published_time\" content=\"2026-06-10T04:16:44+00:00\" \/>\n<meta property=\"og:image\" content=\"https:\/\/www.bellunopress.it\/wp-content\/uploads\/2026\/04\/prof.-Romano-Pesavento-presidente-CNDDU.jpg\" \/>\n\t<meta property=\"og:image:width\" content=\"500\" \/>\n\t<meta property=\"og:image:height\" content=\"360\" \/>\n\t<meta property=\"og:image:type\" content=\"image\/jpeg\" \/>\n<meta name=\"author\" content=\"redazione\" \/>\n<meta name=\"twitter:card\" content=\"summary_large_image\" \/>\n<meta name=\"twitter:creator\" content=\"@bellunopress\" \/>\n<meta name=\"twitter:site\" content=\"@bellunopress\" \/>\n<meta name=\"twitter:label1\" content=\"\u00c9crit par\" \/>\n\t<meta name=\"twitter:data1\" content=\"redazione\" \/>\n\t<meta name=\"twitter:label2\" content=\"Dur\u00e9e de lecture estim\u00e9e\" \/>\n\t<meta name=\"twitter:data2\" content=\"4 minutes\" \/>\n<script type=\"application\/ld+json\" class=\"yoast-schema-graph\">{\"@context\":\"https:\\\/\\\/schema.org\",\"@graph\":[{\"@type\":\"Article\",\"@id\":\"https:\\\/\\\/www.bellunopress.it\\\/2026\\\/06\\\/10\\\/associazione-docenti-cnddu-dai-graffiti-del-liceo-galilei-alla-violenza-in-centro-il-grido-inascoltato-di-una-generazione\\\/#article\",\"isPartOf\":{\"@id\":\"https:\\\/\\\/www.bellunopress.it\\\/2026\\\/06\\\/10\\\/associazione-docenti-cnddu-dai-graffiti-del-liceo-galilei-alla-violenza-in-centro-il-grido-inascoltato-di-una-generazione\\\/\"},\"author\":{\"name\":\"redazione\",\"@id\":\"https:\\\/\\\/www.bellunopress.it\\\/#\\\/schema\\\/person\\\/79bb06722b37ece1c03d3e94beb30d73\"},\"headline\":\"Associazione docenti CNDDU. Dai graffiti del Liceo Galilei alla violenza in centro: il grido inascoltato di una generazione\",\"datePublished\":\"2026-06-10T04:16:44+00:00\",\"mainEntityOfPage\":{\"@id\":\"https:\\\/\\\/www.bellunopress.it\\\/2026\\\/06\\\/10\\\/associazione-docenti-cnddu-dai-graffiti-del-liceo-galilei-alla-violenza-in-centro-il-grido-inascoltato-di-una-generazione\\\/\"},\"wordCount\":740,\"publisher\":{\"@id\":\"https:\\\/\\\/www.bellunopress.it\\\/#organization\"},\"image\":{\"@id\":\"https:\\\/\\\/www.bellunopress.it\\\/2026\\\/06\\\/10\\\/associazione-docenti-cnddu-dai-graffiti-del-liceo-galilei-alla-violenza-in-centro-il-grido-inascoltato-di-una-generazione\\\/#primaryimage\"},\"thumbnailUrl\":\"https:\\\/\\\/www.bellunopress.it\\\/wp-content\\\/uploads\\\/2026\\\/04\\\/prof.-Romano-Pesavento-presidente-CNDDU.jpg\",\"articleSection\":[\"Prima Pagina\",\"Scuola\"],\"inLanguage\":\"fr-FR\"},{\"@type\":\"WebPage\",\"@id\":\"https:\\\/\\\/www.bellunopress.it\\\/2026\\\/06\\\/10\\\/associazione-docenti-cnddu-dai-graffiti-del-liceo-galilei-alla-violenza-in-centro-il-grido-inascoltato-di-una-generazione\\\/\",\"url\":\"https:\\\/\\\/www.bellunopress.it\\\/2026\\\/06\\\/10\\\/associazione-docenti-cnddu-dai-graffiti-del-liceo-galilei-alla-violenza-in-centro-il-grido-inascoltato-di-una-generazione\\\/\",\"name\":\"Associazione docenti CNDDU. Dai graffiti del Liceo Galilei alla violenza in centro: il grido inascoltato di una generazione - Bellunopress - Dolomiti\",\"isPartOf\":{\"@id\":\"https:\\\/\\\/www.bellunopress.it\\\/#website\"},\"primaryImageOfPage\":{\"@id\":\"https:\\\/\\\/www.bellunopress.it\\\/2026\\\/06\\\/10\\\/associazione-docenti-cnddu-dai-graffiti-del-liceo-galilei-alla-violenza-in-centro-il-grido-inascoltato-di-una-generazione\\\/#primaryimage\"},\"image\":{\"@id\":\"https:\\\/\\\/www.bellunopress.it\\\/2026\\\/06\\\/10\\\/associazione-docenti-cnddu-dai-graffiti-del-liceo-galilei-alla-violenza-in-centro-il-grido-inascoltato-di-una-generazione\\\/#primaryimage\"},\"thumbnailUrl\":\"https:\\\/\\\/www.bellunopress.it\\\/wp-content\\\/uploads\\\/2026\\\/04\\\/prof.-Romano-Pesavento-presidente-CNDDU.jpg\",\"datePublished\":\"2026-06-10T04:16:44+00:00\",\"breadcrumb\":{\"@id\":\"https:\\\/\\\/www.bellunopress.it\\\/2026\\\/06\\\/10\\\/associazione-docenti-cnddu-dai-graffiti-del-liceo-galilei-alla-violenza-in-centro-il-grido-inascoltato-di-una-generazione\\\/#breadcrumb\"},\"inLanguage\":\"fr-FR\",\"potentialAction\":[{\"@type\":\"ReadAction\",\"target\":[\"https:\\\/\\\/www.bellunopress.it\\\/2026\\\/06\\\/10\\\/associazione-docenti-cnddu-dai-graffiti-del-liceo-galilei-alla-violenza-in-centro-il-grido-inascoltato-di-una-generazione\\\/\"]}]},{\"@type\":\"ImageObject\",\"inLanguage\":\"fr-FR\",\"@id\":\"https:\\\/\\\/www.bellunopress.it\\\/2026\\\/06\\\/10\\\/associazione-docenti-cnddu-dai-graffiti-del-liceo-galilei-alla-violenza-in-centro-il-grido-inascoltato-di-una-generazione\\\/#primaryimage\",\"url\":\"https:\\\/\\\/www.bellunopress.it\\\/wp-content\\\/uploads\\\/2026\\\/04\\\/prof.-Romano-Pesavento-presidente-CNDDU.jpg\",\"contentUrl\":\"https:\\\/\\\/www.bellunopress.it\\\/wp-content\\\/uploads\\\/2026\\\/04\\\/prof.-Romano-Pesavento-presidente-CNDDU.jpg\",\"width\":500,\"height\":360,\"caption\":\"Prof. Romano Pesavento - presidente CNDDU\"},{\"@type\":\"BreadcrumbList\",\"@id\":\"https:\\\/\\\/www.bellunopress.it\\\/2026\\\/06\\\/10\\\/associazione-docenti-cnddu-dai-graffiti-del-liceo-galilei-alla-violenza-in-centro-il-grido-inascoltato-di-una-generazione\\\/#breadcrumb\",\"itemListElement\":[{\"@type\":\"ListItem\",\"position\":1,\"name\":\"Home\",\"item\":\"https:\\\/\\\/www.bellunopress.it\\\/\"},{\"@type\":\"ListItem\",\"position\":2,\"name\":\"Associazione docenti CNDDU. Dai graffiti del Liceo Galilei alla violenza in centro: il grido inascoltato di una generazione\"}]},{\"@type\":\"WebSite\",\"@id\":\"https:\\\/\\\/www.bellunopress.it\\\/#website\",\"url\":\"https:\\\/\\\/www.bellunopress.it\\\/\",\"name\":\"Bellunopress - Dolomiti\",\"description\":\"e-mail: redazione@bellunopress.it\",\"publisher\":{\"@id\":\"https:\\\/\\\/www.bellunopress.it\\\/#organization\"},\"potentialAction\":[{\"@type\":\"SearchAction\",\"target\":{\"@type\":\"EntryPoint\",\"urlTemplate\":\"https:\\\/\\\/www.bellunopress.it\\\/?s={search_term_string}\"},\"query-input\":{\"@type\":\"PropertyValueSpecification\",\"valueRequired\":true,\"valueName\":\"search_term_string\"}}],\"inLanguage\":\"fr-FR\"},{\"@type\":\"Organization\",\"@id\":\"https:\\\/\\\/www.bellunopress.it\\\/#organization\",\"name\":\"Bellunopress\",\"url\":\"https:\\\/\\\/www.bellunopress.it\\\/\",\"logo\":{\"@type\":\"ImageObject\",\"inLanguage\":\"fr-FR\",\"@id\":\"https:\\\/\\\/www.bellunopress.it\\\/#\\\/schema\\\/logo\\\/image\\\/\",\"url\":\"https:\\\/\\\/www.bellunopress.it\\\/wp-content\\\/uploads\\\/2011\\\/05\\\/cropped-logo-bellunopress-.jpg\",\"contentUrl\":\"https:\\\/\\\/www.bellunopress.it\\\/wp-content\\\/uploads\\\/2011\\\/05\\\/cropped-logo-bellunopress-.jpg\",\"width\":512,\"height\":512,\"caption\":\"Bellunopress\"},\"image\":{\"@id\":\"https:\\\/\\\/www.bellunopress.it\\\/#\\\/schema\\\/logo\\\/image\\\/\"},\"sameAs\":[\"https:\\\/\\\/www.facebook.com\\\/profile.php?id=100008943462799\",\"https:\\\/\\\/x.com\\\/bellunopress\",\"https:\\\/\\\/www.linkedin.com\\\/hp\\\/?dnr=JBzUWaJfMUw8vbXJJ2tVW5-I3jZKvC4wsoxE&amp;amp;amp;amp;amp;amp;trk=nav_responsive_tab_home\",\"https:\\\/\\\/www.youtube.com\\\/channel\\\/UCxL0wu1uN0_3_7hGG0306cw\"]},{\"@type\":\"Person\",\"@id\":\"https:\\\/\\\/www.bellunopress.it\\\/#\\\/schema\\\/person\\\/79bb06722b37ece1c03d3e94beb30d73\",\"name\":\"redazione\",\"image\":{\"@type\":\"ImageObject\",\"inLanguage\":\"fr-FR\",\"@id\":\"https:\\\/\\\/secure.gravatar.com\\\/avatar\\\/37d968a2e67a6fd04c169c4bdef102d0bc5d31b2546345219e348575eb80e9a0?s=96&d=mm&r=g\",\"url\":\"https:\\\/\\\/secure.gravatar.com\\\/avatar\\\/37d968a2e67a6fd04c169c4bdef102d0bc5d31b2546345219e348575eb80e9a0?s=96&d=mm&r=g\",\"contentUrl\":\"https:\\\/\\\/secure.gravatar.com\\\/avatar\\\/37d968a2e67a6fd04c169c4bdef102d0bc5d31b2546345219e348575eb80e9a0?s=96&d=mm&r=g\",\"caption\":\"redazione\"},\"sameAs\":[\"http:\\\/\\\/www.bellunopress.it\",\"https:\\\/\\\/x.com\\\/bellunopress\"],\"url\":\"https:\\\/\\\/www.bellunopress.it\\\/fr\\\/author\\\/redazione\\\/\"}]}<\/script>\n<!-- \/ Yoast SEO plugin. -->","yoast_head_json":{"title":"Associazione docenti CNDDU. Dai graffiti del Liceo Galilei alla violenza in centro: il grido inascoltato di una generazione - Bellunopress - Dolomiti","robots":{"index":"index","follow":"follow","max-snippet":"max-snippet:-1","max-image-preview":"max-image-preview:large","max-video-preview":"max-video-preview:-1"},"canonical":"https:\/\/www.bellunopress.it\/fr\/2026\/06\/10\/associazione-docenti-cnddu-dai-graffiti-del-liceo-galilei-alla-violenza-in-centro-il-grido-inascoltato-di-una-generazione\/","og_locale":"fr_FR","og_type":"article","og_title":"Associazione docenti CNDDU. Dai graffiti del Liceo Galilei alla violenza in centro: il grido inascoltato di una generazione - Bellunopress - Dolomiti","og_description":"Il Coordinamento Nazionale Docenti della disciplina dei Diritti Umani esprime profonda attenzione e sincera preoccupazione per quanto emerso a Belluno, dove il recente episodio dei graffiti comparsi presso il Liceo Galilei, accompagnati da una lettera di denuncia sul disagio vissuto da molti studenti, si intreccia con altri gravi fatti di cronaca che coinvolgono giovani protagonisti [&hellip;]","og_url":"https:\/\/www.bellunopress.it\/fr\/2026\/06\/10\/associazione-docenti-cnddu-dai-graffiti-del-liceo-galilei-alla-violenza-in-centro-il-grido-inascoltato-di-una-generazione\/","og_site_name":"Bellunopress - Dolomiti","article_publisher":"https:\/\/www.facebook.com\/profile.php?id=100008943462799","article_published_time":"2026-06-10T04:16:44+00:00","og_image":[{"width":500,"height":360,"url":"https:\/\/www.bellunopress.it\/wp-content\/uploads\/2026\/04\/prof.-Romano-Pesavento-presidente-CNDDU.jpg","type":"image\/jpeg"}],"author":"redazione","twitter_card":"summary_large_image","twitter_creator":"@bellunopress","twitter_site":"@bellunopress","twitter_misc":{"\u00c9crit par":"redazione","Dur\u00e9e de lecture estim\u00e9e":"4 minutes"},"schema":{"@context":"https:\/\/schema.org","@graph":[{"@type":"Article","@id":"https:\/\/www.bellunopress.it\/2026\/06\/10\/associazione-docenti-cnddu-dai-graffiti-del-liceo-galilei-alla-violenza-in-centro-il-grido-inascoltato-di-una-generazione\/#article","isPartOf":{"@id":"https:\/\/www.bellunopress.it\/2026\/06\/10\/associazione-docenti-cnddu-dai-graffiti-del-liceo-galilei-alla-violenza-in-centro-il-grido-inascoltato-di-una-generazione\/"},"author":{"name":"redazione","@id":"https:\/\/www.bellunopress.it\/#\/schema\/person\/79bb06722b37ece1c03d3e94beb30d73"},"headline":"Associazione docenti CNDDU. Dai graffiti del Liceo Galilei alla violenza in centro: il grido inascoltato di una generazione","datePublished":"2026-06-10T04:16:44+00:00","mainEntityOfPage":{"@id":"https:\/\/www.bellunopress.it\/2026\/06\/10\/associazione-docenti-cnddu-dai-graffiti-del-liceo-galilei-alla-violenza-in-centro-il-grido-inascoltato-di-una-generazione\/"},"wordCount":740,"publisher":{"@id":"https:\/\/www.bellunopress.it\/#organization"},"image":{"@id":"https:\/\/www.bellunopress.it\/2026\/06\/10\/associazione-docenti-cnddu-dai-graffiti-del-liceo-galilei-alla-violenza-in-centro-il-grido-inascoltato-di-una-generazione\/#primaryimage"},"thumbnailUrl":"https:\/\/www.bellunopress.it\/wp-content\/uploads\/2026\/04\/prof.-Romano-Pesavento-presidente-CNDDU.jpg","articleSection":["Prima Pagina","Scuola"],"inLanguage":"fr-FR"},{"@type":"WebPage","@id":"https:\/\/www.bellunopress.it\/2026\/06\/10\/associazione-docenti-cnddu-dai-graffiti-del-liceo-galilei-alla-violenza-in-centro-il-grido-inascoltato-di-una-generazione\/","url":"https:\/\/www.bellunopress.it\/2026\/06\/10\/associazione-docenti-cnddu-dai-graffiti-del-liceo-galilei-alla-violenza-in-centro-il-grido-inascoltato-di-una-generazione\/","name":"Associazione docenti CNDDU. Dai graffiti del Liceo Galilei alla violenza in centro: il grido inascoltato di una generazione - Bellunopress - Dolomiti","isPartOf":{"@id":"https:\/\/www.bellunopress.it\/#website"},"primaryImageOfPage":{"@id":"https:\/\/www.bellunopress.it\/2026\/06\/10\/associazione-docenti-cnddu-dai-graffiti-del-liceo-galilei-alla-violenza-in-centro-il-grido-inascoltato-di-una-generazione\/#primaryimage"},"image":{"@id":"https:\/\/www.bellunopress.it\/2026\/06\/10\/associazione-docenti-cnddu-dai-graffiti-del-liceo-galilei-alla-violenza-in-centro-il-grido-inascoltato-di-una-generazione\/#primaryimage"},"thumbnailUrl":"https:\/\/www.bellunopress.it\/wp-content\/uploads\/2026\/04\/prof.-Romano-Pesavento-presidente-CNDDU.jpg","datePublished":"2026-06-10T04:16:44+00:00","breadcrumb":{"@id":"https:\/\/www.bellunopress.it\/2026\/06\/10\/associazione-docenti-cnddu-dai-graffiti-del-liceo-galilei-alla-violenza-in-centro-il-grido-inascoltato-di-una-generazione\/#breadcrumb"},"inLanguage":"fr-FR","potentialAction":[{"@type":"ReadAction","target":["https:\/\/www.bellunopress.it\/2026\/06\/10\/associazione-docenti-cnddu-dai-graffiti-del-liceo-galilei-alla-violenza-in-centro-il-grido-inascoltato-di-una-generazione\/"]}]},{"@type":"ImageObject","inLanguage":"fr-FR","@id":"https:\/\/www.bellunopress.it\/2026\/06\/10\/associazione-docenti-cnddu-dai-graffiti-del-liceo-galilei-alla-violenza-in-centro-il-grido-inascoltato-di-una-generazione\/#primaryimage","url":"https:\/\/www.bellunopress.it\/wp-content\/uploads\/2026\/04\/prof.-Romano-Pesavento-presidente-CNDDU.jpg","contentUrl":"https:\/\/www.bellunopress.it\/wp-content\/uploads\/2026\/04\/prof.-Romano-Pesavento-presidente-CNDDU.jpg","width":500,"height":360,"caption":"Prof. Romano Pesavento - presidente CNDDU"},{"@type":"BreadcrumbList","@id":"https:\/\/www.bellunopress.it\/2026\/06\/10\/associazione-docenti-cnddu-dai-graffiti-del-liceo-galilei-alla-violenza-in-centro-il-grido-inascoltato-di-una-generazione\/#breadcrumb","itemListElement":[{"@type":"ListItem","position":1,"name":"Home","item":"https:\/\/www.bellunopress.it\/"},{"@type":"ListItem","position":2,"name":"Associazione docenti CNDDU. Dai graffiti del Liceo Galilei alla violenza in centro: il grido inascoltato di una generazione"}]},{"@type":"WebSite","@id":"https:\/\/www.bellunopress.it\/#website","url":"https:\/\/www.bellunopress.it\/","name":"Bellunopress - Dolomiti","description":"e-mail: redazione@bellunopress.it","publisher":{"@id":"https:\/\/www.bellunopress.it\/#organization"},"potentialAction":[{"@type":"SearchAction","target":{"@type":"EntryPoint","urlTemplate":"https:\/\/www.bellunopress.it\/?s={search_term_string}"},"query-input":{"@type":"PropertyValueSpecification","valueRequired":true,"valueName":"search_term_string"}}],"inLanguage":"fr-FR"},{"@type":"Organization","@id":"https:\/\/www.bellunopress.it\/#organization","name":"Bellunopress","url":"https:\/\/www.bellunopress.it\/","logo":{"@type":"ImageObject","inLanguage":"fr-FR","@id":"https:\/\/www.bellunopress.it\/#\/schema\/logo\/image\/","url":"https:\/\/www.bellunopress.it\/wp-content\/uploads\/2011\/05\/cropped-logo-bellunopress-.jpg","contentUrl":"https:\/\/www.bellunopress.it\/wp-content\/uploads\/2011\/05\/cropped-logo-bellunopress-.jpg","width":512,"height":512,"caption":"Bellunopress"},"image":{"@id":"https:\/\/www.bellunopress.it\/#\/schema\/logo\/image\/"},"sameAs":["https:\/\/www.facebook.com\/profile.php?id=100008943462799","https:\/\/x.com\/bellunopress","https:\/\/www.linkedin.com\/hp\/?dnr=JBzUWaJfMUw8vbXJJ2tVW5-I3jZKvC4wsoxE&amp;amp;amp;amp;amp;amp;trk=nav_responsive_tab_home","https:\/\/www.youtube.com\/channel\/UCxL0wu1uN0_3_7hGG0306cw"]},{"@type":"Person","@id":"https:\/\/www.bellunopress.it\/#\/schema\/person\/79bb06722b37ece1c03d3e94beb30d73","name":"r\u00e9daction","image":{"@type":"ImageObject","inLanguage":"fr-FR","@id":"https:\/\/secure.gravatar.com\/avatar\/37d968a2e67a6fd04c169c4bdef102d0bc5d31b2546345219e348575eb80e9a0?s=96&d=mm&r=g","url":"https:\/\/secure.gravatar.com\/avatar\/37d968a2e67a6fd04c169c4bdef102d0bc5d31b2546345219e348575eb80e9a0?s=96&d=mm&r=g","contentUrl":"https:\/\/secure.gravatar.com\/avatar\/37d968a2e67a6fd04c169c4bdef102d0bc5d31b2546345219e348575eb80e9a0?s=96&d=mm&r=g","caption":"redazione"},"sameAs":["http:\/\/www.bellunopress.it","https:\/\/x.com\/bellunopress"],"url":"https:\/\/www.bellunopress.it\/fr\/author\/redazione\/"}]}},"_links":{"self":[{"href":"https:\/\/www.bellunopress.it\/fr\/wp-json\/wp\/v2\/posts\/170848","targetHints":{"allow":["GET"]}}],"collection":[{"href":"https:\/\/www.bellunopress.it\/fr\/wp-json\/wp\/v2\/posts"}],"about":[{"href":"https:\/\/www.bellunopress.it\/fr\/wp-json\/wp\/v2\/types\/post"}],"author":[{"embeddable":true,"href":"https:\/\/www.bellunopress.it\/fr\/wp-json\/wp\/v2\/users\/2"}],"replies":[{"embeddable":true,"href":"https:\/\/www.bellunopress.it\/fr\/wp-json\/wp\/v2\/comments?post=170848"}],"version-history":[{"count":1,"href":"https:\/\/www.bellunopress.it\/fr\/wp-json\/wp\/v2\/posts\/170848\/revisions"}],"predecessor-version":[{"id":170849,"href":"https:\/\/www.bellunopress.it\/fr\/wp-json\/wp\/v2\/posts\/170848\/revisions\/170849"}],"wp:featuredmedia":[{"embeddable":true,"href":"https:\/\/www.bellunopress.it\/fr\/wp-json\/wp\/v2\/media\/168764"}],"wp:attachment":[{"href":"https:\/\/www.bellunopress.it\/fr\/wp-json\/wp\/v2\/media?parent=170848"}],"wp:term":[{"taxonomy":"category","embeddable":true,"href":"https:\/\/www.bellunopress.it\/fr\/wp-json\/wp\/v2\/categories?post=170848"},{"taxonomy":"post_tag","embeddable":true,"href":"https:\/\/www.bellunopress.it\/fr\/wp-json\/wp\/v2\/tags?post=170848"}],"curies":[{"name":"wp","href":"https:\/\/api.w.org\/{rel}","templated":true}]}}