{"id":170841,"date":"2026-06-09T18:18:53","date_gmt":"2026-06-09T16:18:53","guid":{"rendered":"https:\/\/www.bellunopress.it\/?p=170841"},"modified":"2026-06-09T18:19:51","modified_gmt":"2026-06-09T16:19:51","slug":"semplificazione-della-vas-via-libera-dalla-giunta-veneta","status":"publish","type":"post","link":"https:\/\/www.bellunopress.it\/fr\/2026\/06\/09\/semplificazione-della-vas-via-libera-dalla-giunta-veneta\/","title":{"rendered":"Semplificazione della Vas. Via libera dalla giunta veneta"},"content":{"rendered":"<p><strong>Elisa Venturini: &#8220;Si eliminano duplicazioni e si accelerano i cantieri, mantenendo intatti i presidi di tutela ambientale&#8221;<\/strong><\/p>\n<p>Venezia, 9 giugno 2026 &#8211;\u00a0\u00a0La semplificazione della VAS (Valutazione Ambientale Strategica) in Veneto \u00e8 ufficialmente realt\u00e0. Dopo il primo via libera in Seconda Commissione consiliare, il provvedimento ha completato il suo iter con l\u2019approvazione finale da parte della Giunta regionale. Diventa cos\u00ec operativa una svolta cruciale che alleggerisce la burocrazia, taglia i costi e accorcia drasticamente i tempi di attuazione delle opere a beneficio diretto di famiglie, professionisti e imprese del territorio. Si tratta di una riforma che circoscrive la VAS al suo ambito naturale, ovvero quello strategico su ampia scala, eliminando i passaggi ripetitivi sui singoli progetti.<\/p>\n<p>\u201cUna semplificazione concreta che accelera i tempi, riduce i costi e mantiene intatti i controlli ambientali\u201d, commenta l\u2019assessore regionale all\u2019Ambiente del Veneto, Elisa Venturini. Il via libera definitivo della Giunta non nasce da un&#8217;intuizione astratta, ma si basa su un&#8217;analisi sistematica di oltre 300 istanze d&#8217;ufficio che hanno dimostrato come l&#8217;attuale sistema generasse solo inutili e costose duplicazioni\u201d. \u201cFino ad oggi \u2013 spiega l\u2019assessore Venturini \u2013 la procedura di VAS veniva richiesta sia per il PAT, il Piano di Assetto del Territorio, sia per il Piano degli Interventi e successivamente anche per i singoli piani attuativi che danno concreta esecuzione a quanto gi\u00e0 previsto dagli strumenti urbanistici comunali. Con questa modifica la valutazione ambientale continuer\u00e0 ad essere effettuata sugli strumenti generali di pianificazione, ma non sar\u00e0 pi\u00f9 necessaria sugli strumenti attuativi che ne rappresentano soltanto l\u2019applicazione concreta ad eccezione di quelli che andranno in variante\u201d.<\/p>\n<p>Cosa cambia concretamente: un esempio pratico<\/p>\n<p>Con questa delibera, che aggiorna l&#8217;articolo 5 del Regolamento regionale n. 3\/2025, la valutazione ambientale continuer\u00e0 a essere effettuata a monte sugli strumenti generali di pianificazione, ma viene totalmente esclusa per tutti gli strumenti attuativi e le loro varianti, a prescindere dalla destinazione d\u2019uso e dalla dimensione territoriale, a patto che il piano principale sia gi\u00e0 stato promosso.<\/p>\n<p>Per capire l&#8217;impatto reale di questa misura si pu\u00f2 pensare al caso concreto di un&#8217;impresa edile o di un gruppo di proprietari che intende realizzare un nuovo palazzo residenziale in un\u2019area di espansione della citt\u00e0 gi\u00e0 prevista dal piano comunale. In passato, anche se l&#8217;intero quartiere era gi\u00e0 stato promosso a monte dalla VAS generale, per poter costruire il palazzo era necessario presentare un piano urbanistico attuativo e sottoporlo a una nuova e autonoma procedura di VAS. Questo costringeva i privati ad attendere oltre 150 giorni solo per l&#8217;istruttoria ambientale e a spendere diverse migliaia di euro in studi tecnici integrativi per un&#8217;area la cui idoneit\u00e0 ambientale era gi\u00e0 stata dichiarata dal Comune. Da oggi, grazie alla delibera della Giunta, questo secondo passaggio \u00e8 azzerato: per la costruzione del palazzo si pu\u00f2 procedere direttamente con la progettazione e la richiesta del permesso di costruire, risparmiando mesi di attesa e ingenti risorse economiche.<\/p>\n<p>I vantaggi per il territorio e la coerenza con le norme nazionali<\/p>\n<p>Il cambiamento consentir\u00e0 un alleggerimento significativo delle procedure senza ridurre le garanzie ambientali. \u201cIl controllo resta pienamente garantito \u2013 sottolinea Venturini \u2013 perch\u00e9 la valutazione viene fatta a monte, sui piani generali e a valle con i permessi di costruire. Eliminare la duplicazione della VAS sui piani attuativi significa evitare passaggi inutili che rallentavano opere e interventi gi\u00e0 coerenti con quanto approvato. Una procedura di VAS pu\u00f2 richiedere anche oltre 150 giorni di istruttoria e comportare spese di diverse migliaia di euro. Ridurre questi adempimenti significa aiutare concretamente cittadini, imprese e Comuni, accelerando gli interventi e riducendo la burocrazia. La proposta approvata dalla Giunta \u00e8 tecnicamente matura, giuridicamente solida e coerente con il Codice dell&#8217;Ambiente, il quale stabilisce che la valutazione di strumenti attuativi derivanti da piani gi\u00e0 promossi si deve limitare ai soli effetti significativi non precedentemente considerati&#8221;.<\/p>\n<p>\u201cQuesta modifica \u2013 aggiunge l\u2019assessore regionale \u2013 \u00e8 pienamente in linea con la normativa nazionale e va nella direzione indicata anche dal legislatore statale: semplificare e sburocratizzare la pubblica amministrazione, eliminando duplicazioni e appesantimenti che non producono maggiori tutele ma solo ritardi. \u00c8 un provvedimento di buon senso che rende il Veneto pi\u00f9 efficiente e competitivo, mantenendo alta l\u2019attenzione sulla tutela ambientale ma eliminando inutili sovrapposizioni amministrative\u201d.<\/p>\n<p>&nbsp;<\/p>","protected":false},"excerpt":{"rendered":"<p>Elisa Venturini: &#8220;Si eliminano duplicazioni e si accelerano i cantieri, mantenendo intatti i presidi di tutela ambientale&#8221; Venezia, 9 giugno 2026 &#8211;\u00a0\u00a0La semplificazione della VAS (Valutazione Ambientale Strategica) in Veneto \u00e8 ufficialmente realt\u00e0. Dopo il primo via libera in Seconda Commissione consiliare, il provvedimento ha completato il suo iter con l\u2019approvazione finale da parte della [&hellip;]<\/p>\n","protected":false},"author":2,"featured_media":129332,"comment_status":"closed","ping_status":"open","sticky":false,"template":"","format":"standard","meta":{"footnotes":""},"categories":[5],"tags":[],"class_list":["post-170841","post","type-post","status-publish","format-standard","has-post-thumbnail","category-cronaca"],"yoast_head":"<!-- This site is optimized with the Yoast SEO plugin v28.4 - https:\/\/yoast.com\/product\/yoast-seo-wordpress\/ -->\n<title>Semplificazione della Vas. Via libera dalla giunta veneta - Bellunopress - Dolomiti<\/title>\n<meta name=\"robots\" content=\"index, follow, max-snippet:-1, max-image-preview:large, max-video-preview:-1\" \/>\n<link rel=\"canonical\" href=\"https:\/\/www.bellunopress.it\/fr\/2026\/06\/09\/semplificazione-della-vas-via-libera-dalla-giunta-veneta\/\" \/>\n<meta property=\"og:locale\" content=\"fr_FR\" \/>\n<meta property=\"og:type\" content=\"article\" \/>\n<meta property=\"og:title\" content=\"Semplificazione della Vas. Via libera dalla giunta veneta - Bellunopress - Dolomiti\" \/>\n<meta property=\"og:description\" content=\"Elisa Venturini: &#8220;Si eliminano duplicazioni e si accelerano i cantieri, mantenendo intatti i presidi di tutela ambientale&#8221; Venezia, 9 giugno 2026 &#8211;\u00a0\u00a0La semplificazione della VAS (Valutazione Ambientale Strategica) in Veneto \u00e8 ufficialmente realt\u00e0. Dopo il primo via libera in Seconda Commissione consiliare, il provvedimento ha completato il suo iter con l\u2019approvazione finale da parte della [&hellip;]\" \/>\n<meta property=\"og:url\" content=\"https:\/\/www.bellunopress.it\/fr\/2026\/06\/09\/semplificazione-della-vas-via-libera-dalla-giunta-veneta\/\" \/>\n<meta property=\"og:site_name\" content=\"Bellunopress - Dolomiti\" \/>\n<meta property=\"article:publisher\" content=\"https:\/\/www.facebook.com\/profile.php?id=100008943462799\" \/>\n<meta property=\"article:published_time\" content=\"2026-06-09T16:18:53+00:00\" \/>\n<meta property=\"article:modified_time\" content=\"2026-06-09T16:19:51+00:00\" \/>\n<meta property=\"og:image\" content=\"https:\/\/www.bellunopress.it\/wp-content\/uploads\/2021\/11\/Elisa-Venturini_edited.jpg\" \/>\n\t<meta property=\"og:image:width\" content=\"413\" \/>\n\t<meta property=\"og:image:height\" content=\"598\" \/>\n\t<meta property=\"og:image:type\" content=\"image\/jpeg\" \/>\n<meta name=\"author\" content=\"redazione\" \/>\n<meta name=\"twitter:card\" content=\"summary_large_image\" \/>\n<meta name=\"twitter:creator\" content=\"@bellunopress\" \/>\n<meta name=\"twitter:site\" content=\"@bellunopress\" \/>\n<meta name=\"twitter:label1\" content=\"\u00c9crit par\" \/>\n\t<meta name=\"twitter:data1\" content=\"redazione\" \/>\n\t<meta name=\"twitter:label2\" content=\"Dur\u00e9e de lecture estim\u00e9e\" \/>\n\t<meta name=\"twitter:data2\" content=\"4 minutes\" \/>\n<script type=\"application\/ld+json\" class=\"yoast-schema-graph\">{\"@context\":\"https:\\\/\\\/schema.org\",\"@graph\":[{\"@type\":\"Article\",\"@id\":\"https:\\\/\\\/www.bellunopress.it\\\/2026\\\/06\\\/09\\\/semplificazione-della-vas-via-libera-dalla-giunta-veneta\\\/#article\",\"isPartOf\":{\"@id\":\"https:\\\/\\\/www.bellunopress.it\\\/2026\\\/06\\\/09\\\/semplificazione-della-vas-via-libera-dalla-giunta-veneta\\\/\"},\"author\":{\"name\":\"redazione\",\"@id\":\"https:\\\/\\\/www.bellunopress.it\\\/#\\\/schema\\\/person\\\/79bb06722b37ece1c03d3e94beb30d73\"},\"headline\":\"Semplificazione della Vas. Via libera dalla giunta veneta\",\"datePublished\":\"2026-06-09T16:18:53+00:00\",\"dateModified\":\"2026-06-09T16:19:51+00:00\",\"mainEntityOfPage\":{\"@id\":\"https:\\\/\\\/www.bellunopress.it\\\/2026\\\/06\\\/09\\\/semplificazione-della-vas-via-libera-dalla-giunta-veneta\\\/\"},\"wordCount\":706,\"publisher\":{\"@id\":\"https:\\\/\\\/www.bellunopress.it\\\/#organization\"},\"image\":{\"@id\":\"https:\\\/\\\/www.bellunopress.it\\\/2026\\\/06\\\/09\\\/semplificazione-della-vas-via-libera-dalla-giunta-veneta\\\/#primaryimage\"},\"thumbnailUrl\":\"https:\\\/\\\/www.bellunopress.it\\\/wp-content\\\/uploads\\\/2021\\\/11\\\/Elisa-Venturini_edited.jpg\",\"articleSection\":[\"Cronaca\\\/Politica\"],\"inLanguage\":\"fr-FR\"},{\"@type\":\"WebPage\",\"@id\":\"https:\\\/\\\/www.bellunopress.it\\\/2026\\\/06\\\/09\\\/semplificazione-della-vas-via-libera-dalla-giunta-veneta\\\/\",\"url\":\"https:\\\/\\\/www.bellunopress.it\\\/2026\\\/06\\\/09\\\/semplificazione-della-vas-via-libera-dalla-giunta-veneta\\\/\",\"name\":\"Semplificazione della Vas. Via libera dalla giunta veneta - Bellunopress - Dolomiti\",\"isPartOf\":{\"@id\":\"https:\\\/\\\/www.bellunopress.it\\\/#website\"},\"primaryImageOfPage\":{\"@id\":\"https:\\\/\\\/www.bellunopress.it\\\/2026\\\/06\\\/09\\\/semplificazione-della-vas-via-libera-dalla-giunta-veneta\\\/#primaryimage\"},\"image\":{\"@id\":\"https:\\\/\\\/www.bellunopress.it\\\/2026\\\/06\\\/09\\\/semplificazione-della-vas-via-libera-dalla-giunta-veneta\\\/#primaryimage\"},\"thumbnailUrl\":\"https:\\\/\\\/www.bellunopress.it\\\/wp-content\\\/uploads\\\/2021\\\/11\\\/Elisa-Venturini_edited.jpg\",\"datePublished\":\"2026-06-09T16:18:53+00:00\",\"dateModified\":\"2026-06-09T16:19:51+00:00\",\"breadcrumb\":{\"@id\":\"https:\\\/\\\/www.bellunopress.it\\\/2026\\\/06\\\/09\\\/semplificazione-della-vas-via-libera-dalla-giunta-veneta\\\/#breadcrumb\"},\"inLanguage\":\"fr-FR\",\"potentialAction\":[{\"@type\":\"ReadAction\",\"target\":[\"https:\\\/\\\/www.bellunopress.it\\\/2026\\\/06\\\/09\\\/semplificazione-della-vas-via-libera-dalla-giunta-veneta\\\/\"]}]},{\"@type\":\"ImageObject\",\"inLanguage\":\"fr-FR\",\"@id\":\"https:\\\/\\\/www.bellunopress.it\\\/2026\\\/06\\\/09\\\/semplificazione-della-vas-via-libera-dalla-giunta-veneta\\\/#primaryimage\",\"url\":\"https:\\\/\\\/www.bellunopress.it\\\/wp-content\\\/uploads\\\/2021\\\/11\\\/Elisa-Venturini_edited.jpg\",\"contentUrl\":\"https:\\\/\\\/www.bellunopress.it\\\/wp-content\\\/uploads\\\/2021\\\/11\\\/Elisa-Venturini_edited.jpg\",\"width\":413,\"height\":598,\"caption\":\"Elisa Venturini - Assessore regionale all'Ambiente e alla Protezione Civile\"},{\"@type\":\"BreadcrumbList\",\"@id\":\"https:\\\/\\\/www.bellunopress.it\\\/2026\\\/06\\\/09\\\/semplificazione-della-vas-via-libera-dalla-giunta-veneta\\\/#breadcrumb\",\"itemListElement\":[{\"@type\":\"ListItem\",\"position\":1,\"name\":\"Home\",\"item\":\"https:\\\/\\\/www.bellunopress.it\\\/\"},{\"@type\":\"ListItem\",\"position\":2,\"name\":\"Semplificazione della Vas. Via libera dalla giunta veneta\"}]},{\"@type\":\"WebSite\",\"@id\":\"https:\\\/\\\/www.bellunopress.it\\\/#website\",\"url\":\"https:\\\/\\\/www.bellunopress.it\\\/\",\"name\":\"Bellunopress - Dolomiti\",\"description\":\"e-mail: redazione@bellunopress.it\",\"publisher\":{\"@id\":\"https:\\\/\\\/www.bellunopress.it\\\/#organization\"},\"potentialAction\":[{\"@type\":\"SearchAction\",\"target\":{\"@type\":\"EntryPoint\",\"urlTemplate\":\"https:\\\/\\\/www.bellunopress.it\\\/?s={search_term_string}\"},\"query-input\":{\"@type\":\"PropertyValueSpecification\",\"valueRequired\":true,\"valueName\":\"search_term_string\"}}],\"inLanguage\":\"fr-FR\"},{\"@type\":\"Organization\",\"@id\":\"https:\\\/\\\/www.bellunopress.it\\\/#organization\",\"name\":\"Bellunopress\",\"url\":\"https:\\\/\\\/www.bellunopress.it\\\/\",\"logo\":{\"@type\":\"ImageObject\",\"inLanguage\":\"fr-FR\",\"@id\":\"https:\\\/\\\/www.bellunopress.it\\\/#\\\/schema\\\/logo\\\/image\\\/\",\"url\":\"https:\\\/\\\/www.bellunopress.it\\\/wp-content\\\/uploads\\\/2011\\\/05\\\/cropped-logo-bellunopress-.jpg\",\"contentUrl\":\"https:\\\/\\\/www.bellunopress.it\\\/wp-content\\\/uploads\\\/2011\\\/05\\\/cropped-logo-bellunopress-.jpg\",\"width\":512,\"height\":512,\"caption\":\"Bellunopress\"},\"image\":{\"@id\":\"https:\\\/\\\/www.bellunopress.it\\\/#\\\/schema\\\/logo\\\/image\\\/\"},\"sameAs\":[\"https:\\\/\\\/www.facebook.com\\\/profile.php?id=100008943462799\",\"https:\\\/\\\/x.com\\\/bellunopress\",\"https:\\\/\\\/www.linkedin.com\\\/hp\\\/?dnr=JBzUWaJfMUw8vbXJJ2tVW5-I3jZKvC4wsoxE&amp;amp;amp;amp;amp;amp;trk=nav_responsive_tab_home\",\"https:\\\/\\\/www.youtube.com\\\/channel\\\/UCxL0wu1uN0_3_7hGG0306cw\"]},{\"@type\":\"Person\",\"@id\":\"https:\\\/\\\/www.bellunopress.it\\\/#\\\/schema\\\/person\\\/79bb06722b37ece1c03d3e94beb30d73\",\"name\":\"redazione\",\"image\":{\"@type\":\"ImageObject\",\"inLanguage\":\"fr-FR\",\"@id\":\"https:\\\/\\\/secure.gravatar.com\\\/avatar\\\/37d968a2e67a6fd04c169c4bdef102d0bc5d31b2546345219e348575eb80e9a0?s=96&d=mm&r=g\",\"url\":\"https:\\\/\\\/secure.gravatar.com\\\/avatar\\\/37d968a2e67a6fd04c169c4bdef102d0bc5d31b2546345219e348575eb80e9a0?s=96&d=mm&r=g\",\"contentUrl\":\"https:\\\/\\\/secure.gravatar.com\\\/avatar\\\/37d968a2e67a6fd04c169c4bdef102d0bc5d31b2546345219e348575eb80e9a0?s=96&d=mm&r=g\",\"caption\":\"redazione\"},\"sameAs\":[\"http:\\\/\\\/www.bellunopress.it\",\"https:\\\/\\\/x.com\\\/bellunopress\"],\"url\":\"https:\\\/\\\/www.bellunopress.it\\\/fr\\\/author\\\/redazione\\\/\"}]}<\/script>\n<!-- \/ Yoast SEO plugin. -->","yoast_head_json":{"title":"Semplificazione della Vas. Via libera dalla giunta veneta - Bellunopress - Dolomiti","robots":{"index":"index","follow":"follow","max-snippet":"max-snippet:-1","max-image-preview":"max-image-preview:large","max-video-preview":"max-video-preview:-1"},"canonical":"https:\/\/www.bellunopress.it\/fr\/2026\/06\/09\/semplificazione-della-vas-via-libera-dalla-giunta-veneta\/","og_locale":"fr_FR","og_type":"article","og_title":"Semplificazione della Vas. Via libera dalla giunta veneta - Bellunopress - Dolomiti","og_description":"Elisa Venturini: &#8220;Si eliminano duplicazioni e si accelerano i cantieri, mantenendo intatti i presidi di tutela ambientale&#8221; Venezia, 9 giugno 2026 &#8211;\u00a0\u00a0La semplificazione della VAS (Valutazione Ambientale Strategica) in Veneto \u00e8 ufficialmente realt\u00e0. Dopo il primo via libera in Seconda Commissione consiliare, il provvedimento ha completato il suo iter con l\u2019approvazione finale da parte della [&hellip;]","og_url":"https:\/\/www.bellunopress.it\/fr\/2026\/06\/09\/semplificazione-della-vas-via-libera-dalla-giunta-veneta\/","og_site_name":"Bellunopress - Dolomiti","article_publisher":"https:\/\/www.facebook.com\/profile.php?id=100008943462799","article_published_time":"2026-06-09T16:18:53+00:00","article_modified_time":"2026-06-09T16:19:51+00:00","og_image":[{"width":413,"height":598,"url":"https:\/\/www.bellunopress.it\/wp-content\/uploads\/2021\/11\/Elisa-Venturini_edited.jpg","type":"image\/jpeg"}],"author":"redazione","twitter_card":"summary_large_image","twitter_creator":"@bellunopress","twitter_site":"@bellunopress","twitter_misc":{"\u00c9crit par":"redazione","Dur\u00e9e de lecture estim\u00e9e":"4 minutes"},"schema":{"@context":"https:\/\/schema.org","@graph":[{"@type":"Article","@id":"https:\/\/www.bellunopress.it\/2026\/06\/09\/semplificazione-della-vas-via-libera-dalla-giunta-veneta\/#article","isPartOf":{"@id":"https:\/\/www.bellunopress.it\/2026\/06\/09\/semplificazione-della-vas-via-libera-dalla-giunta-veneta\/"},"author":{"name":"redazione","@id":"https:\/\/www.bellunopress.it\/#\/schema\/person\/79bb06722b37ece1c03d3e94beb30d73"},"headline":"Semplificazione della Vas. Via libera dalla giunta veneta","datePublished":"2026-06-09T16:18:53+00:00","dateModified":"2026-06-09T16:19:51+00:00","mainEntityOfPage":{"@id":"https:\/\/www.bellunopress.it\/2026\/06\/09\/semplificazione-della-vas-via-libera-dalla-giunta-veneta\/"},"wordCount":706,"publisher":{"@id":"https:\/\/www.bellunopress.it\/#organization"},"image":{"@id":"https:\/\/www.bellunopress.it\/2026\/06\/09\/semplificazione-della-vas-via-libera-dalla-giunta-veneta\/#primaryimage"},"thumbnailUrl":"https:\/\/www.bellunopress.it\/wp-content\/uploads\/2021\/11\/Elisa-Venturini_edited.jpg","articleSection":["Cronaca\/Politica"],"inLanguage":"fr-FR"},{"@type":"WebPage","@id":"https:\/\/www.bellunopress.it\/2026\/06\/09\/semplificazione-della-vas-via-libera-dalla-giunta-veneta\/","url":"https:\/\/www.bellunopress.it\/2026\/06\/09\/semplificazione-della-vas-via-libera-dalla-giunta-veneta\/","name":"Semplificazione della Vas. Via libera dalla giunta veneta - Bellunopress - Dolomiti","isPartOf":{"@id":"https:\/\/www.bellunopress.it\/#website"},"primaryImageOfPage":{"@id":"https:\/\/www.bellunopress.it\/2026\/06\/09\/semplificazione-della-vas-via-libera-dalla-giunta-veneta\/#primaryimage"},"image":{"@id":"https:\/\/www.bellunopress.it\/2026\/06\/09\/semplificazione-della-vas-via-libera-dalla-giunta-veneta\/#primaryimage"},"thumbnailUrl":"https:\/\/www.bellunopress.it\/wp-content\/uploads\/2021\/11\/Elisa-Venturini_edited.jpg","datePublished":"2026-06-09T16:18:53+00:00","dateModified":"2026-06-09T16:19:51+00:00","breadcrumb":{"@id":"https:\/\/www.bellunopress.it\/2026\/06\/09\/semplificazione-della-vas-via-libera-dalla-giunta-veneta\/#breadcrumb"},"inLanguage":"fr-FR","potentialAction":[{"@type":"ReadAction","target":["https:\/\/www.bellunopress.it\/2026\/06\/09\/semplificazione-della-vas-via-libera-dalla-giunta-veneta\/"]}]},{"@type":"ImageObject","inLanguage":"fr-FR","@id":"https:\/\/www.bellunopress.it\/2026\/06\/09\/semplificazione-della-vas-via-libera-dalla-giunta-veneta\/#primaryimage","url":"https:\/\/www.bellunopress.it\/wp-content\/uploads\/2021\/11\/Elisa-Venturini_edited.jpg","contentUrl":"https:\/\/www.bellunopress.it\/wp-content\/uploads\/2021\/11\/Elisa-Venturini_edited.jpg","width":413,"height":598,"caption":"Elisa Venturini - Assessore regionale all'Ambiente e alla Protezione Civile"},{"@type":"BreadcrumbList","@id":"https:\/\/www.bellunopress.it\/2026\/06\/09\/semplificazione-della-vas-via-libera-dalla-giunta-veneta\/#breadcrumb","itemListElement":[{"@type":"ListItem","position":1,"name":"Home","item":"https:\/\/www.bellunopress.it\/"},{"@type":"ListItem","position":2,"name":"Semplificazione della Vas. Via libera dalla giunta veneta"}]},{"@type":"WebSite","@id":"https:\/\/www.bellunopress.it\/#website","url":"https:\/\/www.bellunopress.it\/","name":"Bellunopress - Dolomiti","description":"e-mail: redazione@bellunopress.it","publisher":{"@id":"https:\/\/www.bellunopress.it\/#organization"},"potentialAction":[{"@type":"SearchAction","target":{"@type":"EntryPoint","urlTemplate":"https:\/\/www.bellunopress.it\/?s={search_term_string}"},"query-input":{"@type":"PropertyValueSpecification","valueRequired":true,"valueName":"search_term_string"}}],"inLanguage":"fr-FR"},{"@type":"Organization","@id":"https:\/\/www.bellunopress.it\/#organization","name":"Bellunopress","url":"https:\/\/www.bellunopress.it\/","logo":{"@type":"ImageObject","inLanguage":"fr-FR","@id":"https:\/\/www.bellunopress.it\/#\/schema\/logo\/image\/","url":"https:\/\/www.bellunopress.it\/wp-content\/uploads\/2011\/05\/cropped-logo-bellunopress-.jpg","contentUrl":"https:\/\/www.bellunopress.it\/wp-content\/uploads\/2011\/05\/cropped-logo-bellunopress-.jpg","width":512,"height":512,"caption":"Bellunopress"},"image":{"@id":"https:\/\/www.bellunopress.it\/#\/schema\/logo\/image\/"},"sameAs":["https:\/\/www.facebook.com\/profile.php?id=100008943462799","https:\/\/x.com\/bellunopress","https:\/\/www.linkedin.com\/hp\/?dnr=JBzUWaJfMUw8vbXJJ2tVW5-I3jZKvC4wsoxE&amp;amp;amp;amp;amp;amp;trk=nav_responsive_tab_home","https:\/\/www.youtube.com\/channel\/UCxL0wu1uN0_3_7hGG0306cw"]},{"@type":"Person","@id":"https:\/\/www.bellunopress.it\/#\/schema\/person\/79bb06722b37ece1c03d3e94beb30d73","name":"r\u00e9daction","image":{"@type":"ImageObject","inLanguage":"fr-FR","@id":"https:\/\/secure.gravatar.com\/avatar\/37d968a2e67a6fd04c169c4bdef102d0bc5d31b2546345219e348575eb80e9a0?s=96&d=mm&r=g","url":"https:\/\/secure.gravatar.com\/avatar\/37d968a2e67a6fd04c169c4bdef102d0bc5d31b2546345219e348575eb80e9a0?s=96&d=mm&r=g","contentUrl":"https:\/\/secure.gravatar.com\/avatar\/37d968a2e67a6fd04c169c4bdef102d0bc5d31b2546345219e348575eb80e9a0?s=96&d=mm&r=g","caption":"redazione"},"sameAs":["http:\/\/www.bellunopress.it","https:\/\/x.com\/bellunopress"],"url":"https:\/\/www.bellunopress.it\/fr\/author\/redazione\/"}]}},"_links":{"self":[{"href":"https:\/\/www.bellunopress.it\/fr\/wp-json\/wp\/v2\/posts\/170841","targetHints":{"allow":["GET"]}}],"collection":[{"href":"https:\/\/www.bellunopress.it\/fr\/wp-json\/wp\/v2\/posts"}],"about":[{"href":"https:\/\/www.bellunopress.it\/fr\/wp-json\/wp\/v2\/types\/post"}],"author":[{"embeddable":true,"href":"https:\/\/www.bellunopress.it\/fr\/wp-json\/wp\/v2\/users\/2"}],"replies":[{"embeddable":true,"href":"https:\/\/www.bellunopress.it\/fr\/wp-json\/wp\/v2\/comments?post=170841"}],"version-history":[{"count":2,"href":"https:\/\/www.bellunopress.it\/fr\/wp-json\/wp\/v2\/posts\/170841\/revisions"}],"predecessor-version":[{"id":170843,"href":"https:\/\/www.bellunopress.it\/fr\/wp-json\/wp\/v2\/posts\/170841\/revisions\/170843"}],"wp:featuredmedia":[{"embeddable":true,"href":"https:\/\/www.bellunopress.it\/fr\/wp-json\/wp\/v2\/media\/129332"}],"wp:attachment":[{"href":"https:\/\/www.bellunopress.it\/fr\/wp-json\/wp\/v2\/media?parent=170841"}],"wp:term":[{"taxonomy":"category","embeddable":true,"href":"https:\/\/www.bellunopress.it\/fr\/wp-json\/wp\/v2\/categories?post=170841"},{"taxonomy":"post_tag","embeddable":true,"href":"https:\/\/www.bellunopress.it\/fr\/wp-json\/wp\/v2\/tags?post=170841"}],"curies":[{"name":"wp","href":"https:\/\/api.w.org\/{rel}","templated":true}]}}