{"id":170838,"date":"2026-06-09T14:51:05","date_gmt":"2026-06-09T12:51:05","guid":{"rendered":"https:\/\/www.bellunopress.it\/?p=170838"},"modified":"2026-06-09T14:51:05","modified_gmt":"2026-06-09T12:51:05","slug":"edda-negri-mussolini-presenta-il-libro-i-mussolini-dopo-mussolini-a-farra-dalpago","status":"publish","type":"post","link":"https:\/\/www.bellunopress.it\/fr\/2026\/06\/09\/edda-negri-mussolini-presenta-il-libro-i-mussolini-dopo-mussolini-a-farra-dalpago\/","title":{"rendered":"Edda Negri Mussolini presenta il libro &#8220;I Mussolini dopo Mussolini&#8221; a Farra d&#8217;Alpago"},"content":{"rendered":"<p data-path-to-node=\"3\">Farra d&#8217;Alpago \u2013 Un appuntamento letterario di sicuro interesse storico \u00e8 in programma per sabato 13 giugno, alle ore 18.00, nella palestra di Farra d&#8217;Alpago.\u00a0Sar\u00e0 presente, infatti, Edda Negri Mussolini, nipote di Benito Mussolini, che presenter\u00e0 il suo ultimo libro dal titolo:\u00a0 &#8220;I<i data-path-to-node=\"3\" data-index-in-node=\"202\"> Mussolini dopo Mussolini&#8221;<\/i>.<\/p>\n<p data-path-to-node=\"4\">A illustrare l\u2019opera sar\u00e0 la stessa autrice,\u00a0che nel volume ripercorre le vicende, le storie e la memoria privata della sua famiglia nel periodo successivo alla fine dell\u2019era fascista. Il libro si propone di offrire uno sguardo inedito e intimo sul vissuto dei discendenti, indagando su come il peso di un cognome cos\u00ec ingombrante abbia influenzato le vite di chi \u00e8 venuto dopo.<\/p>\n<p data-path-to-node=\"5\">L&#8217;incontro, organizzato dal <i data-path-to-node=\"5\" data-index-in-node=\"28\">Comitato XXVII VI MCMXIV<\/i>, vedr\u00e0 la partecipazione di Edda Negri Mussolini, che dialogher\u00e0 con il pubblico in una conversazione moderata dal giornalista Toni Venturato. Sar\u00e0 l&#8217;occasione per ascoltare testimonianze dirette e riflessioni su un capitolo della storia italiana visto attraverso la lente del vissuto familiare.<\/p>\n<p data-path-to-node=\"6\">Al termine della presentazione, la serata proseguir\u00e0 in un clima conviviale con un rinfresco offerto ai partecipanti, durante il quale sar\u00e0 possibile proseguire il confronto e approfondire i temi trattati.<\/p>\n<p data-path-to-node=\"7\">Un invito rivolto a tutti gli appassionati di storia, curiosi di scoprire un punto di vista originale su uno dei cognomi pi\u00f9 noti del Novecento italiano.<\/p>","protected":false},"excerpt":{"rendered":"<p>Farra d&#8217;Alpago \u2013 Un appuntamento letterario di sicuro interesse storico \u00e8 in programma per sabato 13 giugno, alle ore 18.00, nella palestra di Farra d&#8217;Alpago.\u00a0Sar\u00e0 presente, infatti, Edda Negri Mussolini, nipote di Benito Mussolini, che presenter\u00e0 il suo ultimo libro dal titolo:\u00a0 &#8220;I Mussolini dopo Mussolini&#8221;. A illustrare l\u2019opera sar\u00e0 la stessa autrice,\u00a0che nel volume [&hellip;]<\/p>\n","protected":false},"author":2,"featured_media":170839,"comment_status":"closed","ping_status":"open","sticky":false,"template":"","format":"standard","meta":{"footnotes":""},"categories":[27,25],"tags":[],"class_list":["post-170838","post","type-post","status-publish","format-standard","has-post-thumbnail","category-appuntamenti","category-pausa-caffe"],"yoast_head":"<!-- This site is optimized with the Yoast SEO plugin v28.4 - https:\/\/yoast.com\/product\/yoast-seo-wordpress\/ -->\n<title>Edda Negri Mussolini presenta il libro &quot;I Mussolini dopo Mussolini&quot; a Farra d&#039;Alpago - Bellunopress - Dolomiti<\/title>\n<meta name=\"robots\" content=\"index, follow, max-snippet:-1, max-image-preview:large, max-video-preview:-1\" \/>\n<link rel=\"canonical\" href=\"https:\/\/www.bellunopress.it\/fr\/2026\/06\/09\/edda-negri-mussolini-presenta-il-libro-i-mussolini-dopo-mussolini-a-farra-dalpago\/\" \/>\n<meta property=\"og:locale\" content=\"fr_FR\" \/>\n<meta property=\"og:type\" content=\"article\" \/>\n<meta property=\"og:title\" content=\"Edda Negri Mussolini presenta il libro &quot;I Mussolini dopo Mussolini&quot; a Farra d&#039;Alpago - Bellunopress - Dolomiti\" \/>\n<meta property=\"og:description\" content=\"Farra d&#8217;Alpago \u2013 Un appuntamento letterario di sicuro interesse storico \u00e8 in programma per sabato 13 giugno, alle ore 18.00, nella palestra di Farra d&#8217;Alpago.\u00a0Sar\u00e0 presente, infatti, Edda Negri Mussolini, nipote di Benito Mussolini, che presenter\u00e0 il suo ultimo libro dal titolo:\u00a0 &#8220;I Mussolini dopo Mussolini&#8221;. A illustrare l\u2019opera sar\u00e0 la stessa autrice,\u00a0che nel volume [&hellip;]\" \/>\n<meta property=\"og:url\" content=\"https:\/\/www.bellunopress.it\/fr\/2026\/06\/09\/edda-negri-mussolini-presenta-il-libro-i-mussolini-dopo-mussolini-a-farra-dalpago\/\" \/>\n<meta property=\"og:site_name\" content=\"Bellunopress - Dolomiti\" \/>\n<meta property=\"article:publisher\" content=\"https:\/\/www.facebook.com\/profile.php?id=100008943462799\" \/>\n<meta property=\"article:published_time\" content=\"2026-06-09T12:51:05+00:00\" \/>\n<meta property=\"og:image\" content=\"https:\/\/www.bellunopress.it\/wp-content\/uploads\/2026\/06\/Edda-Negri-Mussolini.jpg\" \/>\n\t<meta property=\"og:image:width\" content=\"353\" \/>\n\t<meta property=\"og:image:height\" content=\"500\" \/>\n\t<meta property=\"og:image:type\" content=\"image\/jpeg\" \/>\n<meta name=\"author\" content=\"redazione\" \/>\n<meta name=\"twitter:card\" content=\"summary_large_image\" \/>\n<meta name=\"twitter:creator\" content=\"@bellunopress\" \/>\n<meta name=\"twitter:site\" content=\"@bellunopress\" \/>\n<meta name=\"twitter:label1\" content=\"\u00c9crit par\" \/>\n\t<meta name=\"twitter:data1\" content=\"redazione\" \/>\n\t<meta name=\"twitter:label2\" content=\"Dur\u00e9e de lecture estim\u00e9e\" \/>\n\t<meta name=\"twitter:data2\" content=\"2 minutes\" \/>\n<script type=\"application\/ld+json\" class=\"yoast-schema-graph\">{\"@context\":\"https:\\\/\\\/schema.org\",\"@graph\":[{\"@type\":\"Article\",\"@id\":\"https:\\\/\\\/www.bellunopress.it\\\/2026\\\/06\\\/09\\\/edda-negri-mussolini-presenta-il-libro-i-mussolini-dopo-mussolini-a-farra-dalpago\\\/#article\",\"isPartOf\":{\"@id\":\"https:\\\/\\\/www.bellunopress.it\\\/2026\\\/06\\\/09\\\/edda-negri-mussolini-presenta-il-libro-i-mussolini-dopo-mussolini-a-farra-dalpago\\\/\"},\"author\":{\"name\":\"redazione\",\"@id\":\"https:\\\/\\\/www.bellunopress.it\\\/#\\\/schema\\\/person\\\/79bb06722b37ece1c03d3e94beb30d73\"},\"headline\":\"Edda Negri Mussolini presenta il libro &#8220;I Mussolini dopo Mussolini&#8221; a Farra d&#8217;Alpago\",\"datePublished\":\"2026-06-09T12:51:05+00:00\",\"mainEntityOfPage\":{\"@id\":\"https:\\\/\\\/www.bellunopress.it\\\/2026\\\/06\\\/09\\\/edda-negri-mussolini-presenta-il-libro-i-mussolini-dopo-mussolini-a-farra-dalpago\\\/\"},\"wordCount\":229,\"publisher\":{\"@id\":\"https:\\\/\\\/www.bellunopress.it\\\/#organization\"},\"image\":{\"@id\":\"https:\\\/\\\/www.bellunopress.it\\\/2026\\\/06\\\/09\\\/edda-negri-mussolini-presenta-il-libro-i-mussolini-dopo-mussolini-a-farra-dalpago\\\/#primaryimage\"},\"thumbnailUrl\":\"https:\\\/\\\/www.bellunopress.it\\\/wp-content\\\/uploads\\\/2026\\\/06\\\/Edda-Negri-Mussolini.jpg\",\"articleSection\":[\"Appuntamenti, Eventi\",\"Pausa Caff\u00e8\"],\"inLanguage\":\"fr-FR\"},{\"@type\":\"WebPage\",\"@id\":\"https:\\\/\\\/www.bellunopress.it\\\/2026\\\/06\\\/09\\\/edda-negri-mussolini-presenta-il-libro-i-mussolini-dopo-mussolini-a-farra-dalpago\\\/\",\"url\":\"https:\\\/\\\/www.bellunopress.it\\\/2026\\\/06\\\/09\\\/edda-negri-mussolini-presenta-il-libro-i-mussolini-dopo-mussolini-a-farra-dalpago\\\/\",\"name\":\"Edda Negri Mussolini presenta il libro \\\"I Mussolini dopo Mussolini\\\" a Farra d'Alpago - Bellunopress - Dolomiti\",\"isPartOf\":{\"@id\":\"https:\\\/\\\/www.bellunopress.it\\\/#website\"},\"primaryImageOfPage\":{\"@id\":\"https:\\\/\\\/www.bellunopress.it\\\/2026\\\/06\\\/09\\\/edda-negri-mussolini-presenta-il-libro-i-mussolini-dopo-mussolini-a-farra-dalpago\\\/#primaryimage\"},\"image\":{\"@id\":\"https:\\\/\\\/www.bellunopress.it\\\/2026\\\/06\\\/09\\\/edda-negri-mussolini-presenta-il-libro-i-mussolini-dopo-mussolini-a-farra-dalpago\\\/#primaryimage\"},\"thumbnailUrl\":\"https:\\\/\\\/www.bellunopress.it\\\/wp-content\\\/uploads\\\/2026\\\/06\\\/Edda-Negri-Mussolini.jpg\",\"datePublished\":\"2026-06-09T12:51:05+00:00\",\"breadcrumb\":{\"@id\":\"https:\\\/\\\/www.bellunopress.it\\\/2026\\\/06\\\/09\\\/edda-negri-mussolini-presenta-il-libro-i-mussolini-dopo-mussolini-a-farra-dalpago\\\/#breadcrumb\"},\"inLanguage\":\"fr-FR\",\"potentialAction\":[{\"@type\":\"ReadAction\",\"target\":[\"https:\\\/\\\/www.bellunopress.it\\\/2026\\\/06\\\/09\\\/edda-negri-mussolini-presenta-il-libro-i-mussolini-dopo-mussolini-a-farra-dalpago\\\/\"]}]},{\"@type\":\"ImageObject\",\"inLanguage\":\"fr-FR\",\"@id\":\"https:\\\/\\\/www.bellunopress.it\\\/2026\\\/06\\\/09\\\/edda-negri-mussolini-presenta-il-libro-i-mussolini-dopo-mussolini-a-farra-dalpago\\\/#primaryimage\",\"url\":\"https:\\\/\\\/www.bellunopress.it\\\/wp-content\\\/uploads\\\/2026\\\/06\\\/Edda-Negri-Mussolini.jpg\",\"contentUrl\":\"https:\\\/\\\/www.bellunopress.it\\\/wp-content\\\/uploads\\\/2026\\\/06\\\/Edda-Negri-Mussolini.jpg\",\"width\":353,\"height\":500},{\"@type\":\"BreadcrumbList\",\"@id\":\"https:\\\/\\\/www.bellunopress.it\\\/2026\\\/06\\\/09\\\/edda-negri-mussolini-presenta-il-libro-i-mussolini-dopo-mussolini-a-farra-dalpago\\\/#breadcrumb\",\"itemListElement\":[{\"@type\":\"ListItem\",\"position\":1,\"name\":\"Home\",\"item\":\"https:\\\/\\\/www.bellunopress.it\\\/\"},{\"@type\":\"ListItem\",\"position\":2,\"name\":\"Edda Negri Mussolini presenta il libro &#8220;I Mussolini dopo Mussolini&#8221; a Farra d&#8217;Alpago\"}]},{\"@type\":\"WebSite\",\"@id\":\"https:\\\/\\\/www.bellunopress.it\\\/#website\",\"url\":\"https:\\\/\\\/www.bellunopress.it\\\/\",\"name\":\"Bellunopress - Dolomiti\",\"description\":\"e-mail: redazione@bellunopress.it\",\"publisher\":{\"@id\":\"https:\\\/\\\/www.bellunopress.it\\\/#organization\"},\"potentialAction\":[{\"@type\":\"SearchAction\",\"target\":{\"@type\":\"EntryPoint\",\"urlTemplate\":\"https:\\\/\\\/www.bellunopress.it\\\/?s={search_term_string}\"},\"query-input\":{\"@type\":\"PropertyValueSpecification\",\"valueRequired\":true,\"valueName\":\"search_term_string\"}}],\"inLanguage\":\"fr-FR\"},{\"@type\":\"Organization\",\"@id\":\"https:\\\/\\\/www.bellunopress.it\\\/#organization\",\"name\":\"Bellunopress\",\"url\":\"https:\\\/\\\/www.bellunopress.it\\\/\",\"logo\":{\"@type\":\"ImageObject\",\"inLanguage\":\"fr-FR\",\"@id\":\"https:\\\/\\\/www.bellunopress.it\\\/#\\\/schema\\\/logo\\\/image\\\/\",\"url\":\"https:\\\/\\\/www.bellunopress.it\\\/wp-content\\\/uploads\\\/2011\\\/05\\\/cropped-logo-bellunopress-.jpg\",\"contentUrl\":\"https:\\\/\\\/www.bellunopress.it\\\/wp-content\\\/uploads\\\/2011\\\/05\\\/cropped-logo-bellunopress-.jpg\",\"width\":512,\"height\":512,\"caption\":\"Bellunopress\"},\"image\":{\"@id\":\"https:\\\/\\\/www.bellunopress.it\\\/#\\\/schema\\\/logo\\\/image\\\/\"},\"sameAs\":[\"https:\\\/\\\/www.facebook.com\\\/profile.php?id=100008943462799\",\"https:\\\/\\\/x.com\\\/bellunopress\",\"https:\\\/\\\/www.linkedin.com\\\/hp\\\/?dnr=JBzUWaJfMUw8vbXJJ2tVW5-I3jZKvC4wsoxE&amp;amp;amp;amp;amp;amp;trk=nav_responsive_tab_home\",\"https:\\\/\\\/www.youtube.com\\\/channel\\\/UCxL0wu1uN0_3_7hGG0306cw\"]},{\"@type\":\"Person\",\"@id\":\"https:\\\/\\\/www.bellunopress.it\\\/#\\\/schema\\\/person\\\/79bb06722b37ece1c03d3e94beb30d73\",\"name\":\"redazione\",\"image\":{\"@type\":\"ImageObject\",\"inLanguage\":\"fr-FR\",\"@id\":\"https:\\\/\\\/secure.gravatar.com\\\/avatar\\\/37d968a2e67a6fd04c169c4bdef102d0bc5d31b2546345219e348575eb80e9a0?s=96&d=mm&r=g\",\"url\":\"https:\\\/\\\/secure.gravatar.com\\\/avatar\\\/37d968a2e67a6fd04c169c4bdef102d0bc5d31b2546345219e348575eb80e9a0?s=96&d=mm&r=g\",\"contentUrl\":\"https:\\\/\\\/secure.gravatar.com\\\/avatar\\\/37d968a2e67a6fd04c169c4bdef102d0bc5d31b2546345219e348575eb80e9a0?s=96&d=mm&r=g\",\"caption\":\"redazione\"},\"sameAs\":[\"http:\\\/\\\/www.bellunopress.it\",\"https:\\\/\\\/x.com\\\/bellunopress\"],\"url\":\"https:\\\/\\\/www.bellunopress.it\\\/fr\\\/author\\\/redazione\\\/\"}]}<\/script>\n<!-- \/ Yoast SEO plugin. -->","yoast_head_json":{"title":"Edda Negri Mussolini presenta il libro \"I Mussolini dopo Mussolini\" a Farra d'Alpago - Bellunopress - Dolomiti","robots":{"index":"index","follow":"follow","max-snippet":"max-snippet:-1","max-image-preview":"max-image-preview:large","max-video-preview":"max-video-preview:-1"},"canonical":"https:\/\/www.bellunopress.it\/fr\/2026\/06\/09\/edda-negri-mussolini-presenta-il-libro-i-mussolini-dopo-mussolini-a-farra-dalpago\/","og_locale":"fr_FR","og_type":"article","og_title":"Edda Negri Mussolini presenta il libro \"I Mussolini dopo Mussolini\" a Farra d'Alpago - Bellunopress - Dolomiti","og_description":"Farra d&#8217;Alpago \u2013 Un appuntamento letterario di sicuro interesse storico \u00e8 in programma per sabato 13 giugno, alle ore 18.00, nella palestra di Farra d&#8217;Alpago.\u00a0Sar\u00e0 presente, infatti, Edda Negri Mussolini, nipote di Benito Mussolini, che presenter\u00e0 il suo ultimo libro dal titolo:\u00a0 &#8220;I Mussolini dopo Mussolini&#8221;. A illustrare l\u2019opera sar\u00e0 la stessa autrice,\u00a0che nel volume [&hellip;]","og_url":"https:\/\/www.bellunopress.it\/fr\/2026\/06\/09\/edda-negri-mussolini-presenta-il-libro-i-mussolini-dopo-mussolini-a-farra-dalpago\/","og_site_name":"Bellunopress - Dolomiti","article_publisher":"https:\/\/www.facebook.com\/profile.php?id=100008943462799","article_published_time":"2026-06-09T12:51:05+00:00","og_image":[{"width":353,"height":500,"url":"https:\/\/www.bellunopress.it\/wp-content\/uploads\/2026\/06\/Edda-Negri-Mussolini.jpg","type":"image\/jpeg"}],"author":"redazione","twitter_card":"summary_large_image","twitter_creator":"@bellunopress","twitter_site":"@bellunopress","twitter_misc":{"\u00c9crit par":"redazione","Dur\u00e9e de lecture estim\u00e9e":"2 minutes"},"schema":{"@context":"https:\/\/schema.org","@graph":[{"@type":"Article","@id":"https:\/\/www.bellunopress.it\/2026\/06\/09\/edda-negri-mussolini-presenta-il-libro-i-mussolini-dopo-mussolini-a-farra-dalpago\/#article","isPartOf":{"@id":"https:\/\/www.bellunopress.it\/2026\/06\/09\/edda-negri-mussolini-presenta-il-libro-i-mussolini-dopo-mussolini-a-farra-dalpago\/"},"author":{"name":"redazione","@id":"https:\/\/www.bellunopress.it\/#\/schema\/person\/79bb06722b37ece1c03d3e94beb30d73"},"headline":"Edda Negri Mussolini presenta il libro &#8220;I Mussolini dopo Mussolini&#8221; a Farra d&#8217;Alpago","datePublished":"2026-06-09T12:51:05+00:00","mainEntityOfPage":{"@id":"https:\/\/www.bellunopress.it\/2026\/06\/09\/edda-negri-mussolini-presenta-il-libro-i-mussolini-dopo-mussolini-a-farra-dalpago\/"},"wordCount":229,"publisher":{"@id":"https:\/\/www.bellunopress.it\/#organization"},"image":{"@id":"https:\/\/www.bellunopress.it\/2026\/06\/09\/edda-negri-mussolini-presenta-il-libro-i-mussolini-dopo-mussolini-a-farra-dalpago\/#primaryimage"},"thumbnailUrl":"https:\/\/www.bellunopress.it\/wp-content\/uploads\/2026\/06\/Edda-Negri-Mussolini.jpg","articleSection":["Appuntamenti, Eventi","Pausa Caff\u00e8"],"inLanguage":"fr-FR"},{"@type":"WebPage","@id":"https:\/\/www.bellunopress.it\/2026\/06\/09\/edda-negri-mussolini-presenta-il-libro-i-mussolini-dopo-mussolini-a-farra-dalpago\/","url":"https:\/\/www.bellunopress.it\/2026\/06\/09\/edda-negri-mussolini-presenta-il-libro-i-mussolini-dopo-mussolini-a-farra-dalpago\/","name":"Edda Negri Mussolini presenta il libro \"I Mussolini dopo Mussolini\" a Farra d'Alpago - Bellunopress - Dolomiti","isPartOf":{"@id":"https:\/\/www.bellunopress.it\/#website"},"primaryImageOfPage":{"@id":"https:\/\/www.bellunopress.it\/2026\/06\/09\/edda-negri-mussolini-presenta-il-libro-i-mussolini-dopo-mussolini-a-farra-dalpago\/#primaryimage"},"image":{"@id":"https:\/\/www.bellunopress.it\/2026\/06\/09\/edda-negri-mussolini-presenta-il-libro-i-mussolini-dopo-mussolini-a-farra-dalpago\/#primaryimage"},"thumbnailUrl":"https:\/\/www.bellunopress.it\/wp-content\/uploads\/2026\/06\/Edda-Negri-Mussolini.jpg","datePublished":"2026-06-09T12:51:05+00:00","breadcrumb":{"@id":"https:\/\/www.bellunopress.it\/2026\/06\/09\/edda-negri-mussolini-presenta-il-libro-i-mussolini-dopo-mussolini-a-farra-dalpago\/#breadcrumb"},"inLanguage":"fr-FR","potentialAction":[{"@type":"ReadAction","target":["https:\/\/www.bellunopress.it\/2026\/06\/09\/edda-negri-mussolini-presenta-il-libro-i-mussolini-dopo-mussolini-a-farra-dalpago\/"]}]},{"@type":"ImageObject","inLanguage":"fr-FR","@id":"https:\/\/www.bellunopress.it\/2026\/06\/09\/edda-negri-mussolini-presenta-il-libro-i-mussolini-dopo-mussolini-a-farra-dalpago\/#primaryimage","url":"https:\/\/www.bellunopress.it\/wp-content\/uploads\/2026\/06\/Edda-Negri-Mussolini.jpg","contentUrl":"https:\/\/www.bellunopress.it\/wp-content\/uploads\/2026\/06\/Edda-Negri-Mussolini.jpg","width":353,"height":500},{"@type":"BreadcrumbList","@id":"https:\/\/www.bellunopress.it\/2026\/06\/09\/edda-negri-mussolini-presenta-il-libro-i-mussolini-dopo-mussolini-a-farra-dalpago\/#breadcrumb","itemListElement":[{"@type":"ListItem","position":1,"name":"Home","item":"https:\/\/www.bellunopress.it\/"},{"@type":"ListItem","position":2,"name":"Edda Negri Mussolini presenta il libro &#8220;I Mussolini dopo Mussolini&#8221; a Farra d&#8217;Alpago"}]},{"@type":"WebSite","@id":"https:\/\/www.bellunopress.it\/#website","url":"https:\/\/www.bellunopress.it\/","name":"Bellunopress - Dolomiti","description":"e-mail: redazione@bellunopress.it","publisher":{"@id":"https:\/\/www.bellunopress.it\/#organization"},"potentialAction":[{"@type":"SearchAction","target":{"@type":"EntryPoint","urlTemplate":"https:\/\/www.bellunopress.it\/?s={search_term_string}"},"query-input":{"@type":"PropertyValueSpecification","valueRequired":true,"valueName":"search_term_string"}}],"inLanguage":"fr-FR"},{"@type":"Organization","@id":"https:\/\/www.bellunopress.it\/#organization","name":"Bellunopress","url":"https:\/\/www.bellunopress.it\/","logo":{"@type":"ImageObject","inLanguage":"fr-FR","@id":"https:\/\/www.bellunopress.it\/#\/schema\/logo\/image\/","url":"https:\/\/www.bellunopress.it\/wp-content\/uploads\/2011\/05\/cropped-logo-bellunopress-.jpg","contentUrl":"https:\/\/www.bellunopress.it\/wp-content\/uploads\/2011\/05\/cropped-logo-bellunopress-.jpg","width":512,"height":512,"caption":"Bellunopress"},"image":{"@id":"https:\/\/www.bellunopress.it\/#\/schema\/logo\/image\/"},"sameAs":["https:\/\/www.facebook.com\/profile.php?id=100008943462799","https:\/\/x.com\/bellunopress","https:\/\/www.linkedin.com\/hp\/?dnr=JBzUWaJfMUw8vbXJJ2tVW5-I3jZKvC4wsoxE&amp;amp;amp;amp;amp;amp;trk=nav_responsive_tab_home","https:\/\/www.youtube.com\/channel\/UCxL0wu1uN0_3_7hGG0306cw"]},{"@type":"Person","@id":"https:\/\/www.bellunopress.it\/#\/schema\/person\/79bb06722b37ece1c03d3e94beb30d73","name":"r\u00e9daction","image":{"@type":"ImageObject","inLanguage":"fr-FR","@id":"https:\/\/secure.gravatar.com\/avatar\/37d968a2e67a6fd04c169c4bdef102d0bc5d31b2546345219e348575eb80e9a0?s=96&d=mm&r=g","url":"https:\/\/secure.gravatar.com\/avatar\/37d968a2e67a6fd04c169c4bdef102d0bc5d31b2546345219e348575eb80e9a0?s=96&d=mm&r=g","contentUrl":"https:\/\/secure.gravatar.com\/avatar\/37d968a2e67a6fd04c169c4bdef102d0bc5d31b2546345219e348575eb80e9a0?s=96&d=mm&r=g","caption":"redazione"},"sameAs":["http:\/\/www.bellunopress.it","https:\/\/x.com\/bellunopress"],"url":"https:\/\/www.bellunopress.it\/fr\/author\/redazione\/"}]}},"_links":{"self":[{"href":"https:\/\/www.bellunopress.it\/fr\/wp-json\/wp\/v2\/posts\/170838","targetHints":{"allow":["GET"]}}],"collection":[{"href":"https:\/\/www.bellunopress.it\/fr\/wp-json\/wp\/v2\/posts"}],"about":[{"href":"https:\/\/www.bellunopress.it\/fr\/wp-json\/wp\/v2\/types\/post"}],"author":[{"embeddable":true,"href":"https:\/\/www.bellunopress.it\/fr\/wp-json\/wp\/v2\/users\/2"}],"replies":[{"embeddable":true,"href":"https:\/\/www.bellunopress.it\/fr\/wp-json\/wp\/v2\/comments?post=170838"}],"version-history":[{"count":1,"href":"https:\/\/www.bellunopress.it\/fr\/wp-json\/wp\/v2\/posts\/170838\/revisions"}],"predecessor-version":[{"id":170840,"href":"https:\/\/www.bellunopress.it\/fr\/wp-json\/wp\/v2\/posts\/170838\/revisions\/170840"}],"wp:featuredmedia":[{"embeddable":true,"href":"https:\/\/www.bellunopress.it\/fr\/wp-json\/wp\/v2\/media\/170839"}],"wp:attachment":[{"href":"https:\/\/www.bellunopress.it\/fr\/wp-json\/wp\/v2\/media?parent=170838"}],"wp:term":[{"taxonomy":"category","embeddable":true,"href":"https:\/\/www.bellunopress.it\/fr\/wp-json\/wp\/v2\/categories?post=170838"},{"taxonomy":"post_tag","embeddable":true,"href":"https:\/\/www.bellunopress.it\/fr\/wp-json\/wp\/v2\/tags?post=170838"}],"curies":[{"name":"wp","href":"https:\/\/api.w.org\/{rel}","templated":true}]}}