{"id":170834,"date":"2026-06-09T12:06:46","date_gmt":"2026-06-09T10:06:46","guid":{"rendered":"https:\/\/www.bellunopress.it\/?p=170834"},"modified":"2026-06-09T12:06:46","modified_gmt":"2026-06-09T10:06:46","slug":"presentazione-del-libro-sul-terremoto-del-29-giugno-1873-dellalpago-e-di-belluno","status":"publish","type":"post","link":"https:\/\/www.bellunopress.it\/fr\/2026\/06\/09\/presentazione-del-libro-sul-terremoto-del-29-giugno-1873-dellalpago-e-di-belluno\/","title":{"rendered":"Presentazione del libro sul terremoto del 29 giugno 1873 dell\u2019Alpago e di Belluno"},"content":{"rendered":"<p>Alpago, 9 giugno 2026 &#8211; Il Comune di Alpago organizza la presentazione del libro \u201cTerremoto150. Il terremoto del 29 giugno 1873 dell\u2019Alpago e di Belluno\u201d, edito dall\u2019ente stesso. L\u2019evento si svolger\u00e0 in data venerd\u00ec 19 giugno 2026 alle ore 20:45 presso la Sala Placido Fabris, Via Roma &#8211; Pieve, n.54, Pieve d\u2019Alpago.<\/p>\n<p>Il volume rappresenta la sintesi editoriale del progetto \u201cTerremoto150\u201d, promosso tra il 2023 e l\u2019inizio del 2024, dal Comune di Alpago con finalit\u00e0 di commemorazione e sensibilizzazione ambientale. L\u2019iniziativa fu realizzata grazie ad un contributo economico della Regione del Veneto \u2013 dell\u2019allora Assessorato all\u2019Ambiente, Clima, Protezione Civile e Dissesto Idrogeologico. Grazie a tale sostegno, tra il 2023 e l\u2019inizio del 2024 per l\u2019appunto, furono promosse numerose attivit\u00e0 rivolte alla cittadinanza, tra cui incontri pubblici, eventi divulgativi e la realizzazione di un video documentario. Le iniziative consentirono di approfondire temi di particolare attualit\u00e0, quali il rapporto tra sostenibilit\u00e0 ambientale e rischio sismico, nonch\u00e9 l\u2019importanza della progettazione di edifici e infrastrutture resilienti.<\/p>\n<p>Nel corso della presentazione del volume interverranno gli autori dei contributi presenti nella pubblicazione. Gli interventi affronteranno il tema del terremoto del 29 giugno 1873 da diverse prospettive, con contributi di carattere storico, geologico e scientifico. Saranno inoltre approfonditi gli aspetti legati alla memoria del territorio e alla sua rappresentazione nel tempo, anche attraverso fonti iconografiche e testimonianze culturali.<\/p>\n<p>La serata si aprir\u00e0 con i saluti istituzionali dell\u2019Amministrazione comunale e sar\u00e0 moderata da Alessandro De Nardi, consigliere delegato alla cultura. L\u2019ingresso \u00e8 libero senza prenotazione. Per ulteriori informazioni \u00e8 possibile contattare l\u2019Ufficio Cultura Comune di Alpago; Tel. 0437\/478086 int. 1, e-mail: anagrafe@comune.alpago.bl.it<\/p>","protected":false},"excerpt":{"rendered":"<p>Alpago, 9 giugno 2026 &#8211; Il Comune di Alpago organizza la presentazione del libro \u201cTerremoto150. Il terremoto del 29 giugno 1873 dell\u2019Alpago e di Belluno\u201d, edito dall\u2019ente stesso. L\u2019evento si svolger\u00e0 in data venerd\u00ec 19 giugno 2026 alle ore 20:45 presso la Sala Placido Fabris, Via Roma &#8211; Pieve, n.54, Pieve d\u2019Alpago. Il volume rappresenta [&hellip;]<\/p>\n","protected":false},"author":2,"featured_media":138998,"comment_status":"closed","ping_status":"open","sticky":false,"template":"","format":"standard","meta":{"footnotes":""},"categories":[27,25],"tags":[],"class_list":["post-170834","post","type-post","status-publish","format-standard","has-post-thumbnail","category-appuntamenti","category-pausa-caffe"],"yoast_head":"<!-- This site is optimized with the Yoast SEO plugin v28.4 - https:\/\/yoast.com\/product\/yoast-seo-wordpress\/ -->\n<title>Presentazione del libro sul terremoto del 29 giugno 1873 dell\u2019Alpago e di Belluno - Bellunopress - Dolomiti<\/title>\n<meta name=\"robots\" content=\"index, follow, max-snippet:-1, max-image-preview:large, max-video-preview:-1\" \/>\n<link rel=\"canonical\" href=\"https:\/\/www.bellunopress.it\/fr\/2026\/06\/09\/presentazione-del-libro-sul-terremoto-del-29-giugno-1873-dellalpago-e-di-belluno\/\" \/>\n<meta property=\"og:locale\" content=\"fr_FR\" \/>\n<meta property=\"og:type\" content=\"article\" \/>\n<meta property=\"og:title\" content=\"Presentazione del libro sul terremoto del 29 giugno 1873 dell\u2019Alpago e di Belluno - Bellunopress - Dolomiti\" \/>\n<meta property=\"og:description\" content=\"Alpago, 9 giugno 2026 &#8211; Il Comune di Alpago organizza la presentazione del libro \u201cTerremoto150. Il terremoto del 29 giugno 1873 dell\u2019Alpago e di Belluno\u201d, edito dall\u2019ente stesso. L\u2019evento si svolger\u00e0 in data venerd\u00ec 19 giugno 2026 alle ore 20:45 presso la Sala Placido Fabris, Via Roma &#8211; Pieve, n.54, Pieve d\u2019Alpago. Il volume rappresenta [&hellip;]\" \/>\n<meta property=\"og:url\" content=\"https:\/\/www.bellunopress.it\/fr\/2026\/06\/09\/presentazione-del-libro-sul-terremoto-del-29-giugno-1873-dellalpago-e-di-belluno\/\" \/>\n<meta property=\"og:site_name\" content=\"Bellunopress - Dolomiti\" \/>\n<meta property=\"article:publisher\" content=\"https:\/\/www.facebook.com\/profile.php?id=100008943462799\" \/>\n<meta property=\"article:published_time\" content=\"2026-06-09T10:06:46+00:00\" \/>\n<meta property=\"og:image\" content=\"https:\/\/www.bellunopress.it\/wp-content\/uploads\/2023\/01\/Terremoto-del-29.6-1873.jpg\" \/>\n\t<meta property=\"og:image:width\" content=\"1000\" \/>\n\t<meta property=\"og:image:height\" content=\"783\" \/>\n\t<meta property=\"og:image:type\" content=\"image\/jpeg\" \/>\n<meta name=\"author\" content=\"redazione\" \/>\n<meta name=\"twitter:card\" content=\"summary_large_image\" \/>\n<meta name=\"twitter:creator\" content=\"@bellunopress\" \/>\n<meta name=\"twitter:site\" content=\"@bellunopress\" \/>\n<meta name=\"twitter:label1\" content=\"\u00c9crit par\" \/>\n\t<meta name=\"twitter:data1\" content=\"redazione\" \/>\n\t<meta name=\"twitter:label2\" content=\"Dur\u00e9e de lecture estim\u00e9e\" \/>\n\t<meta name=\"twitter:data2\" content=\"2 minutes\" \/>\n<script type=\"application\/ld+json\" class=\"yoast-schema-graph\">{\"@context\":\"https:\\\/\\\/schema.org\",\"@graph\":[{\"@type\":\"Article\",\"@id\":\"https:\\\/\\\/www.bellunopress.it\\\/2026\\\/06\\\/09\\\/presentazione-del-libro-sul-terremoto-del-29-giugno-1873-dellalpago-e-di-belluno\\\/#article\",\"isPartOf\":{\"@id\":\"https:\\\/\\\/www.bellunopress.it\\\/2026\\\/06\\\/09\\\/presentazione-del-libro-sul-terremoto-del-29-giugno-1873-dellalpago-e-di-belluno\\\/\"},\"author\":{\"name\":\"redazione\",\"@id\":\"https:\\\/\\\/www.bellunopress.it\\\/#\\\/schema\\\/person\\\/79bb06722b37ece1c03d3e94beb30d73\"},\"headline\":\"Presentazione del libro sul terremoto del 29 giugno 1873 dell\u2019Alpago e di Belluno\",\"datePublished\":\"2026-06-09T10:06:46+00:00\",\"mainEntityOfPage\":{\"@id\":\"https:\\\/\\\/www.bellunopress.it\\\/2026\\\/06\\\/09\\\/presentazione-del-libro-sul-terremoto-del-29-giugno-1873-dellalpago-e-di-belluno\\\/\"},\"wordCount\":276,\"publisher\":{\"@id\":\"https:\\\/\\\/www.bellunopress.it\\\/#organization\"},\"image\":{\"@id\":\"https:\\\/\\\/www.bellunopress.it\\\/2026\\\/06\\\/09\\\/presentazione-del-libro-sul-terremoto-del-29-giugno-1873-dellalpago-e-di-belluno\\\/#primaryimage\"},\"thumbnailUrl\":\"https:\\\/\\\/www.bellunopress.it\\\/wp-content\\\/uploads\\\/2023\\\/01\\\/Terremoto-del-29.6-1873.jpg\",\"articleSection\":[\"Appuntamenti, Eventi\",\"Pausa Caff\u00e8\"],\"inLanguage\":\"fr-FR\"},{\"@type\":\"WebPage\",\"@id\":\"https:\\\/\\\/www.bellunopress.it\\\/2026\\\/06\\\/09\\\/presentazione-del-libro-sul-terremoto-del-29-giugno-1873-dellalpago-e-di-belluno\\\/\",\"url\":\"https:\\\/\\\/www.bellunopress.it\\\/2026\\\/06\\\/09\\\/presentazione-del-libro-sul-terremoto-del-29-giugno-1873-dellalpago-e-di-belluno\\\/\",\"name\":\"Presentazione del libro sul terremoto del 29 giugno 1873 dell\u2019Alpago e di Belluno - Bellunopress - Dolomiti\",\"isPartOf\":{\"@id\":\"https:\\\/\\\/www.bellunopress.it\\\/#website\"},\"primaryImageOfPage\":{\"@id\":\"https:\\\/\\\/www.bellunopress.it\\\/2026\\\/06\\\/09\\\/presentazione-del-libro-sul-terremoto-del-29-giugno-1873-dellalpago-e-di-belluno\\\/#primaryimage\"},\"image\":{\"@id\":\"https:\\\/\\\/www.bellunopress.it\\\/2026\\\/06\\\/09\\\/presentazione-del-libro-sul-terremoto-del-29-giugno-1873-dellalpago-e-di-belluno\\\/#primaryimage\"},\"thumbnailUrl\":\"https:\\\/\\\/www.bellunopress.it\\\/wp-content\\\/uploads\\\/2023\\\/01\\\/Terremoto-del-29.6-1873.jpg\",\"datePublished\":\"2026-06-09T10:06:46+00:00\",\"breadcrumb\":{\"@id\":\"https:\\\/\\\/www.bellunopress.it\\\/2026\\\/06\\\/09\\\/presentazione-del-libro-sul-terremoto-del-29-giugno-1873-dellalpago-e-di-belluno\\\/#breadcrumb\"},\"inLanguage\":\"fr-FR\",\"potentialAction\":[{\"@type\":\"ReadAction\",\"target\":[\"https:\\\/\\\/www.bellunopress.it\\\/2026\\\/06\\\/09\\\/presentazione-del-libro-sul-terremoto-del-29-giugno-1873-dellalpago-e-di-belluno\\\/\"]}]},{\"@type\":\"ImageObject\",\"inLanguage\":\"fr-FR\",\"@id\":\"https:\\\/\\\/www.bellunopress.it\\\/2026\\\/06\\\/09\\\/presentazione-del-libro-sul-terremoto-del-29-giugno-1873-dellalpago-e-di-belluno\\\/#primaryimage\",\"url\":\"https:\\\/\\\/www.bellunopress.it\\\/wp-content\\\/uploads\\\/2023\\\/01\\\/Terremoto-del-29.6-1873.jpg\",\"contentUrl\":\"https:\\\/\\\/www.bellunopress.it\\\/wp-content\\\/uploads\\\/2023\\\/01\\\/Terremoto-del-29.6-1873.jpg\",\"width\":1000,\"height\":783,\"caption\":\"Belluno, terremoto del 29.6.1873\"},{\"@type\":\"BreadcrumbList\",\"@id\":\"https:\\\/\\\/www.bellunopress.it\\\/2026\\\/06\\\/09\\\/presentazione-del-libro-sul-terremoto-del-29-giugno-1873-dellalpago-e-di-belluno\\\/#breadcrumb\",\"itemListElement\":[{\"@type\":\"ListItem\",\"position\":1,\"name\":\"Home\",\"item\":\"https:\\\/\\\/www.bellunopress.it\\\/\"},{\"@type\":\"ListItem\",\"position\":2,\"name\":\"Presentazione del libro sul terremoto del 29 giugno 1873 dell\u2019Alpago e di Belluno\"}]},{\"@type\":\"WebSite\",\"@id\":\"https:\\\/\\\/www.bellunopress.it\\\/#website\",\"url\":\"https:\\\/\\\/www.bellunopress.it\\\/\",\"name\":\"Bellunopress - Dolomiti\",\"description\":\"e-mail: redazione@bellunopress.it\",\"publisher\":{\"@id\":\"https:\\\/\\\/www.bellunopress.it\\\/#organization\"},\"potentialAction\":[{\"@type\":\"SearchAction\",\"target\":{\"@type\":\"EntryPoint\",\"urlTemplate\":\"https:\\\/\\\/www.bellunopress.it\\\/?s={search_term_string}\"},\"query-input\":{\"@type\":\"PropertyValueSpecification\",\"valueRequired\":true,\"valueName\":\"search_term_string\"}}],\"inLanguage\":\"fr-FR\"},{\"@type\":\"Organization\",\"@id\":\"https:\\\/\\\/www.bellunopress.it\\\/#organization\",\"name\":\"Bellunopress\",\"url\":\"https:\\\/\\\/www.bellunopress.it\\\/\",\"logo\":{\"@type\":\"ImageObject\",\"inLanguage\":\"fr-FR\",\"@id\":\"https:\\\/\\\/www.bellunopress.it\\\/#\\\/schema\\\/logo\\\/image\\\/\",\"url\":\"https:\\\/\\\/www.bellunopress.it\\\/wp-content\\\/uploads\\\/2011\\\/05\\\/cropped-logo-bellunopress-.jpg\",\"contentUrl\":\"https:\\\/\\\/www.bellunopress.it\\\/wp-content\\\/uploads\\\/2011\\\/05\\\/cropped-logo-bellunopress-.jpg\",\"width\":512,\"height\":512,\"caption\":\"Bellunopress\"},\"image\":{\"@id\":\"https:\\\/\\\/www.bellunopress.it\\\/#\\\/schema\\\/logo\\\/image\\\/\"},\"sameAs\":[\"https:\\\/\\\/www.facebook.com\\\/profile.php?id=100008943462799\",\"https:\\\/\\\/x.com\\\/bellunopress\",\"https:\\\/\\\/www.linkedin.com\\\/hp\\\/?dnr=JBzUWaJfMUw8vbXJJ2tVW5-I3jZKvC4wsoxE&amp;amp;amp;amp;amp;amp;trk=nav_responsive_tab_home\",\"https:\\\/\\\/www.youtube.com\\\/channel\\\/UCxL0wu1uN0_3_7hGG0306cw\"]},{\"@type\":\"Person\",\"@id\":\"https:\\\/\\\/www.bellunopress.it\\\/#\\\/schema\\\/person\\\/79bb06722b37ece1c03d3e94beb30d73\",\"name\":\"redazione\",\"image\":{\"@type\":\"ImageObject\",\"inLanguage\":\"fr-FR\",\"@id\":\"https:\\\/\\\/secure.gravatar.com\\\/avatar\\\/37d968a2e67a6fd04c169c4bdef102d0bc5d31b2546345219e348575eb80e9a0?s=96&d=mm&r=g\",\"url\":\"https:\\\/\\\/secure.gravatar.com\\\/avatar\\\/37d968a2e67a6fd04c169c4bdef102d0bc5d31b2546345219e348575eb80e9a0?s=96&d=mm&r=g\",\"contentUrl\":\"https:\\\/\\\/secure.gravatar.com\\\/avatar\\\/37d968a2e67a6fd04c169c4bdef102d0bc5d31b2546345219e348575eb80e9a0?s=96&d=mm&r=g\",\"caption\":\"redazione\"},\"sameAs\":[\"http:\\\/\\\/www.bellunopress.it\",\"https:\\\/\\\/x.com\\\/bellunopress\"],\"url\":\"https:\\\/\\\/www.bellunopress.it\\\/fr\\\/author\\\/redazione\\\/\"}]}<\/script>\n<!-- \/ Yoast SEO plugin. -->","yoast_head_json":{"title":"Presentazione del libro sul terremoto del 29 giugno 1873 dell\u2019Alpago e di Belluno - Bellunopress - Dolomiti","robots":{"index":"index","follow":"follow","max-snippet":"max-snippet:-1","max-image-preview":"max-image-preview:large","max-video-preview":"max-video-preview:-1"},"canonical":"https:\/\/www.bellunopress.it\/fr\/2026\/06\/09\/presentazione-del-libro-sul-terremoto-del-29-giugno-1873-dellalpago-e-di-belluno\/","og_locale":"fr_FR","og_type":"article","og_title":"Presentazione del libro sul terremoto del 29 giugno 1873 dell\u2019Alpago e di Belluno - Bellunopress - Dolomiti","og_description":"Alpago, 9 giugno 2026 &#8211; Il Comune di Alpago organizza la presentazione del libro \u201cTerremoto150. Il terremoto del 29 giugno 1873 dell\u2019Alpago e di Belluno\u201d, edito dall\u2019ente stesso. L\u2019evento si svolger\u00e0 in data venerd\u00ec 19 giugno 2026 alle ore 20:45 presso la Sala Placido Fabris, Via Roma &#8211; Pieve, n.54, Pieve d\u2019Alpago. Il volume rappresenta [&hellip;]","og_url":"https:\/\/www.bellunopress.it\/fr\/2026\/06\/09\/presentazione-del-libro-sul-terremoto-del-29-giugno-1873-dellalpago-e-di-belluno\/","og_site_name":"Bellunopress - Dolomiti","article_publisher":"https:\/\/www.facebook.com\/profile.php?id=100008943462799","article_published_time":"2026-06-09T10:06:46+00:00","og_image":[{"width":1000,"height":783,"url":"https:\/\/www.bellunopress.it\/wp-content\/uploads\/2023\/01\/Terremoto-del-29.6-1873.jpg","type":"image\/jpeg"}],"author":"redazione","twitter_card":"summary_large_image","twitter_creator":"@bellunopress","twitter_site":"@bellunopress","twitter_misc":{"\u00c9crit par":"redazione","Dur\u00e9e de lecture estim\u00e9e":"2 minutes"},"schema":{"@context":"https:\/\/schema.org","@graph":[{"@type":"Article","@id":"https:\/\/www.bellunopress.it\/2026\/06\/09\/presentazione-del-libro-sul-terremoto-del-29-giugno-1873-dellalpago-e-di-belluno\/#article","isPartOf":{"@id":"https:\/\/www.bellunopress.it\/2026\/06\/09\/presentazione-del-libro-sul-terremoto-del-29-giugno-1873-dellalpago-e-di-belluno\/"},"author":{"name":"redazione","@id":"https:\/\/www.bellunopress.it\/#\/schema\/person\/79bb06722b37ece1c03d3e94beb30d73"},"headline":"Presentazione del libro sul terremoto del 29 giugno 1873 dell\u2019Alpago e di Belluno","datePublished":"2026-06-09T10:06:46+00:00","mainEntityOfPage":{"@id":"https:\/\/www.bellunopress.it\/2026\/06\/09\/presentazione-del-libro-sul-terremoto-del-29-giugno-1873-dellalpago-e-di-belluno\/"},"wordCount":276,"publisher":{"@id":"https:\/\/www.bellunopress.it\/#organization"},"image":{"@id":"https:\/\/www.bellunopress.it\/2026\/06\/09\/presentazione-del-libro-sul-terremoto-del-29-giugno-1873-dellalpago-e-di-belluno\/#primaryimage"},"thumbnailUrl":"https:\/\/www.bellunopress.it\/wp-content\/uploads\/2023\/01\/Terremoto-del-29.6-1873.jpg","articleSection":["Appuntamenti, Eventi","Pausa Caff\u00e8"],"inLanguage":"fr-FR"},{"@type":"WebPage","@id":"https:\/\/www.bellunopress.it\/2026\/06\/09\/presentazione-del-libro-sul-terremoto-del-29-giugno-1873-dellalpago-e-di-belluno\/","url":"https:\/\/www.bellunopress.it\/2026\/06\/09\/presentazione-del-libro-sul-terremoto-del-29-giugno-1873-dellalpago-e-di-belluno\/","name":"Presentazione del libro sul terremoto del 29 giugno 1873 dell\u2019Alpago e di Belluno - Bellunopress - Dolomiti","isPartOf":{"@id":"https:\/\/www.bellunopress.it\/#website"},"primaryImageOfPage":{"@id":"https:\/\/www.bellunopress.it\/2026\/06\/09\/presentazione-del-libro-sul-terremoto-del-29-giugno-1873-dellalpago-e-di-belluno\/#primaryimage"},"image":{"@id":"https:\/\/www.bellunopress.it\/2026\/06\/09\/presentazione-del-libro-sul-terremoto-del-29-giugno-1873-dellalpago-e-di-belluno\/#primaryimage"},"thumbnailUrl":"https:\/\/www.bellunopress.it\/wp-content\/uploads\/2023\/01\/Terremoto-del-29.6-1873.jpg","datePublished":"2026-06-09T10:06:46+00:00","breadcrumb":{"@id":"https:\/\/www.bellunopress.it\/2026\/06\/09\/presentazione-del-libro-sul-terremoto-del-29-giugno-1873-dellalpago-e-di-belluno\/#breadcrumb"},"inLanguage":"fr-FR","potentialAction":[{"@type":"ReadAction","target":["https:\/\/www.bellunopress.it\/2026\/06\/09\/presentazione-del-libro-sul-terremoto-del-29-giugno-1873-dellalpago-e-di-belluno\/"]}]},{"@type":"ImageObject","inLanguage":"fr-FR","@id":"https:\/\/www.bellunopress.it\/2026\/06\/09\/presentazione-del-libro-sul-terremoto-del-29-giugno-1873-dellalpago-e-di-belluno\/#primaryimage","url":"https:\/\/www.bellunopress.it\/wp-content\/uploads\/2023\/01\/Terremoto-del-29.6-1873.jpg","contentUrl":"https:\/\/www.bellunopress.it\/wp-content\/uploads\/2023\/01\/Terremoto-del-29.6-1873.jpg","width":1000,"height":783,"caption":"Belluno, terremoto del 29.6.1873"},{"@type":"BreadcrumbList","@id":"https:\/\/www.bellunopress.it\/2026\/06\/09\/presentazione-del-libro-sul-terremoto-del-29-giugno-1873-dellalpago-e-di-belluno\/#breadcrumb","itemListElement":[{"@type":"ListItem","position":1,"name":"Home","item":"https:\/\/www.bellunopress.it\/"},{"@type":"ListItem","position":2,"name":"Presentazione del libro sul terremoto del 29 giugno 1873 dell\u2019Alpago e di Belluno"}]},{"@type":"WebSite","@id":"https:\/\/www.bellunopress.it\/#website","url":"https:\/\/www.bellunopress.it\/","name":"Bellunopress - Dolomiti","description":"e-mail: redazione@bellunopress.it","publisher":{"@id":"https:\/\/www.bellunopress.it\/#organization"},"potentialAction":[{"@type":"SearchAction","target":{"@type":"EntryPoint","urlTemplate":"https:\/\/www.bellunopress.it\/?s={search_term_string}"},"query-input":{"@type":"PropertyValueSpecification","valueRequired":true,"valueName":"search_term_string"}}],"inLanguage":"fr-FR"},{"@type":"Organization","@id":"https:\/\/www.bellunopress.it\/#organization","name":"Bellunopress","url":"https:\/\/www.bellunopress.it\/","logo":{"@type":"ImageObject","inLanguage":"fr-FR","@id":"https:\/\/www.bellunopress.it\/#\/schema\/logo\/image\/","url":"https:\/\/www.bellunopress.it\/wp-content\/uploads\/2011\/05\/cropped-logo-bellunopress-.jpg","contentUrl":"https:\/\/www.bellunopress.it\/wp-content\/uploads\/2011\/05\/cropped-logo-bellunopress-.jpg","width":512,"height":512,"caption":"Bellunopress"},"image":{"@id":"https:\/\/www.bellunopress.it\/#\/schema\/logo\/image\/"},"sameAs":["https:\/\/www.facebook.com\/profile.php?id=100008943462799","https:\/\/x.com\/bellunopress","https:\/\/www.linkedin.com\/hp\/?dnr=JBzUWaJfMUw8vbXJJ2tVW5-I3jZKvC4wsoxE&amp;amp;amp;amp;amp;amp;trk=nav_responsive_tab_home","https:\/\/www.youtube.com\/channel\/UCxL0wu1uN0_3_7hGG0306cw"]},{"@type":"Person","@id":"https:\/\/www.bellunopress.it\/#\/schema\/person\/79bb06722b37ece1c03d3e94beb30d73","name":"r\u00e9daction","image":{"@type":"ImageObject","inLanguage":"fr-FR","@id":"https:\/\/secure.gravatar.com\/avatar\/37d968a2e67a6fd04c169c4bdef102d0bc5d31b2546345219e348575eb80e9a0?s=96&d=mm&r=g","url":"https:\/\/secure.gravatar.com\/avatar\/37d968a2e67a6fd04c169c4bdef102d0bc5d31b2546345219e348575eb80e9a0?s=96&d=mm&r=g","contentUrl":"https:\/\/secure.gravatar.com\/avatar\/37d968a2e67a6fd04c169c4bdef102d0bc5d31b2546345219e348575eb80e9a0?s=96&d=mm&r=g","caption":"redazione"},"sameAs":["http:\/\/www.bellunopress.it","https:\/\/x.com\/bellunopress"],"url":"https:\/\/www.bellunopress.it\/fr\/author\/redazione\/"}]}},"_links":{"self":[{"href":"https:\/\/www.bellunopress.it\/fr\/wp-json\/wp\/v2\/posts\/170834","targetHints":{"allow":["GET"]}}],"collection":[{"href":"https:\/\/www.bellunopress.it\/fr\/wp-json\/wp\/v2\/posts"}],"about":[{"href":"https:\/\/www.bellunopress.it\/fr\/wp-json\/wp\/v2\/types\/post"}],"author":[{"embeddable":true,"href":"https:\/\/www.bellunopress.it\/fr\/wp-json\/wp\/v2\/users\/2"}],"replies":[{"embeddable":true,"href":"https:\/\/www.bellunopress.it\/fr\/wp-json\/wp\/v2\/comments?post=170834"}],"version-history":[{"count":1,"href":"https:\/\/www.bellunopress.it\/fr\/wp-json\/wp\/v2\/posts\/170834\/revisions"}],"predecessor-version":[{"id":170835,"href":"https:\/\/www.bellunopress.it\/fr\/wp-json\/wp\/v2\/posts\/170834\/revisions\/170835"}],"wp:featuredmedia":[{"embeddable":true,"href":"https:\/\/www.bellunopress.it\/fr\/wp-json\/wp\/v2\/media\/138998"}],"wp:attachment":[{"href":"https:\/\/www.bellunopress.it\/fr\/wp-json\/wp\/v2\/media?parent=170834"}],"wp:term":[{"taxonomy":"category","embeddable":true,"href":"https:\/\/www.bellunopress.it\/fr\/wp-json\/wp\/v2\/categories?post=170834"},{"taxonomy":"post_tag","embeddable":true,"href":"https:\/\/www.bellunopress.it\/fr\/wp-json\/wp\/v2\/tags?post=170834"}],"curies":[{"name":"wp","href":"https:\/\/api.w.org\/{rel}","templated":true}]}}