{"id":170829,"date":"2026-06-09T11:53:13","date_gmt":"2026-06-09T09:53:13","guid":{"rendered":"https:\/\/www.bellunopress.it\/?p=170829"},"modified":"2026-06-09T18:35:05","modified_gmt":"2026-06-09T16:35:05","slug":"val-di-fanes-ricerche-in-corso-per-unescursionista-slovena","status":"publish","type":"post","link":"https:\/\/www.bellunopress.it\/fr\/2026\/06\/09\/val-di-fanes-ricerche-in-corso-per-unescursionista-slovena\/","title":{"rendered":"Val di Fanes. Ritrovata senza vita escursionista slovena"},"content":{"rendered":"<p>Cortina d&#8217;Ampezzo (BL), 09 &#8211; 06 &#8211; 2026\u00a0 \u00a0 \u00c8 stata purtroppo ritrovata senza vita l&#8217;escursionista slovena, le cui ricerche erano state intraprese ieri sera, dopo la segnalazione della famiglia e il rinvenimento della sua auto parcheggiata in localit\u00e0 Felizon, all&#8217;entrata del Parco delle Dolomiti d&#8217;Ampezzo.<\/p>\n<p>La 54enne stava effettuando il giro delle Cascate di Fanes quando, all&#8217;altezza dell&#8217;inizio della ferrata, deve essere scivolata cadendo nel vuoto. A individuare il corpo, una quarnatina di metri pi\u00f9 sotto, i soccorritori del Gruppo forre del Soccorso alpino e speleologico Veneto, che stavano controllando il tratto a valle della Cascata alta di Fanes. Lungo il greto i forristi si sono imbattuti in un casco, poi risultato estraneo, hanno deciso di risalire il soprastante canale per una verifica e l\u00ec, l&#8217;hanno trovata. Ottenuto il nulla osta per la rimozione, la salma \u00e8 stata recuperata dall&#8217;elicottero dell&#8217;Air service center, che questa mattina aveva effettuato un lungo sorvolo sul Col Ros\u00e0, con a bordo i soccorritori, per verificare alcune zone primarie. La salma \u00e8 stata trasportata in piazzola al Codivilla, mentre i forristi sono risaliti a monte, grazie alle linee di calata attrezzate dal Soccorso alpino di Cortina e della Guardia di finanza.<\/p>\n<p>Hanno partecipato alle ricerche il Soccorso alpino di Cortina e della Guardia di finanza, i Vigili del fuoco e i Carabinieri. Presenti i droni del Soccorso alpino e di altri enti, nonch\u00e9 le unit\u00e0 cinofile molecolari dell&#8217;Alto Adige.<\/p>\n<p>&#8212;&#8212;&#8212;&#8212;&#8212;&#8212;&#8212;&#8212;&#8212;&#8212;&#8212;&#8212;&#8212;&#8212;&#8212;&#8212;&#8212;&#8212;&#8212;&#8212;&#8212;&#8212;&#8212;&#8212;&#8212;&#8212;&#8212;&#8212;&#8212;&#8212;&#8212;&#8212;&#8212;&#8212;&#8212;&#8212;&#8212;&#8212;&#8212;&#8212;&#8212;&#8212;&#8212;&#8212;&#8212;&#8212;&#8212;<\/p>\n<p>Cortina d&#8217;Ampezzo (BL), 09 &#8211; 06 &#8211; 2026\u00a0 &#8211; Da ieri sera sono in corso, nella zona della Val di Fanes e dintorni, le ricerche di un&#8217;escursionista slovena di 54 anni, la cui scomparsa \u00e8 stata segnalata ai Carabinieri di Ortisei dalla madre, preoccupata perch\u00e9 non aveva pi\u00f9 contatti con lei. Secondo la donna la figlia si sarebbe dovuta trovare in Val Gardena. Quando dalle analisi delle telecamere, \u00e8 stata intercettata la sua auto di passaggio sabato sera verso Fiames, le ricerche si sono spostate a Cortina, dove in serata \u00e8 stata trovata parcheggiata l&#8217;auto in localit\u00e0 Felizon, all&#8217;entrata del Parco delle Dolomiti d&#8217;Ampezzo.<\/p>\n<p>L&#8217;analisi delle celle telefoniche ha indicato come area dell&#8217;ultima attivazione del cellulare &#8211; avvenuta domenica mattina alle 7 &#8211; quella del Col Ros\u00e0. Ora il telefono risulta non raggiungibile. Le squadre hanno quindi percorso la Ferrata del Col Ros\u00e0, andata e rientro, e battuto tutta l&#8217;area, cascate e Val di Fanes, sentieri circostanti, chiedendo ai Rifugi dell&#8217;eventuale passaggio. Questa mattina l&#8217;elicottero della Guardia di finanza dotato di Imsi Catcher ha effettuato una perlustrazione, al momento sta sorvolando la zona quello dei Vigili del fuoco. Stanno partecipando alla ricerca il Soccorso alpino di Cortina e della Guardia di finanza, oltre che quello di San Vigilio di Marebbe, i Vigili del fuoco, i Carabinieri. Sono presenti dronisti e due unit\u00e0 cinofile molecolari dell&#8217;Alpenverein. Chiunque avesse qualche informazione, \u00e8 pregato di contattare i Carabinieri.<\/p>","protected":false},"excerpt":{"rendered":"<p>Cortina d&#8217;Ampezzo (BL), 09 &#8211; 06 &#8211; 2026\u00a0 \u00a0 \u00c8 stata purtroppo ritrovata senza vita l&#8217;escursionista slovena, le cui ricerche erano state intraprese ieri sera, dopo la segnalazione della famiglia e il rinvenimento della sua auto parcheggiata in localit\u00e0 Felizon, all&#8217;entrata del Parco delle Dolomiti d&#8217;Ampezzo. La 54enne stava effettuando il giro delle Cascate di [&hellip;]<\/p>\n","protected":false},"author":2,"featured_media":119120,"comment_status":"closed","ping_status":"open","sticky":false,"template":"","format":"standard","meta":{"footnotes":""},"categories":[5,26],"tags":[],"class_list":["post-170829","post","type-post","status-publish","format-standard","has-post-thumbnail","category-cronaca","category-prima-pagina"],"yoast_head":"<!-- This site is optimized with the Yoast SEO plugin v28.4 - https:\/\/yoast.com\/product\/yoast-seo-wordpress\/ -->\n<title>Val di Fanes. Ritrovata senza vita escursionista slovena - Bellunopress - Dolomiti<\/title>\n<meta name=\"robots\" content=\"index, follow, max-snippet:-1, max-image-preview:large, max-video-preview:-1\" \/>\n<link rel=\"canonical\" href=\"https:\/\/www.bellunopress.it\/fr\/2026\/06\/09\/val-di-fanes-ricerche-in-corso-per-unescursionista-slovena\/\" \/>\n<meta property=\"og:locale\" content=\"fr_FR\" \/>\n<meta property=\"og:type\" content=\"article\" \/>\n<meta property=\"og:title\" content=\"Val di Fanes. Ritrovata senza vita escursionista slovena - Bellunopress - Dolomiti\" \/>\n<meta property=\"og:description\" content=\"Cortina d&#8217;Ampezzo (BL), 09 &#8211; 06 &#8211; 2026\u00a0 \u00a0 \u00c8 stata purtroppo ritrovata senza vita l&#8217;escursionista slovena, le cui ricerche erano state intraprese ieri sera, dopo la segnalazione della famiglia e il rinvenimento della sua auto parcheggiata in localit\u00e0 Felizon, all&#8217;entrata del Parco delle Dolomiti d&#8217;Ampezzo. La 54enne stava effettuando il giro delle Cascate di [&hellip;]\" \/>\n<meta property=\"og:url\" content=\"https:\/\/www.bellunopress.it\/fr\/2026\/06\/09\/val-di-fanes-ricerche-in-corso-per-unescursionista-slovena\/\" \/>\n<meta property=\"og:site_name\" content=\"Bellunopress - Dolomiti\" \/>\n<meta property=\"article:publisher\" content=\"https:\/\/www.facebook.com\/profile.php?id=100008943462799\" \/>\n<meta property=\"article:published_time\" content=\"2026-06-09T09:53:13+00:00\" \/>\n<meta property=\"article:modified_time\" content=\"2026-06-09T16:35:05+00:00\" \/>\n<meta property=\"og:image\" content=\"https:\/\/www.bellunopress.it\/wp-content\/uploads\/2020\/11\/cnsas-corpo-nazionale-soccorso-alpino-e-speleologico_edited.jpg\" \/>\n\t<meta property=\"og:image:width\" content=\"790\" \/>\n\t<meta property=\"og:image:height\" content=\"423\" \/>\n\t<meta property=\"og:image:type\" content=\"image\/jpeg\" \/>\n<meta name=\"author\" content=\"redazione\" \/>\n<meta name=\"twitter:card\" content=\"summary_large_image\" \/>\n<meta name=\"twitter:creator\" content=\"@bellunopress\" \/>\n<meta name=\"twitter:site\" content=\"@bellunopress\" \/>\n<meta name=\"twitter:label1\" content=\"\u00c9crit par\" \/>\n\t<meta name=\"twitter:data1\" content=\"redazione\" \/>\n\t<meta name=\"twitter:label2\" content=\"Dur\u00e9e de lecture estim\u00e9e\" \/>\n\t<meta name=\"twitter:data2\" content=\"3 minutes\" \/>\n<script type=\"application\/ld+json\" class=\"yoast-schema-graph\">{\"@context\":\"https:\\\/\\\/schema.org\",\"@graph\":[{\"@type\":\"Article\",\"@id\":\"https:\\\/\\\/www.bellunopress.it\\\/2026\\\/06\\\/09\\\/val-di-fanes-ricerche-in-corso-per-unescursionista-slovena\\\/#article\",\"isPartOf\":{\"@id\":\"https:\\\/\\\/www.bellunopress.it\\\/2026\\\/06\\\/09\\\/val-di-fanes-ricerche-in-corso-per-unescursionista-slovena\\\/\"},\"author\":{\"name\":\"redazione\",\"@id\":\"https:\\\/\\\/www.bellunopress.it\\\/#\\\/schema\\\/person\\\/79bb06722b37ece1c03d3e94beb30d73\"},\"headline\":\"Val di Fanes. Ritrovata senza vita escursionista slovena\",\"datePublished\":\"2026-06-09T09:53:13+00:00\",\"dateModified\":\"2026-06-09T16:35:05+00:00\",\"mainEntityOfPage\":{\"@id\":\"https:\\\/\\\/www.bellunopress.it\\\/2026\\\/06\\\/09\\\/val-di-fanes-ricerche-in-corso-per-unescursionista-slovena\\\/\"},\"wordCount\":484,\"publisher\":{\"@id\":\"https:\\\/\\\/www.bellunopress.it\\\/#organization\"},\"image\":{\"@id\":\"https:\\\/\\\/www.bellunopress.it\\\/2026\\\/06\\\/09\\\/val-di-fanes-ricerche-in-corso-per-unescursionista-slovena\\\/#primaryimage\"},\"thumbnailUrl\":\"https:\\\/\\\/www.bellunopress.it\\\/wp-content\\\/uploads\\\/2020\\\/11\\\/cnsas-corpo-nazionale-soccorso-alpino-e-speleologico_edited.jpg\",\"articleSection\":[\"Cronaca\\\/Politica\",\"Prima Pagina\"],\"inLanguage\":\"fr-FR\"},{\"@type\":\"WebPage\",\"@id\":\"https:\\\/\\\/www.bellunopress.it\\\/2026\\\/06\\\/09\\\/val-di-fanes-ricerche-in-corso-per-unescursionista-slovena\\\/\",\"url\":\"https:\\\/\\\/www.bellunopress.it\\\/2026\\\/06\\\/09\\\/val-di-fanes-ricerche-in-corso-per-unescursionista-slovena\\\/\",\"name\":\"Val di Fanes. Ritrovata senza vita escursionista slovena - Bellunopress - Dolomiti\",\"isPartOf\":{\"@id\":\"https:\\\/\\\/www.bellunopress.it\\\/#website\"},\"primaryImageOfPage\":{\"@id\":\"https:\\\/\\\/www.bellunopress.it\\\/2026\\\/06\\\/09\\\/val-di-fanes-ricerche-in-corso-per-unescursionista-slovena\\\/#primaryimage\"},\"image\":{\"@id\":\"https:\\\/\\\/www.bellunopress.it\\\/2026\\\/06\\\/09\\\/val-di-fanes-ricerche-in-corso-per-unescursionista-slovena\\\/#primaryimage\"},\"thumbnailUrl\":\"https:\\\/\\\/www.bellunopress.it\\\/wp-content\\\/uploads\\\/2020\\\/11\\\/cnsas-corpo-nazionale-soccorso-alpino-e-speleologico_edited.jpg\",\"datePublished\":\"2026-06-09T09:53:13+00:00\",\"dateModified\":\"2026-06-09T16:35:05+00:00\",\"breadcrumb\":{\"@id\":\"https:\\\/\\\/www.bellunopress.it\\\/2026\\\/06\\\/09\\\/val-di-fanes-ricerche-in-corso-per-unescursionista-slovena\\\/#breadcrumb\"},\"inLanguage\":\"fr-FR\",\"potentialAction\":[{\"@type\":\"ReadAction\",\"target\":[\"https:\\\/\\\/www.bellunopress.it\\\/2026\\\/06\\\/09\\\/val-di-fanes-ricerche-in-corso-per-unescursionista-slovena\\\/\"]}]},{\"@type\":\"ImageObject\",\"inLanguage\":\"fr-FR\",\"@id\":\"https:\\\/\\\/www.bellunopress.it\\\/2026\\\/06\\\/09\\\/val-di-fanes-ricerche-in-corso-per-unescursionista-slovena\\\/#primaryimage\",\"url\":\"https:\\\/\\\/www.bellunopress.it\\\/wp-content\\\/uploads\\\/2020\\\/11\\\/cnsas-corpo-nazionale-soccorso-alpino-e-speleologico_edited.jpg\",\"contentUrl\":\"https:\\\/\\\/www.bellunopress.it\\\/wp-content\\\/uploads\\\/2020\\\/11\\\/cnsas-corpo-nazionale-soccorso-alpino-e-speleologico_edited.jpg\",\"width\":790,\"height\":423,\"caption\":\"Soccorso 118\"},{\"@type\":\"BreadcrumbList\",\"@id\":\"https:\\\/\\\/www.bellunopress.it\\\/2026\\\/06\\\/09\\\/val-di-fanes-ricerche-in-corso-per-unescursionista-slovena\\\/#breadcrumb\",\"itemListElement\":[{\"@type\":\"ListItem\",\"position\":1,\"name\":\"Home\",\"item\":\"https:\\\/\\\/www.bellunopress.it\\\/\"},{\"@type\":\"ListItem\",\"position\":2,\"name\":\"Val di Fanes. Ritrovata senza vita escursionista slovena\"}]},{\"@type\":\"WebSite\",\"@id\":\"https:\\\/\\\/www.bellunopress.it\\\/#website\",\"url\":\"https:\\\/\\\/www.bellunopress.it\\\/\",\"name\":\"Bellunopress - Dolomiti\",\"description\":\"e-mail: redazione@bellunopress.it\",\"publisher\":{\"@id\":\"https:\\\/\\\/www.bellunopress.it\\\/#organization\"},\"potentialAction\":[{\"@type\":\"SearchAction\",\"target\":{\"@type\":\"EntryPoint\",\"urlTemplate\":\"https:\\\/\\\/www.bellunopress.it\\\/?s={search_term_string}\"},\"query-input\":{\"@type\":\"PropertyValueSpecification\",\"valueRequired\":true,\"valueName\":\"search_term_string\"}}],\"inLanguage\":\"fr-FR\"},{\"@type\":\"Organization\",\"@id\":\"https:\\\/\\\/www.bellunopress.it\\\/#organization\",\"name\":\"Bellunopress\",\"url\":\"https:\\\/\\\/www.bellunopress.it\\\/\",\"logo\":{\"@type\":\"ImageObject\",\"inLanguage\":\"fr-FR\",\"@id\":\"https:\\\/\\\/www.bellunopress.it\\\/#\\\/schema\\\/logo\\\/image\\\/\",\"url\":\"https:\\\/\\\/www.bellunopress.it\\\/wp-content\\\/uploads\\\/2011\\\/05\\\/cropped-logo-bellunopress-.jpg\",\"contentUrl\":\"https:\\\/\\\/www.bellunopress.it\\\/wp-content\\\/uploads\\\/2011\\\/05\\\/cropped-logo-bellunopress-.jpg\",\"width\":512,\"height\":512,\"caption\":\"Bellunopress\"},\"image\":{\"@id\":\"https:\\\/\\\/www.bellunopress.it\\\/#\\\/schema\\\/logo\\\/image\\\/\"},\"sameAs\":[\"https:\\\/\\\/www.facebook.com\\\/profile.php?id=100008943462799\",\"https:\\\/\\\/x.com\\\/bellunopress\",\"https:\\\/\\\/www.linkedin.com\\\/hp\\\/?dnr=JBzUWaJfMUw8vbXJJ2tVW5-I3jZKvC4wsoxE&amp;amp;amp;amp;amp;amp;trk=nav_responsive_tab_home\",\"https:\\\/\\\/www.youtube.com\\\/channel\\\/UCxL0wu1uN0_3_7hGG0306cw\"]},{\"@type\":\"Person\",\"@id\":\"https:\\\/\\\/www.bellunopress.it\\\/#\\\/schema\\\/person\\\/79bb06722b37ece1c03d3e94beb30d73\",\"name\":\"redazione\",\"image\":{\"@type\":\"ImageObject\",\"inLanguage\":\"fr-FR\",\"@id\":\"https:\\\/\\\/secure.gravatar.com\\\/avatar\\\/37d968a2e67a6fd04c169c4bdef102d0bc5d31b2546345219e348575eb80e9a0?s=96&d=mm&r=g\",\"url\":\"https:\\\/\\\/secure.gravatar.com\\\/avatar\\\/37d968a2e67a6fd04c169c4bdef102d0bc5d31b2546345219e348575eb80e9a0?s=96&d=mm&r=g\",\"contentUrl\":\"https:\\\/\\\/secure.gravatar.com\\\/avatar\\\/37d968a2e67a6fd04c169c4bdef102d0bc5d31b2546345219e348575eb80e9a0?s=96&d=mm&r=g\",\"caption\":\"redazione\"},\"sameAs\":[\"http:\\\/\\\/www.bellunopress.it\",\"https:\\\/\\\/x.com\\\/bellunopress\"],\"url\":\"https:\\\/\\\/www.bellunopress.it\\\/fr\\\/author\\\/redazione\\\/\"}]}<\/script>\n<!-- \/ Yoast SEO plugin. -->","yoast_head_json":{"title":"Val di Fanes. Ritrovata senza vita escursionista slovena - Bellunopress - Dolomiti","robots":{"index":"index","follow":"follow","max-snippet":"max-snippet:-1","max-image-preview":"max-image-preview:large","max-video-preview":"max-video-preview:-1"},"canonical":"https:\/\/www.bellunopress.it\/fr\/2026\/06\/09\/val-di-fanes-ricerche-in-corso-per-unescursionista-slovena\/","og_locale":"fr_FR","og_type":"article","og_title":"Val di Fanes. Ritrovata senza vita escursionista slovena - Bellunopress - Dolomiti","og_description":"Cortina d&#8217;Ampezzo (BL), 09 &#8211; 06 &#8211; 2026\u00a0 \u00a0 \u00c8 stata purtroppo ritrovata senza vita l&#8217;escursionista slovena, le cui ricerche erano state intraprese ieri sera, dopo la segnalazione della famiglia e il rinvenimento della sua auto parcheggiata in localit\u00e0 Felizon, all&#8217;entrata del Parco delle Dolomiti d&#8217;Ampezzo. La 54enne stava effettuando il giro delle Cascate di [&hellip;]","og_url":"https:\/\/www.bellunopress.it\/fr\/2026\/06\/09\/val-di-fanes-ricerche-in-corso-per-unescursionista-slovena\/","og_site_name":"Bellunopress - Dolomiti","article_publisher":"https:\/\/www.facebook.com\/profile.php?id=100008943462799","article_published_time":"2026-06-09T09:53:13+00:00","article_modified_time":"2026-06-09T16:35:05+00:00","og_image":[{"width":790,"height":423,"url":"https:\/\/www.bellunopress.it\/wp-content\/uploads\/2020\/11\/cnsas-corpo-nazionale-soccorso-alpino-e-speleologico_edited.jpg","type":"image\/jpeg"}],"author":"redazione","twitter_card":"summary_large_image","twitter_creator":"@bellunopress","twitter_site":"@bellunopress","twitter_misc":{"\u00c9crit par":"redazione","Dur\u00e9e de lecture estim\u00e9e":"3 minutes"},"schema":{"@context":"https:\/\/schema.org","@graph":[{"@type":"Article","@id":"https:\/\/www.bellunopress.it\/2026\/06\/09\/val-di-fanes-ricerche-in-corso-per-unescursionista-slovena\/#article","isPartOf":{"@id":"https:\/\/www.bellunopress.it\/2026\/06\/09\/val-di-fanes-ricerche-in-corso-per-unescursionista-slovena\/"},"author":{"name":"redazione","@id":"https:\/\/www.bellunopress.it\/#\/schema\/person\/79bb06722b37ece1c03d3e94beb30d73"},"headline":"Val di Fanes. Ritrovata senza vita escursionista slovena","datePublished":"2026-06-09T09:53:13+00:00","dateModified":"2026-06-09T16:35:05+00:00","mainEntityOfPage":{"@id":"https:\/\/www.bellunopress.it\/2026\/06\/09\/val-di-fanes-ricerche-in-corso-per-unescursionista-slovena\/"},"wordCount":484,"publisher":{"@id":"https:\/\/www.bellunopress.it\/#organization"},"image":{"@id":"https:\/\/www.bellunopress.it\/2026\/06\/09\/val-di-fanes-ricerche-in-corso-per-unescursionista-slovena\/#primaryimage"},"thumbnailUrl":"https:\/\/www.bellunopress.it\/wp-content\/uploads\/2020\/11\/cnsas-corpo-nazionale-soccorso-alpino-e-speleologico_edited.jpg","articleSection":["Cronaca\/Politica","Prima Pagina"],"inLanguage":"fr-FR"},{"@type":"WebPage","@id":"https:\/\/www.bellunopress.it\/2026\/06\/09\/val-di-fanes-ricerche-in-corso-per-unescursionista-slovena\/","url":"https:\/\/www.bellunopress.it\/2026\/06\/09\/val-di-fanes-ricerche-in-corso-per-unescursionista-slovena\/","name":"Val di Fanes. Ritrovata senza vita escursionista slovena - Bellunopress - Dolomiti","isPartOf":{"@id":"https:\/\/www.bellunopress.it\/#website"},"primaryImageOfPage":{"@id":"https:\/\/www.bellunopress.it\/2026\/06\/09\/val-di-fanes-ricerche-in-corso-per-unescursionista-slovena\/#primaryimage"},"image":{"@id":"https:\/\/www.bellunopress.it\/2026\/06\/09\/val-di-fanes-ricerche-in-corso-per-unescursionista-slovena\/#primaryimage"},"thumbnailUrl":"https:\/\/www.bellunopress.it\/wp-content\/uploads\/2020\/11\/cnsas-corpo-nazionale-soccorso-alpino-e-speleologico_edited.jpg","datePublished":"2026-06-09T09:53:13+00:00","dateModified":"2026-06-09T16:35:05+00:00","breadcrumb":{"@id":"https:\/\/www.bellunopress.it\/2026\/06\/09\/val-di-fanes-ricerche-in-corso-per-unescursionista-slovena\/#breadcrumb"},"inLanguage":"fr-FR","potentialAction":[{"@type":"ReadAction","target":["https:\/\/www.bellunopress.it\/2026\/06\/09\/val-di-fanes-ricerche-in-corso-per-unescursionista-slovena\/"]}]},{"@type":"ImageObject","inLanguage":"fr-FR","@id":"https:\/\/www.bellunopress.it\/2026\/06\/09\/val-di-fanes-ricerche-in-corso-per-unescursionista-slovena\/#primaryimage","url":"https:\/\/www.bellunopress.it\/wp-content\/uploads\/2020\/11\/cnsas-corpo-nazionale-soccorso-alpino-e-speleologico_edited.jpg","contentUrl":"https:\/\/www.bellunopress.it\/wp-content\/uploads\/2020\/11\/cnsas-corpo-nazionale-soccorso-alpino-e-speleologico_edited.jpg","width":790,"height":423,"caption":"Soccorso 118"},{"@type":"BreadcrumbList","@id":"https:\/\/www.bellunopress.it\/2026\/06\/09\/val-di-fanes-ricerche-in-corso-per-unescursionista-slovena\/#breadcrumb","itemListElement":[{"@type":"ListItem","position":1,"name":"Home","item":"https:\/\/www.bellunopress.it\/"},{"@type":"ListItem","position":2,"name":"Val di Fanes. Ritrovata senza vita escursionista slovena"}]},{"@type":"WebSite","@id":"https:\/\/www.bellunopress.it\/#website","url":"https:\/\/www.bellunopress.it\/","name":"Bellunopress - Dolomiti","description":"e-mail: redazione@bellunopress.it","publisher":{"@id":"https:\/\/www.bellunopress.it\/#organization"},"potentialAction":[{"@type":"SearchAction","target":{"@type":"EntryPoint","urlTemplate":"https:\/\/www.bellunopress.it\/?s={search_term_string}"},"query-input":{"@type":"PropertyValueSpecification","valueRequired":true,"valueName":"search_term_string"}}],"inLanguage":"fr-FR"},{"@type":"Organization","@id":"https:\/\/www.bellunopress.it\/#organization","name":"Bellunopress","url":"https:\/\/www.bellunopress.it\/","logo":{"@type":"ImageObject","inLanguage":"fr-FR","@id":"https:\/\/www.bellunopress.it\/#\/schema\/logo\/image\/","url":"https:\/\/www.bellunopress.it\/wp-content\/uploads\/2011\/05\/cropped-logo-bellunopress-.jpg","contentUrl":"https:\/\/www.bellunopress.it\/wp-content\/uploads\/2011\/05\/cropped-logo-bellunopress-.jpg","width":512,"height":512,"caption":"Bellunopress"},"image":{"@id":"https:\/\/www.bellunopress.it\/#\/schema\/logo\/image\/"},"sameAs":["https:\/\/www.facebook.com\/profile.php?id=100008943462799","https:\/\/x.com\/bellunopress","https:\/\/www.linkedin.com\/hp\/?dnr=JBzUWaJfMUw8vbXJJ2tVW5-I3jZKvC4wsoxE&amp;amp;amp;amp;amp;amp;trk=nav_responsive_tab_home","https:\/\/www.youtube.com\/channel\/UCxL0wu1uN0_3_7hGG0306cw"]},{"@type":"Person","@id":"https:\/\/www.bellunopress.it\/#\/schema\/person\/79bb06722b37ece1c03d3e94beb30d73","name":"r\u00e9daction","image":{"@type":"ImageObject","inLanguage":"fr-FR","@id":"https:\/\/secure.gravatar.com\/avatar\/37d968a2e67a6fd04c169c4bdef102d0bc5d31b2546345219e348575eb80e9a0?s=96&d=mm&r=g","url":"https:\/\/secure.gravatar.com\/avatar\/37d968a2e67a6fd04c169c4bdef102d0bc5d31b2546345219e348575eb80e9a0?s=96&d=mm&r=g","contentUrl":"https:\/\/secure.gravatar.com\/avatar\/37d968a2e67a6fd04c169c4bdef102d0bc5d31b2546345219e348575eb80e9a0?s=96&d=mm&r=g","caption":"redazione"},"sameAs":["http:\/\/www.bellunopress.it","https:\/\/x.com\/bellunopress"],"url":"https:\/\/www.bellunopress.it\/fr\/author\/redazione\/"}]}},"_links":{"self":[{"href":"https:\/\/www.bellunopress.it\/fr\/wp-json\/wp\/v2\/posts\/170829","targetHints":{"allow":["GET"]}}],"collection":[{"href":"https:\/\/www.bellunopress.it\/fr\/wp-json\/wp\/v2\/posts"}],"about":[{"href":"https:\/\/www.bellunopress.it\/fr\/wp-json\/wp\/v2\/types\/post"}],"author":[{"embeddable":true,"href":"https:\/\/www.bellunopress.it\/fr\/wp-json\/wp\/v2\/users\/2"}],"replies":[{"embeddable":true,"href":"https:\/\/www.bellunopress.it\/fr\/wp-json\/wp\/v2\/comments?post=170829"}],"version-history":[{"count":3,"href":"https:\/\/www.bellunopress.it\/fr\/wp-json\/wp\/v2\/posts\/170829\/revisions"}],"predecessor-version":[{"id":170847,"href":"https:\/\/www.bellunopress.it\/fr\/wp-json\/wp\/v2\/posts\/170829\/revisions\/170847"}],"wp:featuredmedia":[{"embeddable":true,"href":"https:\/\/www.bellunopress.it\/fr\/wp-json\/wp\/v2\/media\/119120"}],"wp:attachment":[{"href":"https:\/\/www.bellunopress.it\/fr\/wp-json\/wp\/v2\/media?parent=170829"}],"wp:term":[{"taxonomy":"category","embeddable":true,"href":"https:\/\/www.bellunopress.it\/fr\/wp-json\/wp\/v2\/categories?post=170829"},{"taxonomy":"post_tag","embeddable":true,"href":"https:\/\/www.bellunopress.it\/fr\/wp-json\/wp\/v2\/tags?post=170829"}],"curies":[{"name":"wp","href":"https:\/\/api.w.org\/{rel}","templated":true}]}}