{"id":170823,"date":"2026-06-08T16:48:59","date_gmt":"2026-06-08T14:48:59","guid":{"rendered":"https:\/\/www.bellunopress.it\/?p=170823"},"modified":"2026-06-08T18:45:42","modified_gmt":"2026-06-08T16:45:42","slug":"belluno-si-dimette-lassessore-marco-dal-pont-coinvolta-la-mia-famiglia-cosa-succede-ora","status":"publish","type":"post","link":"https:\/\/www.bellunopress.it\/fr\/2026\/06\/08\/belluno-si-dimette-lassessore-marco-dal-pont-coinvolta-la-mia-famiglia-cosa-succede-ora\/","title":{"rendered":"Belluno, si dimette l\u2019assessore Marco Dal Pont: &#8220;Coinvolta la mia famiglia&#8221;. Cosa succede ora"},"content":{"rendered":"<p data-path-to-node=\"3\">Belluno, luned\u00ec 8 giugno 2026 \u2013 Si \u00e8 chiusa oggi l\u2019esperienza amministrativa di Marco Dal Pont all\u2019interno della giunta del Comune di Belluno. L\u2019assessore alle politiche sociali e alla famiglia ha formalizzato questa mattina le proprie dimissioni, rimettendo ufficialmente le deleghe nelle mani del sindaco, Oscar De Pellegrin.<\/p>\n<p data-path-to-node=\"5\">La scelta, maturata nel corso dell\u2019ultima settimana, \u00e8 arrivata come diretta conseguenza di una vicenda di cronaca che ha colpito la sfera privata dell&#8217;oramai ex assessore. \u00abAlla luce di quanto accaduto e del coinvolgimento della mia famiglia, ho ritenuto opportuno rimettere le deleghe nelle mani del sindaco\u00bb, ha dichiarato Dal Pont nel comunicato che ufficializza l&#8217;addio.<\/p>\n<p data-path-to-node=\"7\">All\u2019origine della decisione vi \u00e8 il coinvolgimento del figlio di Dal Pont, Luca, nel grave episodio di violenza avvenuto lo scorso marzo, quando un gruppo di giovani si era reso protagonista del pestaggio ai danni di un cittadino egiziano. Sebbene la notizia dell\u2019aggressione fosse di dominio pubblico da tempo, il legame tra uno dei giovani coinvolti e l\u2019assessore era emerso solo una settimana fa, scatenando un acceso dibattito in citt\u00e0 e mettendo in discussione la posizione politica di Dal Pont.<\/p>\n<h3 data-path-to-node=\"8\">Cosa prevede lo Statuto<\/h3>\n<p data-path-to-node=\"9\">L&#8217;uscita di scena di Dal Pont segue un percorso amministrativo ben definito. Ai sensi dell&#8217;articolo 28, comma 2, dello Statuto Comunale di Belluno, le dimissioni presentate dall&#8217;assessore diventano irrevocabili ed efficaci solo dopo il decorso di 20 giorni dalla loro presentazione al Sindaco.<\/p>\n<p data-path-to-node=\"10\">Questo significa che, da oggi, si apre un periodo di &#8220;riflessione&#8221; tecnica:<\/p>\n<ul data-path-to-node=\"11\">\n<li>\n<p data-path-to-node=\"11,0,0\">Accettazione immediata: Il sindaco Oscar De Pellegrin ha la facolt\u00e0 di accettare le dimissioni prima della scadenza dei 20 giorni. In questo caso, le dimissioni diventerebbero efficaci immediatamente, rendendo il posto in giunta vacante fin da subito.<\/p>\n<\/li>\n<li>\n<p data-path-to-node=\"11,1,0\">Decorso automatico: Qualora il Sindaco non esprima una volont\u00e0 in tempi brevi, le dimissioni diverranno operative in modo automatico al ventunesimo giorno.<\/p>\n<\/li>\n<\/ul>\n<h3 data-path-to-node=\"12\">Cosa succede ora?<\/h3>\n<p data-path-to-node=\"13\">L&#8217;immediato futuro dell&#8217;amministrazione De Pellegrin sar\u00e0 ora focalizzato sulla gestione del vuoto lasciato da Dal Pont. Le deleghe alle Politiche Sociali e alla Famiglia rappresentano un settore strategico e complesso, che richiede una guida stabile.<\/p>\n<p data-path-to-node=\"14\">Il sindaco si trova ora di fronte a tre scenari principali:<\/p>\n<ol start=\"1\" data-path-to-node=\"15\">\n<li>\n<p data-path-to-node=\"15,0,0\">Distribuzione interna: De Pellegrin potrebbe decidere di avocare temporaneamente a s\u00e9 le deleghe, oppure redistribuirle tra gli altri membri dell&#8217;attuale giunta, garantendo una continuit\u00e0 operativa senza procedere a nuove nomine.<\/p>\n<\/li>\n<li>\n<p data-path-to-node=\"15,1,0\">Nomina di un nuovo assessore: il primo cittadino potrebbe optare per una sostituzione, cercando una nuova figura politica o tecnica che possa occuparsi di tali delicati ambiti.<\/p>\n<\/li>\n<li>Convincere l&#8217;assessore al ritiro delle dmissionii: il sindaco non ha il potere di &#8220;respingere&#8221; le dimissioni contro la volont\u00e0 dell&#8217;assessore, ma pu\u00f2 certamente incoraggiare il suo assessore a ritirarle, astenendosi nel frattempo dal formalizzare l&#8217;accettazione dell&#8217;atto. Se per\u00f2 Dal Pont confermasse la propria volont\u00e0 di lasciare, le dimissioni diventerebbero, in ogni caso, ineluttabili allo scadere del ventesimo giorno. Se per\u00f2 il sindaco Oscar De Pellegrin ritiene che le motivazioni personali siano superabili e che il rapporto di fiducia sia ancora intatto, potrebbe esercitare una pressione politica affinch\u00e9 Dal Pont faccia un passo indietro rispetto alla sua decisione di dimettersi. Il tutto deve concludersi entro 20 giorni da oggi.<\/li>\n<\/ol>\n<p data-path-to-node=\"16\">Nei prossimi giorni quindi si attendono segnali da parte del Primo cittadino, chiamato a ricomporre il quadro di giunta in un momento di particolare tensione politica e sociale per la comunit\u00e0 bellunese.<\/p>","protected":false},"excerpt":{"rendered":"<p>Belluno, luned\u00ec 8 giugno 2026 \u2013 Si \u00e8 chiusa oggi l\u2019esperienza amministrativa di Marco Dal Pont all\u2019interno della giunta del Comune di Belluno. L\u2019assessore alle politiche sociali e alla famiglia ha formalizzato questa mattina le proprie dimissioni, rimettendo ufficialmente le deleghe nelle mani del sindaco, Oscar De Pellegrin. La scelta, maturata nel corso dell\u2019ultima settimana, [&hellip;]<\/p>\n","protected":false},"author":2,"featured_media":112706,"comment_status":"closed","ping_status":"open","sticky":false,"template":"","format":"standard","meta":{"footnotes":""},"categories":[5,3446,26],"tags":[],"class_list":["post-170823","post","type-post","status-publish","format-standard","has-post-thumbnail","category-cronaca","category-featured","category-prima-pagina"],"yoast_head":"<!-- This site is optimized with the Yoast SEO plugin v28.4 - https:\/\/yoast.com\/product\/yoast-seo-wordpress\/ -->\n<title>Belluno, si dimette l\u2019assessore Marco Dal Pont: &quot;Coinvolta la mia famiglia&quot;. Cosa succede ora - Bellunopress - Dolomiti<\/title>\n<meta name=\"robots\" content=\"index, follow, max-snippet:-1, max-image-preview:large, max-video-preview:-1\" \/>\n<link rel=\"canonical\" href=\"https:\/\/www.bellunopress.it\/fr\/2026\/06\/08\/belluno-si-dimette-lassessore-marco-dal-pont-coinvolta-la-mia-famiglia-cosa-succede-ora\/\" \/>\n<meta property=\"og:locale\" content=\"fr_FR\" \/>\n<meta property=\"og:type\" content=\"article\" \/>\n<meta property=\"og:title\" content=\"Belluno, si dimette l\u2019assessore Marco Dal Pont: &quot;Coinvolta la mia famiglia&quot;. Cosa succede ora - Bellunopress - Dolomiti\" \/>\n<meta property=\"og:description\" content=\"Belluno, luned\u00ec 8 giugno 2026 \u2013 Si \u00e8 chiusa oggi l\u2019esperienza amministrativa di Marco Dal Pont all\u2019interno della giunta del Comune di Belluno. L\u2019assessore alle politiche sociali e alla famiglia ha formalizzato questa mattina le proprie dimissioni, rimettendo ufficialmente le deleghe nelle mani del sindaco, Oscar De Pellegrin. La scelta, maturata nel corso dell\u2019ultima settimana, [&hellip;]\" \/>\n<meta property=\"og:url\" content=\"https:\/\/www.bellunopress.it\/fr\/2026\/06\/08\/belluno-si-dimette-lassessore-marco-dal-pont-coinvolta-la-mia-famiglia-cosa-succede-ora\/\" \/>\n<meta property=\"og:site_name\" content=\"Bellunopress - Dolomiti\" \/>\n<meta property=\"article:publisher\" content=\"https:\/\/www.facebook.com\/profile.php?id=100008943462799\" \/>\n<meta property=\"article:published_time\" content=\"2026-06-08T14:48:59+00:00\" \/>\n<meta property=\"article:modified_time\" content=\"2026-06-08T16:45:42+00:00\" \/>\n<meta property=\"og:image\" content=\"https:\/\/www.bellunopress.it\/wp-content\/uploads\/2020\/03\/palazzo-rosso-notte.jpg\" \/>\n\t<meta property=\"og:image:width\" content=\"900\" \/>\n\t<meta property=\"og:image:height\" content=\"688\" \/>\n\t<meta property=\"og:image:type\" content=\"image\/jpeg\" \/>\n<meta name=\"author\" content=\"redazione\" \/>\n<meta name=\"twitter:card\" content=\"summary_large_image\" \/>\n<meta name=\"twitter:creator\" content=\"@bellunopress\" \/>\n<meta name=\"twitter:site\" content=\"@bellunopress\" \/>\n<meta name=\"twitter:label1\" content=\"\u00c9crit par\" \/>\n\t<meta name=\"twitter:data1\" content=\"redazione\" \/>\n\t<meta name=\"twitter:label2\" content=\"Dur\u00e9e de lecture estim\u00e9e\" \/>\n\t<meta name=\"twitter:data2\" content=\"4 minutes\" \/>\n<script type=\"application\/ld+json\" class=\"yoast-schema-graph\">{\"@context\":\"https:\\\/\\\/schema.org\",\"@graph\":[{\"@type\":\"Article\",\"@id\":\"https:\\\/\\\/www.bellunopress.it\\\/2026\\\/06\\\/08\\\/belluno-si-dimette-lassessore-marco-dal-pont-coinvolta-la-mia-famiglia-cosa-succede-ora\\\/#article\",\"isPartOf\":{\"@id\":\"https:\\\/\\\/www.bellunopress.it\\\/2026\\\/06\\\/08\\\/belluno-si-dimette-lassessore-marco-dal-pont-coinvolta-la-mia-famiglia-cosa-succede-ora\\\/\"},\"author\":{\"name\":\"redazione\",\"@id\":\"https:\\\/\\\/www.bellunopress.it\\\/#\\\/schema\\\/person\\\/79bb06722b37ece1c03d3e94beb30d73\"},\"headline\":\"Belluno, si dimette l\u2019assessore Marco Dal Pont: &#8220;Coinvolta la mia famiglia&#8221;. Cosa succede ora\",\"datePublished\":\"2026-06-08T14:48:59+00:00\",\"dateModified\":\"2026-06-08T16:45:42+00:00\",\"mainEntityOfPage\":{\"@id\":\"https:\\\/\\\/www.bellunopress.it\\\/2026\\\/06\\\/08\\\/belluno-si-dimette-lassessore-marco-dal-pont-coinvolta-la-mia-famiglia-cosa-succede-ora\\\/\"},\"wordCount\":571,\"publisher\":{\"@id\":\"https:\\\/\\\/www.bellunopress.it\\\/#organization\"},\"image\":{\"@id\":\"https:\\\/\\\/www.bellunopress.it\\\/2026\\\/06\\\/08\\\/belluno-si-dimette-lassessore-marco-dal-pont-coinvolta-la-mia-famiglia-cosa-succede-ora\\\/#primaryimage\"},\"thumbnailUrl\":\"https:\\\/\\\/www.bellunopress.it\\\/wp-content\\\/uploads\\\/2020\\\/03\\\/palazzo-rosso-notte.jpg\",\"articleSection\":[\"Cronaca\\\/Politica\",\"Featured\",\"Prima Pagina\"],\"inLanguage\":\"fr-FR\"},{\"@type\":\"WebPage\",\"@id\":\"https:\\\/\\\/www.bellunopress.it\\\/2026\\\/06\\\/08\\\/belluno-si-dimette-lassessore-marco-dal-pont-coinvolta-la-mia-famiglia-cosa-succede-ora\\\/\",\"url\":\"https:\\\/\\\/www.bellunopress.it\\\/2026\\\/06\\\/08\\\/belluno-si-dimette-lassessore-marco-dal-pont-coinvolta-la-mia-famiglia-cosa-succede-ora\\\/\",\"name\":\"Belluno, si dimette l\u2019assessore Marco Dal Pont: \\\"Coinvolta la mia famiglia\\\". Cosa succede ora - Bellunopress - Dolomiti\",\"isPartOf\":{\"@id\":\"https:\\\/\\\/www.bellunopress.it\\\/#website\"},\"primaryImageOfPage\":{\"@id\":\"https:\\\/\\\/www.bellunopress.it\\\/2026\\\/06\\\/08\\\/belluno-si-dimette-lassessore-marco-dal-pont-coinvolta-la-mia-famiglia-cosa-succede-ora\\\/#primaryimage\"},\"image\":{\"@id\":\"https:\\\/\\\/www.bellunopress.it\\\/2026\\\/06\\\/08\\\/belluno-si-dimette-lassessore-marco-dal-pont-coinvolta-la-mia-famiglia-cosa-succede-ora\\\/#primaryimage\"},\"thumbnailUrl\":\"https:\\\/\\\/www.bellunopress.it\\\/wp-content\\\/uploads\\\/2020\\\/03\\\/palazzo-rosso-notte.jpg\",\"datePublished\":\"2026-06-08T14:48:59+00:00\",\"dateModified\":\"2026-06-08T16:45:42+00:00\",\"breadcrumb\":{\"@id\":\"https:\\\/\\\/www.bellunopress.it\\\/2026\\\/06\\\/08\\\/belluno-si-dimette-lassessore-marco-dal-pont-coinvolta-la-mia-famiglia-cosa-succede-ora\\\/#breadcrumb\"},\"inLanguage\":\"fr-FR\",\"potentialAction\":[{\"@type\":\"ReadAction\",\"target\":[\"https:\\\/\\\/www.bellunopress.it\\\/2026\\\/06\\\/08\\\/belluno-si-dimette-lassessore-marco-dal-pont-coinvolta-la-mia-famiglia-cosa-succede-ora\\\/\"]}]},{\"@type\":\"ImageObject\",\"inLanguage\":\"fr-FR\",\"@id\":\"https:\\\/\\\/www.bellunopress.it\\\/2026\\\/06\\\/08\\\/belluno-si-dimette-lassessore-marco-dal-pont-coinvolta-la-mia-famiglia-cosa-succede-ora\\\/#primaryimage\",\"url\":\"https:\\\/\\\/www.bellunopress.it\\\/wp-content\\\/uploads\\\/2020\\\/03\\\/palazzo-rosso-notte.jpg\",\"contentUrl\":\"https:\\\/\\\/www.bellunopress.it\\\/wp-content\\\/uploads\\\/2020\\\/03\\\/palazzo-rosso-notte.jpg\",\"width\":900,\"height\":688,\"caption\":\"Palazzo Rosso, sede dell'Amministrazione comunale di Belluno\"},{\"@type\":\"BreadcrumbList\",\"@id\":\"https:\\\/\\\/www.bellunopress.it\\\/2026\\\/06\\\/08\\\/belluno-si-dimette-lassessore-marco-dal-pont-coinvolta-la-mia-famiglia-cosa-succede-ora\\\/#breadcrumb\",\"itemListElement\":[{\"@type\":\"ListItem\",\"position\":1,\"name\":\"Home\",\"item\":\"https:\\\/\\\/www.bellunopress.it\\\/\"},{\"@type\":\"ListItem\",\"position\":2,\"name\":\"Belluno, si dimette l\u2019assessore Marco Dal Pont: &#8220;Coinvolta la mia famiglia&#8221;. Cosa succede ora\"}]},{\"@type\":\"WebSite\",\"@id\":\"https:\\\/\\\/www.bellunopress.it\\\/#website\",\"url\":\"https:\\\/\\\/www.bellunopress.it\\\/\",\"name\":\"Bellunopress - Dolomiti\",\"description\":\"e-mail: redazione@bellunopress.it\",\"publisher\":{\"@id\":\"https:\\\/\\\/www.bellunopress.it\\\/#organization\"},\"potentialAction\":[{\"@type\":\"SearchAction\",\"target\":{\"@type\":\"EntryPoint\",\"urlTemplate\":\"https:\\\/\\\/www.bellunopress.it\\\/?s={search_term_string}\"},\"query-input\":{\"@type\":\"PropertyValueSpecification\",\"valueRequired\":true,\"valueName\":\"search_term_string\"}}],\"inLanguage\":\"fr-FR\"},{\"@type\":\"Organization\",\"@id\":\"https:\\\/\\\/www.bellunopress.it\\\/#organization\",\"name\":\"Bellunopress\",\"url\":\"https:\\\/\\\/www.bellunopress.it\\\/\",\"logo\":{\"@type\":\"ImageObject\",\"inLanguage\":\"fr-FR\",\"@id\":\"https:\\\/\\\/www.bellunopress.it\\\/#\\\/schema\\\/logo\\\/image\\\/\",\"url\":\"https:\\\/\\\/www.bellunopress.it\\\/wp-content\\\/uploads\\\/2011\\\/05\\\/cropped-logo-bellunopress-.jpg\",\"contentUrl\":\"https:\\\/\\\/www.bellunopress.it\\\/wp-content\\\/uploads\\\/2011\\\/05\\\/cropped-logo-bellunopress-.jpg\",\"width\":512,\"height\":512,\"caption\":\"Bellunopress\"},\"image\":{\"@id\":\"https:\\\/\\\/www.bellunopress.it\\\/#\\\/schema\\\/logo\\\/image\\\/\"},\"sameAs\":[\"https:\\\/\\\/www.facebook.com\\\/profile.php?id=100008943462799\",\"https:\\\/\\\/x.com\\\/bellunopress\",\"https:\\\/\\\/www.linkedin.com\\\/hp\\\/?dnr=JBzUWaJfMUw8vbXJJ2tVW5-I3jZKvC4wsoxE&amp;amp;amp;amp;amp;amp;trk=nav_responsive_tab_home\",\"https:\\\/\\\/www.youtube.com\\\/channel\\\/UCxL0wu1uN0_3_7hGG0306cw\"]},{\"@type\":\"Person\",\"@id\":\"https:\\\/\\\/www.bellunopress.it\\\/#\\\/schema\\\/person\\\/79bb06722b37ece1c03d3e94beb30d73\",\"name\":\"redazione\",\"image\":{\"@type\":\"ImageObject\",\"inLanguage\":\"fr-FR\",\"@id\":\"https:\\\/\\\/secure.gravatar.com\\\/avatar\\\/37d968a2e67a6fd04c169c4bdef102d0bc5d31b2546345219e348575eb80e9a0?s=96&d=mm&r=g\",\"url\":\"https:\\\/\\\/secure.gravatar.com\\\/avatar\\\/37d968a2e67a6fd04c169c4bdef102d0bc5d31b2546345219e348575eb80e9a0?s=96&d=mm&r=g\",\"contentUrl\":\"https:\\\/\\\/secure.gravatar.com\\\/avatar\\\/37d968a2e67a6fd04c169c4bdef102d0bc5d31b2546345219e348575eb80e9a0?s=96&d=mm&r=g\",\"caption\":\"redazione\"},\"sameAs\":[\"http:\\\/\\\/www.bellunopress.it\",\"https:\\\/\\\/x.com\\\/bellunopress\"],\"url\":\"https:\\\/\\\/www.bellunopress.it\\\/fr\\\/author\\\/redazione\\\/\"}]}<\/script>\n<!-- \/ Yoast SEO plugin. -->","yoast_head_json":{"title":"Belluno, si dimette l\u2019assessore Marco Dal Pont: \"Coinvolta la mia famiglia\". Cosa succede ora - Bellunopress - Dolomiti","robots":{"index":"index","follow":"follow","max-snippet":"max-snippet:-1","max-image-preview":"max-image-preview:large","max-video-preview":"max-video-preview:-1"},"canonical":"https:\/\/www.bellunopress.it\/fr\/2026\/06\/08\/belluno-si-dimette-lassessore-marco-dal-pont-coinvolta-la-mia-famiglia-cosa-succede-ora\/","og_locale":"fr_FR","og_type":"article","og_title":"Belluno, si dimette l\u2019assessore Marco Dal Pont: \"Coinvolta la mia famiglia\". Cosa succede ora - Bellunopress - Dolomiti","og_description":"Belluno, luned\u00ec 8 giugno 2026 \u2013 Si \u00e8 chiusa oggi l\u2019esperienza amministrativa di Marco Dal Pont all\u2019interno della giunta del Comune di Belluno. L\u2019assessore alle politiche sociali e alla famiglia ha formalizzato questa mattina le proprie dimissioni, rimettendo ufficialmente le deleghe nelle mani del sindaco, Oscar De Pellegrin. La scelta, maturata nel corso dell\u2019ultima settimana, [&hellip;]","og_url":"https:\/\/www.bellunopress.it\/fr\/2026\/06\/08\/belluno-si-dimette-lassessore-marco-dal-pont-coinvolta-la-mia-famiglia-cosa-succede-ora\/","og_site_name":"Bellunopress - Dolomiti","article_publisher":"https:\/\/www.facebook.com\/profile.php?id=100008943462799","article_published_time":"2026-06-08T14:48:59+00:00","article_modified_time":"2026-06-08T16:45:42+00:00","og_image":[{"width":900,"height":688,"url":"https:\/\/www.bellunopress.it\/wp-content\/uploads\/2020\/03\/palazzo-rosso-notte.jpg","type":"image\/jpeg"}],"author":"redazione","twitter_card":"summary_large_image","twitter_creator":"@bellunopress","twitter_site":"@bellunopress","twitter_misc":{"\u00c9crit par":"redazione","Dur\u00e9e de lecture estim\u00e9e":"4 minutes"},"schema":{"@context":"https:\/\/schema.org","@graph":[{"@type":"Article","@id":"https:\/\/www.bellunopress.it\/2026\/06\/08\/belluno-si-dimette-lassessore-marco-dal-pont-coinvolta-la-mia-famiglia-cosa-succede-ora\/#article","isPartOf":{"@id":"https:\/\/www.bellunopress.it\/2026\/06\/08\/belluno-si-dimette-lassessore-marco-dal-pont-coinvolta-la-mia-famiglia-cosa-succede-ora\/"},"author":{"name":"redazione","@id":"https:\/\/www.bellunopress.it\/#\/schema\/person\/79bb06722b37ece1c03d3e94beb30d73"},"headline":"Belluno, si dimette l\u2019assessore Marco Dal Pont: &#8220;Coinvolta la mia famiglia&#8221;. Cosa succede ora","datePublished":"2026-06-08T14:48:59+00:00","dateModified":"2026-06-08T16:45:42+00:00","mainEntityOfPage":{"@id":"https:\/\/www.bellunopress.it\/2026\/06\/08\/belluno-si-dimette-lassessore-marco-dal-pont-coinvolta-la-mia-famiglia-cosa-succede-ora\/"},"wordCount":571,"publisher":{"@id":"https:\/\/www.bellunopress.it\/#organization"},"image":{"@id":"https:\/\/www.bellunopress.it\/2026\/06\/08\/belluno-si-dimette-lassessore-marco-dal-pont-coinvolta-la-mia-famiglia-cosa-succede-ora\/#primaryimage"},"thumbnailUrl":"https:\/\/www.bellunopress.it\/wp-content\/uploads\/2020\/03\/palazzo-rosso-notte.jpg","articleSection":["Cronaca\/Politica","Featured","Prima Pagina"],"inLanguage":"fr-FR"},{"@type":"WebPage","@id":"https:\/\/www.bellunopress.it\/2026\/06\/08\/belluno-si-dimette-lassessore-marco-dal-pont-coinvolta-la-mia-famiglia-cosa-succede-ora\/","url":"https:\/\/www.bellunopress.it\/2026\/06\/08\/belluno-si-dimette-lassessore-marco-dal-pont-coinvolta-la-mia-famiglia-cosa-succede-ora\/","name":"Belluno, si dimette l\u2019assessore Marco Dal Pont: \"Coinvolta la mia famiglia\". Cosa succede ora - Bellunopress - Dolomiti","isPartOf":{"@id":"https:\/\/www.bellunopress.it\/#website"},"primaryImageOfPage":{"@id":"https:\/\/www.bellunopress.it\/2026\/06\/08\/belluno-si-dimette-lassessore-marco-dal-pont-coinvolta-la-mia-famiglia-cosa-succede-ora\/#primaryimage"},"image":{"@id":"https:\/\/www.bellunopress.it\/2026\/06\/08\/belluno-si-dimette-lassessore-marco-dal-pont-coinvolta-la-mia-famiglia-cosa-succede-ora\/#primaryimage"},"thumbnailUrl":"https:\/\/www.bellunopress.it\/wp-content\/uploads\/2020\/03\/palazzo-rosso-notte.jpg","datePublished":"2026-06-08T14:48:59+00:00","dateModified":"2026-06-08T16:45:42+00:00","breadcrumb":{"@id":"https:\/\/www.bellunopress.it\/2026\/06\/08\/belluno-si-dimette-lassessore-marco-dal-pont-coinvolta-la-mia-famiglia-cosa-succede-ora\/#breadcrumb"},"inLanguage":"fr-FR","potentialAction":[{"@type":"ReadAction","target":["https:\/\/www.bellunopress.it\/2026\/06\/08\/belluno-si-dimette-lassessore-marco-dal-pont-coinvolta-la-mia-famiglia-cosa-succede-ora\/"]}]},{"@type":"ImageObject","inLanguage":"fr-FR","@id":"https:\/\/www.bellunopress.it\/2026\/06\/08\/belluno-si-dimette-lassessore-marco-dal-pont-coinvolta-la-mia-famiglia-cosa-succede-ora\/#primaryimage","url":"https:\/\/www.bellunopress.it\/wp-content\/uploads\/2020\/03\/palazzo-rosso-notte.jpg","contentUrl":"https:\/\/www.bellunopress.it\/wp-content\/uploads\/2020\/03\/palazzo-rosso-notte.jpg","width":900,"height":688,"caption":"Palazzo Rosso, sede dell'Amministrazione comunale di Belluno"},{"@type":"BreadcrumbList","@id":"https:\/\/www.bellunopress.it\/2026\/06\/08\/belluno-si-dimette-lassessore-marco-dal-pont-coinvolta-la-mia-famiglia-cosa-succede-ora\/#breadcrumb","itemListElement":[{"@type":"ListItem","position":1,"name":"Home","item":"https:\/\/www.bellunopress.it\/"},{"@type":"ListItem","position":2,"name":"Belluno, si dimette l\u2019assessore Marco Dal Pont: &#8220;Coinvolta la mia famiglia&#8221;. Cosa succede ora"}]},{"@type":"WebSite","@id":"https:\/\/www.bellunopress.it\/#website","url":"https:\/\/www.bellunopress.it\/","name":"Bellunopress - Dolomiti","description":"e-mail: redazione@bellunopress.it","publisher":{"@id":"https:\/\/www.bellunopress.it\/#organization"},"potentialAction":[{"@type":"SearchAction","target":{"@type":"EntryPoint","urlTemplate":"https:\/\/www.bellunopress.it\/?s={search_term_string}"},"query-input":{"@type":"PropertyValueSpecification","valueRequired":true,"valueName":"search_term_string"}}],"inLanguage":"fr-FR"},{"@type":"Organization","@id":"https:\/\/www.bellunopress.it\/#organization","name":"Bellunopress","url":"https:\/\/www.bellunopress.it\/","logo":{"@type":"ImageObject","inLanguage":"fr-FR","@id":"https:\/\/www.bellunopress.it\/#\/schema\/logo\/image\/","url":"https:\/\/www.bellunopress.it\/wp-content\/uploads\/2011\/05\/cropped-logo-bellunopress-.jpg","contentUrl":"https:\/\/www.bellunopress.it\/wp-content\/uploads\/2011\/05\/cropped-logo-bellunopress-.jpg","width":512,"height":512,"caption":"Bellunopress"},"image":{"@id":"https:\/\/www.bellunopress.it\/#\/schema\/logo\/image\/"},"sameAs":["https:\/\/www.facebook.com\/profile.php?id=100008943462799","https:\/\/x.com\/bellunopress","https:\/\/www.linkedin.com\/hp\/?dnr=JBzUWaJfMUw8vbXJJ2tVW5-I3jZKvC4wsoxE&amp;amp;amp;amp;amp;amp;trk=nav_responsive_tab_home","https:\/\/www.youtube.com\/channel\/UCxL0wu1uN0_3_7hGG0306cw"]},{"@type":"Person","@id":"https:\/\/www.bellunopress.it\/#\/schema\/person\/79bb06722b37ece1c03d3e94beb30d73","name":"r\u00e9daction","image":{"@type":"ImageObject","inLanguage":"fr-FR","@id":"https:\/\/secure.gravatar.com\/avatar\/37d968a2e67a6fd04c169c4bdef102d0bc5d31b2546345219e348575eb80e9a0?s=96&d=mm&r=g","url":"https:\/\/secure.gravatar.com\/avatar\/37d968a2e67a6fd04c169c4bdef102d0bc5d31b2546345219e348575eb80e9a0?s=96&d=mm&r=g","contentUrl":"https:\/\/secure.gravatar.com\/avatar\/37d968a2e67a6fd04c169c4bdef102d0bc5d31b2546345219e348575eb80e9a0?s=96&d=mm&r=g","caption":"redazione"},"sameAs":["http:\/\/www.bellunopress.it","https:\/\/x.com\/bellunopress"],"url":"https:\/\/www.bellunopress.it\/fr\/author\/redazione\/"}]}},"_links":{"self":[{"href":"https:\/\/www.bellunopress.it\/fr\/wp-json\/wp\/v2\/posts\/170823","targetHints":{"allow":["GET"]}}],"collection":[{"href":"https:\/\/www.bellunopress.it\/fr\/wp-json\/wp\/v2\/posts"}],"about":[{"href":"https:\/\/www.bellunopress.it\/fr\/wp-json\/wp\/v2\/types\/post"}],"author":[{"embeddable":true,"href":"https:\/\/www.bellunopress.it\/fr\/wp-json\/wp\/v2\/users\/2"}],"replies":[{"embeddable":true,"href":"https:\/\/www.bellunopress.it\/fr\/wp-json\/wp\/v2\/comments?post=170823"}],"version-history":[{"count":3,"href":"https:\/\/www.bellunopress.it\/fr\/wp-json\/wp\/v2\/posts\/170823\/revisions"}],"predecessor-version":[{"id":170826,"href":"https:\/\/www.bellunopress.it\/fr\/wp-json\/wp\/v2\/posts\/170823\/revisions\/170826"}],"wp:featuredmedia":[{"embeddable":true,"href":"https:\/\/www.bellunopress.it\/fr\/wp-json\/wp\/v2\/media\/112706"}],"wp:attachment":[{"href":"https:\/\/www.bellunopress.it\/fr\/wp-json\/wp\/v2\/media?parent=170823"}],"wp:term":[{"taxonomy":"category","embeddable":true,"href":"https:\/\/www.bellunopress.it\/fr\/wp-json\/wp\/v2\/categories?post=170823"},{"taxonomy":"post_tag","embeddable":true,"href":"https:\/\/www.bellunopress.it\/fr\/wp-json\/wp\/v2\/tags?post=170823"}],"curies":[{"name":"wp","href":"https:\/\/api.w.org\/{rel}","templated":true}]}}