{"id":170821,"date":"2026-06-08T16:31:10","date_gmt":"2026-06-08T14:31:10","guid":{"rendered":"https:\/\/www.bellunopress.it\/?p=170821"},"modified":"2026-06-08T16:31:10","modified_gmt":"2026-06-08T14:31:10","slug":"belluno-pride-sabato-13-giugno-il-programma","status":"publish","type":"post","link":"https:\/\/www.bellunopress.it\/fr\/2026\/06\/08\/belluno-pride-sabato-13-giugno-il-programma\/","title":{"rendered":"Belluno Pride, sabato 13 giugno. Il programma"},"content":{"rendered":"<p>Per la quarta volta nel capoluogo dolomitico torna il Belluno Pride, questa volta con il claim &#8220;No war, no kings, our bodies, our revolution&#8221; (nessuna guerra, nessun sovrano, i nostri corpi, la nostra rivoluzione).<\/p>\n<p>Il ritrovo per la manifestazione sar\u00e0 al parco della stazione di Belluno sabato 13 giugno dalle ore 16.00.<\/p>\n<p>Qui inizieranno gli interventi di diverse realt\u00e0 che fanno parte della rete costruita in questi anni: il collettivo LGBTQIA+ Revers\u0259 promotore del Pride, Famiglie Arcobaleno, Agedo, Sat Pink, il Comitato Feltrino per il Diritto alla Salute, Mediterranea Belluno, Non Una di Meno BL, Rete Studenti Medi e Belluno Donna. Ci sar\u00e0 del materiale informativo i gadget del Belluno Pride di autofinanziamento e lo spazio &#8220;trucco fai da te&#8221;.<\/p>\n<p>Poi alle 17.30 partir\u00e0 il corteo per inondare le vie del centro con colori, musica e danze, fino all&#8217;arrivo in Piazza dei Martiri.<\/p>\n<p>L&#8217;invito del collettivo Revers\u0259: &#8220;Ritroviamoci nelle strade di Belluno per dare voce ai diritti e ai desideri della nostra comunit\u00e0: un modo per incontrarsi, dialogare, emozionarsi insieme e per occupare gli spazi pubblici con un rito collettivo! Preparati a ballare, cantare, ma anche fare rumore e co-costruire uno spazio pi\u00f9 sicuro e accessibile. Vieni, porta chi ami e inonda Belluno insieme a noi!&#8221;<\/p>\n<p>Il Belluno Pride di quest&#8217;anno vuole sottolineare la sua appartenenza alla collettivit\u00e0, rifiutando sponsor e aziende: \u00e8 stato costruito totalmente dal basso. Un occhio particolare, come l&#8217;anno scorso, \u00e8 stato dato alla questione dell&#8217;accessibilit\u00e0, per questo sono stati predisposti: un interprete Lis per gli interventi in piazzale della stazione, la Zona Bianca alla fine del corteo che permette alle persone di avere maggior spazio personale e stare lontano dai rumori forti; e la Bolla Tranquilla in Piazza Angelina Zampieri in cui sar\u00e0 presente un gazebo con sedie, acqua, tappi per le orecchie, stimming toys e alcune persone dello staff a disposizione.<\/p>\n<p>Finita la manifestazione per le vie del centro, il Pride si sposter\u00e0 in Piazza Cloe Bianco alla Casa dei Beni Comuni (presso lo Spazio Ex, Via Tiziano Vecellio 82\/I). Si apriranno le danze alle ore 20.30 con i dj locali P.tta e Pocah0ntas e un Drag Show con tre artiste provenienti dalla scena underground veneta, Porcah Ontas, Spicy Boo e Alentinna.<\/p>\n<p>&#8220;Questo Pride per noi \u00e8 molto importante &#8211; fanno sapere gli organizzatori &#8211; , soprattutto per il clima politico che stiamo respirando in questi ultimi anni. Vogliamo che il Pride torni ad essere una protesta. Una festa sincera e arrabbiata. Crediamo che la festa sia ancora uno spazio politico molto importante, quindi &#8220;Festeggiamo comunque e nonostante!&#8221; Ricordiamoci che i nostri corpi hanno la stessa importanza, nella festa, nell&#8217;assemblea, nel corteo; \u00e8 l\u00ec che dobbiamo ricordarci che siamo corpi politici, vivi, desideranti, collettivi e consapevoli.&#8221;<\/p>\n<p>&nbsp;<\/p>","protected":false},"excerpt":{"rendered":"<p>Per la quarta volta nel capoluogo dolomitico torna il Belluno Pride, questa volta con il claim &#8220;No war, no kings, our bodies, our revolution&#8221; (nessuna guerra, nessun sovrano, i nostri corpi, la nostra rivoluzione). Il ritrovo per la manifestazione sar\u00e0 al parco della stazione di Belluno sabato 13 giugno dalle ore 16.00. Qui inizieranno gli [&hellip;]<\/p>\n","protected":false},"author":2,"featured_media":142783,"comment_status":"closed","ping_status":"open","sticky":false,"template":"","format":"standard","meta":{"footnotes":""},"categories":[25,8],"tags":[],"class_list":["post-170821","post","type-post","status-publish","format-standard","has-post-thumbnail","category-pausa-caffe","category-societa-istituzioni"],"yoast_head":"<!-- This site is optimized with the Yoast SEO plugin v28.4 - https:\/\/yoast.com\/product\/yoast-seo-wordpress\/ -->\n<title>Belluno Pride, sabato 13 giugno. Il programma - Bellunopress - Dolomiti<\/title>\n<meta name=\"robots\" content=\"index, follow, max-snippet:-1, max-image-preview:large, max-video-preview:-1\" \/>\n<link rel=\"canonical\" href=\"https:\/\/www.bellunopress.it\/fr\/2026\/06\/08\/belluno-pride-sabato-13-giugno-il-programma\/\" \/>\n<meta property=\"og:locale\" content=\"fr_FR\" \/>\n<meta property=\"og:type\" content=\"article\" \/>\n<meta property=\"og:title\" content=\"Belluno Pride, sabato 13 giugno. Il programma - Bellunopress - Dolomiti\" \/>\n<meta property=\"og:description\" content=\"Per la quarta volta nel capoluogo dolomitico torna il Belluno Pride, questa volta con il claim &#8220;No war, no kings, our bodies, our revolution&#8221; (nessuna guerra, nessun sovrano, i nostri corpi, la nostra rivoluzione). Il ritrovo per la manifestazione sar\u00e0 al parco della stazione di Belluno sabato 13 giugno dalle ore 16.00. Qui inizieranno gli [&hellip;]\" \/>\n<meta property=\"og:url\" content=\"https:\/\/www.bellunopress.it\/fr\/2026\/06\/08\/belluno-pride-sabato-13-giugno-il-programma\/\" \/>\n<meta property=\"og:site_name\" content=\"Bellunopress - Dolomiti\" \/>\n<meta property=\"article:publisher\" content=\"https:\/\/www.facebook.com\/profile.php?id=100008943462799\" \/>\n<meta property=\"article:published_time\" content=\"2026-06-08T14:31:10+00:00\" \/>\n<meta property=\"og:image\" content=\"https:\/\/www.bellunopress.it\/wp-content\/uploads\/2023\/07\/belluno-pride_edited.jpg\" \/>\n\t<meta property=\"og:image:width\" content=\"903\" \/>\n\t<meta property=\"og:image:height\" content=\"1000\" \/>\n\t<meta property=\"og:image:type\" content=\"image\/jpeg\" \/>\n<meta name=\"author\" content=\"redazione\" \/>\n<meta name=\"twitter:card\" content=\"summary_large_image\" \/>\n<meta name=\"twitter:creator\" content=\"@bellunopress\" \/>\n<meta name=\"twitter:site\" content=\"@bellunopress\" \/>\n<meta name=\"twitter:label1\" content=\"Written by\" \/>\n\t<meta name=\"twitter:data1\" content=\"redazione\" \/>\n\t<meta name=\"twitter:label2\" content=\"Est. reading time\" \/>\n\t<meta name=\"twitter:data2\" content=\"3 minutes\" \/>\n<script type=\"application\/ld+json\" class=\"yoast-schema-graph\">{\"@context\":\"https:\\\/\\\/schema.org\",\"@graph\":[{\"@type\":\"Article\",\"@id\":\"https:\\\/\\\/www.bellunopress.it\\\/2026\\\/06\\\/08\\\/belluno-pride-sabato-13-giugno-il-programma\\\/#article\",\"isPartOf\":{\"@id\":\"https:\\\/\\\/www.bellunopress.it\\\/2026\\\/06\\\/08\\\/belluno-pride-sabato-13-giugno-il-programma\\\/\"},\"author\":{\"name\":\"redazione\",\"@id\":\"https:\\\/\\\/www.bellunopress.it\\\/#\\\/schema\\\/person\\\/79bb06722b37ece1c03d3e94beb30d73\"},\"headline\":\"Belluno Pride, sabato 13 giugno. Il programma\",\"datePublished\":\"2026-06-08T14:31:10+00:00\",\"mainEntityOfPage\":{\"@id\":\"https:\\\/\\\/www.bellunopress.it\\\/2026\\\/06\\\/08\\\/belluno-pride-sabato-13-giugno-il-programma\\\/\"},\"wordCount\":458,\"publisher\":{\"@id\":\"https:\\\/\\\/www.bellunopress.it\\\/#organization\"},\"image\":{\"@id\":\"https:\\\/\\\/www.bellunopress.it\\\/2026\\\/06\\\/08\\\/belluno-pride-sabato-13-giugno-il-programma\\\/#primaryimage\"},\"thumbnailUrl\":\"https:\\\/\\\/www.bellunopress.it\\\/wp-content\\\/uploads\\\/2023\\\/07\\\/belluno-pride_edited.jpg\",\"articleSection\":[\"Pausa Caff\u00e8\",\"Societ\u00e0, Associazioni, Istituzioni\"],\"inLanguage\":\"fr-FR\"},{\"@type\":\"WebPage\",\"@id\":\"https:\\\/\\\/www.bellunopress.it\\\/2026\\\/06\\\/08\\\/belluno-pride-sabato-13-giugno-il-programma\\\/\",\"url\":\"https:\\\/\\\/www.bellunopress.it\\\/2026\\\/06\\\/08\\\/belluno-pride-sabato-13-giugno-il-programma\\\/\",\"name\":\"Belluno Pride, sabato 13 giugno. Il programma - Bellunopress - Dolomiti\",\"isPartOf\":{\"@id\":\"https:\\\/\\\/www.bellunopress.it\\\/#website\"},\"primaryImageOfPage\":{\"@id\":\"https:\\\/\\\/www.bellunopress.it\\\/2026\\\/06\\\/08\\\/belluno-pride-sabato-13-giugno-il-programma\\\/#primaryimage\"},\"image\":{\"@id\":\"https:\\\/\\\/www.bellunopress.it\\\/2026\\\/06\\\/08\\\/belluno-pride-sabato-13-giugno-il-programma\\\/#primaryimage\"},\"thumbnailUrl\":\"https:\\\/\\\/www.bellunopress.it\\\/wp-content\\\/uploads\\\/2023\\\/07\\\/belluno-pride_edited.jpg\",\"datePublished\":\"2026-06-08T14:31:10+00:00\",\"breadcrumb\":{\"@id\":\"https:\\\/\\\/www.bellunopress.it\\\/2026\\\/06\\\/08\\\/belluno-pride-sabato-13-giugno-il-programma\\\/#breadcrumb\"},\"inLanguage\":\"fr-FR\",\"potentialAction\":[{\"@type\":\"ReadAction\",\"target\":[\"https:\\\/\\\/www.bellunopress.it\\\/2026\\\/06\\\/08\\\/belluno-pride-sabato-13-giugno-il-programma\\\/\"]}]},{\"@type\":\"ImageObject\",\"inLanguage\":\"fr-FR\",\"@id\":\"https:\\\/\\\/www.bellunopress.it\\\/2026\\\/06\\\/08\\\/belluno-pride-sabato-13-giugno-il-programma\\\/#primaryimage\",\"url\":\"https:\\\/\\\/www.bellunopress.it\\\/wp-content\\\/uploads\\\/2023\\\/07\\\/belluno-pride_edited.jpg\",\"contentUrl\":\"https:\\\/\\\/www.bellunopress.it\\\/wp-content\\\/uploads\\\/2023\\\/07\\\/belluno-pride_edited.jpg\",\"width\":903,\"height\":1000,\"caption\":\"Belluno Pride, Belluno 15 luglio 2023\"},{\"@type\":\"BreadcrumbList\",\"@id\":\"https:\\\/\\\/www.bellunopress.it\\\/2026\\\/06\\\/08\\\/belluno-pride-sabato-13-giugno-il-programma\\\/#breadcrumb\",\"itemListElement\":[{\"@type\":\"ListItem\",\"position\":1,\"name\":\"Home\",\"item\":\"https:\\\/\\\/www.bellunopress.it\\\/\"},{\"@type\":\"ListItem\",\"position\":2,\"name\":\"Belluno Pride, sabato 13 giugno. Il programma\"}]},{\"@type\":\"WebSite\",\"@id\":\"https:\\\/\\\/www.bellunopress.it\\\/#website\",\"url\":\"https:\\\/\\\/www.bellunopress.it\\\/\",\"name\":\"Bellunopress - Dolomiti\",\"description\":\"e-mail: redazione@bellunopress.it\",\"publisher\":{\"@id\":\"https:\\\/\\\/www.bellunopress.it\\\/#organization\"},\"potentialAction\":[{\"@type\":\"SearchAction\",\"target\":{\"@type\":\"EntryPoint\",\"urlTemplate\":\"https:\\\/\\\/www.bellunopress.it\\\/?s={search_term_string}\"},\"query-input\":{\"@type\":\"PropertyValueSpecification\",\"valueRequired\":true,\"valueName\":\"search_term_string\"}}],\"inLanguage\":\"fr-FR\"},{\"@type\":\"Organization\",\"@id\":\"https:\\\/\\\/www.bellunopress.it\\\/#organization\",\"name\":\"Bellunopress\",\"url\":\"https:\\\/\\\/www.bellunopress.it\\\/\",\"logo\":{\"@type\":\"ImageObject\",\"inLanguage\":\"fr-FR\",\"@id\":\"https:\\\/\\\/www.bellunopress.it\\\/#\\\/schema\\\/logo\\\/image\\\/\",\"url\":\"https:\\\/\\\/www.bellunopress.it\\\/wp-content\\\/uploads\\\/2011\\\/05\\\/cropped-logo-bellunopress-.jpg\",\"contentUrl\":\"https:\\\/\\\/www.bellunopress.it\\\/wp-content\\\/uploads\\\/2011\\\/05\\\/cropped-logo-bellunopress-.jpg\",\"width\":512,\"height\":512,\"caption\":\"Bellunopress\"},\"image\":{\"@id\":\"https:\\\/\\\/www.bellunopress.it\\\/#\\\/schema\\\/logo\\\/image\\\/\"},\"sameAs\":[\"https:\\\/\\\/www.facebook.com\\\/profile.php?id=100008943462799\",\"https:\\\/\\\/x.com\\\/bellunopress\",\"https:\\\/\\\/www.linkedin.com\\\/hp\\\/?dnr=JBzUWaJfMUw8vbXJJ2tVW5-I3jZKvC4wsoxE&amp;amp;amp;amp;amp;amp;trk=nav_responsive_tab_home\",\"https:\\\/\\\/www.youtube.com\\\/channel\\\/UCxL0wu1uN0_3_7hGG0306cw\"]},{\"@type\":\"Person\",\"@id\":\"https:\\\/\\\/www.bellunopress.it\\\/#\\\/schema\\\/person\\\/79bb06722b37ece1c03d3e94beb30d73\",\"name\":\"redazione\",\"image\":{\"@type\":\"ImageObject\",\"inLanguage\":\"fr-FR\",\"@id\":\"https:\\\/\\\/secure.gravatar.com\\\/avatar\\\/37d968a2e67a6fd04c169c4bdef102d0bc5d31b2546345219e348575eb80e9a0?s=96&d=mm&r=g\",\"url\":\"https:\\\/\\\/secure.gravatar.com\\\/avatar\\\/37d968a2e67a6fd04c169c4bdef102d0bc5d31b2546345219e348575eb80e9a0?s=96&d=mm&r=g\",\"contentUrl\":\"https:\\\/\\\/secure.gravatar.com\\\/avatar\\\/37d968a2e67a6fd04c169c4bdef102d0bc5d31b2546345219e348575eb80e9a0?s=96&d=mm&r=g\",\"caption\":\"redazione\"},\"sameAs\":[\"http:\\\/\\\/www.bellunopress.it\",\"https:\\\/\\\/x.com\\\/bellunopress\"],\"url\":\"https:\\\/\\\/www.bellunopress.it\\\/fr\\\/author\\\/redazione\\\/\"}]}<\/script>\n<!-- \/ Yoast SEO plugin. -->","yoast_head_json":{"title":"Belluno Pride, sabato 13 giugno. Il programma - Bellunopress - Dolomiti","robots":{"index":"index","follow":"follow","max-snippet":"max-snippet:-1","max-image-preview":"max-image-preview:large","max-video-preview":"max-video-preview:-1"},"canonical":"https:\/\/www.bellunopress.it\/fr\/2026\/06\/08\/belluno-pride-sabato-13-giugno-il-programma\/","og_locale":"fr_FR","og_type":"article","og_title":"Belluno Pride, sabato 13 giugno. Il programma - Bellunopress - Dolomiti","og_description":"Per la quarta volta nel capoluogo dolomitico torna il Belluno Pride, questa volta con il claim &#8220;No war, no kings, our bodies, our revolution&#8221; (nessuna guerra, nessun sovrano, i nostri corpi, la nostra rivoluzione). Il ritrovo per la manifestazione sar\u00e0 al parco della stazione di Belluno sabato 13 giugno dalle ore 16.00. Qui inizieranno gli [&hellip;]","og_url":"https:\/\/www.bellunopress.it\/fr\/2026\/06\/08\/belluno-pride-sabato-13-giugno-il-programma\/","og_site_name":"Bellunopress - Dolomiti","article_publisher":"https:\/\/www.facebook.com\/profile.php?id=100008943462799","article_published_time":"2026-06-08T14:31:10+00:00","og_image":[{"width":903,"height":1000,"url":"https:\/\/www.bellunopress.it\/wp-content\/uploads\/2023\/07\/belluno-pride_edited.jpg","type":"image\/jpeg"}],"author":"redazione","twitter_card":"summary_large_image","twitter_creator":"@bellunopress","twitter_site":"@bellunopress","twitter_misc":{"Written by":"redazione","Est. reading time":"3 minutes"},"schema":{"@context":"https:\/\/schema.org","@graph":[{"@type":"Article","@id":"https:\/\/www.bellunopress.it\/2026\/06\/08\/belluno-pride-sabato-13-giugno-il-programma\/#article","isPartOf":{"@id":"https:\/\/www.bellunopress.it\/2026\/06\/08\/belluno-pride-sabato-13-giugno-il-programma\/"},"author":{"name":"redazione","@id":"https:\/\/www.bellunopress.it\/#\/schema\/person\/79bb06722b37ece1c03d3e94beb30d73"},"headline":"Belluno Pride, sabato 13 giugno. Il programma","datePublished":"2026-06-08T14:31:10+00:00","mainEntityOfPage":{"@id":"https:\/\/www.bellunopress.it\/2026\/06\/08\/belluno-pride-sabato-13-giugno-il-programma\/"},"wordCount":458,"publisher":{"@id":"https:\/\/www.bellunopress.it\/#organization"},"image":{"@id":"https:\/\/www.bellunopress.it\/2026\/06\/08\/belluno-pride-sabato-13-giugno-il-programma\/#primaryimage"},"thumbnailUrl":"https:\/\/www.bellunopress.it\/wp-content\/uploads\/2023\/07\/belluno-pride_edited.jpg","articleSection":["Pausa Caff\u00e8","Societ\u00e0, Associazioni, Istituzioni"],"inLanguage":"fr-FR"},{"@type":"WebPage","@id":"https:\/\/www.bellunopress.it\/2026\/06\/08\/belluno-pride-sabato-13-giugno-il-programma\/","url":"https:\/\/www.bellunopress.it\/2026\/06\/08\/belluno-pride-sabato-13-giugno-il-programma\/","name":"Belluno Pride, sabato 13 giugno. Il programma - Bellunopress - Dolomiti","isPartOf":{"@id":"https:\/\/www.bellunopress.it\/#website"},"primaryImageOfPage":{"@id":"https:\/\/www.bellunopress.it\/2026\/06\/08\/belluno-pride-sabato-13-giugno-il-programma\/#primaryimage"},"image":{"@id":"https:\/\/www.bellunopress.it\/2026\/06\/08\/belluno-pride-sabato-13-giugno-il-programma\/#primaryimage"},"thumbnailUrl":"https:\/\/www.bellunopress.it\/wp-content\/uploads\/2023\/07\/belluno-pride_edited.jpg","datePublished":"2026-06-08T14:31:10+00:00","breadcrumb":{"@id":"https:\/\/www.bellunopress.it\/2026\/06\/08\/belluno-pride-sabato-13-giugno-il-programma\/#breadcrumb"},"inLanguage":"fr-FR","potentialAction":[{"@type":"ReadAction","target":["https:\/\/www.bellunopress.it\/2026\/06\/08\/belluno-pride-sabato-13-giugno-il-programma\/"]}]},{"@type":"ImageObject","inLanguage":"fr-FR","@id":"https:\/\/www.bellunopress.it\/2026\/06\/08\/belluno-pride-sabato-13-giugno-il-programma\/#primaryimage","url":"https:\/\/www.bellunopress.it\/wp-content\/uploads\/2023\/07\/belluno-pride_edited.jpg","contentUrl":"https:\/\/www.bellunopress.it\/wp-content\/uploads\/2023\/07\/belluno-pride_edited.jpg","width":903,"height":1000,"caption":"Belluno Pride, Belluno 15 luglio 2023"},{"@type":"BreadcrumbList","@id":"https:\/\/www.bellunopress.it\/2026\/06\/08\/belluno-pride-sabato-13-giugno-il-programma\/#breadcrumb","itemListElement":[{"@type":"ListItem","position":1,"name":"Home","item":"https:\/\/www.bellunopress.it\/"},{"@type":"ListItem","position":2,"name":"Belluno Pride, sabato 13 giugno. Il programma"}]},{"@type":"WebSite","@id":"https:\/\/www.bellunopress.it\/#website","url":"https:\/\/www.bellunopress.it\/","name":"Bellunopress - Dolomiti","description":"e-mail: redazione@bellunopress.it","publisher":{"@id":"https:\/\/www.bellunopress.it\/#organization"},"potentialAction":[{"@type":"SearchAction","target":{"@type":"EntryPoint","urlTemplate":"https:\/\/www.bellunopress.it\/?s={search_term_string}"},"query-input":{"@type":"PropertyValueSpecification","valueRequired":true,"valueName":"search_term_string"}}],"inLanguage":"fr-FR"},{"@type":"Organization","@id":"https:\/\/www.bellunopress.it\/#organization","name":"Bellunopress","url":"https:\/\/www.bellunopress.it\/","logo":{"@type":"ImageObject","inLanguage":"fr-FR","@id":"https:\/\/www.bellunopress.it\/#\/schema\/logo\/image\/","url":"https:\/\/www.bellunopress.it\/wp-content\/uploads\/2011\/05\/cropped-logo-bellunopress-.jpg","contentUrl":"https:\/\/www.bellunopress.it\/wp-content\/uploads\/2011\/05\/cropped-logo-bellunopress-.jpg","width":512,"height":512,"caption":"Bellunopress"},"image":{"@id":"https:\/\/www.bellunopress.it\/#\/schema\/logo\/image\/"},"sameAs":["https:\/\/www.facebook.com\/profile.php?id=100008943462799","https:\/\/x.com\/bellunopress","https:\/\/www.linkedin.com\/hp\/?dnr=JBzUWaJfMUw8vbXJJ2tVW5-I3jZKvC4wsoxE&amp;amp;amp;amp;amp;amp;trk=nav_responsive_tab_home","https:\/\/www.youtube.com\/channel\/UCxL0wu1uN0_3_7hGG0306cw"]},{"@type":"Person","@id":"https:\/\/www.bellunopress.it\/#\/schema\/person\/79bb06722b37ece1c03d3e94beb30d73","name":"r\u00e9daction","image":{"@type":"ImageObject","inLanguage":"fr-FR","@id":"https:\/\/secure.gravatar.com\/avatar\/37d968a2e67a6fd04c169c4bdef102d0bc5d31b2546345219e348575eb80e9a0?s=96&d=mm&r=g","url":"https:\/\/secure.gravatar.com\/avatar\/37d968a2e67a6fd04c169c4bdef102d0bc5d31b2546345219e348575eb80e9a0?s=96&d=mm&r=g","contentUrl":"https:\/\/secure.gravatar.com\/avatar\/37d968a2e67a6fd04c169c4bdef102d0bc5d31b2546345219e348575eb80e9a0?s=96&d=mm&r=g","caption":"redazione"},"sameAs":["http:\/\/www.bellunopress.it","https:\/\/x.com\/bellunopress"],"url":"https:\/\/www.bellunopress.it\/fr\/author\/redazione\/"}]}},"_links":{"self":[{"href":"https:\/\/www.bellunopress.it\/fr\/wp-json\/wp\/v2\/posts\/170821","targetHints":{"allow":["GET"]}}],"collection":[{"href":"https:\/\/www.bellunopress.it\/fr\/wp-json\/wp\/v2\/posts"}],"about":[{"href":"https:\/\/www.bellunopress.it\/fr\/wp-json\/wp\/v2\/types\/post"}],"author":[{"embeddable":true,"href":"https:\/\/www.bellunopress.it\/fr\/wp-json\/wp\/v2\/users\/2"}],"replies":[{"embeddable":true,"href":"https:\/\/www.bellunopress.it\/fr\/wp-json\/wp\/v2\/comments?post=170821"}],"version-history":[{"count":1,"href":"https:\/\/www.bellunopress.it\/fr\/wp-json\/wp\/v2\/posts\/170821\/revisions"}],"predecessor-version":[{"id":170822,"href":"https:\/\/www.bellunopress.it\/fr\/wp-json\/wp\/v2\/posts\/170821\/revisions\/170822"}],"wp:featuredmedia":[{"embeddable":true,"href":"https:\/\/www.bellunopress.it\/fr\/wp-json\/wp\/v2\/media\/142783"}],"wp:attachment":[{"href":"https:\/\/www.bellunopress.it\/fr\/wp-json\/wp\/v2\/media?parent=170821"}],"wp:term":[{"taxonomy":"category","embeddable":true,"href":"https:\/\/www.bellunopress.it\/fr\/wp-json\/wp\/v2\/categories?post=170821"},{"taxonomy":"post_tag","embeddable":true,"href":"https:\/\/www.bellunopress.it\/fr\/wp-json\/wp\/v2\/tags?post=170821"}],"curies":[{"name":"wp","href":"https:\/\/api.w.org\/{rel}","templated":true}]}}