{"id":170808,"date":"2026-06-08T11:32:25","date_gmt":"2026-06-08T09:32:25","guid":{"rendered":"https:\/\/www.bellunopress.it\/?p=170808"},"modified":"2026-06-08T11:32:37","modified_gmt":"2026-06-08T09:32:37","slug":"la-storica-libreria-tarantola-di-belluno-entra-nel-circuito-ubik","status":"publish","type":"post","link":"https:\/\/www.bellunopress.it\/fr\/2026\/06\/08\/la-storica-libreria-tarantola-di-belluno-entra-nel-circuito-ubik\/","title":{"rendered":"La storica libreria Tarantola di Belluno entra nel circuito Ubik"},"content":{"rendered":"<p data-path-to-node=\"3\"><b data-path-to-node=\"3\" data-index-in-node=\"0\">Dal 1917 un punto di riferimento culturale ai piedi delle Dolomiti, lo storico punto vendita di via Psaro si rinnova per rispondere alle nuove esigenze dei lettori bellunesi.<\/b><\/p>\n<p data-path-to-node=\"4\">Belluno, 8 giugno 2026 \u2013 Una storia centenaria che incontra l\u2019innovazione di un grande network nazionale. La storica libreria Tarantola, presidio culturale nel cuore di Belluno, ha ufficialmente inaugurato una nuova fase della sua lunga vita, entrando a far parte del circuito Ubik.<\/p>\n<p data-path-to-node=\"5\">Un passaggio di testimone che non cancella l\u2019identit\u00e0 di un luogo iconico, ma lo proietta verso il futuro. Fondata nel 1917 da una famiglia di librai attiva nel settore sin dal Settecento, Tarantola rappresenta un pezzo di storia della citt\u00e0. Situata in via Rodolfo Psaro, a pochi passi dalla suggestiva Piazza dei Martiri, la libreria ha accompagnato per tre generazioni la vita culturale dei bellunesi. Oggi, la struttura che si sviluppa su due piani per circa 300 metri quadrati, si prepara ad arricchire la propria offerta.<\/p>\n<p data-path-to-node=\"6\"><i data-path-to-node=\"6\" data-index-in-node=\"0\"><img loading=\"lazy\" decoding=\"async\" class=\"aligncenter size-full wp-image-170810\" src=\"https:\/\/www.bellunopress.it\/wp-content\/uploads\/2026\/06\/Libreria-Tarantola-Ubik.jpg\" alt=\"\" width=\"500\" height=\"359\" srcset=\"https:\/\/www.bellunopress.it\/wp-content\/uploads\/2026\/06\/Libreria-Tarantola-Ubik.jpg 500w, https:\/\/www.bellunopress.it\/wp-content\/uploads\/2026\/06\/Libreria-Tarantola-Ubik-150x108.jpg 150w, https:\/\/www.bellunopress.it\/wp-content\/uploads\/2026\/06\/Libreria-Tarantola-Ubik-300x215.jpg 300w\" sizes=\"auto, (max-width: 500px) 100vw, 500px\" \/>\u201cL\u2019ingresso in Ubik ci d\u00e0 la possibilit\u00e0 di dare un&#8217;offerta migliore al cliente in termini di assortimento e di soddisfare maggiormente la domanda dei lettori\u201d<\/i> spiega Alessandro Tarantola.<\/p>\n<p data-path-to-node=\"7\">Il restyling riguarda soprattutto il catalogo. Consapevoli delle nuove tendenze editoriali, ampliando l&#8217;offerta al pubblico pi\u00f9 giovane: <i data-path-to-node=\"7\" data-index-in-node=\"205\">\u201cSiamo venuti incontro alle esigenze dei ragazzi migliorando la nostra proposta di romance, di fumetti, manga e libri in lingua originale: tutte cose che a Belluno finora mancavano\u201d<\/i>, sottolinea Alessandro Tarantola.<\/p>\n<p data-path-to-node=\"8\">L&#8217;obiettivo di questo nuovo corso \u00e8 chiaro: mantenere il ruolo di libreria di riferimento per la comunit\u00e0, ma con una marcia in pi\u00f9. La strategia punta a intercettare il pubblico delle nuove generazioni, non solo attraverso un ampliamento drastico dei titoli disponibili, ma anche tramite un ricco calendario di eventi e iniziative culturali che animeranno gli spazi dello storico edificio.<\/p>\n<p data-path-to-node=\"9\">Con questa nuova acquisizione, il network Ubik consolida ulteriormente la sua presenza sul territorio regionale, arrivando a contare venti punti vendita in Veneto, distribuiti capillarmente in tutte le province. Per Belluno, si tratta di una conferma importante: la storica libreria Tarantola resta il &#8220;salotto buono&#8221; della lettura, pronto per\u00f2 a parlare il linguaggio di oggi.<\/p>\n<p>&nbsp;<\/p>\n<p>&nbsp;<\/p>","protected":false},"excerpt":{"rendered":"<p>Dal 1917 un punto di riferimento culturale ai piedi delle Dolomiti, lo storico punto vendita di via Psaro si rinnova per rispondere alle nuove esigenze dei lettori bellunesi. Belluno, 8 giugno 2026 \u2013 Una storia centenaria che incontra l\u2019innovazione di un grande network nazionale. La storica libreria Tarantola, presidio culturale nel cuore di Belluno, ha [&hellip;]<\/p>\n","protected":false},"author":2,"featured_media":170810,"comment_status":"closed","ping_status":"open","sticky":false,"template":"","format":"standard","meta":{"footnotes":""},"categories":[5,26],"tags":[],"class_list":["post-170808","post","type-post","status-publish","format-standard","has-post-thumbnail","category-cronaca","category-prima-pagina"],"yoast_head":"<!-- This site is optimized with the Yoast SEO plugin v28.4 - https:\/\/yoast.com\/product\/yoast-seo-wordpress\/ -->\n<title>La storica libreria Tarantola di Belluno entra nel circuito Ubik - Bellunopress - Dolomiti<\/title>\n<meta name=\"robots\" content=\"index, follow, max-snippet:-1, max-image-preview:large, max-video-preview:-1\" \/>\n<link rel=\"canonical\" href=\"https:\/\/www.bellunopress.it\/fr\/2026\/06\/08\/la-storica-libreria-tarantola-di-belluno-entra-nel-circuito-ubik\/\" \/>\n<meta property=\"og:locale\" content=\"fr_FR\" \/>\n<meta property=\"og:type\" content=\"article\" \/>\n<meta property=\"og:title\" content=\"La storica libreria Tarantola di Belluno entra nel circuito Ubik - Bellunopress - Dolomiti\" \/>\n<meta property=\"og:description\" content=\"Dal 1917 un punto di riferimento culturale ai piedi delle Dolomiti, lo storico punto vendita di via Psaro si rinnova per rispondere alle nuove esigenze dei lettori bellunesi. Belluno, 8 giugno 2026 \u2013 Una storia centenaria che incontra l\u2019innovazione di un grande network nazionale. La storica libreria Tarantola, presidio culturale nel cuore di Belluno, ha [&hellip;]\" \/>\n<meta property=\"og:url\" content=\"https:\/\/www.bellunopress.it\/fr\/2026\/06\/08\/la-storica-libreria-tarantola-di-belluno-entra-nel-circuito-ubik\/\" \/>\n<meta property=\"og:site_name\" content=\"Bellunopress - Dolomiti\" \/>\n<meta property=\"article:publisher\" content=\"https:\/\/www.facebook.com\/profile.php?id=100008943462799\" \/>\n<meta property=\"article:published_time\" content=\"2026-06-08T09:32:25+00:00\" \/>\n<meta property=\"article:modified_time\" content=\"2026-06-08T09:32:37+00:00\" \/>\n<meta property=\"og:image\" content=\"https:\/\/www.bellunopress.it\/wp-content\/uploads\/2026\/06\/Libreria-Tarantola-Ubik.jpg\" \/>\n\t<meta property=\"og:image:width\" content=\"500\" \/>\n\t<meta property=\"og:image:height\" content=\"359\" \/>\n\t<meta property=\"og:image:type\" content=\"image\/jpeg\" \/>\n<meta name=\"author\" content=\"redazione\" \/>\n<meta name=\"twitter:card\" content=\"summary_large_image\" \/>\n<meta name=\"twitter:creator\" content=\"@bellunopress\" \/>\n<meta name=\"twitter:site\" content=\"@bellunopress\" \/>\n<meta name=\"twitter:label1\" content=\"\u00c9crit par\" \/>\n\t<meta name=\"twitter:data1\" content=\"redazione\" \/>\n\t<meta name=\"twitter:label2\" content=\"Dur\u00e9e de lecture estim\u00e9e\" \/>\n\t<meta name=\"twitter:data2\" content=\"3 minutes\" \/>\n<script type=\"application\/ld+json\" class=\"yoast-schema-graph\">{\"@context\":\"https:\\\/\\\/schema.org\",\"@graph\":[{\"@type\":\"Article\",\"@id\":\"https:\\\/\\\/www.bellunopress.it\\\/2026\\\/06\\\/08\\\/la-storica-libreria-tarantola-di-belluno-entra-nel-circuito-ubik\\\/#article\",\"isPartOf\":{\"@id\":\"https:\\\/\\\/www.bellunopress.it\\\/2026\\\/06\\\/08\\\/la-storica-libreria-tarantola-di-belluno-entra-nel-circuito-ubik\\\/\"},\"author\":{\"name\":\"redazione\",\"@id\":\"https:\\\/\\\/www.bellunopress.it\\\/#\\\/schema\\\/person\\\/79bb06722b37ece1c03d3e94beb30d73\"},\"headline\":\"La storica libreria Tarantola di Belluno entra nel circuito Ubik\",\"datePublished\":\"2026-06-08T09:32:25+00:00\",\"dateModified\":\"2026-06-08T09:32:37+00:00\",\"mainEntityOfPage\":{\"@id\":\"https:\\\/\\\/www.bellunopress.it\\\/2026\\\/06\\\/08\\\/la-storica-libreria-tarantola-di-belluno-entra-nel-circuito-ubik\\\/\"},\"wordCount\":359,\"publisher\":{\"@id\":\"https:\\\/\\\/www.bellunopress.it\\\/#organization\"},\"image\":{\"@id\":\"https:\\\/\\\/www.bellunopress.it\\\/2026\\\/06\\\/08\\\/la-storica-libreria-tarantola-di-belluno-entra-nel-circuito-ubik\\\/#primaryimage\"},\"thumbnailUrl\":\"https:\\\/\\\/www.bellunopress.it\\\/wp-content\\\/uploads\\\/2026\\\/06\\\/Libreria-Tarantola-Ubik.jpg\",\"articleSection\":[\"Cronaca\\\/Politica\",\"Prima Pagina\"],\"inLanguage\":\"fr-FR\"},{\"@type\":\"WebPage\",\"@id\":\"https:\\\/\\\/www.bellunopress.it\\\/2026\\\/06\\\/08\\\/la-storica-libreria-tarantola-di-belluno-entra-nel-circuito-ubik\\\/\",\"url\":\"https:\\\/\\\/www.bellunopress.it\\\/2026\\\/06\\\/08\\\/la-storica-libreria-tarantola-di-belluno-entra-nel-circuito-ubik\\\/\",\"name\":\"La storica libreria Tarantola di Belluno entra nel circuito Ubik - Bellunopress - Dolomiti\",\"isPartOf\":{\"@id\":\"https:\\\/\\\/www.bellunopress.it\\\/#website\"},\"primaryImageOfPage\":{\"@id\":\"https:\\\/\\\/www.bellunopress.it\\\/2026\\\/06\\\/08\\\/la-storica-libreria-tarantola-di-belluno-entra-nel-circuito-ubik\\\/#primaryimage\"},\"image\":{\"@id\":\"https:\\\/\\\/www.bellunopress.it\\\/2026\\\/06\\\/08\\\/la-storica-libreria-tarantola-di-belluno-entra-nel-circuito-ubik\\\/#primaryimage\"},\"thumbnailUrl\":\"https:\\\/\\\/www.bellunopress.it\\\/wp-content\\\/uploads\\\/2026\\\/06\\\/Libreria-Tarantola-Ubik.jpg\",\"datePublished\":\"2026-06-08T09:32:25+00:00\",\"dateModified\":\"2026-06-08T09:32:37+00:00\",\"breadcrumb\":{\"@id\":\"https:\\\/\\\/www.bellunopress.it\\\/2026\\\/06\\\/08\\\/la-storica-libreria-tarantola-di-belluno-entra-nel-circuito-ubik\\\/#breadcrumb\"},\"inLanguage\":\"fr-FR\",\"potentialAction\":[{\"@type\":\"ReadAction\",\"target\":[\"https:\\\/\\\/www.bellunopress.it\\\/2026\\\/06\\\/08\\\/la-storica-libreria-tarantola-di-belluno-entra-nel-circuito-ubik\\\/\"]}]},{\"@type\":\"ImageObject\",\"inLanguage\":\"fr-FR\",\"@id\":\"https:\\\/\\\/www.bellunopress.it\\\/2026\\\/06\\\/08\\\/la-storica-libreria-tarantola-di-belluno-entra-nel-circuito-ubik\\\/#primaryimage\",\"url\":\"https:\\\/\\\/www.bellunopress.it\\\/wp-content\\\/uploads\\\/2026\\\/06\\\/Libreria-Tarantola-Ubik.jpg\",\"contentUrl\":\"https:\\\/\\\/www.bellunopress.it\\\/wp-content\\\/uploads\\\/2026\\\/06\\\/Libreria-Tarantola-Ubik.jpg\",\"width\":500,\"height\":359},{\"@type\":\"BreadcrumbList\",\"@id\":\"https:\\\/\\\/www.bellunopress.it\\\/2026\\\/06\\\/08\\\/la-storica-libreria-tarantola-di-belluno-entra-nel-circuito-ubik\\\/#breadcrumb\",\"itemListElement\":[{\"@type\":\"ListItem\",\"position\":1,\"name\":\"Home\",\"item\":\"https:\\\/\\\/www.bellunopress.it\\\/\"},{\"@type\":\"ListItem\",\"position\":2,\"name\":\"La storica libreria Tarantola di Belluno entra nel circuito Ubik\"}]},{\"@type\":\"WebSite\",\"@id\":\"https:\\\/\\\/www.bellunopress.it\\\/#website\",\"url\":\"https:\\\/\\\/www.bellunopress.it\\\/\",\"name\":\"Bellunopress - Dolomiti\",\"description\":\"e-mail: redazione@bellunopress.it\",\"publisher\":{\"@id\":\"https:\\\/\\\/www.bellunopress.it\\\/#organization\"},\"potentialAction\":[{\"@type\":\"SearchAction\",\"target\":{\"@type\":\"EntryPoint\",\"urlTemplate\":\"https:\\\/\\\/www.bellunopress.it\\\/?s={search_term_string}\"},\"query-input\":{\"@type\":\"PropertyValueSpecification\",\"valueRequired\":true,\"valueName\":\"search_term_string\"}}],\"inLanguage\":\"fr-FR\"},{\"@type\":\"Organization\",\"@id\":\"https:\\\/\\\/www.bellunopress.it\\\/#organization\",\"name\":\"Bellunopress\",\"url\":\"https:\\\/\\\/www.bellunopress.it\\\/\",\"logo\":{\"@type\":\"ImageObject\",\"inLanguage\":\"fr-FR\",\"@id\":\"https:\\\/\\\/www.bellunopress.it\\\/#\\\/schema\\\/logo\\\/image\\\/\",\"url\":\"https:\\\/\\\/www.bellunopress.it\\\/wp-content\\\/uploads\\\/2011\\\/05\\\/cropped-logo-bellunopress-.jpg\",\"contentUrl\":\"https:\\\/\\\/www.bellunopress.it\\\/wp-content\\\/uploads\\\/2011\\\/05\\\/cropped-logo-bellunopress-.jpg\",\"width\":512,\"height\":512,\"caption\":\"Bellunopress\"},\"image\":{\"@id\":\"https:\\\/\\\/www.bellunopress.it\\\/#\\\/schema\\\/logo\\\/image\\\/\"},\"sameAs\":[\"https:\\\/\\\/www.facebook.com\\\/profile.php?id=100008943462799\",\"https:\\\/\\\/x.com\\\/bellunopress\",\"https:\\\/\\\/www.linkedin.com\\\/hp\\\/?dnr=JBzUWaJfMUw8vbXJJ2tVW5-I3jZKvC4wsoxE&amp;amp;amp;amp;amp;amp;trk=nav_responsive_tab_home\",\"https:\\\/\\\/www.youtube.com\\\/channel\\\/UCxL0wu1uN0_3_7hGG0306cw\"]},{\"@type\":\"Person\",\"@id\":\"https:\\\/\\\/www.bellunopress.it\\\/#\\\/schema\\\/person\\\/79bb06722b37ece1c03d3e94beb30d73\",\"name\":\"redazione\",\"image\":{\"@type\":\"ImageObject\",\"inLanguage\":\"fr-FR\",\"@id\":\"https:\\\/\\\/secure.gravatar.com\\\/avatar\\\/37d968a2e67a6fd04c169c4bdef102d0bc5d31b2546345219e348575eb80e9a0?s=96&d=mm&r=g\",\"url\":\"https:\\\/\\\/secure.gravatar.com\\\/avatar\\\/37d968a2e67a6fd04c169c4bdef102d0bc5d31b2546345219e348575eb80e9a0?s=96&d=mm&r=g\",\"contentUrl\":\"https:\\\/\\\/secure.gravatar.com\\\/avatar\\\/37d968a2e67a6fd04c169c4bdef102d0bc5d31b2546345219e348575eb80e9a0?s=96&d=mm&r=g\",\"caption\":\"redazione\"},\"sameAs\":[\"http:\\\/\\\/www.bellunopress.it\",\"https:\\\/\\\/x.com\\\/bellunopress\"],\"url\":\"https:\\\/\\\/www.bellunopress.it\\\/fr\\\/author\\\/redazione\\\/\"}]}<\/script>\n<!-- \/ Yoast SEO plugin. -->","yoast_head_json":{"title":"La storica libreria Tarantola di Belluno entra nel circuito Ubik - Bellunopress - Dolomiti","robots":{"index":"index","follow":"follow","max-snippet":"max-snippet:-1","max-image-preview":"max-image-preview:large","max-video-preview":"max-video-preview:-1"},"canonical":"https:\/\/www.bellunopress.it\/fr\/2026\/06\/08\/la-storica-libreria-tarantola-di-belluno-entra-nel-circuito-ubik\/","og_locale":"fr_FR","og_type":"article","og_title":"La storica libreria Tarantola di Belluno entra nel circuito Ubik - Bellunopress - Dolomiti","og_description":"Dal 1917 un punto di riferimento culturale ai piedi delle Dolomiti, lo storico punto vendita di via Psaro si rinnova per rispondere alle nuove esigenze dei lettori bellunesi. Belluno, 8 giugno 2026 \u2013 Una storia centenaria che incontra l\u2019innovazione di un grande network nazionale. La storica libreria Tarantola, presidio culturale nel cuore di Belluno, ha [&hellip;]","og_url":"https:\/\/www.bellunopress.it\/fr\/2026\/06\/08\/la-storica-libreria-tarantola-di-belluno-entra-nel-circuito-ubik\/","og_site_name":"Bellunopress - Dolomiti","article_publisher":"https:\/\/www.facebook.com\/profile.php?id=100008943462799","article_published_time":"2026-06-08T09:32:25+00:00","article_modified_time":"2026-06-08T09:32:37+00:00","og_image":[{"width":500,"height":359,"url":"https:\/\/www.bellunopress.it\/wp-content\/uploads\/2026\/06\/Libreria-Tarantola-Ubik.jpg","type":"image\/jpeg"}],"author":"redazione","twitter_card":"summary_large_image","twitter_creator":"@bellunopress","twitter_site":"@bellunopress","twitter_misc":{"\u00c9crit par":"redazione","Dur\u00e9e de lecture estim\u00e9e":"3 minutes"},"schema":{"@context":"https:\/\/schema.org","@graph":[{"@type":"Article","@id":"https:\/\/www.bellunopress.it\/2026\/06\/08\/la-storica-libreria-tarantola-di-belluno-entra-nel-circuito-ubik\/#article","isPartOf":{"@id":"https:\/\/www.bellunopress.it\/2026\/06\/08\/la-storica-libreria-tarantola-di-belluno-entra-nel-circuito-ubik\/"},"author":{"name":"redazione","@id":"https:\/\/www.bellunopress.it\/#\/schema\/person\/79bb06722b37ece1c03d3e94beb30d73"},"headline":"La storica libreria Tarantola di Belluno entra nel circuito Ubik","datePublished":"2026-06-08T09:32:25+00:00","dateModified":"2026-06-08T09:32:37+00:00","mainEntityOfPage":{"@id":"https:\/\/www.bellunopress.it\/2026\/06\/08\/la-storica-libreria-tarantola-di-belluno-entra-nel-circuito-ubik\/"},"wordCount":359,"publisher":{"@id":"https:\/\/www.bellunopress.it\/#organization"},"image":{"@id":"https:\/\/www.bellunopress.it\/2026\/06\/08\/la-storica-libreria-tarantola-di-belluno-entra-nel-circuito-ubik\/#primaryimage"},"thumbnailUrl":"https:\/\/www.bellunopress.it\/wp-content\/uploads\/2026\/06\/Libreria-Tarantola-Ubik.jpg","articleSection":["Cronaca\/Politica","Prima Pagina"],"inLanguage":"fr-FR"},{"@type":"WebPage","@id":"https:\/\/www.bellunopress.it\/2026\/06\/08\/la-storica-libreria-tarantola-di-belluno-entra-nel-circuito-ubik\/","url":"https:\/\/www.bellunopress.it\/2026\/06\/08\/la-storica-libreria-tarantola-di-belluno-entra-nel-circuito-ubik\/","name":"La storica libreria Tarantola di Belluno entra nel circuito Ubik - Bellunopress - Dolomiti","isPartOf":{"@id":"https:\/\/www.bellunopress.it\/#website"},"primaryImageOfPage":{"@id":"https:\/\/www.bellunopress.it\/2026\/06\/08\/la-storica-libreria-tarantola-di-belluno-entra-nel-circuito-ubik\/#primaryimage"},"image":{"@id":"https:\/\/www.bellunopress.it\/2026\/06\/08\/la-storica-libreria-tarantola-di-belluno-entra-nel-circuito-ubik\/#primaryimage"},"thumbnailUrl":"https:\/\/www.bellunopress.it\/wp-content\/uploads\/2026\/06\/Libreria-Tarantola-Ubik.jpg","datePublished":"2026-06-08T09:32:25+00:00","dateModified":"2026-06-08T09:32:37+00:00","breadcrumb":{"@id":"https:\/\/www.bellunopress.it\/2026\/06\/08\/la-storica-libreria-tarantola-di-belluno-entra-nel-circuito-ubik\/#breadcrumb"},"inLanguage":"fr-FR","potentialAction":[{"@type":"ReadAction","target":["https:\/\/www.bellunopress.it\/2026\/06\/08\/la-storica-libreria-tarantola-di-belluno-entra-nel-circuito-ubik\/"]}]},{"@type":"ImageObject","inLanguage":"fr-FR","@id":"https:\/\/www.bellunopress.it\/2026\/06\/08\/la-storica-libreria-tarantola-di-belluno-entra-nel-circuito-ubik\/#primaryimage","url":"https:\/\/www.bellunopress.it\/wp-content\/uploads\/2026\/06\/Libreria-Tarantola-Ubik.jpg","contentUrl":"https:\/\/www.bellunopress.it\/wp-content\/uploads\/2026\/06\/Libreria-Tarantola-Ubik.jpg","width":500,"height":359},{"@type":"BreadcrumbList","@id":"https:\/\/www.bellunopress.it\/2026\/06\/08\/la-storica-libreria-tarantola-di-belluno-entra-nel-circuito-ubik\/#breadcrumb","itemListElement":[{"@type":"ListItem","position":1,"name":"Home","item":"https:\/\/www.bellunopress.it\/"},{"@type":"ListItem","position":2,"name":"La storica libreria Tarantola di Belluno entra nel circuito Ubik"}]},{"@type":"WebSite","@id":"https:\/\/www.bellunopress.it\/#website","url":"https:\/\/www.bellunopress.it\/","name":"Bellunopress - Dolomiti","description":"e-mail: redazione@bellunopress.it","publisher":{"@id":"https:\/\/www.bellunopress.it\/#organization"},"potentialAction":[{"@type":"SearchAction","target":{"@type":"EntryPoint","urlTemplate":"https:\/\/www.bellunopress.it\/?s={search_term_string}"},"query-input":{"@type":"PropertyValueSpecification","valueRequired":true,"valueName":"search_term_string"}}],"inLanguage":"fr-FR"},{"@type":"Organization","@id":"https:\/\/www.bellunopress.it\/#organization","name":"Bellunopress","url":"https:\/\/www.bellunopress.it\/","logo":{"@type":"ImageObject","inLanguage":"fr-FR","@id":"https:\/\/www.bellunopress.it\/#\/schema\/logo\/image\/","url":"https:\/\/www.bellunopress.it\/wp-content\/uploads\/2011\/05\/cropped-logo-bellunopress-.jpg","contentUrl":"https:\/\/www.bellunopress.it\/wp-content\/uploads\/2011\/05\/cropped-logo-bellunopress-.jpg","width":512,"height":512,"caption":"Bellunopress"},"image":{"@id":"https:\/\/www.bellunopress.it\/#\/schema\/logo\/image\/"},"sameAs":["https:\/\/www.facebook.com\/profile.php?id=100008943462799","https:\/\/x.com\/bellunopress","https:\/\/www.linkedin.com\/hp\/?dnr=JBzUWaJfMUw8vbXJJ2tVW5-I3jZKvC4wsoxE&amp;amp;amp;amp;amp;amp;trk=nav_responsive_tab_home","https:\/\/www.youtube.com\/channel\/UCxL0wu1uN0_3_7hGG0306cw"]},{"@type":"Person","@id":"https:\/\/www.bellunopress.it\/#\/schema\/person\/79bb06722b37ece1c03d3e94beb30d73","name":"r\u00e9daction","image":{"@type":"ImageObject","inLanguage":"fr-FR","@id":"https:\/\/secure.gravatar.com\/avatar\/37d968a2e67a6fd04c169c4bdef102d0bc5d31b2546345219e348575eb80e9a0?s=96&d=mm&r=g","url":"https:\/\/secure.gravatar.com\/avatar\/37d968a2e67a6fd04c169c4bdef102d0bc5d31b2546345219e348575eb80e9a0?s=96&d=mm&r=g","contentUrl":"https:\/\/secure.gravatar.com\/avatar\/37d968a2e67a6fd04c169c4bdef102d0bc5d31b2546345219e348575eb80e9a0?s=96&d=mm&r=g","caption":"redazione"},"sameAs":["http:\/\/www.bellunopress.it","https:\/\/x.com\/bellunopress"],"url":"https:\/\/www.bellunopress.it\/fr\/author\/redazione\/"}]}},"_links":{"self":[{"href":"https:\/\/www.bellunopress.it\/fr\/wp-json\/wp\/v2\/posts\/170808","targetHints":{"allow":["GET"]}}],"collection":[{"href":"https:\/\/www.bellunopress.it\/fr\/wp-json\/wp\/v2\/posts"}],"about":[{"href":"https:\/\/www.bellunopress.it\/fr\/wp-json\/wp\/v2\/types\/post"}],"author":[{"embeddable":true,"href":"https:\/\/www.bellunopress.it\/fr\/wp-json\/wp\/v2\/users\/2"}],"replies":[{"embeddable":true,"href":"https:\/\/www.bellunopress.it\/fr\/wp-json\/wp\/v2\/comments?post=170808"}],"version-history":[{"count":1,"href":"https:\/\/www.bellunopress.it\/fr\/wp-json\/wp\/v2\/posts\/170808\/revisions"}],"predecessor-version":[{"id":170811,"href":"https:\/\/www.bellunopress.it\/fr\/wp-json\/wp\/v2\/posts\/170808\/revisions\/170811"}],"wp:featuredmedia":[{"embeddable":true,"href":"https:\/\/www.bellunopress.it\/fr\/wp-json\/wp\/v2\/media\/170810"}],"wp:attachment":[{"href":"https:\/\/www.bellunopress.it\/fr\/wp-json\/wp\/v2\/media?parent=170808"}],"wp:term":[{"taxonomy":"category","embeddable":true,"href":"https:\/\/www.bellunopress.it\/fr\/wp-json\/wp\/v2\/categories?post=170808"},{"taxonomy":"post_tag","embeddable":true,"href":"https:\/\/www.bellunopress.it\/fr\/wp-json\/wp\/v2\/tags?post=170808"}],"curies":[{"name":"wp","href":"https:\/\/api.w.org\/{rel}","templated":true}]}}