{"id":170794,"date":"2026-06-07T14:11:48","date_gmt":"2026-06-07T12:11:48","guid":{"rendered":"https:\/\/www.bellunopress.it\/?p=170794"},"modified":"2026-06-07T14:11:48","modified_gmt":"2026-06-07T12:11:48","slug":"dal-quartier-generale-delleurodeputato-vannacci-lintelligenza-artificiale-e-la-nuova-acciaieria-del-xxi-secolo","status":"publish","type":"post","link":"https:\/\/www.bellunopress.it\/fr\/2026\/06\/07\/dal-quartier-generale-delleurodeputato-vannacci-lintelligenza-artificiale-e-la-nuova-acciaieria-del-xxi-secolo\/","title":{"rendered":"Dal quartier generale dell&#8217;eurodeputato Vannacci: l\u2019intelligenza artificiale \u00e8 la nuova acciaieria del XXI secolo"},"content":{"rendered":"<h3 data-path-to-node=\"3\">L\u2019Italia si trova a un bivio storico: investire in infrastrutture di calcolo nazionali o rassegnarsi a un futuro da \u00abcolonia digitale\u00bb. Il monito del Centro Studi Rinascimento Nazionale<\/h3>\n<p data-path-to-node=\"5\">Nel secolo scorso, la forza di una nazione si misurava in tonnellate d\u2019acciaio prodotto. Oggi, nell\u2019era della rivoluzione digitale, il parametro di potenza \u00e8 mutato radicalmente: a fare la differenza non sono pi\u00f9 gli altiforni, ma la capacit\u00e0 di calcolo, la propriet\u00e0 degli algoritmi e il controllo sui dati. \u00c8 questa la tesi che emerge con forza dal quartier generale di Vannacci, attraverso le riflessioni del Centro Studi Rinascimento Nazionale, che accende i riflettori su un ritardo italiano che rischia di trasformarsi in una vulnerabilit\u00e0 strutturale.<\/p>\n<p data-path-to-node=\"6\">Il concetto \u00e8 cristallino: l\u2019intelligenza artificiale non \u00e8 un semplice comparto economico da regolamentare, ma una tecnologia abilitante capace di pervadere ogni ganglio vitale del Paese, dalla difesa alla sanit\u00e0, dalla logistica alla ricerca scientifica. La domanda, dunque, non \u00e8 se l\u2019Italia debba dotarsi di strumenti di AI, ma se sia disposta a diventare una nazione industriale sovrana o se preferisca scivolare lentamente verso uno status di dipendenza tecnologica da potenze straniere.<\/p>\n<p data-path-to-node=\"7\">Mentre gli Stati Uniti e la Cina si contendono la supremazia globale con investimenti miliardari e i paesi del Golfo si attrezzano per attirare talenti e infrastrutture, l\u2019Europa sembra attardata, spesso pi\u00f9 impegnata nella produzione di complessi quadri normativi che nella costruzione reale del futuro digitale. In questo scenario, l\u2019Italia rischia di ridursi a una &#8220;piattaforma di consumo&#8221;, dove imprese, universit\u00e0 e pubblica amministrazione finiscono per delegare funzioni strategiche a infrastrutture costruite altrove.<\/p>\n<figure id=\"attachment_168486\" aria-describedby=\"caption-attachment-168486\" style=\"width: 348px\" class=\"wp-caption aligncenter\"><img loading=\"lazy\" decoding=\"async\" class=\"size-full wp-image-168486\" src=\"https:\/\/www.bellunopress.it\/wp-content\/uploads\/2026\/03\/Luca-Sforzini.jpg\" alt=\"\" width=\"348\" height=\"348\" srcset=\"https:\/\/www.bellunopress.it\/wp-content\/uploads\/2026\/03\/Luca-Sforzini.jpg 348w, https:\/\/www.bellunopress.it\/wp-content\/uploads\/2026\/03\/Luca-Sforzini-300x300.jpg 300w, https:\/\/www.bellunopress.it\/wp-content\/uploads\/2026\/03\/Luca-Sforzini-150x150.jpg 150w\" sizes=\"auto, (max-width: 348px) 100vw, 348px\" \/><figcaption id=\"caption-attachment-168486\" class=\"wp-caption-text\">Luca Sforzini &#8211; Centro Studi Rinascimento Nazionale<\/figcaption><\/figure>\n<p data-path-to-node=\"8\">\u00abLa vera partita non \u00e8 tecnologica, ma strategica\u00bb, chiarisce Luca Sforzini, Presidente del Centro Studi Rinascimento Nazionale, facendo eco alle riflessioni di Andrea Stroppa. Per Sforzini, non si tratta di inseguire mode, ma di compiere una scelta di campo: \u00abChi controller\u00e0 i dati, gli algoritmi e la capacit\u00e0 di calcolo avr\u00e0 un vantaggio competitivo enorme. L\u2019Italia deve decidere se partecipare a questa corsa o accettare una posizione subordinata\u00bb.<\/p>\n<p data-path-to-node=\"9\">La sfida, per\u00f2, non parte da zero. Il Paese vanta eccellenze universitarie, centri di ricerca di fama internazionale e una tradizione ingegneristica che \u00e8 un pilastro del Made in Italy. Ci\u00f2 che \u00e8 mancato finora, secondo il Centro Studi, \u00e8 il coraggio politico di pensare in grande. La proposta \u00e8 ambiziosa: avviare un piano nazionale per la realizzazione di una grande infrastruttura dedicata all\u2019intelligenza artificiale, rendendo il Paese protagonista del proprio destino tecnologico.<\/p>\n<p data-path-to-node=\"10\">Nei prossimi mesi, il Centro Studi promette di scendere nel dettaglio con un approfondimento dedicato proprio al tema della sovranit\u00e0 digitale. Il messaggio di fondo resta un richiamo all\u2019orgoglio nazionale: nel XXI secolo, la difesa dell\u2019identit\u00e0 non passa solo per la cultura o la diplomazia, ma per la capacit\u00e0 di padroneggiare le macchine che plasmeranno il mondo di domani. L&#8217;Italia, in questa partita, non pu\u00f2 permettersi di essere spettatrice.<\/p>","protected":false},"excerpt":{"rendered":"<p>L\u2019Italia si trova a un bivio storico: investire in infrastrutture di calcolo nazionali o rassegnarsi a un futuro da \u00abcolonia digitale\u00bb. Il monito del Centro Studi Rinascimento Nazionale Nel secolo scorso, la forza di una nazione si misurava in tonnellate d\u2019acciaio prodotto. Oggi, nell\u2019era della rivoluzione digitale, il parametro di potenza \u00e8 mutato radicalmente: a [&hellip;]<\/p>\n","protected":false},"author":2,"featured_media":165487,"comment_status":"closed","ping_status":"open","sticky":false,"template":"","format":"standard","meta":{"footnotes":""},"categories":[5],"tags":[],"class_list":["post-170794","post","type-post","status-publish","format-standard","has-post-thumbnail","category-cronaca"],"yoast_head":"<!-- This site is optimized with the Yoast SEO plugin v28.4 - https:\/\/yoast.com\/product\/yoast-seo-wordpress\/ -->\n<title>Dal quartier generale dell&#039;eurodeputato Vannacci: l\u2019intelligenza artificiale \u00e8 la nuova acciaieria del XXI secolo - Bellunopress - Dolomiti<\/title>\n<meta name=\"robots\" content=\"index, follow, max-snippet:-1, max-image-preview:large, max-video-preview:-1\" \/>\n<link rel=\"canonical\" href=\"https:\/\/www.bellunopress.it\/fr\/2026\/06\/07\/dal-quartier-generale-delleurodeputato-vannacci-lintelligenza-artificiale-e-la-nuova-acciaieria-del-xxi-secolo\/\" \/>\n<meta property=\"og:locale\" content=\"fr_FR\" \/>\n<meta property=\"og:type\" content=\"article\" \/>\n<meta property=\"og:title\" content=\"Dal quartier generale dell&#039;eurodeputato Vannacci: l\u2019intelligenza artificiale \u00e8 la nuova acciaieria del XXI secolo - Bellunopress - Dolomiti\" \/>\n<meta property=\"og:description\" content=\"L\u2019Italia si trova a un bivio storico: investire in infrastrutture di calcolo nazionali o rassegnarsi a un futuro da \u00abcolonia digitale\u00bb. Il monito del Centro Studi Rinascimento Nazionale Nel secolo scorso, la forza di una nazione si misurava in tonnellate d\u2019acciaio prodotto. Oggi, nell\u2019era della rivoluzione digitale, il parametro di potenza \u00e8 mutato radicalmente: a [&hellip;]\" \/>\n<meta property=\"og:url\" content=\"https:\/\/www.bellunopress.it\/fr\/2026\/06\/07\/dal-quartier-generale-delleurodeputato-vannacci-lintelligenza-artificiale-e-la-nuova-acciaieria-del-xxi-secolo\/\" \/>\n<meta property=\"og:site_name\" content=\"Bellunopress - Dolomiti\" \/>\n<meta property=\"article:publisher\" content=\"https:\/\/www.facebook.com\/profile.php?id=100008943462799\" \/>\n<meta property=\"article:published_time\" content=\"2026-06-07T12:11:48+00:00\" \/>\n<meta property=\"og:image\" content=\"https:\/\/www.bellunopress.it\/wp-content\/uploads\/2025\/12\/Castello-Sforzini-Tortona.jpg\" \/>\n\t<meta property=\"og:image:width\" content=\"800\" \/>\n\t<meta property=\"og:image:height\" content=\"600\" \/>\n\t<meta property=\"og:image:type\" content=\"image\/jpeg\" \/>\n<meta name=\"author\" content=\"redazione\" \/>\n<meta name=\"twitter:card\" content=\"summary_large_image\" \/>\n<meta name=\"twitter:creator\" content=\"@bellunopress\" \/>\n<meta name=\"twitter:site\" content=\"@bellunopress\" \/>\n<meta name=\"twitter:label1\" content=\"\u00c9crit par\" \/>\n\t<meta name=\"twitter:data1\" content=\"redazione\" \/>\n\t<meta name=\"twitter:label2\" content=\"Dur\u00e9e de lecture estim\u00e9e\" \/>\n\t<meta name=\"twitter:data2\" content=\"3 minutes\" \/>\n<script type=\"application\/ld+json\" class=\"yoast-schema-graph\">{\"@context\":\"https:\\\/\\\/schema.org\",\"@graph\":[{\"@type\":\"Article\",\"@id\":\"https:\\\/\\\/www.bellunopress.it\\\/2026\\\/06\\\/07\\\/dal-quartier-generale-delleurodeputato-vannacci-lintelligenza-artificiale-e-la-nuova-acciaieria-del-xxi-secolo\\\/#article\",\"isPartOf\":{\"@id\":\"https:\\\/\\\/www.bellunopress.it\\\/2026\\\/06\\\/07\\\/dal-quartier-generale-delleurodeputato-vannacci-lintelligenza-artificiale-e-la-nuova-acciaieria-del-xxi-secolo\\\/\"},\"author\":{\"name\":\"redazione\",\"@id\":\"https:\\\/\\\/www.bellunopress.it\\\/#\\\/schema\\\/person\\\/79bb06722b37ece1c03d3e94beb30d73\"},\"headline\":\"Dal quartier generale dell&#8217;eurodeputato Vannacci: l\u2019intelligenza artificiale \u00e8 la nuova acciaieria del XXI secolo\",\"datePublished\":\"2026-06-07T12:11:48+00:00\",\"mainEntityOfPage\":{\"@id\":\"https:\\\/\\\/www.bellunopress.it\\\/2026\\\/06\\\/07\\\/dal-quartier-generale-delleurodeputato-vannacci-lintelligenza-artificiale-e-la-nuova-acciaieria-del-xxi-secolo\\\/\"},\"wordCount\":500,\"publisher\":{\"@id\":\"https:\\\/\\\/www.bellunopress.it\\\/#organization\"},\"image\":{\"@id\":\"https:\\\/\\\/www.bellunopress.it\\\/2026\\\/06\\\/07\\\/dal-quartier-generale-delleurodeputato-vannacci-lintelligenza-artificiale-e-la-nuova-acciaieria-del-xxi-secolo\\\/#primaryimage\"},\"thumbnailUrl\":\"https:\\\/\\\/www.bellunopress.it\\\/wp-content\\\/uploads\\\/2025\\\/12\\\/Castello-Sforzini-Tortona.jpg\",\"articleSection\":[\"Cronaca\\\/Politica\"],\"inLanguage\":\"fr-FR\"},{\"@type\":\"WebPage\",\"@id\":\"https:\\\/\\\/www.bellunopress.it\\\/2026\\\/06\\\/07\\\/dal-quartier-generale-delleurodeputato-vannacci-lintelligenza-artificiale-e-la-nuova-acciaieria-del-xxi-secolo\\\/\",\"url\":\"https:\\\/\\\/www.bellunopress.it\\\/2026\\\/06\\\/07\\\/dal-quartier-generale-delleurodeputato-vannacci-lintelligenza-artificiale-e-la-nuova-acciaieria-del-xxi-secolo\\\/\",\"name\":\"Dal quartier generale dell'eurodeputato Vannacci: l\u2019intelligenza artificiale \u00e8 la nuova acciaieria del XXI secolo - Bellunopress - Dolomiti\",\"isPartOf\":{\"@id\":\"https:\\\/\\\/www.bellunopress.it\\\/#website\"},\"primaryImageOfPage\":{\"@id\":\"https:\\\/\\\/www.bellunopress.it\\\/2026\\\/06\\\/07\\\/dal-quartier-generale-delleurodeputato-vannacci-lintelligenza-artificiale-e-la-nuova-acciaieria-del-xxi-secolo\\\/#primaryimage\"},\"image\":{\"@id\":\"https:\\\/\\\/www.bellunopress.it\\\/2026\\\/06\\\/07\\\/dal-quartier-generale-delleurodeputato-vannacci-lintelligenza-artificiale-e-la-nuova-acciaieria-del-xxi-secolo\\\/#primaryimage\"},\"thumbnailUrl\":\"https:\\\/\\\/www.bellunopress.it\\\/wp-content\\\/uploads\\\/2025\\\/12\\\/Castello-Sforzini-Tortona.jpg\",\"datePublished\":\"2026-06-07T12:11:48+00:00\",\"breadcrumb\":{\"@id\":\"https:\\\/\\\/www.bellunopress.it\\\/2026\\\/06\\\/07\\\/dal-quartier-generale-delleurodeputato-vannacci-lintelligenza-artificiale-e-la-nuova-acciaieria-del-xxi-secolo\\\/#breadcrumb\"},\"inLanguage\":\"fr-FR\",\"potentialAction\":[{\"@type\":\"ReadAction\",\"target\":[\"https:\\\/\\\/www.bellunopress.it\\\/2026\\\/06\\\/07\\\/dal-quartier-generale-delleurodeputato-vannacci-lintelligenza-artificiale-e-la-nuova-acciaieria-del-xxi-secolo\\\/\"]}]},{\"@type\":\"ImageObject\",\"inLanguage\":\"fr-FR\",\"@id\":\"https:\\\/\\\/www.bellunopress.it\\\/2026\\\/06\\\/07\\\/dal-quartier-generale-delleurodeputato-vannacci-lintelligenza-artificiale-e-la-nuova-acciaieria-del-xxi-secolo\\\/#primaryimage\",\"url\":\"https:\\\/\\\/www.bellunopress.it\\\/wp-content\\\/uploads\\\/2025\\\/12\\\/Castello-Sforzini-Tortona.jpg\",\"contentUrl\":\"https:\\\/\\\/www.bellunopress.it\\\/wp-content\\\/uploads\\\/2025\\\/12\\\/Castello-Sforzini-Tortona.jpg\",\"width\":800,\"height\":600,\"caption\":\"Castello Sforzini - Tortona\"},{\"@type\":\"BreadcrumbList\",\"@id\":\"https:\\\/\\\/www.bellunopress.it\\\/2026\\\/06\\\/07\\\/dal-quartier-generale-delleurodeputato-vannacci-lintelligenza-artificiale-e-la-nuova-acciaieria-del-xxi-secolo\\\/#breadcrumb\",\"itemListElement\":[{\"@type\":\"ListItem\",\"position\":1,\"name\":\"Home\",\"item\":\"https:\\\/\\\/www.bellunopress.it\\\/\"},{\"@type\":\"ListItem\",\"position\":2,\"name\":\"Dal quartier generale dell&#8217;eurodeputato Vannacci: l\u2019intelligenza artificiale \u00e8 la nuova acciaieria del XXI secolo\"}]},{\"@type\":\"WebSite\",\"@id\":\"https:\\\/\\\/www.bellunopress.it\\\/#website\",\"url\":\"https:\\\/\\\/www.bellunopress.it\\\/\",\"name\":\"Bellunopress - Dolomiti\",\"description\":\"e-mail: redazione@bellunopress.it\",\"publisher\":{\"@id\":\"https:\\\/\\\/www.bellunopress.it\\\/#organization\"},\"potentialAction\":[{\"@type\":\"SearchAction\",\"target\":{\"@type\":\"EntryPoint\",\"urlTemplate\":\"https:\\\/\\\/www.bellunopress.it\\\/?s={search_term_string}\"},\"query-input\":{\"@type\":\"PropertyValueSpecification\",\"valueRequired\":true,\"valueName\":\"search_term_string\"}}],\"inLanguage\":\"fr-FR\"},{\"@type\":\"Organization\",\"@id\":\"https:\\\/\\\/www.bellunopress.it\\\/#organization\",\"name\":\"Bellunopress\",\"url\":\"https:\\\/\\\/www.bellunopress.it\\\/\",\"logo\":{\"@type\":\"ImageObject\",\"inLanguage\":\"fr-FR\",\"@id\":\"https:\\\/\\\/www.bellunopress.it\\\/#\\\/schema\\\/logo\\\/image\\\/\",\"url\":\"https:\\\/\\\/www.bellunopress.it\\\/wp-content\\\/uploads\\\/2011\\\/05\\\/cropped-logo-bellunopress-.jpg\",\"contentUrl\":\"https:\\\/\\\/www.bellunopress.it\\\/wp-content\\\/uploads\\\/2011\\\/05\\\/cropped-logo-bellunopress-.jpg\",\"width\":512,\"height\":512,\"caption\":\"Bellunopress\"},\"image\":{\"@id\":\"https:\\\/\\\/www.bellunopress.it\\\/#\\\/schema\\\/logo\\\/image\\\/\"},\"sameAs\":[\"https:\\\/\\\/www.facebook.com\\\/profile.php?id=100008943462799\",\"https:\\\/\\\/x.com\\\/bellunopress\",\"https:\\\/\\\/www.linkedin.com\\\/hp\\\/?dnr=JBzUWaJfMUw8vbXJJ2tVW5-I3jZKvC4wsoxE&amp;amp;amp;amp;amp;amp;trk=nav_responsive_tab_home\",\"https:\\\/\\\/www.youtube.com\\\/channel\\\/UCxL0wu1uN0_3_7hGG0306cw\"]},{\"@type\":\"Person\",\"@id\":\"https:\\\/\\\/www.bellunopress.it\\\/#\\\/schema\\\/person\\\/79bb06722b37ece1c03d3e94beb30d73\",\"name\":\"redazione\",\"image\":{\"@type\":\"ImageObject\",\"inLanguage\":\"fr-FR\",\"@id\":\"https:\\\/\\\/secure.gravatar.com\\\/avatar\\\/37d968a2e67a6fd04c169c4bdef102d0bc5d31b2546345219e348575eb80e9a0?s=96&d=mm&r=g\",\"url\":\"https:\\\/\\\/secure.gravatar.com\\\/avatar\\\/37d968a2e67a6fd04c169c4bdef102d0bc5d31b2546345219e348575eb80e9a0?s=96&d=mm&r=g\",\"contentUrl\":\"https:\\\/\\\/secure.gravatar.com\\\/avatar\\\/37d968a2e67a6fd04c169c4bdef102d0bc5d31b2546345219e348575eb80e9a0?s=96&d=mm&r=g\",\"caption\":\"redazione\"},\"sameAs\":[\"http:\\\/\\\/www.bellunopress.it\",\"https:\\\/\\\/x.com\\\/bellunopress\"],\"url\":\"https:\\\/\\\/www.bellunopress.it\\\/fr\\\/author\\\/redazione\\\/\"}]}<\/script>\n<!-- \/ Yoast SEO plugin. -->","yoast_head_json":{"title":"Dal quartier generale dell'eurodeputato Vannacci: l\u2019intelligenza artificiale \u00e8 la nuova acciaieria del XXI secolo - Bellunopress - Dolomiti","robots":{"index":"index","follow":"follow","max-snippet":"max-snippet:-1","max-image-preview":"max-image-preview:large","max-video-preview":"max-video-preview:-1"},"canonical":"https:\/\/www.bellunopress.it\/fr\/2026\/06\/07\/dal-quartier-generale-delleurodeputato-vannacci-lintelligenza-artificiale-e-la-nuova-acciaieria-del-xxi-secolo\/","og_locale":"fr_FR","og_type":"article","og_title":"Dal quartier generale dell'eurodeputato Vannacci: l\u2019intelligenza artificiale \u00e8 la nuova acciaieria del XXI secolo - Bellunopress - Dolomiti","og_description":"L\u2019Italia si trova a un bivio storico: investire in infrastrutture di calcolo nazionali o rassegnarsi a un futuro da \u00abcolonia digitale\u00bb. Il monito del Centro Studi Rinascimento Nazionale Nel secolo scorso, la forza di una nazione si misurava in tonnellate d\u2019acciaio prodotto. Oggi, nell\u2019era della rivoluzione digitale, il parametro di potenza \u00e8 mutato radicalmente: a [&hellip;]","og_url":"https:\/\/www.bellunopress.it\/fr\/2026\/06\/07\/dal-quartier-generale-delleurodeputato-vannacci-lintelligenza-artificiale-e-la-nuova-acciaieria-del-xxi-secolo\/","og_site_name":"Bellunopress - Dolomiti","article_publisher":"https:\/\/www.facebook.com\/profile.php?id=100008943462799","article_published_time":"2026-06-07T12:11:48+00:00","og_image":[{"width":800,"height":600,"url":"https:\/\/www.bellunopress.it\/wp-content\/uploads\/2025\/12\/Castello-Sforzini-Tortona.jpg","type":"image\/jpeg"}],"author":"redazione","twitter_card":"summary_large_image","twitter_creator":"@bellunopress","twitter_site":"@bellunopress","twitter_misc":{"\u00c9crit par":"redazione","Dur\u00e9e de lecture estim\u00e9e":"3 minutes"},"schema":{"@context":"https:\/\/schema.org","@graph":[{"@type":"Article","@id":"https:\/\/www.bellunopress.it\/2026\/06\/07\/dal-quartier-generale-delleurodeputato-vannacci-lintelligenza-artificiale-e-la-nuova-acciaieria-del-xxi-secolo\/#article","isPartOf":{"@id":"https:\/\/www.bellunopress.it\/2026\/06\/07\/dal-quartier-generale-delleurodeputato-vannacci-lintelligenza-artificiale-e-la-nuova-acciaieria-del-xxi-secolo\/"},"author":{"name":"redazione","@id":"https:\/\/www.bellunopress.it\/#\/schema\/person\/79bb06722b37ece1c03d3e94beb30d73"},"headline":"Dal quartier generale dell&#8217;eurodeputato Vannacci: l\u2019intelligenza artificiale \u00e8 la nuova acciaieria del XXI secolo","datePublished":"2026-06-07T12:11:48+00:00","mainEntityOfPage":{"@id":"https:\/\/www.bellunopress.it\/2026\/06\/07\/dal-quartier-generale-delleurodeputato-vannacci-lintelligenza-artificiale-e-la-nuova-acciaieria-del-xxi-secolo\/"},"wordCount":500,"publisher":{"@id":"https:\/\/www.bellunopress.it\/#organization"},"image":{"@id":"https:\/\/www.bellunopress.it\/2026\/06\/07\/dal-quartier-generale-delleurodeputato-vannacci-lintelligenza-artificiale-e-la-nuova-acciaieria-del-xxi-secolo\/#primaryimage"},"thumbnailUrl":"https:\/\/www.bellunopress.it\/wp-content\/uploads\/2025\/12\/Castello-Sforzini-Tortona.jpg","articleSection":["Cronaca\/Politica"],"inLanguage":"fr-FR"},{"@type":"WebPage","@id":"https:\/\/www.bellunopress.it\/2026\/06\/07\/dal-quartier-generale-delleurodeputato-vannacci-lintelligenza-artificiale-e-la-nuova-acciaieria-del-xxi-secolo\/","url":"https:\/\/www.bellunopress.it\/2026\/06\/07\/dal-quartier-generale-delleurodeputato-vannacci-lintelligenza-artificiale-e-la-nuova-acciaieria-del-xxi-secolo\/","name":"Dal quartier generale dell'eurodeputato Vannacci: l\u2019intelligenza artificiale \u00e8 la nuova acciaieria del XXI secolo - Bellunopress - Dolomiti","isPartOf":{"@id":"https:\/\/www.bellunopress.it\/#website"},"primaryImageOfPage":{"@id":"https:\/\/www.bellunopress.it\/2026\/06\/07\/dal-quartier-generale-delleurodeputato-vannacci-lintelligenza-artificiale-e-la-nuova-acciaieria-del-xxi-secolo\/#primaryimage"},"image":{"@id":"https:\/\/www.bellunopress.it\/2026\/06\/07\/dal-quartier-generale-delleurodeputato-vannacci-lintelligenza-artificiale-e-la-nuova-acciaieria-del-xxi-secolo\/#primaryimage"},"thumbnailUrl":"https:\/\/www.bellunopress.it\/wp-content\/uploads\/2025\/12\/Castello-Sforzini-Tortona.jpg","datePublished":"2026-06-07T12:11:48+00:00","breadcrumb":{"@id":"https:\/\/www.bellunopress.it\/2026\/06\/07\/dal-quartier-generale-delleurodeputato-vannacci-lintelligenza-artificiale-e-la-nuova-acciaieria-del-xxi-secolo\/#breadcrumb"},"inLanguage":"fr-FR","potentialAction":[{"@type":"ReadAction","target":["https:\/\/www.bellunopress.it\/2026\/06\/07\/dal-quartier-generale-delleurodeputato-vannacci-lintelligenza-artificiale-e-la-nuova-acciaieria-del-xxi-secolo\/"]}]},{"@type":"ImageObject","inLanguage":"fr-FR","@id":"https:\/\/www.bellunopress.it\/2026\/06\/07\/dal-quartier-generale-delleurodeputato-vannacci-lintelligenza-artificiale-e-la-nuova-acciaieria-del-xxi-secolo\/#primaryimage","url":"https:\/\/www.bellunopress.it\/wp-content\/uploads\/2025\/12\/Castello-Sforzini-Tortona.jpg","contentUrl":"https:\/\/www.bellunopress.it\/wp-content\/uploads\/2025\/12\/Castello-Sforzini-Tortona.jpg","width":800,"height":600,"caption":"Castello Sforzini - Tortona"},{"@type":"BreadcrumbList","@id":"https:\/\/www.bellunopress.it\/2026\/06\/07\/dal-quartier-generale-delleurodeputato-vannacci-lintelligenza-artificiale-e-la-nuova-acciaieria-del-xxi-secolo\/#breadcrumb","itemListElement":[{"@type":"ListItem","position":1,"name":"Home","item":"https:\/\/www.bellunopress.it\/"},{"@type":"ListItem","position":2,"name":"Dal quartier generale dell&#8217;eurodeputato Vannacci: l\u2019intelligenza artificiale \u00e8 la nuova acciaieria del XXI secolo"}]},{"@type":"WebSite","@id":"https:\/\/www.bellunopress.it\/#website","url":"https:\/\/www.bellunopress.it\/","name":"Bellunopress - Dolomiti","description":"e-mail: redazione@bellunopress.it","publisher":{"@id":"https:\/\/www.bellunopress.it\/#organization"},"potentialAction":[{"@type":"SearchAction","target":{"@type":"EntryPoint","urlTemplate":"https:\/\/www.bellunopress.it\/?s={search_term_string}"},"query-input":{"@type":"PropertyValueSpecification","valueRequired":true,"valueName":"search_term_string"}}],"inLanguage":"fr-FR"},{"@type":"Organization","@id":"https:\/\/www.bellunopress.it\/#organization","name":"Bellunopress","url":"https:\/\/www.bellunopress.it\/","logo":{"@type":"ImageObject","inLanguage":"fr-FR","@id":"https:\/\/www.bellunopress.it\/#\/schema\/logo\/image\/","url":"https:\/\/www.bellunopress.it\/wp-content\/uploads\/2011\/05\/cropped-logo-bellunopress-.jpg","contentUrl":"https:\/\/www.bellunopress.it\/wp-content\/uploads\/2011\/05\/cropped-logo-bellunopress-.jpg","width":512,"height":512,"caption":"Bellunopress"},"image":{"@id":"https:\/\/www.bellunopress.it\/#\/schema\/logo\/image\/"},"sameAs":["https:\/\/www.facebook.com\/profile.php?id=100008943462799","https:\/\/x.com\/bellunopress","https:\/\/www.linkedin.com\/hp\/?dnr=JBzUWaJfMUw8vbXJJ2tVW5-I3jZKvC4wsoxE&amp;amp;amp;amp;amp;amp;trk=nav_responsive_tab_home","https:\/\/www.youtube.com\/channel\/UCxL0wu1uN0_3_7hGG0306cw"]},{"@type":"Person","@id":"https:\/\/www.bellunopress.it\/#\/schema\/person\/79bb06722b37ece1c03d3e94beb30d73","name":"r\u00e9daction","image":{"@type":"ImageObject","inLanguage":"fr-FR","@id":"https:\/\/secure.gravatar.com\/avatar\/37d968a2e67a6fd04c169c4bdef102d0bc5d31b2546345219e348575eb80e9a0?s=96&d=mm&r=g","url":"https:\/\/secure.gravatar.com\/avatar\/37d968a2e67a6fd04c169c4bdef102d0bc5d31b2546345219e348575eb80e9a0?s=96&d=mm&r=g","contentUrl":"https:\/\/secure.gravatar.com\/avatar\/37d968a2e67a6fd04c169c4bdef102d0bc5d31b2546345219e348575eb80e9a0?s=96&d=mm&r=g","caption":"redazione"},"sameAs":["http:\/\/www.bellunopress.it","https:\/\/x.com\/bellunopress"],"url":"https:\/\/www.bellunopress.it\/fr\/author\/redazione\/"}]}},"_links":{"self":[{"href":"https:\/\/www.bellunopress.it\/fr\/wp-json\/wp\/v2\/posts\/170794","targetHints":{"allow":["GET"]}}],"collection":[{"href":"https:\/\/www.bellunopress.it\/fr\/wp-json\/wp\/v2\/posts"}],"about":[{"href":"https:\/\/www.bellunopress.it\/fr\/wp-json\/wp\/v2\/types\/post"}],"author":[{"embeddable":true,"href":"https:\/\/www.bellunopress.it\/fr\/wp-json\/wp\/v2\/users\/2"}],"replies":[{"embeddable":true,"href":"https:\/\/www.bellunopress.it\/fr\/wp-json\/wp\/v2\/comments?post=170794"}],"version-history":[{"count":1,"href":"https:\/\/www.bellunopress.it\/fr\/wp-json\/wp\/v2\/posts\/170794\/revisions"}],"predecessor-version":[{"id":170795,"href":"https:\/\/www.bellunopress.it\/fr\/wp-json\/wp\/v2\/posts\/170794\/revisions\/170795"}],"wp:featuredmedia":[{"embeddable":true,"href":"https:\/\/www.bellunopress.it\/fr\/wp-json\/wp\/v2\/media\/165487"}],"wp:attachment":[{"href":"https:\/\/www.bellunopress.it\/fr\/wp-json\/wp\/v2\/media?parent=170794"}],"wp:term":[{"taxonomy":"category","embeddable":true,"href":"https:\/\/www.bellunopress.it\/fr\/wp-json\/wp\/v2\/categories?post=170794"},{"taxonomy":"post_tag","embeddable":true,"href":"https:\/\/www.bellunopress.it\/fr\/wp-json\/wp\/v2\/tags?post=170794"}],"curies":[{"name":"wp","href":"https:\/\/api.w.org\/{rel}","templated":true}]}}